{"id":116770,"date":"2022-02-16T13:08:21","date_gmt":"2022-02-16T17:08:21","guid":{"rendered":"https:\/\/potenciaradiofonicadominicana.com\/portal\/?p=116770"},"modified":"2022-02-16T13:08:21","modified_gmt":"2022-02-16T17:08:21","slug":"ministro-de-agricultura-viaja-a-panama-para-dar-seguimiento-a-proyectos-regionales","status":"publish","type":"post","link":"https:\/\/potenciaradiofonicadominicana.com\/portal\/ministro-de-agricultura-viaja-a-panama-para-dar-seguimiento-a-proyectos-regionales\/","title":{"rendered":"Ministro de Agricultura viaja a Panam\u00e1 para dar seguimiento a proyectos regionales"},"content":{"rendered":"<p><a href=\"https:\/\/potenciaradiofonicadominicana.com\/portal\/wp-content\/uploads\/2022\/02\/limber-cruz-d29604ed-focus-0.25-0.11-895-573.jpg\"><img loading=\"lazy\" decoding=\"async\" class=\"alignnone size-full wp-image-116771\" src=\"https:\/\/potenciaradiofonicadominicana.com\/portal\/wp-content\/uploads\/2022\/02\/limber-cruz-d29604ed-focus-0.25-0.11-895-573.jpg\" alt=\"\" width=\"895\" height=\"573\" srcset=\"https:\/\/potenciaradiofonicadominicana.com\/portal\/wp-content\/uploads\/2022\/02\/limber-cruz-d29604ed-focus-0.25-0.11-895-573.jpg 895w, https:\/\/potenciaradiofonicadominicana.com\/portal\/wp-content\/uploads\/2022\/02\/limber-cruz-d29604ed-focus-0.25-0.11-895-573-300x192.jpg 300w, https:\/\/potenciaradiofonicadominicana.com\/portal\/wp-content\/uploads\/2022\/02\/limber-cruz-d29604ed-focus-0.25-0.11-895-573-768x492.jpg 768w\" sizes=\"auto, (max-width: 895px) 100vw, 895px\" \/><\/a><\/p>\n<p>El\u00a0ministro de Agricultura,\u00a0Limber Cruz, partir\u00e1 hoy hacia\u00a0Panam\u00e1\u00a0para participar, junto a sus hom\u00f3logos de Centroam\u00e9rica y el\u00a0Caribe\u00a0miembros de la\u00a0Comisi\u00f3n Centroamericana de Ambiente y Desarrollo\u00a0(CCAD), en el seguimiento a los proyectos regionales que se ejecutan en favor de la agropecuaria y el medioambiente.<\/p>\n<p>La\u00a0Rep\u00fablica Dominicana\u00a0participa como miembro pleno del Sistema de la Integraci\u00f3n Centroamericana (SICA), al igual que Guatemala, El Salvador, Honduras, Nicaragua, Costa Rica y Belice, siendo\u00a0Panam\u00e1\u00a0la sede de la Reuni\u00f3n Intersectorial de los Ministros de\u00a0Agricultura, Ambiente y Salud de Centroam\u00e9rica, que se desarrollar\u00e1 del 17 al 19 de febrero.<\/p>\n<p>Durante el encuentro se realizar\u00e1n reuniones convocadas por el ministro de Desarrollo Agropecuario de\u00a0Panam\u00e1\u00a0y presidente pro tempore de la secretar\u00eda ejecutiva de la CCAD, Augusto Valderrama.<\/p>\n<p>La\u00a0Comisi\u00f3n Centroamericana de Ambiente y Desarrollo\u00a0es el \u00f3rgano del\u00a0SICA\u00a0responsable de la agenda ambiental regional. Su objetivo principal es contribuir al desarrollo sostenible de la regi\u00f3n centroamericana, al fortalecer el r\u00e9gimen de cooperaci\u00f3n e integraci\u00f3n para la gesti\u00f3n ambiental.<\/p>\n","protected":false},"excerpt":{"rendered":"<p>El\u00a0ministro de Agricultura,\u00a0Limber Cruz, partir\u00e1 hoy hacia\u00a0Panam\u00e1\u00a0para participar, junto a sus hom\u00f3logos de Centroam\u00e9rica y el\u00a0Caribe\u00a0miembros de la\u00a0Comisi\u00f3n Centroamericana de &#8230;<\/p>\n","protected":false},"author":2,"featured_media":116771,"comment_status":"closed","ping_status":"closed","sticky":false,"template":"","format":"standard","meta":{"footnotes":""},"categories":[26],"tags":[],"class_list":["post-116770","post","type-post","status-publish","format-standard","has-post-thumbnail","hentry","category-economia"],"yoast_head":"<!-- This site is optimized with the Yoast SEO plugin v24.8.1 - https:\/\/yoast.com\/wordpress\/plugins\/seo\/ -->\n<title>Ministro de Agricultura viaja a Panam\u00e1 para dar seguimiento a proyectos regionales - PotenciaRadiofonicaDominicana.com<\/title>\n<meta name=\"robots\" content=\"index, follow, max-snippet:-1, max-image-preview:large, max-video-preview:-1\" \/>\n<link rel=\"canonical\" href=\"https:\/\/potenciaradiofonicadominicana.com\/portal\/ministro-de-agricultura-viaja-a-panama-para-dar-seguimiento-a-proyectos-regionales\/\" \/>\n<meta property=\"og:locale\" content=\"es_ES\" \/>\n<meta property=\"og:type\" content=\"article\" \/>\n<meta property=\"og:title\" content=\"Ministro de Agricultura viaja a Panam\u00e1 para dar seguimiento a proyectos regionales - PotenciaRadiofonicaDominicana.com\" \/>\n<meta property=\"og:description\" content=\"El\u00a0ministro de Agricultura,\u00a0Limber Cruz, partir\u00e1 hoy hacia\u00a0Panam\u00e1\u00a0para participar, junto a sus hom\u00f3logos de Centroam\u00e9rica y el\u00a0Caribe\u00a0miembros de la\u00a0Comisi\u00f3n Centroamericana de ...\" \/>\n<meta property=\"og:url\" content=\"https:\/\/potenciaradiofonicadominicana.com\/portal\/ministro-de-agricultura-viaja-a-panama-para-dar-seguimiento-a-proyectos-regionales\/\" \/>\n<meta property=\"og:site_name\" content=\"PotenciaRadiofonicaDominicana.com\" \/>\n<meta property=\"article:publisher\" content=\"https:\/\/web.facebook.com\/PotenciaRadiofonicaD\" \/>\n<meta property=\"article:published_time\" content=\"2022-02-16T17:08:21+00:00\" \/>\n<meta property=\"og:image\" content=\"https:\/\/potenciaradiofonicadominicana.com\/portal\/wp-content\/uploads\/2022\/02\/limber-cruz-d29604ed-focus-0.25-0.11-895-573.jpg\" \/>\n\t<meta property=\"og:image:width\" content=\"895\" \/>\n\t<meta property=\"og:image:height\" content=\"573\" \/>\n\t<meta property=\"og:image:type\" content=\"image\/jpeg\" \/>\n<meta name=\"author\" content=\"Potencia Radiof\u00f3nica Dominicana\" \/>\n<meta name=\"twitter:card\" content=\"summary_large_image\" \/>\n<meta name=\"twitter:label1\" content=\"Escrito por\" \/>\n\t<meta name=\"twitter:data1\" content=\"Potencia Radiof\u00f3nica Dominicana\" \/>\n\t<meta name=\"twitter:label2\" content=\"Tiempo de lectura\" \/>\n\t<meta name=\"twitter:data2\" content=\"1 minuto\" \/>\n<script type=\"application\/ld+json\" class=\"yoast-schema-graph\">{\"@context\":\"https:\/\/schema.org\",\"@graph\":[{\"@type\":\"Article\",\"@id\":\"https:\/\/potenciaradiofonicadominicana.com\/portal\/ministro-de-agricultura-viaja-a-panama-para-dar-seguimiento-a-proyectos-regionales\/#article\",\"isPartOf\":{\"@id\":\"https:\/\/potenciaradiofonicadominicana.com\/portal\/ministro-de-agricultura-viaja-a-panama-para-dar-seguimiento-a-proyectos-regionales\/\"},\"author\":{\"name\":\"Potencia Radiof\u00f3nica Dominicana\",\"@id\":\"https:\/\/potenciaradiofonicadominicana.com\/portal\/#\/schema\/person\/a5cf1fea13877803ee0573ac18b03490\"},\"headline\":\"Ministro de Agricultura viaja a Panam\u00e1 para dar seguimiento a proyectos regionales\",\"datePublished\":\"2022-02-16T17:08:21+00:00\",\"mainEntityOfPage\":{\"@id\":\"https:\/\/potenciaradiofonicadominicana.com\/portal\/ministro-de-agricultura-viaja-a-panama-para-dar-seguimiento-a-proyectos-regionales\/\"},\"wordCount\":197,\"publisher\":{\"@id\":\"https:\/\/potenciaradiofonicadominicana.com\/portal\/#organization\"},\"image\":{\"@id\":\"https:\/\/potenciaradiofonicadominicana.com\/portal\/ministro-de-agricultura-viaja-a-panama-para-dar-seguimiento-a-proyectos-regionales\/#primaryimage\"},\"thumbnailUrl\":\"https:\/\/potenciaradiofonicadominicana.com\/portal\/wp-content\/uploads\/2022\/02\/limber-cruz-d29604ed-focus-0.25-0.11-895-573.jpg\",\"articleSection\":[\"Econom\u00eda\"],\"inLanguage\":\"es\"},{\"@type\":\"WebPage\",\"@id\":\"https:\/\/potenciaradiofonicadominicana.com\/portal\/ministro-de-agricultura-viaja-a-panama-para-dar-seguimiento-a-proyectos-regionales\/\",\"url\":\"https:\/\/potenciaradiofonicadominicana.com\/portal\/ministro-de-agricultura-viaja-a-panama-para-dar-seguimiento-a-proyectos-regionales\/\",\"name\":\"Ministro de Agricultura viaja a Panam\u00e1 para dar seguimiento a proyectos regionales - PotenciaRadiofonicaDominicana.com\",\"isPartOf\":{\"@id\":\"https:\/\/potenciaradiofonicadominicana.com\/portal\/#website\"},\"primaryImageOfPage\":{\"@id\":\"https:\/\/potenciaradiofonicadominicana.com\/portal\/ministro-de-agricultura-viaja-a-panama-para-dar-seguimiento-a-proyectos-regionales\/#primaryimage\"},\"image\":{\"@id\":\"https:\/\/potenciaradiofonicadominicana.com\/portal\/ministro-de-agricultura-viaja-a-panama-para-dar-seguimiento-a-proyectos-regionales\/#primaryimage\"},\"thumbnailUrl\":\"https:\/\/potenciaradiofonicadominicana.com\/portal\/wp-content\/uploads\/2022\/02\/limber-cruz-d29604ed-focus-0.25-0.11-895-573.jpg\",\"datePublished\":\"2022-02-16T17:08:21+00:00\",\"breadcrumb\":{\"@id\":\"https:\/\/potenciaradiofonicadominicana.com\/portal\/ministro-de-agricultura-viaja-a-panama-para-dar-seguimiento-a-proyectos-regionales\/#breadcrumb\"},\"inLanguage\":\"es\",\"potentialAction\":[{\"@type\":\"ReadAction\",\"target\":[\"https:\/\/potenciaradiofonicadominicana.com\/portal\/ministro-de-agricultura-viaja-a-panama-para-dar-seguimiento-a-proyectos-regionales\/\"]}]},{\"@type\":\"ImageObject\",\"inLanguage\":\"es\",\"@id\":\"https:\/\/potenciaradiofonicadominicana.com\/portal\/ministro-de-agricultura-viaja-a-panama-para-dar-seguimiento-a-proyectos-regionales\/#primaryimage\",\"url\":\"https:\/\/potenciaradiofonicadominicana.com\/portal\/wp-content\/uploads\/2022\/02\/limber-cruz-d29604ed-focus-0.25-0.11-895-573.jpg\",\"contentUrl\":\"https:\/\/potenciaradiofonicadominicana.com\/portal\/wp-content\/uploads\/2022\/02\/limber-cruz-d29604ed-focus-0.25-0.11-895-573.jpg\",\"width\":895,\"height\":573},{\"@type\":\"BreadcrumbList\",\"@id\":\"https:\/\/potenciaradiofonicadominicana.com\/portal\/ministro-de-agricultura-viaja-a-panama-para-dar-seguimiento-a-proyectos-regionales\/#breadcrumb\",\"itemListElement\":[{\"@type\":\"ListItem\",\"position\":1,\"name\":\"Portada\",\"item\":\"https:\/\/potenciaradiofonicadominicana.com\/portal\/\"},{\"@type\":\"ListItem\",\"position\":2,\"name\":\"Ministro de Agricultura viaja a Panam\u00e1 para dar seguimiento a proyectos regionales\"}]},{\"@type\":\"WebSite\",\"@id\":\"https:\/\/potenciaradiofonicadominicana.com\/portal\/#website\",\"url\":\"https:\/\/potenciaradiofonicadominicana.com\/portal\/\",\"name\":\"PotenciaRadiofonicaDominicana.com\",\"description\":\"Peri\u00f3dico Digital\",\"publisher\":{\"@id\":\"https:\/\/potenciaradiofonicadominicana.com\/portal\/#organization\"},\"potentialAction\":[{\"@type\":\"SearchAction\",\"target\":{\"@type\":\"EntryPoint\",\"urlTemplate\":\"https:\/\/potenciaradiofonicadominicana.com\/portal\/?s={search_term_string}\"},\"query-input\":{\"@type\":\"PropertyValueSpecification\",\"valueRequired\":true,\"valueName\":\"search_term_string\"}}],\"inLanguage\":\"es\"},{\"@type\":\"Organization\",\"@id\":\"https:\/\/potenciaradiofonicadominicana.com\/portal\/#organization\",\"name\":\"PotenciaRadiofonicaDominicana.com\",\"url\":\"https:\/\/potenciaradiofonicadominicana.com\/portal\/\",\"logo\":{\"@type\":\"ImageObject\",\"inLanguage\":\"es\",\"@id\":\"https:\/\/potenciaradiofonicadominicana.com\/portal\/#\/schema\/logo\/image\/\",\"url\":\"https:\/\/potenciaradiofonicadominicana.com\/portal\/wp-content\/uploads\/2022\/01\/descarga.png\",\"contentUrl\":\"https:\/\/potenciaradiofonicadominicana.com\/portal\/wp-content\/uploads\/2022\/01\/descarga.png\",\"width\":300,\"height\":100,\"caption\":\"PotenciaRadiofonicaDominicana.com\"},\"image\":{\"@id\":\"https:\/\/potenciaradiofonicadominicana.com\/portal\/#\/schema\/logo\/image\/\"},\"sameAs\":[\"https:\/\/web.facebook.com\/PotenciaRadiofonicaD\"]},{\"@type\":\"Person\",\"@id\":\"https:\/\/potenciaradiofonicadominicana.com\/portal\/#\/schema\/person\/a5cf1fea13877803ee0573ac18b03490\",\"name\":\"Potencia Radiof\u00f3nica Dominicana\",\"image\":{\"@type\":\"ImageObject\",\"inLanguage\":\"es\",\"@id\":\"https:\/\/potenciaradiofonicadominicana.com\/portal\/#\/schema\/person\/image\/\",\"url\":\"https:\/\/secure.gravatar.com\/avatar\/42a55ab9e8ccc656ba34cd791990602a?s=96&d=mm&r=g\",\"contentUrl\":\"https:\/\/secure.gravatar.com\/avatar\/42a55ab9e8ccc656ba34cd791990602a?s=96&d=mm&r=g\",\"caption\":\"Potencia Radiof\u00f3nica Dominicana\"},\"url\":\"https:\/\/potenciaradiofonicadominicana.com\/portal\/author\/johannyalmanzar\/\"}]}<\/script>\n<!-- \/ Yoast SEO plugin. -->","yoast_head_json":{"title":"Ministro de Agricultura viaja a Panam\u00e1 para dar seguimiento a proyectos regionales - PotenciaRadiofonicaDominicana.com","robots":{"index":"index","follow":"follow","max-snippet":"max-snippet:-1","max-image-preview":"max-image-preview:large","max-video-preview":"max-video-preview:-1"},"canonical":"https:\/\/potenciaradiofonicadominicana.com\/portal\/ministro-de-agricultura-viaja-a-panama-para-dar-seguimiento-a-proyectos-regionales\/","og_locale":"es_ES","og_type":"article","og_title":"Ministro de Agricultura viaja a Panam\u00e1 para dar seguimiento a proyectos regionales - PotenciaRadiofonicaDominicana.com","og_description":"El\u00a0ministro de Agricultura,\u00a0Limber Cruz, partir\u00e1 hoy hacia\u00a0Panam\u00e1\u00a0para participar, junto a sus hom\u00f3logos de Centroam\u00e9rica y el\u00a0Caribe\u00a0miembros de la\u00a0Comisi\u00f3n Centroamericana de ...","og_url":"https:\/\/potenciaradiofonicadominicana.com\/portal\/ministro-de-agricultura-viaja-a-panama-para-dar-seguimiento-a-proyectos-regionales\/","og_site_name":"PotenciaRadiofonicaDominicana.com","article_publisher":"https:\/\/web.facebook.com\/PotenciaRadiofonicaD","article_published_time":"2022-02-16T17:08:21+00:00","og_image":[{"width":895,"height":573,"url":"https:\/\/potenciaradiofonicadominicana.com\/portal\/wp-content\/uploads\/2022\/02\/limber-cruz-d29604ed-focus-0.25-0.11-895-573.jpg","type":"image\/jpeg"}],"author":"Potencia Radiof\u00f3nica Dominicana","twitter_card":"summary_large_image","twitter_misc":{"Escrito por":"Potencia Radiof\u00f3nica Dominicana","Tiempo de lectura":"1 minuto"},"schema":{"@context":"https:\/\/schema.org","@graph":[{"@type":"Article","@id":"https:\/\/potenciaradiofonicadominicana.com\/portal\/ministro-de-agricultura-viaja-a-panama-para-dar-seguimiento-a-proyectos-regionales\/#article","isPartOf":{"@id":"https:\/\/potenciaradiofonicadominicana.com\/portal\/ministro-de-agricultura-viaja-a-panama-para-dar-seguimiento-a-proyectos-regionales\/"},"author":{"name":"Potencia Radiof\u00f3nica Dominicana","@id":"https:\/\/potenciaradiofonicadominicana.com\/portal\/#\/schema\/person\/a5cf1fea13877803ee0573ac18b03490"},"headline":"Ministro de Agricultura viaja a Panam\u00e1 para dar seguimiento a proyectos regionales","datePublished":"2022-02-16T17:08:21+00:00","mainEntityOfPage":{"@id":"https:\/\/potenciaradiofonicadominicana.com\/portal\/ministro-de-agricultura-viaja-a-panama-para-dar-seguimiento-a-proyectos-regionales\/"},"wordCount":197,"publisher":{"@id":"https:\/\/potenciaradiofonicadominicana.com\/portal\/#organization"},"image":{"@id":"https:\/\/potenciaradiofonicadominicana.com\/portal\/ministro-de-agricultura-viaja-a-panama-para-dar-seguimiento-a-proyectos-regionales\/#primaryimage"},"thumbnailUrl":"https:\/\/potenciaradiofonicadominicana.com\/portal\/wp-content\/uploads\/2022\/02\/limber-cruz-d29604ed-focus-0.25-0.11-895-573.jpg","articleSection":["Econom\u00eda"],"inLanguage":"es"},{"@type":"WebPage","@id":"https:\/\/potenciaradiofonicadominicana.com\/portal\/ministro-de-agricultura-viaja-a-panama-para-dar-seguimiento-a-proyectos-regionales\/","url":"https:\/\/potenciaradiofonicadominicana.com\/portal\/ministro-de-agricultura-viaja-a-panama-para-dar-seguimiento-a-proyectos-regionales\/","name":"Ministro de Agricultura viaja a Panam\u00e1 para dar seguimiento a proyectos regionales - PotenciaRadiofonicaDominicana.com","isPartOf":{"@id":"https:\/\/potenciaradiofonicadominicana.com\/portal\/#website"},"primaryImageOfPage":{"@id":"https:\/\/potenciaradiofonicadominicana.com\/portal\/ministro-de-agricultura-viaja-a-panama-para-dar-seguimiento-a-proyectos-regionales\/#primaryimage"},"image":{"@id":"https:\/\/potenciaradiofonicadominicana.com\/portal\/ministro-de-agricultura-viaja-a-panama-para-dar-seguimiento-a-proyectos-regionales\/#primaryimage"},"thumbnailUrl":"https:\/\/potenciaradiofonicadominicana.com\/portal\/wp-content\/uploads\/2022\/02\/limber-cruz-d29604ed-focus-0.25-0.11-895-573.jpg","datePublished":"2022-02-16T17:08:21+00:00","breadcrumb":{"@id":"https:\/\/potenciaradiofonicadominicana.com\/portal\/ministro-de-agricultura-viaja-a-panama-para-dar-seguimiento-a-proyectos-regionales\/#breadcrumb"},"inLanguage":"es","potentialAction":[{"@type":"ReadAction","target":["https:\/\/potenciaradiofonicadominicana.com\/portal\/ministro-de-agricultura-viaja-a-panama-para-dar-seguimiento-a-proyectos-regionales\/"]}]},{"@type":"ImageObject","inLanguage":"es","@id":"https:\/\/potenciaradiofonicadominicana.com\/portal\/ministro-de-agricultura-viaja-a-panama-para-dar-seguimiento-a-proyectos-regionales\/#primaryimage","url":"https:\/\/potenciaradiofonicadominicana.com\/portal\/wp-content\/uploads\/2022\/02\/limber-cruz-d29604ed-focus-0.25-0.11-895-573.jpg","contentUrl":"https:\/\/potenciaradiofonicadominicana.com\/portal\/wp-content\/uploads\/2022\/02\/limber-cruz-d29604ed-focus-0.25-0.11-895-573.jpg","width":895,"height":573},{"@type":"BreadcrumbList","@id":"https:\/\/potenciaradiofonicadominicana.com\/portal\/ministro-de-agricultura-viaja-a-panama-para-dar-seguimiento-a-proyectos-regionales\/#breadcrumb","itemListElement":[{"@type":"ListItem","position":1,"name":"Portada","item":"https:\/\/potenciaradiofonicadominicana.com\/portal\/"},{"@type":"ListItem","position":2,"name":"Ministro de Agricultura viaja a Panam\u00e1 para dar seguimiento a proyectos regionales"}]},{"@type":"WebSite","@id":"https:\/\/potenciaradiofonicadominicana.com\/portal\/#website","url":"https:\/\/potenciaradiofonicadominicana.com\/portal\/","name":"PotenciaRadiofonicaDominicana.com","description":"Peri\u00f3dico Digital","publisher":{"@id":"https:\/\/potenciaradiofonicadominicana.com\/portal\/#organization"},"potentialAction":[{"@type":"SearchAction","target":{"@type":"EntryPoint","urlTemplate":"https:\/\/potenciaradiofonicadominicana.com\/portal\/?s={search_term_string}"},"query-input":{"@type":"PropertyValueSpecification","valueRequired":true,"valueName":"search_term_string"}}],"inLanguage":"es"},{"@type":"Organization","@id":"https:\/\/potenciaradiofonicadominicana.com\/portal\/#organization","name":"PotenciaRadiofonicaDominicana.com","url":"https:\/\/potenciaradiofonicadominicana.com\/portal\/","logo":{"@type":"ImageObject","inLanguage":"es","@id":"https:\/\/potenciaradiofonicadominicana.com\/portal\/#\/schema\/logo\/image\/","url":"https:\/\/potenciaradiofonicadominicana.com\/portal\/wp-content\/uploads\/2022\/01\/descarga.png","contentUrl":"https:\/\/potenciaradiofonicadominicana.com\/portal\/wp-content\/uploads\/2022\/01\/descarga.png","width":300,"height":100,"caption":"PotenciaRadiofonicaDominicana.com"},"image":{"@id":"https:\/\/potenciaradiofonicadominicana.com\/portal\/#\/schema\/logo\/image\/"},"sameAs":["https:\/\/web.facebook.com\/PotenciaRadiofonicaD"]},{"@type":"Person","@id":"https:\/\/potenciaradiofonicadominicana.com\/portal\/#\/schema\/person\/a5cf1fea13877803ee0573ac18b03490","name":"Potencia Radiof\u00f3nica Dominicana","image":{"@type":"ImageObject","inLanguage":"es","@id":"https:\/\/potenciaradiofonicadominicana.com\/portal\/#\/schema\/person\/image\/","url":"https:\/\/secure.gravatar.com\/avatar\/42a55ab9e8ccc656ba34cd791990602a?s=96&d=mm&r=g","contentUrl":"https:\/\/secure.gravatar.com\/avatar\/42a55ab9e8ccc656ba34cd791990602a?s=96&d=mm&r=g","caption":"Potencia Radiof\u00f3nica Dominicana"},"url":"https:\/\/potenciaradiofonicadominicana.com\/portal\/author\/johannyalmanzar\/"}]}},"_links":{"self":[{"href":"https:\/\/potenciaradiofonicadominicana.com\/portal\/wp-json\/wp\/v2\/posts\/116770","targetHints":{"allow":["GET"]}}],"collection":[{"href":"https:\/\/potenciaradiofonicadominicana.com\/portal\/wp-json\/wp\/v2\/posts"}],"about":[{"href":"https:\/\/potenciaradiofonicadominicana.com\/portal\/wp-json\/wp\/v2\/types\/post"}],"author":[{"embeddable":true,"href":"https:\/\/potenciaradiofonicadominicana.com\/portal\/wp-json\/wp\/v2\/users\/2"}],"replies":[{"embeddable":true,"href":"https:\/\/potenciaradiofonicadominicana.com\/portal\/wp-json\/wp\/v2\/comments?post=116770"}],"version-history":[{"count":1,"href":"https:\/\/potenciaradiofonicadominicana.com\/portal\/wp-json\/wp\/v2\/posts\/116770\/revisions"}],"predecessor-version":[{"id":116772,"href":"https:\/\/potenciaradiofonicadominicana.com\/portal\/wp-json\/wp\/v2\/posts\/116770\/revisions\/116772"}],"wp:featuredmedia":[{"embeddable":true,"href":"https:\/\/potenciaradiofonicadominicana.com\/portal\/wp-json\/wp\/v2\/media\/116771"}],"wp:attachment":[{"href":"https:\/\/potenciaradiofonicadominicana.com\/portal\/wp-json\/wp\/v2\/media?parent=116770"}],"wp:term":[{"taxonomy":"category","embeddable":true,"href":"https:\/\/potenciaradiofonicadominicana.com\/portal\/wp-json\/wp\/v2\/categories?post=116770"},{"taxonomy":"post_tag","embeddable":true,"href":"https:\/\/potenciaradiofonicadominicana.com\/portal\/wp-json\/wp\/v2\/tags?post=116770"}],"curies":[{"name":"wp","href":"https:\/\/api.w.org\/{rel}","templated":true}]}}