{"id":116767,"date":"2022-02-16T13:01:25","date_gmt":"2022-02-16T17:01:25","guid":{"rendered":"https:\/\/potenciaradiofonicadominicana.com\/portal\/?p=116767"},"modified":"2022-02-16T13:01:25","modified_gmt":"2022-02-16T17:01:25","slug":"el-petroleo-de-texas-abre-con-un-alza-del-151-hasta-9346-dolares","status":"publish","type":"post","link":"https:\/\/potenciaradiofonicadominicana.com\/portal\/el-petroleo-de-texas-abre-con-un-alza-del-151-hasta-9346-dolares\/","title":{"rendered":"El petr\u00f3leo de Texas abre con un alza del 1,51 %, hasta 93,46 d\u00f3lares"},"content":{"rendered":"<p><a href=\"https:\/\/potenciaradiofonicadominicana.com\/portal\/wp-content\/uploads\/2022\/02\/ap21103347852843-1-5dcb6014-focus-0-0-895-573.jpg\"><img loading=\"lazy\" decoding=\"async\" class=\"alignnone size-full wp-image-116768\" src=\"https:\/\/potenciaradiofonicadominicana.com\/portal\/wp-content\/uploads\/2022\/02\/ap21103347852843-1-5dcb6014-focus-0-0-895-573.jpg\" alt=\"\" width=\"895\" height=\"573\" srcset=\"https:\/\/potenciaradiofonicadominicana.com\/portal\/wp-content\/uploads\/2022\/02\/ap21103347852843-1-5dcb6014-focus-0-0-895-573.jpg 895w, https:\/\/potenciaradiofonicadominicana.com\/portal\/wp-content\/uploads\/2022\/02\/ap21103347852843-1-5dcb6014-focus-0-0-895-573-300x192.jpg 300w, https:\/\/potenciaradiofonicadominicana.com\/portal\/wp-content\/uploads\/2022\/02\/ap21103347852843-1-5dcb6014-focus-0-0-895-573-768x492.jpg 768w\" sizes=\"auto, (max-width: 895px) 100vw, 895px\" \/><\/a><\/p>\n<p>El precio del\u00a0petr\u00f3leo\u00a0intermedio de\u00a0Texas\u00a0(WTI) abri\u00f3 este mi\u00e9rcoles con un alza del 1,51 % y se situaba en 93,46 d\u00f3lares, rebotando tras la ca\u00edda del martes y pendiente del conflicto geopol\u00edtico al Este de Europa.<\/p>\n<p>A las 9.05 hora local (14.05 GMT) en la Bolsa Mercantil de Nueva York (Nymex), los contratos futuros del WTI para entrega en marzo sumaban 1,39 d\u00f3lares respecto al cierre anterior.<\/p>\n<p>El\u00a0petr\u00f3leo\u00a0de referencia estadounidense ascend\u00eda ligeramente de nuevo tras recortar un 3,5 % de valor ayer en reacci\u00f3n a las noticias de que Mosc\u00fa ha ordenado replegar parte de sus tropas en la frontera con Ucrania, despu\u00e9s de varios d\u00edas en alerta por una posible invasi\u00f3n rusa.<\/p>\n<p>\u00abAunque el crudo ha descendido desde su pico a medida que las tropas rusas abandonan la frontera -la OTAN no est\u00e1 convencida de eso- el mercado sigue extremadamente ajustado y los precios han estado en una trayectoria alcista antes de la escalada\u00bb, se\u00f1al\u00f3 el\u00a0analista\u00a0Craig Erlam, de la firma Oanda.<\/p>\n<p>Los expertos siguen se\u00f1alando que el precio del\u00a0petr\u00f3leo\u00a0podr\u00eda alcanzar los 100 d\u00f3lares pronto porque el fuerte crecimiento de la demanda de\u00a0combustibles\u00a0derivado de la reactivaci\u00f3n econ\u00f3mica global no est\u00e1 siendo absorbido por la escasa oferta en el mercado.<\/p>\n<p>Por otra parte, el Gobierno de EE.UU. publicar\u00e1 esta tarde el dato semanal sobre los inventarios comerciales de crudo, que se encuentran en unos niveles hist\u00f3ricamente bajos para esta \u00e9poca del a\u00f1o.<\/p>\n<p>Los inventarios de crudo y otros productos l\u00edquidos de la OCDE llevan en descenso 18 meses y se encuentran en niveles m\u00ednimos de los \u00faltimos siete a\u00f1os, seg\u00fan datos de la firma Rystad Energy.<\/p>\n","protected":false},"excerpt":{"rendered":"<p>El precio del\u00a0petr\u00f3leo\u00a0intermedio de\u00a0Texas\u00a0(WTI) abri\u00f3 este mi\u00e9rcoles con un alza del 1,51 % y se situaba en 93,46 d\u00f3lares, rebotando &#8230;<\/p>\n","protected":false},"author":2,"featured_media":116768,"comment_status":"closed","ping_status":"closed","sticky":false,"template":"","format":"standard","meta":{"footnotes":""},"categories":[26],"tags":[],"class_list":["post-116767","post","type-post","status-publish","format-standard","has-post-thumbnail","hentry","category-economia"],"yoast_head":"<!-- This site is optimized with the Yoast SEO plugin v24.8.1 - https:\/\/yoast.com\/wordpress\/plugins\/seo\/ -->\n<title>El petr\u00f3leo de Texas abre con un alza del 1,51 %, hasta 93,46 d\u00f3lares - PotenciaRadiofonicaDominicana.com<\/title>\n<meta name=\"robots\" content=\"index, follow, max-snippet:-1, max-image-preview:large, max-video-preview:-1\" \/>\n<link rel=\"canonical\" href=\"https:\/\/potenciaradiofonicadominicana.com\/portal\/el-petroleo-de-texas-abre-con-un-alza-del-151-hasta-9346-dolares\/\" \/>\n<meta property=\"og:locale\" content=\"es_ES\" \/>\n<meta property=\"og:type\" content=\"article\" \/>\n<meta property=\"og:title\" content=\"El petr\u00f3leo de Texas abre con un alza del 1,51 %, hasta 93,46 d\u00f3lares - PotenciaRadiofonicaDominicana.com\" \/>\n<meta property=\"og:description\" content=\"El precio del\u00a0petr\u00f3leo\u00a0intermedio de\u00a0Texas\u00a0(WTI) abri\u00f3 este mi\u00e9rcoles con un alza del 1,51 % y se situaba en 93,46 d\u00f3lares, rebotando ...\" \/>\n<meta property=\"og:url\" content=\"https:\/\/potenciaradiofonicadominicana.com\/portal\/el-petroleo-de-texas-abre-con-un-alza-del-151-hasta-9346-dolares\/\" \/>\n<meta property=\"og:site_name\" content=\"PotenciaRadiofonicaDominicana.com\" \/>\n<meta property=\"article:publisher\" content=\"https:\/\/web.facebook.com\/PotenciaRadiofonicaD\" \/>\n<meta property=\"article:published_time\" content=\"2022-02-16T17:01:25+00:00\" \/>\n<meta property=\"og:image\" content=\"https:\/\/potenciaradiofonicadominicana.com\/portal\/wp-content\/uploads\/2022\/02\/ap21103347852843-1-5dcb6014-focus-0-0-895-573.jpg\" \/>\n\t<meta property=\"og:image:width\" content=\"895\" \/>\n\t<meta property=\"og:image:height\" content=\"573\" \/>\n\t<meta property=\"og:image:type\" content=\"image\/jpeg\" \/>\n<meta name=\"author\" content=\"Potencia Radiof\u00f3nica Dominicana\" \/>\n<meta name=\"twitter:card\" content=\"summary_large_image\" \/>\n<meta name=\"twitter:label1\" content=\"Escrito por\" \/>\n\t<meta name=\"twitter:data1\" content=\"Potencia Radiof\u00f3nica Dominicana\" \/>\n\t<meta name=\"twitter:label2\" content=\"Tiempo de lectura\" \/>\n\t<meta name=\"twitter:data2\" content=\"1 minuto\" \/>\n<script type=\"application\/ld+json\" class=\"yoast-schema-graph\">{\"@context\":\"https:\/\/schema.org\",\"@graph\":[{\"@type\":\"Article\",\"@id\":\"https:\/\/potenciaradiofonicadominicana.com\/portal\/el-petroleo-de-texas-abre-con-un-alza-del-151-hasta-9346-dolares\/#article\",\"isPartOf\":{\"@id\":\"https:\/\/potenciaradiofonicadominicana.com\/portal\/el-petroleo-de-texas-abre-con-un-alza-del-151-hasta-9346-dolares\/\"},\"author\":{\"name\":\"Potencia Radiof\u00f3nica Dominicana\",\"@id\":\"https:\/\/potenciaradiofonicadominicana.com\/portal\/#\/schema\/person\/a5cf1fea13877803ee0573ac18b03490\"},\"headline\":\"El petr\u00f3leo de Texas abre con un alza del 1,51 %, hasta 93,46 d\u00f3lares\",\"datePublished\":\"2022-02-16T17:01:25+00:00\",\"mainEntityOfPage\":{\"@id\":\"https:\/\/potenciaradiofonicadominicana.com\/portal\/el-petroleo-de-texas-abre-con-un-alza-del-151-hasta-9346-dolares\/\"},\"wordCount\":304,\"publisher\":{\"@id\":\"https:\/\/potenciaradiofonicadominicana.com\/portal\/#organization\"},\"image\":{\"@id\":\"https:\/\/potenciaradiofonicadominicana.com\/portal\/el-petroleo-de-texas-abre-con-un-alza-del-151-hasta-9346-dolares\/#primaryimage\"},\"thumbnailUrl\":\"https:\/\/potenciaradiofonicadominicana.com\/portal\/wp-content\/uploads\/2022\/02\/ap21103347852843-1-5dcb6014-focus-0-0-895-573.jpg\",\"articleSection\":[\"Econom\u00eda\"],\"inLanguage\":\"es\"},{\"@type\":\"WebPage\",\"@id\":\"https:\/\/potenciaradiofonicadominicana.com\/portal\/el-petroleo-de-texas-abre-con-un-alza-del-151-hasta-9346-dolares\/\",\"url\":\"https:\/\/potenciaradiofonicadominicana.com\/portal\/el-petroleo-de-texas-abre-con-un-alza-del-151-hasta-9346-dolares\/\",\"name\":\"El petr\u00f3leo de Texas abre con un alza del 1,51 %, hasta 93,46 d\u00f3lares - PotenciaRadiofonicaDominicana.com\",\"isPartOf\":{\"@id\":\"https:\/\/potenciaradiofonicadominicana.com\/portal\/#website\"},\"primaryImageOfPage\":{\"@id\":\"https:\/\/potenciaradiofonicadominicana.com\/portal\/el-petroleo-de-texas-abre-con-un-alza-del-151-hasta-9346-dolares\/#primaryimage\"},\"image\":{\"@id\":\"https:\/\/potenciaradiofonicadominicana.com\/portal\/el-petroleo-de-texas-abre-con-un-alza-del-151-hasta-9346-dolares\/#primaryimage\"},\"thumbnailUrl\":\"https:\/\/potenciaradiofonicadominicana.com\/portal\/wp-content\/uploads\/2022\/02\/ap21103347852843-1-5dcb6014-focus-0-0-895-573.jpg\",\"datePublished\":\"2022-02-16T17:01:25+00:00\",\"breadcrumb\":{\"@id\":\"https:\/\/potenciaradiofonicadominicana.com\/portal\/el-petroleo-de-texas-abre-con-un-alza-del-151-hasta-9346-dolares\/#breadcrumb\"},\"inLanguage\":\"es\",\"potentialAction\":[{\"@type\":\"ReadAction\",\"target\":[\"https:\/\/potenciaradiofonicadominicana.com\/portal\/el-petroleo-de-texas-abre-con-un-alza-del-151-hasta-9346-dolares\/\"]}]},{\"@type\":\"ImageObject\",\"inLanguage\":\"es\",\"@id\":\"https:\/\/potenciaradiofonicadominicana.com\/portal\/el-petroleo-de-texas-abre-con-un-alza-del-151-hasta-9346-dolares\/#primaryimage\",\"url\":\"https:\/\/potenciaradiofonicadominicana.com\/portal\/wp-content\/uploads\/2022\/02\/ap21103347852843-1-5dcb6014-focus-0-0-895-573.jpg\",\"contentUrl\":\"https:\/\/potenciaradiofonicadominicana.com\/portal\/wp-content\/uploads\/2022\/02\/ap21103347852843-1-5dcb6014-focus-0-0-895-573.jpg\",\"width\":895,\"height\":573},{\"@type\":\"BreadcrumbList\",\"@id\":\"https:\/\/potenciaradiofonicadominicana.com\/portal\/el-petroleo-de-texas-abre-con-un-alza-del-151-hasta-9346-dolares\/#breadcrumb\",\"itemListElement\":[{\"@type\":\"ListItem\",\"position\":1,\"name\":\"Portada\",\"item\":\"https:\/\/potenciaradiofonicadominicana.com\/portal\/\"},{\"@type\":\"ListItem\",\"position\":2,\"name\":\"El petr\u00f3leo de Texas abre con un alza del 1,51 %, hasta 93,46 d\u00f3lares\"}]},{\"@type\":\"WebSite\",\"@id\":\"https:\/\/potenciaradiofonicadominicana.com\/portal\/#website\",\"url\":\"https:\/\/potenciaradiofonicadominicana.com\/portal\/\",\"name\":\"PotenciaRadiofonicaDominicana.com\",\"description\":\"Peri\u00f3dico Digital\",\"publisher\":{\"@id\":\"https:\/\/potenciaradiofonicadominicana.com\/portal\/#organization\"},\"potentialAction\":[{\"@type\":\"SearchAction\",\"target\":{\"@type\":\"EntryPoint\",\"urlTemplate\":\"https:\/\/potenciaradiofonicadominicana.com\/portal\/?s={search_term_string}\"},\"query-input\":{\"@type\":\"PropertyValueSpecification\",\"valueRequired\":true,\"valueName\":\"search_term_string\"}}],\"inLanguage\":\"es\"},{\"@type\":\"Organization\",\"@id\":\"https:\/\/potenciaradiofonicadominicana.com\/portal\/#organization\",\"name\":\"PotenciaRadiofonicaDominicana.com\",\"url\":\"https:\/\/potenciaradiofonicadominicana.com\/portal\/\",\"logo\":{\"@type\":\"ImageObject\",\"inLanguage\":\"es\",\"@id\":\"https:\/\/potenciaradiofonicadominicana.com\/portal\/#\/schema\/logo\/image\/\",\"url\":\"https:\/\/potenciaradiofonicadominicana.com\/portal\/wp-content\/uploads\/2022\/01\/descarga.png\",\"contentUrl\":\"https:\/\/potenciaradiofonicadominicana.com\/portal\/wp-content\/uploads\/2022\/01\/descarga.png\",\"width\":300,\"height\":100,\"caption\":\"PotenciaRadiofonicaDominicana.com\"},\"image\":{\"@id\":\"https:\/\/potenciaradiofonicadominicana.com\/portal\/#\/schema\/logo\/image\/\"},\"sameAs\":[\"https:\/\/web.facebook.com\/PotenciaRadiofonicaD\"]},{\"@type\":\"Person\",\"@id\":\"https:\/\/potenciaradiofonicadominicana.com\/portal\/#\/schema\/person\/a5cf1fea13877803ee0573ac18b03490\",\"name\":\"Potencia Radiof\u00f3nica Dominicana\",\"image\":{\"@type\":\"ImageObject\",\"inLanguage\":\"es\",\"@id\":\"https:\/\/potenciaradiofonicadominicana.com\/portal\/#\/schema\/person\/image\/\",\"url\":\"https:\/\/secure.gravatar.com\/avatar\/42a55ab9e8ccc656ba34cd791990602a?s=96&d=mm&r=g\",\"contentUrl\":\"https:\/\/secure.gravatar.com\/avatar\/42a55ab9e8ccc656ba34cd791990602a?s=96&d=mm&r=g\",\"caption\":\"Potencia Radiof\u00f3nica Dominicana\"},\"url\":\"https:\/\/potenciaradiofonicadominicana.com\/portal\/author\/johannyalmanzar\/\"}]}<\/script>\n<!-- \/ Yoast SEO plugin. -->","yoast_head_json":{"title":"El petr\u00f3leo de Texas abre con un alza del 1,51 %, hasta 93,46 d\u00f3lares - PotenciaRadiofonicaDominicana.com","robots":{"index":"index","follow":"follow","max-snippet":"max-snippet:-1","max-image-preview":"max-image-preview:large","max-video-preview":"max-video-preview:-1"},"canonical":"https:\/\/potenciaradiofonicadominicana.com\/portal\/el-petroleo-de-texas-abre-con-un-alza-del-151-hasta-9346-dolares\/","og_locale":"es_ES","og_type":"article","og_title":"El petr\u00f3leo de Texas abre con un alza del 1,51 %, hasta 93,46 d\u00f3lares - PotenciaRadiofonicaDominicana.com","og_description":"El precio del\u00a0petr\u00f3leo\u00a0intermedio de\u00a0Texas\u00a0(WTI) abri\u00f3 este mi\u00e9rcoles con un alza del 1,51 % y se situaba en 93,46 d\u00f3lares, rebotando ...","og_url":"https:\/\/potenciaradiofonicadominicana.com\/portal\/el-petroleo-de-texas-abre-con-un-alza-del-151-hasta-9346-dolares\/","og_site_name":"PotenciaRadiofonicaDominicana.com","article_publisher":"https:\/\/web.facebook.com\/PotenciaRadiofonicaD","article_published_time":"2022-02-16T17:01:25+00:00","og_image":[{"width":895,"height":573,"url":"https:\/\/potenciaradiofonicadominicana.com\/portal\/wp-content\/uploads\/2022\/02\/ap21103347852843-1-5dcb6014-focus-0-0-895-573.jpg","type":"image\/jpeg"}],"author":"Potencia Radiof\u00f3nica Dominicana","twitter_card":"summary_large_image","twitter_misc":{"Escrito por":"Potencia Radiof\u00f3nica Dominicana","Tiempo de lectura":"1 minuto"},"schema":{"@context":"https:\/\/schema.org","@graph":[{"@type":"Article","@id":"https:\/\/potenciaradiofonicadominicana.com\/portal\/el-petroleo-de-texas-abre-con-un-alza-del-151-hasta-9346-dolares\/#article","isPartOf":{"@id":"https:\/\/potenciaradiofonicadominicana.com\/portal\/el-petroleo-de-texas-abre-con-un-alza-del-151-hasta-9346-dolares\/"},"author":{"name":"Potencia Radiof\u00f3nica Dominicana","@id":"https:\/\/potenciaradiofonicadominicana.com\/portal\/#\/schema\/person\/a5cf1fea13877803ee0573ac18b03490"},"headline":"El petr\u00f3leo de Texas abre con un alza del 1,51 %, hasta 93,46 d\u00f3lares","datePublished":"2022-02-16T17:01:25+00:00","mainEntityOfPage":{"@id":"https:\/\/potenciaradiofonicadominicana.com\/portal\/el-petroleo-de-texas-abre-con-un-alza-del-151-hasta-9346-dolares\/"},"wordCount":304,"publisher":{"@id":"https:\/\/potenciaradiofonicadominicana.com\/portal\/#organization"},"image":{"@id":"https:\/\/potenciaradiofonicadominicana.com\/portal\/el-petroleo-de-texas-abre-con-un-alza-del-151-hasta-9346-dolares\/#primaryimage"},"thumbnailUrl":"https:\/\/potenciaradiofonicadominicana.com\/portal\/wp-content\/uploads\/2022\/02\/ap21103347852843-1-5dcb6014-focus-0-0-895-573.jpg","articleSection":["Econom\u00eda"],"inLanguage":"es"},{"@type":"WebPage","@id":"https:\/\/potenciaradiofonicadominicana.com\/portal\/el-petroleo-de-texas-abre-con-un-alza-del-151-hasta-9346-dolares\/","url":"https:\/\/potenciaradiofonicadominicana.com\/portal\/el-petroleo-de-texas-abre-con-un-alza-del-151-hasta-9346-dolares\/","name":"El petr\u00f3leo de Texas abre con un alza del 1,51 %, hasta 93,46 d\u00f3lares - PotenciaRadiofonicaDominicana.com","isPartOf":{"@id":"https:\/\/potenciaradiofonicadominicana.com\/portal\/#website"},"primaryImageOfPage":{"@id":"https:\/\/potenciaradiofonicadominicana.com\/portal\/el-petroleo-de-texas-abre-con-un-alza-del-151-hasta-9346-dolares\/#primaryimage"},"image":{"@id":"https:\/\/potenciaradiofonicadominicana.com\/portal\/el-petroleo-de-texas-abre-con-un-alza-del-151-hasta-9346-dolares\/#primaryimage"},"thumbnailUrl":"https:\/\/potenciaradiofonicadominicana.com\/portal\/wp-content\/uploads\/2022\/02\/ap21103347852843-1-5dcb6014-focus-0-0-895-573.jpg","datePublished":"2022-02-16T17:01:25+00:00","breadcrumb":{"@id":"https:\/\/potenciaradiofonicadominicana.com\/portal\/el-petroleo-de-texas-abre-con-un-alza-del-151-hasta-9346-dolares\/#breadcrumb"},"inLanguage":"es","potentialAction":[{"@type":"ReadAction","target":["https:\/\/potenciaradiofonicadominicana.com\/portal\/el-petroleo-de-texas-abre-con-un-alza-del-151-hasta-9346-dolares\/"]}]},{"@type":"ImageObject","inLanguage":"es","@id":"https:\/\/potenciaradiofonicadominicana.com\/portal\/el-petroleo-de-texas-abre-con-un-alza-del-151-hasta-9346-dolares\/#primaryimage","url":"https:\/\/potenciaradiofonicadominicana.com\/portal\/wp-content\/uploads\/2022\/02\/ap21103347852843-1-5dcb6014-focus-0-0-895-573.jpg","contentUrl":"https:\/\/potenciaradiofonicadominicana.com\/portal\/wp-content\/uploads\/2022\/02\/ap21103347852843-1-5dcb6014-focus-0-0-895-573.jpg","width":895,"height":573},{"@type":"BreadcrumbList","@id":"https:\/\/potenciaradiofonicadominicana.com\/portal\/el-petroleo-de-texas-abre-con-un-alza-del-151-hasta-9346-dolares\/#breadcrumb","itemListElement":[{"@type":"ListItem","position":1,"name":"Portada","item":"https:\/\/potenciaradiofonicadominicana.com\/portal\/"},{"@type":"ListItem","position":2,"name":"El petr\u00f3leo de Texas abre con un alza del 1,51 %, hasta 93,46 d\u00f3lares"}]},{"@type":"WebSite","@id":"https:\/\/potenciaradiofonicadominicana.com\/portal\/#website","url":"https:\/\/potenciaradiofonicadominicana.com\/portal\/","name":"PotenciaRadiofonicaDominicana.com","description":"Peri\u00f3dico Digital","publisher":{"@id":"https:\/\/potenciaradiofonicadominicana.com\/portal\/#organization"},"potentialAction":[{"@type":"SearchAction","target":{"@type":"EntryPoint","urlTemplate":"https:\/\/potenciaradiofonicadominicana.com\/portal\/?s={search_term_string}"},"query-input":{"@type":"PropertyValueSpecification","valueRequired":true,"valueName":"search_term_string"}}],"inLanguage":"es"},{"@type":"Organization","@id":"https:\/\/potenciaradiofonicadominicana.com\/portal\/#organization","name":"PotenciaRadiofonicaDominicana.com","url":"https:\/\/potenciaradiofonicadominicana.com\/portal\/","logo":{"@type":"ImageObject","inLanguage":"es","@id":"https:\/\/potenciaradiofonicadominicana.com\/portal\/#\/schema\/logo\/image\/","url":"https:\/\/potenciaradiofonicadominicana.com\/portal\/wp-content\/uploads\/2022\/01\/descarga.png","contentUrl":"https:\/\/potenciaradiofonicadominicana.com\/portal\/wp-content\/uploads\/2022\/01\/descarga.png","width":300,"height":100,"caption":"PotenciaRadiofonicaDominicana.com"},"image":{"@id":"https:\/\/potenciaradiofonicadominicana.com\/portal\/#\/schema\/logo\/image\/"},"sameAs":["https:\/\/web.facebook.com\/PotenciaRadiofonicaD"]},{"@type":"Person","@id":"https:\/\/potenciaradiofonicadominicana.com\/portal\/#\/schema\/person\/a5cf1fea13877803ee0573ac18b03490","name":"Potencia Radiof\u00f3nica Dominicana","image":{"@type":"ImageObject","inLanguage":"es","@id":"https:\/\/potenciaradiofonicadominicana.com\/portal\/#\/schema\/person\/image\/","url":"https:\/\/secure.gravatar.com\/avatar\/42a55ab9e8ccc656ba34cd791990602a?s=96&d=mm&r=g","contentUrl":"https:\/\/secure.gravatar.com\/avatar\/42a55ab9e8ccc656ba34cd791990602a?s=96&d=mm&r=g","caption":"Potencia Radiof\u00f3nica Dominicana"},"url":"https:\/\/potenciaradiofonicadominicana.com\/portal\/author\/johannyalmanzar\/"}]}},"_links":{"self":[{"href":"https:\/\/potenciaradiofonicadominicana.com\/portal\/wp-json\/wp\/v2\/posts\/116767","targetHints":{"allow":["GET"]}}],"collection":[{"href":"https:\/\/potenciaradiofonicadominicana.com\/portal\/wp-json\/wp\/v2\/posts"}],"about":[{"href":"https:\/\/potenciaradiofonicadominicana.com\/portal\/wp-json\/wp\/v2\/types\/post"}],"author":[{"embeddable":true,"href":"https:\/\/potenciaradiofonicadominicana.com\/portal\/wp-json\/wp\/v2\/users\/2"}],"replies":[{"embeddable":true,"href":"https:\/\/potenciaradiofonicadominicana.com\/portal\/wp-json\/wp\/v2\/comments?post=116767"}],"version-history":[{"count":1,"href":"https:\/\/potenciaradiofonicadominicana.com\/portal\/wp-json\/wp\/v2\/posts\/116767\/revisions"}],"predecessor-version":[{"id":116769,"href":"https:\/\/potenciaradiofonicadominicana.com\/portal\/wp-json\/wp\/v2\/posts\/116767\/revisions\/116769"}],"wp:featuredmedia":[{"embeddable":true,"href":"https:\/\/potenciaradiofonicadominicana.com\/portal\/wp-json\/wp\/v2\/media\/116768"}],"wp:attachment":[{"href":"https:\/\/potenciaradiofonicadominicana.com\/portal\/wp-json\/wp\/v2\/media?parent=116767"}],"wp:term":[{"taxonomy":"category","embeddable":true,"href":"https:\/\/potenciaradiofonicadominicana.com\/portal\/wp-json\/wp\/v2\/categories?post=116767"},{"taxonomy":"post_tag","embeddable":true,"href":"https:\/\/potenciaradiofonicadominicana.com\/portal\/wp-json\/wp\/v2\/tags?post=116767"}],"curies":[{"name":"wp","href":"https:\/\/api.w.org\/{rel}","templated":true}]}}