{"id":116762,"date":"2022-02-16T12:57:04","date_gmt":"2022-02-16T16:57:04","guid":{"rendered":"https:\/\/potenciaradiofonicadominicana.com\/portal\/?p=116762"},"modified":"2022-02-16T12:57:23","modified_gmt":"2022-02-16T16:57:23","slug":"ministro-de-industria-y-comercio-asegura-rd-es-segura-para-la-inversion-extranjera","status":"publish","type":"post","link":"https:\/\/potenciaradiofonicadominicana.com\/portal\/ministro-de-industria-y-comercio-asegura-rd-es-segura-para-la-inversion-extranjera\/","title":{"rendered":"Ministro de Industria y Comercio asegura RD es segura para la inversi\u00f3n extranjera"},"content":{"rendered":"<p><a href=\"https:\/\/potenciaradiofonicadominicana.com\/portal\/wp-content\/uploads\/2022\/02\/Victor_-Ito-_Bisono.jpg\"><img loading=\"lazy\" decoding=\"async\" class=\"alignnone size-full wp-image-116764\" src=\"https:\/\/potenciaradiofonicadominicana.com\/portal\/wp-content\/uploads\/2022\/02\/Victor_-Ito-_Bisono.jpg\" alt=\"\" width=\"400\" height=\"300\" srcset=\"https:\/\/potenciaradiofonicadominicana.com\/portal\/wp-content\/uploads\/2022\/02\/Victor_-Ito-_Bisono.jpg 400w, https:\/\/potenciaradiofonicadominicana.com\/portal\/wp-content\/uploads\/2022\/02\/Victor_-Ito-_Bisono-300x225.jpg 300w\" sizes=\"auto, (max-width: 400px) 100vw, 400px\" \/><\/a><\/p>\n<p>El ministro de Industria, Comercio y Mipymes de Rep\u00fablica Dominicana, V\u00edctor Bison\u00f3, defendi\u00f3 este mi\u00e9rcoles la \u00abseguridad y tranquilidad\u00bb que ofrece Rep\u00fablica Dominicana a la\u00a0inversi\u00f3n\u00a0extranjera en un contexto de \u00abcambio\u00bb en\u00a0Am\u00e9rica Latina.<br \/>\nEn medio de una misi\u00f3n comercial y empresarial para dar a conocer las oportunidades del pa\u00eds en Espa\u00f1a, que hoy contin\u00faa en Bruselas, el ministro asegur\u00f3 Rep\u00fablica Dominicana \u00abes un mundo de oportunidades\u00bb para Espa\u00f1a, y que en los \u00faltimos diez a\u00f1os \u00abinvirti\u00f3 2,000 millones de d\u00f3lares\u00bb en esa econom\u00eda.<br \/>\n\u00abPensamos muchas veces que ven a Dominicana como el para\u00edso que somos dentro del Caribe, un lugar de playas y descanso, pero tenemos oportunidades de negocio\u00bb, insisti\u00f3 el titular de Industria en una entrevista con Efe en Madrid.<\/p>\n<h2>\u00abSeguridad y tranquilidad\u00bb en una regi\u00f3n en cambio<\/h2>\n<p>Bison\u00f3 consider\u00f3 que el pa\u00eds puede ofrecer \u00abseguridad y tranquilidad\u00bb para la\u00a0inversi\u00f3n\u00a0extranjera adem\u00e1s de \u00abestabilidad econ\u00f3mica, social y pol\u00edtica con un buen desempe\u00f1o de un Gobierno comprometido en fortalecer la institucionalidad\u00bb.<\/p>\n<p>\u00abCuando le echamos ojo a\u00a0Am\u00e9rica Latina\u00a0y vemos los cambios en Chile tras las revueltas sociales, M\u00e9xico con la seguridad, Per\u00fa que cambia de gabinete cuatro o cinco veces en meses, lo que puede suceder en Colombia, lo que pasa en Venezuela, estamos hablando de un contraste de donde hay seguridad y tranquilidad\u00bb, incidi\u00f3.<br \/>\nPara el ministro la red de infraestructuras del pa\u00eds es tambi\u00e9n un punto a favor a la hora de atraer inversores extranjeros.<br \/>\n\u00abTodo eso lo complementamos con un pa\u00eds que tiene los mejores aeropuertos, los mejores puertos que nunca perdieron la conectividad con Estados Unidos y la regi\u00f3n y con una log\u00edstica de car\u00e1cter mundial\u00bb, subray\u00f3.<\/p>\n<h2>Dominicana, una ventana en Estados Unidos<\/h2>\n<p>Bison\u00f3 quiso recordar la relaci\u00f3n de \u00abcercan\u00eda\u00bb de su pa\u00eds con Estados Unidos, \u00abel mayor consumidor del mundo\u00bb.<br \/>\n\u00abNosotros tenemos m\u00e1s cercan\u00eda que otros pa\u00edses de la regi\u00f3n, nuestra log\u00edstica es envidiable, hoy dominicana puede ser para las empresas y la industria un canal de entrada al mercado de mayor consumo del mundo en base a los acuerdos que tenemos con la Comunidad Econ\u00f3mica Europea\u00bb, explic\u00f3.<\/p>\n<p>\u00abDominicana ofrece oportunidades que o compiten o mejoran con los otros pa\u00edses de la regi\u00f3n\u00bb, apostill\u00f3 al respecto. Bison\u00f3 se pronunci\u00f3 tambi\u00e9n sobre la situaci\u00f3n de su vecina Hait\u00ed y asegur\u00f3 que es un tema que el presidente Luis Abinader \u00absaca en los foros internacionales\u00bb.<\/p>\n<p>\u00abPedimos atenci\u00f3n, ayuda y cooperaci\u00f3n para Hait\u00ed, pero depende tambi\u00e9n de la actitud de los propios haitianos y no hay una soluci\u00f3n de Dominicana ni de otro pa\u00eds que no salga de los propios haitianos y de una ayuda colectiva para que mejore sus condiciones all\u00e1 para que se puedan quedar\u00bb, continu\u00f3.<\/p>\n<article class=\"border-t border-b py-5 mb-5 component nota-incrustada\"><span class=\"block mb-2\"><strong>TE PUEDE INTERESAR<\/strong><\/span><\/article>\n<h3>\u00abFe\u00bb para organizar la cumbre iberoamericana que podr\u00eda pasar a 2023<\/h3>\n<p>El ministro inform\u00f3 que la Cumbre Iberoamericana que la isla est\u00e1 preparando desde el pasado a\u00f1o podr\u00eda finalmente celebrarse en 2023 debido a la pandemia y no en 2022 tal como estaba agendada.<\/p>\n<p>La situaci\u00f3n sanitaria ya retras\u00f3 la cita anterior, celebrada en Andorra, posponi\u00e9ndola de 2020 a 2021 y oblig\u00f3 a reducir la presencia f\u00edsica de los mandatarios \u00fanicamente a los ib\u00e9ricos y el propio dominicano, quien recogi\u00f3 el testigo para organizar la siguiente.<\/p>\n<p>Pese a la incertidumbre, Bison\u00f3 asegur\u00f3 que los dominicanos son \u00abgente de fe\u00bb que \u00abapuesta por el futuro y se compromete con hacer las cosas correctamente\u00bb.<\/p>\n<p>\u00abEstamos hablando o de noviembre de este a\u00f1o o febrero del 23, lo que s\u00ed podemos decir es que con la presencia del Rey -Felipe VI- y del presidente espa\u00f1ol -Pedro S\u00e1nchez-, va todo un equipo completo tambi\u00e9n del sector privado y estamos identificando nichos de oportunidades\u00bb, manifest\u00f3.<\/p>\n<p>Asimismo, valor\u00f3 la uni\u00f3n de los pa\u00edses iberoamericanos y asumi\u00f3 que siendo Iberoam\u00e9rica \u00abla regi\u00f3n con las mayores reservas naturales del mundo, con el mismo idioma mayoritariamente, se pueden lograr muchas cosas y ser un ejemplo para el resto del mundo\u00bb.<\/p>\n","protected":false},"excerpt":{"rendered":"<p>El ministro de Industria, Comercio y Mipymes de Rep\u00fablica Dominicana, V\u00edctor Bison\u00f3, defendi\u00f3 este mi\u00e9rcoles la \u00abseguridad y tranquilidad\u00bb que &#8230;<\/p>\n","protected":false},"author":2,"featured_media":116764,"comment_status":"closed","ping_status":"closed","sticky":false,"template":"","format":"standard","meta":{"footnotes":""},"categories":[26],"tags":[],"class_list":["post-116762","post","type-post","status-publish","format-standard","has-post-thumbnail","hentry","category-economia"],"yoast_head":"<!-- This site is optimized with the Yoast SEO plugin v24.8.1 - https:\/\/yoast.com\/wordpress\/plugins\/seo\/ -->\n<title>Ministro de Industria y Comercio asegura RD es segura para la inversi\u00f3n extranjera - PotenciaRadiofonicaDominicana.com<\/title>\n<meta name=\"robots\" content=\"index, follow, max-snippet:-1, max-image-preview:large, max-video-preview:-1\" \/>\n<link rel=\"canonical\" href=\"https:\/\/potenciaradiofonicadominicana.com\/portal\/ministro-de-industria-y-comercio-asegura-rd-es-segura-para-la-inversion-extranjera\/\" \/>\n<meta property=\"og:locale\" content=\"es_ES\" \/>\n<meta property=\"og:type\" content=\"article\" \/>\n<meta property=\"og:title\" content=\"Ministro de Industria y Comercio asegura RD es segura para la inversi\u00f3n extranjera - PotenciaRadiofonicaDominicana.com\" \/>\n<meta property=\"og:description\" content=\"El ministro de Industria, Comercio y Mipymes de Rep\u00fablica Dominicana, V\u00edctor Bison\u00f3, defendi\u00f3 este mi\u00e9rcoles la \u00abseguridad y tranquilidad\u00bb que ...\" \/>\n<meta property=\"og:url\" content=\"https:\/\/potenciaradiofonicadominicana.com\/portal\/ministro-de-industria-y-comercio-asegura-rd-es-segura-para-la-inversion-extranjera\/\" \/>\n<meta property=\"og:site_name\" content=\"PotenciaRadiofonicaDominicana.com\" \/>\n<meta property=\"article:publisher\" content=\"https:\/\/web.facebook.com\/PotenciaRadiofonicaD\" \/>\n<meta property=\"article:published_time\" content=\"2022-02-16T16:57:04+00:00\" \/>\n<meta property=\"article:modified_time\" content=\"2022-02-16T16:57:23+00:00\" \/>\n<meta property=\"og:image\" content=\"https:\/\/potenciaradiofonicadominicana.com\/portal\/wp-content\/uploads\/2022\/02\/Victor_-Ito-_Bisono.jpg\" \/>\n\t<meta property=\"og:image:width\" content=\"400\" \/>\n\t<meta property=\"og:image:height\" content=\"300\" \/>\n\t<meta property=\"og:image:type\" content=\"image\/jpeg\" \/>\n<meta name=\"author\" content=\"Potencia Radiof\u00f3nica Dominicana\" \/>\n<meta name=\"twitter:card\" content=\"summary_large_image\" \/>\n<meta name=\"twitter:label1\" content=\"Escrito por\" \/>\n\t<meta name=\"twitter:data1\" content=\"Potencia Radiof\u00f3nica Dominicana\" \/>\n\t<meta name=\"twitter:label2\" content=\"Tiempo de lectura\" \/>\n\t<meta name=\"twitter:data2\" content=\"4 minutos\" \/>\n<script type=\"application\/ld+json\" class=\"yoast-schema-graph\">{\"@context\":\"https:\/\/schema.org\",\"@graph\":[{\"@type\":\"Article\",\"@id\":\"https:\/\/potenciaradiofonicadominicana.com\/portal\/ministro-de-industria-y-comercio-asegura-rd-es-segura-para-la-inversion-extranjera\/#article\",\"isPartOf\":{\"@id\":\"https:\/\/potenciaradiofonicadominicana.com\/portal\/ministro-de-industria-y-comercio-asegura-rd-es-segura-para-la-inversion-extranjera\/\"},\"author\":{\"name\":\"Potencia Radiof\u00f3nica Dominicana\",\"@id\":\"https:\/\/potenciaradiofonicadominicana.com\/portal\/#\/schema\/person\/a5cf1fea13877803ee0573ac18b03490\"},\"headline\":\"Ministro de Industria y Comercio asegura RD es segura para la inversi\u00f3n extranjera\",\"datePublished\":\"2022-02-16T16:57:04+00:00\",\"dateModified\":\"2022-02-16T16:57:23+00:00\",\"mainEntityOfPage\":{\"@id\":\"https:\/\/potenciaradiofonicadominicana.com\/portal\/ministro-de-industria-y-comercio-asegura-rd-es-segura-para-la-inversion-extranjera\/\"},\"wordCount\":719,\"publisher\":{\"@id\":\"https:\/\/potenciaradiofonicadominicana.com\/portal\/#organization\"},\"image\":{\"@id\":\"https:\/\/potenciaradiofonicadominicana.com\/portal\/ministro-de-industria-y-comercio-asegura-rd-es-segura-para-la-inversion-extranjera\/#primaryimage\"},\"thumbnailUrl\":\"https:\/\/potenciaradiofonicadominicana.com\/portal\/wp-content\/uploads\/2022\/02\/Victor_-Ito-_Bisono.jpg\",\"articleSection\":[\"Econom\u00eda\"],\"inLanguage\":\"es\"},{\"@type\":\"WebPage\",\"@id\":\"https:\/\/potenciaradiofonicadominicana.com\/portal\/ministro-de-industria-y-comercio-asegura-rd-es-segura-para-la-inversion-extranjera\/\",\"url\":\"https:\/\/potenciaradiofonicadominicana.com\/portal\/ministro-de-industria-y-comercio-asegura-rd-es-segura-para-la-inversion-extranjera\/\",\"name\":\"Ministro de Industria y Comercio asegura RD es segura para la inversi\u00f3n extranjera - PotenciaRadiofonicaDominicana.com\",\"isPartOf\":{\"@id\":\"https:\/\/potenciaradiofonicadominicana.com\/portal\/#website\"},\"primaryImageOfPage\":{\"@id\":\"https:\/\/potenciaradiofonicadominicana.com\/portal\/ministro-de-industria-y-comercio-asegura-rd-es-segura-para-la-inversion-extranjera\/#primaryimage\"},\"image\":{\"@id\":\"https:\/\/potenciaradiofonicadominicana.com\/portal\/ministro-de-industria-y-comercio-asegura-rd-es-segura-para-la-inversion-extranjera\/#primaryimage\"},\"thumbnailUrl\":\"https:\/\/potenciaradiofonicadominicana.com\/portal\/wp-content\/uploads\/2022\/02\/Victor_-Ito-_Bisono.jpg\",\"datePublished\":\"2022-02-16T16:57:04+00:00\",\"dateModified\":\"2022-02-16T16:57:23+00:00\",\"breadcrumb\":{\"@id\":\"https:\/\/potenciaradiofonicadominicana.com\/portal\/ministro-de-industria-y-comercio-asegura-rd-es-segura-para-la-inversion-extranjera\/#breadcrumb\"},\"inLanguage\":\"es\",\"potentialAction\":[{\"@type\":\"ReadAction\",\"target\":[\"https:\/\/potenciaradiofonicadominicana.com\/portal\/ministro-de-industria-y-comercio-asegura-rd-es-segura-para-la-inversion-extranjera\/\"]}]},{\"@type\":\"ImageObject\",\"inLanguage\":\"es\",\"@id\":\"https:\/\/potenciaradiofonicadominicana.com\/portal\/ministro-de-industria-y-comercio-asegura-rd-es-segura-para-la-inversion-extranjera\/#primaryimage\",\"url\":\"https:\/\/potenciaradiofonicadominicana.com\/portal\/wp-content\/uploads\/2022\/02\/Victor_-Ito-_Bisono.jpg\",\"contentUrl\":\"https:\/\/potenciaradiofonicadominicana.com\/portal\/wp-content\/uploads\/2022\/02\/Victor_-Ito-_Bisono.jpg\",\"width\":400,\"height\":300},{\"@type\":\"BreadcrumbList\",\"@id\":\"https:\/\/potenciaradiofonicadominicana.com\/portal\/ministro-de-industria-y-comercio-asegura-rd-es-segura-para-la-inversion-extranjera\/#breadcrumb\",\"itemListElement\":[{\"@type\":\"ListItem\",\"position\":1,\"name\":\"Portada\",\"item\":\"https:\/\/potenciaradiofonicadominicana.com\/portal\/\"},{\"@type\":\"ListItem\",\"position\":2,\"name\":\"Ministro de Industria y Comercio asegura RD es segura para la inversi\u00f3n extranjera\"}]},{\"@type\":\"WebSite\",\"@id\":\"https:\/\/potenciaradiofonicadominicana.com\/portal\/#website\",\"url\":\"https:\/\/potenciaradiofonicadominicana.com\/portal\/\",\"name\":\"PotenciaRadiofonicaDominicana.com\",\"description\":\"Peri\u00f3dico Digital\",\"publisher\":{\"@id\":\"https:\/\/potenciaradiofonicadominicana.com\/portal\/#organization\"},\"potentialAction\":[{\"@type\":\"SearchAction\",\"target\":{\"@type\":\"EntryPoint\",\"urlTemplate\":\"https:\/\/potenciaradiofonicadominicana.com\/portal\/?s={search_term_string}\"},\"query-input\":{\"@type\":\"PropertyValueSpecification\",\"valueRequired\":true,\"valueName\":\"search_term_string\"}}],\"inLanguage\":\"es\"},{\"@type\":\"Organization\",\"@id\":\"https:\/\/potenciaradiofonicadominicana.com\/portal\/#organization\",\"name\":\"PotenciaRadiofonicaDominicana.com\",\"url\":\"https:\/\/potenciaradiofonicadominicana.com\/portal\/\",\"logo\":{\"@type\":\"ImageObject\",\"inLanguage\":\"es\",\"@id\":\"https:\/\/potenciaradiofonicadominicana.com\/portal\/#\/schema\/logo\/image\/\",\"url\":\"https:\/\/potenciaradiofonicadominicana.com\/portal\/wp-content\/uploads\/2022\/01\/descarga.png\",\"contentUrl\":\"https:\/\/potenciaradiofonicadominicana.com\/portal\/wp-content\/uploads\/2022\/01\/descarga.png\",\"width\":300,\"height\":100,\"caption\":\"PotenciaRadiofonicaDominicana.com\"},\"image\":{\"@id\":\"https:\/\/potenciaradiofonicadominicana.com\/portal\/#\/schema\/logo\/image\/\"},\"sameAs\":[\"https:\/\/web.facebook.com\/PotenciaRadiofonicaD\"]},{\"@type\":\"Person\",\"@id\":\"https:\/\/potenciaradiofonicadominicana.com\/portal\/#\/schema\/person\/a5cf1fea13877803ee0573ac18b03490\",\"name\":\"Potencia Radiof\u00f3nica Dominicana\",\"image\":{\"@type\":\"ImageObject\",\"inLanguage\":\"es\",\"@id\":\"https:\/\/potenciaradiofonicadominicana.com\/portal\/#\/schema\/person\/image\/\",\"url\":\"https:\/\/secure.gravatar.com\/avatar\/42a55ab9e8ccc656ba34cd791990602a?s=96&d=mm&r=g\",\"contentUrl\":\"https:\/\/secure.gravatar.com\/avatar\/42a55ab9e8ccc656ba34cd791990602a?s=96&d=mm&r=g\",\"caption\":\"Potencia Radiof\u00f3nica Dominicana\"},\"url\":\"https:\/\/potenciaradiofonicadominicana.com\/portal\/author\/johannyalmanzar\/\"}]}<\/script>\n<!-- \/ Yoast SEO plugin. -->","yoast_head_json":{"title":"Ministro de Industria y Comercio asegura RD es segura para la inversi\u00f3n extranjera - PotenciaRadiofonicaDominicana.com","robots":{"index":"index","follow":"follow","max-snippet":"max-snippet:-1","max-image-preview":"max-image-preview:large","max-video-preview":"max-video-preview:-1"},"canonical":"https:\/\/potenciaradiofonicadominicana.com\/portal\/ministro-de-industria-y-comercio-asegura-rd-es-segura-para-la-inversion-extranjera\/","og_locale":"es_ES","og_type":"article","og_title":"Ministro de Industria y Comercio asegura RD es segura para la inversi\u00f3n extranjera - PotenciaRadiofonicaDominicana.com","og_description":"El ministro de Industria, Comercio y Mipymes de Rep\u00fablica Dominicana, V\u00edctor Bison\u00f3, defendi\u00f3 este mi\u00e9rcoles la \u00abseguridad y tranquilidad\u00bb que ...","og_url":"https:\/\/potenciaradiofonicadominicana.com\/portal\/ministro-de-industria-y-comercio-asegura-rd-es-segura-para-la-inversion-extranjera\/","og_site_name":"PotenciaRadiofonicaDominicana.com","article_publisher":"https:\/\/web.facebook.com\/PotenciaRadiofonicaD","article_published_time":"2022-02-16T16:57:04+00:00","article_modified_time":"2022-02-16T16:57:23+00:00","og_image":[{"width":400,"height":300,"url":"https:\/\/potenciaradiofonicadominicana.com\/portal\/wp-content\/uploads\/2022\/02\/Victor_-Ito-_Bisono.jpg","type":"image\/jpeg"}],"author":"Potencia Radiof\u00f3nica Dominicana","twitter_card":"summary_large_image","twitter_misc":{"Escrito por":"Potencia Radiof\u00f3nica Dominicana","Tiempo de lectura":"4 minutos"},"schema":{"@context":"https:\/\/schema.org","@graph":[{"@type":"Article","@id":"https:\/\/potenciaradiofonicadominicana.com\/portal\/ministro-de-industria-y-comercio-asegura-rd-es-segura-para-la-inversion-extranjera\/#article","isPartOf":{"@id":"https:\/\/potenciaradiofonicadominicana.com\/portal\/ministro-de-industria-y-comercio-asegura-rd-es-segura-para-la-inversion-extranjera\/"},"author":{"name":"Potencia Radiof\u00f3nica Dominicana","@id":"https:\/\/potenciaradiofonicadominicana.com\/portal\/#\/schema\/person\/a5cf1fea13877803ee0573ac18b03490"},"headline":"Ministro de Industria y Comercio asegura RD es segura para la inversi\u00f3n extranjera","datePublished":"2022-02-16T16:57:04+00:00","dateModified":"2022-02-16T16:57:23+00:00","mainEntityOfPage":{"@id":"https:\/\/potenciaradiofonicadominicana.com\/portal\/ministro-de-industria-y-comercio-asegura-rd-es-segura-para-la-inversion-extranjera\/"},"wordCount":719,"publisher":{"@id":"https:\/\/potenciaradiofonicadominicana.com\/portal\/#organization"},"image":{"@id":"https:\/\/potenciaradiofonicadominicana.com\/portal\/ministro-de-industria-y-comercio-asegura-rd-es-segura-para-la-inversion-extranjera\/#primaryimage"},"thumbnailUrl":"https:\/\/potenciaradiofonicadominicana.com\/portal\/wp-content\/uploads\/2022\/02\/Victor_-Ito-_Bisono.jpg","articleSection":["Econom\u00eda"],"inLanguage":"es"},{"@type":"WebPage","@id":"https:\/\/potenciaradiofonicadominicana.com\/portal\/ministro-de-industria-y-comercio-asegura-rd-es-segura-para-la-inversion-extranjera\/","url":"https:\/\/potenciaradiofonicadominicana.com\/portal\/ministro-de-industria-y-comercio-asegura-rd-es-segura-para-la-inversion-extranjera\/","name":"Ministro de Industria y Comercio asegura RD es segura para la inversi\u00f3n extranjera - PotenciaRadiofonicaDominicana.com","isPartOf":{"@id":"https:\/\/potenciaradiofonicadominicana.com\/portal\/#website"},"primaryImageOfPage":{"@id":"https:\/\/potenciaradiofonicadominicana.com\/portal\/ministro-de-industria-y-comercio-asegura-rd-es-segura-para-la-inversion-extranjera\/#primaryimage"},"image":{"@id":"https:\/\/potenciaradiofonicadominicana.com\/portal\/ministro-de-industria-y-comercio-asegura-rd-es-segura-para-la-inversion-extranjera\/#primaryimage"},"thumbnailUrl":"https:\/\/potenciaradiofonicadominicana.com\/portal\/wp-content\/uploads\/2022\/02\/Victor_-Ito-_Bisono.jpg","datePublished":"2022-02-16T16:57:04+00:00","dateModified":"2022-02-16T16:57:23+00:00","breadcrumb":{"@id":"https:\/\/potenciaradiofonicadominicana.com\/portal\/ministro-de-industria-y-comercio-asegura-rd-es-segura-para-la-inversion-extranjera\/#breadcrumb"},"inLanguage":"es","potentialAction":[{"@type":"ReadAction","target":["https:\/\/potenciaradiofonicadominicana.com\/portal\/ministro-de-industria-y-comercio-asegura-rd-es-segura-para-la-inversion-extranjera\/"]}]},{"@type":"ImageObject","inLanguage":"es","@id":"https:\/\/potenciaradiofonicadominicana.com\/portal\/ministro-de-industria-y-comercio-asegura-rd-es-segura-para-la-inversion-extranjera\/#primaryimage","url":"https:\/\/potenciaradiofonicadominicana.com\/portal\/wp-content\/uploads\/2022\/02\/Victor_-Ito-_Bisono.jpg","contentUrl":"https:\/\/potenciaradiofonicadominicana.com\/portal\/wp-content\/uploads\/2022\/02\/Victor_-Ito-_Bisono.jpg","width":400,"height":300},{"@type":"BreadcrumbList","@id":"https:\/\/potenciaradiofonicadominicana.com\/portal\/ministro-de-industria-y-comercio-asegura-rd-es-segura-para-la-inversion-extranjera\/#breadcrumb","itemListElement":[{"@type":"ListItem","position":1,"name":"Portada","item":"https:\/\/potenciaradiofonicadominicana.com\/portal\/"},{"@type":"ListItem","position":2,"name":"Ministro de Industria y Comercio asegura RD es segura para la inversi\u00f3n extranjera"}]},{"@type":"WebSite","@id":"https:\/\/potenciaradiofonicadominicana.com\/portal\/#website","url":"https:\/\/potenciaradiofonicadominicana.com\/portal\/","name":"PotenciaRadiofonicaDominicana.com","description":"Peri\u00f3dico Digital","publisher":{"@id":"https:\/\/potenciaradiofonicadominicana.com\/portal\/#organization"},"potentialAction":[{"@type":"SearchAction","target":{"@type":"EntryPoint","urlTemplate":"https:\/\/potenciaradiofonicadominicana.com\/portal\/?s={search_term_string}"},"query-input":{"@type":"PropertyValueSpecification","valueRequired":true,"valueName":"search_term_string"}}],"inLanguage":"es"},{"@type":"Organization","@id":"https:\/\/potenciaradiofonicadominicana.com\/portal\/#organization","name":"PotenciaRadiofonicaDominicana.com","url":"https:\/\/potenciaradiofonicadominicana.com\/portal\/","logo":{"@type":"ImageObject","inLanguage":"es","@id":"https:\/\/potenciaradiofonicadominicana.com\/portal\/#\/schema\/logo\/image\/","url":"https:\/\/potenciaradiofonicadominicana.com\/portal\/wp-content\/uploads\/2022\/01\/descarga.png","contentUrl":"https:\/\/potenciaradiofonicadominicana.com\/portal\/wp-content\/uploads\/2022\/01\/descarga.png","width":300,"height":100,"caption":"PotenciaRadiofonicaDominicana.com"},"image":{"@id":"https:\/\/potenciaradiofonicadominicana.com\/portal\/#\/schema\/logo\/image\/"},"sameAs":["https:\/\/web.facebook.com\/PotenciaRadiofonicaD"]},{"@type":"Person","@id":"https:\/\/potenciaradiofonicadominicana.com\/portal\/#\/schema\/person\/a5cf1fea13877803ee0573ac18b03490","name":"Potencia Radiof\u00f3nica Dominicana","image":{"@type":"ImageObject","inLanguage":"es","@id":"https:\/\/potenciaradiofonicadominicana.com\/portal\/#\/schema\/person\/image\/","url":"https:\/\/secure.gravatar.com\/avatar\/42a55ab9e8ccc656ba34cd791990602a?s=96&d=mm&r=g","contentUrl":"https:\/\/secure.gravatar.com\/avatar\/42a55ab9e8ccc656ba34cd791990602a?s=96&d=mm&r=g","caption":"Potencia Radiof\u00f3nica Dominicana"},"url":"https:\/\/potenciaradiofonicadominicana.com\/portal\/author\/johannyalmanzar\/"}]}},"_links":{"self":[{"href":"https:\/\/potenciaradiofonicadominicana.com\/portal\/wp-json\/wp\/v2\/posts\/116762","targetHints":{"allow":["GET"]}}],"collection":[{"href":"https:\/\/potenciaradiofonicadominicana.com\/portal\/wp-json\/wp\/v2\/posts"}],"about":[{"href":"https:\/\/potenciaradiofonicadominicana.com\/portal\/wp-json\/wp\/v2\/types\/post"}],"author":[{"embeddable":true,"href":"https:\/\/potenciaradiofonicadominicana.com\/portal\/wp-json\/wp\/v2\/users\/2"}],"replies":[{"embeddable":true,"href":"https:\/\/potenciaradiofonicadominicana.com\/portal\/wp-json\/wp\/v2\/comments?post=116762"}],"version-history":[{"count":2,"href":"https:\/\/potenciaradiofonicadominicana.com\/portal\/wp-json\/wp\/v2\/posts\/116762\/revisions"}],"predecessor-version":[{"id":116766,"href":"https:\/\/potenciaradiofonicadominicana.com\/portal\/wp-json\/wp\/v2\/posts\/116762\/revisions\/116766"}],"wp:featuredmedia":[{"embeddable":true,"href":"https:\/\/potenciaradiofonicadominicana.com\/portal\/wp-json\/wp\/v2\/media\/116764"}],"wp:attachment":[{"href":"https:\/\/potenciaradiofonicadominicana.com\/portal\/wp-json\/wp\/v2\/media?parent=116762"}],"wp:term":[{"taxonomy":"category","embeddable":true,"href":"https:\/\/potenciaradiofonicadominicana.com\/portal\/wp-json\/wp\/v2\/categories?post=116762"},{"taxonomy":"post_tag","embeddable":true,"href":"https:\/\/potenciaradiofonicadominicana.com\/portal\/wp-json\/wp\/v2\/tags?post=116762"}],"curies":[{"name":"wp","href":"https:\/\/api.w.org\/{rel}","templated":true}]}}