{"id":116758,"date":"2022-02-16T12:50:15","date_gmt":"2022-02-16T16:50:15","guid":{"rendered":"https:\/\/potenciaradiofonicadominicana.com\/portal\/?p=116758"},"modified":"2022-02-16T12:50:15","modified_gmt":"2022-02-16T16:50:15","slug":"el-gobierno-va-de-nuevo-tras-impuesto-a-servicios-digitales","status":"publish","type":"post","link":"https:\/\/potenciaradiofonicadominicana.com\/portal\/el-gobierno-va-de-nuevo-tras-impuesto-a-servicios-digitales\/","title":{"rendered":"El gobierno va de nuevo tras impuesto a servicios digitales"},"content":{"rendered":"<p><a href=\"https:\/\/potenciaradiofonicadominicana.com\/portal\/wp-content\/uploads\/2022\/02\/plataformas-d23e5a17-focus-0.34-0.54-895-573.jpg\"><img loading=\"lazy\" decoding=\"async\" class=\"alignnone size-full wp-image-116759\" src=\"https:\/\/potenciaradiofonicadominicana.com\/portal\/wp-content\/uploads\/2022\/02\/plataformas-d23e5a17-focus-0.34-0.54-895-573.jpg\" alt=\"\" width=\"640\" height=\"544\" srcset=\"https:\/\/potenciaradiofonicadominicana.com\/portal\/wp-content\/uploads\/2022\/02\/plataformas-d23e5a17-focus-0.34-0.54-895-573.jpg 640w, https:\/\/potenciaradiofonicadominicana.com\/portal\/wp-content\/uploads\/2022\/02\/plataformas-d23e5a17-focus-0.34-0.54-895-573-300x255.jpg 300w\" sizes=\"auto, (max-width: 640px) 100vw, 640px\" \/><\/a><\/p>\n<p>Los usuarios de Amazon, Google, Netflix, Spotify, DiDi, Uber, Airbnb, Indriver y de otros proveedores extranjeros de servicios digitales en la Rep\u00fablica Dominicana probablemente pagar\u00e1n un costo mayor por utilizarlos, de ser aprobado un borrador que cargar\u00eda con ITBIS (impuesto sobre transferencia de bienes industrializados y servicios) esos productos.<\/p>\n<p>El borrador que contiene el \u201cReglamento para la aplicaci\u00f3n del ITBIS a los servicios digitales captados en la Rep\u00fablica Dominicana y que son prestados por proveedores del exterior\u201d, elaborado por la Direcci\u00f3n General de\u00a0<strong>Impuestos<\/strong>\u00a0Internos (<strong>DGII<\/strong>), establece la base sobre la cual se grabar\u00edan estas plataformas.<\/p>\n<p>Aunque se precisa que la base imponible del ITBIS comprende solo el monto total de las prestaciones recibidas, cualquiera sea su naturaleza por concepto de los servicios utilizados y consumidos en el pa\u00eds, y que en las prestaciones de servicios digitales entre entidades de un mismo grupo la base imponible ser\u00e1 su valor normal de mercado, el documento especifica cuatro puntos sobre lo que se determinar\u00e1 el valor del tributo.<\/p>\n<p>Espec\u00edfica que, en el caso de los servicios de publicidad en l\u00ednea, se aplicar\u00e1 a los ingresos totales obtenidos la proporci\u00f3n que represente el n\u00famero de veces que aparezca la publicidad en dispositivos que se encuentren en el pa\u00eds respecto al n\u00famero de veces que aparezca dicha publicidad en cualquier dispositivo.<\/p>\n<p>\u201cEn el caso de los servicios de intermediaci\u00f3n en l\u00ednea en los que exista facilitaci\u00f3n de entregas de bienes o prestaciones de servicios subyacentes directamente entre los usuarios, se aplicar\u00e1 a los ingresos totales obtenidos la proporci\u00f3n que represente el n\u00famero de usuarios situados en Rep\u00fablica Dominicana respecto del n\u00famero total de usuarios que intervengan en ese servicio, cualquiera que sea el lugar en que est\u00e9n situados\u201d, agrega.<\/p>\n<div id=\"detalle-parrafo\">\u00a0En otras de las reglas, el borrador se\u00f1ala que la base imponible de los dem\u00e1s servicios de intermediaci\u00f3n se determinar\u00e1 por el importe total de los ingresos derivados directamente de los usuarios cuando las cuentas que permitan acceder a la interfaz digital utilizada se hubieran abierto utilizando un dispositivo que se encontrara en el momento de su apertura en el pa\u00eds.<\/div>\n<p>\u201cEn el caso de los servicios de transmisi\u00f3n de datos, se aplicar\u00e1 a los ingresos totales obtenidos la proporci\u00f3n que represente el n\u00famero de usuarios que han generado dichos datos que est\u00e9n situados en Rep\u00fablica Dominicana respecto del n\u00famero total de usuarios que hayan generado dichos datos\u201d, ordena.<\/p>\n<p>El reglamento establecer\u00eda que el contribuyente deber\u00e1 elegir la moneda de pago, la cual deber\u00e1 ser pesos dominicanos o d\u00f3lares estadounidenses y advierte que los proveedores extranjeros de servicios digitales no tendr\u00e1n derecho a deducciones del impuesto bruto, salvo que formalice establecimiento permanente digital o con lugar fijo de negocios en territorio nacional.<\/p>\n<p>La\u00a0DGII\u00a0convoc\u00f3, junto con la Consultor\u00eda Jur\u00eddica del Poder Ejecutivo, a todos los interesados en realizar sus comentarios, observaciones y sugerencias al borrador del reglamento. Podr\u00e1n ser hechas por escrito, \u201cacompa\u00f1adas de los documentos que las fundamenten\u00bb, al correo electr\u00f3nico iconsultoriajuridica@consultoria.gov.do; o depositadas ante la Consultor\u00eda Jur\u00eddica, en la recepci\u00f3n del Palacio de la Presidencia.<\/p>\n<p>El plazo para la consulta comienza hoy y finaliza el 21 de marzo.<\/p>\n<h2>No est\u00e1n exentos<\/h2>\n<p>En uno de sus considerandos, el posible reglamento aclara que los servicios digitales no se encuentran enlistados como servicios exentos ITBIS.<\/p>\n<p>La\u00a0<strong>DGII<\/strong>\u00a0precisa que solo se encuentran exentos del pago del citado impuesto los servicios financieros, incluyendo seguros; los planes de pensiones y jubilaciones, servicios de transporte terrestre de personas y de carga; de electricidad, agua y recogida de basura, de alquiler de viviendas, de salud, educativos y culturales, funerarios y salones de belleza y peluquer\u00edas.<\/p>\n<p>Adem\u00e1s, a\u00f1ade que es inter\u00e9s del Gobierno dominicano mejorar la eficiencia, productividad y transparencia de la administraci\u00f3n tributaria, con la implementaci\u00f3n de medidas que permitan mejorar las recaudaciones y disminuir los niveles de elusi\u00f3n y evasi\u00f3n.<\/p>\n<p>Sostiene, adem\u00e1s, que en la actualidad existe una distorsi\u00f3n fiscal dentro de la econom\u00eda digital, raz\u00f3n por la que se procura el establecimiento de un tratamiento tributario diferenciado de operaciones, atendiendo al principio de neutralidad fiscal, pero bajo la \u00f3ptica de evitar distorsiones econ\u00f3micas, sistemas m\u00e1s simples y minimizar las oportunidades de elusi\u00f3n.<\/p>\n<h2>Otros intentos<\/h2>\n<p>No es la primera vez que el Estado dominicano apunta a los servicios digitales como fuente de recaudaci\u00f3n. En el proyecto de Ley de Presupuesto para 2021, se ten\u00eda previsto gravar esas plataformas.<\/p>\n<p>De igual forma, una medida similar pretendi\u00f3 realizar la gesti\u00f3n del entonces presidente Danilo Medina, aunque no se concret\u00f3.<\/p>\n","protected":false},"excerpt":{"rendered":"<p>Los usuarios de Amazon, Google, Netflix, Spotify, DiDi, Uber, Airbnb, Indriver y de otros proveedores extranjeros de servicios digitales en &#8230;<\/p>\n","protected":false},"author":2,"featured_media":116759,"comment_status":"closed","ping_status":"closed","sticky":false,"template":"","format":"standard","meta":{"footnotes":""},"categories":[26],"tags":[],"class_list":["post-116758","post","type-post","status-publish","format-standard","has-post-thumbnail","hentry","category-economia"],"yoast_head":"<!-- This site is optimized with the Yoast SEO plugin v24.8.1 - https:\/\/yoast.com\/wordpress\/plugins\/seo\/ -->\n<title>El gobierno va de nuevo tras impuesto a servicios digitales - PotenciaRadiofonicaDominicana.com<\/title>\n<meta name=\"robots\" content=\"index, follow, max-snippet:-1, max-image-preview:large, max-video-preview:-1\" \/>\n<link rel=\"canonical\" href=\"https:\/\/potenciaradiofonicadominicana.com\/portal\/el-gobierno-va-de-nuevo-tras-impuesto-a-servicios-digitales\/\" \/>\n<meta property=\"og:locale\" content=\"es_ES\" \/>\n<meta property=\"og:type\" content=\"article\" \/>\n<meta property=\"og:title\" content=\"El gobierno va de nuevo tras impuesto a servicios digitales - PotenciaRadiofonicaDominicana.com\" \/>\n<meta property=\"og:description\" content=\"Los usuarios de Amazon, Google, Netflix, Spotify, DiDi, Uber, Airbnb, Indriver y de otros proveedores extranjeros de servicios digitales en ...\" \/>\n<meta property=\"og:url\" content=\"https:\/\/potenciaradiofonicadominicana.com\/portal\/el-gobierno-va-de-nuevo-tras-impuesto-a-servicios-digitales\/\" \/>\n<meta property=\"og:site_name\" content=\"PotenciaRadiofonicaDominicana.com\" \/>\n<meta property=\"article:publisher\" content=\"https:\/\/web.facebook.com\/PotenciaRadiofonicaD\" \/>\n<meta property=\"article:published_time\" content=\"2022-02-16T16:50:15+00:00\" \/>\n<meta property=\"og:image\" content=\"https:\/\/potenciaradiofonicadominicana.com\/portal\/wp-content\/uploads\/2022\/02\/plataformas-d23e5a17-focus-0.34-0.54-895-573.jpg\" \/>\n\t<meta property=\"og:image:width\" content=\"640\" \/>\n\t<meta property=\"og:image:height\" content=\"544\" \/>\n\t<meta property=\"og:image:type\" content=\"image\/jpeg\" \/>\n<meta name=\"author\" content=\"Potencia Radiof\u00f3nica Dominicana\" \/>\n<meta name=\"twitter:card\" content=\"summary_large_image\" \/>\n<meta name=\"twitter:label1\" content=\"Escrito por\" \/>\n\t<meta name=\"twitter:data1\" content=\"Potencia Radiof\u00f3nica Dominicana\" \/>\n\t<meta name=\"twitter:label2\" content=\"Tiempo de lectura\" \/>\n\t<meta name=\"twitter:data2\" content=\"4 minutos\" \/>\n<script type=\"application\/ld+json\" class=\"yoast-schema-graph\">{\"@context\":\"https:\/\/schema.org\",\"@graph\":[{\"@type\":\"Article\",\"@id\":\"https:\/\/potenciaradiofonicadominicana.com\/portal\/el-gobierno-va-de-nuevo-tras-impuesto-a-servicios-digitales\/#article\",\"isPartOf\":{\"@id\":\"https:\/\/potenciaradiofonicadominicana.com\/portal\/el-gobierno-va-de-nuevo-tras-impuesto-a-servicios-digitales\/\"},\"author\":{\"name\":\"Potencia Radiof\u00f3nica Dominicana\",\"@id\":\"https:\/\/potenciaradiofonicadominicana.com\/portal\/#\/schema\/person\/a5cf1fea13877803ee0573ac18b03490\"},\"headline\":\"El gobierno va de nuevo tras impuesto a servicios digitales\",\"datePublished\":\"2022-02-16T16:50:15+00:00\",\"mainEntityOfPage\":{\"@id\":\"https:\/\/potenciaradiofonicadominicana.com\/portal\/el-gobierno-va-de-nuevo-tras-impuesto-a-servicios-digitales\/\"},\"wordCount\":812,\"publisher\":{\"@id\":\"https:\/\/potenciaradiofonicadominicana.com\/portal\/#organization\"},\"image\":{\"@id\":\"https:\/\/potenciaradiofonicadominicana.com\/portal\/el-gobierno-va-de-nuevo-tras-impuesto-a-servicios-digitales\/#primaryimage\"},\"thumbnailUrl\":\"https:\/\/potenciaradiofonicadominicana.com\/portal\/wp-content\/uploads\/2022\/02\/plataformas-d23e5a17-focus-0.34-0.54-895-573.jpg\",\"articleSection\":[\"Econom\u00eda\"],\"inLanguage\":\"es\"},{\"@type\":\"WebPage\",\"@id\":\"https:\/\/potenciaradiofonicadominicana.com\/portal\/el-gobierno-va-de-nuevo-tras-impuesto-a-servicios-digitales\/\",\"url\":\"https:\/\/potenciaradiofonicadominicana.com\/portal\/el-gobierno-va-de-nuevo-tras-impuesto-a-servicios-digitales\/\",\"name\":\"El gobierno va de nuevo tras impuesto a servicios digitales - PotenciaRadiofonicaDominicana.com\",\"isPartOf\":{\"@id\":\"https:\/\/potenciaradiofonicadominicana.com\/portal\/#website\"},\"primaryImageOfPage\":{\"@id\":\"https:\/\/potenciaradiofonicadominicana.com\/portal\/el-gobierno-va-de-nuevo-tras-impuesto-a-servicios-digitales\/#primaryimage\"},\"image\":{\"@id\":\"https:\/\/potenciaradiofonicadominicana.com\/portal\/el-gobierno-va-de-nuevo-tras-impuesto-a-servicios-digitales\/#primaryimage\"},\"thumbnailUrl\":\"https:\/\/potenciaradiofonicadominicana.com\/portal\/wp-content\/uploads\/2022\/02\/plataformas-d23e5a17-focus-0.34-0.54-895-573.jpg\",\"datePublished\":\"2022-02-16T16:50:15+00:00\",\"breadcrumb\":{\"@id\":\"https:\/\/potenciaradiofonicadominicana.com\/portal\/el-gobierno-va-de-nuevo-tras-impuesto-a-servicios-digitales\/#breadcrumb\"},\"inLanguage\":\"es\",\"potentialAction\":[{\"@type\":\"ReadAction\",\"target\":[\"https:\/\/potenciaradiofonicadominicana.com\/portal\/el-gobierno-va-de-nuevo-tras-impuesto-a-servicios-digitales\/\"]}]},{\"@type\":\"ImageObject\",\"inLanguage\":\"es\",\"@id\":\"https:\/\/potenciaradiofonicadominicana.com\/portal\/el-gobierno-va-de-nuevo-tras-impuesto-a-servicios-digitales\/#primaryimage\",\"url\":\"https:\/\/potenciaradiofonicadominicana.com\/portal\/wp-content\/uploads\/2022\/02\/plataformas-d23e5a17-focus-0.34-0.54-895-573.jpg\",\"contentUrl\":\"https:\/\/potenciaradiofonicadominicana.com\/portal\/wp-content\/uploads\/2022\/02\/plataformas-d23e5a17-focus-0.34-0.54-895-573.jpg\",\"width\":640,\"height\":544},{\"@type\":\"BreadcrumbList\",\"@id\":\"https:\/\/potenciaradiofonicadominicana.com\/portal\/el-gobierno-va-de-nuevo-tras-impuesto-a-servicios-digitales\/#breadcrumb\",\"itemListElement\":[{\"@type\":\"ListItem\",\"position\":1,\"name\":\"Portada\",\"item\":\"https:\/\/potenciaradiofonicadominicana.com\/portal\/\"},{\"@type\":\"ListItem\",\"position\":2,\"name\":\"El gobierno va de nuevo tras impuesto a servicios digitales\"}]},{\"@type\":\"WebSite\",\"@id\":\"https:\/\/potenciaradiofonicadominicana.com\/portal\/#website\",\"url\":\"https:\/\/potenciaradiofonicadominicana.com\/portal\/\",\"name\":\"PotenciaRadiofonicaDominicana.com\",\"description\":\"Peri\u00f3dico Digital\",\"publisher\":{\"@id\":\"https:\/\/potenciaradiofonicadominicana.com\/portal\/#organization\"},\"potentialAction\":[{\"@type\":\"SearchAction\",\"target\":{\"@type\":\"EntryPoint\",\"urlTemplate\":\"https:\/\/potenciaradiofonicadominicana.com\/portal\/?s={search_term_string}\"},\"query-input\":{\"@type\":\"PropertyValueSpecification\",\"valueRequired\":true,\"valueName\":\"search_term_string\"}}],\"inLanguage\":\"es\"},{\"@type\":\"Organization\",\"@id\":\"https:\/\/potenciaradiofonicadominicana.com\/portal\/#organization\",\"name\":\"PotenciaRadiofonicaDominicana.com\",\"url\":\"https:\/\/potenciaradiofonicadominicana.com\/portal\/\",\"logo\":{\"@type\":\"ImageObject\",\"inLanguage\":\"es\",\"@id\":\"https:\/\/potenciaradiofonicadominicana.com\/portal\/#\/schema\/logo\/image\/\",\"url\":\"https:\/\/potenciaradiofonicadominicana.com\/portal\/wp-content\/uploads\/2022\/01\/descarga.png\",\"contentUrl\":\"https:\/\/potenciaradiofonicadominicana.com\/portal\/wp-content\/uploads\/2022\/01\/descarga.png\",\"width\":300,\"height\":100,\"caption\":\"PotenciaRadiofonicaDominicana.com\"},\"image\":{\"@id\":\"https:\/\/potenciaradiofonicadominicana.com\/portal\/#\/schema\/logo\/image\/\"},\"sameAs\":[\"https:\/\/web.facebook.com\/PotenciaRadiofonicaD\"]},{\"@type\":\"Person\",\"@id\":\"https:\/\/potenciaradiofonicadominicana.com\/portal\/#\/schema\/person\/a5cf1fea13877803ee0573ac18b03490\",\"name\":\"Potencia Radiof\u00f3nica Dominicana\",\"image\":{\"@type\":\"ImageObject\",\"inLanguage\":\"es\",\"@id\":\"https:\/\/potenciaradiofonicadominicana.com\/portal\/#\/schema\/person\/image\/\",\"url\":\"https:\/\/secure.gravatar.com\/avatar\/42a55ab9e8ccc656ba34cd791990602a?s=96&d=mm&r=g\",\"contentUrl\":\"https:\/\/secure.gravatar.com\/avatar\/42a55ab9e8ccc656ba34cd791990602a?s=96&d=mm&r=g\",\"caption\":\"Potencia Radiof\u00f3nica Dominicana\"},\"url\":\"https:\/\/potenciaradiofonicadominicana.com\/portal\/author\/johannyalmanzar\/\"}]}<\/script>\n<!-- \/ Yoast SEO plugin. -->","yoast_head_json":{"title":"El gobierno va de nuevo tras impuesto a servicios digitales - PotenciaRadiofonicaDominicana.com","robots":{"index":"index","follow":"follow","max-snippet":"max-snippet:-1","max-image-preview":"max-image-preview:large","max-video-preview":"max-video-preview:-1"},"canonical":"https:\/\/potenciaradiofonicadominicana.com\/portal\/el-gobierno-va-de-nuevo-tras-impuesto-a-servicios-digitales\/","og_locale":"es_ES","og_type":"article","og_title":"El gobierno va de nuevo tras impuesto a servicios digitales - PotenciaRadiofonicaDominicana.com","og_description":"Los usuarios de Amazon, Google, Netflix, Spotify, DiDi, Uber, Airbnb, Indriver y de otros proveedores extranjeros de servicios digitales en ...","og_url":"https:\/\/potenciaradiofonicadominicana.com\/portal\/el-gobierno-va-de-nuevo-tras-impuesto-a-servicios-digitales\/","og_site_name":"PotenciaRadiofonicaDominicana.com","article_publisher":"https:\/\/web.facebook.com\/PotenciaRadiofonicaD","article_published_time":"2022-02-16T16:50:15+00:00","og_image":[{"width":640,"height":544,"url":"https:\/\/potenciaradiofonicadominicana.com\/portal\/wp-content\/uploads\/2022\/02\/plataformas-d23e5a17-focus-0.34-0.54-895-573.jpg","type":"image\/jpeg"}],"author":"Potencia Radiof\u00f3nica Dominicana","twitter_card":"summary_large_image","twitter_misc":{"Escrito por":"Potencia Radiof\u00f3nica Dominicana","Tiempo de lectura":"4 minutos"},"schema":{"@context":"https:\/\/schema.org","@graph":[{"@type":"Article","@id":"https:\/\/potenciaradiofonicadominicana.com\/portal\/el-gobierno-va-de-nuevo-tras-impuesto-a-servicios-digitales\/#article","isPartOf":{"@id":"https:\/\/potenciaradiofonicadominicana.com\/portal\/el-gobierno-va-de-nuevo-tras-impuesto-a-servicios-digitales\/"},"author":{"name":"Potencia Radiof\u00f3nica Dominicana","@id":"https:\/\/potenciaradiofonicadominicana.com\/portal\/#\/schema\/person\/a5cf1fea13877803ee0573ac18b03490"},"headline":"El gobierno va de nuevo tras impuesto a servicios digitales","datePublished":"2022-02-16T16:50:15+00:00","mainEntityOfPage":{"@id":"https:\/\/potenciaradiofonicadominicana.com\/portal\/el-gobierno-va-de-nuevo-tras-impuesto-a-servicios-digitales\/"},"wordCount":812,"publisher":{"@id":"https:\/\/potenciaradiofonicadominicana.com\/portal\/#organization"},"image":{"@id":"https:\/\/potenciaradiofonicadominicana.com\/portal\/el-gobierno-va-de-nuevo-tras-impuesto-a-servicios-digitales\/#primaryimage"},"thumbnailUrl":"https:\/\/potenciaradiofonicadominicana.com\/portal\/wp-content\/uploads\/2022\/02\/plataformas-d23e5a17-focus-0.34-0.54-895-573.jpg","articleSection":["Econom\u00eda"],"inLanguage":"es"},{"@type":"WebPage","@id":"https:\/\/potenciaradiofonicadominicana.com\/portal\/el-gobierno-va-de-nuevo-tras-impuesto-a-servicios-digitales\/","url":"https:\/\/potenciaradiofonicadominicana.com\/portal\/el-gobierno-va-de-nuevo-tras-impuesto-a-servicios-digitales\/","name":"El gobierno va de nuevo tras impuesto a servicios digitales - PotenciaRadiofonicaDominicana.com","isPartOf":{"@id":"https:\/\/potenciaradiofonicadominicana.com\/portal\/#website"},"primaryImageOfPage":{"@id":"https:\/\/potenciaradiofonicadominicana.com\/portal\/el-gobierno-va-de-nuevo-tras-impuesto-a-servicios-digitales\/#primaryimage"},"image":{"@id":"https:\/\/potenciaradiofonicadominicana.com\/portal\/el-gobierno-va-de-nuevo-tras-impuesto-a-servicios-digitales\/#primaryimage"},"thumbnailUrl":"https:\/\/potenciaradiofonicadominicana.com\/portal\/wp-content\/uploads\/2022\/02\/plataformas-d23e5a17-focus-0.34-0.54-895-573.jpg","datePublished":"2022-02-16T16:50:15+00:00","breadcrumb":{"@id":"https:\/\/potenciaradiofonicadominicana.com\/portal\/el-gobierno-va-de-nuevo-tras-impuesto-a-servicios-digitales\/#breadcrumb"},"inLanguage":"es","potentialAction":[{"@type":"ReadAction","target":["https:\/\/potenciaradiofonicadominicana.com\/portal\/el-gobierno-va-de-nuevo-tras-impuesto-a-servicios-digitales\/"]}]},{"@type":"ImageObject","inLanguage":"es","@id":"https:\/\/potenciaradiofonicadominicana.com\/portal\/el-gobierno-va-de-nuevo-tras-impuesto-a-servicios-digitales\/#primaryimage","url":"https:\/\/potenciaradiofonicadominicana.com\/portal\/wp-content\/uploads\/2022\/02\/plataformas-d23e5a17-focus-0.34-0.54-895-573.jpg","contentUrl":"https:\/\/potenciaradiofonicadominicana.com\/portal\/wp-content\/uploads\/2022\/02\/plataformas-d23e5a17-focus-0.34-0.54-895-573.jpg","width":640,"height":544},{"@type":"BreadcrumbList","@id":"https:\/\/potenciaradiofonicadominicana.com\/portal\/el-gobierno-va-de-nuevo-tras-impuesto-a-servicios-digitales\/#breadcrumb","itemListElement":[{"@type":"ListItem","position":1,"name":"Portada","item":"https:\/\/potenciaradiofonicadominicana.com\/portal\/"},{"@type":"ListItem","position":2,"name":"El gobierno va de nuevo tras impuesto a servicios digitales"}]},{"@type":"WebSite","@id":"https:\/\/potenciaradiofonicadominicana.com\/portal\/#website","url":"https:\/\/potenciaradiofonicadominicana.com\/portal\/","name":"PotenciaRadiofonicaDominicana.com","description":"Peri\u00f3dico Digital","publisher":{"@id":"https:\/\/potenciaradiofonicadominicana.com\/portal\/#organization"},"potentialAction":[{"@type":"SearchAction","target":{"@type":"EntryPoint","urlTemplate":"https:\/\/potenciaradiofonicadominicana.com\/portal\/?s={search_term_string}"},"query-input":{"@type":"PropertyValueSpecification","valueRequired":true,"valueName":"search_term_string"}}],"inLanguage":"es"},{"@type":"Organization","@id":"https:\/\/potenciaradiofonicadominicana.com\/portal\/#organization","name":"PotenciaRadiofonicaDominicana.com","url":"https:\/\/potenciaradiofonicadominicana.com\/portal\/","logo":{"@type":"ImageObject","inLanguage":"es","@id":"https:\/\/potenciaradiofonicadominicana.com\/portal\/#\/schema\/logo\/image\/","url":"https:\/\/potenciaradiofonicadominicana.com\/portal\/wp-content\/uploads\/2022\/01\/descarga.png","contentUrl":"https:\/\/potenciaradiofonicadominicana.com\/portal\/wp-content\/uploads\/2022\/01\/descarga.png","width":300,"height":100,"caption":"PotenciaRadiofonicaDominicana.com"},"image":{"@id":"https:\/\/potenciaradiofonicadominicana.com\/portal\/#\/schema\/logo\/image\/"},"sameAs":["https:\/\/web.facebook.com\/PotenciaRadiofonicaD"]},{"@type":"Person","@id":"https:\/\/potenciaradiofonicadominicana.com\/portal\/#\/schema\/person\/a5cf1fea13877803ee0573ac18b03490","name":"Potencia Radiof\u00f3nica Dominicana","image":{"@type":"ImageObject","inLanguage":"es","@id":"https:\/\/potenciaradiofonicadominicana.com\/portal\/#\/schema\/person\/image\/","url":"https:\/\/secure.gravatar.com\/avatar\/42a55ab9e8ccc656ba34cd791990602a?s=96&d=mm&r=g","contentUrl":"https:\/\/secure.gravatar.com\/avatar\/42a55ab9e8ccc656ba34cd791990602a?s=96&d=mm&r=g","caption":"Potencia Radiof\u00f3nica Dominicana"},"url":"https:\/\/potenciaradiofonicadominicana.com\/portal\/author\/johannyalmanzar\/"}]}},"_links":{"self":[{"href":"https:\/\/potenciaradiofonicadominicana.com\/portal\/wp-json\/wp\/v2\/posts\/116758","targetHints":{"allow":["GET"]}}],"collection":[{"href":"https:\/\/potenciaradiofonicadominicana.com\/portal\/wp-json\/wp\/v2\/posts"}],"about":[{"href":"https:\/\/potenciaradiofonicadominicana.com\/portal\/wp-json\/wp\/v2\/types\/post"}],"author":[{"embeddable":true,"href":"https:\/\/potenciaradiofonicadominicana.com\/portal\/wp-json\/wp\/v2\/users\/2"}],"replies":[{"embeddable":true,"href":"https:\/\/potenciaradiofonicadominicana.com\/portal\/wp-json\/wp\/v2\/comments?post=116758"}],"version-history":[{"count":1,"href":"https:\/\/potenciaradiofonicadominicana.com\/portal\/wp-json\/wp\/v2\/posts\/116758\/revisions"}],"predecessor-version":[{"id":116760,"href":"https:\/\/potenciaradiofonicadominicana.com\/portal\/wp-json\/wp\/v2\/posts\/116758\/revisions\/116760"}],"wp:featuredmedia":[{"embeddable":true,"href":"https:\/\/potenciaradiofonicadominicana.com\/portal\/wp-json\/wp\/v2\/media\/116759"}],"wp:attachment":[{"href":"https:\/\/potenciaradiofonicadominicana.com\/portal\/wp-json\/wp\/v2\/media?parent=116758"}],"wp:term":[{"taxonomy":"category","embeddable":true,"href":"https:\/\/potenciaradiofonicadominicana.com\/portal\/wp-json\/wp\/v2\/categories?post=116758"},{"taxonomy":"post_tag","embeddable":true,"href":"https:\/\/potenciaradiofonicadominicana.com\/portal\/wp-json\/wp\/v2\/tags?post=116758"}],"curies":[{"name":"wp","href":"https:\/\/api.w.org\/{rel}","templated":true}]}}