{"id":116604,"date":"2022-02-15T09:13:03","date_gmt":"2022-02-15T13:13:03","guid":{"rendered":"https:\/\/potenciaradiofonicadominicana.com\/portal\/?p=116604"},"modified":"2022-02-15T09:13:03","modified_gmt":"2022-02-15T13:13:03","slug":"inauguran-proyecto-de-vivienda-de-bajo-costo-palmas-de-san-pedro","status":"publish","type":"post","link":"https:\/\/potenciaradiofonicadominicana.com\/portal\/inauguran-proyecto-de-vivienda-de-bajo-costo-palmas-de-san-pedro\/","title":{"rendered":"Inauguran proyecto de vivienda de bajo costo \u00abPalmas de San Pedro\u00bb"},"content":{"rendered":"<p><a href=\"https:\/\/potenciaradiofonicadominicana.com\/portal\/wp-content\/uploads\/2022\/02\/entrega-de-llaves-30d3b0a6-focus-min0.03-0.14-895-573.jpg\"><img loading=\"lazy\" decoding=\"async\" class=\"alignnone size-full wp-image-116608\" src=\"https:\/\/potenciaradiofonicadominicana.com\/portal\/wp-content\/uploads\/2022\/02\/entrega-de-llaves-30d3b0a6-focus-min0.03-0.14-895-573.jpg\" alt=\"\" width=\"895\" height=\"573\" srcset=\"https:\/\/potenciaradiofonicadominicana.com\/portal\/wp-content\/uploads\/2022\/02\/entrega-de-llaves-30d3b0a6-focus-min0.03-0.14-895-573.jpg 895w, https:\/\/potenciaradiofonicadominicana.com\/portal\/wp-content\/uploads\/2022\/02\/entrega-de-llaves-30d3b0a6-focus-min0.03-0.14-895-573-300x192.jpg 300w, https:\/\/potenciaradiofonicadominicana.com\/portal\/wp-content\/uploads\/2022\/02\/entrega-de-llaves-30d3b0a6-focus-min0.03-0.14-895-573-768x492.jpg 768w\" sizes=\"auto, (max-width: 895px) 100vw, 895px\" \/><\/a><\/p>\n<div class=\"post-media post-featured-image\">\n<p>Luis Abinader, presidente de la rep\u00fablica entrega las llaves de su apartamento a Alexandra Serafin, le acompa\u00f1an, Expedy Pou, Felipe Vicini, presidente de Inicia, y Felipe Germade, socio de DAF Management.<\/p>\n<\/div>\n<div id=\"leercontexto\" class=\"entry-content\">\n<p>En un acto encabezado por el Presidente de la Rep\u00fablica,<a href=\"https:\/\/hoy.com.do\/presidente-abinader-inicia-e-inaugura-obras-por-mas-5000-millones\/\">\u00a0Luis Abinader<\/a>, las Firmas DAF Management e INICIA inauguraron la primera etapa del proyecto \u201cPalmas de San Pedro\u201d que administra la Fiduciaria DAF Partners S.A.<\/p>\n<p>\u201cPalmas de San Pedro\u201d es un proyecto cerrado de 726 viviendas de bajo costo, construidas bajo el esquema de fideicomiso que ampara la Ley 189-11 para el Desarrollo del Mercado Hipotecario y el Fideicomiso, y el cual representa una inversi\u00f3n aproximada de RD$1,600,000,000.00 (Mil seiscientos millones de pesos).<\/p>\n<p><strong>Ubicado en la Avenida Laureano Canto (antigua carretera Mella), a 2 kil\u00f3metros de la Autov\u00eda El Coral se aprecia el complejo que contiene unidades de casas y apartamentos con precios que van desde RD$2,500,000 hasta RD$4,499,000.<\/strong><\/p>\n<p>Para la comercializaci\u00f3n de las unidades la administraci\u00f3n ha dispuesto el dise\u00f1o de tres modelos diferentes, tanto para los apartamentos, como para las casas, a fin de que los clientes puedan tener varias opciones conforme a sus necesidades y presupuesto. Los apartamentos se encuentran disponibles en los modelos de 55, 65 y 78 mts2, mientras las casas se ofrecen en unidades de 62, 65 y 87 mts2.<\/p>\n<div class=\"wp-block-image\">\n<figure class=\"aligncenter size-large\"><img loading=\"lazy\" decoding=\"async\" class=\"wp-image-2428032\" src=\"https:\/\/hoy.com.do\/wp-content\/uploads\/2022\/02\/2-1-553x450.jpeg\" sizes=\"auto, (max-width: 553px) 100vw, 553px\" srcset=\"https:\/\/hoy.com.do\/wp-content\/uploads\/2022\/02\/2-1-553x450.jpeg 553w, https:\/\/hoy.com.do\/wp-content\/uploads\/2022\/02\/2-1-369x300.jpeg 369w, https:\/\/hoy.com.do\/wp-content\/uploads\/2022\/02\/2-1.jpeg 1200w\" alt=\"\" width=\"553\" height=\"450\" \/><figcaption>Pedro Molina, Expedy Pou, Salvador Catrain y Guillermo Guzm\u00e1n<\/figcaption><\/figure>\n<\/div>\n<p>El proyecto est\u00e1 dividido en 4 etapas. La primera de ellas, de 120 unidades est\u00e1 completamente vendida, y fue entregada en el d\u00eda de hoy a la comunidad petromacorisana en presencia del Presidente de la Rep\u00fablica.<\/p>\n<p>\u201cPalmas de San Pedro\u201d<strong>\u00a0<\/strong>cuenta con c\u00e1maras de seguridad y puestos de vigilancia, control de acceso, parqueos se\u00f1alizados, calles iluminadas con tecnolog\u00eda LED, as\u00ed como facilidades recreativas, entre las que se destacan: parques, \u00e1reas de juegos y deportivas.<\/p>\n<p>Estas viviendas pueden ser separadas con\u00a0tan solo 10 mil pesos,\u00a0d\u00e1ndole oportunidad al adquiriente de completar su inicial en un periodo de 12 meses. Se destaca que la Ley 189-11 brinda incentivos para los adquirientes de primera vivienda, otorgando un bono ITBIS del Estado Dominicano por medio de la Direcci\u00f3n General de Impuestos Internos equivalente al 8% del valor de la vivienda.<\/p>\n<p>Con este aporte, el sector empresarial suma m\u00e1s de 1000 empleos directos e indirectos; con lo que impulsa el dinamismo econ\u00f3mico, minimiza el d\u00e9ficit habitacional y provee una vivienda digna para los habitantes de la ciudad de San Pedro de Macor\u00eds.<\/p>\n<p>Durante el acto se anunci\u00f3 que se trabaja en los preparativos para el lanzamiento de los proyectos \u201cPalmas de Santo Domingo Norte\u201d, \u201cPalmas de La Romana\u201d y \u201cPalmas de San Francisco de Macor\u00eds\u201d, los cuales representar\u00e1n un total de 7,500 unidades habitacionales de viviendas de bajo costo, con una inversi\u00f3n total aproximada de US$370,000,000 (Trecientos setenta millones de d\u00f3lares) a ser efectuada en los pr\u00f3ximos 8 a\u00f1os.<\/p>\n<p>Al acto de inauguraci\u00f3n de \u201cPalmas de San Pedro\u201d asistieron los se\u00f1ores Felipe Vicini, Presidente de INICIA, Carlos Bonilla y Deligne Ascenci\u00f3n, Ministros de Obras P\u00fablicas y de la Vivienda y Edificaciones, respectivamente; Felipe Germade y Expedy Pou, Socios de DAF Management y los presidentes de las c\u00e1maras legislativas Eduardo Estrella y Alfredo Pacheco, entre otras personalidades.<\/p>\n<\/div>\n","protected":false},"excerpt":{"rendered":"<p>Luis Abinader, presidente de la rep\u00fablica entrega las llaves de su apartamento a Alexandra Serafin, le acompa\u00f1an, Expedy Pou, Felipe &#8230;<\/p>\n","protected":false},"author":2,"featured_media":116608,"comment_status":"closed","ping_status":"closed","sticky":false,"template":"","format":"standard","meta":{"footnotes":""},"categories":[26],"tags":[],"class_list":["post-116604","post","type-post","status-publish","format-standard","has-post-thumbnail","hentry","category-economia"],"yoast_head":"<!-- This site is optimized with the Yoast SEO plugin v24.8.1 - https:\/\/yoast.com\/wordpress\/plugins\/seo\/ -->\n<title>Inauguran proyecto de vivienda de bajo costo \u00abPalmas de San Pedro\u00bb - PotenciaRadiofonicaDominicana.com<\/title>\n<meta name=\"robots\" content=\"index, follow, max-snippet:-1, max-image-preview:large, max-video-preview:-1\" \/>\n<link rel=\"canonical\" href=\"https:\/\/potenciaradiofonicadominicana.com\/portal\/inauguran-proyecto-de-vivienda-de-bajo-costo-palmas-de-san-pedro\/\" \/>\n<meta property=\"og:locale\" content=\"es_ES\" \/>\n<meta property=\"og:type\" content=\"article\" \/>\n<meta property=\"og:title\" content=\"Inauguran proyecto de vivienda de bajo costo \u00abPalmas de San Pedro\u00bb - PotenciaRadiofonicaDominicana.com\" \/>\n<meta property=\"og:description\" content=\"Luis Abinader, presidente de la rep\u00fablica entrega las llaves de su apartamento a Alexandra Serafin, le acompa\u00f1an, Expedy Pou, Felipe ...\" \/>\n<meta property=\"og:url\" content=\"https:\/\/potenciaradiofonicadominicana.com\/portal\/inauguran-proyecto-de-vivienda-de-bajo-costo-palmas-de-san-pedro\/\" \/>\n<meta property=\"og:site_name\" content=\"PotenciaRadiofonicaDominicana.com\" \/>\n<meta property=\"article:publisher\" content=\"https:\/\/web.facebook.com\/PotenciaRadiofonicaD\" \/>\n<meta property=\"article:published_time\" content=\"2022-02-15T13:13:03+00:00\" \/>\n<meta property=\"og:image\" content=\"https:\/\/potenciaradiofonicadominicana.com\/portal\/wp-content\/uploads\/2022\/02\/entrega-de-llaves-30d3b0a6-focus-min0.03-0.14-895-573.jpg\" \/>\n\t<meta property=\"og:image:width\" content=\"895\" \/>\n\t<meta property=\"og:image:height\" content=\"573\" \/>\n\t<meta property=\"og:image:type\" content=\"image\/jpeg\" \/>\n<meta name=\"author\" content=\"Potencia Radiof\u00f3nica Dominicana\" \/>\n<meta name=\"twitter:card\" content=\"summary_large_image\" \/>\n<meta name=\"twitter:label1\" content=\"Escrito por\" \/>\n\t<meta name=\"twitter:data1\" content=\"Potencia Radiof\u00f3nica Dominicana\" \/>\n\t<meta name=\"twitter:label2\" content=\"Tiempo de lectura\" \/>\n\t<meta name=\"twitter:data2\" content=\"3 minutos\" \/>\n<script type=\"application\/ld+json\" class=\"yoast-schema-graph\">{\"@context\":\"https:\/\/schema.org\",\"@graph\":[{\"@type\":\"Article\",\"@id\":\"https:\/\/potenciaradiofonicadominicana.com\/portal\/inauguran-proyecto-de-vivienda-de-bajo-costo-palmas-de-san-pedro\/#article\",\"isPartOf\":{\"@id\":\"https:\/\/potenciaradiofonicadominicana.com\/portal\/inauguran-proyecto-de-vivienda-de-bajo-costo-palmas-de-san-pedro\/\"},\"author\":{\"name\":\"Potencia Radiof\u00f3nica Dominicana\",\"@id\":\"https:\/\/potenciaradiofonicadominicana.com\/portal\/#\/schema\/person\/a5cf1fea13877803ee0573ac18b03490\"},\"headline\":\"Inauguran proyecto de vivienda de bajo costo \u00abPalmas de San Pedro\u00bb\",\"datePublished\":\"2022-02-15T13:13:03+00:00\",\"mainEntityOfPage\":{\"@id\":\"https:\/\/potenciaradiofonicadominicana.com\/portal\/inauguran-proyecto-de-vivienda-de-bajo-costo-palmas-de-san-pedro\/\"},\"wordCount\":556,\"publisher\":{\"@id\":\"https:\/\/potenciaradiofonicadominicana.com\/portal\/#organization\"},\"image\":{\"@id\":\"https:\/\/potenciaradiofonicadominicana.com\/portal\/inauguran-proyecto-de-vivienda-de-bajo-costo-palmas-de-san-pedro\/#primaryimage\"},\"thumbnailUrl\":\"https:\/\/potenciaradiofonicadominicana.com\/portal\/wp-content\/uploads\/2022\/02\/entrega-de-llaves-30d3b0a6-focus-min0.03-0.14-895-573.jpg\",\"articleSection\":[\"Econom\u00eda\"],\"inLanguage\":\"es\"},{\"@type\":\"WebPage\",\"@id\":\"https:\/\/potenciaradiofonicadominicana.com\/portal\/inauguran-proyecto-de-vivienda-de-bajo-costo-palmas-de-san-pedro\/\",\"url\":\"https:\/\/potenciaradiofonicadominicana.com\/portal\/inauguran-proyecto-de-vivienda-de-bajo-costo-palmas-de-san-pedro\/\",\"name\":\"Inauguran proyecto de vivienda de bajo costo \u00abPalmas de San Pedro\u00bb - PotenciaRadiofonicaDominicana.com\",\"isPartOf\":{\"@id\":\"https:\/\/potenciaradiofonicadominicana.com\/portal\/#website\"},\"primaryImageOfPage\":{\"@id\":\"https:\/\/potenciaradiofonicadominicana.com\/portal\/inauguran-proyecto-de-vivienda-de-bajo-costo-palmas-de-san-pedro\/#primaryimage\"},\"image\":{\"@id\":\"https:\/\/potenciaradiofonicadominicana.com\/portal\/inauguran-proyecto-de-vivienda-de-bajo-costo-palmas-de-san-pedro\/#primaryimage\"},\"thumbnailUrl\":\"https:\/\/potenciaradiofonicadominicana.com\/portal\/wp-content\/uploads\/2022\/02\/entrega-de-llaves-30d3b0a6-focus-min0.03-0.14-895-573.jpg\",\"datePublished\":\"2022-02-15T13:13:03+00:00\",\"breadcrumb\":{\"@id\":\"https:\/\/potenciaradiofonicadominicana.com\/portal\/inauguran-proyecto-de-vivienda-de-bajo-costo-palmas-de-san-pedro\/#breadcrumb\"},\"inLanguage\":\"es\",\"potentialAction\":[{\"@type\":\"ReadAction\",\"target\":[\"https:\/\/potenciaradiofonicadominicana.com\/portal\/inauguran-proyecto-de-vivienda-de-bajo-costo-palmas-de-san-pedro\/\"]}]},{\"@type\":\"ImageObject\",\"inLanguage\":\"es\",\"@id\":\"https:\/\/potenciaradiofonicadominicana.com\/portal\/inauguran-proyecto-de-vivienda-de-bajo-costo-palmas-de-san-pedro\/#primaryimage\",\"url\":\"https:\/\/potenciaradiofonicadominicana.com\/portal\/wp-content\/uploads\/2022\/02\/entrega-de-llaves-30d3b0a6-focus-min0.03-0.14-895-573.jpg\",\"contentUrl\":\"https:\/\/potenciaradiofonicadominicana.com\/portal\/wp-content\/uploads\/2022\/02\/entrega-de-llaves-30d3b0a6-focus-min0.03-0.14-895-573.jpg\",\"width\":895,\"height\":573},{\"@type\":\"BreadcrumbList\",\"@id\":\"https:\/\/potenciaradiofonicadominicana.com\/portal\/inauguran-proyecto-de-vivienda-de-bajo-costo-palmas-de-san-pedro\/#breadcrumb\",\"itemListElement\":[{\"@type\":\"ListItem\",\"position\":1,\"name\":\"Portada\",\"item\":\"https:\/\/potenciaradiofonicadominicana.com\/portal\/\"},{\"@type\":\"ListItem\",\"position\":2,\"name\":\"Inauguran proyecto de vivienda de bajo costo \u00abPalmas de San Pedro\u00bb\"}]},{\"@type\":\"WebSite\",\"@id\":\"https:\/\/potenciaradiofonicadominicana.com\/portal\/#website\",\"url\":\"https:\/\/potenciaradiofonicadominicana.com\/portal\/\",\"name\":\"PotenciaRadiofonicaDominicana.com\",\"description\":\"Peri\u00f3dico Digital\",\"publisher\":{\"@id\":\"https:\/\/potenciaradiofonicadominicana.com\/portal\/#organization\"},\"potentialAction\":[{\"@type\":\"SearchAction\",\"target\":{\"@type\":\"EntryPoint\",\"urlTemplate\":\"https:\/\/potenciaradiofonicadominicana.com\/portal\/?s={search_term_string}\"},\"query-input\":{\"@type\":\"PropertyValueSpecification\",\"valueRequired\":true,\"valueName\":\"search_term_string\"}}],\"inLanguage\":\"es\"},{\"@type\":\"Organization\",\"@id\":\"https:\/\/potenciaradiofonicadominicana.com\/portal\/#organization\",\"name\":\"PotenciaRadiofonicaDominicana.com\",\"url\":\"https:\/\/potenciaradiofonicadominicana.com\/portal\/\",\"logo\":{\"@type\":\"ImageObject\",\"inLanguage\":\"es\",\"@id\":\"https:\/\/potenciaradiofonicadominicana.com\/portal\/#\/schema\/logo\/image\/\",\"url\":\"https:\/\/potenciaradiofonicadominicana.com\/portal\/wp-content\/uploads\/2022\/01\/descarga.png\",\"contentUrl\":\"https:\/\/potenciaradiofonicadominicana.com\/portal\/wp-content\/uploads\/2022\/01\/descarga.png\",\"width\":300,\"height\":100,\"caption\":\"PotenciaRadiofonicaDominicana.com\"},\"image\":{\"@id\":\"https:\/\/potenciaradiofonicadominicana.com\/portal\/#\/schema\/logo\/image\/\"},\"sameAs\":[\"https:\/\/web.facebook.com\/PotenciaRadiofonicaD\"]},{\"@type\":\"Person\",\"@id\":\"https:\/\/potenciaradiofonicadominicana.com\/portal\/#\/schema\/person\/a5cf1fea13877803ee0573ac18b03490\",\"name\":\"Potencia Radiof\u00f3nica Dominicana\",\"image\":{\"@type\":\"ImageObject\",\"inLanguage\":\"es\",\"@id\":\"https:\/\/potenciaradiofonicadominicana.com\/portal\/#\/schema\/person\/image\/\",\"url\":\"https:\/\/secure.gravatar.com\/avatar\/42a55ab9e8ccc656ba34cd791990602a?s=96&d=mm&r=g\",\"contentUrl\":\"https:\/\/secure.gravatar.com\/avatar\/42a55ab9e8ccc656ba34cd791990602a?s=96&d=mm&r=g\",\"caption\":\"Potencia Radiof\u00f3nica Dominicana\"},\"url\":\"https:\/\/potenciaradiofonicadominicana.com\/portal\/author\/johannyalmanzar\/\"}]}<\/script>\n<!-- \/ Yoast SEO plugin. -->","yoast_head_json":{"title":"Inauguran proyecto de vivienda de bajo costo \u00abPalmas de San Pedro\u00bb - PotenciaRadiofonicaDominicana.com","robots":{"index":"index","follow":"follow","max-snippet":"max-snippet:-1","max-image-preview":"max-image-preview:large","max-video-preview":"max-video-preview:-1"},"canonical":"https:\/\/potenciaradiofonicadominicana.com\/portal\/inauguran-proyecto-de-vivienda-de-bajo-costo-palmas-de-san-pedro\/","og_locale":"es_ES","og_type":"article","og_title":"Inauguran proyecto de vivienda de bajo costo \u00abPalmas de San Pedro\u00bb - PotenciaRadiofonicaDominicana.com","og_description":"Luis Abinader, presidente de la rep\u00fablica entrega las llaves de su apartamento a Alexandra Serafin, le acompa\u00f1an, Expedy Pou, Felipe ...","og_url":"https:\/\/potenciaradiofonicadominicana.com\/portal\/inauguran-proyecto-de-vivienda-de-bajo-costo-palmas-de-san-pedro\/","og_site_name":"PotenciaRadiofonicaDominicana.com","article_publisher":"https:\/\/web.facebook.com\/PotenciaRadiofonicaD","article_published_time":"2022-02-15T13:13:03+00:00","og_image":[{"width":895,"height":573,"url":"https:\/\/potenciaradiofonicadominicana.com\/portal\/wp-content\/uploads\/2022\/02\/entrega-de-llaves-30d3b0a6-focus-min0.03-0.14-895-573.jpg","type":"image\/jpeg"}],"author":"Potencia Radiof\u00f3nica Dominicana","twitter_card":"summary_large_image","twitter_misc":{"Escrito por":"Potencia Radiof\u00f3nica Dominicana","Tiempo de lectura":"3 minutos"},"schema":{"@context":"https:\/\/schema.org","@graph":[{"@type":"Article","@id":"https:\/\/potenciaradiofonicadominicana.com\/portal\/inauguran-proyecto-de-vivienda-de-bajo-costo-palmas-de-san-pedro\/#article","isPartOf":{"@id":"https:\/\/potenciaradiofonicadominicana.com\/portal\/inauguran-proyecto-de-vivienda-de-bajo-costo-palmas-de-san-pedro\/"},"author":{"name":"Potencia Radiof\u00f3nica Dominicana","@id":"https:\/\/potenciaradiofonicadominicana.com\/portal\/#\/schema\/person\/a5cf1fea13877803ee0573ac18b03490"},"headline":"Inauguran proyecto de vivienda de bajo costo \u00abPalmas de San Pedro\u00bb","datePublished":"2022-02-15T13:13:03+00:00","mainEntityOfPage":{"@id":"https:\/\/potenciaradiofonicadominicana.com\/portal\/inauguran-proyecto-de-vivienda-de-bajo-costo-palmas-de-san-pedro\/"},"wordCount":556,"publisher":{"@id":"https:\/\/potenciaradiofonicadominicana.com\/portal\/#organization"},"image":{"@id":"https:\/\/potenciaradiofonicadominicana.com\/portal\/inauguran-proyecto-de-vivienda-de-bajo-costo-palmas-de-san-pedro\/#primaryimage"},"thumbnailUrl":"https:\/\/potenciaradiofonicadominicana.com\/portal\/wp-content\/uploads\/2022\/02\/entrega-de-llaves-30d3b0a6-focus-min0.03-0.14-895-573.jpg","articleSection":["Econom\u00eda"],"inLanguage":"es"},{"@type":"WebPage","@id":"https:\/\/potenciaradiofonicadominicana.com\/portal\/inauguran-proyecto-de-vivienda-de-bajo-costo-palmas-de-san-pedro\/","url":"https:\/\/potenciaradiofonicadominicana.com\/portal\/inauguran-proyecto-de-vivienda-de-bajo-costo-palmas-de-san-pedro\/","name":"Inauguran proyecto de vivienda de bajo costo \u00abPalmas de San Pedro\u00bb - PotenciaRadiofonicaDominicana.com","isPartOf":{"@id":"https:\/\/potenciaradiofonicadominicana.com\/portal\/#website"},"primaryImageOfPage":{"@id":"https:\/\/potenciaradiofonicadominicana.com\/portal\/inauguran-proyecto-de-vivienda-de-bajo-costo-palmas-de-san-pedro\/#primaryimage"},"image":{"@id":"https:\/\/potenciaradiofonicadominicana.com\/portal\/inauguran-proyecto-de-vivienda-de-bajo-costo-palmas-de-san-pedro\/#primaryimage"},"thumbnailUrl":"https:\/\/potenciaradiofonicadominicana.com\/portal\/wp-content\/uploads\/2022\/02\/entrega-de-llaves-30d3b0a6-focus-min0.03-0.14-895-573.jpg","datePublished":"2022-02-15T13:13:03+00:00","breadcrumb":{"@id":"https:\/\/potenciaradiofonicadominicana.com\/portal\/inauguran-proyecto-de-vivienda-de-bajo-costo-palmas-de-san-pedro\/#breadcrumb"},"inLanguage":"es","potentialAction":[{"@type":"ReadAction","target":["https:\/\/potenciaradiofonicadominicana.com\/portal\/inauguran-proyecto-de-vivienda-de-bajo-costo-palmas-de-san-pedro\/"]}]},{"@type":"ImageObject","inLanguage":"es","@id":"https:\/\/potenciaradiofonicadominicana.com\/portal\/inauguran-proyecto-de-vivienda-de-bajo-costo-palmas-de-san-pedro\/#primaryimage","url":"https:\/\/potenciaradiofonicadominicana.com\/portal\/wp-content\/uploads\/2022\/02\/entrega-de-llaves-30d3b0a6-focus-min0.03-0.14-895-573.jpg","contentUrl":"https:\/\/potenciaradiofonicadominicana.com\/portal\/wp-content\/uploads\/2022\/02\/entrega-de-llaves-30d3b0a6-focus-min0.03-0.14-895-573.jpg","width":895,"height":573},{"@type":"BreadcrumbList","@id":"https:\/\/potenciaradiofonicadominicana.com\/portal\/inauguran-proyecto-de-vivienda-de-bajo-costo-palmas-de-san-pedro\/#breadcrumb","itemListElement":[{"@type":"ListItem","position":1,"name":"Portada","item":"https:\/\/potenciaradiofonicadominicana.com\/portal\/"},{"@type":"ListItem","position":2,"name":"Inauguran proyecto de vivienda de bajo costo \u00abPalmas de San Pedro\u00bb"}]},{"@type":"WebSite","@id":"https:\/\/potenciaradiofonicadominicana.com\/portal\/#website","url":"https:\/\/potenciaradiofonicadominicana.com\/portal\/","name":"PotenciaRadiofonicaDominicana.com","description":"Peri\u00f3dico Digital","publisher":{"@id":"https:\/\/potenciaradiofonicadominicana.com\/portal\/#organization"},"potentialAction":[{"@type":"SearchAction","target":{"@type":"EntryPoint","urlTemplate":"https:\/\/potenciaradiofonicadominicana.com\/portal\/?s={search_term_string}"},"query-input":{"@type":"PropertyValueSpecification","valueRequired":true,"valueName":"search_term_string"}}],"inLanguage":"es"},{"@type":"Organization","@id":"https:\/\/potenciaradiofonicadominicana.com\/portal\/#organization","name":"PotenciaRadiofonicaDominicana.com","url":"https:\/\/potenciaradiofonicadominicana.com\/portal\/","logo":{"@type":"ImageObject","inLanguage":"es","@id":"https:\/\/potenciaradiofonicadominicana.com\/portal\/#\/schema\/logo\/image\/","url":"https:\/\/potenciaradiofonicadominicana.com\/portal\/wp-content\/uploads\/2022\/01\/descarga.png","contentUrl":"https:\/\/potenciaradiofonicadominicana.com\/portal\/wp-content\/uploads\/2022\/01\/descarga.png","width":300,"height":100,"caption":"PotenciaRadiofonicaDominicana.com"},"image":{"@id":"https:\/\/potenciaradiofonicadominicana.com\/portal\/#\/schema\/logo\/image\/"},"sameAs":["https:\/\/web.facebook.com\/PotenciaRadiofonicaD"]},{"@type":"Person","@id":"https:\/\/potenciaradiofonicadominicana.com\/portal\/#\/schema\/person\/a5cf1fea13877803ee0573ac18b03490","name":"Potencia Radiof\u00f3nica Dominicana","image":{"@type":"ImageObject","inLanguage":"es","@id":"https:\/\/potenciaradiofonicadominicana.com\/portal\/#\/schema\/person\/image\/","url":"https:\/\/secure.gravatar.com\/avatar\/42a55ab9e8ccc656ba34cd791990602a?s=96&d=mm&r=g","contentUrl":"https:\/\/secure.gravatar.com\/avatar\/42a55ab9e8ccc656ba34cd791990602a?s=96&d=mm&r=g","caption":"Potencia Radiof\u00f3nica Dominicana"},"url":"https:\/\/potenciaradiofonicadominicana.com\/portal\/author\/johannyalmanzar\/"}]}},"_links":{"self":[{"href":"https:\/\/potenciaradiofonicadominicana.com\/portal\/wp-json\/wp\/v2\/posts\/116604","targetHints":{"allow":["GET"]}}],"collection":[{"href":"https:\/\/potenciaradiofonicadominicana.com\/portal\/wp-json\/wp\/v2\/posts"}],"about":[{"href":"https:\/\/potenciaradiofonicadominicana.com\/portal\/wp-json\/wp\/v2\/types\/post"}],"author":[{"embeddable":true,"href":"https:\/\/potenciaradiofonicadominicana.com\/portal\/wp-json\/wp\/v2\/users\/2"}],"replies":[{"embeddable":true,"href":"https:\/\/potenciaradiofonicadominicana.com\/portal\/wp-json\/wp\/v2\/comments?post=116604"}],"version-history":[{"count":1,"href":"https:\/\/potenciaradiofonicadominicana.com\/portal\/wp-json\/wp\/v2\/posts\/116604\/revisions"}],"predecessor-version":[{"id":116609,"href":"https:\/\/potenciaradiofonicadominicana.com\/portal\/wp-json\/wp\/v2\/posts\/116604\/revisions\/116609"}],"wp:featuredmedia":[{"embeddable":true,"href":"https:\/\/potenciaradiofonicadominicana.com\/portal\/wp-json\/wp\/v2\/media\/116608"}],"wp:attachment":[{"href":"https:\/\/potenciaradiofonicadominicana.com\/portal\/wp-json\/wp\/v2\/media?parent=116604"}],"wp:term":[{"taxonomy":"category","embeddable":true,"href":"https:\/\/potenciaradiofonicadominicana.com\/portal\/wp-json\/wp\/v2\/categories?post=116604"},{"taxonomy":"post_tag","embeddable":true,"href":"https:\/\/potenciaradiofonicadominicana.com\/portal\/wp-json\/wp\/v2\/tags?post=116604"}],"curies":[{"name":"wp","href":"https:\/\/api.w.org\/{rel}","templated":true}]}}