{"id":116598,"date":"2022-02-15T09:10:18","date_gmt":"2022-02-15T13:10:18","guid":{"rendered":"https:\/\/potenciaradiofonicadominicana.com\/portal\/?p=116598"},"modified":"2022-02-15T09:10:18","modified_gmt":"2022-02-15T13:10:18","slug":"sancionan-comercios-por-cobrar-comision-por-pagos-con-tarjetas","status":"publish","type":"post","link":"https:\/\/potenciaradiofonicadominicana.com\/portal\/sancionan-comercios-por-cobrar-comision-por-pagos-con-tarjetas\/","title":{"rendered":"Sancionan comercios por cobrar comisi\u00f3n por pagos con tarjetas"},"content":{"rendered":"<p><a href=\"https:\/\/potenciaradiofonicadominicana.com\/portal\/wp-content\/uploads\/2022\/02\/foto-el-director-ejecutivo-de-pro-consumidor-eddy-alc\u00e1ntara-junto-a-directivos-del-consejo-nacional-del-comercio-en-provisiones-cncp-1c2e9572-focus-0-0-895-573.jpg\"><img loading=\"lazy\" decoding=\"async\" class=\"alignnone size-full wp-image-116599\" src=\"https:\/\/potenciaradiofonicadominicana.com\/portal\/wp-content\/uploads\/2022\/02\/foto-el-director-ejecutivo-de-pro-consumidor-eddy-alc\u00e1ntara-junto-a-directivos-del-consejo-nacional-del-comercio-en-provisiones-cncp-1c2e9572-focus-0-0-895-573.jpg\" alt=\"\" width=\"895\" height=\"573\" srcset=\"https:\/\/potenciaradiofonicadominicana.com\/portal\/wp-content\/uploads\/2022\/02\/foto-el-director-ejecutivo-de-pro-consumidor-eddy-alc\u00e1ntara-junto-a-directivos-del-consejo-nacional-del-comercio-en-provisiones-cncp-1c2e9572-focus-0-0-895-573.jpg 895w, https:\/\/potenciaradiofonicadominicana.com\/portal\/wp-content\/uploads\/2022\/02\/foto-el-director-ejecutivo-de-pro-consumidor-eddy-alc\u00e1ntara-junto-a-directivos-del-consejo-nacional-del-comercio-en-provisiones-cncp-1c2e9572-focus-0-0-895-573-300x192.jpg 300w, https:\/\/potenciaradiofonicadominicana.com\/portal\/wp-content\/uploads\/2022\/02\/foto-el-director-ejecutivo-de-pro-consumidor-eddy-alc\u00e1ntara-junto-a-directivos-del-consejo-nacional-del-comercio-en-provisiones-cncp-1c2e9572-focus-0-0-895-573-768x492.jpg 768w\" sizes=\"auto, (max-width: 895px) 100vw, 895px\" \/><\/a><\/p>\n<p>El director ejecutivo del Instituto Nacional de Protecci\u00f3n de los Derechos del Consumidor (Pro Consumidor),\u00a0Eddy Alc\u00e1ntara, inform\u00f3 que negocios del Gran Santo Domingo han sido sancionados en los \u00faltimos d\u00edas por cobrar comisi\u00f3n o pago extraordinario por el uso de\u00a0tarjeta de cr\u00e9dito\u00a0y d\u00e9bito.<\/p>\n<p>Entre los comercios sancionados figuran salones de bellezas, tiendas de licores, restaurantes, negocios de turismo, entre otros.<\/p>\n<p>Alc\u00e1ntara explic\u00f3 que las\u00a0<strong>sanciones<\/strong>\u00a0impuestas a estos establecimientos por incurrir en esta pr\u00e1ctica \u201cilegal y abusiva\u201d,\u00a0 han sido multas que van desde cinco hasta 50 salarios m\u00ednimos, de acuerdo con la gravedad encontrada como lo establece la Ley 358-05.<\/p>\n<p>Record\u00f3 que esa misma normativa, en el art\u00edculo 87, se\u00f1ala que los precios no podr\u00e1n ser modificados en funci\u00f3n del medio de pago utilizado, as\u00ed como una serie de responsabilidades y obligaciones a cargo de los proveedores, cuyo incumplimiento se consideran infracciones en materia de consumo.<\/p>\n<p>\u201cDesde que se iniciaron los operativos para perseguir a los comercios que incurren en esta pr\u00e1ctica en perjuicio de los consumidores, comercios del Distrito Nacional y Santo Domingo han sido sancionados\u201d, afirm\u00f3 el funcionario.<\/p>\n<p>Dijo que la entidad continuar\u00e1 con las inspecciones en procura de erradicar esta pr\u00e1ctica.<\/p>\n<p>Alc\u00e1ntara se\u00a0reuni\u00f3 ayer con los principales directivos del Consejo Nacional del Comercio en Provisiones (CNCP), en la sede de la instituci\u00f3n.<\/p>\n<div class=\"my-12 component web-insert relative border bg-component\"><span class=\"text-xl block my-3 component-title glosa\"><strong>Seguir\u00e1n las sanciones<\/strong><\/span>Alc\u00e1ntara exhort\u00f3 a los comerciantes de todo el territorio nacional a descontinuar la pr\u00e1ctica a partir del anuncio hecho por Pro Consumidor, de que perseguir\u00e1 y sancionar\u00e1 a todo el que cobre comisiones extraordinarias por el uso de tarjeta de cr\u00e9dito y d\u00e9bito. Adem\u00e1s, llam\u00f3 a los clientes a denunciar esta pr\u00e1ctica en la instituci\u00f3n.<\/p>\n<\/div>\n","protected":false},"excerpt":{"rendered":"<p>El director ejecutivo del Instituto Nacional de Protecci\u00f3n de los Derechos del Consumidor (Pro Consumidor),\u00a0Eddy Alc\u00e1ntara, inform\u00f3 que negocios del &#8230;<\/p>\n","protected":false},"author":2,"featured_media":116599,"comment_status":"closed","ping_status":"closed","sticky":false,"template":"","format":"standard","meta":{"footnotes":""},"categories":[26],"tags":[],"class_list":["post-116598","post","type-post","status-publish","format-standard","has-post-thumbnail","hentry","category-economia"],"yoast_head":"<!-- This site is optimized with the Yoast SEO plugin v24.8.1 - https:\/\/yoast.com\/wordpress\/plugins\/seo\/ -->\n<title>Sancionan comercios por cobrar comisi\u00f3n por pagos con tarjetas - PotenciaRadiofonicaDominicana.com<\/title>\n<meta name=\"robots\" content=\"index, follow, max-snippet:-1, max-image-preview:large, max-video-preview:-1\" \/>\n<link rel=\"canonical\" href=\"https:\/\/potenciaradiofonicadominicana.com\/portal\/sancionan-comercios-por-cobrar-comision-por-pagos-con-tarjetas\/\" \/>\n<meta property=\"og:locale\" content=\"es_ES\" \/>\n<meta property=\"og:type\" content=\"article\" \/>\n<meta property=\"og:title\" content=\"Sancionan comercios por cobrar comisi\u00f3n por pagos con tarjetas - PotenciaRadiofonicaDominicana.com\" \/>\n<meta property=\"og:description\" content=\"El director ejecutivo del Instituto Nacional de Protecci\u00f3n de los Derechos del Consumidor (Pro Consumidor),\u00a0Eddy Alc\u00e1ntara, inform\u00f3 que negocios del ...\" \/>\n<meta property=\"og:url\" content=\"https:\/\/potenciaradiofonicadominicana.com\/portal\/sancionan-comercios-por-cobrar-comision-por-pagos-con-tarjetas\/\" \/>\n<meta property=\"og:site_name\" content=\"PotenciaRadiofonicaDominicana.com\" \/>\n<meta property=\"article:publisher\" content=\"https:\/\/web.facebook.com\/PotenciaRadiofonicaD\" \/>\n<meta property=\"article:published_time\" content=\"2022-02-15T13:10:18+00:00\" \/>\n<meta property=\"og:image\" content=\"https:\/\/potenciaradiofonicadominicana.com\/portal\/wp-content\/uploads\/2022\/02\/foto-el-director-ejecutivo-de-pro-consumidor-eddy-alc\u00e1ntara-junto-a-directivos-del-consejo-nacional-del-comercio-en-provisiones-cncp-1c2e9572-focus-0-0-895-573.jpg\" \/>\n\t<meta property=\"og:image:width\" content=\"895\" \/>\n\t<meta property=\"og:image:height\" content=\"573\" \/>\n\t<meta property=\"og:image:type\" content=\"image\/jpeg\" \/>\n<meta name=\"author\" content=\"Potencia Radiof\u00f3nica Dominicana\" \/>\n<meta name=\"twitter:card\" content=\"summary_large_image\" \/>\n<meta name=\"twitter:label1\" content=\"Escrito por\" \/>\n\t<meta name=\"twitter:data1\" content=\"Potencia Radiof\u00f3nica Dominicana\" \/>\n\t<meta name=\"twitter:label2\" content=\"Tiempo de lectura\" \/>\n\t<meta name=\"twitter:data2\" content=\"1 minuto\" \/>\n<script type=\"application\/ld+json\" class=\"yoast-schema-graph\">{\"@context\":\"https:\/\/schema.org\",\"@graph\":[{\"@type\":\"Article\",\"@id\":\"https:\/\/potenciaradiofonicadominicana.com\/portal\/sancionan-comercios-por-cobrar-comision-por-pagos-con-tarjetas\/#article\",\"isPartOf\":{\"@id\":\"https:\/\/potenciaradiofonicadominicana.com\/portal\/sancionan-comercios-por-cobrar-comision-por-pagos-con-tarjetas\/\"},\"author\":{\"name\":\"Potencia Radiof\u00f3nica Dominicana\",\"@id\":\"https:\/\/potenciaradiofonicadominicana.com\/portal\/#\/schema\/person\/a5cf1fea13877803ee0573ac18b03490\"},\"headline\":\"Sancionan comercios por cobrar comisi\u00f3n por pagos con tarjetas\",\"datePublished\":\"2022-02-15T13:10:18+00:00\",\"mainEntityOfPage\":{\"@id\":\"https:\/\/potenciaradiofonicadominicana.com\/portal\/sancionan-comercios-por-cobrar-comision-por-pagos-con-tarjetas\/\"},\"wordCount\":310,\"publisher\":{\"@id\":\"https:\/\/potenciaradiofonicadominicana.com\/portal\/#organization\"},\"image\":{\"@id\":\"https:\/\/potenciaradiofonicadominicana.com\/portal\/sancionan-comercios-por-cobrar-comision-por-pagos-con-tarjetas\/#primaryimage\"},\"thumbnailUrl\":\"https:\/\/potenciaradiofonicadominicana.com\/portal\/wp-content\/uploads\/2022\/02\/foto-el-director-ejecutivo-de-pro-consumidor-eddy-alc\u00e1ntara-junto-a-directivos-del-consejo-nacional-del-comercio-en-provisiones-cncp-1c2e9572-focus-0-0-895-573.jpg\",\"articleSection\":[\"Econom\u00eda\"],\"inLanguage\":\"es\"},{\"@type\":\"WebPage\",\"@id\":\"https:\/\/potenciaradiofonicadominicana.com\/portal\/sancionan-comercios-por-cobrar-comision-por-pagos-con-tarjetas\/\",\"url\":\"https:\/\/potenciaradiofonicadominicana.com\/portal\/sancionan-comercios-por-cobrar-comision-por-pagos-con-tarjetas\/\",\"name\":\"Sancionan comercios por cobrar comisi\u00f3n por pagos con tarjetas - PotenciaRadiofonicaDominicana.com\",\"isPartOf\":{\"@id\":\"https:\/\/potenciaradiofonicadominicana.com\/portal\/#website\"},\"primaryImageOfPage\":{\"@id\":\"https:\/\/potenciaradiofonicadominicana.com\/portal\/sancionan-comercios-por-cobrar-comision-por-pagos-con-tarjetas\/#primaryimage\"},\"image\":{\"@id\":\"https:\/\/potenciaradiofonicadominicana.com\/portal\/sancionan-comercios-por-cobrar-comision-por-pagos-con-tarjetas\/#primaryimage\"},\"thumbnailUrl\":\"https:\/\/potenciaradiofonicadominicana.com\/portal\/wp-content\/uploads\/2022\/02\/foto-el-director-ejecutivo-de-pro-consumidor-eddy-alc\u00e1ntara-junto-a-directivos-del-consejo-nacional-del-comercio-en-provisiones-cncp-1c2e9572-focus-0-0-895-573.jpg\",\"datePublished\":\"2022-02-15T13:10:18+00:00\",\"breadcrumb\":{\"@id\":\"https:\/\/potenciaradiofonicadominicana.com\/portal\/sancionan-comercios-por-cobrar-comision-por-pagos-con-tarjetas\/#breadcrumb\"},\"inLanguage\":\"es\",\"potentialAction\":[{\"@type\":\"ReadAction\",\"target\":[\"https:\/\/potenciaradiofonicadominicana.com\/portal\/sancionan-comercios-por-cobrar-comision-por-pagos-con-tarjetas\/\"]}]},{\"@type\":\"ImageObject\",\"inLanguage\":\"es\",\"@id\":\"https:\/\/potenciaradiofonicadominicana.com\/portal\/sancionan-comercios-por-cobrar-comision-por-pagos-con-tarjetas\/#primaryimage\",\"url\":\"https:\/\/potenciaradiofonicadominicana.com\/portal\/wp-content\/uploads\/2022\/02\/foto-el-director-ejecutivo-de-pro-consumidor-eddy-alc\u00e1ntara-junto-a-directivos-del-consejo-nacional-del-comercio-en-provisiones-cncp-1c2e9572-focus-0-0-895-573.jpg\",\"contentUrl\":\"https:\/\/potenciaradiofonicadominicana.com\/portal\/wp-content\/uploads\/2022\/02\/foto-el-director-ejecutivo-de-pro-consumidor-eddy-alc\u00e1ntara-junto-a-directivos-del-consejo-nacional-del-comercio-en-provisiones-cncp-1c2e9572-focus-0-0-895-573.jpg\",\"width\":895,\"height\":573},{\"@type\":\"BreadcrumbList\",\"@id\":\"https:\/\/potenciaradiofonicadominicana.com\/portal\/sancionan-comercios-por-cobrar-comision-por-pagos-con-tarjetas\/#breadcrumb\",\"itemListElement\":[{\"@type\":\"ListItem\",\"position\":1,\"name\":\"Portada\",\"item\":\"https:\/\/potenciaradiofonicadominicana.com\/portal\/\"},{\"@type\":\"ListItem\",\"position\":2,\"name\":\"Sancionan comercios por cobrar comisi\u00f3n por pagos con tarjetas\"}]},{\"@type\":\"WebSite\",\"@id\":\"https:\/\/potenciaradiofonicadominicana.com\/portal\/#website\",\"url\":\"https:\/\/potenciaradiofonicadominicana.com\/portal\/\",\"name\":\"PotenciaRadiofonicaDominicana.com\",\"description\":\"Peri\u00f3dico Digital\",\"publisher\":{\"@id\":\"https:\/\/potenciaradiofonicadominicana.com\/portal\/#organization\"},\"potentialAction\":[{\"@type\":\"SearchAction\",\"target\":{\"@type\":\"EntryPoint\",\"urlTemplate\":\"https:\/\/potenciaradiofonicadominicana.com\/portal\/?s={search_term_string}\"},\"query-input\":{\"@type\":\"PropertyValueSpecification\",\"valueRequired\":true,\"valueName\":\"search_term_string\"}}],\"inLanguage\":\"es\"},{\"@type\":\"Organization\",\"@id\":\"https:\/\/potenciaradiofonicadominicana.com\/portal\/#organization\",\"name\":\"PotenciaRadiofonicaDominicana.com\",\"url\":\"https:\/\/potenciaradiofonicadominicana.com\/portal\/\",\"logo\":{\"@type\":\"ImageObject\",\"inLanguage\":\"es\",\"@id\":\"https:\/\/potenciaradiofonicadominicana.com\/portal\/#\/schema\/logo\/image\/\",\"url\":\"https:\/\/potenciaradiofonicadominicana.com\/portal\/wp-content\/uploads\/2022\/01\/descarga.png\",\"contentUrl\":\"https:\/\/potenciaradiofonicadominicana.com\/portal\/wp-content\/uploads\/2022\/01\/descarga.png\",\"width\":300,\"height\":100,\"caption\":\"PotenciaRadiofonicaDominicana.com\"},\"image\":{\"@id\":\"https:\/\/potenciaradiofonicadominicana.com\/portal\/#\/schema\/logo\/image\/\"},\"sameAs\":[\"https:\/\/web.facebook.com\/PotenciaRadiofonicaD\"]},{\"@type\":\"Person\",\"@id\":\"https:\/\/potenciaradiofonicadominicana.com\/portal\/#\/schema\/person\/a5cf1fea13877803ee0573ac18b03490\",\"name\":\"Potencia Radiof\u00f3nica Dominicana\",\"image\":{\"@type\":\"ImageObject\",\"inLanguage\":\"es\",\"@id\":\"https:\/\/potenciaradiofonicadominicana.com\/portal\/#\/schema\/person\/image\/\",\"url\":\"https:\/\/secure.gravatar.com\/avatar\/42a55ab9e8ccc656ba34cd791990602a?s=96&d=mm&r=g\",\"contentUrl\":\"https:\/\/secure.gravatar.com\/avatar\/42a55ab9e8ccc656ba34cd791990602a?s=96&d=mm&r=g\",\"caption\":\"Potencia Radiof\u00f3nica Dominicana\"},\"url\":\"https:\/\/potenciaradiofonicadominicana.com\/portal\/author\/johannyalmanzar\/\"}]}<\/script>\n<!-- \/ Yoast SEO plugin. -->","yoast_head_json":{"title":"Sancionan comercios por cobrar comisi\u00f3n por pagos con tarjetas - PotenciaRadiofonicaDominicana.com","robots":{"index":"index","follow":"follow","max-snippet":"max-snippet:-1","max-image-preview":"max-image-preview:large","max-video-preview":"max-video-preview:-1"},"canonical":"https:\/\/potenciaradiofonicadominicana.com\/portal\/sancionan-comercios-por-cobrar-comision-por-pagos-con-tarjetas\/","og_locale":"es_ES","og_type":"article","og_title":"Sancionan comercios por cobrar comisi\u00f3n por pagos con tarjetas - PotenciaRadiofonicaDominicana.com","og_description":"El director ejecutivo del Instituto Nacional de Protecci\u00f3n de los Derechos del Consumidor (Pro Consumidor),\u00a0Eddy Alc\u00e1ntara, inform\u00f3 que negocios del ...","og_url":"https:\/\/potenciaradiofonicadominicana.com\/portal\/sancionan-comercios-por-cobrar-comision-por-pagos-con-tarjetas\/","og_site_name":"PotenciaRadiofonicaDominicana.com","article_publisher":"https:\/\/web.facebook.com\/PotenciaRadiofonicaD","article_published_time":"2022-02-15T13:10:18+00:00","og_image":[{"width":895,"height":573,"url":"https:\/\/potenciaradiofonicadominicana.com\/portal\/wp-content\/uploads\/2022\/02\/foto-el-director-ejecutivo-de-pro-consumidor-eddy-alc\u00e1ntara-junto-a-directivos-del-consejo-nacional-del-comercio-en-provisiones-cncp-1c2e9572-focus-0-0-895-573.jpg","type":"image\/jpeg"}],"author":"Potencia Radiof\u00f3nica Dominicana","twitter_card":"summary_large_image","twitter_misc":{"Escrito por":"Potencia Radiof\u00f3nica Dominicana","Tiempo de lectura":"1 minuto"},"schema":{"@context":"https:\/\/schema.org","@graph":[{"@type":"Article","@id":"https:\/\/potenciaradiofonicadominicana.com\/portal\/sancionan-comercios-por-cobrar-comision-por-pagos-con-tarjetas\/#article","isPartOf":{"@id":"https:\/\/potenciaradiofonicadominicana.com\/portal\/sancionan-comercios-por-cobrar-comision-por-pagos-con-tarjetas\/"},"author":{"name":"Potencia Radiof\u00f3nica Dominicana","@id":"https:\/\/potenciaradiofonicadominicana.com\/portal\/#\/schema\/person\/a5cf1fea13877803ee0573ac18b03490"},"headline":"Sancionan comercios por cobrar comisi\u00f3n por pagos con tarjetas","datePublished":"2022-02-15T13:10:18+00:00","mainEntityOfPage":{"@id":"https:\/\/potenciaradiofonicadominicana.com\/portal\/sancionan-comercios-por-cobrar-comision-por-pagos-con-tarjetas\/"},"wordCount":310,"publisher":{"@id":"https:\/\/potenciaradiofonicadominicana.com\/portal\/#organization"},"image":{"@id":"https:\/\/potenciaradiofonicadominicana.com\/portal\/sancionan-comercios-por-cobrar-comision-por-pagos-con-tarjetas\/#primaryimage"},"thumbnailUrl":"https:\/\/potenciaradiofonicadominicana.com\/portal\/wp-content\/uploads\/2022\/02\/foto-el-director-ejecutivo-de-pro-consumidor-eddy-alc\u00e1ntara-junto-a-directivos-del-consejo-nacional-del-comercio-en-provisiones-cncp-1c2e9572-focus-0-0-895-573.jpg","articleSection":["Econom\u00eda"],"inLanguage":"es"},{"@type":"WebPage","@id":"https:\/\/potenciaradiofonicadominicana.com\/portal\/sancionan-comercios-por-cobrar-comision-por-pagos-con-tarjetas\/","url":"https:\/\/potenciaradiofonicadominicana.com\/portal\/sancionan-comercios-por-cobrar-comision-por-pagos-con-tarjetas\/","name":"Sancionan comercios por cobrar comisi\u00f3n por pagos con tarjetas - PotenciaRadiofonicaDominicana.com","isPartOf":{"@id":"https:\/\/potenciaradiofonicadominicana.com\/portal\/#website"},"primaryImageOfPage":{"@id":"https:\/\/potenciaradiofonicadominicana.com\/portal\/sancionan-comercios-por-cobrar-comision-por-pagos-con-tarjetas\/#primaryimage"},"image":{"@id":"https:\/\/potenciaradiofonicadominicana.com\/portal\/sancionan-comercios-por-cobrar-comision-por-pagos-con-tarjetas\/#primaryimage"},"thumbnailUrl":"https:\/\/potenciaradiofonicadominicana.com\/portal\/wp-content\/uploads\/2022\/02\/foto-el-director-ejecutivo-de-pro-consumidor-eddy-alc\u00e1ntara-junto-a-directivos-del-consejo-nacional-del-comercio-en-provisiones-cncp-1c2e9572-focus-0-0-895-573.jpg","datePublished":"2022-02-15T13:10:18+00:00","breadcrumb":{"@id":"https:\/\/potenciaradiofonicadominicana.com\/portal\/sancionan-comercios-por-cobrar-comision-por-pagos-con-tarjetas\/#breadcrumb"},"inLanguage":"es","potentialAction":[{"@type":"ReadAction","target":["https:\/\/potenciaradiofonicadominicana.com\/portal\/sancionan-comercios-por-cobrar-comision-por-pagos-con-tarjetas\/"]}]},{"@type":"ImageObject","inLanguage":"es","@id":"https:\/\/potenciaradiofonicadominicana.com\/portal\/sancionan-comercios-por-cobrar-comision-por-pagos-con-tarjetas\/#primaryimage","url":"https:\/\/potenciaradiofonicadominicana.com\/portal\/wp-content\/uploads\/2022\/02\/foto-el-director-ejecutivo-de-pro-consumidor-eddy-alc\u00e1ntara-junto-a-directivos-del-consejo-nacional-del-comercio-en-provisiones-cncp-1c2e9572-focus-0-0-895-573.jpg","contentUrl":"https:\/\/potenciaradiofonicadominicana.com\/portal\/wp-content\/uploads\/2022\/02\/foto-el-director-ejecutivo-de-pro-consumidor-eddy-alc\u00e1ntara-junto-a-directivos-del-consejo-nacional-del-comercio-en-provisiones-cncp-1c2e9572-focus-0-0-895-573.jpg","width":895,"height":573},{"@type":"BreadcrumbList","@id":"https:\/\/potenciaradiofonicadominicana.com\/portal\/sancionan-comercios-por-cobrar-comision-por-pagos-con-tarjetas\/#breadcrumb","itemListElement":[{"@type":"ListItem","position":1,"name":"Portada","item":"https:\/\/potenciaradiofonicadominicana.com\/portal\/"},{"@type":"ListItem","position":2,"name":"Sancionan comercios por cobrar comisi\u00f3n por pagos con tarjetas"}]},{"@type":"WebSite","@id":"https:\/\/potenciaradiofonicadominicana.com\/portal\/#website","url":"https:\/\/potenciaradiofonicadominicana.com\/portal\/","name":"PotenciaRadiofonicaDominicana.com","description":"Peri\u00f3dico Digital","publisher":{"@id":"https:\/\/potenciaradiofonicadominicana.com\/portal\/#organization"},"potentialAction":[{"@type":"SearchAction","target":{"@type":"EntryPoint","urlTemplate":"https:\/\/potenciaradiofonicadominicana.com\/portal\/?s={search_term_string}"},"query-input":{"@type":"PropertyValueSpecification","valueRequired":true,"valueName":"search_term_string"}}],"inLanguage":"es"},{"@type":"Organization","@id":"https:\/\/potenciaradiofonicadominicana.com\/portal\/#organization","name":"PotenciaRadiofonicaDominicana.com","url":"https:\/\/potenciaradiofonicadominicana.com\/portal\/","logo":{"@type":"ImageObject","inLanguage":"es","@id":"https:\/\/potenciaradiofonicadominicana.com\/portal\/#\/schema\/logo\/image\/","url":"https:\/\/potenciaradiofonicadominicana.com\/portal\/wp-content\/uploads\/2022\/01\/descarga.png","contentUrl":"https:\/\/potenciaradiofonicadominicana.com\/portal\/wp-content\/uploads\/2022\/01\/descarga.png","width":300,"height":100,"caption":"PotenciaRadiofonicaDominicana.com"},"image":{"@id":"https:\/\/potenciaradiofonicadominicana.com\/portal\/#\/schema\/logo\/image\/"},"sameAs":["https:\/\/web.facebook.com\/PotenciaRadiofonicaD"]},{"@type":"Person","@id":"https:\/\/potenciaradiofonicadominicana.com\/portal\/#\/schema\/person\/a5cf1fea13877803ee0573ac18b03490","name":"Potencia Radiof\u00f3nica Dominicana","image":{"@type":"ImageObject","inLanguage":"es","@id":"https:\/\/potenciaradiofonicadominicana.com\/portal\/#\/schema\/person\/image\/","url":"https:\/\/secure.gravatar.com\/avatar\/42a55ab9e8ccc656ba34cd791990602a?s=96&d=mm&r=g","contentUrl":"https:\/\/secure.gravatar.com\/avatar\/42a55ab9e8ccc656ba34cd791990602a?s=96&d=mm&r=g","caption":"Potencia Radiof\u00f3nica Dominicana"},"url":"https:\/\/potenciaradiofonicadominicana.com\/portal\/author\/johannyalmanzar\/"}]}},"_links":{"self":[{"href":"https:\/\/potenciaradiofonicadominicana.com\/portal\/wp-json\/wp\/v2\/posts\/116598","targetHints":{"allow":["GET"]}}],"collection":[{"href":"https:\/\/potenciaradiofonicadominicana.com\/portal\/wp-json\/wp\/v2\/posts"}],"about":[{"href":"https:\/\/potenciaradiofonicadominicana.com\/portal\/wp-json\/wp\/v2\/types\/post"}],"author":[{"embeddable":true,"href":"https:\/\/potenciaradiofonicadominicana.com\/portal\/wp-json\/wp\/v2\/users\/2"}],"replies":[{"embeddable":true,"href":"https:\/\/potenciaradiofonicadominicana.com\/portal\/wp-json\/wp\/v2\/comments?post=116598"}],"version-history":[{"count":1,"href":"https:\/\/potenciaradiofonicadominicana.com\/portal\/wp-json\/wp\/v2\/posts\/116598\/revisions"}],"predecessor-version":[{"id":116602,"href":"https:\/\/potenciaradiofonicadominicana.com\/portal\/wp-json\/wp\/v2\/posts\/116598\/revisions\/116602"}],"wp:featuredmedia":[{"embeddable":true,"href":"https:\/\/potenciaradiofonicadominicana.com\/portal\/wp-json\/wp\/v2\/media\/116599"}],"wp:attachment":[{"href":"https:\/\/potenciaradiofonicadominicana.com\/portal\/wp-json\/wp\/v2\/media?parent=116598"}],"wp:term":[{"taxonomy":"category","embeddable":true,"href":"https:\/\/potenciaradiofonicadominicana.com\/portal\/wp-json\/wp\/v2\/categories?post=116598"},{"taxonomy":"post_tag","embeddable":true,"href":"https:\/\/potenciaradiofonicadominicana.com\/portal\/wp-json\/wp\/v2\/tags?post=116598"}],"curies":[{"name":"wp","href":"https:\/\/api.w.org\/{rel}","templated":true}]}}