{"id":116590,"date":"2022-02-15T09:08:31","date_gmt":"2022-02-15T13:08:31","guid":{"rendered":"https:\/\/potenciaradiofonicadominicana.com\/portal\/?p=116590"},"modified":"2022-02-15T09:08:31","modified_gmt":"2022-02-15T13:08:31","slug":"la-dgii-recula-y-posterga-la-aplicacion-de-nueva-norma","status":"publish","type":"post","link":"https:\/\/potenciaradiofonicadominicana.com\/portal\/la-dgii-recula-y-posterga-la-aplicacion-de-nueva-norma\/","title":{"rendered":"La DGII recula y posterga la aplicaci\u00f3n de nueva norma"},"content":{"rendered":"<p><a href=\"https:\/\/potenciaradiofonicadominicana.com\/portal\/wp-content\/uploads\/2022\/02\/la-dgii-recula-y-posterga-la-aplicacion-de-nueva-norma.jpeg\"><img loading=\"lazy\" decoding=\"async\" class=\"alignnone size-full wp-image-116591\" src=\"https:\/\/potenciaradiofonicadominicana.com\/portal\/wp-content\/uploads\/2022\/02\/la-dgii-recula-y-posterga-la-aplicacion-de-nueva-norma.jpeg\" alt=\"\" width=\"613\" height=\"460\" srcset=\"https:\/\/potenciaradiofonicadominicana.com\/portal\/wp-content\/uploads\/2022\/02\/la-dgii-recula-y-posterga-la-aplicacion-de-nueva-norma.jpeg 613w, https:\/\/potenciaradiofonicadominicana.com\/portal\/wp-content\/uploads\/2022\/02\/la-dgii-recula-y-posterga-la-aplicacion-de-nueva-norma-300x225.jpeg 300w\" sizes=\"auto, (max-width: 613px) 100vw, 613px\" \/><\/a><\/p>\n<p>Tras el rechazo que gener\u00f3 en la poblaci\u00f3n, la Direcci\u00f3n General de Impuestos Internos (DGII) dej\u00f3 para el a\u00f1o que viene la aplicaci\u00f3n de la norma 04-2022, con la que la entidad busca corregir distorsiones que le dejan p\u00e9rdidas anuales estimadas en RD$150 millones.<\/p>\n<p>El director de Impuestos Internos, Luis Valdez, explic\u00f3 que esta decisi\u00f3n se tom\u00f3 para evitar confrontaciones y con la finalidad de buscar el consenso con los contribuyentes que ser\u00edan afectados.<\/p>\n<p>\u201cLa norma se mantiene, pero su aplicaci\u00f3n va a ser para el pr\u00f3ximo a\u00f1o para que nos d\u00e9 tiempo a discutir con cada uno de los sectores\u201d, expres\u00f3 ayer el funcionario tras entregar una ofrenda floral en el Alta de la Patria. Valdez explic\u00f3 que esta norma tiene la finalidad de corregir distorsiones existentes en el R\u00e9gimen de Tributaci\u00f3n Simplificado (RST), mediante el cual algunos contribuyentes se benefician de m\u00e1s de una exenci\u00f3n y se quedan con dinero del fisco.<\/p>\n<p>Impuestos Internos aplaz\u00f3 la aplicaci\u00f3n de la normativa a pesar de que hab\u00eda precisado que la misma no tendr\u00eda ning\u00fan efecto impositivo en el 39% de los m\u00e9dicos acogidos en el RST ni\u00a0 en el 62% de todos los profesionales liberales que se encuentran bajo esta modalidad.<\/p>\n<p>Tambi\u00e9n hab\u00eda dicho que la norma fue resultado de un proceso de consulta p\u00fablica que se hizo desde 4 hasta el 18 de enero de 2022, donde se recibieron y se tomaron en cuenta los comentarios de contribuyentes y un gremio.<\/p>\n<p><strong>Rechazo<\/strong><br \/>\nLa norma fue 04-2022 fue aprobada\u00a0 el 27 de enero de este a\u00f1o y entrar\u00eda en vigor inmediatamente, pero muchos profesionales, principalmente los m\u00e9dicos, salieron a protestar alegando que esto afectaba severamente sus ingresos.<\/p>\n<p>Los miembros del Colegio M\u00e9dico Dominicano (CMD) calificaron la normativa como un adefesio antijur\u00eddico y advirtieron que no se acoger\u00edan a las disposiciones que contempla.<\/p>\n<p>Los miembros del Consejo Nacional de Consultores Impositivos (Conaci) tambi\u00e9n hicieron algunas observaciones y recomendaciones respecto a la implementaci\u00f3n de la norma.<\/p>\n<p>La semana pasada la DGII indic\u00f3 mediante un comunicado que siempre estar\u00e1 dispuesta a escuchar a los sectores econ\u00f3micos del pa\u00eds y a aclarar cualquier inquietud o interpretaci\u00f3n respecto a este proceso.<\/p>\n<p><strong>Rechazo<\/strong><br \/>\nSeg\u00fan la DGII, en el RST existe un registro de 20,500 contribuyentes segmentados en 16,500 profesionales liberales y 4,000 personas jur\u00eddicas, de los cuales 7,500 son m\u00e9dicos.<br \/>\nIngresos<\/p>\n<p>De los m\u00e9dicos registrados en el RST 4,400 tienen ingresos anuales promedio de RD$3.3 millones. Es en este segmento de los galenos donde se apreciar\u00eda la correcci\u00f3n de la distorsi\u00f3n, precis\u00f3 la entidad.<\/p>\n<p><strong>Distorsiones<\/strong><br \/>\nEn t\u00e9rminos llanos, el fundamento de la norma es que existe un grupo de personas que, ya sea por desconocimiento o intencionalmente, no reporta sus ingresos y gastos durante el a\u00f1o de manera correcta y terminan pagando menos impuestos de los que les corresponde.<\/p>\n<p>Esto puede suceder cuando una persona tiene dos o m\u00e1s empleos y no selecciona a un agente \u00fanico de retenci\u00f3n, es decir una sola empresa para que le haga todas las retenciones.<\/p>\n<p>Cuando el descuento del Impuesto Sobre la Renta (ISR) se le hace de forma separada el contribuyente le queda debiendo a la DGII.\u00a0 De ahora en adelante la DGII tomar\u00e1 en cuenta ese dinero que dej\u00f3 de percibir porque los empleadores no lo retuvieron y se lo descontar\u00e1 al contribuyente cuando este haga su declaraci\u00f3n.<\/p>\n<p><strong>Tope<\/strong><br \/>\nEl monto tope de exenci\u00f3n que otorga anualmente la DGII es\u00a0 \u00a0de RD$416,220.<\/p>\n<p><strong>Retiro<\/strong><br \/>\nLos contribuyentes acogidos al RST de compras podr\u00edan ser exclu\u00eddos y tener que usar la modalidad ordinaria.<\/p>\n<p><strong>\u00bfQu\u00e9 es el RST?<\/strong><br \/>\nEs un r\u00e9gimen simplificado de tributaci\u00f3n para facilitar el cumplimiento\u00a0 de contribuyentes.<\/p>\n","protected":false},"excerpt":{"rendered":"<p>Tras el rechazo que gener\u00f3 en la poblaci\u00f3n, la Direcci\u00f3n General de Impuestos Internos (DGII) dej\u00f3 para el a\u00f1o que &#8230;<\/p>\n","protected":false},"author":2,"featured_media":116591,"comment_status":"closed","ping_status":"closed","sticky":false,"template":"","format":"standard","meta":{"footnotes":""},"categories":[26],"tags":[],"class_list":["post-116590","post","type-post","status-publish","format-standard","has-post-thumbnail","hentry","category-economia"],"yoast_head":"<!-- This site is optimized with the Yoast SEO plugin v24.8.1 - https:\/\/yoast.com\/wordpress\/plugins\/seo\/ -->\n<title>La DGII recula y posterga la aplicaci\u00f3n de nueva norma - PotenciaRadiofonicaDominicana.com<\/title>\n<meta name=\"robots\" content=\"index, follow, max-snippet:-1, max-image-preview:large, max-video-preview:-1\" \/>\n<link rel=\"canonical\" href=\"https:\/\/potenciaradiofonicadominicana.com\/portal\/la-dgii-recula-y-posterga-la-aplicacion-de-nueva-norma\/\" \/>\n<meta property=\"og:locale\" content=\"es_ES\" \/>\n<meta property=\"og:type\" content=\"article\" \/>\n<meta property=\"og:title\" content=\"La DGII recula y posterga la aplicaci\u00f3n de nueva norma - PotenciaRadiofonicaDominicana.com\" \/>\n<meta property=\"og:description\" content=\"Tras el rechazo que gener\u00f3 en la poblaci\u00f3n, la Direcci\u00f3n General de Impuestos Internos (DGII) dej\u00f3 para el a\u00f1o que ...\" \/>\n<meta property=\"og:url\" content=\"https:\/\/potenciaradiofonicadominicana.com\/portal\/la-dgii-recula-y-posterga-la-aplicacion-de-nueva-norma\/\" \/>\n<meta property=\"og:site_name\" content=\"PotenciaRadiofonicaDominicana.com\" \/>\n<meta property=\"article:publisher\" content=\"https:\/\/web.facebook.com\/PotenciaRadiofonicaD\" \/>\n<meta property=\"article:published_time\" content=\"2022-02-15T13:08:31+00:00\" \/>\n<meta property=\"og:image\" content=\"https:\/\/potenciaradiofonicadominicana.com\/portal\/wp-content\/uploads\/2022\/02\/la-dgii-recula-y-posterga-la-aplicacion-de-nueva-norma.jpeg\" \/>\n\t<meta property=\"og:image:width\" content=\"613\" \/>\n\t<meta property=\"og:image:height\" content=\"460\" \/>\n\t<meta property=\"og:image:type\" content=\"image\/jpeg\" \/>\n<meta name=\"author\" content=\"Potencia Radiof\u00f3nica Dominicana\" \/>\n<meta name=\"twitter:card\" content=\"summary_large_image\" \/>\n<meta name=\"twitter:label1\" content=\"Escrito por\" \/>\n\t<meta name=\"twitter:data1\" content=\"Potencia Radiof\u00f3nica Dominicana\" \/>\n\t<meta name=\"twitter:label2\" content=\"Tiempo de lectura\" \/>\n\t<meta name=\"twitter:data2\" content=\"3 minutos\" \/>\n<script type=\"application\/ld+json\" class=\"yoast-schema-graph\">{\"@context\":\"https:\/\/schema.org\",\"@graph\":[{\"@type\":\"Article\",\"@id\":\"https:\/\/potenciaradiofonicadominicana.com\/portal\/la-dgii-recula-y-posterga-la-aplicacion-de-nueva-norma\/#article\",\"isPartOf\":{\"@id\":\"https:\/\/potenciaradiofonicadominicana.com\/portal\/la-dgii-recula-y-posterga-la-aplicacion-de-nueva-norma\/\"},\"author\":{\"name\":\"Potencia Radiof\u00f3nica Dominicana\",\"@id\":\"https:\/\/potenciaradiofonicadominicana.com\/portal\/#\/schema\/person\/a5cf1fea13877803ee0573ac18b03490\"},\"headline\":\"La DGII recula y posterga la aplicaci\u00f3n de nueva norma\",\"datePublished\":\"2022-02-15T13:08:31+00:00\",\"mainEntityOfPage\":{\"@id\":\"https:\/\/potenciaradiofonicadominicana.com\/portal\/la-dgii-recula-y-posterga-la-aplicacion-de-nueva-norma\/\"},\"wordCount\":648,\"publisher\":{\"@id\":\"https:\/\/potenciaradiofonicadominicana.com\/portal\/#organization\"},\"image\":{\"@id\":\"https:\/\/potenciaradiofonicadominicana.com\/portal\/la-dgii-recula-y-posterga-la-aplicacion-de-nueva-norma\/#primaryimage\"},\"thumbnailUrl\":\"https:\/\/potenciaradiofonicadominicana.com\/portal\/wp-content\/uploads\/2022\/02\/la-dgii-recula-y-posterga-la-aplicacion-de-nueva-norma.jpeg\",\"articleSection\":[\"Econom\u00eda\"],\"inLanguage\":\"es\"},{\"@type\":\"WebPage\",\"@id\":\"https:\/\/potenciaradiofonicadominicana.com\/portal\/la-dgii-recula-y-posterga-la-aplicacion-de-nueva-norma\/\",\"url\":\"https:\/\/potenciaradiofonicadominicana.com\/portal\/la-dgii-recula-y-posterga-la-aplicacion-de-nueva-norma\/\",\"name\":\"La DGII recula y posterga la aplicaci\u00f3n de nueva norma - PotenciaRadiofonicaDominicana.com\",\"isPartOf\":{\"@id\":\"https:\/\/potenciaradiofonicadominicana.com\/portal\/#website\"},\"primaryImageOfPage\":{\"@id\":\"https:\/\/potenciaradiofonicadominicana.com\/portal\/la-dgii-recula-y-posterga-la-aplicacion-de-nueva-norma\/#primaryimage\"},\"image\":{\"@id\":\"https:\/\/potenciaradiofonicadominicana.com\/portal\/la-dgii-recula-y-posterga-la-aplicacion-de-nueva-norma\/#primaryimage\"},\"thumbnailUrl\":\"https:\/\/potenciaradiofonicadominicana.com\/portal\/wp-content\/uploads\/2022\/02\/la-dgii-recula-y-posterga-la-aplicacion-de-nueva-norma.jpeg\",\"datePublished\":\"2022-02-15T13:08:31+00:00\",\"breadcrumb\":{\"@id\":\"https:\/\/potenciaradiofonicadominicana.com\/portal\/la-dgii-recula-y-posterga-la-aplicacion-de-nueva-norma\/#breadcrumb\"},\"inLanguage\":\"es\",\"potentialAction\":[{\"@type\":\"ReadAction\",\"target\":[\"https:\/\/potenciaradiofonicadominicana.com\/portal\/la-dgii-recula-y-posterga-la-aplicacion-de-nueva-norma\/\"]}]},{\"@type\":\"ImageObject\",\"inLanguage\":\"es\",\"@id\":\"https:\/\/potenciaradiofonicadominicana.com\/portal\/la-dgii-recula-y-posterga-la-aplicacion-de-nueva-norma\/#primaryimage\",\"url\":\"https:\/\/potenciaradiofonicadominicana.com\/portal\/wp-content\/uploads\/2022\/02\/la-dgii-recula-y-posterga-la-aplicacion-de-nueva-norma.jpeg\",\"contentUrl\":\"https:\/\/potenciaradiofonicadominicana.com\/portal\/wp-content\/uploads\/2022\/02\/la-dgii-recula-y-posterga-la-aplicacion-de-nueva-norma.jpeg\",\"width\":613,\"height\":460},{\"@type\":\"BreadcrumbList\",\"@id\":\"https:\/\/potenciaradiofonicadominicana.com\/portal\/la-dgii-recula-y-posterga-la-aplicacion-de-nueva-norma\/#breadcrumb\",\"itemListElement\":[{\"@type\":\"ListItem\",\"position\":1,\"name\":\"Portada\",\"item\":\"https:\/\/potenciaradiofonicadominicana.com\/portal\/\"},{\"@type\":\"ListItem\",\"position\":2,\"name\":\"La DGII recula y posterga la aplicaci\u00f3n de nueva norma\"}]},{\"@type\":\"WebSite\",\"@id\":\"https:\/\/potenciaradiofonicadominicana.com\/portal\/#website\",\"url\":\"https:\/\/potenciaradiofonicadominicana.com\/portal\/\",\"name\":\"PotenciaRadiofonicaDominicana.com\",\"description\":\"Peri\u00f3dico Digital\",\"publisher\":{\"@id\":\"https:\/\/potenciaradiofonicadominicana.com\/portal\/#organization\"},\"potentialAction\":[{\"@type\":\"SearchAction\",\"target\":{\"@type\":\"EntryPoint\",\"urlTemplate\":\"https:\/\/potenciaradiofonicadominicana.com\/portal\/?s={search_term_string}\"},\"query-input\":{\"@type\":\"PropertyValueSpecification\",\"valueRequired\":true,\"valueName\":\"search_term_string\"}}],\"inLanguage\":\"es\"},{\"@type\":\"Organization\",\"@id\":\"https:\/\/potenciaradiofonicadominicana.com\/portal\/#organization\",\"name\":\"PotenciaRadiofonicaDominicana.com\",\"url\":\"https:\/\/potenciaradiofonicadominicana.com\/portal\/\",\"logo\":{\"@type\":\"ImageObject\",\"inLanguage\":\"es\",\"@id\":\"https:\/\/potenciaradiofonicadominicana.com\/portal\/#\/schema\/logo\/image\/\",\"url\":\"https:\/\/potenciaradiofonicadominicana.com\/portal\/wp-content\/uploads\/2022\/01\/descarga.png\",\"contentUrl\":\"https:\/\/potenciaradiofonicadominicana.com\/portal\/wp-content\/uploads\/2022\/01\/descarga.png\",\"width\":300,\"height\":100,\"caption\":\"PotenciaRadiofonicaDominicana.com\"},\"image\":{\"@id\":\"https:\/\/potenciaradiofonicadominicana.com\/portal\/#\/schema\/logo\/image\/\"},\"sameAs\":[\"https:\/\/web.facebook.com\/PotenciaRadiofonicaD\"]},{\"@type\":\"Person\",\"@id\":\"https:\/\/potenciaradiofonicadominicana.com\/portal\/#\/schema\/person\/a5cf1fea13877803ee0573ac18b03490\",\"name\":\"Potencia Radiof\u00f3nica Dominicana\",\"image\":{\"@type\":\"ImageObject\",\"inLanguage\":\"es\",\"@id\":\"https:\/\/potenciaradiofonicadominicana.com\/portal\/#\/schema\/person\/image\/\",\"url\":\"https:\/\/secure.gravatar.com\/avatar\/42a55ab9e8ccc656ba34cd791990602a?s=96&d=mm&r=g\",\"contentUrl\":\"https:\/\/secure.gravatar.com\/avatar\/42a55ab9e8ccc656ba34cd791990602a?s=96&d=mm&r=g\",\"caption\":\"Potencia Radiof\u00f3nica Dominicana\"},\"url\":\"https:\/\/potenciaradiofonicadominicana.com\/portal\/author\/johannyalmanzar\/\"}]}<\/script>\n<!-- \/ Yoast SEO plugin. -->","yoast_head_json":{"title":"La DGII recula y posterga la aplicaci\u00f3n de nueva norma - PotenciaRadiofonicaDominicana.com","robots":{"index":"index","follow":"follow","max-snippet":"max-snippet:-1","max-image-preview":"max-image-preview:large","max-video-preview":"max-video-preview:-1"},"canonical":"https:\/\/potenciaradiofonicadominicana.com\/portal\/la-dgii-recula-y-posterga-la-aplicacion-de-nueva-norma\/","og_locale":"es_ES","og_type":"article","og_title":"La DGII recula y posterga la aplicaci\u00f3n de nueva norma - PotenciaRadiofonicaDominicana.com","og_description":"Tras el rechazo que gener\u00f3 en la poblaci\u00f3n, la Direcci\u00f3n General de Impuestos Internos (DGII) dej\u00f3 para el a\u00f1o que ...","og_url":"https:\/\/potenciaradiofonicadominicana.com\/portal\/la-dgii-recula-y-posterga-la-aplicacion-de-nueva-norma\/","og_site_name":"PotenciaRadiofonicaDominicana.com","article_publisher":"https:\/\/web.facebook.com\/PotenciaRadiofonicaD","article_published_time":"2022-02-15T13:08:31+00:00","og_image":[{"width":613,"height":460,"url":"https:\/\/potenciaradiofonicadominicana.com\/portal\/wp-content\/uploads\/2022\/02\/la-dgii-recula-y-posterga-la-aplicacion-de-nueva-norma.jpeg","type":"image\/jpeg"}],"author":"Potencia Radiof\u00f3nica Dominicana","twitter_card":"summary_large_image","twitter_misc":{"Escrito por":"Potencia Radiof\u00f3nica Dominicana","Tiempo de lectura":"3 minutos"},"schema":{"@context":"https:\/\/schema.org","@graph":[{"@type":"Article","@id":"https:\/\/potenciaradiofonicadominicana.com\/portal\/la-dgii-recula-y-posterga-la-aplicacion-de-nueva-norma\/#article","isPartOf":{"@id":"https:\/\/potenciaradiofonicadominicana.com\/portal\/la-dgii-recula-y-posterga-la-aplicacion-de-nueva-norma\/"},"author":{"name":"Potencia Radiof\u00f3nica Dominicana","@id":"https:\/\/potenciaradiofonicadominicana.com\/portal\/#\/schema\/person\/a5cf1fea13877803ee0573ac18b03490"},"headline":"La DGII recula y posterga la aplicaci\u00f3n de nueva norma","datePublished":"2022-02-15T13:08:31+00:00","mainEntityOfPage":{"@id":"https:\/\/potenciaradiofonicadominicana.com\/portal\/la-dgii-recula-y-posterga-la-aplicacion-de-nueva-norma\/"},"wordCount":648,"publisher":{"@id":"https:\/\/potenciaradiofonicadominicana.com\/portal\/#organization"},"image":{"@id":"https:\/\/potenciaradiofonicadominicana.com\/portal\/la-dgii-recula-y-posterga-la-aplicacion-de-nueva-norma\/#primaryimage"},"thumbnailUrl":"https:\/\/potenciaradiofonicadominicana.com\/portal\/wp-content\/uploads\/2022\/02\/la-dgii-recula-y-posterga-la-aplicacion-de-nueva-norma.jpeg","articleSection":["Econom\u00eda"],"inLanguage":"es"},{"@type":"WebPage","@id":"https:\/\/potenciaradiofonicadominicana.com\/portal\/la-dgii-recula-y-posterga-la-aplicacion-de-nueva-norma\/","url":"https:\/\/potenciaradiofonicadominicana.com\/portal\/la-dgii-recula-y-posterga-la-aplicacion-de-nueva-norma\/","name":"La DGII recula y posterga la aplicaci\u00f3n de nueva norma - PotenciaRadiofonicaDominicana.com","isPartOf":{"@id":"https:\/\/potenciaradiofonicadominicana.com\/portal\/#website"},"primaryImageOfPage":{"@id":"https:\/\/potenciaradiofonicadominicana.com\/portal\/la-dgii-recula-y-posterga-la-aplicacion-de-nueva-norma\/#primaryimage"},"image":{"@id":"https:\/\/potenciaradiofonicadominicana.com\/portal\/la-dgii-recula-y-posterga-la-aplicacion-de-nueva-norma\/#primaryimage"},"thumbnailUrl":"https:\/\/potenciaradiofonicadominicana.com\/portal\/wp-content\/uploads\/2022\/02\/la-dgii-recula-y-posterga-la-aplicacion-de-nueva-norma.jpeg","datePublished":"2022-02-15T13:08:31+00:00","breadcrumb":{"@id":"https:\/\/potenciaradiofonicadominicana.com\/portal\/la-dgii-recula-y-posterga-la-aplicacion-de-nueva-norma\/#breadcrumb"},"inLanguage":"es","potentialAction":[{"@type":"ReadAction","target":["https:\/\/potenciaradiofonicadominicana.com\/portal\/la-dgii-recula-y-posterga-la-aplicacion-de-nueva-norma\/"]}]},{"@type":"ImageObject","inLanguage":"es","@id":"https:\/\/potenciaradiofonicadominicana.com\/portal\/la-dgii-recula-y-posterga-la-aplicacion-de-nueva-norma\/#primaryimage","url":"https:\/\/potenciaradiofonicadominicana.com\/portal\/wp-content\/uploads\/2022\/02\/la-dgii-recula-y-posterga-la-aplicacion-de-nueva-norma.jpeg","contentUrl":"https:\/\/potenciaradiofonicadominicana.com\/portal\/wp-content\/uploads\/2022\/02\/la-dgii-recula-y-posterga-la-aplicacion-de-nueva-norma.jpeg","width":613,"height":460},{"@type":"BreadcrumbList","@id":"https:\/\/potenciaradiofonicadominicana.com\/portal\/la-dgii-recula-y-posterga-la-aplicacion-de-nueva-norma\/#breadcrumb","itemListElement":[{"@type":"ListItem","position":1,"name":"Portada","item":"https:\/\/potenciaradiofonicadominicana.com\/portal\/"},{"@type":"ListItem","position":2,"name":"La DGII recula y posterga la aplicaci\u00f3n de nueva norma"}]},{"@type":"WebSite","@id":"https:\/\/potenciaradiofonicadominicana.com\/portal\/#website","url":"https:\/\/potenciaradiofonicadominicana.com\/portal\/","name":"PotenciaRadiofonicaDominicana.com","description":"Peri\u00f3dico Digital","publisher":{"@id":"https:\/\/potenciaradiofonicadominicana.com\/portal\/#organization"},"potentialAction":[{"@type":"SearchAction","target":{"@type":"EntryPoint","urlTemplate":"https:\/\/potenciaradiofonicadominicana.com\/portal\/?s={search_term_string}"},"query-input":{"@type":"PropertyValueSpecification","valueRequired":true,"valueName":"search_term_string"}}],"inLanguage":"es"},{"@type":"Organization","@id":"https:\/\/potenciaradiofonicadominicana.com\/portal\/#organization","name":"PotenciaRadiofonicaDominicana.com","url":"https:\/\/potenciaradiofonicadominicana.com\/portal\/","logo":{"@type":"ImageObject","inLanguage":"es","@id":"https:\/\/potenciaradiofonicadominicana.com\/portal\/#\/schema\/logo\/image\/","url":"https:\/\/potenciaradiofonicadominicana.com\/portal\/wp-content\/uploads\/2022\/01\/descarga.png","contentUrl":"https:\/\/potenciaradiofonicadominicana.com\/portal\/wp-content\/uploads\/2022\/01\/descarga.png","width":300,"height":100,"caption":"PotenciaRadiofonicaDominicana.com"},"image":{"@id":"https:\/\/potenciaradiofonicadominicana.com\/portal\/#\/schema\/logo\/image\/"},"sameAs":["https:\/\/web.facebook.com\/PotenciaRadiofonicaD"]},{"@type":"Person","@id":"https:\/\/potenciaradiofonicadominicana.com\/portal\/#\/schema\/person\/a5cf1fea13877803ee0573ac18b03490","name":"Potencia Radiof\u00f3nica Dominicana","image":{"@type":"ImageObject","inLanguage":"es","@id":"https:\/\/potenciaradiofonicadominicana.com\/portal\/#\/schema\/person\/image\/","url":"https:\/\/secure.gravatar.com\/avatar\/42a55ab9e8ccc656ba34cd791990602a?s=96&d=mm&r=g","contentUrl":"https:\/\/secure.gravatar.com\/avatar\/42a55ab9e8ccc656ba34cd791990602a?s=96&d=mm&r=g","caption":"Potencia Radiof\u00f3nica Dominicana"},"url":"https:\/\/potenciaradiofonicadominicana.com\/portal\/author\/johannyalmanzar\/"}]}},"_links":{"self":[{"href":"https:\/\/potenciaradiofonicadominicana.com\/portal\/wp-json\/wp\/v2\/posts\/116590","targetHints":{"allow":["GET"]}}],"collection":[{"href":"https:\/\/potenciaradiofonicadominicana.com\/portal\/wp-json\/wp\/v2\/posts"}],"about":[{"href":"https:\/\/potenciaradiofonicadominicana.com\/portal\/wp-json\/wp\/v2\/types\/post"}],"author":[{"embeddable":true,"href":"https:\/\/potenciaradiofonicadominicana.com\/portal\/wp-json\/wp\/v2\/users\/2"}],"replies":[{"embeddable":true,"href":"https:\/\/potenciaradiofonicadominicana.com\/portal\/wp-json\/wp\/v2\/comments?post=116590"}],"version-history":[{"count":1,"href":"https:\/\/potenciaradiofonicadominicana.com\/portal\/wp-json\/wp\/v2\/posts\/116590\/revisions"}],"predecessor-version":[{"id":116595,"href":"https:\/\/potenciaradiofonicadominicana.com\/portal\/wp-json\/wp\/v2\/posts\/116590\/revisions\/116595"}],"wp:featuredmedia":[{"embeddable":true,"href":"https:\/\/potenciaradiofonicadominicana.com\/portal\/wp-json\/wp\/v2\/media\/116591"}],"wp:attachment":[{"href":"https:\/\/potenciaradiofonicadominicana.com\/portal\/wp-json\/wp\/v2\/media?parent=116590"}],"wp:term":[{"taxonomy":"category","embeddable":true,"href":"https:\/\/potenciaradiofonicadominicana.com\/portal\/wp-json\/wp\/v2\/categories?post=116590"},{"taxonomy":"post_tag","embeddable":true,"href":"https:\/\/potenciaradiofonicadominicana.com\/portal\/wp-json\/wp\/v2\/tags?post=116590"}],"curies":[{"name":"wp","href":"https:\/\/api.w.org\/{rel}","templated":true}]}}