{"id":116582,"date":"2022-02-15T09:04:16","date_gmt":"2022-02-15T13:04:16","guid":{"rendered":"https:\/\/potenciaradiofonicadominicana.com\/portal\/?p=116582"},"modified":"2022-02-15T09:04:16","modified_gmt":"2022-02-15T13:04:16","slug":"gobierno-crea-por-decreto-plan-para-el-desarrollo-de-san-juan","status":"publish","type":"post","link":"https:\/\/potenciaradiofonicadominicana.com\/portal\/gobierno-crea-por-decreto-plan-para-el-desarrollo-de-san-juan\/","title":{"rendered":"Gobierno crea por decreto plan para el desarrollo de San Juan"},"content":{"rendered":"<p><a href=\"https:\/\/potenciaradiofonicadominicana.com\/portal\/wp-content\/uploads\/2022\/02\/202202150009401.jpeg\"><img loading=\"lazy\" decoding=\"async\" class=\"alignnone size-full wp-image-116584\" src=\"https:\/\/potenciaradiofonicadominicana.com\/portal\/wp-content\/uploads\/2022\/02\/202202150009401.jpeg\" alt=\"\" width=\"624\" height=\"460\" srcset=\"https:\/\/potenciaradiofonicadominicana.com\/portal\/wp-content\/uploads\/2022\/02\/202202150009401.jpeg 624w, https:\/\/potenciaradiofonicadominicana.com\/portal\/wp-content\/uploads\/2022\/02\/202202150009401-300x221.jpeg 300w\" sizes=\"auto, (max-width: 624px) 100vw, 624px\" \/><\/a><\/p>\n<p>Mediante el decreto 64-22, el Poder Ejecutivo cre\u00f3 el\u00a0Plan para el Desarrollo Econ\u00f3mico de la Provincia de San Juan (Plan San Juan), como una instancia de planificaci\u00f3n, coordinaci\u00f3n y ejecuci\u00f3n de las acciones e inversiones p\u00fablicas a ser realizadas en la regi\u00f3n.<\/p>\n<p>El decreto especifica que este plan tiene el\u00a0objetivo de mejorar la infraestructura productiva, promover la canalizaci\u00f3n de recursos t\u00e9cnicos y financieros necesarios\u00a0para realizar las acciones que contribuyan a fortalecer las capacidades productivas de esa provincia.<\/p>\n<p>Entre las acciones que se\u00f1ala el Plan San Juan se encuentran: la\u00a0ampliaci\u00f3n y diversificaci\u00f3n de la matriz productiva y econ\u00f3mica de la regi\u00f3n,\u00a0la promoci\u00f3n de la productividad y diversificaci\u00f3n de cultivos orientados hacia las exportaciones y rubros de mayor valor, el impulso de los encadenamientos productivos generadores de empleos y dinamismo econ\u00f3mico y la promoci\u00f3n de la formaci\u00f3n de capital humano relevante al desarrollo regional.<\/p>\n<p>De igual forma este plan se propone\u00a0impulsar la canalizaci\u00f3n de recursos financieros al sector privado a fin de proveer capital semilla\u00a0y asistencia t\u00e9cnica, canalizar apoyo t\u00e9cnico a los emprendimientos e iniciativas de desarrollo econ\u00f3mico de la regi\u00f3n, promover las alianzas de los productores y las agroindustrias, empresas de procesamiento, empaque, exportaci\u00f3n y distribuci\u00f3n y fomentar la asociatividad de los peque\u00f1os productores agropecuarios a trav\u00e9s de cooperativas y clusters o agrupaciones empresariales de producci\u00f3n y comercializaci\u00f3n.<\/p>\n<p>En su art\u00edculo dos, el decreto especifica que\u00a0para la coordinaci\u00f3n y direcci\u00f3n del Plan San Juan se establecer\u00e1 un Consejo Directivo, que estar\u00e1 presidido por el Ministerio de Agricultura, y lo conformar\u00e1n el Banco Agr\u00edcola, el Ministerio de Econom\u00eda, Planificaci\u00f3n y Desarrollo, el Ministerio de Medio Ambiente y Recursos Naturales y el Instituto Nacional de Recursos Hidr\u00e1ulicos.<\/p>\n<p>Asimismo, ser\u00e1n parte de este Consejo Directivo, el obispo de la Di\u00f3cesis de San Juan, un representante del Comit\u00e9 Unitario de San Juan, un representante del sector agr\u00edcola, un representante de los ganaderos y\u00a0el director ejecutivo de la Unidad Ejecutora del Plan San Juan, Luis Manuel Bonilla Bonilla, designado en el mismo decreto.<\/p>\n<div class=\"teads-inread sm-screen\"><\/div>\n","protected":false},"excerpt":{"rendered":"<p>Mediante el decreto 64-22, el Poder Ejecutivo cre\u00f3 el\u00a0Plan para el Desarrollo Econ\u00f3mico de la Provincia de San Juan (Plan &#8230;<\/p>\n","protected":false},"author":2,"featured_media":116584,"comment_status":"closed","ping_status":"closed","sticky":false,"template":"","format":"standard","meta":{"footnotes":""},"categories":[26],"tags":[],"class_list":["post-116582","post","type-post","status-publish","format-standard","has-post-thumbnail","hentry","category-economia"],"yoast_head":"<!-- This site is optimized with the Yoast SEO plugin v24.8.1 - https:\/\/yoast.com\/wordpress\/plugins\/seo\/ -->\n<title>Gobierno crea por decreto plan para el desarrollo de San Juan - PotenciaRadiofonicaDominicana.com<\/title>\n<meta name=\"robots\" content=\"index, follow, max-snippet:-1, max-image-preview:large, max-video-preview:-1\" \/>\n<link rel=\"canonical\" href=\"https:\/\/potenciaradiofonicadominicana.com\/portal\/gobierno-crea-por-decreto-plan-para-el-desarrollo-de-san-juan\/\" \/>\n<meta property=\"og:locale\" content=\"es_ES\" \/>\n<meta property=\"og:type\" content=\"article\" \/>\n<meta property=\"og:title\" content=\"Gobierno crea por decreto plan para el desarrollo de San Juan - PotenciaRadiofonicaDominicana.com\" \/>\n<meta property=\"og:description\" content=\"Mediante el decreto 64-22, el Poder Ejecutivo cre\u00f3 el\u00a0Plan para el Desarrollo Econ\u00f3mico de la Provincia de San Juan (Plan ...\" \/>\n<meta property=\"og:url\" content=\"https:\/\/potenciaradiofonicadominicana.com\/portal\/gobierno-crea-por-decreto-plan-para-el-desarrollo-de-san-juan\/\" \/>\n<meta property=\"og:site_name\" content=\"PotenciaRadiofonicaDominicana.com\" \/>\n<meta property=\"article:publisher\" content=\"https:\/\/web.facebook.com\/PotenciaRadiofonicaD\" \/>\n<meta property=\"article:published_time\" content=\"2022-02-15T13:04:16+00:00\" \/>\n<meta property=\"og:image\" content=\"https:\/\/potenciaradiofonicadominicana.com\/portal\/wp-content\/uploads\/2022\/02\/202202150009401.jpeg\" \/>\n\t<meta property=\"og:image:width\" content=\"624\" \/>\n\t<meta property=\"og:image:height\" content=\"460\" \/>\n\t<meta property=\"og:image:type\" content=\"image\/jpeg\" \/>\n<meta name=\"author\" content=\"Potencia Radiof\u00f3nica Dominicana\" \/>\n<meta name=\"twitter:card\" content=\"summary_large_image\" \/>\n<meta name=\"twitter:label1\" content=\"Escrito por\" \/>\n\t<meta name=\"twitter:data1\" content=\"Potencia Radiof\u00f3nica Dominicana\" \/>\n\t<meta name=\"twitter:label2\" content=\"Tiempo de lectura\" \/>\n\t<meta name=\"twitter:data2\" content=\"2 minutos\" \/>\n<script type=\"application\/ld+json\" class=\"yoast-schema-graph\">{\"@context\":\"https:\/\/schema.org\",\"@graph\":[{\"@type\":\"Article\",\"@id\":\"https:\/\/potenciaradiofonicadominicana.com\/portal\/gobierno-crea-por-decreto-plan-para-el-desarrollo-de-san-juan\/#article\",\"isPartOf\":{\"@id\":\"https:\/\/potenciaradiofonicadominicana.com\/portal\/gobierno-crea-por-decreto-plan-para-el-desarrollo-de-san-juan\/\"},\"author\":{\"name\":\"Potencia Radiof\u00f3nica Dominicana\",\"@id\":\"https:\/\/potenciaradiofonicadominicana.com\/portal\/#\/schema\/person\/a5cf1fea13877803ee0573ac18b03490\"},\"headline\":\"Gobierno crea por decreto plan para el desarrollo de San Juan\",\"datePublished\":\"2022-02-15T13:04:16+00:00\",\"mainEntityOfPage\":{\"@id\":\"https:\/\/potenciaradiofonicadominicana.com\/portal\/gobierno-crea-por-decreto-plan-para-el-desarrollo-de-san-juan\/\"},\"wordCount\":387,\"publisher\":{\"@id\":\"https:\/\/potenciaradiofonicadominicana.com\/portal\/#organization\"},\"image\":{\"@id\":\"https:\/\/potenciaradiofonicadominicana.com\/portal\/gobierno-crea-por-decreto-plan-para-el-desarrollo-de-san-juan\/#primaryimage\"},\"thumbnailUrl\":\"https:\/\/potenciaradiofonicadominicana.com\/portal\/wp-content\/uploads\/2022\/02\/202202150009401.jpeg\",\"articleSection\":[\"Econom\u00eda\"],\"inLanguage\":\"es\"},{\"@type\":\"WebPage\",\"@id\":\"https:\/\/potenciaradiofonicadominicana.com\/portal\/gobierno-crea-por-decreto-plan-para-el-desarrollo-de-san-juan\/\",\"url\":\"https:\/\/potenciaradiofonicadominicana.com\/portal\/gobierno-crea-por-decreto-plan-para-el-desarrollo-de-san-juan\/\",\"name\":\"Gobierno crea por decreto plan para el desarrollo de San Juan - PotenciaRadiofonicaDominicana.com\",\"isPartOf\":{\"@id\":\"https:\/\/potenciaradiofonicadominicana.com\/portal\/#website\"},\"primaryImageOfPage\":{\"@id\":\"https:\/\/potenciaradiofonicadominicana.com\/portal\/gobierno-crea-por-decreto-plan-para-el-desarrollo-de-san-juan\/#primaryimage\"},\"image\":{\"@id\":\"https:\/\/potenciaradiofonicadominicana.com\/portal\/gobierno-crea-por-decreto-plan-para-el-desarrollo-de-san-juan\/#primaryimage\"},\"thumbnailUrl\":\"https:\/\/potenciaradiofonicadominicana.com\/portal\/wp-content\/uploads\/2022\/02\/202202150009401.jpeg\",\"datePublished\":\"2022-02-15T13:04:16+00:00\",\"breadcrumb\":{\"@id\":\"https:\/\/potenciaradiofonicadominicana.com\/portal\/gobierno-crea-por-decreto-plan-para-el-desarrollo-de-san-juan\/#breadcrumb\"},\"inLanguage\":\"es\",\"potentialAction\":[{\"@type\":\"ReadAction\",\"target\":[\"https:\/\/potenciaradiofonicadominicana.com\/portal\/gobierno-crea-por-decreto-plan-para-el-desarrollo-de-san-juan\/\"]}]},{\"@type\":\"ImageObject\",\"inLanguage\":\"es\",\"@id\":\"https:\/\/potenciaradiofonicadominicana.com\/portal\/gobierno-crea-por-decreto-plan-para-el-desarrollo-de-san-juan\/#primaryimage\",\"url\":\"https:\/\/potenciaradiofonicadominicana.com\/portal\/wp-content\/uploads\/2022\/02\/202202150009401.jpeg\",\"contentUrl\":\"https:\/\/potenciaradiofonicadominicana.com\/portal\/wp-content\/uploads\/2022\/02\/202202150009401.jpeg\",\"width\":624,\"height\":460},{\"@type\":\"BreadcrumbList\",\"@id\":\"https:\/\/potenciaradiofonicadominicana.com\/portal\/gobierno-crea-por-decreto-plan-para-el-desarrollo-de-san-juan\/#breadcrumb\",\"itemListElement\":[{\"@type\":\"ListItem\",\"position\":1,\"name\":\"Portada\",\"item\":\"https:\/\/potenciaradiofonicadominicana.com\/portal\/\"},{\"@type\":\"ListItem\",\"position\":2,\"name\":\"Gobierno crea por decreto plan para el desarrollo de San Juan\"}]},{\"@type\":\"WebSite\",\"@id\":\"https:\/\/potenciaradiofonicadominicana.com\/portal\/#website\",\"url\":\"https:\/\/potenciaradiofonicadominicana.com\/portal\/\",\"name\":\"PotenciaRadiofonicaDominicana.com\",\"description\":\"Peri\u00f3dico Digital\",\"publisher\":{\"@id\":\"https:\/\/potenciaradiofonicadominicana.com\/portal\/#organization\"},\"potentialAction\":[{\"@type\":\"SearchAction\",\"target\":{\"@type\":\"EntryPoint\",\"urlTemplate\":\"https:\/\/potenciaradiofonicadominicana.com\/portal\/?s={search_term_string}\"},\"query-input\":{\"@type\":\"PropertyValueSpecification\",\"valueRequired\":true,\"valueName\":\"search_term_string\"}}],\"inLanguage\":\"es\"},{\"@type\":\"Organization\",\"@id\":\"https:\/\/potenciaradiofonicadominicana.com\/portal\/#organization\",\"name\":\"PotenciaRadiofonicaDominicana.com\",\"url\":\"https:\/\/potenciaradiofonicadominicana.com\/portal\/\",\"logo\":{\"@type\":\"ImageObject\",\"inLanguage\":\"es\",\"@id\":\"https:\/\/potenciaradiofonicadominicana.com\/portal\/#\/schema\/logo\/image\/\",\"url\":\"https:\/\/potenciaradiofonicadominicana.com\/portal\/wp-content\/uploads\/2022\/01\/descarga.png\",\"contentUrl\":\"https:\/\/potenciaradiofonicadominicana.com\/portal\/wp-content\/uploads\/2022\/01\/descarga.png\",\"width\":300,\"height\":100,\"caption\":\"PotenciaRadiofonicaDominicana.com\"},\"image\":{\"@id\":\"https:\/\/potenciaradiofonicadominicana.com\/portal\/#\/schema\/logo\/image\/\"},\"sameAs\":[\"https:\/\/web.facebook.com\/PotenciaRadiofonicaD\"]},{\"@type\":\"Person\",\"@id\":\"https:\/\/potenciaradiofonicadominicana.com\/portal\/#\/schema\/person\/a5cf1fea13877803ee0573ac18b03490\",\"name\":\"Potencia Radiof\u00f3nica Dominicana\",\"image\":{\"@type\":\"ImageObject\",\"inLanguage\":\"es\",\"@id\":\"https:\/\/potenciaradiofonicadominicana.com\/portal\/#\/schema\/person\/image\/\",\"url\":\"https:\/\/secure.gravatar.com\/avatar\/42a55ab9e8ccc656ba34cd791990602a?s=96&d=mm&r=g\",\"contentUrl\":\"https:\/\/secure.gravatar.com\/avatar\/42a55ab9e8ccc656ba34cd791990602a?s=96&d=mm&r=g\",\"caption\":\"Potencia Radiof\u00f3nica Dominicana\"},\"url\":\"https:\/\/potenciaradiofonicadominicana.com\/portal\/author\/johannyalmanzar\/\"}]}<\/script>\n<!-- \/ Yoast SEO plugin. -->","yoast_head_json":{"title":"Gobierno crea por decreto plan para el desarrollo de San Juan - PotenciaRadiofonicaDominicana.com","robots":{"index":"index","follow":"follow","max-snippet":"max-snippet:-1","max-image-preview":"max-image-preview:large","max-video-preview":"max-video-preview:-1"},"canonical":"https:\/\/potenciaradiofonicadominicana.com\/portal\/gobierno-crea-por-decreto-plan-para-el-desarrollo-de-san-juan\/","og_locale":"es_ES","og_type":"article","og_title":"Gobierno crea por decreto plan para el desarrollo de San Juan - PotenciaRadiofonicaDominicana.com","og_description":"Mediante el decreto 64-22, el Poder Ejecutivo cre\u00f3 el\u00a0Plan para el Desarrollo Econ\u00f3mico de la Provincia de San Juan (Plan ...","og_url":"https:\/\/potenciaradiofonicadominicana.com\/portal\/gobierno-crea-por-decreto-plan-para-el-desarrollo-de-san-juan\/","og_site_name":"PotenciaRadiofonicaDominicana.com","article_publisher":"https:\/\/web.facebook.com\/PotenciaRadiofonicaD","article_published_time":"2022-02-15T13:04:16+00:00","og_image":[{"width":624,"height":460,"url":"https:\/\/potenciaradiofonicadominicana.com\/portal\/wp-content\/uploads\/2022\/02\/202202150009401.jpeg","type":"image\/jpeg"}],"author":"Potencia Radiof\u00f3nica Dominicana","twitter_card":"summary_large_image","twitter_misc":{"Escrito por":"Potencia Radiof\u00f3nica Dominicana","Tiempo de lectura":"2 minutos"},"schema":{"@context":"https:\/\/schema.org","@graph":[{"@type":"Article","@id":"https:\/\/potenciaradiofonicadominicana.com\/portal\/gobierno-crea-por-decreto-plan-para-el-desarrollo-de-san-juan\/#article","isPartOf":{"@id":"https:\/\/potenciaradiofonicadominicana.com\/portal\/gobierno-crea-por-decreto-plan-para-el-desarrollo-de-san-juan\/"},"author":{"name":"Potencia Radiof\u00f3nica Dominicana","@id":"https:\/\/potenciaradiofonicadominicana.com\/portal\/#\/schema\/person\/a5cf1fea13877803ee0573ac18b03490"},"headline":"Gobierno crea por decreto plan para el desarrollo de San Juan","datePublished":"2022-02-15T13:04:16+00:00","mainEntityOfPage":{"@id":"https:\/\/potenciaradiofonicadominicana.com\/portal\/gobierno-crea-por-decreto-plan-para-el-desarrollo-de-san-juan\/"},"wordCount":387,"publisher":{"@id":"https:\/\/potenciaradiofonicadominicana.com\/portal\/#organization"},"image":{"@id":"https:\/\/potenciaradiofonicadominicana.com\/portal\/gobierno-crea-por-decreto-plan-para-el-desarrollo-de-san-juan\/#primaryimage"},"thumbnailUrl":"https:\/\/potenciaradiofonicadominicana.com\/portal\/wp-content\/uploads\/2022\/02\/202202150009401.jpeg","articleSection":["Econom\u00eda"],"inLanguage":"es"},{"@type":"WebPage","@id":"https:\/\/potenciaradiofonicadominicana.com\/portal\/gobierno-crea-por-decreto-plan-para-el-desarrollo-de-san-juan\/","url":"https:\/\/potenciaradiofonicadominicana.com\/portal\/gobierno-crea-por-decreto-plan-para-el-desarrollo-de-san-juan\/","name":"Gobierno crea por decreto plan para el desarrollo de San Juan - PotenciaRadiofonicaDominicana.com","isPartOf":{"@id":"https:\/\/potenciaradiofonicadominicana.com\/portal\/#website"},"primaryImageOfPage":{"@id":"https:\/\/potenciaradiofonicadominicana.com\/portal\/gobierno-crea-por-decreto-plan-para-el-desarrollo-de-san-juan\/#primaryimage"},"image":{"@id":"https:\/\/potenciaradiofonicadominicana.com\/portal\/gobierno-crea-por-decreto-plan-para-el-desarrollo-de-san-juan\/#primaryimage"},"thumbnailUrl":"https:\/\/potenciaradiofonicadominicana.com\/portal\/wp-content\/uploads\/2022\/02\/202202150009401.jpeg","datePublished":"2022-02-15T13:04:16+00:00","breadcrumb":{"@id":"https:\/\/potenciaradiofonicadominicana.com\/portal\/gobierno-crea-por-decreto-plan-para-el-desarrollo-de-san-juan\/#breadcrumb"},"inLanguage":"es","potentialAction":[{"@type":"ReadAction","target":["https:\/\/potenciaradiofonicadominicana.com\/portal\/gobierno-crea-por-decreto-plan-para-el-desarrollo-de-san-juan\/"]}]},{"@type":"ImageObject","inLanguage":"es","@id":"https:\/\/potenciaradiofonicadominicana.com\/portal\/gobierno-crea-por-decreto-plan-para-el-desarrollo-de-san-juan\/#primaryimage","url":"https:\/\/potenciaradiofonicadominicana.com\/portal\/wp-content\/uploads\/2022\/02\/202202150009401.jpeg","contentUrl":"https:\/\/potenciaradiofonicadominicana.com\/portal\/wp-content\/uploads\/2022\/02\/202202150009401.jpeg","width":624,"height":460},{"@type":"BreadcrumbList","@id":"https:\/\/potenciaradiofonicadominicana.com\/portal\/gobierno-crea-por-decreto-plan-para-el-desarrollo-de-san-juan\/#breadcrumb","itemListElement":[{"@type":"ListItem","position":1,"name":"Portada","item":"https:\/\/potenciaradiofonicadominicana.com\/portal\/"},{"@type":"ListItem","position":2,"name":"Gobierno crea por decreto plan para el desarrollo de San Juan"}]},{"@type":"WebSite","@id":"https:\/\/potenciaradiofonicadominicana.com\/portal\/#website","url":"https:\/\/potenciaradiofonicadominicana.com\/portal\/","name":"PotenciaRadiofonicaDominicana.com","description":"Peri\u00f3dico Digital","publisher":{"@id":"https:\/\/potenciaradiofonicadominicana.com\/portal\/#organization"},"potentialAction":[{"@type":"SearchAction","target":{"@type":"EntryPoint","urlTemplate":"https:\/\/potenciaradiofonicadominicana.com\/portal\/?s={search_term_string}"},"query-input":{"@type":"PropertyValueSpecification","valueRequired":true,"valueName":"search_term_string"}}],"inLanguage":"es"},{"@type":"Organization","@id":"https:\/\/potenciaradiofonicadominicana.com\/portal\/#organization","name":"PotenciaRadiofonicaDominicana.com","url":"https:\/\/potenciaradiofonicadominicana.com\/portal\/","logo":{"@type":"ImageObject","inLanguage":"es","@id":"https:\/\/potenciaradiofonicadominicana.com\/portal\/#\/schema\/logo\/image\/","url":"https:\/\/potenciaradiofonicadominicana.com\/portal\/wp-content\/uploads\/2022\/01\/descarga.png","contentUrl":"https:\/\/potenciaradiofonicadominicana.com\/portal\/wp-content\/uploads\/2022\/01\/descarga.png","width":300,"height":100,"caption":"PotenciaRadiofonicaDominicana.com"},"image":{"@id":"https:\/\/potenciaradiofonicadominicana.com\/portal\/#\/schema\/logo\/image\/"},"sameAs":["https:\/\/web.facebook.com\/PotenciaRadiofonicaD"]},{"@type":"Person","@id":"https:\/\/potenciaradiofonicadominicana.com\/portal\/#\/schema\/person\/a5cf1fea13877803ee0573ac18b03490","name":"Potencia Radiof\u00f3nica Dominicana","image":{"@type":"ImageObject","inLanguage":"es","@id":"https:\/\/potenciaradiofonicadominicana.com\/portal\/#\/schema\/person\/image\/","url":"https:\/\/secure.gravatar.com\/avatar\/42a55ab9e8ccc656ba34cd791990602a?s=96&d=mm&r=g","contentUrl":"https:\/\/secure.gravatar.com\/avatar\/42a55ab9e8ccc656ba34cd791990602a?s=96&d=mm&r=g","caption":"Potencia Radiof\u00f3nica Dominicana"},"url":"https:\/\/potenciaradiofonicadominicana.com\/portal\/author\/johannyalmanzar\/"}]}},"_links":{"self":[{"href":"https:\/\/potenciaradiofonicadominicana.com\/portal\/wp-json\/wp\/v2\/posts\/116582","targetHints":{"allow":["GET"]}}],"collection":[{"href":"https:\/\/potenciaradiofonicadominicana.com\/portal\/wp-json\/wp\/v2\/posts"}],"about":[{"href":"https:\/\/potenciaradiofonicadominicana.com\/portal\/wp-json\/wp\/v2\/types\/post"}],"author":[{"embeddable":true,"href":"https:\/\/potenciaradiofonicadominicana.com\/portal\/wp-json\/wp\/v2\/users\/2"}],"replies":[{"embeddable":true,"href":"https:\/\/potenciaradiofonicadominicana.com\/portal\/wp-json\/wp\/v2\/comments?post=116582"}],"version-history":[{"count":1,"href":"https:\/\/potenciaradiofonicadominicana.com\/portal\/wp-json\/wp\/v2\/posts\/116582\/revisions"}],"predecessor-version":[{"id":116586,"href":"https:\/\/potenciaradiofonicadominicana.com\/portal\/wp-json\/wp\/v2\/posts\/116582\/revisions\/116586"}],"wp:featuredmedia":[{"embeddable":true,"href":"https:\/\/potenciaradiofonicadominicana.com\/portal\/wp-json\/wp\/v2\/media\/116584"}],"wp:attachment":[{"href":"https:\/\/potenciaradiofonicadominicana.com\/portal\/wp-json\/wp\/v2\/media?parent=116582"}],"wp:term":[{"taxonomy":"category","embeddable":true,"href":"https:\/\/potenciaradiofonicadominicana.com\/portal\/wp-json\/wp\/v2\/categories?post=116582"},{"taxonomy":"post_tag","embeddable":true,"href":"https:\/\/potenciaradiofonicadominicana.com\/portal\/wp-json\/wp\/v2\/tags?post=116582"}],"curies":[{"name":"wp","href":"https:\/\/api.w.org\/{rel}","templated":true}]}}