{"id":116575,"date":"2022-02-15T09:01:42","date_gmt":"2022-02-15T13:01:42","guid":{"rendered":"https:\/\/potenciaradiofonicadominicana.com\/portal\/?p=116575"},"modified":"2022-02-15T09:01:42","modified_gmt":"2022-02-15T13:01:42","slug":"intercambio-comercial-con-eeuu-llega-a-us16791-mm","status":"publish","type":"post","link":"https:\/\/potenciaradiofonicadominicana.com\/portal\/intercambio-comercial-con-eeuu-llega-a-us16791-mm\/","title":{"rendered":"Intercambio comercial con EEUU llega a US$16,791 MM"},"content":{"rendered":"<p><a href=\"https:\/\/potenciaradiofonicadominicana.com\/portal\/wp-content\/uploads\/2022\/02\/intercambio-comercial-con-eeuu-llega-a-us-16791-mm.jpeg\"><img loading=\"lazy\" decoding=\"async\" class=\"alignnone size-full wp-image-116576\" src=\"https:\/\/potenciaradiofonicadominicana.com\/portal\/wp-content\/uploads\/2022\/02\/intercambio-comercial-con-eeuu-llega-a-us-16791-mm.jpeg\" alt=\"\" width=\"680\" height=\"410\" srcset=\"https:\/\/potenciaradiofonicadominicana.com\/portal\/wp-content\/uploads\/2022\/02\/intercambio-comercial-con-eeuu-llega-a-us-16791-mm.jpeg 680w, https:\/\/potenciaradiofonicadominicana.com\/portal\/wp-content\/uploads\/2022\/02\/intercambio-comercial-con-eeuu-llega-a-us-16791-mm-300x181.jpeg 300w, https:\/\/potenciaradiofonicadominicana.com\/portal\/wp-content\/uploads\/2022\/02\/intercambio-comercial-con-eeuu-llega-a-us-16791-mm-165x100.jpeg 165w, https:\/\/potenciaradiofonicadominicana.com\/portal\/wp-content\/uploads\/2022\/02\/intercambio-comercial-con-eeuu-llega-a-us-16791-mm-400x240.jpeg 400w\" sizes=\"auto, (max-width: 680px) 100vw, 680px\" \/><\/a><\/p>\n<p>Las cifras consolidadas para el a\u00f1o 2021 demuestran la fortaleza de la\u00a0relaci\u00f3n econ\u00f3mica entre Rep\u00fablica Dominicana y Estados Unidos, con aumentos en casi todos los renglones, incluyendo las remesas, el intercambio comercial y el turismo, seg\u00fan inform\u00f3 Sonia Guzm\u00e1n, embajadora dominicana en ese pa\u00eds.<\/p>\n<p>La diplom\u00e1tica destac\u00f3 que Estados Unidos fue por un gran margen el mayor emisor de la inversi\u00f3n extranjera recibida por RD. Datos del Banco Central indican que,\u00a0de enero a septiembre del pasado a\u00f1o, la inversi\u00f3n extranjera directa proveniente de EEUU alcanz\u00f3 US$1,021 millones,\u00a0un 41% del total captado en ese per\u00edodo, que es el porcentaje m\u00e1s alto en una d\u00e9cada.<\/p>\n<p>De acuerdo con un informe del Departamento Comercial de la embajada, de enero a diciembre de 2021,\u00a0el intercambio de bienes entre los dos pa\u00edses alcanz\u00f3 un r\u00e9cord de US$16,791 millones, un aumento de\u00a0 US$4,000 millones con relaci\u00f3n a 2020, para un ascenso interanual de 32%.<\/p>\n<p>Las exportaciones representaron el a\u00f1o pasado US$6,347 millones, un 20% m\u00e1s comparado con 2020, y 14% con relaci\u00f3n al volumen de 2019,\u00a0 se\u00f1al\u00f3 Leonel Mateo Hern\u00e1ndez, encargado de asuntos econ\u00f3micos y comerciales de la misi\u00f3n diplom\u00e1tica.<\/p>\n<p>&nbsp;<\/p>\n","protected":false},"excerpt":{"rendered":"<p>Las cifras consolidadas para el a\u00f1o 2021 demuestran la fortaleza de la\u00a0relaci\u00f3n econ\u00f3mica entre Rep\u00fablica Dominicana y Estados Unidos, con &#8230;<\/p>\n","protected":false},"author":2,"featured_media":116576,"comment_status":"closed","ping_status":"closed","sticky":false,"template":"","format":"standard","meta":{"footnotes":""},"categories":[26],"tags":[],"class_list":["post-116575","post","type-post","status-publish","format-standard","has-post-thumbnail","hentry","category-economia"],"yoast_head":"<!-- This site is optimized with the Yoast SEO plugin v24.8.1 - https:\/\/yoast.com\/wordpress\/plugins\/seo\/ -->\n<title>Intercambio comercial con EEUU llega a US$16,791 MM - PotenciaRadiofonicaDominicana.com<\/title>\n<meta name=\"robots\" content=\"index, follow, max-snippet:-1, max-image-preview:large, max-video-preview:-1\" \/>\n<link rel=\"canonical\" href=\"https:\/\/potenciaradiofonicadominicana.com\/portal\/intercambio-comercial-con-eeuu-llega-a-us16791-mm\/\" \/>\n<meta property=\"og:locale\" content=\"es_ES\" \/>\n<meta property=\"og:type\" content=\"article\" \/>\n<meta property=\"og:title\" content=\"Intercambio comercial con EEUU llega a US$16,791 MM - PotenciaRadiofonicaDominicana.com\" \/>\n<meta property=\"og:description\" content=\"Las cifras consolidadas para el a\u00f1o 2021 demuestran la fortaleza de la\u00a0relaci\u00f3n econ\u00f3mica entre Rep\u00fablica Dominicana y Estados Unidos, con ...\" \/>\n<meta property=\"og:url\" content=\"https:\/\/potenciaradiofonicadominicana.com\/portal\/intercambio-comercial-con-eeuu-llega-a-us16791-mm\/\" \/>\n<meta property=\"og:site_name\" content=\"PotenciaRadiofonicaDominicana.com\" \/>\n<meta property=\"article:publisher\" content=\"https:\/\/web.facebook.com\/PotenciaRadiofonicaD\" \/>\n<meta property=\"article:published_time\" content=\"2022-02-15T13:01:42+00:00\" \/>\n<meta property=\"og:image\" content=\"https:\/\/potenciaradiofonicadominicana.com\/portal\/wp-content\/uploads\/2022\/02\/intercambio-comercial-con-eeuu-llega-a-us-16791-mm.jpeg\" \/>\n\t<meta property=\"og:image:width\" content=\"680\" \/>\n\t<meta property=\"og:image:height\" content=\"410\" \/>\n\t<meta property=\"og:image:type\" content=\"image\/jpeg\" \/>\n<meta name=\"author\" content=\"Potencia Radiof\u00f3nica Dominicana\" \/>\n<meta name=\"twitter:card\" content=\"summary_large_image\" \/>\n<meta name=\"twitter:label1\" content=\"Escrito por\" \/>\n\t<meta name=\"twitter:data1\" content=\"Potencia Radiof\u00f3nica Dominicana\" \/>\n\t<meta name=\"twitter:label2\" content=\"Tiempo de lectura\" \/>\n\t<meta name=\"twitter:data2\" content=\"1 minuto\" \/>\n<script type=\"application\/ld+json\" class=\"yoast-schema-graph\">{\"@context\":\"https:\/\/schema.org\",\"@graph\":[{\"@type\":\"Article\",\"@id\":\"https:\/\/potenciaradiofonicadominicana.com\/portal\/intercambio-comercial-con-eeuu-llega-a-us16791-mm\/#article\",\"isPartOf\":{\"@id\":\"https:\/\/potenciaradiofonicadominicana.com\/portal\/intercambio-comercial-con-eeuu-llega-a-us16791-mm\/\"},\"author\":{\"name\":\"Potencia Radiof\u00f3nica Dominicana\",\"@id\":\"https:\/\/potenciaradiofonicadominicana.com\/portal\/#\/schema\/person\/a5cf1fea13877803ee0573ac18b03490\"},\"headline\":\"Intercambio comercial con EEUU llega a US$16,791 MM\",\"datePublished\":\"2022-02-15T13:01:42+00:00\",\"mainEntityOfPage\":{\"@id\":\"https:\/\/potenciaradiofonicadominicana.com\/portal\/intercambio-comercial-con-eeuu-llega-a-us16791-mm\/\"},\"wordCount\":213,\"publisher\":{\"@id\":\"https:\/\/potenciaradiofonicadominicana.com\/portal\/#organization\"},\"image\":{\"@id\":\"https:\/\/potenciaradiofonicadominicana.com\/portal\/intercambio-comercial-con-eeuu-llega-a-us16791-mm\/#primaryimage\"},\"thumbnailUrl\":\"https:\/\/potenciaradiofonicadominicana.com\/portal\/wp-content\/uploads\/2022\/02\/intercambio-comercial-con-eeuu-llega-a-us-16791-mm.jpeg\",\"articleSection\":[\"Econom\u00eda\"],\"inLanguage\":\"es\"},{\"@type\":\"WebPage\",\"@id\":\"https:\/\/potenciaradiofonicadominicana.com\/portal\/intercambio-comercial-con-eeuu-llega-a-us16791-mm\/\",\"url\":\"https:\/\/potenciaradiofonicadominicana.com\/portal\/intercambio-comercial-con-eeuu-llega-a-us16791-mm\/\",\"name\":\"Intercambio comercial con EEUU llega a US$16,791 MM - PotenciaRadiofonicaDominicana.com\",\"isPartOf\":{\"@id\":\"https:\/\/potenciaradiofonicadominicana.com\/portal\/#website\"},\"primaryImageOfPage\":{\"@id\":\"https:\/\/potenciaradiofonicadominicana.com\/portal\/intercambio-comercial-con-eeuu-llega-a-us16791-mm\/#primaryimage\"},\"image\":{\"@id\":\"https:\/\/potenciaradiofonicadominicana.com\/portal\/intercambio-comercial-con-eeuu-llega-a-us16791-mm\/#primaryimage\"},\"thumbnailUrl\":\"https:\/\/potenciaradiofonicadominicana.com\/portal\/wp-content\/uploads\/2022\/02\/intercambio-comercial-con-eeuu-llega-a-us-16791-mm.jpeg\",\"datePublished\":\"2022-02-15T13:01:42+00:00\",\"breadcrumb\":{\"@id\":\"https:\/\/potenciaradiofonicadominicana.com\/portal\/intercambio-comercial-con-eeuu-llega-a-us16791-mm\/#breadcrumb\"},\"inLanguage\":\"es\",\"potentialAction\":[{\"@type\":\"ReadAction\",\"target\":[\"https:\/\/potenciaradiofonicadominicana.com\/portal\/intercambio-comercial-con-eeuu-llega-a-us16791-mm\/\"]}]},{\"@type\":\"ImageObject\",\"inLanguage\":\"es\",\"@id\":\"https:\/\/potenciaradiofonicadominicana.com\/portal\/intercambio-comercial-con-eeuu-llega-a-us16791-mm\/#primaryimage\",\"url\":\"https:\/\/potenciaradiofonicadominicana.com\/portal\/wp-content\/uploads\/2022\/02\/intercambio-comercial-con-eeuu-llega-a-us-16791-mm.jpeg\",\"contentUrl\":\"https:\/\/potenciaradiofonicadominicana.com\/portal\/wp-content\/uploads\/2022\/02\/intercambio-comercial-con-eeuu-llega-a-us-16791-mm.jpeg\",\"width\":680,\"height\":410},{\"@type\":\"BreadcrumbList\",\"@id\":\"https:\/\/potenciaradiofonicadominicana.com\/portal\/intercambio-comercial-con-eeuu-llega-a-us16791-mm\/#breadcrumb\",\"itemListElement\":[{\"@type\":\"ListItem\",\"position\":1,\"name\":\"Portada\",\"item\":\"https:\/\/potenciaradiofonicadominicana.com\/portal\/\"},{\"@type\":\"ListItem\",\"position\":2,\"name\":\"Intercambio comercial con EEUU llega a US$16,791 MM\"}]},{\"@type\":\"WebSite\",\"@id\":\"https:\/\/potenciaradiofonicadominicana.com\/portal\/#website\",\"url\":\"https:\/\/potenciaradiofonicadominicana.com\/portal\/\",\"name\":\"PotenciaRadiofonicaDominicana.com\",\"description\":\"Peri\u00f3dico Digital\",\"publisher\":{\"@id\":\"https:\/\/potenciaradiofonicadominicana.com\/portal\/#organization\"},\"potentialAction\":[{\"@type\":\"SearchAction\",\"target\":{\"@type\":\"EntryPoint\",\"urlTemplate\":\"https:\/\/potenciaradiofonicadominicana.com\/portal\/?s={search_term_string}\"},\"query-input\":{\"@type\":\"PropertyValueSpecification\",\"valueRequired\":true,\"valueName\":\"search_term_string\"}}],\"inLanguage\":\"es\"},{\"@type\":\"Organization\",\"@id\":\"https:\/\/potenciaradiofonicadominicana.com\/portal\/#organization\",\"name\":\"PotenciaRadiofonicaDominicana.com\",\"url\":\"https:\/\/potenciaradiofonicadominicana.com\/portal\/\",\"logo\":{\"@type\":\"ImageObject\",\"inLanguage\":\"es\",\"@id\":\"https:\/\/potenciaradiofonicadominicana.com\/portal\/#\/schema\/logo\/image\/\",\"url\":\"https:\/\/potenciaradiofonicadominicana.com\/portal\/wp-content\/uploads\/2022\/01\/descarga.png\",\"contentUrl\":\"https:\/\/potenciaradiofonicadominicana.com\/portal\/wp-content\/uploads\/2022\/01\/descarga.png\",\"width\":300,\"height\":100,\"caption\":\"PotenciaRadiofonicaDominicana.com\"},\"image\":{\"@id\":\"https:\/\/potenciaradiofonicadominicana.com\/portal\/#\/schema\/logo\/image\/\"},\"sameAs\":[\"https:\/\/web.facebook.com\/PotenciaRadiofonicaD\"]},{\"@type\":\"Person\",\"@id\":\"https:\/\/potenciaradiofonicadominicana.com\/portal\/#\/schema\/person\/a5cf1fea13877803ee0573ac18b03490\",\"name\":\"Potencia Radiof\u00f3nica Dominicana\",\"image\":{\"@type\":\"ImageObject\",\"inLanguage\":\"es\",\"@id\":\"https:\/\/potenciaradiofonicadominicana.com\/portal\/#\/schema\/person\/image\/\",\"url\":\"https:\/\/secure.gravatar.com\/avatar\/42a55ab9e8ccc656ba34cd791990602a?s=96&d=mm&r=g\",\"contentUrl\":\"https:\/\/secure.gravatar.com\/avatar\/42a55ab9e8ccc656ba34cd791990602a?s=96&d=mm&r=g\",\"caption\":\"Potencia Radiof\u00f3nica Dominicana\"},\"url\":\"https:\/\/potenciaradiofonicadominicana.com\/portal\/author\/johannyalmanzar\/\"}]}<\/script>\n<!-- \/ Yoast SEO plugin. -->","yoast_head_json":{"title":"Intercambio comercial con EEUU llega a US$16,791 MM - PotenciaRadiofonicaDominicana.com","robots":{"index":"index","follow":"follow","max-snippet":"max-snippet:-1","max-image-preview":"max-image-preview:large","max-video-preview":"max-video-preview:-1"},"canonical":"https:\/\/potenciaradiofonicadominicana.com\/portal\/intercambio-comercial-con-eeuu-llega-a-us16791-mm\/","og_locale":"es_ES","og_type":"article","og_title":"Intercambio comercial con EEUU llega a US$16,791 MM - PotenciaRadiofonicaDominicana.com","og_description":"Las cifras consolidadas para el a\u00f1o 2021 demuestran la fortaleza de la\u00a0relaci\u00f3n econ\u00f3mica entre Rep\u00fablica Dominicana y Estados Unidos, con ...","og_url":"https:\/\/potenciaradiofonicadominicana.com\/portal\/intercambio-comercial-con-eeuu-llega-a-us16791-mm\/","og_site_name":"PotenciaRadiofonicaDominicana.com","article_publisher":"https:\/\/web.facebook.com\/PotenciaRadiofonicaD","article_published_time":"2022-02-15T13:01:42+00:00","og_image":[{"width":680,"height":410,"url":"https:\/\/potenciaradiofonicadominicana.com\/portal\/wp-content\/uploads\/2022\/02\/intercambio-comercial-con-eeuu-llega-a-us-16791-mm.jpeg","type":"image\/jpeg"}],"author":"Potencia Radiof\u00f3nica Dominicana","twitter_card":"summary_large_image","twitter_misc":{"Escrito por":"Potencia Radiof\u00f3nica Dominicana","Tiempo de lectura":"1 minuto"},"schema":{"@context":"https:\/\/schema.org","@graph":[{"@type":"Article","@id":"https:\/\/potenciaradiofonicadominicana.com\/portal\/intercambio-comercial-con-eeuu-llega-a-us16791-mm\/#article","isPartOf":{"@id":"https:\/\/potenciaradiofonicadominicana.com\/portal\/intercambio-comercial-con-eeuu-llega-a-us16791-mm\/"},"author":{"name":"Potencia Radiof\u00f3nica Dominicana","@id":"https:\/\/potenciaradiofonicadominicana.com\/portal\/#\/schema\/person\/a5cf1fea13877803ee0573ac18b03490"},"headline":"Intercambio comercial con EEUU llega a US$16,791 MM","datePublished":"2022-02-15T13:01:42+00:00","mainEntityOfPage":{"@id":"https:\/\/potenciaradiofonicadominicana.com\/portal\/intercambio-comercial-con-eeuu-llega-a-us16791-mm\/"},"wordCount":213,"publisher":{"@id":"https:\/\/potenciaradiofonicadominicana.com\/portal\/#organization"},"image":{"@id":"https:\/\/potenciaradiofonicadominicana.com\/portal\/intercambio-comercial-con-eeuu-llega-a-us16791-mm\/#primaryimage"},"thumbnailUrl":"https:\/\/potenciaradiofonicadominicana.com\/portal\/wp-content\/uploads\/2022\/02\/intercambio-comercial-con-eeuu-llega-a-us-16791-mm.jpeg","articleSection":["Econom\u00eda"],"inLanguage":"es"},{"@type":"WebPage","@id":"https:\/\/potenciaradiofonicadominicana.com\/portal\/intercambio-comercial-con-eeuu-llega-a-us16791-mm\/","url":"https:\/\/potenciaradiofonicadominicana.com\/portal\/intercambio-comercial-con-eeuu-llega-a-us16791-mm\/","name":"Intercambio comercial con EEUU llega a US$16,791 MM - PotenciaRadiofonicaDominicana.com","isPartOf":{"@id":"https:\/\/potenciaradiofonicadominicana.com\/portal\/#website"},"primaryImageOfPage":{"@id":"https:\/\/potenciaradiofonicadominicana.com\/portal\/intercambio-comercial-con-eeuu-llega-a-us16791-mm\/#primaryimage"},"image":{"@id":"https:\/\/potenciaradiofonicadominicana.com\/portal\/intercambio-comercial-con-eeuu-llega-a-us16791-mm\/#primaryimage"},"thumbnailUrl":"https:\/\/potenciaradiofonicadominicana.com\/portal\/wp-content\/uploads\/2022\/02\/intercambio-comercial-con-eeuu-llega-a-us-16791-mm.jpeg","datePublished":"2022-02-15T13:01:42+00:00","breadcrumb":{"@id":"https:\/\/potenciaradiofonicadominicana.com\/portal\/intercambio-comercial-con-eeuu-llega-a-us16791-mm\/#breadcrumb"},"inLanguage":"es","potentialAction":[{"@type":"ReadAction","target":["https:\/\/potenciaradiofonicadominicana.com\/portal\/intercambio-comercial-con-eeuu-llega-a-us16791-mm\/"]}]},{"@type":"ImageObject","inLanguage":"es","@id":"https:\/\/potenciaradiofonicadominicana.com\/portal\/intercambio-comercial-con-eeuu-llega-a-us16791-mm\/#primaryimage","url":"https:\/\/potenciaradiofonicadominicana.com\/portal\/wp-content\/uploads\/2022\/02\/intercambio-comercial-con-eeuu-llega-a-us-16791-mm.jpeg","contentUrl":"https:\/\/potenciaradiofonicadominicana.com\/portal\/wp-content\/uploads\/2022\/02\/intercambio-comercial-con-eeuu-llega-a-us-16791-mm.jpeg","width":680,"height":410},{"@type":"BreadcrumbList","@id":"https:\/\/potenciaradiofonicadominicana.com\/portal\/intercambio-comercial-con-eeuu-llega-a-us16791-mm\/#breadcrumb","itemListElement":[{"@type":"ListItem","position":1,"name":"Portada","item":"https:\/\/potenciaradiofonicadominicana.com\/portal\/"},{"@type":"ListItem","position":2,"name":"Intercambio comercial con EEUU llega a US$16,791 MM"}]},{"@type":"WebSite","@id":"https:\/\/potenciaradiofonicadominicana.com\/portal\/#website","url":"https:\/\/potenciaradiofonicadominicana.com\/portal\/","name":"PotenciaRadiofonicaDominicana.com","description":"Peri\u00f3dico Digital","publisher":{"@id":"https:\/\/potenciaradiofonicadominicana.com\/portal\/#organization"},"potentialAction":[{"@type":"SearchAction","target":{"@type":"EntryPoint","urlTemplate":"https:\/\/potenciaradiofonicadominicana.com\/portal\/?s={search_term_string}"},"query-input":{"@type":"PropertyValueSpecification","valueRequired":true,"valueName":"search_term_string"}}],"inLanguage":"es"},{"@type":"Organization","@id":"https:\/\/potenciaradiofonicadominicana.com\/portal\/#organization","name":"PotenciaRadiofonicaDominicana.com","url":"https:\/\/potenciaradiofonicadominicana.com\/portal\/","logo":{"@type":"ImageObject","inLanguage":"es","@id":"https:\/\/potenciaradiofonicadominicana.com\/portal\/#\/schema\/logo\/image\/","url":"https:\/\/potenciaradiofonicadominicana.com\/portal\/wp-content\/uploads\/2022\/01\/descarga.png","contentUrl":"https:\/\/potenciaradiofonicadominicana.com\/portal\/wp-content\/uploads\/2022\/01\/descarga.png","width":300,"height":100,"caption":"PotenciaRadiofonicaDominicana.com"},"image":{"@id":"https:\/\/potenciaradiofonicadominicana.com\/portal\/#\/schema\/logo\/image\/"},"sameAs":["https:\/\/web.facebook.com\/PotenciaRadiofonicaD"]},{"@type":"Person","@id":"https:\/\/potenciaradiofonicadominicana.com\/portal\/#\/schema\/person\/a5cf1fea13877803ee0573ac18b03490","name":"Potencia Radiof\u00f3nica Dominicana","image":{"@type":"ImageObject","inLanguage":"es","@id":"https:\/\/potenciaradiofonicadominicana.com\/portal\/#\/schema\/person\/image\/","url":"https:\/\/secure.gravatar.com\/avatar\/42a55ab9e8ccc656ba34cd791990602a?s=96&d=mm&r=g","contentUrl":"https:\/\/secure.gravatar.com\/avatar\/42a55ab9e8ccc656ba34cd791990602a?s=96&d=mm&r=g","caption":"Potencia Radiof\u00f3nica Dominicana"},"url":"https:\/\/potenciaradiofonicadominicana.com\/portal\/author\/johannyalmanzar\/"}]}},"_links":{"self":[{"href":"https:\/\/potenciaradiofonicadominicana.com\/portal\/wp-json\/wp\/v2\/posts\/116575","targetHints":{"allow":["GET"]}}],"collection":[{"href":"https:\/\/potenciaradiofonicadominicana.com\/portal\/wp-json\/wp\/v2\/posts"}],"about":[{"href":"https:\/\/potenciaradiofonicadominicana.com\/portal\/wp-json\/wp\/v2\/types\/post"}],"author":[{"embeddable":true,"href":"https:\/\/potenciaradiofonicadominicana.com\/portal\/wp-json\/wp\/v2\/users\/2"}],"replies":[{"embeddable":true,"href":"https:\/\/potenciaradiofonicadominicana.com\/portal\/wp-json\/wp\/v2\/comments?post=116575"}],"version-history":[{"count":1,"href":"https:\/\/potenciaradiofonicadominicana.com\/portal\/wp-json\/wp\/v2\/posts\/116575\/revisions"}],"predecessor-version":[{"id":116580,"href":"https:\/\/potenciaradiofonicadominicana.com\/portal\/wp-json\/wp\/v2\/posts\/116575\/revisions\/116580"}],"wp:featuredmedia":[{"embeddable":true,"href":"https:\/\/potenciaradiofonicadominicana.com\/portal\/wp-json\/wp\/v2\/media\/116576"}],"wp:attachment":[{"href":"https:\/\/potenciaradiofonicadominicana.com\/portal\/wp-json\/wp\/v2\/media?parent=116575"}],"wp:term":[{"taxonomy":"category","embeddable":true,"href":"https:\/\/potenciaradiofonicadominicana.com\/portal\/wp-json\/wp\/v2\/categories?post=116575"},{"taxonomy":"post_tag","embeddable":true,"href":"https:\/\/potenciaradiofonicadominicana.com\/portal\/wp-json\/wp\/v2\/tags?post=116575"}],"curies":[{"name":"wp","href":"https:\/\/api.w.org\/{rel}","templated":true}]}}