{"id":116569,"date":"2022-02-15T09:00:02","date_gmt":"2022-02-15T13:00:02","guid":{"rendered":"https:\/\/potenciaradiofonicadominicana.com\/portal\/?p=116569"},"modified":"2022-02-15T09:00:02","modified_gmt":"2022-02-15T13:00:02","slug":"dgii-pospone-para-2023-aplicacion-de-norma-que-afectaba-a-medicos","status":"publish","type":"post","link":"https:\/\/potenciaradiofonicadominicana.com\/portal\/dgii-pospone-para-2023-aplicacion-de-norma-que-afectaba-a-medicos\/","title":{"rendered":"DGII pospone para 2023 aplicaci\u00f3n de norma que afectaba a m\u00e9dicos"},"content":{"rendered":"<p><a href=\"https:\/\/potenciaradiofonicadominicana.com\/portal\/wp-content\/uploads\/2022\/02\/luis_15539452_20210111151713-focus-0-0-895-573.jpg\"><img loading=\"lazy\" decoding=\"async\" class=\"alignnone size-full wp-image-116572\" src=\"https:\/\/potenciaradiofonicadominicana.com\/portal\/wp-content\/uploads\/2022\/02\/luis_15539452_20210111151713-focus-0-0-895-573.jpg\" alt=\"\" width=\"546\" height=\"350\" srcset=\"https:\/\/potenciaradiofonicadominicana.com\/portal\/wp-content\/uploads\/2022\/02\/luis_15539452_20210111151713-focus-0-0-895-573.jpg 546w, https:\/\/potenciaradiofonicadominicana.com\/portal\/wp-content\/uploads\/2022\/02\/luis_15539452_20210111151713-focus-0-0-895-573-300x192.jpg 300w\" sizes=\"auto, (max-width: 546px) 100vw, 546px\" \/><\/a><\/p>\n<p>La\u00a0Direcci\u00f3n General de Impuestos Internos\u00a0(DGII), pospuso para el 2023 la aplicaci\u00f3n de la Norma 04-3022 sobre la Incorporaci\u00f3n, Permanencia, Exclusi\u00f3n y Declaraci\u00f3n Jurada en el R\u00e9gimen Simplificado de Tributaci\u00f3n (RST).<\/p>\n<p>El anuncio fue hecho por el director general de la\u00a0DGII,\u00a0Luis Valdez, quien dijo que la medida tiene como objetivo abrir un proceso de di\u00e1logo al respecto con diferentes sectores y que la norma no tiene un esp\u00edritu recaudador, sino de corregir distorsiones.<\/p>\n<p>\u00abNo se trata de un tema de recaudaci\u00f3n, sino de un tema de correcci\u00f3n de una distorsi\u00f3n que tiene el Sistema Tributario. Ahora bien, el\u00a0Gobierno\u00a0y la\u00a0Direcci\u00f3n General de Impuestos Internos\u00a0ante la situaci\u00f3n creada con la norma llamamos a la poblaci\u00f3n, a todos los sectores, no solamente a los m\u00e9dicos, porque tambi\u00e9n hay otros sectores, a que nos sentemos y veamos la mejor forma y la mejor v\u00eda de aplicaci\u00f3n de esta norma\u00bb, dijo el director de la\u00a0DGII.<\/p>\n<p>Explic\u00f3 que en el RST hay registrados 20,500 contribuyentes, de los que 16, 500 son profesionales liberales y 4,000 personas jur\u00eddicas y que se ha determinado que\u00a0\u00a0 6,200 profesionales liberales se benefician una doble exenci\u00f3n.<\/p>\n<p>En cuanto a las recaudaciones de la\u00a0DGII\u00a0el funcionario dijo que durante el mes de enero de 2022 se estim\u00f3 una recaudaci\u00f3n de RD$56,000 millones de pesos y concluyeron con RD$57,000 millones, unos mil \u00a0millones m\u00e1s de lo estimado.<\/p>\n<p>Luis Valdez\u00a0habl\u00f3 tras el dep\u00f3sito de una ofrenda floral en el Altar de la Patria durante la celebraci\u00f3n del Mes de la Patria.<\/p>\n<p>La norma 04-2022 ha generado el rechazo principalmente del Colegio M\u00e9dico Dominicano que ha llamado a sus afiliados a no cumplirla.<\/p>\n","protected":false},"excerpt":{"rendered":"<p>La\u00a0Direcci\u00f3n General de Impuestos Internos\u00a0(DGII), pospuso para el 2023 la aplicaci\u00f3n de la Norma 04-3022 sobre la Incorporaci\u00f3n, Permanencia, Exclusi\u00f3n &#8230;<\/p>\n","protected":false},"author":2,"featured_media":116572,"comment_status":"closed","ping_status":"closed","sticky":false,"template":"","format":"standard","meta":{"footnotes":""},"categories":[26],"tags":[],"class_list":["post-116569","post","type-post","status-publish","format-standard","has-post-thumbnail","hentry","category-economia"],"yoast_head":"<!-- This site is optimized with the Yoast SEO plugin v24.8.1 - https:\/\/yoast.com\/wordpress\/plugins\/seo\/ -->\n<title>DGII pospone para 2023 aplicaci\u00f3n de norma que afectaba a m\u00e9dicos - PotenciaRadiofonicaDominicana.com<\/title>\n<meta name=\"robots\" content=\"index, follow, max-snippet:-1, max-image-preview:large, max-video-preview:-1\" \/>\n<link rel=\"canonical\" href=\"https:\/\/potenciaradiofonicadominicana.com\/portal\/dgii-pospone-para-2023-aplicacion-de-norma-que-afectaba-a-medicos\/\" \/>\n<meta property=\"og:locale\" content=\"es_ES\" \/>\n<meta property=\"og:type\" content=\"article\" \/>\n<meta property=\"og:title\" content=\"DGII pospone para 2023 aplicaci\u00f3n de norma que afectaba a m\u00e9dicos - PotenciaRadiofonicaDominicana.com\" \/>\n<meta property=\"og:description\" content=\"La\u00a0Direcci\u00f3n General de Impuestos Internos\u00a0(DGII), pospuso para el 2023 la aplicaci\u00f3n de la Norma 04-3022 sobre la Incorporaci\u00f3n, Permanencia, Exclusi\u00f3n ...\" \/>\n<meta property=\"og:url\" content=\"https:\/\/potenciaradiofonicadominicana.com\/portal\/dgii-pospone-para-2023-aplicacion-de-norma-que-afectaba-a-medicos\/\" \/>\n<meta property=\"og:site_name\" content=\"PotenciaRadiofonicaDominicana.com\" \/>\n<meta property=\"article:publisher\" content=\"https:\/\/web.facebook.com\/PotenciaRadiofonicaD\" \/>\n<meta property=\"article:published_time\" content=\"2022-02-15T13:00:02+00:00\" \/>\n<meta property=\"og:image\" content=\"https:\/\/potenciaradiofonicadominicana.com\/portal\/wp-content\/uploads\/2022\/02\/luis_15539452_20210111151713-focus-0-0-895-573.jpg\" \/>\n\t<meta property=\"og:image:width\" content=\"546\" \/>\n\t<meta property=\"og:image:height\" content=\"350\" \/>\n\t<meta property=\"og:image:type\" content=\"image\/jpeg\" \/>\n<meta name=\"author\" content=\"Potencia Radiof\u00f3nica Dominicana\" \/>\n<meta name=\"twitter:card\" content=\"summary_large_image\" \/>\n<meta name=\"twitter:label1\" content=\"Escrito por\" \/>\n\t<meta name=\"twitter:data1\" content=\"Potencia Radiof\u00f3nica Dominicana\" \/>\n\t<meta name=\"twitter:label2\" content=\"Tiempo de lectura\" \/>\n\t<meta name=\"twitter:data2\" content=\"1 minuto\" \/>\n<script type=\"application\/ld+json\" class=\"yoast-schema-graph\">{\"@context\":\"https:\/\/schema.org\",\"@graph\":[{\"@type\":\"Article\",\"@id\":\"https:\/\/potenciaradiofonicadominicana.com\/portal\/dgii-pospone-para-2023-aplicacion-de-norma-que-afectaba-a-medicos\/#article\",\"isPartOf\":{\"@id\":\"https:\/\/potenciaradiofonicadominicana.com\/portal\/dgii-pospone-para-2023-aplicacion-de-norma-que-afectaba-a-medicos\/\"},\"author\":{\"name\":\"Potencia Radiof\u00f3nica Dominicana\",\"@id\":\"https:\/\/potenciaradiofonicadominicana.com\/portal\/#\/schema\/person\/a5cf1fea13877803ee0573ac18b03490\"},\"headline\":\"DGII pospone para 2023 aplicaci\u00f3n de norma que afectaba a m\u00e9dicos\",\"datePublished\":\"2022-02-15T13:00:02+00:00\",\"mainEntityOfPage\":{\"@id\":\"https:\/\/potenciaradiofonicadominicana.com\/portal\/dgii-pospone-para-2023-aplicacion-de-norma-que-afectaba-a-medicos\/\"},\"wordCount\":309,\"publisher\":{\"@id\":\"https:\/\/potenciaradiofonicadominicana.com\/portal\/#organization\"},\"image\":{\"@id\":\"https:\/\/potenciaradiofonicadominicana.com\/portal\/dgii-pospone-para-2023-aplicacion-de-norma-que-afectaba-a-medicos\/#primaryimage\"},\"thumbnailUrl\":\"https:\/\/potenciaradiofonicadominicana.com\/portal\/wp-content\/uploads\/2022\/02\/luis_15539452_20210111151713-focus-0-0-895-573.jpg\",\"articleSection\":[\"Econom\u00eda\"],\"inLanguage\":\"es\"},{\"@type\":\"WebPage\",\"@id\":\"https:\/\/potenciaradiofonicadominicana.com\/portal\/dgii-pospone-para-2023-aplicacion-de-norma-que-afectaba-a-medicos\/\",\"url\":\"https:\/\/potenciaradiofonicadominicana.com\/portal\/dgii-pospone-para-2023-aplicacion-de-norma-que-afectaba-a-medicos\/\",\"name\":\"DGII pospone para 2023 aplicaci\u00f3n de norma que afectaba a m\u00e9dicos - PotenciaRadiofonicaDominicana.com\",\"isPartOf\":{\"@id\":\"https:\/\/potenciaradiofonicadominicana.com\/portal\/#website\"},\"primaryImageOfPage\":{\"@id\":\"https:\/\/potenciaradiofonicadominicana.com\/portal\/dgii-pospone-para-2023-aplicacion-de-norma-que-afectaba-a-medicos\/#primaryimage\"},\"image\":{\"@id\":\"https:\/\/potenciaradiofonicadominicana.com\/portal\/dgii-pospone-para-2023-aplicacion-de-norma-que-afectaba-a-medicos\/#primaryimage\"},\"thumbnailUrl\":\"https:\/\/potenciaradiofonicadominicana.com\/portal\/wp-content\/uploads\/2022\/02\/luis_15539452_20210111151713-focus-0-0-895-573.jpg\",\"datePublished\":\"2022-02-15T13:00:02+00:00\",\"breadcrumb\":{\"@id\":\"https:\/\/potenciaradiofonicadominicana.com\/portal\/dgii-pospone-para-2023-aplicacion-de-norma-que-afectaba-a-medicos\/#breadcrumb\"},\"inLanguage\":\"es\",\"potentialAction\":[{\"@type\":\"ReadAction\",\"target\":[\"https:\/\/potenciaradiofonicadominicana.com\/portal\/dgii-pospone-para-2023-aplicacion-de-norma-que-afectaba-a-medicos\/\"]}]},{\"@type\":\"ImageObject\",\"inLanguage\":\"es\",\"@id\":\"https:\/\/potenciaradiofonicadominicana.com\/portal\/dgii-pospone-para-2023-aplicacion-de-norma-que-afectaba-a-medicos\/#primaryimage\",\"url\":\"https:\/\/potenciaradiofonicadominicana.com\/portal\/wp-content\/uploads\/2022\/02\/luis_15539452_20210111151713-focus-0-0-895-573.jpg\",\"contentUrl\":\"https:\/\/potenciaradiofonicadominicana.com\/portal\/wp-content\/uploads\/2022\/02\/luis_15539452_20210111151713-focus-0-0-895-573.jpg\",\"width\":546,\"height\":350},{\"@type\":\"BreadcrumbList\",\"@id\":\"https:\/\/potenciaradiofonicadominicana.com\/portal\/dgii-pospone-para-2023-aplicacion-de-norma-que-afectaba-a-medicos\/#breadcrumb\",\"itemListElement\":[{\"@type\":\"ListItem\",\"position\":1,\"name\":\"Portada\",\"item\":\"https:\/\/potenciaradiofonicadominicana.com\/portal\/\"},{\"@type\":\"ListItem\",\"position\":2,\"name\":\"DGII pospone para 2023 aplicaci\u00f3n de norma que afectaba a m\u00e9dicos\"}]},{\"@type\":\"WebSite\",\"@id\":\"https:\/\/potenciaradiofonicadominicana.com\/portal\/#website\",\"url\":\"https:\/\/potenciaradiofonicadominicana.com\/portal\/\",\"name\":\"PotenciaRadiofonicaDominicana.com\",\"description\":\"Peri\u00f3dico Digital\",\"publisher\":{\"@id\":\"https:\/\/potenciaradiofonicadominicana.com\/portal\/#organization\"},\"potentialAction\":[{\"@type\":\"SearchAction\",\"target\":{\"@type\":\"EntryPoint\",\"urlTemplate\":\"https:\/\/potenciaradiofonicadominicana.com\/portal\/?s={search_term_string}\"},\"query-input\":{\"@type\":\"PropertyValueSpecification\",\"valueRequired\":true,\"valueName\":\"search_term_string\"}}],\"inLanguage\":\"es\"},{\"@type\":\"Organization\",\"@id\":\"https:\/\/potenciaradiofonicadominicana.com\/portal\/#organization\",\"name\":\"PotenciaRadiofonicaDominicana.com\",\"url\":\"https:\/\/potenciaradiofonicadominicana.com\/portal\/\",\"logo\":{\"@type\":\"ImageObject\",\"inLanguage\":\"es\",\"@id\":\"https:\/\/potenciaradiofonicadominicana.com\/portal\/#\/schema\/logo\/image\/\",\"url\":\"https:\/\/potenciaradiofonicadominicana.com\/portal\/wp-content\/uploads\/2022\/01\/descarga.png\",\"contentUrl\":\"https:\/\/potenciaradiofonicadominicana.com\/portal\/wp-content\/uploads\/2022\/01\/descarga.png\",\"width\":300,\"height\":100,\"caption\":\"PotenciaRadiofonicaDominicana.com\"},\"image\":{\"@id\":\"https:\/\/potenciaradiofonicadominicana.com\/portal\/#\/schema\/logo\/image\/\"},\"sameAs\":[\"https:\/\/web.facebook.com\/PotenciaRadiofonicaD\"]},{\"@type\":\"Person\",\"@id\":\"https:\/\/potenciaradiofonicadominicana.com\/portal\/#\/schema\/person\/a5cf1fea13877803ee0573ac18b03490\",\"name\":\"Potencia Radiof\u00f3nica Dominicana\",\"image\":{\"@type\":\"ImageObject\",\"inLanguage\":\"es\",\"@id\":\"https:\/\/potenciaradiofonicadominicana.com\/portal\/#\/schema\/person\/image\/\",\"url\":\"https:\/\/secure.gravatar.com\/avatar\/42a55ab9e8ccc656ba34cd791990602a?s=96&d=mm&r=g\",\"contentUrl\":\"https:\/\/secure.gravatar.com\/avatar\/42a55ab9e8ccc656ba34cd791990602a?s=96&d=mm&r=g\",\"caption\":\"Potencia Radiof\u00f3nica Dominicana\"},\"url\":\"https:\/\/potenciaradiofonicadominicana.com\/portal\/author\/johannyalmanzar\/\"}]}<\/script>\n<!-- \/ Yoast SEO plugin. -->","yoast_head_json":{"title":"DGII pospone para 2023 aplicaci\u00f3n de norma que afectaba a m\u00e9dicos - PotenciaRadiofonicaDominicana.com","robots":{"index":"index","follow":"follow","max-snippet":"max-snippet:-1","max-image-preview":"max-image-preview:large","max-video-preview":"max-video-preview:-1"},"canonical":"https:\/\/potenciaradiofonicadominicana.com\/portal\/dgii-pospone-para-2023-aplicacion-de-norma-que-afectaba-a-medicos\/","og_locale":"es_ES","og_type":"article","og_title":"DGII pospone para 2023 aplicaci\u00f3n de norma que afectaba a m\u00e9dicos - PotenciaRadiofonicaDominicana.com","og_description":"La\u00a0Direcci\u00f3n General de Impuestos Internos\u00a0(DGII), pospuso para el 2023 la aplicaci\u00f3n de la Norma 04-3022 sobre la Incorporaci\u00f3n, Permanencia, Exclusi\u00f3n ...","og_url":"https:\/\/potenciaradiofonicadominicana.com\/portal\/dgii-pospone-para-2023-aplicacion-de-norma-que-afectaba-a-medicos\/","og_site_name":"PotenciaRadiofonicaDominicana.com","article_publisher":"https:\/\/web.facebook.com\/PotenciaRadiofonicaD","article_published_time":"2022-02-15T13:00:02+00:00","og_image":[{"width":546,"height":350,"url":"https:\/\/potenciaradiofonicadominicana.com\/portal\/wp-content\/uploads\/2022\/02\/luis_15539452_20210111151713-focus-0-0-895-573.jpg","type":"image\/jpeg"}],"author":"Potencia Radiof\u00f3nica Dominicana","twitter_card":"summary_large_image","twitter_misc":{"Escrito por":"Potencia Radiof\u00f3nica Dominicana","Tiempo de lectura":"1 minuto"},"schema":{"@context":"https:\/\/schema.org","@graph":[{"@type":"Article","@id":"https:\/\/potenciaradiofonicadominicana.com\/portal\/dgii-pospone-para-2023-aplicacion-de-norma-que-afectaba-a-medicos\/#article","isPartOf":{"@id":"https:\/\/potenciaradiofonicadominicana.com\/portal\/dgii-pospone-para-2023-aplicacion-de-norma-que-afectaba-a-medicos\/"},"author":{"name":"Potencia Radiof\u00f3nica Dominicana","@id":"https:\/\/potenciaradiofonicadominicana.com\/portal\/#\/schema\/person\/a5cf1fea13877803ee0573ac18b03490"},"headline":"DGII pospone para 2023 aplicaci\u00f3n de norma que afectaba a m\u00e9dicos","datePublished":"2022-02-15T13:00:02+00:00","mainEntityOfPage":{"@id":"https:\/\/potenciaradiofonicadominicana.com\/portal\/dgii-pospone-para-2023-aplicacion-de-norma-que-afectaba-a-medicos\/"},"wordCount":309,"publisher":{"@id":"https:\/\/potenciaradiofonicadominicana.com\/portal\/#organization"},"image":{"@id":"https:\/\/potenciaradiofonicadominicana.com\/portal\/dgii-pospone-para-2023-aplicacion-de-norma-que-afectaba-a-medicos\/#primaryimage"},"thumbnailUrl":"https:\/\/potenciaradiofonicadominicana.com\/portal\/wp-content\/uploads\/2022\/02\/luis_15539452_20210111151713-focus-0-0-895-573.jpg","articleSection":["Econom\u00eda"],"inLanguage":"es"},{"@type":"WebPage","@id":"https:\/\/potenciaradiofonicadominicana.com\/portal\/dgii-pospone-para-2023-aplicacion-de-norma-que-afectaba-a-medicos\/","url":"https:\/\/potenciaradiofonicadominicana.com\/portal\/dgii-pospone-para-2023-aplicacion-de-norma-que-afectaba-a-medicos\/","name":"DGII pospone para 2023 aplicaci\u00f3n de norma que afectaba a m\u00e9dicos - PotenciaRadiofonicaDominicana.com","isPartOf":{"@id":"https:\/\/potenciaradiofonicadominicana.com\/portal\/#website"},"primaryImageOfPage":{"@id":"https:\/\/potenciaradiofonicadominicana.com\/portal\/dgii-pospone-para-2023-aplicacion-de-norma-que-afectaba-a-medicos\/#primaryimage"},"image":{"@id":"https:\/\/potenciaradiofonicadominicana.com\/portal\/dgii-pospone-para-2023-aplicacion-de-norma-que-afectaba-a-medicos\/#primaryimage"},"thumbnailUrl":"https:\/\/potenciaradiofonicadominicana.com\/portal\/wp-content\/uploads\/2022\/02\/luis_15539452_20210111151713-focus-0-0-895-573.jpg","datePublished":"2022-02-15T13:00:02+00:00","breadcrumb":{"@id":"https:\/\/potenciaradiofonicadominicana.com\/portal\/dgii-pospone-para-2023-aplicacion-de-norma-que-afectaba-a-medicos\/#breadcrumb"},"inLanguage":"es","potentialAction":[{"@type":"ReadAction","target":["https:\/\/potenciaradiofonicadominicana.com\/portal\/dgii-pospone-para-2023-aplicacion-de-norma-que-afectaba-a-medicos\/"]}]},{"@type":"ImageObject","inLanguage":"es","@id":"https:\/\/potenciaradiofonicadominicana.com\/portal\/dgii-pospone-para-2023-aplicacion-de-norma-que-afectaba-a-medicos\/#primaryimage","url":"https:\/\/potenciaradiofonicadominicana.com\/portal\/wp-content\/uploads\/2022\/02\/luis_15539452_20210111151713-focus-0-0-895-573.jpg","contentUrl":"https:\/\/potenciaradiofonicadominicana.com\/portal\/wp-content\/uploads\/2022\/02\/luis_15539452_20210111151713-focus-0-0-895-573.jpg","width":546,"height":350},{"@type":"BreadcrumbList","@id":"https:\/\/potenciaradiofonicadominicana.com\/portal\/dgii-pospone-para-2023-aplicacion-de-norma-que-afectaba-a-medicos\/#breadcrumb","itemListElement":[{"@type":"ListItem","position":1,"name":"Portada","item":"https:\/\/potenciaradiofonicadominicana.com\/portal\/"},{"@type":"ListItem","position":2,"name":"DGII pospone para 2023 aplicaci\u00f3n de norma que afectaba a m\u00e9dicos"}]},{"@type":"WebSite","@id":"https:\/\/potenciaradiofonicadominicana.com\/portal\/#website","url":"https:\/\/potenciaradiofonicadominicana.com\/portal\/","name":"PotenciaRadiofonicaDominicana.com","description":"Peri\u00f3dico Digital","publisher":{"@id":"https:\/\/potenciaradiofonicadominicana.com\/portal\/#organization"},"potentialAction":[{"@type":"SearchAction","target":{"@type":"EntryPoint","urlTemplate":"https:\/\/potenciaradiofonicadominicana.com\/portal\/?s={search_term_string}"},"query-input":{"@type":"PropertyValueSpecification","valueRequired":true,"valueName":"search_term_string"}}],"inLanguage":"es"},{"@type":"Organization","@id":"https:\/\/potenciaradiofonicadominicana.com\/portal\/#organization","name":"PotenciaRadiofonicaDominicana.com","url":"https:\/\/potenciaradiofonicadominicana.com\/portal\/","logo":{"@type":"ImageObject","inLanguage":"es","@id":"https:\/\/potenciaradiofonicadominicana.com\/portal\/#\/schema\/logo\/image\/","url":"https:\/\/potenciaradiofonicadominicana.com\/portal\/wp-content\/uploads\/2022\/01\/descarga.png","contentUrl":"https:\/\/potenciaradiofonicadominicana.com\/portal\/wp-content\/uploads\/2022\/01\/descarga.png","width":300,"height":100,"caption":"PotenciaRadiofonicaDominicana.com"},"image":{"@id":"https:\/\/potenciaradiofonicadominicana.com\/portal\/#\/schema\/logo\/image\/"},"sameAs":["https:\/\/web.facebook.com\/PotenciaRadiofonicaD"]},{"@type":"Person","@id":"https:\/\/potenciaradiofonicadominicana.com\/portal\/#\/schema\/person\/a5cf1fea13877803ee0573ac18b03490","name":"Potencia Radiof\u00f3nica Dominicana","image":{"@type":"ImageObject","inLanguage":"es","@id":"https:\/\/potenciaradiofonicadominicana.com\/portal\/#\/schema\/person\/image\/","url":"https:\/\/secure.gravatar.com\/avatar\/42a55ab9e8ccc656ba34cd791990602a?s=96&d=mm&r=g","contentUrl":"https:\/\/secure.gravatar.com\/avatar\/42a55ab9e8ccc656ba34cd791990602a?s=96&d=mm&r=g","caption":"Potencia Radiof\u00f3nica Dominicana"},"url":"https:\/\/potenciaradiofonicadominicana.com\/portal\/author\/johannyalmanzar\/"}]}},"_links":{"self":[{"href":"https:\/\/potenciaradiofonicadominicana.com\/portal\/wp-json\/wp\/v2\/posts\/116569","targetHints":{"allow":["GET"]}}],"collection":[{"href":"https:\/\/potenciaradiofonicadominicana.com\/portal\/wp-json\/wp\/v2\/posts"}],"about":[{"href":"https:\/\/potenciaradiofonicadominicana.com\/portal\/wp-json\/wp\/v2\/types\/post"}],"author":[{"embeddable":true,"href":"https:\/\/potenciaradiofonicadominicana.com\/portal\/wp-json\/wp\/v2\/users\/2"}],"replies":[{"embeddable":true,"href":"https:\/\/potenciaradiofonicadominicana.com\/portal\/wp-json\/wp\/v2\/comments?post=116569"}],"version-history":[{"count":1,"href":"https:\/\/potenciaradiofonicadominicana.com\/portal\/wp-json\/wp\/v2\/posts\/116569\/revisions"}],"predecessor-version":[{"id":116573,"href":"https:\/\/potenciaradiofonicadominicana.com\/portal\/wp-json\/wp\/v2\/posts\/116569\/revisions\/116573"}],"wp:featuredmedia":[{"embeddable":true,"href":"https:\/\/potenciaradiofonicadominicana.com\/portal\/wp-json\/wp\/v2\/media\/116572"}],"wp:attachment":[{"href":"https:\/\/potenciaradiofonicadominicana.com\/portal\/wp-json\/wp\/v2\/media?parent=116569"}],"wp:term":[{"taxonomy":"category","embeddable":true,"href":"https:\/\/potenciaradiofonicadominicana.com\/portal\/wp-json\/wp\/v2\/categories?post=116569"},{"taxonomy":"post_tag","embeddable":true,"href":"https:\/\/potenciaradiofonicadominicana.com\/portal\/wp-json\/wp\/v2\/tags?post=116569"}],"curies":[{"name":"wp","href":"https:\/\/api.w.org\/{rel}","templated":true}]}}