{"id":116402,"date":"2022-02-14T09:29:33","date_gmt":"2022-02-14T13:29:33","guid":{"rendered":"https:\/\/potenciaradiofonicadominicana.com\/portal\/?p=116402"},"modified":"2022-02-14T09:29:33","modified_gmt":"2022-02-14T13:29:33","slug":"los-dominicanos-aseguran-cada-vez-mas-su-salud-y-su-vida","status":"publish","type":"post","link":"https:\/\/potenciaradiofonicadominicana.com\/portal\/los-dominicanos-aseguran-cada-vez-mas-su-salud-y-su-vida\/","title":{"rendered":"\u201cLos dominicanos aseguran cada vez m\u00e1s su salud y su vida\u201d"},"content":{"rendered":"<p><a href=\"https:\/\/potenciaradiofonicadominicana.com\/portal\/wp-content\/uploads\/2022\/02\/whatsapp-image-2022-02-11-at-35242-pm-e9e1540d-focus-0-0-895-573.jpg\"><img loading=\"lazy\" decoding=\"async\" class=\"alignnone size-full wp-image-116403\" src=\"https:\/\/potenciaradiofonicadominicana.com\/portal\/wp-content\/uploads\/2022\/02\/whatsapp-image-2022-02-11-at-35242-pm-e9e1540d-focus-0-0-895-573.jpg\" alt=\"\" width=\"895\" height=\"573\" srcset=\"https:\/\/potenciaradiofonicadominicana.com\/portal\/wp-content\/uploads\/2022\/02\/whatsapp-image-2022-02-11-at-35242-pm-e9e1540d-focus-0-0-895-573.jpg 895w, https:\/\/potenciaradiofonicadominicana.com\/portal\/wp-content\/uploads\/2022\/02\/whatsapp-image-2022-02-11-at-35242-pm-e9e1540d-focus-0-0-895-573-300x192.jpg 300w, https:\/\/potenciaradiofonicadominicana.com\/portal\/wp-content\/uploads\/2022\/02\/whatsapp-image-2022-02-11-at-35242-pm-e9e1540d-focus-0-0-895-573-768x492.jpg 768w\" sizes=\"auto, (max-width: 895px) 100vw, 895px\" \/><\/a><\/p>\n<p>El dominicano est\u00e1 cada vez m\u00e1s concienciado sobre la importancia de asegurar sus propiedades, vida y salud, aunque el\u00a0sector seguros\u00a0enfrenta ciertos retos, principalmente el acceso de los m\u00e1s pobres a esos servicios.<\/p>\n<p>Para el presidente del directorio de la aseguradora WorldWide Group, Zanoni Selig, al comparar a los dominicanos con los ciudadanos de otros pa\u00edses de Am\u00e9rica Latina donde esa empresa tiene presencia, los criollos se aseguran m\u00e1s.<\/p>\n<p>\u201cNo es verdad que la Rep\u00fablica Dominicana est\u00e1 por debajo en la cultura de seguros que la mayor\u00eda de los pa\u00edses de Am\u00e9rica Latina. El dominicano cada vez coge m\u00e1s conciencia\u201d, afirm\u00f3 Selig.<\/p>\n<p>Declar\u00f3 que los criollos entienden que el seguro de vida es una necesidad, principalmente en la capas medias y altas, \u201caunque deber\u00eda llegarse a estratos m\u00e1s bajos, pero ha ido progresando (el pa\u00eds) y hay una cultura de seguros\u201d.<\/p>\n<p>Asegur\u00f3 que uno de los retos de la empresa es crear productos m\u00e1s asequibles, para poder llegar a una clase diferente a la que normalmente adquiere sus servicios, y hacer que estos puedan ser comprados por una clase social menos favorecida, para lo cual adelant\u00f3 est\u00e1n trabajando.<\/p>\n<p>\u201cCreemos que podemos crecer -agreg\u00f3-, lo \u00fanico que, para nuestro seguro de vida, que terminamos el a\u00f1o pasado con un crecimiento en las ventas de un 30 por ciento, si se llegara a quitar el impuesto o reducirlo, en este se pudiera crecer mucho\u201d.<\/p>\n<p>Resalt\u00f3 que una de los fen\u00f3menos que est\u00e1 pasando en el mercado dominicano es que est\u00e1 aumentando el nivel de tecnolog\u00eda y la experiencia de los m\u00e9dicos, trabajando con casos m\u00e1s cr\u00edticos, para el cual el paciente no tiene que irse a tratar fuera del pa\u00eds.<\/p>\n<p>Asimismo, destac\u00f3 que en el pa\u00eds los costos de los tratamientos y procedimientos son m\u00e1s baratos que en los Estados Unidos. \u201cPara nuestro negocio, yo lo veo bien\u201d, observ\u00f3.<\/p>\n<p>WorldWide es una compa\u00f1\u00eda de seguros, enfocada en dos ramos: uno de gastos m\u00e9dicos mayores o\u00a0seguro m\u00e9dico\u00a0internacional, y otro de vida individual. La empresa cuenta en el pa\u00eds con el 50 % del sector privado en su\u00a0seguro m\u00e9dico\u00a0internacional. \u201cTodo lo que es el seguro privado. Tenemos competidores, pero la mayor\u00eda no est\u00e1n enfocadas en ese ramo, sino que lo hacen como uno m\u00e1s. Hay mucho m\u00e1s mercado, principalmente en los sitos que no son la capital y Santiago; todo lo que es la regi\u00f3n del Cibao: Espaillat, Duarte, Hermanas Mirabal, Puerto Plata y la regi\u00f3n Este\u201d, precis\u00f3.<\/p>\n<p>El presidente del directorio de la aseguradora destac\u00f3 que, en el caso del seguro de vida individual, tambi\u00e9n la empresa es l\u00edder en el pa\u00eds.<\/p>\n<p>Zanoni Selig, quien se hizo acompa\u00f1ar de Wolfgang Wand, miembro de la junta directiva de la compa\u00f1\u00eda, inform\u00f3 que se encuentran en el pa\u00eds para celebrar uno de los cuatro consejos de directores de la organizaci\u00f3n al a\u00f1o, adem\u00e1s de un evento para premiar a los corredores que m\u00e1s p\u00f3lizas colocaron en 2021 y anuncios de coberturas nuevas, sobre todo del\u00a0seguro m\u00e9dico\u00a0internacional<\/p>\n","protected":false},"excerpt":{"rendered":"<p>El dominicano est\u00e1 cada vez m\u00e1s concienciado sobre la importancia de asegurar sus propiedades, vida y salud, aunque el\u00a0sector seguros\u00a0enfrenta &#8230;<\/p>\n","protected":false},"author":2,"featured_media":116403,"comment_status":"closed","ping_status":"closed","sticky":false,"template":"","format":"standard","meta":{"footnotes":""},"categories":[26],"tags":[],"class_list":["post-116402","post","type-post","status-publish","format-standard","has-post-thumbnail","hentry","category-economia"],"yoast_head":"<!-- This site is optimized with the Yoast SEO plugin v24.8.1 - https:\/\/yoast.com\/wordpress\/plugins\/seo\/ -->\n<title>\u201cLos dominicanos aseguran cada vez m\u00e1s su salud y su vida\u201d - PotenciaRadiofonicaDominicana.com<\/title>\n<meta name=\"robots\" content=\"index, follow, max-snippet:-1, max-image-preview:large, max-video-preview:-1\" \/>\n<link rel=\"canonical\" href=\"https:\/\/potenciaradiofonicadominicana.com\/portal\/los-dominicanos-aseguran-cada-vez-mas-su-salud-y-su-vida\/\" \/>\n<meta property=\"og:locale\" content=\"es_ES\" \/>\n<meta property=\"og:type\" content=\"article\" \/>\n<meta property=\"og:title\" content=\"\u201cLos dominicanos aseguran cada vez m\u00e1s su salud y su vida\u201d - PotenciaRadiofonicaDominicana.com\" \/>\n<meta property=\"og:description\" content=\"El dominicano est\u00e1 cada vez m\u00e1s concienciado sobre la importancia de asegurar sus propiedades, vida y salud, aunque el\u00a0sector seguros\u00a0enfrenta ...\" \/>\n<meta property=\"og:url\" content=\"https:\/\/potenciaradiofonicadominicana.com\/portal\/los-dominicanos-aseguran-cada-vez-mas-su-salud-y-su-vida\/\" \/>\n<meta property=\"og:site_name\" content=\"PotenciaRadiofonicaDominicana.com\" \/>\n<meta property=\"article:publisher\" content=\"https:\/\/web.facebook.com\/PotenciaRadiofonicaD\" \/>\n<meta property=\"article:published_time\" content=\"2022-02-14T13:29:33+00:00\" \/>\n<meta property=\"og:image\" content=\"https:\/\/potenciaradiofonicadominicana.com\/portal\/wp-content\/uploads\/2022\/02\/whatsapp-image-2022-02-11-at-35242-pm-e9e1540d-focus-0-0-895-573.jpg\" \/>\n\t<meta property=\"og:image:width\" content=\"895\" \/>\n\t<meta property=\"og:image:height\" content=\"573\" \/>\n\t<meta property=\"og:image:type\" content=\"image\/jpeg\" \/>\n<meta name=\"author\" content=\"Potencia Radiof\u00f3nica Dominicana\" \/>\n<meta name=\"twitter:card\" content=\"summary_large_image\" \/>\n<meta name=\"twitter:label1\" content=\"Escrito por\" \/>\n\t<meta name=\"twitter:data1\" content=\"Potencia Radiof\u00f3nica Dominicana\" \/>\n\t<meta name=\"twitter:label2\" content=\"Tiempo de lectura\" \/>\n\t<meta name=\"twitter:data2\" content=\"3 minutos\" \/>\n<script type=\"application\/ld+json\" class=\"yoast-schema-graph\">{\"@context\":\"https:\/\/schema.org\",\"@graph\":[{\"@type\":\"Article\",\"@id\":\"https:\/\/potenciaradiofonicadominicana.com\/portal\/los-dominicanos-aseguran-cada-vez-mas-su-salud-y-su-vida\/#article\",\"isPartOf\":{\"@id\":\"https:\/\/potenciaradiofonicadominicana.com\/portal\/los-dominicanos-aseguran-cada-vez-mas-su-salud-y-su-vida\/\"},\"author\":{\"name\":\"Potencia Radiof\u00f3nica Dominicana\",\"@id\":\"https:\/\/potenciaradiofonicadominicana.com\/portal\/#\/schema\/person\/a5cf1fea13877803ee0573ac18b03490\"},\"headline\":\"\u201cLos dominicanos aseguran cada vez m\u00e1s su salud y su vida\u201d\",\"datePublished\":\"2022-02-14T13:29:33+00:00\",\"mainEntityOfPage\":{\"@id\":\"https:\/\/potenciaradiofonicadominicana.com\/portal\/los-dominicanos-aseguran-cada-vez-mas-su-salud-y-su-vida\/\"},\"wordCount\":554,\"publisher\":{\"@id\":\"https:\/\/potenciaradiofonicadominicana.com\/portal\/#organization\"},\"image\":{\"@id\":\"https:\/\/potenciaradiofonicadominicana.com\/portal\/los-dominicanos-aseguran-cada-vez-mas-su-salud-y-su-vida\/#primaryimage\"},\"thumbnailUrl\":\"https:\/\/potenciaradiofonicadominicana.com\/portal\/wp-content\/uploads\/2022\/02\/whatsapp-image-2022-02-11-at-35242-pm-e9e1540d-focus-0-0-895-573.jpg\",\"articleSection\":[\"Econom\u00eda\"],\"inLanguage\":\"es\"},{\"@type\":\"WebPage\",\"@id\":\"https:\/\/potenciaradiofonicadominicana.com\/portal\/los-dominicanos-aseguran-cada-vez-mas-su-salud-y-su-vida\/\",\"url\":\"https:\/\/potenciaradiofonicadominicana.com\/portal\/los-dominicanos-aseguran-cada-vez-mas-su-salud-y-su-vida\/\",\"name\":\"\u201cLos dominicanos aseguran cada vez m\u00e1s su salud y su vida\u201d - PotenciaRadiofonicaDominicana.com\",\"isPartOf\":{\"@id\":\"https:\/\/potenciaradiofonicadominicana.com\/portal\/#website\"},\"primaryImageOfPage\":{\"@id\":\"https:\/\/potenciaradiofonicadominicana.com\/portal\/los-dominicanos-aseguran-cada-vez-mas-su-salud-y-su-vida\/#primaryimage\"},\"image\":{\"@id\":\"https:\/\/potenciaradiofonicadominicana.com\/portal\/los-dominicanos-aseguran-cada-vez-mas-su-salud-y-su-vida\/#primaryimage\"},\"thumbnailUrl\":\"https:\/\/potenciaradiofonicadominicana.com\/portal\/wp-content\/uploads\/2022\/02\/whatsapp-image-2022-02-11-at-35242-pm-e9e1540d-focus-0-0-895-573.jpg\",\"datePublished\":\"2022-02-14T13:29:33+00:00\",\"breadcrumb\":{\"@id\":\"https:\/\/potenciaradiofonicadominicana.com\/portal\/los-dominicanos-aseguran-cada-vez-mas-su-salud-y-su-vida\/#breadcrumb\"},\"inLanguage\":\"es\",\"potentialAction\":[{\"@type\":\"ReadAction\",\"target\":[\"https:\/\/potenciaradiofonicadominicana.com\/portal\/los-dominicanos-aseguran-cada-vez-mas-su-salud-y-su-vida\/\"]}]},{\"@type\":\"ImageObject\",\"inLanguage\":\"es\",\"@id\":\"https:\/\/potenciaradiofonicadominicana.com\/portal\/los-dominicanos-aseguran-cada-vez-mas-su-salud-y-su-vida\/#primaryimage\",\"url\":\"https:\/\/potenciaradiofonicadominicana.com\/portal\/wp-content\/uploads\/2022\/02\/whatsapp-image-2022-02-11-at-35242-pm-e9e1540d-focus-0-0-895-573.jpg\",\"contentUrl\":\"https:\/\/potenciaradiofonicadominicana.com\/portal\/wp-content\/uploads\/2022\/02\/whatsapp-image-2022-02-11-at-35242-pm-e9e1540d-focus-0-0-895-573.jpg\",\"width\":895,\"height\":573},{\"@type\":\"BreadcrumbList\",\"@id\":\"https:\/\/potenciaradiofonicadominicana.com\/portal\/los-dominicanos-aseguran-cada-vez-mas-su-salud-y-su-vida\/#breadcrumb\",\"itemListElement\":[{\"@type\":\"ListItem\",\"position\":1,\"name\":\"Portada\",\"item\":\"https:\/\/potenciaradiofonicadominicana.com\/portal\/\"},{\"@type\":\"ListItem\",\"position\":2,\"name\":\"\u201cLos dominicanos aseguran cada vez m\u00e1s su salud y su vida\u201d\"}]},{\"@type\":\"WebSite\",\"@id\":\"https:\/\/potenciaradiofonicadominicana.com\/portal\/#website\",\"url\":\"https:\/\/potenciaradiofonicadominicana.com\/portal\/\",\"name\":\"PotenciaRadiofonicaDominicana.com\",\"description\":\"Peri\u00f3dico Digital\",\"publisher\":{\"@id\":\"https:\/\/potenciaradiofonicadominicana.com\/portal\/#organization\"},\"potentialAction\":[{\"@type\":\"SearchAction\",\"target\":{\"@type\":\"EntryPoint\",\"urlTemplate\":\"https:\/\/potenciaradiofonicadominicana.com\/portal\/?s={search_term_string}\"},\"query-input\":{\"@type\":\"PropertyValueSpecification\",\"valueRequired\":true,\"valueName\":\"search_term_string\"}}],\"inLanguage\":\"es\"},{\"@type\":\"Organization\",\"@id\":\"https:\/\/potenciaradiofonicadominicana.com\/portal\/#organization\",\"name\":\"PotenciaRadiofonicaDominicana.com\",\"url\":\"https:\/\/potenciaradiofonicadominicana.com\/portal\/\",\"logo\":{\"@type\":\"ImageObject\",\"inLanguage\":\"es\",\"@id\":\"https:\/\/potenciaradiofonicadominicana.com\/portal\/#\/schema\/logo\/image\/\",\"url\":\"https:\/\/potenciaradiofonicadominicana.com\/portal\/wp-content\/uploads\/2022\/01\/descarga.png\",\"contentUrl\":\"https:\/\/potenciaradiofonicadominicana.com\/portal\/wp-content\/uploads\/2022\/01\/descarga.png\",\"width\":300,\"height\":100,\"caption\":\"PotenciaRadiofonicaDominicana.com\"},\"image\":{\"@id\":\"https:\/\/potenciaradiofonicadominicana.com\/portal\/#\/schema\/logo\/image\/\"},\"sameAs\":[\"https:\/\/web.facebook.com\/PotenciaRadiofonicaD\"]},{\"@type\":\"Person\",\"@id\":\"https:\/\/potenciaradiofonicadominicana.com\/portal\/#\/schema\/person\/a5cf1fea13877803ee0573ac18b03490\",\"name\":\"Potencia Radiof\u00f3nica Dominicana\",\"image\":{\"@type\":\"ImageObject\",\"inLanguage\":\"es\",\"@id\":\"https:\/\/potenciaradiofonicadominicana.com\/portal\/#\/schema\/person\/image\/\",\"url\":\"https:\/\/secure.gravatar.com\/avatar\/42a55ab9e8ccc656ba34cd791990602a?s=96&d=mm&r=g\",\"contentUrl\":\"https:\/\/secure.gravatar.com\/avatar\/42a55ab9e8ccc656ba34cd791990602a?s=96&d=mm&r=g\",\"caption\":\"Potencia Radiof\u00f3nica Dominicana\"},\"url\":\"https:\/\/potenciaradiofonicadominicana.com\/portal\/author\/johannyalmanzar\/\"}]}<\/script>\n<!-- \/ Yoast SEO plugin. -->","yoast_head_json":{"title":"\u201cLos dominicanos aseguran cada vez m\u00e1s su salud y su vida\u201d - PotenciaRadiofonicaDominicana.com","robots":{"index":"index","follow":"follow","max-snippet":"max-snippet:-1","max-image-preview":"max-image-preview:large","max-video-preview":"max-video-preview:-1"},"canonical":"https:\/\/potenciaradiofonicadominicana.com\/portal\/los-dominicanos-aseguran-cada-vez-mas-su-salud-y-su-vida\/","og_locale":"es_ES","og_type":"article","og_title":"\u201cLos dominicanos aseguran cada vez m\u00e1s su salud y su vida\u201d - PotenciaRadiofonicaDominicana.com","og_description":"El dominicano est\u00e1 cada vez m\u00e1s concienciado sobre la importancia de asegurar sus propiedades, vida y salud, aunque el\u00a0sector seguros\u00a0enfrenta ...","og_url":"https:\/\/potenciaradiofonicadominicana.com\/portal\/los-dominicanos-aseguran-cada-vez-mas-su-salud-y-su-vida\/","og_site_name":"PotenciaRadiofonicaDominicana.com","article_publisher":"https:\/\/web.facebook.com\/PotenciaRadiofonicaD","article_published_time":"2022-02-14T13:29:33+00:00","og_image":[{"width":895,"height":573,"url":"https:\/\/potenciaradiofonicadominicana.com\/portal\/wp-content\/uploads\/2022\/02\/whatsapp-image-2022-02-11-at-35242-pm-e9e1540d-focus-0-0-895-573.jpg","type":"image\/jpeg"}],"author":"Potencia Radiof\u00f3nica Dominicana","twitter_card":"summary_large_image","twitter_misc":{"Escrito por":"Potencia Radiof\u00f3nica Dominicana","Tiempo de lectura":"3 minutos"},"schema":{"@context":"https:\/\/schema.org","@graph":[{"@type":"Article","@id":"https:\/\/potenciaradiofonicadominicana.com\/portal\/los-dominicanos-aseguran-cada-vez-mas-su-salud-y-su-vida\/#article","isPartOf":{"@id":"https:\/\/potenciaradiofonicadominicana.com\/portal\/los-dominicanos-aseguran-cada-vez-mas-su-salud-y-su-vida\/"},"author":{"name":"Potencia Radiof\u00f3nica Dominicana","@id":"https:\/\/potenciaradiofonicadominicana.com\/portal\/#\/schema\/person\/a5cf1fea13877803ee0573ac18b03490"},"headline":"\u201cLos dominicanos aseguran cada vez m\u00e1s su salud y su vida\u201d","datePublished":"2022-02-14T13:29:33+00:00","mainEntityOfPage":{"@id":"https:\/\/potenciaradiofonicadominicana.com\/portal\/los-dominicanos-aseguran-cada-vez-mas-su-salud-y-su-vida\/"},"wordCount":554,"publisher":{"@id":"https:\/\/potenciaradiofonicadominicana.com\/portal\/#organization"},"image":{"@id":"https:\/\/potenciaradiofonicadominicana.com\/portal\/los-dominicanos-aseguran-cada-vez-mas-su-salud-y-su-vida\/#primaryimage"},"thumbnailUrl":"https:\/\/potenciaradiofonicadominicana.com\/portal\/wp-content\/uploads\/2022\/02\/whatsapp-image-2022-02-11-at-35242-pm-e9e1540d-focus-0-0-895-573.jpg","articleSection":["Econom\u00eda"],"inLanguage":"es"},{"@type":"WebPage","@id":"https:\/\/potenciaradiofonicadominicana.com\/portal\/los-dominicanos-aseguran-cada-vez-mas-su-salud-y-su-vida\/","url":"https:\/\/potenciaradiofonicadominicana.com\/portal\/los-dominicanos-aseguran-cada-vez-mas-su-salud-y-su-vida\/","name":"\u201cLos dominicanos aseguran cada vez m\u00e1s su salud y su vida\u201d - PotenciaRadiofonicaDominicana.com","isPartOf":{"@id":"https:\/\/potenciaradiofonicadominicana.com\/portal\/#website"},"primaryImageOfPage":{"@id":"https:\/\/potenciaradiofonicadominicana.com\/portal\/los-dominicanos-aseguran-cada-vez-mas-su-salud-y-su-vida\/#primaryimage"},"image":{"@id":"https:\/\/potenciaradiofonicadominicana.com\/portal\/los-dominicanos-aseguran-cada-vez-mas-su-salud-y-su-vida\/#primaryimage"},"thumbnailUrl":"https:\/\/potenciaradiofonicadominicana.com\/portal\/wp-content\/uploads\/2022\/02\/whatsapp-image-2022-02-11-at-35242-pm-e9e1540d-focus-0-0-895-573.jpg","datePublished":"2022-02-14T13:29:33+00:00","breadcrumb":{"@id":"https:\/\/potenciaradiofonicadominicana.com\/portal\/los-dominicanos-aseguran-cada-vez-mas-su-salud-y-su-vida\/#breadcrumb"},"inLanguage":"es","potentialAction":[{"@type":"ReadAction","target":["https:\/\/potenciaradiofonicadominicana.com\/portal\/los-dominicanos-aseguran-cada-vez-mas-su-salud-y-su-vida\/"]}]},{"@type":"ImageObject","inLanguage":"es","@id":"https:\/\/potenciaradiofonicadominicana.com\/portal\/los-dominicanos-aseguran-cada-vez-mas-su-salud-y-su-vida\/#primaryimage","url":"https:\/\/potenciaradiofonicadominicana.com\/portal\/wp-content\/uploads\/2022\/02\/whatsapp-image-2022-02-11-at-35242-pm-e9e1540d-focus-0-0-895-573.jpg","contentUrl":"https:\/\/potenciaradiofonicadominicana.com\/portal\/wp-content\/uploads\/2022\/02\/whatsapp-image-2022-02-11-at-35242-pm-e9e1540d-focus-0-0-895-573.jpg","width":895,"height":573},{"@type":"BreadcrumbList","@id":"https:\/\/potenciaradiofonicadominicana.com\/portal\/los-dominicanos-aseguran-cada-vez-mas-su-salud-y-su-vida\/#breadcrumb","itemListElement":[{"@type":"ListItem","position":1,"name":"Portada","item":"https:\/\/potenciaradiofonicadominicana.com\/portal\/"},{"@type":"ListItem","position":2,"name":"\u201cLos dominicanos aseguran cada vez m\u00e1s su salud y su vida\u201d"}]},{"@type":"WebSite","@id":"https:\/\/potenciaradiofonicadominicana.com\/portal\/#website","url":"https:\/\/potenciaradiofonicadominicana.com\/portal\/","name":"PotenciaRadiofonicaDominicana.com","description":"Peri\u00f3dico Digital","publisher":{"@id":"https:\/\/potenciaradiofonicadominicana.com\/portal\/#organization"},"potentialAction":[{"@type":"SearchAction","target":{"@type":"EntryPoint","urlTemplate":"https:\/\/potenciaradiofonicadominicana.com\/portal\/?s={search_term_string}"},"query-input":{"@type":"PropertyValueSpecification","valueRequired":true,"valueName":"search_term_string"}}],"inLanguage":"es"},{"@type":"Organization","@id":"https:\/\/potenciaradiofonicadominicana.com\/portal\/#organization","name":"PotenciaRadiofonicaDominicana.com","url":"https:\/\/potenciaradiofonicadominicana.com\/portal\/","logo":{"@type":"ImageObject","inLanguage":"es","@id":"https:\/\/potenciaradiofonicadominicana.com\/portal\/#\/schema\/logo\/image\/","url":"https:\/\/potenciaradiofonicadominicana.com\/portal\/wp-content\/uploads\/2022\/01\/descarga.png","contentUrl":"https:\/\/potenciaradiofonicadominicana.com\/portal\/wp-content\/uploads\/2022\/01\/descarga.png","width":300,"height":100,"caption":"PotenciaRadiofonicaDominicana.com"},"image":{"@id":"https:\/\/potenciaradiofonicadominicana.com\/portal\/#\/schema\/logo\/image\/"},"sameAs":["https:\/\/web.facebook.com\/PotenciaRadiofonicaD"]},{"@type":"Person","@id":"https:\/\/potenciaradiofonicadominicana.com\/portal\/#\/schema\/person\/a5cf1fea13877803ee0573ac18b03490","name":"Potencia Radiof\u00f3nica Dominicana","image":{"@type":"ImageObject","inLanguage":"es","@id":"https:\/\/potenciaradiofonicadominicana.com\/portal\/#\/schema\/person\/image\/","url":"https:\/\/secure.gravatar.com\/avatar\/42a55ab9e8ccc656ba34cd791990602a?s=96&d=mm&r=g","contentUrl":"https:\/\/secure.gravatar.com\/avatar\/42a55ab9e8ccc656ba34cd791990602a?s=96&d=mm&r=g","caption":"Potencia Radiof\u00f3nica Dominicana"},"url":"https:\/\/potenciaradiofonicadominicana.com\/portal\/author\/johannyalmanzar\/"}]}},"_links":{"self":[{"href":"https:\/\/potenciaradiofonicadominicana.com\/portal\/wp-json\/wp\/v2\/posts\/116402","targetHints":{"allow":["GET"]}}],"collection":[{"href":"https:\/\/potenciaradiofonicadominicana.com\/portal\/wp-json\/wp\/v2\/posts"}],"about":[{"href":"https:\/\/potenciaradiofonicadominicana.com\/portal\/wp-json\/wp\/v2\/types\/post"}],"author":[{"embeddable":true,"href":"https:\/\/potenciaradiofonicadominicana.com\/portal\/wp-json\/wp\/v2\/users\/2"}],"replies":[{"embeddable":true,"href":"https:\/\/potenciaradiofonicadominicana.com\/portal\/wp-json\/wp\/v2\/comments?post=116402"}],"version-history":[{"count":1,"href":"https:\/\/potenciaradiofonicadominicana.com\/portal\/wp-json\/wp\/v2\/posts\/116402\/revisions"}],"predecessor-version":[{"id":116404,"href":"https:\/\/potenciaradiofonicadominicana.com\/portal\/wp-json\/wp\/v2\/posts\/116402\/revisions\/116404"}],"wp:featuredmedia":[{"embeddable":true,"href":"https:\/\/potenciaradiofonicadominicana.com\/portal\/wp-json\/wp\/v2\/media\/116403"}],"wp:attachment":[{"href":"https:\/\/potenciaradiofonicadominicana.com\/portal\/wp-json\/wp\/v2\/media?parent=116402"}],"wp:term":[{"taxonomy":"category","embeddable":true,"href":"https:\/\/potenciaradiofonicadominicana.com\/portal\/wp-json\/wp\/v2\/categories?post=116402"},{"taxonomy":"post_tag","embeddable":true,"href":"https:\/\/potenciaradiofonicadominicana.com\/portal\/wp-json\/wp\/v2\/tags?post=116402"}],"curies":[{"name":"wp","href":"https:\/\/api.w.org\/{rel}","templated":true}]}}