{"id":116396,"date":"2022-02-14T09:27:39","date_gmt":"2022-02-14T13:27:39","guid":{"rendered":"https:\/\/potenciaradiofonicadominicana.com\/portal\/?p=116396"},"modified":"2022-02-14T09:27:39","modified_gmt":"2022-02-14T13:27:39","slug":"camara-de-santo-domingo-y-superintendencia-de-bancos-acuerdan-intercambiar-informacion","status":"publish","type":"post","link":"https:\/\/potenciaradiofonicadominicana.com\/portal\/camara-de-santo-domingo-y-superintendencia-de-bancos-acuerdan-intercambiar-informacion\/","title":{"rendered":"C\u00e1mara de Santo Domingo y Superintendencia de Bancos acuerdan intercambiar informaci\u00f3n"},"content":{"rendered":"<p><a href=\"https:\/\/potenciaradiofonicadominicana.com\/portal\/wp-content\/uploads\/2022\/02\/3-manuel-luna-y-alejnadro-fernandez-b1f37f00-focus-0.49-0.09-895-573-1.jpg\"><img loading=\"lazy\" decoding=\"async\" class=\"alignnone size-full wp-image-116397\" src=\"https:\/\/potenciaradiofonicadominicana.com\/portal\/wp-content\/uploads\/2022\/02\/3-manuel-luna-y-alejnadro-fernandez-b1f37f00-focus-0.49-0.09-895-573-1.jpg\" alt=\"\" width=\"895\" height=\"573\" srcset=\"https:\/\/potenciaradiofonicadominicana.com\/portal\/wp-content\/uploads\/2022\/02\/3-manuel-luna-y-alejnadro-fernandez-b1f37f00-focus-0.49-0.09-895-573-1.jpg 895w, https:\/\/potenciaradiofonicadominicana.com\/portal\/wp-content\/uploads\/2022\/02\/3-manuel-luna-y-alejnadro-fernandez-b1f37f00-focus-0.49-0.09-895-573-1-300x192.jpg 300w, https:\/\/potenciaradiofonicadominicana.com\/portal\/wp-content\/uploads\/2022\/02\/3-manuel-luna-y-alejnadro-fernandez-b1f37f00-focus-0.49-0.09-895-573-1-768x492.jpg 768w\" sizes=\"auto, (max-width: 895px) 100vw, 895px\" \/><\/a><\/p>\n<p>La\u00a0C\u00e1mara de Comercio de Santo Domingo\u00a0y la\u00a0Superintendencia de Bancos\u00a0(SB) firmaron un\u00a0acuerdo\u00a0de cooperaci\u00f3n interinstitucional, con el objetivo de favorecer el intercambio \u00e1gil de informaci\u00f3n, inform\u00f3 la primera entidad en una nota de prensa.<\/p>\n<p>El convenio fue rubricado por Manuel Luna Sued, presidente de la\u00a0C\u00e1mara de Comercio de Santo Domingo, y por Alejandro Fernandez W., superintendente de Bancos de la Rep\u00fablica Dominicana, y establece el permitir a la SB acceder a las informaciones del sistema de\u00a0Registro Mercantil.<\/p>\n<p>De igual manera, el\u00a0acuerdo\u00a0admitir\u00e1 a la C\u00e1mara de Santo Domingo acceder a informaci\u00f3n sobre la cartera de cr\u00e9dito por destino econ\u00f3mico y los pr\u00e9stamos por moneda y destino, siempre y cuando no tenga ning\u00fan impedimento legal ni de confidencialidad.<\/p>\n<p>Tras la firma del\u00a0acuerdo\u00a0Luna Sued destac\u00f3 su relevancia para ambas entidades. \u201cEsta correlaci\u00f3n de datos es importante, ya que permitir\u00e1 tener mayor acceso a la data p\u00fablica almacenada del\u00a0Registro Mercantil\u201d, dijo.<\/p>\n<p>El presidente destac\u00f3 que el pacto va muy de la mano con el proceso de digitalizaci\u00f3n, que desde algunos a\u00f1os viene ejecutando la entidad en favor del empresariado.<\/p>\n<p>De su lado, Fernandez W. valor\u00f3 de forma positiva la sociedad y las acciones que lleva a cabo la C\u00e1mara para hacer cada vez m\u00e1s accesibles sus servicios.<\/p>\n","protected":false},"excerpt":{"rendered":"<p>La\u00a0C\u00e1mara de Comercio de Santo Domingo\u00a0y la\u00a0Superintendencia de Bancos\u00a0(SB) firmaron un\u00a0acuerdo\u00a0de cooperaci\u00f3n interinstitucional, con el objetivo de favorecer el intercambio &#8230;<\/p>\n","protected":false},"author":2,"featured_media":116397,"comment_status":"closed","ping_status":"closed","sticky":false,"template":"","format":"standard","meta":{"footnotes":""},"categories":[26],"tags":[],"class_list":["post-116396","post","type-post","status-publish","format-standard","has-post-thumbnail","hentry","category-economia"],"yoast_head":"<!-- This site is optimized with the Yoast SEO plugin v24.8.1 - https:\/\/yoast.com\/wordpress\/plugins\/seo\/ -->\n<title>C\u00e1mara de Santo Domingo y Superintendencia de Bancos acuerdan intercambiar informaci\u00f3n - PotenciaRadiofonicaDominicana.com<\/title>\n<meta name=\"robots\" content=\"index, follow, max-snippet:-1, max-image-preview:large, max-video-preview:-1\" \/>\n<link rel=\"canonical\" href=\"https:\/\/potenciaradiofonicadominicana.com\/portal\/camara-de-santo-domingo-y-superintendencia-de-bancos-acuerdan-intercambiar-informacion\/\" \/>\n<meta property=\"og:locale\" content=\"es_ES\" \/>\n<meta property=\"og:type\" content=\"article\" \/>\n<meta property=\"og:title\" content=\"C\u00e1mara de Santo Domingo y Superintendencia de Bancos acuerdan intercambiar informaci\u00f3n - PotenciaRadiofonicaDominicana.com\" \/>\n<meta property=\"og:description\" content=\"La\u00a0C\u00e1mara de Comercio de Santo Domingo\u00a0y la\u00a0Superintendencia de Bancos\u00a0(SB) firmaron un\u00a0acuerdo\u00a0de cooperaci\u00f3n interinstitucional, con el objetivo de favorecer el intercambio ...\" \/>\n<meta property=\"og:url\" content=\"https:\/\/potenciaradiofonicadominicana.com\/portal\/camara-de-santo-domingo-y-superintendencia-de-bancos-acuerdan-intercambiar-informacion\/\" \/>\n<meta property=\"og:site_name\" content=\"PotenciaRadiofonicaDominicana.com\" \/>\n<meta property=\"article:publisher\" content=\"https:\/\/web.facebook.com\/PotenciaRadiofonicaD\" \/>\n<meta property=\"article:published_time\" content=\"2022-02-14T13:27:39+00:00\" \/>\n<meta property=\"og:image\" content=\"https:\/\/potenciaradiofonicadominicana.com\/portal\/wp-content\/uploads\/2022\/02\/3-manuel-luna-y-alejnadro-fernandez-b1f37f00-focus-0.49-0.09-895-573-1.jpg\" \/>\n\t<meta property=\"og:image:width\" content=\"895\" \/>\n\t<meta property=\"og:image:height\" content=\"573\" \/>\n\t<meta property=\"og:image:type\" content=\"image\/jpeg\" \/>\n<meta name=\"author\" content=\"Potencia Radiof\u00f3nica Dominicana\" \/>\n<meta name=\"twitter:card\" content=\"summary_large_image\" \/>\n<meta name=\"twitter:label1\" content=\"Escrito por\" \/>\n\t<meta name=\"twitter:data1\" content=\"Potencia Radiof\u00f3nica Dominicana\" \/>\n\t<meta name=\"twitter:label2\" content=\"Tiempo de lectura\" \/>\n\t<meta name=\"twitter:data2\" content=\"1 minuto\" \/>\n<script type=\"application\/ld+json\" class=\"yoast-schema-graph\">{\"@context\":\"https:\/\/schema.org\",\"@graph\":[{\"@type\":\"Article\",\"@id\":\"https:\/\/potenciaradiofonicadominicana.com\/portal\/camara-de-santo-domingo-y-superintendencia-de-bancos-acuerdan-intercambiar-informacion\/#article\",\"isPartOf\":{\"@id\":\"https:\/\/potenciaradiofonicadominicana.com\/portal\/camara-de-santo-domingo-y-superintendencia-de-bancos-acuerdan-intercambiar-informacion\/\"},\"author\":{\"name\":\"Potencia Radiof\u00f3nica Dominicana\",\"@id\":\"https:\/\/potenciaradiofonicadominicana.com\/portal\/#\/schema\/person\/a5cf1fea13877803ee0573ac18b03490\"},\"headline\":\"C\u00e1mara de Santo Domingo y Superintendencia de Bancos acuerdan intercambiar informaci\u00f3n\",\"datePublished\":\"2022-02-14T13:27:39+00:00\",\"mainEntityOfPage\":{\"@id\":\"https:\/\/potenciaradiofonicadominicana.com\/portal\/camara-de-santo-domingo-y-superintendencia-de-bancos-acuerdan-intercambiar-informacion\/\"},\"wordCount\":244,\"publisher\":{\"@id\":\"https:\/\/potenciaradiofonicadominicana.com\/portal\/#organization\"},\"image\":{\"@id\":\"https:\/\/potenciaradiofonicadominicana.com\/portal\/camara-de-santo-domingo-y-superintendencia-de-bancos-acuerdan-intercambiar-informacion\/#primaryimage\"},\"thumbnailUrl\":\"https:\/\/potenciaradiofonicadominicana.com\/portal\/wp-content\/uploads\/2022\/02\/3-manuel-luna-y-alejnadro-fernandez-b1f37f00-focus-0.49-0.09-895-573-1.jpg\",\"articleSection\":[\"Econom\u00eda\"],\"inLanguage\":\"es\"},{\"@type\":\"WebPage\",\"@id\":\"https:\/\/potenciaradiofonicadominicana.com\/portal\/camara-de-santo-domingo-y-superintendencia-de-bancos-acuerdan-intercambiar-informacion\/\",\"url\":\"https:\/\/potenciaradiofonicadominicana.com\/portal\/camara-de-santo-domingo-y-superintendencia-de-bancos-acuerdan-intercambiar-informacion\/\",\"name\":\"C\u00e1mara de Santo Domingo y Superintendencia de Bancos acuerdan intercambiar informaci\u00f3n - PotenciaRadiofonicaDominicana.com\",\"isPartOf\":{\"@id\":\"https:\/\/potenciaradiofonicadominicana.com\/portal\/#website\"},\"primaryImageOfPage\":{\"@id\":\"https:\/\/potenciaradiofonicadominicana.com\/portal\/camara-de-santo-domingo-y-superintendencia-de-bancos-acuerdan-intercambiar-informacion\/#primaryimage\"},\"image\":{\"@id\":\"https:\/\/potenciaradiofonicadominicana.com\/portal\/camara-de-santo-domingo-y-superintendencia-de-bancos-acuerdan-intercambiar-informacion\/#primaryimage\"},\"thumbnailUrl\":\"https:\/\/potenciaradiofonicadominicana.com\/portal\/wp-content\/uploads\/2022\/02\/3-manuel-luna-y-alejnadro-fernandez-b1f37f00-focus-0.49-0.09-895-573-1.jpg\",\"datePublished\":\"2022-02-14T13:27:39+00:00\",\"breadcrumb\":{\"@id\":\"https:\/\/potenciaradiofonicadominicana.com\/portal\/camara-de-santo-domingo-y-superintendencia-de-bancos-acuerdan-intercambiar-informacion\/#breadcrumb\"},\"inLanguage\":\"es\",\"potentialAction\":[{\"@type\":\"ReadAction\",\"target\":[\"https:\/\/potenciaradiofonicadominicana.com\/portal\/camara-de-santo-domingo-y-superintendencia-de-bancos-acuerdan-intercambiar-informacion\/\"]}]},{\"@type\":\"ImageObject\",\"inLanguage\":\"es\",\"@id\":\"https:\/\/potenciaradiofonicadominicana.com\/portal\/camara-de-santo-domingo-y-superintendencia-de-bancos-acuerdan-intercambiar-informacion\/#primaryimage\",\"url\":\"https:\/\/potenciaradiofonicadominicana.com\/portal\/wp-content\/uploads\/2022\/02\/3-manuel-luna-y-alejnadro-fernandez-b1f37f00-focus-0.49-0.09-895-573-1.jpg\",\"contentUrl\":\"https:\/\/potenciaradiofonicadominicana.com\/portal\/wp-content\/uploads\/2022\/02\/3-manuel-luna-y-alejnadro-fernandez-b1f37f00-focus-0.49-0.09-895-573-1.jpg\",\"width\":895,\"height\":573},{\"@type\":\"BreadcrumbList\",\"@id\":\"https:\/\/potenciaradiofonicadominicana.com\/portal\/camara-de-santo-domingo-y-superintendencia-de-bancos-acuerdan-intercambiar-informacion\/#breadcrumb\",\"itemListElement\":[{\"@type\":\"ListItem\",\"position\":1,\"name\":\"Portada\",\"item\":\"https:\/\/potenciaradiofonicadominicana.com\/portal\/\"},{\"@type\":\"ListItem\",\"position\":2,\"name\":\"C\u00e1mara de Santo Domingo y Superintendencia de Bancos acuerdan intercambiar informaci\u00f3n\"}]},{\"@type\":\"WebSite\",\"@id\":\"https:\/\/potenciaradiofonicadominicana.com\/portal\/#website\",\"url\":\"https:\/\/potenciaradiofonicadominicana.com\/portal\/\",\"name\":\"PotenciaRadiofonicaDominicana.com\",\"description\":\"Peri\u00f3dico Digital\",\"publisher\":{\"@id\":\"https:\/\/potenciaradiofonicadominicana.com\/portal\/#organization\"},\"potentialAction\":[{\"@type\":\"SearchAction\",\"target\":{\"@type\":\"EntryPoint\",\"urlTemplate\":\"https:\/\/potenciaradiofonicadominicana.com\/portal\/?s={search_term_string}\"},\"query-input\":{\"@type\":\"PropertyValueSpecification\",\"valueRequired\":true,\"valueName\":\"search_term_string\"}}],\"inLanguage\":\"es\"},{\"@type\":\"Organization\",\"@id\":\"https:\/\/potenciaradiofonicadominicana.com\/portal\/#organization\",\"name\":\"PotenciaRadiofonicaDominicana.com\",\"url\":\"https:\/\/potenciaradiofonicadominicana.com\/portal\/\",\"logo\":{\"@type\":\"ImageObject\",\"inLanguage\":\"es\",\"@id\":\"https:\/\/potenciaradiofonicadominicana.com\/portal\/#\/schema\/logo\/image\/\",\"url\":\"https:\/\/potenciaradiofonicadominicana.com\/portal\/wp-content\/uploads\/2022\/01\/descarga.png\",\"contentUrl\":\"https:\/\/potenciaradiofonicadominicana.com\/portal\/wp-content\/uploads\/2022\/01\/descarga.png\",\"width\":300,\"height\":100,\"caption\":\"PotenciaRadiofonicaDominicana.com\"},\"image\":{\"@id\":\"https:\/\/potenciaradiofonicadominicana.com\/portal\/#\/schema\/logo\/image\/\"},\"sameAs\":[\"https:\/\/web.facebook.com\/PotenciaRadiofonicaD\"]},{\"@type\":\"Person\",\"@id\":\"https:\/\/potenciaradiofonicadominicana.com\/portal\/#\/schema\/person\/a5cf1fea13877803ee0573ac18b03490\",\"name\":\"Potencia Radiof\u00f3nica Dominicana\",\"image\":{\"@type\":\"ImageObject\",\"inLanguage\":\"es\",\"@id\":\"https:\/\/potenciaradiofonicadominicana.com\/portal\/#\/schema\/person\/image\/\",\"url\":\"https:\/\/secure.gravatar.com\/avatar\/42a55ab9e8ccc656ba34cd791990602a?s=96&d=mm&r=g\",\"contentUrl\":\"https:\/\/secure.gravatar.com\/avatar\/42a55ab9e8ccc656ba34cd791990602a?s=96&d=mm&r=g\",\"caption\":\"Potencia Radiof\u00f3nica Dominicana\"},\"url\":\"https:\/\/potenciaradiofonicadominicana.com\/portal\/author\/johannyalmanzar\/\"}]}<\/script>\n<!-- \/ Yoast SEO plugin. -->","yoast_head_json":{"title":"C\u00e1mara de Santo Domingo y Superintendencia de Bancos acuerdan intercambiar informaci\u00f3n - PotenciaRadiofonicaDominicana.com","robots":{"index":"index","follow":"follow","max-snippet":"max-snippet:-1","max-image-preview":"max-image-preview:large","max-video-preview":"max-video-preview:-1"},"canonical":"https:\/\/potenciaradiofonicadominicana.com\/portal\/camara-de-santo-domingo-y-superintendencia-de-bancos-acuerdan-intercambiar-informacion\/","og_locale":"es_ES","og_type":"article","og_title":"C\u00e1mara de Santo Domingo y Superintendencia de Bancos acuerdan intercambiar informaci\u00f3n - PotenciaRadiofonicaDominicana.com","og_description":"La\u00a0C\u00e1mara de Comercio de Santo Domingo\u00a0y la\u00a0Superintendencia de Bancos\u00a0(SB) firmaron un\u00a0acuerdo\u00a0de cooperaci\u00f3n interinstitucional, con el objetivo de favorecer el intercambio ...","og_url":"https:\/\/potenciaradiofonicadominicana.com\/portal\/camara-de-santo-domingo-y-superintendencia-de-bancos-acuerdan-intercambiar-informacion\/","og_site_name":"PotenciaRadiofonicaDominicana.com","article_publisher":"https:\/\/web.facebook.com\/PotenciaRadiofonicaD","article_published_time":"2022-02-14T13:27:39+00:00","og_image":[{"width":895,"height":573,"url":"https:\/\/potenciaradiofonicadominicana.com\/portal\/wp-content\/uploads\/2022\/02\/3-manuel-luna-y-alejnadro-fernandez-b1f37f00-focus-0.49-0.09-895-573-1.jpg","type":"image\/jpeg"}],"author":"Potencia Radiof\u00f3nica Dominicana","twitter_card":"summary_large_image","twitter_misc":{"Escrito por":"Potencia Radiof\u00f3nica Dominicana","Tiempo de lectura":"1 minuto"},"schema":{"@context":"https:\/\/schema.org","@graph":[{"@type":"Article","@id":"https:\/\/potenciaradiofonicadominicana.com\/portal\/camara-de-santo-domingo-y-superintendencia-de-bancos-acuerdan-intercambiar-informacion\/#article","isPartOf":{"@id":"https:\/\/potenciaradiofonicadominicana.com\/portal\/camara-de-santo-domingo-y-superintendencia-de-bancos-acuerdan-intercambiar-informacion\/"},"author":{"name":"Potencia Radiof\u00f3nica Dominicana","@id":"https:\/\/potenciaradiofonicadominicana.com\/portal\/#\/schema\/person\/a5cf1fea13877803ee0573ac18b03490"},"headline":"C\u00e1mara de Santo Domingo y Superintendencia de Bancos acuerdan intercambiar informaci\u00f3n","datePublished":"2022-02-14T13:27:39+00:00","mainEntityOfPage":{"@id":"https:\/\/potenciaradiofonicadominicana.com\/portal\/camara-de-santo-domingo-y-superintendencia-de-bancos-acuerdan-intercambiar-informacion\/"},"wordCount":244,"publisher":{"@id":"https:\/\/potenciaradiofonicadominicana.com\/portal\/#organization"},"image":{"@id":"https:\/\/potenciaradiofonicadominicana.com\/portal\/camara-de-santo-domingo-y-superintendencia-de-bancos-acuerdan-intercambiar-informacion\/#primaryimage"},"thumbnailUrl":"https:\/\/potenciaradiofonicadominicana.com\/portal\/wp-content\/uploads\/2022\/02\/3-manuel-luna-y-alejnadro-fernandez-b1f37f00-focus-0.49-0.09-895-573-1.jpg","articleSection":["Econom\u00eda"],"inLanguage":"es"},{"@type":"WebPage","@id":"https:\/\/potenciaradiofonicadominicana.com\/portal\/camara-de-santo-domingo-y-superintendencia-de-bancos-acuerdan-intercambiar-informacion\/","url":"https:\/\/potenciaradiofonicadominicana.com\/portal\/camara-de-santo-domingo-y-superintendencia-de-bancos-acuerdan-intercambiar-informacion\/","name":"C\u00e1mara de Santo Domingo y Superintendencia de Bancos acuerdan intercambiar informaci\u00f3n - PotenciaRadiofonicaDominicana.com","isPartOf":{"@id":"https:\/\/potenciaradiofonicadominicana.com\/portal\/#website"},"primaryImageOfPage":{"@id":"https:\/\/potenciaradiofonicadominicana.com\/portal\/camara-de-santo-domingo-y-superintendencia-de-bancos-acuerdan-intercambiar-informacion\/#primaryimage"},"image":{"@id":"https:\/\/potenciaradiofonicadominicana.com\/portal\/camara-de-santo-domingo-y-superintendencia-de-bancos-acuerdan-intercambiar-informacion\/#primaryimage"},"thumbnailUrl":"https:\/\/potenciaradiofonicadominicana.com\/portal\/wp-content\/uploads\/2022\/02\/3-manuel-luna-y-alejnadro-fernandez-b1f37f00-focus-0.49-0.09-895-573-1.jpg","datePublished":"2022-02-14T13:27:39+00:00","breadcrumb":{"@id":"https:\/\/potenciaradiofonicadominicana.com\/portal\/camara-de-santo-domingo-y-superintendencia-de-bancos-acuerdan-intercambiar-informacion\/#breadcrumb"},"inLanguage":"es","potentialAction":[{"@type":"ReadAction","target":["https:\/\/potenciaradiofonicadominicana.com\/portal\/camara-de-santo-domingo-y-superintendencia-de-bancos-acuerdan-intercambiar-informacion\/"]}]},{"@type":"ImageObject","inLanguage":"es","@id":"https:\/\/potenciaradiofonicadominicana.com\/portal\/camara-de-santo-domingo-y-superintendencia-de-bancos-acuerdan-intercambiar-informacion\/#primaryimage","url":"https:\/\/potenciaradiofonicadominicana.com\/portal\/wp-content\/uploads\/2022\/02\/3-manuel-luna-y-alejnadro-fernandez-b1f37f00-focus-0.49-0.09-895-573-1.jpg","contentUrl":"https:\/\/potenciaradiofonicadominicana.com\/portal\/wp-content\/uploads\/2022\/02\/3-manuel-luna-y-alejnadro-fernandez-b1f37f00-focus-0.49-0.09-895-573-1.jpg","width":895,"height":573},{"@type":"BreadcrumbList","@id":"https:\/\/potenciaradiofonicadominicana.com\/portal\/camara-de-santo-domingo-y-superintendencia-de-bancos-acuerdan-intercambiar-informacion\/#breadcrumb","itemListElement":[{"@type":"ListItem","position":1,"name":"Portada","item":"https:\/\/potenciaradiofonicadominicana.com\/portal\/"},{"@type":"ListItem","position":2,"name":"C\u00e1mara de Santo Domingo y Superintendencia de Bancos acuerdan intercambiar informaci\u00f3n"}]},{"@type":"WebSite","@id":"https:\/\/potenciaradiofonicadominicana.com\/portal\/#website","url":"https:\/\/potenciaradiofonicadominicana.com\/portal\/","name":"PotenciaRadiofonicaDominicana.com","description":"Peri\u00f3dico Digital","publisher":{"@id":"https:\/\/potenciaradiofonicadominicana.com\/portal\/#organization"},"potentialAction":[{"@type":"SearchAction","target":{"@type":"EntryPoint","urlTemplate":"https:\/\/potenciaradiofonicadominicana.com\/portal\/?s={search_term_string}"},"query-input":{"@type":"PropertyValueSpecification","valueRequired":true,"valueName":"search_term_string"}}],"inLanguage":"es"},{"@type":"Organization","@id":"https:\/\/potenciaradiofonicadominicana.com\/portal\/#organization","name":"PotenciaRadiofonicaDominicana.com","url":"https:\/\/potenciaradiofonicadominicana.com\/portal\/","logo":{"@type":"ImageObject","inLanguage":"es","@id":"https:\/\/potenciaradiofonicadominicana.com\/portal\/#\/schema\/logo\/image\/","url":"https:\/\/potenciaradiofonicadominicana.com\/portal\/wp-content\/uploads\/2022\/01\/descarga.png","contentUrl":"https:\/\/potenciaradiofonicadominicana.com\/portal\/wp-content\/uploads\/2022\/01\/descarga.png","width":300,"height":100,"caption":"PotenciaRadiofonicaDominicana.com"},"image":{"@id":"https:\/\/potenciaradiofonicadominicana.com\/portal\/#\/schema\/logo\/image\/"},"sameAs":["https:\/\/web.facebook.com\/PotenciaRadiofonicaD"]},{"@type":"Person","@id":"https:\/\/potenciaradiofonicadominicana.com\/portal\/#\/schema\/person\/a5cf1fea13877803ee0573ac18b03490","name":"Potencia Radiof\u00f3nica Dominicana","image":{"@type":"ImageObject","inLanguage":"es","@id":"https:\/\/potenciaradiofonicadominicana.com\/portal\/#\/schema\/person\/image\/","url":"https:\/\/secure.gravatar.com\/avatar\/42a55ab9e8ccc656ba34cd791990602a?s=96&d=mm&r=g","contentUrl":"https:\/\/secure.gravatar.com\/avatar\/42a55ab9e8ccc656ba34cd791990602a?s=96&d=mm&r=g","caption":"Potencia Radiof\u00f3nica Dominicana"},"url":"https:\/\/potenciaradiofonicadominicana.com\/portal\/author\/johannyalmanzar\/"}]}},"_links":{"self":[{"href":"https:\/\/potenciaradiofonicadominicana.com\/portal\/wp-json\/wp\/v2\/posts\/116396","targetHints":{"allow":["GET"]}}],"collection":[{"href":"https:\/\/potenciaradiofonicadominicana.com\/portal\/wp-json\/wp\/v2\/posts"}],"about":[{"href":"https:\/\/potenciaradiofonicadominicana.com\/portal\/wp-json\/wp\/v2\/types\/post"}],"author":[{"embeddable":true,"href":"https:\/\/potenciaradiofonicadominicana.com\/portal\/wp-json\/wp\/v2\/users\/2"}],"replies":[{"embeddable":true,"href":"https:\/\/potenciaradiofonicadominicana.com\/portal\/wp-json\/wp\/v2\/comments?post=116396"}],"version-history":[{"count":1,"href":"https:\/\/potenciaradiofonicadominicana.com\/portal\/wp-json\/wp\/v2\/posts\/116396\/revisions"}],"predecessor-version":[{"id":116400,"href":"https:\/\/potenciaradiofonicadominicana.com\/portal\/wp-json\/wp\/v2\/posts\/116396\/revisions\/116400"}],"wp:featuredmedia":[{"embeddable":true,"href":"https:\/\/potenciaradiofonicadominicana.com\/portal\/wp-json\/wp\/v2\/media\/116397"}],"wp:attachment":[{"href":"https:\/\/potenciaradiofonicadominicana.com\/portal\/wp-json\/wp\/v2\/media?parent=116396"}],"wp:term":[{"taxonomy":"category","embeddable":true,"href":"https:\/\/potenciaradiofonicadominicana.com\/portal\/wp-json\/wp\/v2\/categories?post=116396"},{"taxonomy":"post_tag","embeddable":true,"href":"https:\/\/potenciaradiofonicadominicana.com\/portal\/wp-json\/wp\/v2\/tags?post=116396"}],"curies":[{"name":"wp","href":"https:\/\/api.w.org\/{rel}","templated":true}]}}