{"id":116255,"date":"2022-02-12T10:45:40","date_gmt":"2022-02-12T14:45:40","guid":{"rendered":"https:\/\/potenciaradiofonicadominicana.com\/portal\/?p=116255"},"modified":"2022-02-12T10:45:40","modified_gmt":"2022-02-12T14:45:40","slug":"gobierno-asume-rd600-millones-para-no-subir-los-combustibles","status":"publish","type":"post","link":"https:\/\/potenciaradiofonicadominicana.com\/portal\/gobierno-asume-rd600-millones-para-no-subir-los-combustibles\/","title":{"rendered":"Gobierno asume RD$600 millones para no subir los combustibles"},"content":{"rendered":"<p><a href=\"https:\/\/potenciaradiofonicadominicana.com\/portal\/wp-content\/uploads\/2022\/02\/79b57e09-d-620700b771b92.jpg\"><img loading=\"lazy\" decoding=\"async\" class=\"alignnone size-full wp-image-116257\" src=\"https:\/\/potenciaradiofonicadominicana.com\/portal\/wp-content\/uploads\/2022\/02\/79b57e09-d-620700b771b92.jpg\" alt=\"\" width=\"1000\" height=\"600\" srcset=\"https:\/\/potenciaradiofonicadominicana.com\/portal\/wp-content\/uploads\/2022\/02\/79b57e09-d-620700b771b92.jpg 1000w, https:\/\/potenciaradiofonicadominicana.com\/portal\/wp-content\/uploads\/2022\/02\/79b57e09-d-620700b771b92-300x180.jpg 300w, https:\/\/potenciaradiofonicadominicana.com\/portal\/wp-content\/uploads\/2022\/02\/79b57e09-d-620700b771b92-768x461.jpg 768w, https:\/\/potenciaradiofonicadominicana.com\/portal\/wp-content\/uploads\/2022\/02\/79b57e09-d-620700b771b92-165x100.jpg 165w, https:\/\/potenciaradiofonicadominicana.com\/portal\/wp-content\/uploads\/2022\/02\/79b57e09-d-620700b771b92-400x240.jpg 400w\" sizes=\"auto, (max-width: 1000px) 100vw, 1000px\" \/><\/a><\/p>\n<p>El Gobierno continu\u00f3 endeud\u00e1ndose con los importadores de combustibles para frenar las alzas de los derivados de petr\u00f3leo a los consumidores. Para esta semana asumi\u00f3 RD$600 millones, para acumular RD$2,500 millones en lo que va de a\u00f1o.<br \/>\n<span id=\"more-1261248\"><\/span><br \/>\nEl Ministerio de Industria Comercio y Mipymes (MICM) inform\u00f3 el nuevo sacrificio fiscal que tendr\u00e1 el Gobierno para la semana del 12 al 18 de febrero, para mantener los precios de todos los combustibles sin variaci\u00f3n. Inform\u00f3 que el \u201cGobierno asumir\u00e1 aproximadamente 600 millones de pesos para amortiguar las significativas alzas del barril de petr\u00f3leo en el mercado internacional\u201d.<\/p>\n<p>\u201cNuevamente el Gobierno asume el 100% de las alzas determinadas por el mercado internacional, con valores que en los \u00faltimos a\u00f1os no hab\u00edamos visto y que ejercen una presi\u00f3n terrible en el mercado local\u201d, afirm\u00f3 Ram\u00f3n P\u00e9rez Ferm\u00edn, viceministro de Comercio Interno del MICM.<\/p>\n<p><strong>Alzas evitadas<\/strong><\/p>\n<p>P\u00e9rez Ferm\u00edn a\u00f1adi\u00f3 que, de no intervenir el Gobierno, el precio del gas licuado de petr\u00f3leo, solo esta semana hubiera aumentado m\u00e1s de RD$15 pesos por gal\u00f3n, mientras la gasolina premium debi\u00f3 subir m\u00e1s de RD$19.00 por gal\u00f3n y la gasolina regular, m\u00e1s de RD$26 por gal\u00f3n, seg\u00fan las alzas proyectadas. En cuanto al gasoil regular, debi\u00f3 subir m\u00e1s de 38 pesos por gal\u00f3n y el gasoil \u00f3ptimo aproximadamente RD$28 pesos por gal\u00f3n.<\/p>\n<p>\u201cSin embargo, estas alzas no se producir\u00e1n y el Gobierno gestionar\u00e1 la deuda con los importadores, ascendente a RD$600 millones\u201d, inform\u00f3 P\u00e9rez Ferm\u00edn, quien explic\u00f3 que los factores que presionan al alza internacional, principalmente la crisis geopol\u00edtica entre Rusia y Ucrania, se mantienen y son los que han generado valores sin precedentes del crudo West Texas Intermediate (WTI).<\/p>\n<p>Los precios que se mantendr\u00e1n son RD$287.60 por gal\u00f3n para la gasolina Premium, RD$270.50 la regular, RD$217.60 el gasoil regular, RD$236.10 el gasoil \u00f3ptimo, RD$198.98 el gal\u00f3n de avtur, RD$227.60 el de kerosene, RD$162.95 el fuel oil n\u00famero 6, RD$180.29 el fuel oil 1 % S, y RD$147.60 el GLP.<\/p>\n<p><strong>El barril de petr\u00f3leo cerr\u00f3 a US$93.10 en NY<\/strong><\/p>\n<p>El precio del petr\u00f3leo intermedio de Texas cerr\u00f3 con una subida del 3.6 % y se situ\u00f3 en 93.10 d\u00f3lares tras la reacci\u00f3n del mercado a las expectativas expresadas por Washington de que Rusia invada Ucrania en los pr\u00f3ximos d\u00edas.Seg\u00fan datos al final de las operaciones en la Bolsa Mercantil de Nueva York los contratos de futuros del WTI para entrega en marzo sumaron US$3.22 .<\/p>\n","protected":false},"excerpt":{"rendered":"<p>El Gobierno continu\u00f3 endeud\u00e1ndose con los importadores de combustibles para frenar las alzas de los derivados de petr\u00f3leo a los &#8230;<\/p>\n","protected":false},"author":2,"featured_media":116257,"comment_status":"closed","ping_status":"closed","sticky":false,"template":"","format":"standard","meta":{"footnotes":""},"categories":[26],"tags":[],"class_list":["post-116255","post","type-post","status-publish","format-standard","has-post-thumbnail","hentry","category-economia"],"yoast_head":"<!-- This site is optimized with the Yoast SEO plugin v24.8.1 - https:\/\/yoast.com\/wordpress\/plugins\/seo\/ -->\n<title>Gobierno asume RD$600 millones para no subir los combustibles - PotenciaRadiofonicaDominicana.com<\/title>\n<meta name=\"robots\" content=\"index, follow, max-snippet:-1, max-image-preview:large, max-video-preview:-1\" \/>\n<link rel=\"canonical\" href=\"https:\/\/potenciaradiofonicadominicana.com\/portal\/gobierno-asume-rd600-millones-para-no-subir-los-combustibles\/\" \/>\n<meta property=\"og:locale\" content=\"es_ES\" \/>\n<meta property=\"og:type\" content=\"article\" \/>\n<meta property=\"og:title\" content=\"Gobierno asume RD$600 millones para no subir los combustibles - PotenciaRadiofonicaDominicana.com\" \/>\n<meta property=\"og:description\" content=\"El Gobierno continu\u00f3 endeud\u00e1ndose con los importadores de combustibles para frenar las alzas de los derivados de petr\u00f3leo a los ...\" \/>\n<meta property=\"og:url\" content=\"https:\/\/potenciaradiofonicadominicana.com\/portal\/gobierno-asume-rd600-millones-para-no-subir-los-combustibles\/\" \/>\n<meta property=\"og:site_name\" content=\"PotenciaRadiofonicaDominicana.com\" \/>\n<meta property=\"article:publisher\" content=\"https:\/\/web.facebook.com\/PotenciaRadiofonicaD\" \/>\n<meta property=\"article:published_time\" content=\"2022-02-12T14:45:40+00:00\" \/>\n<meta property=\"og:image\" content=\"https:\/\/potenciaradiofonicadominicana.com\/portal\/wp-content\/uploads\/2022\/02\/79b57e09-d-620700b771b92.jpg\" \/>\n\t<meta property=\"og:image:width\" content=\"1000\" \/>\n\t<meta property=\"og:image:height\" content=\"600\" \/>\n\t<meta property=\"og:image:type\" content=\"image\/jpeg\" \/>\n<meta name=\"author\" content=\"Potencia Radiof\u00f3nica Dominicana\" \/>\n<meta name=\"twitter:card\" content=\"summary_large_image\" \/>\n<meta name=\"twitter:label1\" content=\"Escrito por\" \/>\n\t<meta name=\"twitter:data1\" content=\"Potencia Radiof\u00f3nica Dominicana\" \/>\n\t<meta name=\"twitter:label2\" content=\"Tiempo de lectura\" \/>\n\t<meta name=\"twitter:data2\" content=\"2 minutos\" \/>\n<script type=\"application\/ld+json\" class=\"yoast-schema-graph\">{\"@context\":\"https:\/\/schema.org\",\"@graph\":[{\"@type\":\"Article\",\"@id\":\"https:\/\/potenciaradiofonicadominicana.com\/portal\/gobierno-asume-rd600-millones-para-no-subir-los-combustibles\/#article\",\"isPartOf\":{\"@id\":\"https:\/\/potenciaradiofonicadominicana.com\/portal\/gobierno-asume-rd600-millones-para-no-subir-los-combustibles\/\"},\"author\":{\"name\":\"Potencia Radiof\u00f3nica Dominicana\",\"@id\":\"https:\/\/potenciaradiofonicadominicana.com\/portal\/#\/schema\/person\/a5cf1fea13877803ee0573ac18b03490\"},\"headline\":\"Gobierno asume RD$600 millones para no subir los combustibles\",\"datePublished\":\"2022-02-12T14:45:40+00:00\",\"mainEntityOfPage\":{\"@id\":\"https:\/\/potenciaradiofonicadominicana.com\/portal\/gobierno-asume-rd600-millones-para-no-subir-los-combustibles\/\"},\"wordCount\":436,\"publisher\":{\"@id\":\"https:\/\/potenciaradiofonicadominicana.com\/portal\/#organization\"},\"image\":{\"@id\":\"https:\/\/potenciaradiofonicadominicana.com\/portal\/gobierno-asume-rd600-millones-para-no-subir-los-combustibles\/#primaryimage\"},\"thumbnailUrl\":\"https:\/\/potenciaradiofonicadominicana.com\/portal\/wp-content\/uploads\/2022\/02\/79b57e09-d-620700b771b92.jpg\",\"articleSection\":[\"Econom\u00eda\"],\"inLanguage\":\"es\"},{\"@type\":\"WebPage\",\"@id\":\"https:\/\/potenciaradiofonicadominicana.com\/portal\/gobierno-asume-rd600-millones-para-no-subir-los-combustibles\/\",\"url\":\"https:\/\/potenciaradiofonicadominicana.com\/portal\/gobierno-asume-rd600-millones-para-no-subir-los-combustibles\/\",\"name\":\"Gobierno asume RD$600 millones para no subir los combustibles - PotenciaRadiofonicaDominicana.com\",\"isPartOf\":{\"@id\":\"https:\/\/potenciaradiofonicadominicana.com\/portal\/#website\"},\"primaryImageOfPage\":{\"@id\":\"https:\/\/potenciaradiofonicadominicana.com\/portal\/gobierno-asume-rd600-millones-para-no-subir-los-combustibles\/#primaryimage\"},\"image\":{\"@id\":\"https:\/\/potenciaradiofonicadominicana.com\/portal\/gobierno-asume-rd600-millones-para-no-subir-los-combustibles\/#primaryimage\"},\"thumbnailUrl\":\"https:\/\/potenciaradiofonicadominicana.com\/portal\/wp-content\/uploads\/2022\/02\/79b57e09-d-620700b771b92.jpg\",\"datePublished\":\"2022-02-12T14:45:40+00:00\",\"breadcrumb\":{\"@id\":\"https:\/\/potenciaradiofonicadominicana.com\/portal\/gobierno-asume-rd600-millones-para-no-subir-los-combustibles\/#breadcrumb\"},\"inLanguage\":\"es\",\"potentialAction\":[{\"@type\":\"ReadAction\",\"target\":[\"https:\/\/potenciaradiofonicadominicana.com\/portal\/gobierno-asume-rd600-millones-para-no-subir-los-combustibles\/\"]}]},{\"@type\":\"ImageObject\",\"inLanguage\":\"es\",\"@id\":\"https:\/\/potenciaradiofonicadominicana.com\/portal\/gobierno-asume-rd600-millones-para-no-subir-los-combustibles\/#primaryimage\",\"url\":\"https:\/\/potenciaradiofonicadominicana.com\/portal\/wp-content\/uploads\/2022\/02\/79b57e09-d-620700b771b92.jpg\",\"contentUrl\":\"https:\/\/potenciaradiofonicadominicana.com\/portal\/wp-content\/uploads\/2022\/02\/79b57e09-d-620700b771b92.jpg\",\"width\":1000,\"height\":600},{\"@type\":\"BreadcrumbList\",\"@id\":\"https:\/\/potenciaradiofonicadominicana.com\/portal\/gobierno-asume-rd600-millones-para-no-subir-los-combustibles\/#breadcrumb\",\"itemListElement\":[{\"@type\":\"ListItem\",\"position\":1,\"name\":\"Portada\",\"item\":\"https:\/\/potenciaradiofonicadominicana.com\/portal\/\"},{\"@type\":\"ListItem\",\"position\":2,\"name\":\"Gobierno asume RD$600 millones para no subir los combustibles\"}]},{\"@type\":\"WebSite\",\"@id\":\"https:\/\/potenciaradiofonicadominicana.com\/portal\/#website\",\"url\":\"https:\/\/potenciaradiofonicadominicana.com\/portal\/\",\"name\":\"PotenciaRadiofonicaDominicana.com\",\"description\":\"Peri\u00f3dico Digital\",\"publisher\":{\"@id\":\"https:\/\/potenciaradiofonicadominicana.com\/portal\/#organization\"},\"potentialAction\":[{\"@type\":\"SearchAction\",\"target\":{\"@type\":\"EntryPoint\",\"urlTemplate\":\"https:\/\/potenciaradiofonicadominicana.com\/portal\/?s={search_term_string}\"},\"query-input\":{\"@type\":\"PropertyValueSpecification\",\"valueRequired\":true,\"valueName\":\"search_term_string\"}}],\"inLanguage\":\"es\"},{\"@type\":\"Organization\",\"@id\":\"https:\/\/potenciaradiofonicadominicana.com\/portal\/#organization\",\"name\":\"PotenciaRadiofonicaDominicana.com\",\"url\":\"https:\/\/potenciaradiofonicadominicana.com\/portal\/\",\"logo\":{\"@type\":\"ImageObject\",\"inLanguage\":\"es\",\"@id\":\"https:\/\/potenciaradiofonicadominicana.com\/portal\/#\/schema\/logo\/image\/\",\"url\":\"https:\/\/potenciaradiofonicadominicana.com\/portal\/wp-content\/uploads\/2022\/01\/descarga.png\",\"contentUrl\":\"https:\/\/potenciaradiofonicadominicana.com\/portal\/wp-content\/uploads\/2022\/01\/descarga.png\",\"width\":300,\"height\":100,\"caption\":\"PotenciaRadiofonicaDominicana.com\"},\"image\":{\"@id\":\"https:\/\/potenciaradiofonicadominicana.com\/portal\/#\/schema\/logo\/image\/\"},\"sameAs\":[\"https:\/\/web.facebook.com\/PotenciaRadiofonicaD\"]},{\"@type\":\"Person\",\"@id\":\"https:\/\/potenciaradiofonicadominicana.com\/portal\/#\/schema\/person\/a5cf1fea13877803ee0573ac18b03490\",\"name\":\"Potencia Radiof\u00f3nica Dominicana\",\"image\":{\"@type\":\"ImageObject\",\"inLanguage\":\"es\",\"@id\":\"https:\/\/potenciaradiofonicadominicana.com\/portal\/#\/schema\/person\/image\/\",\"url\":\"https:\/\/secure.gravatar.com\/avatar\/42a55ab9e8ccc656ba34cd791990602a?s=96&d=mm&r=g\",\"contentUrl\":\"https:\/\/secure.gravatar.com\/avatar\/42a55ab9e8ccc656ba34cd791990602a?s=96&d=mm&r=g\",\"caption\":\"Potencia Radiof\u00f3nica Dominicana\"},\"url\":\"https:\/\/potenciaradiofonicadominicana.com\/portal\/author\/johannyalmanzar\/\"}]}<\/script>\n<!-- \/ Yoast SEO plugin. -->","yoast_head_json":{"title":"Gobierno asume RD$600 millones para no subir los combustibles - PotenciaRadiofonicaDominicana.com","robots":{"index":"index","follow":"follow","max-snippet":"max-snippet:-1","max-image-preview":"max-image-preview:large","max-video-preview":"max-video-preview:-1"},"canonical":"https:\/\/potenciaradiofonicadominicana.com\/portal\/gobierno-asume-rd600-millones-para-no-subir-los-combustibles\/","og_locale":"es_ES","og_type":"article","og_title":"Gobierno asume RD$600 millones para no subir los combustibles - PotenciaRadiofonicaDominicana.com","og_description":"El Gobierno continu\u00f3 endeud\u00e1ndose con los importadores de combustibles para frenar las alzas de los derivados de petr\u00f3leo a los ...","og_url":"https:\/\/potenciaradiofonicadominicana.com\/portal\/gobierno-asume-rd600-millones-para-no-subir-los-combustibles\/","og_site_name":"PotenciaRadiofonicaDominicana.com","article_publisher":"https:\/\/web.facebook.com\/PotenciaRadiofonicaD","article_published_time":"2022-02-12T14:45:40+00:00","og_image":[{"width":1000,"height":600,"url":"https:\/\/potenciaradiofonicadominicana.com\/portal\/wp-content\/uploads\/2022\/02\/79b57e09-d-620700b771b92.jpg","type":"image\/jpeg"}],"author":"Potencia Radiof\u00f3nica Dominicana","twitter_card":"summary_large_image","twitter_misc":{"Escrito por":"Potencia Radiof\u00f3nica Dominicana","Tiempo de lectura":"2 minutos"},"schema":{"@context":"https:\/\/schema.org","@graph":[{"@type":"Article","@id":"https:\/\/potenciaradiofonicadominicana.com\/portal\/gobierno-asume-rd600-millones-para-no-subir-los-combustibles\/#article","isPartOf":{"@id":"https:\/\/potenciaradiofonicadominicana.com\/portal\/gobierno-asume-rd600-millones-para-no-subir-los-combustibles\/"},"author":{"name":"Potencia Radiof\u00f3nica Dominicana","@id":"https:\/\/potenciaradiofonicadominicana.com\/portal\/#\/schema\/person\/a5cf1fea13877803ee0573ac18b03490"},"headline":"Gobierno asume RD$600 millones para no subir los combustibles","datePublished":"2022-02-12T14:45:40+00:00","mainEntityOfPage":{"@id":"https:\/\/potenciaradiofonicadominicana.com\/portal\/gobierno-asume-rd600-millones-para-no-subir-los-combustibles\/"},"wordCount":436,"publisher":{"@id":"https:\/\/potenciaradiofonicadominicana.com\/portal\/#organization"},"image":{"@id":"https:\/\/potenciaradiofonicadominicana.com\/portal\/gobierno-asume-rd600-millones-para-no-subir-los-combustibles\/#primaryimage"},"thumbnailUrl":"https:\/\/potenciaradiofonicadominicana.com\/portal\/wp-content\/uploads\/2022\/02\/79b57e09-d-620700b771b92.jpg","articleSection":["Econom\u00eda"],"inLanguage":"es"},{"@type":"WebPage","@id":"https:\/\/potenciaradiofonicadominicana.com\/portal\/gobierno-asume-rd600-millones-para-no-subir-los-combustibles\/","url":"https:\/\/potenciaradiofonicadominicana.com\/portal\/gobierno-asume-rd600-millones-para-no-subir-los-combustibles\/","name":"Gobierno asume RD$600 millones para no subir los combustibles - PotenciaRadiofonicaDominicana.com","isPartOf":{"@id":"https:\/\/potenciaradiofonicadominicana.com\/portal\/#website"},"primaryImageOfPage":{"@id":"https:\/\/potenciaradiofonicadominicana.com\/portal\/gobierno-asume-rd600-millones-para-no-subir-los-combustibles\/#primaryimage"},"image":{"@id":"https:\/\/potenciaradiofonicadominicana.com\/portal\/gobierno-asume-rd600-millones-para-no-subir-los-combustibles\/#primaryimage"},"thumbnailUrl":"https:\/\/potenciaradiofonicadominicana.com\/portal\/wp-content\/uploads\/2022\/02\/79b57e09-d-620700b771b92.jpg","datePublished":"2022-02-12T14:45:40+00:00","breadcrumb":{"@id":"https:\/\/potenciaradiofonicadominicana.com\/portal\/gobierno-asume-rd600-millones-para-no-subir-los-combustibles\/#breadcrumb"},"inLanguage":"es","potentialAction":[{"@type":"ReadAction","target":["https:\/\/potenciaradiofonicadominicana.com\/portal\/gobierno-asume-rd600-millones-para-no-subir-los-combustibles\/"]}]},{"@type":"ImageObject","inLanguage":"es","@id":"https:\/\/potenciaradiofonicadominicana.com\/portal\/gobierno-asume-rd600-millones-para-no-subir-los-combustibles\/#primaryimage","url":"https:\/\/potenciaradiofonicadominicana.com\/portal\/wp-content\/uploads\/2022\/02\/79b57e09-d-620700b771b92.jpg","contentUrl":"https:\/\/potenciaradiofonicadominicana.com\/portal\/wp-content\/uploads\/2022\/02\/79b57e09-d-620700b771b92.jpg","width":1000,"height":600},{"@type":"BreadcrumbList","@id":"https:\/\/potenciaradiofonicadominicana.com\/portal\/gobierno-asume-rd600-millones-para-no-subir-los-combustibles\/#breadcrumb","itemListElement":[{"@type":"ListItem","position":1,"name":"Portada","item":"https:\/\/potenciaradiofonicadominicana.com\/portal\/"},{"@type":"ListItem","position":2,"name":"Gobierno asume RD$600 millones para no subir los combustibles"}]},{"@type":"WebSite","@id":"https:\/\/potenciaradiofonicadominicana.com\/portal\/#website","url":"https:\/\/potenciaradiofonicadominicana.com\/portal\/","name":"PotenciaRadiofonicaDominicana.com","description":"Peri\u00f3dico Digital","publisher":{"@id":"https:\/\/potenciaradiofonicadominicana.com\/portal\/#organization"},"potentialAction":[{"@type":"SearchAction","target":{"@type":"EntryPoint","urlTemplate":"https:\/\/potenciaradiofonicadominicana.com\/portal\/?s={search_term_string}"},"query-input":{"@type":"PropertyValueSpecification","valueRequired":true,"valueName":"search_term_string"}}],"inLanguage":"es"},{"@type":"Organization","@id":"https:\/\/potenciaradiofonicadominicana.com\/portal\/#organization","name":"PotenciaRadiofonicaDominicana.com","url":"https:\/\/potenciaradiofonicadominicana.com\/portal\/","logo":{"@type":"ImageObject","inLanguage":"es","@id":"https:\/\/potenciaradiofonicadominicana.com\/portal\/#\/schema\/logo\/image\/","url":"https:\/\/potenciaradiofonicadominicana.com\/portal\/wp-content\/uploads\/2022\/01\/descarga.png","contentUrl":"https:\/\/potenciaradiofonicadominicana.com\/portal\/wp-content\/uploads\/2022\/01\/descarga.png","width":300,"height":100,"caption":"PotenciaRadiofonicaDominicana.com"},"image":{"@id":"https:\/\/potenciaradiofonicadominicana.com\/portal\/#\/schema\/logo\/image\/"},"sameAs":["https:\/\/web.facebook.com\/PotenciaRadiofonicaD"]},{"@type":"Person","@id":"https:\/\/potenciaradiofonicadominicana.com\/portal\/#\/schema\/person\/a5cf1fea13877803ee0573ac18b03490","name":"Potencia Radiof\u00f3nica Dominicana","image":{"@type":"ImageObject","inLanguage":"es","@id":"https:\/\/potenciaradiofonicadominicana.com\/portal\/#\/schema\/person\/image\/","url":"https:\/\/secure.gravatar.com\/avatar\/42a55ab9e8ccc656ba34cd791990602a?s=96&d=mm&r=g","contentUrl":"https:\/\/secure.gravatar.com\/avatar\/42a55ab9e8ccc656ba34cd791990602a?s=96&d=mm&r=g","caption":"Potencia Radiof\u00f3nica Dominicana"},"url":"https:\/\/potenciaradiofonicadominicana.com\/portal\/author\/johannyalmanzar\/"}]}},"_links":{"self":[{"href":"https:\/\/potenciaradiofonicadominicana.com\/portal\/wp-json\/wp\/v2\/posts\/116255","targetHints":{"allow":["GET"]}}],"collection":[{"href":"https:\/\/potenciaradiofonicadominicana.com\/portal\/wp-json\/wp\/v2\/posts"}],"about":[{"href":"https:\/\/potenciaradiofonicadominicana.com\/portal\/wp-json\/wp\/v2\/types\/post"}],"author":[{"embeddable":true,"href":"https:\/\/potenciaradiofonicadominicana.com\/portal\/wp-json\/wp\/v2\/users\/2"}],"replies":[{"embeddable":true,"href":"https:\/\/potenciaradiofonicadominicana.com\/portal\/wp-json\/wp\/v2\/comments?post=116255"}],"version-history":[{"count":1,"href":"https:\/\/potenciaradiofonicadominicana.com\/portal\/wp-json\/wp\/v2\/posts\/116255\/revisions"}],"predecessor-version":[{"id":116258,"href":"https:\/\/potenciaradiofonicadominicana.com\/portal\/wp-json\/wp\/v2\/posts\/116255\/revisions\/116258"}],"wp:featuredmedia":[{"embeddable":true,"href":"https:\/\/potenciaradiofonicadominicana.com\/portal\/wp-json\/wp\/v2\/media\/116257"}],"wp:attachment":[{"href":"https:\/\/potenciaradiofonicadominicana.com\/portal\/wp-json\/wp\/v2\/media?parent=116255"}],"wp:term":[{"taxonomy":"category","embeddable":true,"href":"https:\/\/potenciaradiofonicadominicana.com\/portal\/wp-json\/wp\/v2\/categories?post=116255"},{"taxonomy":"post_tag","embeddable":true,"href":"https:\/\/potenciaradiofonicadominicana.com\/portal\/wp-json\/wp\/v2\/tags?post=116255"}],"curies":[{"name":"wp","href":"https:\/\/api.w.org\/{rel}","templated":true}]}}