{"id":116249,"date":"2022-02-12T10:41:28","date_gmt":"2022-02-12T14:41:28","guid":{"rendered":"https:\/\/potenciaradiofonicadominicana.com\/portal\/?p=116249"},"modified":"2022-02-12T10:41:28","modified_gmt":"2022-02-12T14:41:28","slug":"la-dgapp-aclara-proyecto-de-inspeccion-vehicular-aun-no-ha-sido-licitado-ni-adjudicado","status":"publish","type":"post","link":"https:\/\/potenciaradiofonicadominicana.com\/portal\/la-dgapp-aclara-proyecto-de-inspeccion-vehicular-aun-no-ha-sido-licitado-ni-adjudicado\/","title":{"rendered":"La DGAPP aclara proyecto de inspecci\u00f3n vehicular a\u00fan no ha sido licitado ni adjudicado"},"content":{"rendered":"<p><a href=\"https:\/\/potenciaradiofonicadominicana.com\/portal\/wp-content\/uploads\/2022\/02\/REVISION-WEB.png\"><img loading=\"lazy\" decoding=\"async\" class=\"alignnone size-full wp-image-116250\" src=\"https:\/\/potenciaradiofonicadominicana.com\/portal\/wp-content\/uploads\/2022\/02\/REVISION-WEB.png\" alt=\"\" width=\"1030\" height=\"578\" srcset=\"https:\/\/potenciaradiofonicadominicana.com\/portal\/wp-content\/uploads\/2022\/02\/REVISION-WEB.png 1030w, https:\/\/potenciaradiofonicadominicana.com\/portal\/wp-content\/uploads\/2022\/02\/REVISION-WEB-300x168.png 300w, https:\/\/potenciaradiofonicadominicana.com\/portal\/wp-content\/uploads\/2022\/02\/REVISION-WEB-768x431.png 768w, https:\/\/potenciaradiofonicadominicana.com\/portal\/wp-content\/uploads\/2022\/02\/REVISION-WEB-1024x575.png 1024w\" sizes=\"auto, (max-width: 1030px) 100vw, 1030px\" \/><\/a><\/p>\n<p>La\u00a0Direcci\u00f3n General de Alianzas P\u00fablico Privadas (DGAPP<strong>)<\/strong>\u00a0aclar\u00f3 mediante un comunicado que\u00a0todav\u00eda no ha sido licitado\u00a0el proyecto para la implementaci\u00f3n del\u00a0Programa Nacional de Inspecci\u00f3n T\u00e9cnica Vehicular<strong>\u00a0<\/strong>y, por lo tanto, tampoco ha sido adjudicado.<\/p>\n<p>El comunicado de la DGAPP surge a ra\u00edz de publicaciones y opiniones vertidas en algunos medios y redes sociales sobre el tema que, seg\u00fan la entidad, no han sido bien entendidas, porque\u00a0los proyectos de alianzas p\u00fablico-privadas conllevan un proceso, que en principio inicia con la etapa del inter\u00e9s p\u00fablico.<\/p>\n<p>\u201cEs importante aclarar que, hasta el momento, no hay ninguna decisi\u00f3n sobre si el proyecto va o cu\u00e1les ser\u00edan las condiciones de este\u201d, dice el comunicado.<\/p>\n<p>Indica que\u00a0atendiendo a un mandato de la Ley 63-17\u00a0(de Movilidad, Transporte Terrestre, Tr\u00e1nsito y Seguridad Vial de la Rep\u00fablica Dominicana), aprobada en 2017, el Consejo Nacional de Alianzas P\u00fablico Privada (CNAPP)\u00a0declar\u00f3 la iniciativa de inter\u00e9s p\u00fablico, la cual se propone generar las condiciones adecuadas en las v\u00edas p\u00fablica para la protecci\u00f3n de la vida de los dominicanos.<\/p>\n<p>Expresa que\u00a0la declaraci\u00f3n de inter\u00e9s p\u00fablico solo implica una autorizaci\u00f3n para que se realicen estudios de mayor profundidad, previo al lanzamiento de un proceso competitivo o una licitaci\u00f3n.<\/p>\n<p>La DGAPP asegura que no ha intervenido en ninguno de los aspectos del contenido econ\u00f3mico-financiero de la iniciativa, salvo en el aspecto de la divisi\u00f3n de los lotes que el CNAPP ha sugerido, para que en lugar de un lote como fue propuesto por el iniciador, sean dos, y as\u00ed evitar temas de monopolio.<\/p>\n<p>Los dem\u00e1s aspectos financieros que menciona la propuesta han permanecido igual como establece la iniciativa, ya que conforme a la Ley de Alianzas P\u00fablico Privadas,<strong>\u00a0<\/strong>una vez se decida iniciar la licitaci\u00f3n<strong>\u00a0<\/strong>en caso de que as\u00ed el Consejo lo autorice,\u00a0se establecer\u00e1n los t\u00e9rminos del pliego de condiciones, las condiciones t\u00e9cnicas y las caracter\u00edsticas y condiciones financieras\u00a0de los lotes que se decidan licitar, se\u00f1ala el comunicado.<\/p>\n<p>De igual manera, especifica que no se ha realizado ninguna adjudicaci\u00f3n del contrato. \u201cTodo contrato de alianzas p\u00fablico-privada debe ser previamente licitado p\u00fablicamente, por lo cual no puede existir una adjudicaci\u00f3n directa a un iniciador\u201d, agrega.<\/p>\n<p>La iniciativa<br \/>\nDebemos tambi\u00e9n precisar que el Consejo Nacional de Alianzas P\u00fablico Privadas (CNAPP) no ha desestimado la iniciativa del Programa Nacional de Inspecci\u00f3n T\u00e9cnica Vehicular, por considerarlo positivo para el pa\u00eds, adem\u00e1s de que\u00a0es un mandato de la Ley 63-17, que no ha sido acatado en pasadas administraciones, y que instruye al establecimiento de una Red de Inspecci\u00f3n T\u00e9cnica Vehicular para combatir los accidentes de tr\u00e1nsito, propiciar la renovaci\u00f3n del parque vehicular y reducir los entaponamientos.<\/p>\n<p>Mandato<br \/>\nEs por el mandato de esta ley, aprobada en 2017, que el Consejo Nacional de Alianzas P\u00fablico Privada (CNAPP) ha declarado de inter\u00e9s p\u00fablico esta iniciativa, la cual\u00a0se propone generar las condiciones adecuadas en las v\u00edas p\u00fablica para la protecci\u00f3n de la vida de los dominicanos\u00bb, concluye el comunicado..<\/p>\n","protected":false},"excerpt":{"rendered":"<p>La\u00a0Direcci\u00f3n General de Alianzas P\u00fablico Privadas (DGAPP)\u00a0aclar\u00f3 mediante un comunicado que\u00a0todav\u00eda no ha sido licitado\u00a0el proyecto para la implementaci\u00f3n del\u00a0Programa &#8230;<\/p>\n","protected":false},"author":2,"featured_media":116250,"comment_status":"closed","ping_status":"closed","sticky":false,"template":"","format":"standard","meta":{"footnotes":""},"categories":[26],"tags":[],"class_list":["post-116249","post","type-post","status-publish","format-standard","has-post-thumbnail","hentry","category-economia"],"yoast_head":"<!-- This site is optimized with the Yoast SEO plugin v24.8.1 - https:\/\/yoast.com\/wordpress\/plugins\/seo\/ -->\n<title>La DGAPP aclara proyecto de inspecci\u00f3n vehicular a\u00fan no ha sido licitado ni adjudicado - PotenciaRadiofonicaDominicana.com<\/title>\n<meta name=\"robots\" content=\"index, follow, max-snippet:-1, max-image-preview:large, max-video-preview:-1\" \/>\n<link rel=\"canonical\" href=\"https:\/\/potenciaradiofonicadominicana.com\/portal\/la-dgapp-aclara-proyecto-de-inspeccion-vehicular-aun-no-ha-sido-licitado-ni-adjudicado\/\" \/>\n<meta property=\"og:locale\" content=\"es_ES\" \/>\n<meta property=\"og:type\" content=\"article\" \/>\n<meta property=\"og:title\" content=\"La DGAPP aclara proyecto de inspecci\u00f3n vehicular a\u00fan no ha sido licitado ni adjudicado - PotenciaRadiofonicaDominicana.com\" \/>\n<meta property=\"og:description\" content=\"La\u00a0Direcci\u00f3n General de Alianzas P\u00fablico Privadas (DGAPP)\u00a0aclar\u00f3 mediante un comunicado que\u00a0todav\u00eda no ha sido licitado\u00a0el proyecto para la implementaci\u00f3n del\u00a0Programa ...\" \/>\n<meta property=\"og:url\" content=\"https:\/\/potenciaradiofonicadominicana.com\/portal\/la-dgapp-aclara-proyecto-de-inspeccion-vehicular-aun-no-ha-sido-licitado-ni-adjudicado\/\" \/>\n<meta property=\"og:site_name\" content=\"PotenciaRadiofonicaDominicana.com\" \/>\n<meta property=\"article:publisher\" content=\"https:\/\/web.facebook.com\/PotenciaRadiofonicaD\" \/>\n<meta property=\"article:published_time\" content=\"2022-02-12T14:41:28+00:00\" \/>\n<meta property=\"og:image\" content=\"https:\/\/potenciaradiofonicadominicana.com\/portal\/wp-content\/uploads\/2022\/02\/REVISION-WEB.png\" \/>\n\t<meta property=\"og:image:width\" content=\"1030\" \/>\n\t<meta property=\"og:image:height\" content=\"578\" \/>\n\t<meta property=\"og:image:type\" content=\"image\/png\" \/>\n<meta name=\"author\" content=\"Potencia Radiof\u00f3nica Dominicana\" \/>\n<meta name=\"twitter:card\" content=\"summary_large_image\" \/>\n<meta name=\"twitter:label1\" content=\"Escrito por\" \/>\n\t<meta name=\"twitter:data1\" content=\"Potencia Radiof\u00f3nica Dominicana\" \/>\n\t<meta name=\"twitter:label2\" content=\"Tiempo de lectura\" \/>\n\t<meta name=\"twitter:data2\" content=\"3 minutos\" \/>\n<script type=\"application\/ld+json\" class=\"yoast-schema-graph\">{\"@context\":\"https:\/\/schema.org\",\"@graph\":[{\"@type\":\"Article\",\"@id\":\"https:\/\/potenciaradiofonicadominicana.com\/portal\/la-dgapp-aclara-proyecto-de-inspeccion-vehicular-aun-no-ha-sido-licitado-ni-adjudicado\/#article\",\"isPartOf\":{\"@id\":\"https:\/\/potenciaradiofonicadominicana.com\/portal\/la-dgapp-aclara-proyecto-de-inspeccion-vehicular-aun-no-ha-sido-licitado-ni-adjudicado\/\"},\"author\":{\"name\":\"Potencia Radiof\u00f3nica Dominicana\",\"@id\":\"https:\/\/potenciaradiofonicadominicana.com\/portal\/#\/schema\/person\/a5cf1fea13877803ee0573ac18b03490\"},\"headline\":\"La DGAPP aclara proyecto de inspecci\u00f3n vehicular a\u00fan no ha sido licitado ni adjudicado\",\"datePublished\":\"2022-02-12T14:41:28+00:00\",\"mainEntityOfPage\":{\"@id\":\"https:\/\/potenciaradiofonicadominicana.com\/portal\/la-dgapp-aclara-proyecto-de-inspeccion-vehicular-aun-no-ha-sido-licitado-ni-adjudicado\/\"},\"wordCount\":561,\"publisher\":{\"@id\":\"https:\/\/potenciaradiofonicadominicana.com\/portal\/#organization\"},\"image\":{\"@id\":\"https:\/\/potenciaradiofonicadominicana.com\/portal\/la-dgapp-aclara-proyecto-de-inspeccion-vehicular-aun-no-ha-sido-licitado-ni-adjudicado\/#primaryimage\"},\"thumbnailUrl\":\"https:\/\/potenciaradiofonicadominicana.com\/portal\/wp-content\/uploads\/2022\/02\/REVISION-WEB.png\",\"articleSection\":[\"Econom\u00eda\"],\"inLanguage\":\"es\"},{\"@type\":\"WebPage\",\"@id\":\"https:\/\/potenciaradiofonicadominicana.com\/portal\/la-dgapp-aclara-proyecto-de-inspeccion-vehicular-aun-no-ha-sido-licitado-ni-adjudicado\/\",\"url\":\"https:\/\/potenciaradiofonicadominicana.com\/portal\/la-dgapp-aclara-proyecto-de-inspeccion-vehicular-aun-no-ha-sido-licitado-ni-adjudicado\/\",\"name\":\"La DGAPP aclara proyecto de inspecci\u00f3n vehicular a\u00fan no ha sido licitado ni adjudicado - PotenciaRadiofonicaDominicana.com\",\"isPartOf\":{\"@id\":\"https:\/\/potenciaradiofonicadominicana.com\/portal\/#website\"},\"primaryImageOfPage\":{\"@id\":\"https:\/\/potenciaradiofonicadominicana.com\/portal\/la-dgapp-aclara-proyecto-de-inspeccion-vehicular-aun-no-ha-sido-licitado-ni-adjudicado\/#primaryimage\"},\"image\":{\"@id\":\"https:\/\/potenciaradiofonicadominicana.com\/portal\/la-dgapp-aclara-proyecto-de-inspeccion-vehicular-aun-no-ha-sido-licitado-ni-adjudicado\/#primaryimage\"},\"thumbnailUrl\":\"https:\/\/potenciaradiofonicadominicana.com\/portal\/wp-content\/uploads\/2022\/02\/REVISION-WEB.png\",\"datePublished\":\"2022-02-12T14:41:28+00:00\",\"breadcrumb\":{\"@id\":\"https:\/\/potenciaradiofonicadominicana.com\/portal\/la-dgapp-aclara-proyecto-de-inspeccion-vehicular-aun-no-ha-sido-licitado-ni-adjudicado\/#breadcrumb\"},\"inLanguage\":\"es\",\"potentialAction\":[{\"@type\":\"ReadAction\",\"target\":[\"https:\/\/potenciaradiofonicadominicana.com\/portal\/la-dgapp-aclara-proyecto-de-inspeccion-vehicular-aun-no-ha-sido-licitado-ni-adjudicado\/\"]}]},{\"@type\":\"ImageObject\",\"inLanguage\":\"es\",\"@id\":\"https:\/\/potenciaradiofonicadominicana.com\/portal\/la-dgapp-aclara-proyecto-de-inspeccion-vehicular-aun-no-ha-sido-licitado-ni-adjudicado\/#primaryimage\",\"url\":\"https:\/\/potenciaradiofonicadominicana.com\/portal\/wp-content\/uploads\/2022\/02\/REVISION-WEB.png\",\"contentUrl\":\"https:\/\/potenciaradiofonicadominicana.com\/portal\/wp-content\/uploads\/2022\/02\/REVISION-WEB.png\",\"width\":1030,\"height\":578},{\"@type\":\"BreadcrumbList\",\"@id\":\"https:\/\/potenciaradiofonicadominicana.com\/portal\/la-dgapp-aclara-proyecto-de-inspeccion-vehicular-aun-no-ha-sido-licitado-ni-adjudicado\/#breadcrumb\",\"itemListElement\":[{\"@type\":\"ListItem\",\"position\":1,\"name\":\"Portada\",\"item\":\"https:\/\/potenciaradiofonicadominicana.com\/portal\/\"},{\"@type\":\"ListItem\",\"position\":2,\"name\":\"La DGAPP aclara proyecto de inspecci\u00f3n vehicular a\u00fan no ha sido licitado ni adjudicado\"}]},{\"@type\":\"WebSite\",\"@id\":\"https:\/\/potenciaradiofonicadominicana.com\/portal\/#website\",\"url\":\"https:\/\/potenciaradiofonicadominicana.com\/portal\/\",\"name\":\"PotenciaRadiofonicaDominicana.com\",\"description\":\"Peri\u00f3dico Digital\",\"publisher\":{\"@id\":\"https:\/\/potenciaradiofonicadominicana.com\/portal\/#organization\"},\"potentialAction\":[{\"@type\":\"SearchAction\",\"target\":{\"@type\":\"EntryPoint\",\"urlTemplate\":\"https:\/\/potenciaradiofonicadominicana.com\/portal\/?s={search_term_string}\"},\"query-input\":{\"@type\":\"PropertyValueSpecification\",\"valueRequired\":true,\"valueName\":\"search_term_string\"}}],\"inLanguage\":\"es\"},{\"@type\":\"Organization\",\"@id\":\"https:\/\/potenciaradiofonicadominicana.com\/portal\/#organization\",\"name\":\"PotenciaRadiofonicaDominicana.com\",\"url\":\"https:\/\/potenciaradiofonicadominicana.com\/portal\/\",\"logo\":{\"@type\":\"ImageObject\",\"inLanguage\":\"es\",\"@id\":\"https:\/\/potenciaradiofonicadominicana.com\/portal\/#\/schema\/logo\/image\/\",\"url\":\"https:\/\/potenciaradiofonicadominicana.com\/portal\/wp-content\/uploads\/2022\/01\/descarga.png\",\"contentUrl\":\"https:\/\/potenciaradiofonicadominicana.com\/portal\/wp-content\/uploads\/2022\/01\/descarga.png\",\"width\":300,\"height\":100,\"caption\":\"PotenciaRadiofonicaDominicana.com\"},\"image\":{\"@id\":\"https:\/\/potenciaradiofonicadominicana.com\/portal\/#\/schema\/logo\/image\/\"},\"sameAs\":[\"https:\/\/web.facebook.com\/PotenciaRadiofonicaD\"]},{\"@type\":\"Person\",\"@id\":\"https:\/\/potenciaradiofonicadominicana.com\/portal\/#\/schema\/person\/a5cf1fea13877803ee0573ac18b03490\",\"name\":\"Potencia Radiof\u00f3nica Dominicana\",\"image\":{\"@type\":\"ImageObject\",\"inLanguage\":\"es\",\"@id\":\"https:\/\/potenciaradiofonicadominicana.com\/portal\/#\/schema\/person\/image\/\",\"url\":\"https:\/\/secure.gravatar.com\/avatar\/42a55ab9e8ccc656ba34cd791990602a?s=96&d=mm&r=g\",\"contentUrl\":\"https:\/\/secure.gravatar.com\/avatar\/42a55ab9e8ccc656ba34cd791990602a?s=96&d=mm&r=g\",\"caption\":\"Potencia Radiof\u00f3nica Dominicana\"},\"url\":\"https:\/\/potenciaradiofonicadominicana.com\/portal\/author\/johannyalmanzar\/\"}]}<\/script>\n<!-- \/ Yoast SEO plugin. -->","yoast_head_json":{"title":"La DGAPP aclara proyecto de inspecci\u00f3n vehicular a\u00fan no ha sido licitado ni adjudicado - PotenciaRadiofonicaDominicana.com","robots":{"index":"index","follow":"follow","max-snippet":"max-snippet:-1","max-image-preview":"max-image-preview:large","max-video-preview":"max-video-preview:-1"},"canonical":"https:\/\/potenciaradiofonicadominicana.com\/portal\/la-dgapp-aclara-proyecto-de-inspeccion-vehicular-aun-no-ha-sido-licitado-ni-adjudicado\/","og_locale":"es_ES","og_type":"article","og_title":"La DGAPP aclara proyecto de inspecci\u00f3n vehicular a\u00fan no ha sido licitado ni adjudicado - PotenciaRadiofonicaDominicana.com","og_description":"La\u00a0Direcci\u00f3n General de Alianzas P\u00fablico Privadas (DGAPP)\u00a0aclar\u00f3 mediante un comunicado que\u00a0todav\u00eda no ha sido licitado\u00a0el proyecto para la implementaci\u00f3n del\u00a0Programa ...","og_url":"https:\/\/potenciaradiofonicadominicana.com\/portal\/la-dgapp-aclara-proyecto-de-inspeccion-vehicular-aun-no-ha-sido-licitado-ni-adjudicado\/","og_site_name":"PotenciaRadiofonicaDominicana.com","article_publisher":"https:\/\/web.facebook.com\/PotenciaRadiofonicaD","article_published_time":"2022-02-12T14:41:28+00:00","og_image":[{"width":1030,"height":578,"url":"https:\/\/potenciaradiofonicadominicana.com\/portal\/wp-content\/uploads\/2022\/02\/REVISION-WEB.png","type":"image\/png"}],"author":"Potencia Radiof\u00f3nica Dominicana","twitter_card":"summary_large_image","twitter_misc":{"Escrito por":"Potencia Radiof\u00f3nica Dominicana","Tiempo de lectura":"3 minutos"},"schema":{"@context":"https:\/\/schema.org","@graph":[{"@type":"Article","@id":"https:\/\/potenciaradiofonicadominicana.com\/portal\/la-dgapp-aclara-proyecto-de-inspeccion-vehicular-aun-no-ha-sido-licitado-ni-adjudicado\/#article","isPartOf":{"@id":"https:\/\/potenciaradiofonicadominicana.com\/portal\/la-dgapp-aclara-proyecto-de-inspeccion-vehicular-aun-no-ha-sido-licitado-ni-adjudicado\/"},"author":{"name":"Potencia Radiof\u00f3nica Dominicana","@id":"https:\/\/potenciaradiofonicadominicana.com\/portal\/#\/schema\/person\/a5cf1fea13877803ee0573ac18b03490"},"headline":"La DGAPP aclara proyecto de inspecci\u00f3n vehicular a\u00fan no ha sido licitado ni adjudicado","datePublished":"2022-02-12T14:41:28+00:00","mainEntityOfPage":{"@id":"https:\/\/potenciaradiofonicadominicana.com\/portal\/la-dgapp-aclara-proyecto-de-inspeccion-vehicular-aun-no-ha-sido-licitado-ni-adjudicado\/"},"wordCount":561,"publisher":{"@id":"https:\/\/potenciaradiofonicadominicana.com\/portal\/#organization"},"image":{"@id":"https:\/\/potenciaradiofonicadominicana.com\/portal\/la-dgapp-aclara-proyecto-de-inspeccion-vehicular-aun-no-ha-sido-licitado-ni-adjudicado\/#primaryimage"},"thumbnailUrl":"https:\/\/potenciaradiofonicadominicana.com\/portal\/wp-content\/uploads\/2022\/02\/REVISION-WEB.png","articleSection":["Econom\u00eda"],"inLanguage":"es"},{"@type":"WebPage","@id":"https:\/\/potenciaradiofonicadominicana.com\/portal\/la-dgapp-aclara-proyecto-de-inspeccion-vehicular-aun-no-ha-sido-licitado-ni-adjudicado\/","url":"https:\/\/potenciaradiofonicadominicana.com\/portal\/la-dgapp-aclara-proyecto-de-inspeccion-vehicular-aun-no-ha-sido-licitado-ni-adjudicado\/","name":"La DGAPP aclara proyecto de inspecci\u00f3n vehicular a\u00fan no ha sido licitado ni adjudicado - PotenciaRadiofonicaDominicana.com","isPartOf":{"@id":"https:\/\/potenciaradiofonicadominicana.com\/portal\/#website"},"primaryImageOfPage":{"@id":"https:\/\/potenciaradiofonicadominicana.com\/portal\/la-dgapp-aclara-proyecto-de-inspeccion-vehicular-aun-no-ha-sido-licitado-ni-adjudicado\/#primaryimage"},"image":{"@id":"https:\/\/potenciaradiofonicadominicana.com\/portal\/la-dgapp-aclara-proyecto-de-inspeccion-vehicular-aun-no-ha-sido-licitado-ni-adjudicado\/#primaryimage"},"thumbnailUrl":"https:\/\/potenciaradiofonicadominicana.com\/portal\/wp-content\/uploads\/2022\/02\/REVISION-WEB.png","datePublished":"2022-02-12T14:41:28+00:00","breadcrumb":{"@id":"https:\/\/potenciaradiofonicadominicana.com\/portal\/la-dgapp-aclara-proyecto-de-inspeccion-vehicular-aun-no-ha-sido-licitado-ni-adjudicado\/#breadcrumb"},"inLanguage":"es","potentialAction":[{"@type":"ReadAction","target":["https:\/\/potenciaradiofonicadominicana.com\/portal\/la-dgapp-aclara-proyecto-de-inspeccion-vehicular-aun-no-ha-sido-licitado-ni-adjudicado\/"]}]},{"@type":"ImageObject","inLanguage":"es","@id":"https:\/\/potenciaradiofonicadominicana.com\/portal\/la-dgapp-aclara-proyecto-de-inspeccion-vehicular-aun-no-ha-sido-licitado-ni-adjudicado\/#primaryimage","url":"https:\/\/potenciaradiofonicadominicana.com\/portal\/wp-content\/uploads\/2022\/02\/REVISION-WEB.png","contentUrl":"https:\/\/potenciaradiofonicadominicana.com\/portal\/wp-content\/uploads\/2022\/02\/REVISION-WEB.png","width":1030,"height":578},{"@type":"BreadcrumbList","@id":"https:\/\/potenciaradiofonicadominicana.com\/portal\/la-dgapp-aclara-proyecto-de-inspeccion-vehicular-aun-no-ha-sido-licitado-ni-adjudicado\/#breadcrumb","itemListElement":[{"@type":"ListItem","position":1,"name":"Portada","item":"https:\/\/potenciaradiofonicadominicana.com\/portal\/"},{"@type":"ListItem","position":2,"name":"La DGAPP aclara proyecto de inspecci\u00f3n vehicular a\u00fan no ha sido licitado ni adjudicado"}]},{"@type":"WebSite","@id":"https:\/\/potenciaradiofonicadominicana.com\/portal\/#website","url":"https:\/\/potenciaradiofonicadominicana.com\/portal\/","name":"PotenciaRadiofonicaDominicana.com","description":"Peri\u00f3dico Digital","publisher":{"@id":"https:\/\/potenciaradiofonicadominicana.com\/portal\/#organization"},"potentialAction":[{"@type":"SearchAction","target":{"@type":"EntryPoint","urlTemplate":"https:\/\/potenciaradiofonicadominicana.com\/portal\/?s={search_term_string}"},"query-input":{"@type":"PropertyValueSpecification","valueRequired":true,"valueName":"search_term_string"}}],"inLanguage":"es"},{"@type":"Organization","@id":"https:\/\/potenciaradiofonicadominicana.com\/portal\/#organization","name":"PotenciaRadiofonicaDominicana.com","url":"https:\/\/potenciaradiofonicadominicana.com\/portal\/","logo":{"@type":"ImageObject","inLanguage":"es","@id":"https:\/\/potenciaradiofonicadominicana.com\/portal\/#\/schema\/logo\/image\/","url":"https:\/\/potenciaradiofonicadominicana.com\/portal\/wp-content\/uploads\/2022\/01\/descarga.png","contentUrl":"https:\/\/potenciaradiofonicadominicana.com\/portal\/wp-content\/uploads\/2022\/01\/descarga.png","width":300,"height":100,"caption":"PotenciaRadiofonicaDominicana.com"},"image":{"@id":"https:\/\/potenciaradiofonicadominicana.com\/portal\/#\/schema\/logo\/image\/"},"sameAs":["https:\/\/web.facebook.com\/PotenciaRadiofonicaD"]},{"@type":"Person","@id":"https:\/\/potenciaradiofonicadominicana.com\/portal\/#\/schema\/person\/a5cf1fea13877803ee0573ac18b03490","name":"Potencia Radiof\u00f3nica Dominicana","image":{"@type":"ImageObject","inLanguage":"es","@id":"https:\/\/potenciaradiofonicadominicana.com\/portal\/#\/schema\/person\/image\/","url":"https:\/\/secure.gravatar.com\/avatar\/42a55ab9e8ccc656ba34cd791990602a?s=96&d=mm&r=g","contentUrl":"https:\/\/secure.gravatar.com\/avatar\/42a55ab9e8ccc656ba34cd791990602a?s=96&d=mm&r=g","caption":"Potencia Radiof\u00f3nica Dominicana"},"url":"https:\/\/potenciaradiofonicadominicana.com\/portal\/author\/johannyalmanzar\/"}]}},"_links":{"self":[{"href":"https:\/\/potenciaradiofonicadominicana.com\/portal\/wp-json\/wp\/v2\/posts\/116249","targetHints":{"allow":["GET"]}}],"collection":[{"href":"https:\/\/potenciaradiofonicadominicana.com\/portal\/wp-json\/wp\/v2\/posts"}],"about":[{"href":"https:\/\/potenciaradiofonicadominicana.com\/portal\/wp-json\/wp\/v2\/types\/post"}],"author":[{"embeddable":true,"href":"https:\/\/potenciaradiofonicadominicana.com\/portal\/wp-json\/wp\/v2\/users\/2"}],"replies":[{"embeddable":true,"href":"https:\/\/potenciaradiofonicadominicana.com\/portal\/wp-json\/wp\/v2\/comments?post=116249"}],"version-history":[{"count":1,"href":"https:\/\/potenciaradiofonicadominicana.com\/portal\/wp-json\/wp\/v2\/posts\/116249\/revisions"}],"predecessor-version":[{"id":116251,"href":"https:\/\/potenciaradiofonicadominicana.com\/portal\/wp-json\/wp\/v2\/posts\/116249\/revisions\/116251"}],"wp:featuredmedia":[{"embeddable":true,"href":"https:\/\/potenciaradiofonicadominicana.com\/portal\/wp-json\/wp\/v2\/media\/116250"}],"wp:attachment":[{"href":"https:\/\/potenciaradiofonicadominicana.com\/portal\/wp-json\/wp\/v2\/media?parent=116249"}],"wp:term":[{"taxonomy":"category","embeddable":true,"href":"https:\/\/potenciaradiofonicadominicana.com\/portal\/wp-json\/wp\/v2\/categories?post=116249"},{"taxonomy":"post_tag","embeddable":true,"href":"https:\/\/potenciaradiofonicadominicana.com\/portal\/wp-json\/wp\/v2\/tags?post=116249"}],"curies":[{"name":"wp","href":"https:\/\/api.w.org\/{rel}","templated":true}]}}