{"id":116236,"date":"2022-02-12T10:22:18","date_gmt":"2022-02-12T14:22:18","guid":{"rendered":"https:\/\/potenciaradiofonicadominicana.com\/portal\/?p=116236"},"modified":"2022-02-12T10:22:18","modified_gmt":"2022-02-12T14:22:18","slug":"solicitan-a-industria-y-comercio-instalacion-de-zona-franca-en-villa-hermosa","status":"publish","type":"post","link":"https:\/\/potenciaradiofonicadominicana.com\/portal\/solicitan-a-industria-y-comercio-instalacion-de-zona-franca-en-villa-hermosa\/","title":{"rendered":"Solicitan a  Industria y Comercio instalaci\u00f3n de Zona Franca en Villa Hermosa"},"content":{"rendered":"<p><a href=\"https:\/\/potenciaradiofonicadominicana.com\/portal\/wp-content\/uploads\/2022\/02\/itto-bisono.jpg\"><img loading=\"lazy\" decoding=\"async\" class=\"alignnone size-full wp-image-116237\" src=\"https:\/\/potenciaradiofonicadominicana.com\/portal\/wp-content\/uploads\/2022\/02\/itto-bisono.jpg\" alt=\"\" width=\"1280\" height=\"853\" srcset=\"https:\/\/potenciaradiofonicadominicana.com\/portal\/wp-content\/uploads\/2022\/02\/itto-bisono.jpg 1280w, https:\/\/potenciaradiofonicadominicana.com\/portal\/wp-content\/uploads\/2022\/02\/itto-bisono-300x200.jpg 300w, https:\/\/potenciaradiofonicadominicana.com\/portal\/wp-content\/uploads\/2022\/02\/itto-bisono-768x512.jpg 768w, https:\/\/potenciaradiofonicadominicana.com\/portal\/wp-content\/uploads\/2022\/02\/itto-bisono-1024x682.jpg 1024w\" sizes=\"auto, (max-width: 1280px) 100vw, 1280px\" \/><\/a><\/p>\n<p>La Romana. \u2013 El diputado del Partido Revolucionario Moderno (PRM), Eugenio Cede\u00f1o se reuni\u00f3 con el ministro de Industria y Comercio, V\u00edctor \u00abIto\u00bb\u00a0 Bison\u00f3, para gestionar pol\u00edticas p\u00fablicas enfocadas en el desarrollo econ\u00f3mico y generaci\u00f3n de empleos en La Romana, a trav\u00e9s de la instalaci\u00f3n de zonas francas en el municipio de Villa Hermosa.<\/p>\n<p>En el encuentro se trat\u00f3 de una mesa de trabajo, donde la comisi\u00f3n de la provincia del Este present\u00f3 al titular de\u00a0Industria y Comercio\u00a0las propuestas de las zonas francas y se explor\u00f3 las v\u00edas m\u00e1s factibles para la construcci\u00f3n de las mismas.<\/p>\n<p>El legislador se hizo acompa\u00f1ar de Jacqueline Fern\u00e1ndez, gobernadora de la provincia; Favio Noel, alcalde de Villa Hermosa; Enrique Deschamps, presidente del Comit\u00e9 Prozona Franca; el regidor Sandy Constanzo, secretario del comit\u00e9; Bienvenido Santana Guilamo, empresario romanense, entre otros.<\/p>\n<p>En la reuni\u00f3n se inform\u00f3\u00a0 que hay una gran cantidad de empresarios interesados en instalar f\u00e1bricas en el parque industrial, ya que el costo de renta de las naves industriales existentes en la provincia es muy elevado, por lo que este ambicioso proyecto vendr\u00eda a competir en esa demarcaci\u00f3n.<\/p>\n<p>El ministro Bison\u00f3 se comprometi\u00f3 hacer todas las diligencias necesarias para la compra de los terrenos donde se instalar\u00e1n las naves industriales.<\/p>\n<p>La instalaci\u00f3n ser\u00e1 con el aval del presidente de la Rep\u00fablica,\u00a0Luis Abinader, quien remiti\u00f3 la comisi\u00f3n al ministerio gestor para que busque las v\u00edas m\u00e1s convenientes para la construcci\u00f3n de las naves, donde ser\u00e1n beneficiadas 5,000 personas con empleos directos.<\/p>\n<p>Este proyecto fue prometido en campa\u00f1a por el diputado representante de\u00a0La Romana\u00a0y con el respaldo, en esa ocasi\u00f3n, de la hoy vicepresidenta de la Rep\u00fablica, Raquel Pe\u00f1a, y luego asumido por el jefe de Estado.<\/p>\n<p>Villa Hermosa, cuenta con una poblaci\u00f3n es de\u00a0140 mil habitantes, es un municipio muy necesitado que no cuenta con ning\u00fan tipo de industria.<\/p>\n<p>\u201cEste parque industrial vendr\u00eda a ser un gran paliativo en la provisi\u00f3n de empleos para la gran cantidad de mun\u00edcipes de ese populoso municipio de La Romana\u201d, sostuvo el legislador oficialista.<\/p>\n","protected":false},"excerpt":{"rendered":"<p>La Romana. \u2013 El diputado del Partido Revolucionario Moderno (PRM), Eugenio Cede\u00f1o se reuni\u00f3 con el ministro de Industria y &#8230;<\/p>\n","protected":false},"author":2,"featured_media":116237,"comment_status":"closed","ping_status":"closed","sticky":false,"template":"","format":"standard","meta":{"footnotes":""},"categories":[26],"tags":[],"class_list":["post-116236","post","type-post","status-publish","format-standard","has-post-thumbnail","hentry","category-economia"],"yoast_head":"<!-- This site is optimized with the Yoast SEO plugin v24.8.1 - https:\/\/yoast.com\/wordpress\/plugins\/seo\/ -->\n<title>Solicitan a Industria y Comercio instalaci\u00f3n de Zona Franca en Villa Hermosa - PotenciaRadiofonicaDominicana.com<\/title>\n<meta name=\"robots\" content=\"index, follow, max-snippet:-1, max-image-preview:large, max-video-preview:-1\" \/>\n<link rel=\"canonical\" href=\"https:\/\/potenciaradiofonicadominicana.com\/portal\/solicitan-a-industria-y-comercio-instalacion-de-zona-franca-en-villa-hermosa\/\" \/>\n<meta property=\"og:locale\" content=\"es_ES\" \/>\n<meta property=\"og:type\" content=\"article\" \/>\n<meta property=\"og:title\" content=\"Solicitan a Industria y Comercio instalaci\u00f3n de Zona Franca en Villa Hermosa - PotenciaRadiofonicaDominicana.com\" \/>\n<meta property=\"og:description\" content=\"La Romana. \u2013 El diputado del Partido Revolucionario Moderno (PRM), Eugenio Cede\u00f1o se reuni\u00f3 con el ministro de Industria y ...\" \/>\n<meta property=\"og:url\" content=\"https:\/\/potenciaradiofonicadominicana.com\/portal\/solicitan-a-industria-y-comercio-instalacion-de-zona-franca-en-villa-hermosa\/\" \/>\n<meta property=\"og:site_name\" content=\"PotenciaRadiofonicaDominicana.com\" \/>\n<meta property=\"article:publisher\" content=\"https:\/\/web.facebook.com\/PotenciaRadiofonicaD\" \/>\n<meta property=\"article:published_time\" content=\"2022-02-12T14:22:18+00:00\" \/>\n<meta property=\"og:image\" content=\"https:\/\/potenciaradiofonicadominicana.com\/portal\/wp-content\/uploads\/2022\/02\/itto-bisono.jpg\" \/>\n\t<meta property=\"og:image:width\" content=\"1280\" \/>\n\t<meta property=\"og:image:height\" content=\"853\" \/>\n\t<meta property=\"og:image:type\" content=\"image\/jpeg\" \/>\n<meta name=\"author\" content=\"Potencia Radiof\u00f3nica Dominicana\" \/>\n<meta name=\"twitter:card\" content=\"summary_large_image\" \/>\n<meta name=\"twitter:label1\" content=\"Escrito por\" \/>\n\t<meta name=\"twitter:data1\" content=\"Potencia Radiof\u00f3nica Dominicana\" \/>\n\t<meta name=\"twitter:label2\" content=\"Tiempo de lectura\" \/>\n\t<meta name=\"twitter:data2\" content=\"2 minutos\" \/>\n<script type=\"application\/ld+json\" class=\"yoast-schema-graph\">{\"@context\":\"https:\/\/schema.org\",\"@graph\":[{\"@type\":\"Article\",\"@id\":\"https:\/\/potenciaradiofonicadominicana.com\/portal\/solicitan-a-industria-y-comercio-instalacion-de-zona-franca-en-villa-hermosa\/#article\",\"isPartOf\":{\"@id\":\"https:\/\/potenciaradiofonicadominicana.com\/portal\/solicitan-a-industria-y-comercio-instalacion-de-zona-franca-en-villa-hermosa\/\"},\"author\":{\"name\":\"Potencia Radiof\u00f3nica Dominicana\",\"@id\":\"https:\/\/potenciaradiofonicadominicana.com\/portal\/#\/schema\/person\/a5cf1fea13877803ee0573ac18b03490\"},\"headline\":\"Solicitan a Industria y Comercio instalaci\u00f3n de Zona Franca en Villa Hermosa\",\"datePublished\":\"2022-02-12T14:22:18+00:00\",\"mainEntityOfPage\":{\"@id\":\"https:\/\/potenciaradiofonicadominicana.com\/portal\/solicitan-a-industria-y-comercio-instalacion-de-zona-franca-en-villa-hermosa\/\"},\"wordCount\":386,\"publisher\":{\"@id\":\"https:\/\/potenciaradiofonicadominicana.com\/portal\/#organization\"},\"image\":{\"@id\":\"https:\/\/potenciaradiofonicadominicana.com\/portal\/solicitan-a-industria-y-comercio-instalacion-de-zona-franca-en-villa-hermosa\/#primaryimage\"},\"thumbnailUrl\":\"https:\/\/potenciaradiofonicadominicana.com\/portal\/wp-content\/uploads\/2022\/02\/itto-bisono.jpg\",\"articleSection\":[\"Econom\u00eda\"],\"inLanguage\":\"es\"},{\"@type\":\"WebPage\",\"@id\":\"https:\/\/potenciaradiofonicadominicana.com\/portal\/solicitan-a-industria-y-comercio-instalacion-de-zona-franca-en-villa-hermosa\/\",\"url\":\"https:\/\/potenciaradiofonicadominicana.com\/portal\/solicitan-a-industria-y-comercio-instalacion-de-zona-franca-en-villa-hermosa\/\",\"name\":\"Solicitan a Industria y Comercio instalaci\u00f3n de Zona Franca en Villa Hermosa - PotenciaRadiofonicaDominicana.com\",\"isPartOf\":{\"@id\":\"https:\/\/potenciaradiofonicadominicana.com\/portal\/#website\"},\"primaryImageOfPage\":{\"@id\":\"https:\/\/potenciaradiofonicadominicana.com\/portal\/solicitan-a-industria-y-comercio-instalacion-de-zona-franca-en-villa-hermosa\/#primaryimage\"},\"image\":{\"@id\":\"https:\/\/potenciaradiofonicadominicana.com\/portal\/solicitan-a-industria-y-comercio-instalacion-de-zona-franca-en-villa-hermosa\/#primaryimage\"},\"thumbnailUrl\":\"https:\/\/potenciaradiofonicadominicana.com\/portal\/wp-content\/uploads\/2022\/02\/itto-bisono.jpg\",\"datePublished\":\"2022-02-12T14:22:18+00:00\",\"breadcrumb\":{\"@id\":\"https:\/\/potenciaradiofonicadominicana.com\/portal\/solicitan-a-industria-y-comercio-instalacion-de-zona-franca-en-villa-hermosa\/#breadcrumb\"},\"inLanguage\":\"es\",\"potentialAction\":[{\"@type\":\"ReadAction\",\"target\":[\"https:\/\/potenciaradiofonicadominicana.com\/portal\/solicitan-a-industria-y-comercio-instalacion-de-zona-franca-en-villa-hermosa\/\"]}]},{\"@type\":\"ImageObject\",\"inLanguage\":\"es\",\"@id\":\"https:\/\/potenciaradiofonicadominicana.com\/portal\/solicitan-a-industria-y-comercio-instalacion-de-zona-franca-en-villa-hermosa\/#primaryimage\",\"url\":\"https:\/\/potenciaradiofonicadominicana.com\/portal\/wp-content\/uploads\/2022\/02\/itto-bisono.jpg\",\"contentUrl\":\"https:\/\/potenciaradiofonicadominicana.com\/portal\/wp-content\/uploads\/2022\/02\/itto-bisono.jpg\",\"width\":1280,\"height\":853},{\"@type\":\"BreadcrumbList\",\"@id\":\"https:\/\/potenciaradiofonicadominicana.com\/portal\/solicitan-a-industria-y-comercio-instalacion-de-zona-franca-en-villa-hermosa\/#breadcrumb\",\"itemListElement\":[{\"@type\":\"ListItem\",\"position\":1,\"name\":\"Portada\",\"item\":\"https:\/\/potenciaradiofonicadominicana.com\/portal\/\"},{\"@type\":\"ListItem\",\"position\":2,\"name\":\"Solicitan a Industria y Comercio instalaci\u00f3n de Zona Franca en Villa Hermosa\"}]},{\"@type\":\"WebSite\",\"@id\":\"https:\/\/potenciaradiofonicadominicana.com\/portal\/#website\",\"url\":\"https:\/\/potenciaradiofonicadominicana.com\/portal\/\",\"name\":\"PotenciaRadiofonicaDominicana.com\",\"description\":\"Peri\u00f3dico Digital\",\"publisher\":{\"@id\":\"https:\/\/potenciaradiofonicadominicana.com\/portal\/#organization\"},\"potentialAction\":[{\"@type\":\"SearchAction\",\"target\":{\"@type\":\"EntryPoint\",\"urlTemplate\":\"https:\/\/potenciaradiofonicadominicana.com\/portal\/?s={search_term_string}\"},\"query-input\":{\"@type\":\"PropertyValueSpecification\",\"valueRequired\":true,\"valueName\":\"search_term_string\"}}],\"inLanguage\":\"es\"},{\"@type\":\"Organization\",\"@id\":\"https:\/\/potenciaradiofonicadominicana.com\/portal\/#organization\",\"name\":\"PotenciaRadiofonicaDominicana.com\",\"url\":\"https:\/\/potenciaradiofonicadominicana.com\/portal\/\",\"logo\":{\"@type\":\"ImageObject\",\"inLanguage\":\"es\",\"@id\":\"https:\/\/potenciaradiofonicadominicana.com\/portal\/#\/schema\/logo\/image\/\",\"url\":\"https:\/\/potenciaradiofonicadominicana.com\/portal\/wp-content\/uploads\/2022\/01\/descarga.png\",\"contentUrl\":\"https:\/\/potenciaradiofonicadominicana.com\/portal\/wp-content\/uploads\/2022\/01\/descarga.png\",\"width\":300,\"height\":100,\"caption\":\"PotenciaRadiofonicaDominicana.com\"},\"image\":{\"@id\":\"https:\/\/potenciaradiofonicadominicana.com\/portal\/#\/schema\/logo\/image\/\"},\"sameAs\":[\"https:\/\/web.facebook.com\/PotenciaRadiofonicaD\"]},{\"@type\":\"Person\",\"@id\":\"https:\/\/potenciaradiofonicadominicana.com\/portal\/#\/schema\/person\/a5cf1fea13877803ee0573ac18b03490\",\"name\":\"Potencia Radiof\u00f3nica Dominicana\",\"image\":{\"@type\":\"ImageObject\",\"inLanguage\":\"es\",\"@id\":\"https:\/\/potenciaradiofonicadominicana.com\/portal\/#\/schema\/person\/image\/\",\"url\":\"https:\/\/secure.gravatar.com\/avatar\/42a55ab9e8ccc656ba34cd791990602a?s=96&d=mm&r=g\",\"contentUrl\":\"https:\/\/secure.gravatar.com\/avatar\/42a55ab9e8ccc656ba34cd791990602a?s=96&d=mm&r=g\",\"caption\":\"Potencia Radiof\u00f3nica Dominicana\"},\"url\":\"https:\/\/potenciaradiofonicadominicana.com\/portal\/author\/johannyalmanzar\/\"}]}<\/script>\n<!-- \/ Yoast SEO plugin. -->","yoast_head_json":{"title":"Solicitan a Industria y Comercio instalaci\u00f3n de Zona Franca en Villa Hermosa - PotenciaRadiofonicaDominicana.com","robots":{"index":"index","follow":"follow","max-snippet":"max-snippet:-1","max-image-preview":"max-image-preview:large","max-video-preview":"max-video-preview:-1"},"canonical":"https:\/\/potenciaradiofonicadominicana.com\/portal\/solicitan-a-industria-y-comercio-instalacion-de-zona-franca-en-villa-hermosa\/","og_locale":"es_ES","og_type":"article","og_title":"Solicitan a Industria y Comercio instalaci\u00f3n de Zona Franca en Villa Hermosa - PotenciaRadiofonicaDominicana.com","og_description":"La Romana. \u2013 El diputado del Partido Revolucionario Moderno (PRM), Eugenio Cede\u00f1o se reuni\u00f3 con el ministro de Industria y ...","og_url":"https:\/\/potenciaradiofonicadominicana.com\/portal\/solicitan-a-industria-y-comercio-instalacion-de-zona-franca-en-villa-hermosa\/","og_site_name":"PotenciaRadiofonicaDominicana.com","article_publisher":"https:\/\/web.facebook.com\/PotenciaRadiofonicaD","article_published_time":"2022-02-12T14:22:18+00:00","og_image":[{"width":1280,"height":853,"url":"https:\/\/potenciaradiofonicadominicana.com\/portal\/wp-content\/uploads\/2022\/02\/itto-bisono.jpg","type":"image\/jpeg"}],"author":"Potencia Radiof\u00f3nica Dominicana","twitter_card":"summary_large_image","twitter_misc":{"Escrito por":"Potencia Radiof\u00f3nica Dominicana","Tiempo de lectura":"2 minutos"},"schema":{"@context":"https:\/\/schema.org","@graph":[{"@type":"Article","@id":"https:\/\/potenciaradiofonicadominicana.com\/portal\/solicitan-a-industria-y-comercio-instalacion-de-zona-franca-en-villa-hermosa\/#article","isPartOf":{"@id":"https:\/\/potenciaradiofonicadominicana.com\/portal\/solicitan-a-industria-y-comercio-instalacion-de-zona-franca-en-villa-hermosa\/"},"author":{"name":"Potencia Radiof\u00f3nica Dominicana","@id":"https:\/\/potenciaradiofonicadominicana.com\/portal\/#\/schema\/person\/a5cf1fea13877803ee0573ac18b03490"},"headline":"Solicitan a Industria y Comercio instalaci\u00f3n de Zona Franca en Villa Hermosa","datePublished":"2022-02-12T14:22:18+00:00","mainEntityOfPage":{"@id":"https:\/\/potenciaradiofonicadominicana.com\/portal\/solicitan-a-industria-y-comercio-instalacion-de-zona-franca-en-villa-hermosa\/"},"wordCount":386,"publisher":{"@id":"https:\/\/potenciaradiofonicadominicana.com\/portal\/#organization"},"image":{"@id":"https:\/\/potenciaradiofonicadominicana.com\/portal\/solicitan-a-industria-y-comercio-instalacion-de-zona-franca-en-villa-hermosa\/#primaryimage"},"thumbnailUrl":"https:\/\/potenciaradiofonicadominicana.com\/portal\/wp-content\/uploads\/2022\/02\/itto-bisono.jpg","articleSection":["Econom\u00eda"],"inLanguage":"es"},{"@type":"WebPage","@id":"https:\/\/potenciaradiofonicadominicana.com\/portal\/solicitan-a-industria-y-comercio-instalacion-de-zona-franca-en-villa-hermosa\/","url":"https:\/\/potenciaradiofonicadominicana.com\/portal\/solicitan-a-industria-y-comercio-instalacion-de-zona-franca-en-villa-hermosa\/","name":"Solicitan a Industria y Comercio instalaci\u00f3n de Zona Franca en Villa Hermosa - PotenciaRadiofonicaDominicana.com","isPartOf":{"@id":"https:\/\/potenciaradiofonicadominicana.com\/portal\/#website"},"primaryImageOfPage":{"@id":"https:\/\/potenciaradiofonicadominicana.com\/portal\/solicitan-a-industria-y-comercio-instalacion-de-zona-franca-en-villa-hermosa\/#primaryimage"},"image":{"@id":"https:\/\/potenciaradiofonicadominicana.com\/portal\/solicitan-a-industria-y-comercio-instalacion-de-zona-franca-en-villa-hermosa\/#primaryimage"},"thumbnailUrl":"https:\/\/potenciaradiofonicadominicana.com\/portal\/wp-content\/uploads\/2022\/02\/itto-bisono.jpg","datePublished":"2022-02-12T14:22:18+00:00","breadcrumb":{"@id":"https:\/\/potenciaradiofonicadominicana.com\/portal\/solicitan-a-industria-y-comercio-instalacion-de-zona-franca-en-villa-hermosa\/#breadcrumb"},"inLanguage":"es","potentialAction":[{"@type":"ReadAction","target":["https:\/\/potenciaradiofonicadominicana.com\/portal\/solicitan-a-industria-y-comercio-instalacion-de-zona-franca-en-villa-hermosa\/"]}]},{"@type":"ImageObject","inLanguage":"es","@id":"https:\/\/potenciaradiofonicadominicana.com\/portal\/solicitan-a-industria-y-comercio-instalacion-de-zona-franca-en-villa-hermosa\/#primaryimage","url":"https:\/\/potenciaradiofonicadominicana.com\/portal\/wp-content\/uploads\/2022\/02\/itto-bisono.jpg","contentUrl":"https:\/\/potenciaradiofonicadominicana.com\/portal\/wp-content\/uploads\/2022\/02\/itto-bisono.jpg","width":1280,"height":853},{"@type":"BreadcrumbList","@id":"https:\/\/potenciaradiofonicadominicana.com\/portal\/solicitan-a-industria-y-comercio-instalacion-de-zona-franca-en-villa-hermosa\/#breadcrumb","itemListElement":[{"@type":"ListItem","position":1,"name":"Portada","item":"https:\/\/potenciaradiofonicadominicana.com\/portal\/"},{"@type":"ListItem","position":2,"name":"Solicitan a Industria y Comercio instalaci\u00f3n de Zona Franca en Villa Hermosa"}]},{"@type":"WebSite","@id":"https:\/\/potenciaradiofonicadominicana.com\/portal\/#website","url":"https:\/\/potenciaradiofonicadominicana.com\/portal\/","name":"PotenciaRadiofonicaDominicana.com","description":"Peri\u00f3dico Digital","publisher":{"@id":"https:\/\/potenciaradiofonicadominicana.com\/portal\/#organization"},"potentialAction":[{"@type":"SearchAction","target":{"@type":"EntryPoint","urlTemplate":"https:\/\/potenciaradiofonicadominicana.com\/portal\/?s={search_term_string}"},"query-input":{"@type":"PropertyValueSpecification","valueRequired":true,"valueName":"search_term_string"}}],"inLanguage":"es"},{"@type":"Organization","@id":"https:\/\/potenciaradiofonicadominicana.com\/portal\/#organization","name":"PotenciaRadiofonicaDominicana.com","url":"https:\/\/potenciaradiofonicadominicana.com\/portal\/","logo":{"@type":"ImageObject","inLanguage":"es","@id":"https:\/\/potenciaradiofonicadominicana.com\/portal\/#\/schema\/logo\/image\/","url":"https:\/\/potenciaradiofonicadominicana.com\/portal\/wp-content\/uploads\/2022\/01\/descarga.png","contentUrl":"https:\/\/potenciaradiofonicadominicana.com\/portal\/wp-content\/uploads\/2022\/01\/descarga.png","width":300,"height":100,"caption":"PotenciaRadiofonicaDominicana.com"},"image":{"@id":"https:\/\/potenciaradiofonicadominicana.com\/portal\/#\/schema\/logo\/image\/"},"sameAs":["https:\/\/web.facebook.com\/PotenciaRadiofonicaD"]},{"@type":"Person","@id":"https:\/\/potenciaradiofonicadominicana.com\/portal\/#\/schema\/person\/a5cf1fea13877803ee0573ac18b03490","name":"Potencia Radiof\u00f3nica Dominicana","image":{"@type":"ImageObject","inLanguage":"es","@id":"https:\/\/potenciaradiofonicadominicana.com\/portal\/#\/schema\/person\/image\/","url":"https:\/\/secure.gravatar.com\/avatar\/42a55ab9e8ccc656ba34cd791990602a?s=96&d=mm&r=g","contentUrl":"https:\/\/secure.gravatar.com\/avatar\/42a55ab9e8ccc656ba34cd791990602a?s=96&d=mm&r=g","caption":"Potencia Radiof\u00f3nica Dominicana"},"url":"https:\/\/potenciaradiofonicadominicana.com\/portal\/author\/johannyalmanzar\/"}]}},"_links":{"self":[{"href":"https:\/\/potenciaradiofonicadominicana.com\/portal\/wp-json\/wp\/v2\/posts\/116236","targetHints":{"allow":["GET"]}}],"collection":[{"href":"https:\/\/potenciaradiofonicadominicana.com\/portal\/wp-json\/wp\/v2\/posts"}],"about":[{"href":"https:\/\/potenciaradiofonicadominicana.com\/portal\/wp-json\/wp\/v2\/types\/post"}],"author":[{"embeddable":true,"href":"https:\/\/potenciaradiofonicadominicana.com\/portal\/wp-json\/wp\/v2\/users\/2"}],"replies":[{"embeddable":true,"href":"https:\/\/potenciaradiofonicadominicana.com\/portal\/wp-json\/wp\/v2\/comments?post=116236"}],"version-history":[{"count":1,"href":"https:\/\/potenciaradiofonicadominicana.com\/portal\/wp-json\/wp\/v2\/posts\/116236\/revisions"}],"predecessor-version":[{"id":116238,"href":"https:\/\/potenciaradiofonicadominicana.com\/portal\/wp-json\/wp\/v2\/posts\/116236\/revisions\/116238"}],"wp:featuredmedia":[{"embeddable":true,"href":"https:\/\/potenciaradiofonicadominicana.com\/portal\/wp-json\/wp\/v2\/media\/116237"}],"wp:attachment":[{"href":"https:\/\/potenciaradiofonicadominicana.com\/portal\/wp-json\/wp\/v2\/media?parent=116236"}],"wp:term":[{"taxonomy":"category","embeddable":true,"href":"https:\/\/potenciaradiofonicadominicana.com\/portal\/wp-json\/wp\/v2\/categories?post=116236"},{"taxonomy":"post_tag","embeddable":true,"href":"https:\/\/potenciaradiofonicadominicana.com\/portal\/wp-json\/wp\/v2\/tags?post=116236"}],"curies":[{"name":"wp","href":"https:\/\/api.w.org\/{rel}","templated":true}]}}