{"id":115999,"date":"2022-02-11T08:47:27","date_gmt":"2022-02-11T12:47:27","guid":{"rendered":"https:\/\/potenciaradiofonicadominicana.com\/portal\/?p=115999"},"modified":"2022-02-11T08:47:27","modified_gmt":"2022-02-11T12:47:27","slug":"sector-arrocero-elaborara-propuesta-para-presentarsela-al-presidente-abinader","status":"publish","type":"post","link":"https:\/\/potenciaradiofonicadominicana.com\/portal\/sector-arrocero-elaborara-propuesta-para-presentarsela-al-presidente-abinader\/","title":{"rendered":"Sector arrocero elaborar\u00e1 propuesta para present\u00e1rsela al presidente Abinader"},"content":{"rendered":"<p><a href=\"https:\/\/potenciaradiofonicadominicana.com\/portal\/wp-content\/uploads\/2022\/02\/arroz-shutterstock-e0196737-focus-0-0-895-573.jpg\"><img loading=\"lazy\" decoding=\"async\" class=\"alignnone size-full wp-image-116000\" src=\"https:\/\/potenciaradiofonicadominicana.com\/portal\/wp-content\/uploads\/2022\/02\/arroz-shutterstock-e0196737-focus-0-0-895-573.jpg\" alt=\"\" width=\"546\" height=\"350\" srcset=\"https:\/\/potenciaradiofonicadominicana.com\/portal\/wp-content\/uploads\/2022\/02\/arroz-shutterstock-e0196737-focus-0-0-895-573.jpg 546w, https:\/\/potenciaradiofonicadominicana.com\/portal\/wp-content\/uploads\/2022\/02\/arroz-shutterstock-e0196737-focus-0-0-895-573-300x192.jpg 300w\" sizes=\"auto, (max-width: 546px) 100vw, 546px\" \/><\/a><\/p>\n<p>El\u00a0sector arrocero\u00a0y las autoridades del\u00a0Ministerio de Agricultura\u00a0se reunieron ayer con el objetivo de buscarle una salida al impacto que est\u00e1n causando las alzas de los precios de los insumos que son utilizados para la producci\u00f3n del\u00a0cereal\u00a0en la\u00a0Rep\u00fablica Dominicana.<\/p>\n<p>\u201cAcordamos crear una propuesta para llev\u00e1rsela al presidente de la Rep\u00fablica en procura de que los productores de\u00a0arroz\u00a0tengamos una salida satisfactoria a los precios, sin que se afecte a los consumidores\u201d, indic\u00f3\u00a0Marcelo Reyes, presidente de la Federaci\u00f3n Nacional de Arroceros (Fenarroz).<\/p>\n<p>Dijo que es una situaci\u00f3n compleja porque los costos se han incrementado en m\u00e1s de un 30 % al sector productor.<\/p>\n<p>\u00abLa mesa del di\u00e1logo se est\u00e1 abriendo, es una situaci\u00f3n delicada, donde el Estado tendr\u00e1 que jugar un papel preponderante para una salida a dicha situaci\u00f3n\u00bb, expres\u00f3 Reyes.<\/p>\n<p>El sector est\u00e1 siendo afectado por los incrementos de precios de los fertilizantes, mano de obra, combustibles y maquinaria, entre otros.<\/p>\n<div class=\"mb-5 component cita\"><em>\u00ab<\/em>Hay una serie de insumos que han incrementado de una manera importante en los \u00faltimos meses que hace que el costo de producci\u00f3n se haya incrementado en un 30 %\u00bb<span class=\"author\">Fausto Armando Pimentel<strong>.\u00a0<\/strong><\/span><span class=\"status\">Presidente de la Asociaci\u00f3n Dominicana de Factor\u00edas de Arroz (Adofa).<\/span><span class=\"cita-icon\">\u201c<\/span><\/div>\n<p>Agreg\u00f3 que tanto productores, gobierno como molineros se han mantenido pr\u00e1cticamente en sesi\u00f3n permanente busc\u00e1ndole una salida al tema.<\/p>\n<p>\u201cEl gobierno destin\u00f3 hace unos meses una suma importante para subsidiar los fertilizantes, pero nosotros entendemos, tanto los productores como la parte industrial, que no es suficiente para que el productor alcance un m\u00ednimo de rentabilidad\u201d, apunt\u00f3.<\/p>\n<p>De su lado, Manuel Suazo, presidente de la Asociaci\u00f3n de Fabricantes, Representantes e Importadores de Productos para la Protecci\u00f3n de Cultivos (Afipa), dijo que el subsidio vino a ayudar y a paliar la crisis de los fertilizantes en el pa\u00eds.<\/p>\n<div class=\"mb-5 component cita\">\u00abEl subsidio ten\u00eda una duraci\u00f3n; el subsidio ahora mismo ya se consumi\u00f3, y los fertilizantes siguen igualmente caros a nivel internacional\u00bb<span class=\"author\">Manuel Suazo<\/span><span class=\"status\">Presidente de Afipa<\/span><span class=\"cita-icon\">\u201c<\/span><\/div>\n<p>Dijo que entiende que el Gobierno debe tomar alguna otra alternativa o buscar la del subsidio nuevamente para poder enfrentar el tema de los precios.<\/p>\n<p>\u201cHay muchos ejemplos de que fue positivo. Un caso es el de San Juan, donde todos los agroservicios bajaron los precios de los fertilizantes. Los fertilizantes andaban con precios de 2,500 pesos y bajaron a 1,500 pesos por quintal. Lo que pasa es que ahora ya no hay nada del monto que dispuso el gobierno (RD$1,600 millones)\u201d, indic\u00f3.<\/p>\n<p>Apunt\u00f3 que: \u201cSi el productor est\u00e1 hablando de eso nuevamente, es porque ya se terminaron los fertilizantes subsidiados y los precios volvieron a donde estaban anteriormente\u201d.<\/p>\n<p>Agreg\u00f3 que los subsidios impactaron a muchos productores, especialmente al\u00a0sector arrocero.<\/p>\n<p>\u201cTodo ha subido: el costo de los combustibles, el costo de mano de obra y el costo de los agroqu\u00edmicos est\u00e1 impactando definitivamente al productor; no solamente son los fertilizantes. En general, todos los productores est\u00e1n a nivel mundial con problemas de producci\u00f3n porque est\u00e1n con problemas de costos muy alto\u201d, resalt\u00f3.<\/p>\n","protected":false},"excerpt":{"rendered":"<p>El\u00a0sector arrocero\u00a0y las autoridades del\u00a0Ministerio de Agricultura\u00a0se reunieron ayer con el objetivo de buscarle una salida al impacto que est\u00e1n &#8230;<\/p>\n","protected":false},"author":2,"featured_media":116000,"comment_status":"closed","ping_status":"closed","sticky":false,"template":"","format":"standard","meta":{"footnotes":""},"categories":[26],"tags":[],"class_list":["post-115999","post","type-post","status-publish","format-standard","has-post-thumbnail","hentry","category-economia"],"yoast_head":"<!-- This site is optimized with the Yoast SEO plugin v24.8.1 - https:\/\/yoast.com\/wordpress\/plugins\/seo\/ -->\n<title>Sector arrocero elaborar\u00e1 propuesta para present\u00e1rsela al presidente Abinader - PotenciaRadiofonicaDominicana.com<\/title>\n<meta name=\"robots\" content=\"index, follow, max-snippet:-1, max-image-preview:large, max-video-preview:-1\" \/>\n<link rel=\"canonical\" href=\"https:\/\/potenciaradiofonicadominicana.com\/portal\/sector-arrocero-elaborara-propuesta-para-presentarsela-al-presidente-abinader\/\" \/>\n<meta property=\"og:locale\" content=\"es_ES\" \/>\n<meta property=\"og:type\" content=\"article\" \/>\n<meta property=\"og:title\" content=\"Sector arrocero elaborar\u00e1 propuesta para present\u00e1rsela al presidente Abinader - PotenciaRadiofonicaDominicana.com\" \/>\n<meta property=\"og:description\" content=\"El\u00a0sector arrocero\u00a0y las autoridades del\u00a0Ministerio de Agricultura\u00a0se reunieron ayer con el objetivo de buscarle una salida al impacto que est\u00e1n ...\" \/>\n<meta property=\"og:url\" content=\"https:\/\/potenciaradiofonicadominicana.com\/portal\/sector-arrocero-elaborara-propuesta-para-presentarsela-al-presidente-abinader\/\" \/>\n<meta property=\"og:site_name\" content=\"PotenciaRadiofonicaDominicana.com\" \/>\n<meta property=\"article:publisher\" content=\"https:\/\/web.facebook.com\/PotenciaRadiofonicaD\" \/>\n<meta property=\"article:published_time\" content=\"2022-02-11T12:47:27+00:00\" \/>\n<meta property=\"og:image\" content=\"https:\/\/potenciaradiofonicadominicana.com\/portal\/wp-content\/uploads\/2022\/02\/arroz-shutterstock-e0196737-focus-0-0-895-573.jpg\" \/>\n\t<meta property=\"og:image:width\" content=\"546\" \/>\n\t<meta property=\"og:image:height\" content=\"350\" \/>\n\t<meta property=\"og:image:type\" content=\"image\/jpeg\" \/>\n<meta name=\"author\" content=\"Potencia Radiof\u00f3nica Dominicana\" \/>\n<meta name=\"twitter:card\" content=\"summary_large_image\" \/>\n<meta name=\"twitter:label1\" content=\"Escrito por\" \/>\n\t<meta name=\"twitter:data1\" content=\"Potencia Radiof\u00f3nica Dominicana\" \/>\n\t<meta name=\"twitter:label2\" content=\"Tiempo de lectura\" \/>\n\t<meta name=\"twitter:data2\" content=\"3 minutos\" \/>\n<script type=\"application\/ld+json\" class=\"yoast-schema-graph\">{\"@context\":\"https:\/\/schema.org\",\"@graph\":[{\"@type\":\"Article\",\"@id\":\"https:\/\/potenciaradiofonicadominicana.com\/portal\/sector-arrocero-elaborara-propuesta-para-presentarsela-al-presidente-abinader\/#article\",\"isPartOf\":{\"@id\":\"https:\/\/potenciaradiofonicadominicana.com\/portal\/sector-arrocero-elaborara-propuesta-para-presentarsela-al-presidente-abinader\/\"},\"author\":{\"name\":\"Potencia Radiof\u00f3nica Dominicana\",\"@id\":\"https:\/\/potenciaradiofonicadominicana.com\/portal\/#\/schema\/person\/a5cf1fea13877803ee0573ac18b03490\"},\"headline\":\"Sector arrocero elaborar\u00e1 propuesta para present\u00e1rsela al presidente Abinader\",\"datePublished\":\"2022-02-11T12:47:27+00:00\",\"mainEntityOfPage\":{\"@id\":\"https:\/\/potenciaradiofonicadominicana.com\/portal\/sector-arrocero-elaborara-propuesta-para-presentarsela-al-presidente-abinader\/\"},\"wordCount\":528,\"publisher\":{\"@id\":\"https:\/\/potenciaradiofonicadominicana.com\/portal\/#organization\"},\"image\":{\"@id\":\"https:\/\/potenciaradiofonicadominicana.com\/portal\/sector-arrocero-elaborara-propuesta-para-presentarsela-al-presidente-abinader\/#primaryimage\"},\"thumbnailUrl\":\"https:\/\/potenciaradiofonicadominicana.com\/portal\/wp-content\/uploads\/2022\/02\/arroz-shutterstock-e0196737-focus-0-0-895-573.jpg\",\"articleSection\":[\"Econom\u00eda\"],\"inLanguage\":\"es\"},{\"@type\":\"WebPage\",\"@id\":\"https:\/\/potenciaradiofonicadominicana.com\/portal\/sector-arrocero-elaborara-propuesta-para-presentarsela-al-presidente-abinader\/\",\"url\":\"https:\/\/potenciaradiofonicadominicana.com\/portal\/sector-arrocero-elaborara-propuesta-para-presentarsela-al-presidente-abinader\/\",\"name\":\"Sector arrocero elaborar\u00e1 propuesta para present\u00e1rsela al presidente Abinader - PotenciaRadiofonicaDominicana.com\",\"isPartOf\":{\"@id\":\"https:\/\/potenciaradiofonicadominicana.com\/portal\/#website\"},\"primaryImageOfPage\":{\"@id\":\"https:\/\/potenciaradiofonicadominicana.com\/portal\/sector-arrocero-elaborara-propuesta-para-presentarsela-al-presidente-abinader\/#primaryimage\"},\"image\":{\"@id\":\"https:\/\/potenciaradiofonicadominicana.com\/portal\/sector-arrocero-elaborara-propuesta-para-presentarsela-al-presidente-abinader\/#primaryimage\"},\"thumbnailUrl\":\"https:\/\/potenciaradiofonicadominicana.com\/portal\/wp-content\/uploads\/2022\/02\/arroz-shutterstock-e0196737-focus-0-0-895-573.jpg\",\"datePublished\":\"2022-02-11T12:47:27+00:00\",\"breadcrumb\":{\"@id\":\"https:\/\/potenciaradiofonicadominicana.com\/portal\/sector-arrocero-elaborara-propuesta-para-presentarsela-al-presidente-abinader\/#breadcrumb\"},\"inLanguage\":\"es\",\"potentialAction\":[{\"@type\":\"ReadAction\",\"target\":[\"https:\/\/potenciaradiofonicadominicana.com\/portal\/sector-arrocero-elaborara-propuesta-para-presentarsela-al-presidente-abinader\/\"]}]},{\"@type\":\"ImageObject\",\"inLanguage\":\"es\",\"@id\":\"https:\/\/potenciaradiofonicadominicana.com\/portal\/sector-arrocero-elaborara-propuesta-para-presentarsela-al-presidente-abinader\/#primaryimage\",\"url\":\"https:\/\/potenciaradiofonicadominicana.com\/portal\/wp-content\/uploads\/2022\/02\/arroz-shutterstock-e0196737-focus-0-0-895-573.jpg\",\"contentUrl\":\"https:\/\/potenciaradiofonicadominicana.com\/portal\/wp-content\/uploads\/2022\/02\/arroz-shutterstock-e0196737-focus-0-0-895-573.jpg\",\"width\":546,\"height\":350},{\"@type\":\"BreadcrumbList\",\"@id\":\"https:\/\/potenciaradiofonicadominicana.com\/portal\/sector-arrocero-elaborara-propuesta-para-presentarsela-al-presidente-abinader\/#breadcrumb\",\"itemListElement\":[{\"@type\":\"ListItem\",\"position\":1,\"name\":\"Portada\",\"item\":\"https:\/\/potenciaradiofonicadominicana.com\/portal\/\"},{\"@type\":\"ListItem\",\"position\":2,\"name\":\"Sector arrocero elaborar\u00e1 propuesta para present\u00e1rsela al presidente Abinader\"}]},{\"@type\":\"WebSite\",\"@id\":\"https:\/\/potenciaradiofonicadominicana.com\/portal\/#website\",\"url\":\"https:\/\/potenciaradiofonicadominicana.com\/portal\/\",\"name\":\"PotenciaRadiofonicaDominicana.com\",\"description\":\"Peri\u00f3dico Digital\",\"publisher\":{\"@id\":\"https:\/\/potenciaradiofonicadominicana.com\/portal\/#organization\"},\"potentialAction\":[{\"@type\":\"SearchAction\",\"target\":{\"@type\":\"EntryPoint\",\"urlTemplate\":\"https:\/\/potenciaradiofonicadominicana.com\/portal\/?s={search_term_string}\"},\"query-input\":{\"@type\":\"PropertyValueSpecification\",\"valueRequired\":true,\"valueName\":\"search_term_string\"}}],\"inLanguage\":\"es\"},{\"@type\":\"Organization\",\"@id\":\"https:\/\/potenciaradiofonicadominicana.com\/portal\/#organization\",\"name\":\"PotenciaRadiofonicaDominicana.com\",\"url\":\"https:\/\/potenciaradiofonicadominicana.com\/portal\/\",\"logo\":{\"@type\":\"ImageObject\",\"inLanguage\":\"es\",\"@id\":\"https:\/\/potenciaradiofonicadominicana.com\/portal\/#\/schema\/logo\/image\/\",\"url\":\"https:\/\/potenciaradiofonicadominicana.com\/portal\/wp-content\/uploads\/2022\/01\/descarga.png\",\"contentUrl\":\"https:\/\/potenciaradiofonicadominicana.com\/portal\/wp-content\/uploads\/2022\/01\/descarga.png\",\"width\":300,\"height\":100,\"caption\":\"PotenciaRadiofonicaDominicana.com\"},\"image\":{\"@id\":\"https:\/\/potenciaradiofonicadominicana.com\/portal\/#\/schema\/logo\/image\/\"},\"sameAs\":[\"https:\/\/web.facebook.com\/PotenciaRadiofonicaD\"]},{\"@type\":\"Person\",\"@id\":\"https:\/\/potenciaradiofonicadominicana.com\/portal\/#\/schema\/person\/a5cf1fea13877803ee0573ac18b03490\",\"name\":\"Potencia Radiof\u00f3nica Dominicana\",\"image\":{\"@type\":\"ImageObject\",\"inLanguage\":\"es\",\"@id\":\"https:\/\/potenciaradiofonicadominicana.com\/portal\/#\/schema\/person\/image\/\",\"url\":\"https:\/\/secure.gravatar.com\/avatar\/42a55ab9e8ccc656ba34cd791990602a?s=96&d=mm&r=g\",\"contentUrl\":\"https:\/\/secure.gravatar.com\/avatar\/42a55ab9e8ccc656ba34cd791990602a?s=96&d=mm&r=g\",\"caption\":\"Potencia Radiof\u00f3nica Dominicana\"},\"url\":\"https:\/\/potenciaradiofonicadominicana.com\/portal\/author\/johannyalmanzar\/\"}]}<\/script>\n<!-- \/ Yoast SEO plugin. -->","yoast_head_json":{"title":"Sector arrocero elaborar\u00e1 propuesta para present\u00e1rsela al presidente Abinader - PotenciaRadiofonicaDominicana.com","robots":{"index":"index","follow":"follow","max-snippet":"max-snippet:-1","max-image-preview":"max-image-preview:large","max-video-preview":"max-video-preview:-1"},"canonical":"https:\/\/potenciaradiofonicadominicana.com\/portal\/sector-arrocero-elaborara-propuesta-para-presentarsela-al-presidente-abinader\/","og_locale":"es_ES","og_type":"article","og_title":"Sector arrocero elaborar\u00e1 propuesta para present\u00e1rsela al presidente Abinader - PotenciaRadiofonicaDominicana.com","og_description":"El\u00a0sector arrocero\u00a0y las autoridades del\u00a0Ministerio de Agricultura\u00a0se reunieron ayer con el objetivo de buscarle una salida al impacto que est\u00e1n ...","og_url":"https:\/\/potenciaradiofonicadominicana.com\/portal\/sector-arrocero-elaborara-propuesta-para-presentarsela-al-presidente-abinader\/","og_site_name":"PotenciaRadiofonicaDominicana.com","article_publisher":"https:\/\/web.facebook.com\/PotenciaRadiofonicaD","article_published_time":"2022-02-11T12:47:27+00:00","og_image":[{"width":546,"height":350,"url":"https:\/\/potenciaradiofonicadominicana.com\/portal\/wp-content\/uploads\/2022\/02\/arroz-shutterstock-e0196737-focus-0-0-895-573.jpg","type":"image\/jpeg"}],"author":"Potencia Radiof\u00f3nica Dominicana","twitter_card":"summary_large_image","twitter_misc":{"Escrito por":"Potencia Radiof\u00f3nica Dominicana","Tiempo de lectura":"3 minutos"},"schema":{"@context":"https:\/\/schema.org","@graph":[{"@type":"Article","@id":"https:\/\/potenciaradiofonicadominicana.com\/portal\/sector-arrocero-elaborara-propuesta-para-presentarsela-al-presidente-abinader\/#article","isPartOf":{"@id":"https:\/\/potenciaradiofonicadominicana.com\/portal\/sector-arrocero-elaborara-propuesta-para-presentarsela-al-presidente-abinader\/"},"author":{"name":"Potencia Radiof\u00f3nica Dominicana","@id":"https:\/\/potenciaradiofonicadominicana.com\/portal\/#\/schema\/person\/a5cf1fea13877803ee0573ac18b03490"},"headline":"Sector arrocero elaborar\u00e1 propuesta para present\u00e1rsela al presidente Abinader","datePublished":"2022-02-11T12:47:27+00:00","mainEntityOfPage":{"@id":"https:\/\/potenciaradiofonicadominicana.com\/portal\/sector-arrocero-elaborara-propuesta-para-presentarsela-al-presidente-abinader\/"},"wordCount":528,"publisher":{"@id":"https:\/\/potenciaradiofonicadominicana.com\/portal\/#organization"},"image":{"@id":"https:\/\/potenciaradiofonicadominicana.com\/portal\/sector-arrocero-elaborara-propuesta-para-presentarsela-al-presidente-abinader\/#primaryimage"},"thumbnailUrl":"https:\/\/potenciaradiofonicadominicana.com\/portal\/wp-content\/uploads\/2022\/02\/arroz-shutterstock-e0196737-focus-0-0-895-573.jpg","articleSection":["Econom\u00eda"],"inLanguage":"es"},{"@type":"WebPage","@id":"https:\/\/potenciaradiofonicadominicana.com\/portal\/sector-arrocero-elaborara-propuesta-para-presentarsela-al-presidente-abinader\/","url":"https:\/\/potenciaradiofonicadominicana.com\/portal\/sector-arrocero-elaborara-propuesta-para-presentarsela-al-presidente-abinader\/","name":"Sector arrocero elaborar\u00e1 propuesta para present\u00e1rsela al presidente Abinader - PotenciaRadiofonicaDominicana.com","isPartOf":{"@id":"https:\/\/potenciaradiofonicadominicana.com\/portal\/#website"},"primaryImageOfPage":{"@id":"https:\/\/potenciaradiofonicadominicana.com\/portal\/sector-arrocero-elaborara-propuesta-para-presentarsela-al-presidente-abinader\/#primaryimage"},"image":{"@id":"https:\/\/potenciaradiofonicadominicana.com\/portal\/sector-arrocero-elaborara-propuesta-para-presentarsela-al-presidente-abinader\/#primaryimage"},"thumbnailUrl":"https:\/\/potenciaradiofonicadominicana.com\/portal\/wp-content\/uploads\/2022\/02\/arroz-shutterstock-e0196737-focus-0-0-895-573.jpg","datePublished":"2022-02-11T12:47:27+00:00","breadcrumb":{"@id":"https:\/\/potenciaradiofonicadominicana.com\/portal\/sector-arrocero-elaborara-propuesta-para-presentarsela-al-presidente-abinader\/#breadcrumb"},"inLanguage":"es","potentialAction":[{"@type":"ReadAction","target":["https:\/\/potenciaradiofonicadominicana.com\/portal\/sector-arrocero-elaborara-propuesta-para-presentarsela-al-presidente-abinader\/"]}]},{"@type":"ImageObject","inLanguage":"es","@id":"https:\/\/potenciaradiofonicadominicana.com\/portal\/sector-arrocero-elaborara-propuesta-para-presentarsela-al-presidente-abinader\/#primaryimage","url":"https:\/\/potenciaradiofonicadominicana.com\/portal\/wp-content\/uploads\/2022\/02\/arroz-shutterstock-e0196737-focus-0-0-895-573.jpg","contentUrl":"https:\/\/potenciaradiofonicadominicana.com\/portal\/wp-content\/uploads\/2022\/02\/arroz-shutterstock-e0196737-focus-0-0-895-573.jpg","width":546,"height":350},{"@type":"BreadcrumbList","@id":"https:\/\/potenciaradiofonicadominicana.com\/portal\/sector-arrocero-elaborara-propuesta-para-presentarsela-al-presidente-abinader\/#breadcrumb","itemListElement":[{"@type":"ListItem","position":1,"name":"Portada","item":"https:\/\/potenciaradiofonicadominicana.com\/portal\/"},{"@type":"ListItem","position":2,"name":"Sector arrocero elaborar\u00e1 propuesta para present\u00e1rsela al presidente Abinader"}]},{"@type":"WebSite","@id":"https:\/\/potenciaradiofonicadominicana.com\/portal\/#website","url":"https:\/\/potenciaradiofonicadominicana.com\/portal\/","name":"PotenciaRadiofonicaDominicana.com","description":"Peri\u00f3dico Digital","publisher":{"@id":"https:\/\/potenciaradiofonicadominicana.com\/portal\/#organization"},"potentialAction":[{"@type":"SearchAction","target":{"@type":"EntryPoint","urlTemplate":"https:\/\/potenciaradiofonicadominicana.com\/portal\/?s={search_term_string}"},"query-input":{"@type":"PropertyValueSpecification","valueRequired":true,"valueName":"search_term_string"}}],"inLanguage":"es"},{"@type":"Organization","@id":"https:\/\/potenciaradiofonicadominicana.com\/portal\/#organization","name":"PotenciaRadiofonicaDominicana.com","url":"https:\/\/potenciaradiofonicadominicana.com\/portal\/","logo":{"@type":"ImageObject","inLanguage":"es","@id":"https:\/\/potenciaradiofonicadominicana.com\/portal\/#\/schema\/logo\/image\/","url":"https:\/\/potenciaradiofonicadominicana.com\/portal\/wp-content\/uploads\/2022\/01\/descarga.png","contentUrl":"https:\/\/potenciaradiofonicadominicana.com\/portal\/wp-content\/uploads\/2022\/01\/descarga.png","width":300,"height":100,"caption":"PotenciaRadiofonicaDominicana.com"},"image":{"@id":"https:\/\/potenciaradiofonicadominicana.com\/portal\/#\/schema\/logo\/image\/"},"sameAs":["https:\/\/web.facebook.com\/PotenciaRadiofonicaD"]},{"@type":"Person","@id":"https:\/\/potenciaradiofonicadominicana.com\/portal\/#\/schema\/person\/a5cf1fea13877803ee0573ac18b03490","name":"Potencia Radiof\u00f3nica Dominicana","image":{"@type":"ImageObject","inLanguage":"es","@id":"https:\/\/potenciaradiofonicadominicana.com\/portal\/#\/schema\/person\/image\/","url":"https:\/\/secure.gravatar.com\/avatar\/42a55ab9e8ccc656ba34cd791990602a?s=96&d=mm&r=g","contentUrl":"https:\/\/secure.gravatar.com\/avatar\/42a55ab9e8ccc656ba34cd791990602a?s=96&d=mm&r=g","caption":"Potencia Radiof\u00f3nica Dominicana"},"url":"https:\/\/potenciaradiofonicadominicana.com\/portal\/author\/johannyalmanzar\/"}]}},"_links":{"self":[{"href":"https:\/\/potenciaradiofonicadominicana.com\/portal\/wp-json\/wp\/v2\/posts\/115999","targetHints":{"allow":["GET"]}}],"collection":[{"href":"https:\/\/potenciaradiofonicadominicana.com\/portal\/wp-json\/wp\/v2\/posts"}],"about":[{"href":"https:\/\/potenciaradiofonicadominicana.com\/portal\/wp-json\/wp\/v2\/types\/post"}],"author":[{"embeddable":true,"href":"https:\/\/potenciaradiofonicadominicana.com\/portal\/wp-json\/wp\/v2\/users\/2"}],"replies":[{"embeddable":true,"href":"https:\/\/potenciaradiofonicadominicana.com\/portal\/wp-json\/wp\/v2\/comments?post=115999"}],"version-history":[{"count":1,"href":"https:\/\/potenciaradiofonicadominicana.com\/portal\/wp-json\/wp\/v2\/posts\/115999\/revisions"}],"predecessor-version":[{"id":116005,"href":"https:\/\/potenciaradiofonicadominicana.com\/portal\/wp-json\/wp\/v2\/posts\/115999\/revisions\/116005"}],"wp:featuredmedia":[{"embeddable":true,"href":"https:\/\/potenciaradiofonicadominicana.com\/portal\/wp-json\/wp\/v2\/media\/116000"}],"wp:attachment":[{"href":"https:\/\/potenciaradiofonicadominicana.com\/portal\/wp-json\/wp\/v2\/media?parent=115999"}],"wp:term":[{"taxonomy":"category","embeddable":true,"href":"https:\/\/potenciaradiofonicadominicana.com\/portal\/wp-json\/wp\/v2\/categories?post=115999"},{"taxonomy":"post_tag","embeddable":true,"href":"https:\/\/potenciaradiofonicadominicana.com\/portal\/wp-json\/wp\/v2\/tags?post=115999"}],"curies":[{"name":"wp","href":"https:\/\/api.w.org\/{rel}","templated":true}]}}