{"id":115944,"date":"2022-02-11T08:19:35","date_gmt":"2022-02-11T12:19:35","guid":{"rendered":"https:\/\/potenciaradiofonicadominicana.com\/portal\/?p=115944"},"modified":"2022-02-11T08:19:35","modified_gmt":"2022-02-11T12:19:35","slug":"el-90-de-ingresos-por-inspeccion-tecnica-vehicular-iria-a-agente-privado-segun-propuesta","status":"publish","type":"post","link":"https:\/\/potenciaradiofonicadominicana.com\/portal\/el-90-de-ingresos-por-inspeccion-tecnica-vehicular-iria-a-agente-privado-segun-propuesta\/","title":{"rendered":"El 90 % de ingresos por inspecci\u00f3n t\u00e9cnica vehicular ir\u00eda a agente privado, seg\u00fan propuesta"},"content":{"rendered":"<p><a href=\"https:\/\/potenciaradiofonicadominicana.com\/portal\/wp-content\/uploads\/2022\/02\/tapones-de-vehiculos-en-300250-9ed843ed-focus-0-0-895-573.jpg\"><img loading=\"lazy\" decoding=\"async\" class=\"alignnone size-full wp-image-115945\" src=\"https:\/\/potenciaradiofonicadominicana.com\/portal\/wp-content\/uploads\/2022\/02\/tapones-de-vehiculos-en-300250-9ed843ed-focus-0-0-895-573.jpg\" alt=\"\" width=\"895\" height=\"573\" srcset=\"https:\/\/potenciaradiofonicadominicana.com\/portal\/wp-content\/uploads\/2022\/02\/tapones-de-vehiculos-en-300250-9ed843ed-focus-0-0-895-573.jpg 895w, https:\/\/potenciaradiofonicadominicana.com\/portal\/wp-content\/uploads\/2022\/02\/tapones-de-vehiculos-en-300250-9ed843ed-focus-0-0-895-573-300x192.jpg 300w, https:\/\/potenciaradiofonicadominicana.com\/portal\/wp-content\/uploads\/2022\/02\/tapones-de-vehiculos-en-300250-9ed843ed-focus-0-0-895-573-768x492.jpg 768w\" sizes=\"auto, (max-width: 895px) 100vw, 895px\" \/><\/a><\/p>\n<p>El proyecto aprobado por el Consejo Nacional de Alianzas P\u00fablico Privadas de una iniciativa privada para la implementaci\u00f3n del Programa Nacional de\u00a0Inspecci\u00f3n T\u00e9cnica Vehicular\u00a0propone distribuir los ingresos que se captar\u00edan en 90 % para el agente privado y el restante 10 % de canon para el Estado.<\/p>\n<p>Para el inicio de las operaciones, propuesto para 2024, se establece el valor unitario de la tarifa para la primera inspecci\u00f3n vehicular en RD$1,633.81 (equivalentes a US$25) y para la segunda\u00a0 RD$816.90 (US$12.50), de acuerdo al informe de evaluaci\u00f3n de la iniciativa, elaborado por la Direcci\u00f3n General de Alianzas P\u00fablico Privadas (DGAPP), y que incluye sugerencias de las autoridades.<\/p>\n<p>El Consejo Nacional de Alianzas P\u00fablico Privadas, mediante la Resoluci\u00f3n 01-2022, del 13 de enero del presente a\u00f1o, declar\u00f3 de inter\u00e9s p\u00fablico la iniciativa privada, para la puesta en funcionamiento de una red de centros para inspeccionar que los\u00a0veh\u00edculos\u00a0transiten en condiciones adecuadas.<\/p>\n<p>Al 2020, el parque vehicular del pa\u00eds ascend\u00eda a 4,842,367 unidades, siendo el 55.6 % motocicletas.<\/p>\n<p>El proponente privado Consorcio Inteve, representado por la sociedad Castillo Holding Company, sugiere la construcci\u00f3n de 56 Centros de Inspecci\u00f3n T\u00e9cnico Vehicular (CITV). Habr\u00eda una capacidad de 170 inspecciones al d\u00eda, con turnos regulados con cita previa.<\/p>\n<p>Adem\u00e1s, se proponen ocho Unidades M\u00f3viles de Inspecci\u00f3n para las localidades donde no se justifique un CITV. El plazo estimado para construir el proyecto son 24 meses y este tendr\u00eda un periodo contractual de 15 a\u00f1os.<\/p>\n<p>Para evitar un monopolio en el proyecto, su estructura se dividi\u00f3 en dos lotes por regiones, por lo que se contemplan dos modelos financieros. El Lote 1 lo componen el Distrito Nacional, Santo Domingo Oeste, Santiago Oeste y otras provincias del sur y noroeste. El Lote 2 lo integran Santo Domingo Norte, Santo Domingo Este, Santiago Este y otros provincias del este y noreste.<\/p>\n<p>En ambos lotes, la recuperaci\u00f3n del capital del inversionista privado se estima en seis a\u00f1os, con base en caracter\u00edsticas espec\u00edficas. En tanto que los ingresos del Estado ser\u00edan de US$3.03 millones al a\u00f1o en el Lote 1, y en el Lote 2 recibir\u00eda, en promedio, US$2.03 millones. En ambos no se generar\u00edan costos para la instituciones p\u00fablicas involucradas.<\/p>\n<p>A partir de la declaratoria de inter\u00e9s p\u00fablico, la DGAPP deber\u00e1 coordinar con el Instituto Nacional de Tr\u00e1nsito y Transporte Terrestre (Intrant) para elaborar el pliego de condiciones, el borrador del contrato tipo alianza p\u00fablico-privada y toda la documentaci\u00f3n necesaria. La proponente debe presentar estudios de factibilidad.<\/p>\n<div class=\"my-12 component web-insert relative border bg-component\"><span class=\"text-xl block my-3 component-title glosa\"><strong>La ley obliga la inspecci\u00f3n<\/strong><\/span><\/p>\n<p class=\"insert-subtitle\">Sanci\u00f3n implica multa<\/p>\n<p>La Ley 63-17 establece la obligaci\u00f3n de someter a revisi\u00f3n t\u00e9cnica anual a todos los veh\u00edculos de motor, con una antig\u00fcedad superior a tres a\u00f1os, y autoriza al Intrant para conceder la licencia de operaci\u00f3n a personas f\u00edsicas o jur\u00eddicas que tengan la capacidad de realizar las inspecciones t\u00e9cnico vehicular, de conformidad con las normas. La ley indica que ser\u00e1n multados los conductores que no hagan la inspecci\u00f3n.<\/p>\n<\/div>\n","protected":false},"excerpt":{"rendered":"<p>El proyecto aprobado por el Consejo Nacional de Alianzas P\u00fablico Privadas de una iniciativa privada para la implementaci\u00f3n del Programa &#8230;<\/p>\n","protected":false},"author":2,"featured_media":115945,"comment_status":"closed","ping_status":"closed","sticky":false,"template":"","format":"standard","meta":{"footnotes":""},"categories":[26],"tags":[],"class_list":["post-115944","post","type-post","status-publish","format-standard","has-post-thumbnail","hentry","category-economia"],"yoast_head":"<!-- This site is optimized with the Yoast SEO plugin v24.8.1 - https:\/\/yoast.com\/wordpress\/plugins\/seo\/ -->\n<title>El 90 % de ingresos por inspecci\u00f3n t\u00e9cnica vehicular ir\u00eda a agente privado, seg\u00fan propuesta - PotenciaRadiofonicaDominicana.com<\/title>\n<meta name=\"robots\" content=\"index, follow, max-snippet:-1, max-image-preview:large, max-video-preview:-1\" \/>\n<link rel=\"canonical\" href=\"https:\/\/potenciaradiofonicadominicana.com\/portal\/el-90-de-ingresos-por-inspeccion-tecnica-vehicular-iria-a-agente-privado-segun-propuesta\/\" \/>\n<meta property=\"og:locale\" content=\"es_ES\" \/>\n<meta property=\"og:type\" content=\"article\" \/>\n<meta property=\"og:title\" content=\"El 90 % de ingresos por inspecci\u00f3n t\u00e9cnica vehicular ir\u00eda a agente privado, seg\u00fan propuesta - PotenciaRadiofonicaDominicana.com\" \/>\n<meta property=\"og:description\" content=\"El proyecto aprobado por el Consejo Nacional de Alianzas P\u00fablico Privadas de una iniciativa privada para la implementaci\u00f3n del Programa ...\" \/>\n<meta property=\"og:url\" content=\"https:\/\/potenciaradiofonicadominicana.com\/portal\/el-90-de-ingresos-por-inspeccion-tecnica-vehicular-iria-a-agente-privado-segun-propuesta\/\" \/>\n<meta property=\"og:site_name\" content=\"PotenciaRadiofonicaDominicana.com\" \/>\n<meta property=\"article:publisher\" content=\"https:\/\/web.facebook.com\/PotenciaRadiofonicaD\" \/>\n<meta property=\"article:published_time\" content=\"2022-02-11T12:19:35+00:00\" \/>\n<meta property=\"og:image\" content=\"https:\/\/potenciaradiofonicadominicana.com\/portal\/wp-content\/uploads\/2022\/02\/tapones-de-vehiculos-en-300250-9ed843ed-focus-0-0-895-573.jpg\" \/>\n\t<meta property=\"og:image:width\" content=\"895\" \/>\n\t<meta property=\"og:image:height\" content=\"573\" \/>\n\t<meta property=\"og:image:type\" content=\"image\/jpeg\" \/>\n<meta name=\"author\" content=\"Potencia Radiof\u00f3nica Dominicana\" \/>\n<meta name=\"twitter:card\" content=\"summary_large_image\" \/>\n<meta name=\"twitter:label1\" content=\"Escrito por\" \/>\n\t<meta name=\"twitter:data1\" content=\"Potencia Radiof\u00f3nica Dominicana\" \/>\n\t<meta name=\"twitter:label2\" content=\"Tiempo de lectura\" \/>\n\t<meta name=\"twitter:data2\" content=\"3 minutos\" \/>\n<script type=\"application\/ld+json\" class=\"yoast-schema-graph\">{\"@context\":\"https:\/\/schema.org\",\"@graph\":[{\"@type\":\"Article\",\"@id\":\"https:\/\/potenciaradiofonicadominicana.com\/portal\/el-90-de-ingresos-por-inspeccion-tecnica-vehicular-iria-a-agente-privado-segun-propuesta\/#article\",\"isPartOf\":{\"@id\":\"https:\/\/potenciaradiofonicadominicana.com\/portal\/el-90-de-ingresos-por-inspeccion-tecnica-vehicular-iria-a-agente-privado-segun-propuesta\/\"},\"author\":{\"name\":\"Potencia Radiof\u00f3nica Dominicana\",\"@id\":\"https:\/\/potenciaradiofonicadominicana.com\/portal\/#\/schema\/person\/a5cf1fea13877803ee0573ac18b03490\"},\"headline\":\"El 90 % de ingresos por inspecci\u00f3n t\u00e9cnica vehicular ir\u00eda a agente privado, seg\u00fan propuesta\",\"datePublished\":\"2022-02-11T12:19:35+00:00\",\"mainEntityOfPage\":{\"@id\":\"https:\/\/potenciaradiofonicadominicana.com\/portal\/el-90-de-ingresos-por-inspeccion-tecnica-vehicular-iria-a-agente-privado-segun-propuesta\/\"},\"wordCount\":540,\"publisher\":{\"@id\":\"https:\/\/potenciaradiofonicadominicana.com\/portal\/#organization\"},\"image\":{\"@id\":\"https:\/\/potenciaradiofonicadominicana.com\/portal\/el-90-de-ingresos-por-inspeccion-tecnica-vehicular-iria-a-agente-privado-segun-propuesta\/#primaryimage\"},\"thumbnailUrl\":\"https:\/\/potenciaradiofonicadominicana.com\/portal\/wp-content\/uploads\/2022\/02\/tapones-de-vehiculos-en-300250-9ed843ed-focus-0-0-895-573.jpg\",\"articleSection\":[\"Econom\u00eda\"],\"inLanguage\":\"es\"},{\"@type\":\"WebPage\",\"@id\":\"https:\/\/potenciaradiofonicadominicana.com\/portal\/el-90-de-ingresos-por-inspeccion-tecnica-vehicular-iria-a-agente-privado-segun-propuesta\/\",\"url\":\"https:\/\/potenciaradiofonicadominicana.com\/portal\/el-90-de-ingresos-por-inspeccion-tecnica-vehicular-iria-a-agente-privado-segun-propuesta\/\",\"name\":\"El 90 % de ingresos por inspecci\u00f3n t\u00e9cnica vehicular ir\u00eda a agente privado, seg\u00fan propuesta - PotenciaRadiofonicaDominicana.com\",\"isPartOf\":{\"@id\":\"https:\/\/potenciaradiofonicadominicana.com\/portal\/#website\"},\"primaryImageOfPage\":{\"@id\":\"https:\/\/potenciaradiofonicadominicana.com\/portal\/el-90-de-ingresos-por-inspeccion-tecnica-vehicular-iria-a-agente-privado-segun-propuesta\/#primaryimage\"},\"image\":{\"@id\":\"https:\/\/potenciaradiofonicadominicana.com\/portal\/el-90-de-ingresos-por-inspeccion-tecnica-vehicular-iria-a-agente-privado-segun-propuesta\/#primaryimage\"},\"thumbnailUrl\":\"https:\/\/potenciaradiofonicadominicana.com\/portal\/wp-content\/uploads\/2022\/02\/tapones-de-vehiculos-en-300250-9ed843ed-focus-0-0-895-573.jpg\",\"datePublished\":\"2022-02-11T12:19:35+00:00\",\"breadcrumb\":{\"@id\":\"https:\/\/potenciaradiofonicadominicana.com\/portal\/el-90-de-ingresos-por-inspeccion-tecnica-vehicular-iria-a-agente-privado-segun-propuesta\/#breadcrumb\"},\"inLanguage\":\"es\",\"potentialAction\":[{\"@type\":\"ReadAction\",\"target\":[\"https:\/\/potenciaradiofonicadominicana.com\/portal\/el-90-de-ingresos-por-inspeccion-tecnica-vehicular-iria-a-agente-privado-segun-propuesta\/\"]}]},{\"@type\":\"ImageObject\",\"inLanguage\":\"es\",\"@id\":\"https:\/\/potenciaradiofonicadominicana.com\/portal\/el-90-de-ingresos-por-inspeccion-tecnica-vehicular-iria-a-agente-privado-segun-propuesta\/#primaryimage\",\"url\":\"https:\/\/potenciaradiofonicadominicana.com\/portal\/wp-content\/uploads\/2022\/02\/tapones-de-vehiculos-en-300250-9ed843ed-focus-0-0-895-573.jpg\",\"contentUrl\":\"https:\/\/potenciaradiofonicadominicana.com\/portal\/wp-content\/uploads\/2022\/02\/tapones-de-vehiculos-en-300250-9ed843ed-focus-0-0-895-573.jpg\",\"width\":895,\"height\":573},{\"@type\":\"BreadcrumbList\",\"@id\":\"https:\/\/potenciaradiofonicadominicana.com\/portal\/el-90-de-ingresos-por-inspeccion-tecnica-vehicular-iria-a-agente-privado-segun-propuesta\/#breadcrumb\",\"itemListElement\":[{\"@type\":\"ListItem\",\"position\":1,\"name\":\"Portada\",\"item\":\"https:\/\/potenciaradiofonicadominicana.com\/portal\/\"},{\"@type\":\"ListItem\",\"position\":2,\"name\":\"El 90 % de ingresos por inspecci\u00f3n t\u00e9cnica vehicular ir\u00eda a agente privado, seg\u00fan propuesta\"}]},{\"@type\":\"WebSite\",\"@id\":\"https:\/\/potenciaradiofonicadominicana.com\/portal\/#website\",\"url\":\"https:\/\/potenciaradiofonicadominicana.com\/portal\/\",\"name\":\"PotenciaRadiofonicaDominicana.com\",\"description\":\"Peri\u00f3dico Digital\",\"publisher\":{\"@id\":\"https:\/\/potenciaradiofonicadominicana.com\/portal\/#organization\"},\"potentialAction\":[{\"@type\":\"SearchAction\",\"target\":{\"@type\":\"EntryPoint\",\"urlTemplate\":\"https:\/\/potenciaradiofonicadominicana.com\/portal\/?s={search_term_string}\"},\"query-input\":{\"@type\":\"PropertyValueSpecification\",\"valueRequired\":true,\"valueName\":\"search_term_string\"}}],\"inLanguage\":\"es\"},{\"@type\":\"Organization\",\"@id\":\"https:\/\/potenciaradiofonicadominicana.com\/portal\/#organization\",\"name\":\"PotenciaRadiofonicaDominicana.com\",\"url\":\"https:\/\/potenciaradiofonicadominicana.com\/portal\/\",\"logo\":{\"@type\":\"ImageObject\",\"inLanguage\":\"es\",\"@id\":\"https:\/\/potenciaradiofonicadominicana.com\/portal\/#\/schema\/logo\/image\/\",\"url\":\"https:\/\/potenciaradiofonicadominicana.com\/portal\/wp-content\/uploads\/2022\/01\/descarga.png\",\"contentUrl\":\"https:\/\/potenciaradiofonicadominicana.com\/portal\/wp-content\/uploads\/2022\/01\/descarga.png\",\"width\":300,\"height\":100,\"caption\":\"PotenciaRadiofonicaDominicana.com\"},\"image\":{\"@id\":\"https:\/\/potenciaradiofonicadominicana.com\/portal\/#\/schema\/logo\/image\/\"},\"sameAs\":[\"https:\/\/web.facebook.com\/PotenciaRadiofonicaD\"]},{\"@type\":\"Person\",\"@id\":\"https:\/\/potenciaradiofonicadominicana.com\/portal\/#\/schema\/person\/a5cf1fea13877803ee0573ac18b03490\",\"name\":\"Potencia Radiof\u00f3nica Dominicana\",\"image\":{\"@type\":\"ImageObject\",\"inLanguage\":\"es\",\"@id\":\"https:\/\/potenciaradiofonicadominicana.com\/portal\/#\/schema\/person\/image\/\",\"url\":\"https:\/\/secure.gravatar.com\/avatar\/42a55ab9e8ccc656ba34cd791990602a?s=96&d=mm&r=g\",\"contentUrl\":\"https:\/\/secure.gravatar.com\/avatar\/42a55ab9e8ccc656ba34cd791990602a?s=96&d=mm&r=g\",\"caption\":\"Potencia Radiof\u00f3nica Dominicana\"},\"url\":\"https:\/\/potenciaradiofonicadominicana.com\/portal\/author\/johannyalmanzar\/\"}]}<\/script>\n<!-- \/ Yoast SEO plugin. -->","yoast_head_json":{"title":"El 90 % de ingresos por inspecci\u00f3n t\u00e9cnica vehicular ir\u00eda a agente privado, seg\u00fan propuesta - PotenciaRadiofonicaDominicana.com","robots":{"index":"index","follow":"follow","max-snippet":"max-snippet:-1","max-image-preview":"max-image-preview:large","max-video-preview":"max-video-preview:-1"},"canonical":"https:\/\/potenciaradiofonicadominicana.com\/portal\/el-90-de-ingresos-por-inspeccion-tecnica-vehicular-iria-a-agente-privado-segun-propuesta\/","og_locale":"es_ES","og_type":"article","og_title":"El 90 % de ingresos por inspecci\u00f3n t\u00e9cnica vehicular ir\u00eda a agente privado, seg\u00fan propuesta - PotenciaRadiofonicaDominicana.com","og_description":"El proyecto aprobado por el Consejo Nacional de Alianzas P\u00fablico Privadas de una iniciativa privada para la implementaci\u00f3n del Programa ...","og_url":"https:\/\/potenciaradiofonicadominicana.com\/portal\/el-90-de-ingresos-por-inspeccion-tecnica-vehicular-iria-a-agente-privado-segun-propuesta\/","og_site_name":"PotenciaRadiofonicaDominicana.com","article_publisher":"https:\/\/web.facebook.com\/PotenciaRadiofonicaD","article_published_time":"2022-02-11T12:19:35+00:00","og_image":[{"width":895,"height":573,"url":"https:\/\/potenciaradiofonicadominicana.com\/portal\/wp-content\/uploads\/2022\/02\/tapones-de-vehiculos-en-300250-9ed843ed-focus-0-0-895-573.jpg","type":"image\/jpeg"}],"author":"Potencia Radiof\u00f3nica Dominicana","twitter_card":"summary_large_image","twitter_misc":{"Escrito por":"Potencia Radiof\u00f3nica Dominicana","Tiempo de lectura":"3 minutos"},"schema":{"@context":"https:\/\/schema.org","@graph":[{"@type":"Article","@id":"https:\/\/potenciaradiofonicadominicana.com\/portal\/el-90-de-ingresos-por-inspeccion-tecnica-vehicular-iria-a-agente-privado-segun-propuesta\/#article","isPartOf":{"@id":"https:\/\/potenciaradiofonicadominicana.com\/portal\/el-90-de-ingresos-por-inspeccion-tecnica-vehicular-iria-a-agente-privado-segun-propuesta\/"},"author":{"name":"Potencia Radiof\u00f3nica Dominicana","@id":"https:\/\/potenciaradiofonicadominicana.com\/portal\/#\/schema\/person\/a5cf1fea13877803ee0573ac18b03490"},"headline":"El 90 % de ingresos por inspecci\u00f3n t\u00e9cnica vehicular ir\u00eda a agente privado, seg\u00fan propuesta","datePublished":"2022-02-11T12:19:35+00:00","mainEntityOfPage":{"@id":"https:\/\/potenciaradiofonicadominicana.com\/portal\/el-90-de-ingresos-por-inspeccion-tecnica-vehicular-iria-a-agente-privado-segun-propuesta\/"},"wordCount":540,"publisher":{"@id":"https:\/\/potenciaradiofonicadominicana.com\/portal\/#organization"},"image":{"@id":"https:\/\/potenciaradiofonicadominicana.com\/portal\/el-90-de-ingresos-por-inspeccion-tecnica-vehicular-iria-a-agente-privado-segun-propuesta\/#primaryimage"},"thumbnailUrl":"https:\/\/potenciaradiofonicadominicana.com\/portal\/wp-content\/uploads\/2022\/02\/tapones-de-vehiculos-en-300250-9ed843ed-focus-0-0-895-573.jpg","articleSection":["Econom\u00eda"],"inLanguage":"es"},{"@type":"WebPage","@id":"https:\/\/potenciaradiofonicadominicana.com\/portal\/el-90-de-ingresos-por-inspeccion-tecnica-vehicular-iria-a-agente-privado-segun-propuesta\/","url":"https:\/\/potenciaradiofonicadominicana.com\/portal\/el-90-de-ingresos-por-inspeccion-tecnica-vehicular-iria-a-agente-privado-segun-propuesta\/","name":"El 90 % de ingresos por inspecci\u00f3n t\u00e9cnica vehicular ir\u00eda a agente privado, seg\u00fan propuesta - PotenciaRadiofonicaDominicana.com","isPartOf":{"@id":"https:\/\/potenciaradiofonicadominicana.com\/portal\/#website"},"primaryImageOfPage":{"@id":"https:\/\/potenciaradiofonicadominicana.com\/portal\/el-90-de-ingresos-por-inspeccion-tecnica-vehicular-iria-a-agente-privado-segun-propuesta\/#primaryimage"},"image":{"@id":"https:\/\/potenciaradiofonicadominicana.com\/portal\/el-90-de-ingresos-por-inspeccion-tecnica-vehicular-iria-a-agente-privado-segun-propuesta\/#primaryimage"},"thumbnailUrl":"https:\/\/potenciaradiofonicadominicana.com\/portal\/wp-content\/uploads\/2022\/02\/tapones-de-vehiculos-en-300250-9ed843ed-focus-0-0-895-573.jpg","datePublished":"2022-02-11T12:19:35+00:00","breadcrumb":{"@id":"https:\/\/potenciaradiofonicadominicana.com\/portal\/el-90-de-ingresos-por-inspeccion-tecnica-vehicular-iria-a-agente-privado-segun-propuesta\/#breadcrumb"},"inLanguage":"es","potentialAction":[{"@type":"ReadAction","target":["https:\/\/potenciaradiofonicadominicana.com\/portal\/el-90-de-ingresos-por-inspeccion-tecnica-vehicular-iria-a-agente-privado-segun-propuesta\/"]}]},{"@type":"ImageObject","inLanguage":"es","@id":"https:\/\/potenciaradiofonicadominicana.com\/portal\/el-90-de-ingresos-por-inspeccion-tecnica-vehicular-iria-a-agente-privado-segun-propuesta\/#primaryimage","url":"https:\/\/potenciaradiofonicadominicana.com\/portal\/wp-content\/uploads\/2022\/02\/tapones-de-vehiculos-en-300250-9ed843ed-focus-0-0-895-573.jpg","contentUrl":"https:\/\/potenciaradiofonicadominicana.com\/portal\/wp-content\/uploads\/2022\/02\/tapones-de-vehiculos-en-300250-9ed843ed-focus-0-0-895-573.jpg","width":895,"height":573},{"@type":"BreadcrumbList","@id":"https:\/\/potenciaradiofonicadominicana.com\/portal\/el-90-de-ingresos-por-inspeccion-tecnica-vehicular-iria-a-agente-privado-segun-propuesta\/#breadcrumb","itemListElement":[{"@type":"ListItem","position":1,"name":"Portada","item":"https:\/\/potenciaradiofonicadominicana.com\/portal\/"},{"@type":"ListItem","position":2,"name":"El 90 % de ingresos por inspecci\u00f3n t\u00e9cnica vehicular ir\u00eda a agente privado, seg\u00fan propuesta"}]},{"@type":"WebSite","@id":"https:\/\/potenciaradiofonicadominicana.com\/portal\/#website","url":"https:\/\/potenciaradiofonicadominicana.com\/portal\/","name":"PotenciaRadiofonicaDominicana.com","description":"Peri\u00f3dico Digital","publisher":{"@id":"https:\/\/potenciaradiofonicadominicana.com\/portal\/#organization"},"potentialAction":[{"@type":"SearchAction","target":{"@type":"EntryPoint","urlTemplate":"https:\/\/potenciaradiofonicadominicana.com\/portal\/?s={search_term_string}"},"query-input":{"@type":"PropertyValueSpecification","valueRequired":true,"valueName":"search_term_string"}}],"inLanguage":"es"},{"@type":"Organization","@id":"https:\/\/potenciaradiofonicadominicana.com\/portal\/#organization","name":"PotenciaRadiofonicaDominicana.com","url":"https:\/\/potenciaradiofonicadominicana.com\/portal\/","logo":{"@type":"ImageObject","inLanguage":"es","@id":"https:\/\/potenciaradiofonicadominicana.com\/portal\/#\/schema\/logo\/image\/","url":"https:\/\/potenciaradiofonicadominicana.com\/portal\/wp-content\/uploads\/2022\/01\/descarga.png","contentUrl":"https:\/\/potenciaradiofonicadominicana.com\/portal\/wp-content\/uploads\/2022\/01\/descarga.png","width":300,"height":100,"caption":"PotenciaRadiofonicaDominicana.com"},"image":{"@id":"https:\/\/potenciaradiofonicadominicana.com\/portal\/#\/schema\/logo\/image\/"},"sameAs":["https:\/\/web.facebook.com\/PotenciaRadiofonicaD"]},{"@type":"Person","@id":"https:\/\/potenciaradiofonicadominicana.com\/portal\/#\/schema\/person\/a5cf1fea13877803ee0573ac18b03490","name":"Potencia Radiof\u00f3nica Dominicana","image":{"@type":"ImageObject","inLanguage":"es","@id":"https:\/\/potenciaradiofonicadominicana.com\/portal\/#\/schema\/person\/image\/","url":"https:\/\/secure.gravatar.com\/avatar\/42a55ab9e8ccc656ba34cd791990602a?s=96&d=mm&r=g","contentUrl":"https:\/\/secure.gravatar.com\/avatar\/42a55ab9e8ccc656ba34cd791990602a?s=96&d=mm&r=g","caption":"Potencia Radiof\u00f3nica Dominicana"},"url":"https:\/\/potenciaradiofonicadominicana.com\/portal\/author\/johannyalmanzar\/"}]}},"_links":{"self":[{"href":"https:\/\/potenciaradiofonicadominicana.com\/portal\/wp-json\/wp\/v2\/posts\/115944","targetHints":{"allow":["GET"]}}],"collection":[{"href":"https:\/\/potenciaradiofonicadominicana.com\/portal\/wp-json\/wp\/v2\/posts"}],"about":[{"href":"https:\/\/potenciaradiofonicadominicana.com\/portal\/wp-json\/wp\/v2\/types\/post"}],"author":[{"embeddable":true,"href":"https:\/\/potenciaradiofonicadominicana.com\/portal\/wp-json\/wp\/v2\/users\/2"}],"replies":[{"embeddable":true,"href":"https:\/\/potenciaradiofonicadominicana.com\/portal\/wp-json\/wp\/v2\/comments?post=115944"}],"version-history":[{"count":1,"href":"https:\/\/potenciaradiofonicadominicana.com\/portal\/wp-json\/wp\/v2\/posts\/115944\/revisions"}],"predecessor-version":[{"id":115946,"href":"https:\/\/potenciaradiofonicadominicana.com\/portal\/wp-json\/wp\/v2\/posts\/115944\/revisions\/115946"}],"wp:featuredmedia":[{"embeddable":true,"href":"https:\/\/potenciaradiofonicadominicana.com\/portal\/wp-json\/wp\/v2\/media\/115945"}],"wp:attachment":[{"href":"https:\/\/potenciaradiofonicadominicana.com\/portal\/wp-json\/wp\/v2\/media?parent=115944"}],"wp:term":[{"taxonomy":"category","embeddable":true,"href":"https:\/\/potenciaradiofonicadominicana.com\/portal\/wp-json\/wp\/v2\/categories?post=115944"},{"taxonomy":"post_tag","embeddable":true,"href":"https:\/\/potenciaradiofonicadominicana.com\/portal\/wp-json\/wp\/v2\/tags?post=115944"}],"curies":[{"name":"wp","href":"https:\/\/api.w.org\/{rel}","templated":true}]}}