{"id":115543,"date":"2022-02-09T09:28:35","date_gmt":"2022-02-09T13:28:35","guid":{"rendered":"https:\/\/potenciaradiofonicadominicana.com\/portal\/?p=115543"},"modified":"2022-02-09T09:28:35","modified_gmt":"2022-02-09T13:28:35","slug":"ballenas-jorobadas-llegan-hasta-las-costas-de-miches","status":"publish","type":"post","link":"https:\/\/potenciaradiofonicadominicana.com\/portal\/ballenas-jorobadas-llegan-hasta-las-costas-de-miches\/","title":{"rendered":"Ballenas jorobadas llegan hasta las costas de Miches"},"content":{"rendered":"<p><a href=\"https:\/\/potenciaradiofonicadominicana.com\/portal\/wp-content\/uploads\/2022\/02\/ballenas_samana.jpg\"><img loading=\"lazy\" decoding=\"async\" class=\"alignnone size-full wp-image-115547\" src=\"https:\/\/potenciaradiofonicadominicana.com\/portal\/wp-content\/uploads\/2022\/02\/ballenas_samana.jpg\" alt=\"\" width=\"1980\" height=\"1200\" srcset=\"https:\/\/potenciaradiofonicadominicana.com\/portal\/wp-content\/uploads\/2022\/02\/ballenas_samana.jpg 1980w, https:\/\/potenciaradiofonicadominicana.com\/portal\/wp-content\/uploads\/2022\/02\/ballenas_samana-300x182.jpg 300w, https:\/\/potenciaradiofonicadominicana.com\/portal\/wp-content\/uploads\/2022\/02\/ballenas_samana-768x465.jpg 768w, https:\/\/potenciaradiofonicadominicana.com\/portal\/wp-content\/uploads\/2022\/02\/ballenas_samana-1024x621.jpg 1024w, https:\/\/potenciaradiofonicadominicana.com\/portal\/wp-content\/uploads\/2022\/02\/ballenas_samana-165x100.jpg 165w\" sizes=\"auto, (max-width: 1980px) 100vw, 1980px\" \/><\/a><\/p>\n<p>La visita de\u00a0ballenas jorobadas, uno de los atractivos tur\u00edsticos naturales en Rep\u00fablica Dominicana, se extiende hasta las\u00a0costas\u00a0del municipio de Miches, donde los amantes del turismo pueden disfrutar de tan fascinante espect\u00e1culo.<\/p>\n<p>Estos gigantes marinos, que llegan cada a\u00f1o a principios de enero hasta finales de marzo, se mueven desde el frente de la bah\u00eda la Gina de Miches, Monta\u00f1a Redonda, Costa Esmeralda y el \u00e1rea de Club Med, dinamizando a\u00fan m\u00e1s el turismo de la zona, aseguran excursionistas.<\/p>\n<p>Edy Hern\u00e1ndez, presidente de la empresa \u201cThe Carpia Tours\u201d, dijo que desde el 2018 la compa\u00f1\u00eda consigui\u00f3 la\u00a0primera licencia para la observaci\u00f3n de las\u00a0ballenas jorobadas\u00a0en el \u00e1rea de Miches.<\/p>\n<p>\u201cHasta el momento la \u00fanica empresa que tiene dos licencias para la observaci\u00f3n de estos mam\u00edferos marinos, en el \u00e1rea de Miches somos nosotros\u201d, asegur\u00f3.<\/p>\n<p>Explic\u00f3 que en las\u00a0costas\u00a0de Miches se concentran alrededor de\u00a015\u00a0ballenas jorobadas<strong>\u00a0<\/strong>y manifest\u00f3 que este a\u00f1o la excursi\u00f3n saldr\u00e1 desde el muelle tur\u00edstico del municipio, partiendo desde el 21 de este mes, todos los d\u00edas, desde las 9:30 de la ma\u00f1ana hasta las 2:00 de la tarde.<\/p>\n<p>\u201cDesde que t\u00fa le dices a un turista ballenas, piensa de una vez en Saman\u00e1, pero lo cierto es que nosotros tenemos una gran concentraci\u00f3n de ballenas en el \u00e1rea de nosotros y tenemos tres a\u00f1os vendiendo ballenas de Miches. De hecho, de 100 excursiones que hacemos, tal vez, el dos o tres por ciento bajamos a Saman\u00e1\u201d, afirm\u00f3.<\/p>\n<p>Detall\u00f3 que aparte de Monta\u00f1a Redonda, que es uno de los \u00edconos en excursiones tur\u00edsticas de Miches, la segunda viene siendo la observaci\u00f3n de las\u00a0ballenas jorobadas, donde ha ocasionado un gran dinamismo al turismo y la econom\u00eda de la zona.<\/p>\n<p>Precis\u00f3 que esta excursi\u00f3n es esperada con gran entusiasmo a\u00f1os tras a\u00f1os. \u201cEsto ha hecho que cuando se hable de excursi\u00f3n de las\u00a0ballenas jorobadas, lo primero que dicen es en Miches tambi\u00e9n las hacen. Antes se hac\u00edan solo en Saman\u00e1, luego en Sabana de la Mar y tambi\u00e9n en Las Ca\u00f1itas y, recientemente la hacemos nosotros en Miches\u201d, manifest\u00f3.<\/p>\n<p>En temporada de ballenas, Hern\u00e1ndez explic\u00f3 que en esta localidad, en los a\u00f1os 2018 y 2019, recibieron alrededor de dos mil a tres mil turistas, normalmente de nacionalidades franceses, rusos y alemanes.<\/p>\n<p>\u201cYa en el 2020 y 2021, por la pandemia nos atrasamos bastante, pero vamos a ver si este a\u00f1o podemos terminar la temporada bien\u201d, dijo.<\/p>\n","protected":false},"excerpt":{"rendered":"<p>La visita de\u00a0ballenas jorobadas, uno de los atractivos tur\u00edsticos naturales en Rep\u00fablica Dominicana, se extiende hasta las\u00a0costas\u00a0del municipio de Miches, &#8230;<\/p>\n","protected":false},"author":2,"featured_media":115547,"comment_status":"open","ping_status":"open","sticky":false,"template":"","format":"standard","meta":{"footnotes":""},"categories":[26],"tags":[],"class_list":["post-115543","post","type-post","status-publish","format-standard","has-post-thumbnail","hentry","category-economia"],"yoast_head":"<!-- This site is optimized with the Yoast SEO plugin v24.8.1 - https:\/\/yoast.com\/wordpress\/plugins\/seo\/ -->\n<title>Ballenas jorobadas llegan hasta las costas de Miches - PotenciaRadiofonicaDominicana.com<\/title>\n<meta name=\"robots\" content=\"index, follow, max-snippet:-1, max-image-preview:large, max-video-preview:-1\" \/>\n<link rel=\"canonical\" href=\"https:\/\/potenciaradiofonicadominicana.com\/portal\/ballenas-jorobadas-llegan-hasta-las-costas-de-miches\/\" \/>\n<meta property=\"og:locale\" content=\"es_ES\" \/>\n<meta property=\"og:type\" content=\"article\" \/>\n<meta property=\"og:title\" content=\"Ballenas jorobadas llegan hasta las costas de Miches - PotenciaRadiofonicaDominicana.com\" \/>\n<meta property=\"og:description\" content=\"La visita de\u00a0ballenas jorobadas, uno de los atractivos tur\u00edsticos naturales en Rep\u00fablica Dominicana, se extiende hasta las\u00a0costas\u00a0del municipio de Miches, ...\" \/>\n<meta property=\"og:url\" content=\"https:\/\/potenciaradiofonicadominicana.com\/portal\/ballenas-jorobadas-llegan-hasta-las-costas-de-miches\/\" \/>\n<meta property=\"og:site_name\" content=\"PotenciaRadiofonicaDominicana.com\" \/>\n<meta property=\"article:publisher\" content=\"https:\/\/web.facebook.com\/PotenciaRadiofonicaD\" \/>\n<meta property=\"article:published_time\" content=\"2022-02-09T13:28:35+00:00\" \/>\n<meta property=\"og:image\" content=\"https:\/\/potenciaradiofonicadominicana.com\/portal\/wp-content\/uploads\/2022\/02\/ballenas_samana.jpg\" \/>\n\t<meta property=\"og:image:width\" content=\"1980\" \/>\n\t<meta property=\"og:image:height\" content=\"1200\" \/>\n\t<meta property=\"og:image:type\" content=\"image\/jpeg\" \/>\n<meta name=\"author\" content=\"Potencia Radiof\u00f3nica Dominicana\" \/>\n<meta name=\"twitter:card\" content=\"summary_large_image\" \/>\n<meta name=\"twitter:label1\" content=\"Escrito por\" \/>\n\t<meta name=\"twitter:data1\" content=\"Potencia Radiof\u00f3nica Dominicana\" \/>\n\t<meta name=\"twitter:label2\" content=\"Tiempo de lectura\" \/>\n\t<meta name=\"twitter:data2\" content=\"2 minutos\" \/>\n<script type=\"application\/ld+json\" class=\"yoast-schema-graph\">{\"@context\":\"https:\/\/schema.org\",\"@graph\":[{\"@type\":\"Article\",\"@id\":\"https:\/\/potenciaradiofonicadominicana.com\/portal\/ballenas-jorobadas-llegan-hasta-las-costas-de-miches\/#article\",\"isPartOf\":{\"@id\":\"https:\/\/potenciaradiofonicadominicana.com\/portal\/ballenas-jorobadas-llegan-hasta-las-costas-de-miches\/\"},\"author\":{\"name\":\"Potencia Radiof\u00f3nica Dominicana\",\"@id\":\"https:\/\/potenciaradiofonicadominicana.com\/portal\/#\/schema\/person\/a5cf1fea13877803ee0573ac18b03490\"},\"headline\":\"Ballenas jorobadas llegan hasta las costas de Miches\",\"datePublished\":\"2022-02-09T13:28:35+00:00\",\"mainEntityOfPage\":{\"@id\":\"https:\/\/potenciaradiofonicadominicana.com\/portal\/ballenas-jorobadas-llegan-hasta-las-costas-de-miches\/\"},\"wordCount\":438,\"commentCount\":0,\"publisher\":{\"@id\":\"https:\/\/potenciaradiofonicadominicana.com\/portal\/#organization\"},\"image\":{\"@id\":\"https:\/\/potenciaradiofonicadominicana.com\/portal\/ballenas-jorobadas-llegan-hasta-las-costas-de-miches\/#primaryimage\"},\"thumbnailUrl\":\"https:\/\/potenciaradiofonicadominicana.com\/portal\/wp-content\/uploads\/2022\/02\/ballenas_samana.jpg\",\"articleSection\":[\"Econom\u00eda\"],\"inLanguage\":\"es\",\"potentialAction\":[{\"@type\":\"CommentAction\",\"name\":\"Comment\",\"target\":[\"https:\/\/potenciaradiofonicadominicana.com\/portal\/ballenas-jorobadas-llegan-hasta-las-costas-de-miches\/#respond\"]}]},{\"@type\":\"WebPage\",\"@id\":\"https:\/\/potenciaradiofonicadominicana.com\/portal\/ballenas-jorobadas-llegan-hasta-las-costas-de-miches\/\",\"url\":\"https:\/\/potenciaradiofonicadominicana.com\/portal\/ballenas-jorobadas-llegan-hasta-las-costas-de-miches\/\",\"name\":\"Ballenas jorobadas llegan hasta las costas de Miches - PotenciaRadiofonicaDominicana.com\",\"isPartOf\":{\"@id\":\"https:\/\/potenciaradiofonicadominicana.com\/portal\/#website\"},\"primaryImageOfPage\":{\"@id\":\"https:\/\/potenciaradiofonicadominicana.com\/portal\/ballenas-jorobadas-llegan-hasta-las-costas-de-miches\/#primaryimage\"},\"image\":{\"@id\":\"https:\/\/potenciaradiofonicadominicana.com\/portal\/ballenas-jorobadas-llegan-hasta-las-costas-de-miches\/#primaryimage\"},\"thumbnailUrl\":\"https:\/\/potenciaradiofonicadominicana.com\/portal\/wp-content\/uploads\/2022\/02\/ballenas_samana.jpg\",\"datePublished\":\"2022-02-09T13:28:35+00:00\",\"breadcrumb\":{\"@id\":\"https:\/\/potenciaradiofonicadominicana.com\/portal\/ballenas-jorobadas-llegan-hasta-las-costas-de-miches\/#breadcrumb\"},\"inLanguage\":\"es\",\"potentialAction\":[{\"@type\":\"ReadAction\",\"target\":[\"https:\/\/potenciaradiofonicadominicana.com\/portal\/ballenas-jorobadas-llegan-hasta-las-costas-de-miches\/\"]}]},{\"@type\":\"ImageObject\",\"inLanguage\":\"es\",\"@id\":\"https:\/\/potenciaradiofonicadominicana.com\/portal\/ballenas-jorobadas-llegan-hasta-las-costas-de-miches\/#primaryimage\",\"url\":\"https:\/\/potenciaradiofonicadominicana.com\/portal\/wp-content\/uploads\/2022\/02\/ballenas_samana.jpg\",\"contentUrl\":\"https:\/\/potenciaradiofonicadominicana.com\/portal\/wp-content\/uploads\/2022\/02\/ballenas_samana.jpg\",\"width\":1980,\"height\":1200},{\"@type\":\"BreadcrumbList\",\"@id\":\"https:\/\/potenciaradiofonicadominicana.com\/portal\/ballenas-jorobadas-llegan-hasta-las-costas-de-miches\/#breadcrumb\",\"itemListElement\":[{\"@type\":\"ListItem\",\"position\":1,\"name\":\"Portada\",\"item\":\"https:\/\/potenciaradiofonicadominicana.com\/portal\/\"},{\"@type\":\"ListItem\",\"position\":2,\"name\":\"Ballenas jorobadas llegan hasta las costas de Miches\"}]},{\"@type\":\"WebSite\",\"@id\":\"https:\/\/potenciaradiofonicadominicana.com\/portal\/#website\",\"url\":\"https:\/\/potenciaradiofonicadominicana.com\/portal\/\",\"name\":\"PotenciaRadiofonicaDominicana.com\",\"description\":\"Peri\u00f3dico Digital\",\"publisher\":{\"@id\":\"https:\/\/potenciaradiofonicadominicana.com\/portal\/#organization\"},\"potentialAction\":[{\"@type\":\"SearchAction\",\"target\":{\"@type\":\"EntryPoint\",\"urlTemplate\":\"https:\/\/potenciaradiofonicadominicana.com\/portal\/?s={search_term_string}\"},\"query-input\":{\"@type\":\"PropertyValueSpecification\",\"valueRequired\":true,\"valueName\":\"search_term_string\"}}],\"inLanguage\":\"es\"},{\"@type\":\"Organization\",\"@id\":\"https:\/\/potenciaradiofonicadominicana.com\/portal\/#organization\",\"name\":\"PotenciaRadiofonicaDominicana.com\",\"url\":\"https:\/\/potenciaradiofonicadominicana.com\/portal\/\",\"logo\":{\"@type\":\"ImageObject\",\"inLanguage\":\"es\",\"@id\":\"https:\/\/potenciaradiofonicadominicana.com\/portal\/#\/schema\/logo\/image\/\",\"url\":\"https:\/\/potenciaradiofonicadominicana.com\/portal\/wp-content\/uploads\/2022\/01\/descarga.png\",\"contentUrl\":\"https:\/\/potenciaradiofonicadominicana.com\/portal\/wp-content\/uploads\/2022\/01\/descarga.png\",\"width\":300,\"height\":100,\"caption\":\"PotenciaRadiofonicaDominicana.com\"},\"image\":{\"@id\":\"https:\/\/potenciaradiofonicadominicana.com\/portal\/#\/schema\/logo\/image\/\"},\"sameAs\":[\"https:\/\/web.facebook.com\/PotenciaRadiofonicaD\"]},{\"@type\":\"Person\",\"@id\":\"https:\/\/potenciaradiofonicadominicana.com\/portal\/#\/schema\/person\/a5cf1fea13877803ee0573ac18b03490\",\"name\":\"Potencia Radiof\u00f3nica Dominicana\",\"image\":{\"@type\":\"ImageObject\",\"inLanguage\":\"es\",\"@id\":\"https:\/\/potenciaradiofonicadominicana.com\/portal\/#\/schema\/person\/image\/\",\"url\":\"https:\/\/secure.gravatar.com\/avatar\/42a55ab9e8ccc656ba34cd791990602a?s=96&d=mm&r=g\",\"contentUrl\":\"https:\/\/secure.gravatar.com\/avatar\/42a55ab9e8ccc656ba34cd791990602a?s=96&d=mm&r=g\",\"caption\":\"Potencia Radiof\u00f3nica Dominicana\"},\"url\":\"https:\/\/potenciaradiofonicadominicana.com\/portal\/author\/johannyalmanzar\/\"}]}<\/script>\n<!-- \/ Yoast SEO plugin. -->","yoast_head_json":{"title":"Ballenas jorobadas llegan hasta las costas de Miches - PotenciaRadiofonicaDominicana.com","robots":{"index":"index","follow":"follow","max-snippet":"max-snippet:-1","max-image-preview":"max-image-preview:large","max-video-preview":"max-video-preview:-1"},"canonical":"https:\/\/potenciaradiofonicadominicana.com\/portal\/ballenas-jorobadas-llegan-hasta-las-costas-de-miches\/","og_locale":"es_ES","og_type":"article","og_title":"Ballenas jorobadas llegan hasta las costas de Miches - PotenciaRadiofonicaDominicana.com","og_description":"La visita de\u00a0ballenas jorobadas, uno de los atractivos tur\u00edsticos naturales en Rep\u00fablica Dominicana, se extiende hasta las\u00a0costas\u00a0del municipio de Miches, ...","og_url":"https:\/\/potenciaradiofonicadominicana.com\/portal\/ballenas-jorobadas-llegan-hasta-las-costas-de-miches\/","og_site_name":"PotenciaRadiofonicaDominicana.com","article_publisher":"https:\/\/web.facebook.com\/PotenciaRadiofonicaD","article_published_time":"2022-02-09T13:28:35+00:00","og_image":[{"width":1980,"height":1200,"url":"https:\/\/potenciaradiofonicadominicana.com\/portal\/wp-content\/uploads\/2022\/02\/ballenas_samana.jpg","type":"image\/jpeg"}],"author":"Potencia Radiof\u00f3nica Dominicana","twitter_card":"summary_large_image","twitter_misc":{"Escrito por":"Potencia Radiof\u00f3nica Dominicana","Tiempo de lectura":"2 minutos"},"schema":{"@context":"https:\/\/schema.org","@graph":[{"@type":"Article","@id":"https:\/\/potenciaradiofonicadominicana.com\/portal\/ballenas-jorobadas-llegan-hasta-las-costas-de-miches\/#article","isPartOf":{"@id":"https:\/\/potenciaradiofonicadominicana.com\/portal\/ballenas-jorobadas-llegan-hasta-las-costas-de-miches\/"},"author":{"name":"Potencia Radiof\u00f3nica Dominicana","@id":"https:\/\/potenciaradiofonicadominicana.com\/portal\/#\/schema\/person\/a5cf1fea13877803ee0573ac18b03490"},"headline":"Ballenas jorobadas llegan hasta las costas de Miches","datePublished":"2022-02-09T13:28:35+00:00","mainEntityOfPage":{"@id":"https:\/\/potenciaradiofonicadominicana.com\/portal\/ballenas-jorobadas-llegan-hasta-las-costas-de-miches\/"},"wordCount":438,"commentCount":0,"publisher":{"@id":"https:\/\/potenciaradiofonicadominicana.com\/portal\/#organization"},"image":{"@id":"https:\/\/potenciaradiofonicadominicana.com\/portal\/ballenas-jorobadas-llegan-hasta-las-costas-de-miches\/#primaryimage"},"thumbnailUrl":"https:\/\/potenciaradiofonicadominicana.com\/portal\/wp-content\/uploads\/2022\/02\/ballenas_samana.jpg","articleSection":["Econom\u00eda"],"inLanguage":"es","potentialAction":[{"@type":"CommentAction","name":"Comment","target":["https:\/\/potenciaradiofonicadominicana.com\/portal\/ballenas-jorobadas-llegan-hasta-las-costas-de-miches\/#respond"]}]},{"@type":"WebPage","@id":"https:\/\/potenciaradiofonicadominicana.com\/portal\/ballenas-jorobadas-llegan-hasta-las-costas-de-miches\/","url":"https:\/\/potenciaradiofonicadominicana.com\/portal\/ballenas-jorobadas-llegan-hasta-las-costas-de-miches\/","name":"Ballenas jorobadas llegan hasta las costas de Miches - PotenciaRadiofonicaDominicana.com","isPartOf":{"@id":"https:\/\/potenciaradiofonicadominicana.com\/portal\/#website"},"primaryImageOfPage":{"@id":"https:\/\/potenciaradiofonicadominicana.com\/portal\/ballenas-jorobadas-llegan-hasta-las-costas-de-miches\/#primaryimage"},"image":{"@id":"https:\/\/potenciaradiofonicadominicana.com\/portal\/ballenas-jorobadas-llegan-hasta-las-costas-de-miches\/#primaryimage"},"thumbnailUrl":"https:\/\/potenciaradiofonicadominicana.com\/portal\/wp-content\/uploads\/2022\/02\/ballenas_samana.jpg","datePublished":"2022-02-09T13:28:35+00:00","breadcrumb":{"@id":"https:\/\/potenciaradiofonicadominicana.com\/portal\/ballenas-jorobadas-llegan-hasta-las-costas-de-miches\/#breadcrumb"},"inLanguage":"es","potentialAction":[{"@type":"ReadAction","target":["https:\/\/potenciaradiofonicadominicana.com\/portal\/ballenas-jorobadas-llegan-hasta-las-costas-de-miches\/"]}]},{"@type":"ImageObject","inLanguage":"es","@id":"https:\/\/potenciaradiofonicadominicana.com\/portal\/ballenas-jorobadas-llegan-hasta-las-costas-de-miches\/#primaryimage","url":"https:\/\/potenciaradiofonicadominicana.com\/portal\/wp-content\/uploads\/2022\/02\/ballenas_samana.jpg","contentUrl":"https:\/\/potenciaradiofonicadominicana.com\/portal\/wp-content\/uploads\/2022\/02\/ballenas_samana.jpg","width":1980,"height":1200},{"@type":"BreadcrumbList","@id":"https:\/\/potenciaradiofonicadominicana.com\/portal\/ballenas-jorobadas-llegan-hasta-las-costas-de-miches\/#breadcrumb","itemListElement":[{"@type":"ListItem","position":1,"name":"Portada","item":"https:\/\/potenciaradiofonicadominicana.com\/portal\/"},{"@type":"ListItem","position":2,"name":"Ballenas jorobadas llegan hasta las costas de Miches"}]},{"@type":"WebSite","@id":"https:\/\/potenciaradiofonicadominicana.com\/portal\/#website","url":"https:\/\/potenciaradiofonicadominicana.com\/portal\/","name":"PotenciaRadiofonicaDominicana.com","description":"Peri\u00f3dico Digital","publisher":{"@id":"https:\/\/potenciaradiofonicadominicana.com\/portal\/#organization"},"potentialAction":[{"@type":"SearchAction","target":{"@type":"EntryPoint","urlTemplate":"https:\/\/potenciaradiofonicadominicana.com\/portal\/?s={search_term_string}"},"query-input":{"@type":"PropertyValueSpecification","valueRequired":true,"valueName":"search_term_string"}}],"inLanguage":"es"},{"@type":"Organization","@id":"https:\/\/potenciaradiofonicadominicana.com\/portal\/#organization","name":"PotenciaRadiofonicaDominicana.com","url":"https:\/\/potenciaradiofonicadominicana.com\/portal\/","logo":{"@type":"ImageObject","inLanguage":"es","@id":"https:\/\/potenciaradiofonicadominicana.com\/portal\/#\/schema\/logo\/image\/","url":"https:\/\/potenciaradiofonicadominicana.com\/portal\/wp-content\/uploads\/2022\/01\/descarga.png","contentUrl":"https:\/\/potenciaradiofonicadominicana.com\/portal\/wp-content\/uploads\/2022\/01\/descarga.png","width":300,"height":100,"caption":"PotenciaRadiofonicaDominicana.com"},"image":{"@id":"https:\/\/potenciaradiofonicadominicana.com\/portal\/#\/schema\/logo\/image\/"},"sameAs":["https:\/\/web.facebook.com\/PotenciaRadiofonicaD"]},{"@type":"Person","@id":"https:\/\/potenciaradiofonicadominicana.com\/portal\/#\/schema\/person\/a5cf1fea13877803ee0573ac18b03490","name":"Potencia Radiof\u00f3nica Dominicana","image":{"@type":"ImageObject","inLanguage":"es","@id":"https:\/\/potenciaradiofonicadominicana.com\/portal\/#\/schema\/person\/image\/","url":"https:\/\/secure.gravatar.com\/avatar\/42a55ab9e8ccc656ba34cd791990602a?s=96&d=mm&r=g","contentUrl":"https:\/\/secure.gravatar.com\/avatar\/42a55ab9e8ccc656ba34cd791990602a?s=96&d=mm&r=g","caption":"Potencia Radiof\u00f3nica Dominicana"},"url":"https:\/\/potenciaradiofonicadominicana.com\/portal\/author\/johannyalmanzar\/"}]}},"_links":{"self":[{"href":"https:\/\/potenciaradiofonicadominicana.com\/portal\/wp-json\/wp\/v2\/posts\/115543","targetHints":{"allow":["GET"]}}],"collection":[{"href":"https:\/\/potenciaradiofonicadominicana.com\/portal\/wp-json\/wp\/v2\/posts"}],"about":[{"href":"https:\/\/potenciaradiofonicadominicana.com\/portal\/wp-json\/wp\/v2\/types\/post"}],"author":[{"embeddable":true,"href":"https:\/\/potenciaradiofonicadominicana.com\/portal\/wp-json\/wp\/v2\/users\/2"}],"replies":[{"embeddable":true,"href":"https:\/\/potenciaradiofonicadominicana.com\/portal\/wp-json\/wp\/v2\/comments?post=115543"}],"version-history":[{"count":1,"href":"https:\/\/potenciaradiofonicadominicana.com\/portal\/wp-json\/wp\/v2\/posts\/115543\/revisions"}],"predecessor-version":[{"id":115552,"href":"https:\/\/potenciaradiofonicadominicana.com\/portal\/wp-json\/wp\/v2\/posts\/115543\/revisions\/115552"}],"wp:featuredmedia":[{"embeddable":true,"href":"https:\/\/potenciaradiofonicadominicana.com\/portal\/wp-json\/wp\/v2\/media\/115547"}],"wp:attachment":[{"href":"https:\/\/potenciaradiofonicadominicana.com\/portal\/wp-json\/wp\/v2\/media?parent=115543"}],"wp:term":[{"taxonomy":"category","embeddable":true,"href":"https:\/\/potenciaradiofonicadominicana.com\/portal\/wp-json\/wp\/v2\/categories?post=115543"},{"taxonomy":"post_tag","embeddable":true,"href":"https:\/\/potenciaradiofonicadominicana.com\/portal\/wp-json\/wp\/v2\/tags?post=115543"}],"curies":[{"name":"wp","href":"https:\/\/api.w.org\/{rel}","templated":true}]}}