{"id":115523,"date":"2022-02-09T09:17:44","date_gmt":"2022-02-09T13:17:44","guid":{"rendered":"https:\/\/potenciaradiofonicadominicana.com\/portal\/?p=115523"},"modified":"2022-02-09T09:17:44","modified_gmt":"2022-02-09T13:17:44","slug":"gobierno-implementara-inspeccion-a-los-vehiculos-o-revista-a-traves-de-alianza-publico-privada","status":"publish","type":"post","link":"https:\/\/potenciaradiofonicadominicana.com\/portal\/gobierno-implementara-inspeccion-a-los-vehiculos-o-revista-a-traves-de-alianza-publico-privada\/","title":{"rendered":"Gobierno implementar\u00e1 inspecci\u00f3n a los veh\u00edculos o \u00abrevista\u00bb a trav\u00e9s de alianza p\u00fablico-privada"},"content":{"rendered":"<p><a href=\"https:\/\/potenciaradiofonicadominicana.com\/portal\/wp-content\/uploads\/2022\/02\/inspeccion-vehicular-3cf3eb86-focus-0-0-895-573.jpg\"><img loading=\"lazy\" decoding=\"async\" class=\"alignnone size-full wp-image-115528\" src=\"https:\/\/potenciaradiofonicadominicana.com\/portal\/wp-content\/uploads\/2022\/02\/inspeccion-vehicular-3cf3eb86-focus-0-0-895-573.jpg\" alt=\"\" width=\"1000\" height=\"563\" srcset=\"https:\/\/potenciaradiofonicadominicana.com\/portal\/wp-content\/uploads\/2022\/02\/inspeccion-vehicular-3cf3eb86-focus-0-0-895-573.jpg 1000w, https:\/\/potenciaradiofonicadominicana.com\/portal\/wp-content\/uploads\/2022\/02\/inspeccion-vehicular-3cf3eb86-focus-0-0-895-573-300x169.jpg 300w, https:\/\/potenciaradiofonicadominicana.com\/portal\/wp-content\/uploads\/2022\/02\/inspeccion-vehicular-3cf3eb86-focus-0-0-895-573-768x432.jpg 768w\" sizes=\"auto, (max-width: 1000px) 100vw, 1000px\" \/><\/a><\/p>\n<p>El\u00a0Consejo Nacional de Alianzas P\u00fablico Privadas\u00a0(CNAPP), mediante la resoluci\u00f3n 01-2022, declar\u00f3 de inter\u00e9s p\u00fablico la iniciativa privada para la implementaci\u00f3n del \u201cPrograma nacional de inspecci\u00f3n t\u00e9cnica vehicular\u201d para la puesta en funcionamiento de una red de centros para inspeccionar que los\u00a0veh\u00edculos\u00a0transiten en el pa\u00eds lo hagan en condiciones adecuadas.<\/p>\n<p>La iniciativa presentada a la\u00a0Direcci\u00f3n General de Alianzas P\u00fablico Privadas\u00a0(DGAPP) por el agente privado Consorcio Inteve, representado en el pa\u00eds por la sociedad comercial Castillo Holding Company, se enmarca en la Ley 63-17 de\u00a0Movilidad,\u00a0Transporte\u00a0Terrestre, Tr\u00e1nsito y Seguridad Vial y atiende a las recomendaciones del Instituto Nacional de Tr\u00e1nsito y\u00a0Transporte\u00a0Terrestre (Intrant).<\/p>\n<p>El director ejecutivo de la DGAPP, Sigmund Freund, manifest\u00f3 que este es un proyecto de gran importancia para el pa\u00eds, ya que vendr\u00e1 a regular las condiciones en que transitan los\u00a0veh\u00edculos\u00a0de motor, obligando a sus propietarios a mantenerlo en estado \u00f3ptimo para garantizar la seguridad vial.<\/p>\n<p>\u201cLa Ley de\u00a0Transporte\u00a0orden\u00f3 que el pa\u00eds debe tener un r\u00e9gimen de inspecci\u00f3n para controlar las condiciones de los\u00a0veh\u00edculos\u00a0que circulan por las v\u00edas p\u00fablicas, reducir los accidentes de tr\u00e1nsito ocasionados por las malas condiciones de los neum\u00e1ticos, falta de frenos y otras. Asimismo, esta iniciativa viene a reducir la emisi\u00f3n de carbono y a impulsar la renovaci\u00f3n de la flotilla vehicular para mayor eficiencia en el tr\u00e1nsito\u201d, explic\u00f3 Freund.<\/p>\n<p>Destac\u00f3 que \u201ctodos los\u00a0veh\u00edculos\u00a0tendr\u00e1n que inspeccionarse, iniciando con los\u00a0veh\u00edculos\u00a0del Estado para mandar un mensaje de confianza y seguridad\u201d. Agreg\u00f3 que los estudios han mostrado la factibilidad de implementar este programa bajo una APP, pues el Estado otorga las autorizaciones y las concesiones para que las empresas puedan instalar los centros de inspecci\u00f3n y el agente privado se responsabiliza de la inversi\u00f3n de capital que requiere el programa.<\/p>\n<p>En la implementaci\u00f3n de esta iniciativa se proyecta la creaci\u00f3n de una red de instalaciones espec\u00edficas para la realizaci\u00f3n de inspecciones t\u00e9cnicas vehiculares de car\u00e1cter privado y centralizado, acorde a la segmentaci\u00f3n geogr\u00e1fica determinada por los datos del Registro Nacional de\u00a0Veh\u00edculos\u00a0de Motor de la Rep\u00fablica Dominicana.<\/p>\n<p>A partir de esta declaratoria de inter\u00e9s p\u00fablico, la DGAPP deber\u00e1 coordinar con el Intrant para elaborar el pliego de condiciones, el borrador del contrato APP y toda la documentaci\u00f3n necesaria para el proceso competitivo.<\/p>\n<p>La mejora en la\u00a0movilidad\u00a0de un pa\u00eds redunda en beneficios tangibles para la sociedad como es el aumento de tiempo eficaz de la poblaci\u00f3n laboral, la reducci\u00f3n de los consumos de combustible y la mejora de la competitividad de los sistemas log\u00edsticos en general y por tanto del propio pa\u00eds.<\/p>\n<h2>Beneficios de esta iniciativa<\/h2>\n<p>Garantizar las condiciones m\u00ednimas de seguridad de los\u00a0veh\u00edculos, basados en los criterios de dise\u00f1o y fabricaci\u00f3n de estos<\/p>\n<p>Reducir fallas mec\u00e1nicas<\/p>\n<p>Mejorar la seguridad vial<\/p>\n<p>Mejorar la capacidad de operaci\u00f3n de los\u00a0veh\u00edculos<\/p>\n<p>Reducir las emisiones contaminantes<\/p>\n<p>Comprobar la idoneidad de uso<\/p>\n<p>Garantizar la seguridad registral de los\u00a0veh\u00edculos<\/p>\n<p>Renovaci\u00f3n del\u00a0parque vehicular<\/p>\n","protected":false},"excerpt":{"rendered":"<p>El\u00a0Consejo Nacional de Alianzas P\u00fablico Privadas\u00a0(CNAPP), mediante la resoluci\u00f3n 01-2022, declar\u00f3 de inter\u00e9s p\u00fablico la iniciativa privada para la implementaci\u00f3n &#8230;<\/p>\n","protected":false},"author":2,"featured_media":115528,"comment_status":"open","ping_status":"open","sticky":false,"template":"","format":"standard","meta":{"footnotes":""},"categories":[26],"tags":[],"class_list":["post-115523","post","type-post","status-publish","format-standard","has-post-thumbnail","hentry","category-economia"],"yoast_head":"<!-- This site is optimized with the Yoast SEO plugin v24.8.1 - https:\/\/yoast.com\/wordpress\/plugins\/seo\/ -->\n<title>Gobierno implementar\u00e1 inspecci\u00f3n a los veh\u00edculos o &quot;revista&quot; a trav\u00e9s de alianza p\u00fablico-privada - PotenciaRadiofonicaDominicana.com<\/title>\n<meta name=\"robots\" content=\"index, follow, max-snippet:-1, max-image-preview:large, max-video-preview:-1\" \/>\n<link rel=\"canonical\" href=\"https:\/\/potenciaradiofonicadominicana.com\/portal\/gobierno-implementara-inspeccion-a-los-vehiculos-o-revista-a-traves-de-alianza-publico-privada\/\" \/>\n<meta property=\"og:locale\" content=\"es_ES\" \/>\n<meta property=\"og:type\" content=\"article\" \/>\n<meta property=\"og:title\" content=\"Gobierno implementar\u00e1 inspecci\u00f3n a los veh\u00edculos o &quot;revista&quot; a trav\u00e9s de alianza p\u00fablico-privada - PotenciaRadiofonicaDominicana.com\" \/>\n<meta property=\"og:description\" content=\"El\u00a0Consejo Nacional de Alianzas P\u00fablico Privadas\u00a0(CNAPP), mediante la resoluci\u00f3n 01-2022, declar\u00f3 de inter\u00e9s p\u00fablico la iniciativa privada para la implementaci\u00f3n ...\" \/>\n<meta property=\"og:url\" content=\"https:\/\/potenciaradiofonicadominicana.com\/portal\/gobierno-implementara-inspeccion-a-los-vehiculos-o-revista-a-traves-de-alianza-publico-privada\/\" \/>\n<meta property=\"og:site_name\" content=\"PotenciaRadiofonicaDominicana.com\" \/>\n<meta property=\"article:publisher\" content=\"https:\/\/web.facebook.com\/PotenciaRadiofonicaD\" \/>\n<meta property=\"article:published_time\" content=\"2022-02-09T13:17:44+00:00\" \/>\n<meta property=\"og:image\" content=\"https:\/\/potenciaradiofonicadominicana.com\/portal\/wp-content\/uploads\/2022\/02\/inspeccion-vehicular-3cf3eb86-focus-0-0-895-573.jpg\" \/>\n\t<meta property=\"og:image:width\" content=\"1000\" \/>\n\t<meta property=\"og:image:height\" content=\"563\" \/>\n\t<meta property=\"og:image:type\" content=\"image\/jpeg\" \/>\n<meta name=\"author\" content=\"Potencia Radiof\u00f3nica Dominicana\" \/>\n<meta name=\"twitter:card\" content=\"summary_large_image\" \/>\n<meta name=\"twitter:label1\" content=\"Escrito por\" \/>\n\t<meta name=\"twitter:data1\" content=\"Potencia Radiof\u00f3nica Dominicana\" \/>\n\t<meta name=\"twitter:label2\" content=\"Tiempo de lectura\" \/>\n\t<meta name=\"twitter:data2\" content=\"3 minutos\" \/>\n<script type=\"application\/ld+json\" class=\"yoast-schema-graph\">{\"@context\":\"https:\/\/schema.org\",\"@graph\":[{\"@type\":\"Article\",\"@id\":\"https:\/\/potenciaradiofonicadominicana.com\/portal\/gobierno-implementara-inspeccion-a-los-vehiculos-o-revista-a-traves-de-alianza-publico-privada\/#article\",\"isPartOf\":{\"@id\":\"https:\/\/potenciaradiofonicadominicana.com\/portal\/gobierno-implementara-inspeccion-a-los-vehiculos-o-revista-a-traves-de-alianza-publico-privada\/\"},\"author\":{\"name\":\"Potencia Radiof\u00f3nica Dominicana\",\"@id\":\"https:\/\/potenciaradiofonicadominicana.com\/portal\/#\/schema\/person\/a5cf1fea13877803ee0573ac18b03490\"},\"headline\":\"Gobierno implementar\u00e1 inspecci\u00f3n a los veh\u00edculos o \u00abrevista\u00bb a trav\u00e9s de alianza p\u00fablico-privada\",\"datePublished\":\"2022-02-09T13:17:44+00:00\",\"mainEntityOfPage\":{\"@id\":\"https:\/\/potenciaradiofonicadominicana.com\/portal\/gobierno-implementara-inspeccion-a-los-vehiculos-o-revista-a-traves-de-alianza-publico-privada\/\"},\"wordCount\":569,\"commentCount\":0,\"publisher\":{\"@id\":\"https:\/\/potenciaradiofonicadominicana.com\/portal\/#organization\"},\"image\":{\"@id\":\"https:\/\/potenciaradiofonicadominicana.com\/portal\/gobierno-implementara-inspeccion-a-los-vehiculos-o-revista-a-traves-de-alianza-publico-privada\/#primaryimage\"},\"thumbnailUrl\":\"https:\/\/potenciaradiofonicadominicana.com\/portal\/wp-content\/uploads\/2022\/02\/inspeccion-vehicular-3cf3eb86-focus-0-0-895-573.jpg\",\"articleSection\":[\"Econom\u00eda\"],\"inLanguage\":\"es\",\"potentialAction\":[{\"@type\":\"CommentAction\",\"name\":\"Comment\",\"target\":[\"https:\/\/potenciaradiofonicadominicana.com\/portal\/gobierno-implementara-inspeccion-a-los-vehiculos-o-revista-a-traves-de-alianza-publico-privada\/#respond\"]}]},{\"@type\":\"WebPage\",\"@id\":\"https:\/\/potenciaradiofonicadominicana.com\/portal\/gobierno-implementara-inspeccion-a-los-vehiculos-o-revista-a-traves-de-alianza-publico-privada\/\",\"url\":\"https:\/\/potenciaradiofonicadominicana.com\/portal\/gobierno-implementara-inspeccion-a-los-vehiculos-o-revista-a-traves-de-alianza-publico-privada\/\",\"name\":\"Gobierno implementar\u00e1 inspecci\u00f3n a los veh\u00edculos o \\\"revista\\\" a trav\u00e9s de alianza p\u00fablico-privada - PotenciaRadiofonicaDominicana.com\",\"isPartOf\":{\"@id\":\"https:\/\/potenciaradiofonicadominicana.com\/portal\/#website\"},\"primaryImageOfPage\":{\"@id\":\"https:\/\/potenciaradiofonicadominicana.com\/portal\/gobierno-implementara-inspeccion-a-los-vehiculos-o-revista-a-traves-de-alianza-publico-privada\/#primaryimage\"},\"image\":{\"@id\":\"https:\/\/potenciaradiofonicadominicana.com\/portal\/gobierno-implementara-inspeccion-a-los-vehiculos-o-revista-a-traves-de-alianza-publico-privada\/#primaryimage\"},\"thumbnailUrl\":\"https:\/\/potenciaradiofonicadominicana.com\/portal\/wp-content\/uploads\/2022\/02\/inspeccion-vehicular-3cf3eb86-focus-0-0-895-573.jpg\",\"datePublished\":\"2022-02-09T13:17:44+00:00\",\"breadcrumb\":{\"@id\":\"https:\/\/potenciaradiofonicadominicana.com\/portal\/gobierno-implementara-inspeccion-a-los-vehiculos-o-revista-a-traves-de-alianza-publico-privada\/#breadcrumb\"},\"inLanguage\":\"es\",\"potentialAction\":[{\"@type\":\"ReadAction\",\"target\":[\"https:\/\/potenciaradiofonicadominicana.com\/portal\/gobierno-implementara-inspeccion-a-los-vehiculos-o-revista-a-traves-de-alianza-publico-privada\/\"]}]},{\"@type\":\"ImageObject\",\"inLanguage\":\"es\",\"@id\":\"https:\/\/potenciaradiofonicadominicana.com\/portal\/gobierno-implementara-inspeccion-a-los-vehiculos-o-revista-a-traves-de-alianza-publico-privada\/#primaryimage\",\"url\":\"https:\/\/potenciaradiofonicadominicana.com\/portal\/wp-content\/uploads\/2022\/02\/inspeccion-vehicular-3cf3eb86-focus-0-0-895-573.jpg\",\"contentUrl\":\"https:\/\/potenciaradiofonicadominicana.com\/portal\/wp-content\/uploads\/2022\/02\/inspeccion-vehicular-3cf3eb86-focus-0-0-895-573.jpg\",\"width\":1000,\"height\":563},{\"@type\":\"BreadcrumbList\",\"@id\":\"https:\/\/potenciaradiofonicadominicana.com\/portal\/gobierno-implementara-inspeccion-a-los-vehiculos-o-revista-a-traves-de-alianza-publico-privada\/#breadcrumb\",\"itemListElement\":[{\"@type\":\"ListItem\",\"position\":1,\"name\":\"Portada\",\"item\":\"https:\/\/potenciaradiofonicadominicana.com\/portal\/\"},{\"@type\":\"ListItem\",\"position\":2,\"name\":\"Gobierno implementar\u00e1 inspecci\u00f3n a los veh\u00edculos o \u00abrevista\u00bb a trav\u00e9s de alianza p\u00fablico-privada\"}]},{\"@type\":\"WebSite\",\"@id\":\"https:\/\/potenciaradiofonicadominicana.com\/portal\/#website\",\"url\":\"https:\/\/potenciaradiofonicadominicana.com\/portal\/\",\"name\":\"PotenciaRadiofonicaDominicana.com\",\"description\":\"Peri\u00f3dico Digital\",\"publisher\":{\"@id\":\"https:\/\/potenciaradiofonicadominicana.com\/portal\/#organization\"},\"potentialAction\":[{\"@type\":\"SearchAction\",\"target\":{\"@type\":\"EntryPoint\",\"urlTemplate\":\"https:\/\/potenciaradiofonicadominicana.com\/portal\/?s={search_term_string}\"},\"query-input\":{\"@type\":\"PropertyValueSpecification\",\"valueRequired\":true,\"valueName\":\"search_term_string\"}}],\"inLanguage\":\"es\"},{\"@type\":\"Organization\",\"@id\":\"https:\/\/potenciaradiofonicadominicana.com\/portal\/#organization\",\"name\":\"PotenciaRadiofonicaDominicana.com\",\"url\":\"https:\/\/potenciaradiofonicadominicana.com\/portal\/\",\"logo\":{\"@type\":\"ImageObject\",\"inLanguage\":\"es\",\"@id\":\"https:\/\/potenciaradiofonicadominicana.com\/portal\/#\/schema\/logo\/image\/\",\"url\":\"https:\/\/potenciaradiofonicadominicana.com\/portal\/wp-content\/uploads\/2022\/01\/descarga.png\",\"contentUrl\":\"https:\/\/potenciaradiofonicadominicana.com\/portal\/wp-content\/uploads\/2022\/01\/descarga.png\",\"width\":300,\"height\":100,\"caption\":\"PotenciaRadiofonicaDominicana.com\"},\"image\":{\"@id\":\"https:\/\/potenciaradiofonicadominicana.com\/portal\/#\/schema\/logo\/image\/\"},\"sameAs\":[\"https:\/\/web.facebook.com\/PotenciaRadiofonicaD\"]},{\"@type\":\"Person\",\"@id\":\"https:\/\/potenciaradiofonicadominicana.com\/portal\/#\/schema\/person\/a5cf1fea13877803ee0573ac18b03490\",\"name\":\"Potencia Radiof\u00f3nica Dominicana\",\"image\":{\"@type\":\"ImageObject\",\"inLanguage\":\"es\",\"@id\":\"https:\/\/potenciaradiofonicadominicana.com\/portal\/#\/schema\/person\/image\/\",\"url\":\"https:\/\/secure.gravatar.com\/avatar\/42a55ab9e8ccc656ba34cd791990602a?s=96&d=mm&r=g\",\"contentUrl\":\"https:\/\/secure.gravatar.com\/avatar\/42a55ab9e8ccc656ba34cd791990602a?s=96&d=mm&r=g\",\"caption\":\"Potencia Radiof\u00f3nica Dominicana\"},\"url\":\"https:\/\/potenciaradiofonicadominicana.com\/portal\/author\/johannyalmanzar\/\"}]}<\/script>\n<!-- \/ Yoast SEO plugin. -->","yoast_head_json":{"title":"Gobierno implementar\u00e1 inspecci\u00f3n a los veh\u00edculos o \"revista\" a trav\u00e9s de alianza p\u00fablico-privada - PotenciaRadiofonicaDominicana.com","robots":{"index":"index","follow":"follow","max-snippet":"max-snippet:-1","max-image-preview":"max-image-preview:large","max-video-preview":"max-video-preview:-1"},"canonical":"https:\/\/potenciaradiofonicadominicana.com\/portal\/gobierno-implementara-inspeccion-a-los-vehiculos-o-revista-a-traves-de-alianza-publico-privada\/","og_locale":"es_ES","og_type":"article","og_title":"Gobierno implementar\u00e1 inspecci\u00f3n a los veh\u00edculos o \"revista\" a trav\u00e9s de alianza p\u00fablico-privada - PotenciaRadiofonicaDominicana.com","og_description":"El\u00a0Consejo Nacional de Alianzas P\u00fablico Privadas\u00a0(CNAPP), mediante la resoluci\u00f3n 01-2022, declar\u00f3 de inter\u00e9s p\u00fablico la iniciativa privada para la implementaci\u00f3n ...","og_url":"https:\/\/potenciaradiofonicadominicana.com\/portal\/gobierno-implementara-inspeccion-a-los-vehiculos-o-revista-a-traves-de-alianza-publico-privada\/","og_site_name":"PotenciaRadiofonicaDominicana.com","article_publisher":"https:\/\/web.facebook.com\/PotenciaRadiofonicaD","article_published_time":"2022-02-09T13:17:44+00:00","og_image":[{"width":1000,"height":563,"url":"https:\/\/potenciaradiofonicadominicana.com\/portal\/wp-content\/uploads\/2022\/02\/inspeccion-vehicular-3cf3eb86-focus-0-0-895-573.jpg","type":"image\/jpeg"}],"author":"Potencia Radiof\u00f3nica Dominicana","twitter_card":"summary_large_image","twitter_misc":{"Escrito por":"Potencia Radiof\u00f3nica Dominicana","Tiempo de lectura":"3 minutos"},"schema":{"@context":"https:\/\/schema.org","@graph":[{"@type":"Article","@id":"https:\/\/potenciaradiofonicadominicana.com\/portal\/gobierno-implementara-inspeccion-a-los-vehiculos-o-revista-a-traves-de-alianza-publico-privada\/#article","isPartOf":{"@id":"https:\/\/potenciaradiofonicadominicana.com\/portal\/gobierno-implementara-inspeccion-a-los-vehiculos-o-revista-a-traves-de-alianza-publico-privada\/"},"author":{"name":"Potencia Radiof\u00f3nica Dominicana","@id":"https:\/\/potenciaradiofonicadominicana.com\/portal\/#\/schema\/person\/a5cf1fea13877803ee0573ac18b03490"},"headline":"Gobierno implementar\u00e1 inspecci\u00f3n a los veh\u00edculos o \u00abrevista\u00bb a trav\u00e9s de alianza p\u00fablico-privada","datePublished":"2022-02-09T13:17:44+00:00","mainEntityOfPage":{"@id":"https:\/\/potenciaradiofonicadominicana.com\/portal\/gobierno-implementara-inspeccion-a-los-vehiculos-o-revista-a-traves-de-alianza-publico-privada\/"},"wordCount":569,"commentCount":0,"publisher":{"@id":"https:\/\/potenciaradiofonicadominicana.com\/portal\/#organization"},"image":{"@id":"https:\/\/potenciaradiofonicadominicana.com\/portal\/gobierno-implementara-inspeccion-a-los-vehiculos-o-revista-a-traves-de-alianza-publico-privada\/#primaryimage"},"thumbnailUrl":"https:\/\/potenciaradiofonicadominicana.com\/portal\/wp-content\/uploads\/2022\/02\/inspeccion-vehicular-3cf3eb86-focus-0-0-895-573.jpg","articleSection":["Econom\u00eda"],"inLanguage":"es","potentialAction":[{"@type":"CommentAction","name":"Comment","target":["https:\/\/potenciaradiofonicadominicana.com\/portal\/gobierno-implementara-inspeccion-a-los-vehiculos-o-revista-a-traves-de-alianza-publico-privada\/#respond"]}]},{"@type":"WebPage","@id":"https:\/\/potenciaradiofonicadominicana.com\/portal\/gobierno-implementara-inspeccion-a-los-vehiculos-o-revista-a-traves-de-alianza-publico-privada\/","url":"https:\/\/potenciaradiofonicadominicana.com\/portal\/gobierno-implementara-inspeccion-a-los-vehiculos-o-revista-a-traves-de-alianza-publico-privada\/","name":"Gobierno implementar\u00e1 inspecci\u00f3n a los veh\u00edculos o \"revista\" a trav\u00e9s de alianza p\u00fablico-privada - PotenciaRadiofonicaDominicana.com","isPartOf":{"@id":"https:\/\/potenciaradiofonicadominicana.com\/portal\/#website"},"primaryImageOfPage":{"@id":"https:\/\/potenciaradiofonicadominicana.com\/portal\/gobierno-implementara-inspeccion-a-los-vehiculos-o-revista-a-traves-de-alianza-publico-privada\/#primaryimage"},"image":{"@id":"https:\/\/potenciaradiofonicadominicana.com\/portal\/gobierno-implementara-inspeccion-a-los-vehiculos-o-revista-a-traves-de-alianza-publico-privada\/#primaryimage"},"thumbnailUrl":"https:\/\/potenciaradiofonicadominicana.com\/portal\/wp-content\/uploads\/2022\/02\/inspeccion-vehicular-3cf3eb86-focus-0-0-895-573.jpg","datePublished":"2022-02-09T13:17:44+00:00","breadcrumb":{"@id":"https:\/\/potenciaradiofonicadominicana.com\/portal\/gobierno-implementara-inspeccion-a-los-vehiculos-o-revista-a-traves-de-alianza-publico-privada\/#breadcrumb"},"inLanguage":"es","potentialAction":[{"@type":"ReadAction","target":["https:\/\/potenciaradiofonicadominicana.com\/portal\/gobierno-implementara-inspeccion-a-los-vehiculos-o-revista-a-traves-de-alianza-publico-privada\/"]}]},{"@type":"ImageObject","inLanguage":"es","@id":"https:\/\/potenciaradiofonicadominicana.com\/portal\/gobierno-implementara-inspeccion-a-los-vehiculos-o-revista-a-traves-de-alianza-publico-privada\/#primaryimage","url":"https:\/\/potenciaradiofonicadominicana.com\/portal\/wp-content\/uploads\/2022\/02\/inspeccion-vehicular-3cf3eb86-focus-0-0-895-573.jpg","contentUrl":"https:\/\/potenciaradiofonicadominicana.com\/portal\/wp-content\/uploads\/2022\/02\/inspeccion-vehicular-3cf3eb86-focus-0-0-895-573.jpg","width":1000,"height":563},{"@type":"BreadcrumbList","@id":"https:\/\/potenciaradiofonicadominicana.com\/portal\/gobierno-implementara-inspeccion-a-los-vehiculos-o-revista-a-traves-de-alianza-publico-privada\/#breadcrumb","itemListElement":[{"@type":"ListItem","position":1,"name":"Portada","item":"https:\/\/potenciaradiofonicadominicana.com\/portal\/"},{"@type":"ListItem","position":2,"name":"Gobierno implementar\u00e1 inspecci\u00f3n a los veh\u00edculos o \u00abrevista\u00bb a trav\u00e9s de alianza p\u00fablico-privada"}]},{"@type":"WebSite","@id":"https:\/\/potenciaradiofonicadominicana.com\/portal\/#website","url":"https:\/\/potenciaradiofonicadominicana.com\/portal\/","name":"PotenciaRadiofonicaDominicana.com","description":"Peri\u00f3dico Digital","publisher":{"@id":"https:\/\/potenciaradiofonicadominicana.com\/portal\/#organization"},"potentialAction":[{"@type":"SearchAction","target":{"@type":"EntryPoint","urlTemplate":"https:\/\/potenciaradiofonicadominicana.com\/portal\/?s={search_term_string}"},"query-input":{"@type":"PropertyValueSpecification","valueRequired":true,"valueName":"search_term_string"}}],"inLanguage":"es"},{"@type":"Organization","@id":"https:\/\/potenciaradiofonicadominicana.com\/portal\/#organization","name":"PotenciaRadiofonicaDominicana.com","url":"https:\/\/potenciaradiofonicadominicana.com\/portal\/","logo":{"@type":"ImageObject","inLanguage":"es","@id":"https:\/\/potenciaradiofonicadominicana.com\/portal\/#\/schema\/logo\/image\/","url":"https:\/\/potenciaradiofonicadominicana.com\/portal\/wp-content\/uploads\/2022\/01\/descarga.png","contentUrl":"https:\/\/potenciaradiofonicadominicana.com\/portal\/wp-content\/uploads\/2022\/01\/descarga.png","width":300,"height":100,"caption":"PotenciaRadiofonicaDominicana.com"},"image":{"@id":"https:\/\/potenciaradiofonicadominicana.com\/portal\/#\/schema\/logo\/image\/"},"sameAs":["https:\/\/web.facebook.com\/PotenciaRadiofonicaD"]},{"@type":"Person","@id":"https:\/\/potenciaradiofonicadominicana.com\/portal\/#\/schema\/person\/a5cf1fea13877803ee0573ac18b03490","name":"Potencia Radiof\u00f3nica Dominicana","image":{"@type":"ImageObject","inLanguage":"es","@id":"https:\/\/potenciaradiofonicadominicana.com\/portal\/#\/schema\/person\/image\/","url":"https:\/\/secure.gravatar.com\/avatar\/42a55ab9e8ccc656ba34cd791990602a?s=96&d=mm&r=g","contentUrl":"https:\/\/secure.gravatar.com\/avatar\/42a55ab9e8ccc656ba34cd791990602a?s=96&d=mm&r=g","caption":"Potencia Radiof\u00f3nica Dominicana"},"url":"https:\/\/potenciaradiofonicadominicana.com\/portal\/author\/johannyalmanzar\/"}]}},"_links":{"self":[{"href":"https:\/\/potenciaradiofonicadominicana.com\/portal\/wp-json\/wp\/v2\/posts\/115523","targetHints":{"allow":["GET"]}}],"collection":[{"href":"https:\/\/potenciaradiofonicadominicana.com\/portal\/wp-json\/wp\/v2\/posts"}],"about":[{"href":"https:\/\/potenciaradiofonicadominicana.com\/portal\/wp-json\/wp\/v2\/types\/post"}],"author":[{"embeddable":true,"href":"https:\/\/potenciaradiofonicadominicana.com\/portal\/wp-json\/wp\/v2\/users\/2"}],"replies":[{"embeddable":true,"href":"https:\/\/potenciaradiofonicadominicana.com\/portal\/wp-json\/wp\/v2\/comments?post=115523"}],"version-history":[{"count":1,"href":"https:\/\/potenciaradiofonicadominicana.com\/portal\/wp-json\/wp\/v2\/posts\/115523\/revisions"}],"predecessor-version":[{"id":115534,"href":"https:\/\/potenciaradiofonicadominicana.com\/portal\/wp-json\/wp\/v2\/posts\/115523\/revisions\/115534"}],"wp:featuredmedia":[{"embeddable":true,"href":"https:\/\/potenciaradiofonicadominicana.com\/portal\/wp-json\/wp\/v2\/media\/115528"}],"wp:attachment":[{"href":"https:\/\/potenciaradiofonicadominicana.com\/portal\/wp-json\/wp\/v2\/media?parent=115523"}],"wp:term":[{"taxonomy":"category","embeddable":true,"href":"https:\/\/potenciaradiofonicadominicana.com\/portal\/wp-json\/wp\/v2\/categories?post=115523"},{"taxonomy":"post_tag","embeddable":true,"href":"https:\/\/potenciaradiofonicadominicana.com\/portal\/wp-json\/wp\/v2\/tags?post=115523"}],"curies":[{"name":"wp","href":"https:\/\/api.w.org\/{rel}","templated":true}]}}