{"id":115347,"date":"2022-02-07T09:05:58","date_gmt":"2022-02-07T13:05:58","guid":{"rendered":"https:\/\/potenciaradiofonicadominicana.com\/portal\/?p=115347"},"modified":"2022-02-07T09:05:58","modified_gmt":"2022-02-07T13:05:58","slug":"el-retorno-de-la-casa-del-terror","status":"publish","type":"post","link":"https:\/\/potenciaradiofonicadominicana.com\/portal\/el-retorno-de-la-casa-del-terror\/","title":{"rendered":"El retorno de \u00abla casa del terror\u00bb"},"content":{"rendered":"<p><a href=\"https:\/\/potenciaradiofonicadominicana.com\/portal\/wp-content\/uploads\/2022\/02\/el-retorno-de-la-casa-del-terror.jpeg\"><img loading=\"lazy\" decoding=\"async\" class=\"alignnone size-full wp-image-115349\" src=\"https:\/\/potenciaradiofonicadominicana.com\/portal\/wp-content\/uploads\/2022\/02\/el-retorno-de-la-casa-del-terror.jpeg\" alt=\"\" width=\"680\" height=\"453\" srcset=\"https:\/\/potenciaradiofonicadominicana.com\/portal\/wp-content\/uploads\/2022\/02\/el-retorno-de-la-casa-del-terror.jpeg 680w, https:\/\/potenciaradiofonicadominicana.com\/portal\/wp-content\/uploads\/2022\/02\/el-retorno-de-la-casa-del-terror-300x200.jpeg 300w\" sizes=\"auto, (max-width: 680px) 100vw, 680px\" \/><\/a><\/p>\n<p>En un recorrido por diferentes mercados de la capital del pa\u00eds, se observa una queja general en\u00a0 los ciudadanos quienes aseguran no saber qu\u00e9 har\u00e1n si el costo de la vida contin\u00faa ascendiendo \u00a0de manera desproporcionada.<\/p>\n<p>Desde culpar a \u201cIto Bison\u00f3\u201d, al \u201cGobierno del Cambio\u201d,\u201d los combustibles\u201d y \u201cla deuda externa\u201d, los compradores, cabezas de familia, madres solteras y proveedores del hogar buscan un culpable de sus penurias econ\u00f3micas, ya que incluso algunos sienten que el poco sustento que tienen para sobrevivir les alcanza cada d\u00eda menos para sus gastos fijos.<\/p>\n<p>Al cruzar las puertas del Mercado de Villa Consuelo, el ambiente reflejaba la misma cr\u00edtica de los consumidores. Don Demetrio Ru\u00edz, narr\u00f3 su diario vivir en las instalaciones de este ya que tiene 20 a\u00f1os viviendo del oficio de ofrecer productos a sus moradores, \u201cHay cosas que han escaseado, la gente est\u00e1 comprando menos, pero este b\u00edblico las cosas ir\u00e1n de mal en peor\u201d.<\/p>\n<p>Justo en el instante que Desiderio explicaba a miembros de la prensa de este peri\u00f3dico dicha situaci\u00f3n, una de sus clientes asiduas, Ana, se quejaba de el alto precio de la auyama, \u201c \u00a1pero Ruiz como que ese pedacito de auyama est\u00e1 a 15 pesos! \u201d, a lo que Desiderio solo se limit\u00f3 a decirle \u201ctodo subi\u00f3\u201d.<\/p>\n<p>Juan P\u00e9rez, quien es due\u00f1o del comercio de especias\u00a0\u201cLa Plazita\u201d, tiene como emprendedor\u00a0 dos a\u00f1os, cont\u00f3 c\u00f3mo el alza de los precios afecta sus ventas diarias.<\/p>\n<p>\u201cHay diferencias en c\u00f3mo la gente compraba antes en comparaci\u00f3n como lo hace ahora, las personas quieren productos detallados y la verdad es que como est\u00e1 la cosa uno debe venderlo por paquete o libras dependiendo para rendir los chelitos\u201d, acot\u00f3 P\u00e9rez.<\/p>\n<p><a href=\"https:\/\/potenciaradiofonicadominicana.com\/portal\/wp-content\/uploads\/2022\/02\/el-retorno-de-la-casa-del-terror-1.jpeg\"><img loading=\"lazy\" decoding=\"async\" class=\"alignnone size-full wp-image-115352\" src=\"https:\/\/potenciaradiofonicadominicana.com\/portal\/wp-content\/uploads\/2022\/02\/el-retorno-de-la-casa-del-terror-1.jpeg\" alt=\"\" width=\"680\" height=\"453\" srcset=\"https:\/\/potenciaradiofonicadominicana.com\/portal\/wp-content\/uploads\/2022\/02\/el-retorno-de-la-casa-del-terror-1.jpeg 680w, https:\/\/potenciaradiofonicadominicana.com\/portal\/wp-content\/uploads\/2022\/02\/el-retorno-de-la-casa-del-terror-1-300x200.jpeg 300w\" sizes=\"auto, (max-width: 680px) 100vw, 680px\" \/><\/a><\/p>\n<div id=\"doc\">\n<div id=\"bd\">\n<div class=\"content\">\n<div id=\"content1\">\n<div id=\"article_zone\">\n<div id=\"ArticleBody\">\n<p>En la carnicer\u00eda Dani Chac\u00f3n, quien siente los incrementos por doble v\u00eda, ya que es consumidor pero tambi\u00e9n tiene un negocio ambulante de comida r\u00e1pida llamado\u00a0Chac\u00f3n Chef, el cual se sit\u00faa en las inmediaciones \u00a0del sector.<\/p>\n<p>Chac\u00f3n dijo, \u201csi los combustibles siguen subiendo me costar\u00e1 vender la guagua, yo soy padre de tres ni\u00f1os y sobrevivo porque tengo m\u00ed negocio, cada vez que algo sube yo tengo que cambiarle algo a mis precios, le doy gracias a Dios ya que tengo de donde vivir, no me imagino como se hacen los que no tienen nada\u201d.<\/p>\n<p>Dentro de una decena de hermosas rosas, pompones, claveles y otras especies de flora local, Marta L\u00f3pez en su puesto de flores, donde \u00a0labora desde el a\u00f1o 2000, explica que vende un producto que baja y sube constantemente, \u201cnunca pens\u00e9 que de comprar un paquete de flores a 50 pesos ahora si no es con 500 o un chin m\u00e1s no hay venta\u201d, declar\u00f3 Marta.<\/p>\n<p><img decoding=\"async\" src=\"https:\/\/images2.listindiario.com\/imagen\/2022\/02\/06\/708\/707975\/680x460\/202202062234004\/el-retorno-de-la-casa-del-terror.jpeg\" alt=\"\" \/><\/p>\n<p>Hasta quienes se dedican al comercio de la magia han denotado su sentir sobre la situaci\u00f3n actual que acoge al pa\u00eds. En la bot\u00e1nica San Miguel, Jos\u00e9 Mendez que tiene un negocio familiar desde hace 40 a\u00f1os, que fue pasando de generaci\u00f3n \u00a0en generaci\u00f3n, emiti\u00f3 su pensamiento.<\/p>\n<p>\u201c\u00bfMi hija y lo que t\u00fa est\u00e1s viendo y viviendo se pregunta?,\u00a0 todo est\u00e1 caro, yo compraba el amon\u00edaco en 150 pesos y ese mismo tama\u00f1o es de 450 pesos, con el pasar de los d\u00edas esto \u201cmete miedo \u00ab\u00bb.<\/p>\n<\/div>\n<div><\/div>\n<\/div>\n<div id=\"M651914ScriptRootC1133998_0e088\"><\/div>\n<\/div>\n<\/div>\n<\/div>\n<\/div>\n<div id=\"stikyBar\" class=\"stikyShowHide\"><\/div>\n","protected":false},"excerpt":{"rendered":"<p>En un recorrido por diferentes mercados de la capital del pa\u00eds, se observa una queja general en\u00a0 los ciudadanos quienes &#8230;<\/p>\n","protected":false},"author":2,"featured_media":115352,"comment_status":"open","ping_status":"open","sticky":false,"template":"","format":"standard","meta":{"footnotes":""},"categories":[26],"tags":[],"class_list":["post-115347","post","type-post","status-publish","format-standard","has-post-thumbnail","hentry","category-economia"],"yoast_head":"<!-- This site is optimized with the Yoast SEO plugin v24.8.1 - https:\/\/yoast.com\/wordpress\/plugins\/seo\/ -->\n<title>El retorno de &quot;la casa del terror&quot; - PotenciaRadiofonicaDominicana.com<\/title>\n<meta name=\"robots\" content=\"index, follow, max-snippet:-1, max-image-preview:large, max-video-preview:-1\" \/>\n<link rel=\"canonical\" href=\"https:\/\/potenciaradiofonicadominicana.com\/portal\/el-retorno-de-la-casa-del-terror\/\" \/>\n<meta property=\"og:locale\" content=\"es_ES\" \/>\n<meta property=\"og:type\" content=\"article\" \/>\n<meta property=\"og:title\" content=\"El retorno de &quot;la casa del terror&quot; - PotenciaRadiofonicaDominicana.com\" \/>\n<meta property=\"og:description\" content=\"En un recorrido por diferentes mercados de la capital del pa\u00eds, se observa una queja general en\u00a0 los ciudadanos quienes ...\" \/>\n<meta property=\"og:url\" content=\"https:\/\/potenciaradiofonicadominicana.com\/portal\/el-retorno-de-la-casa-del-terror\/\" \/>\n<meta property=\"og:site_name\" content=\"PotenciaRadiofonicaDominicana.com\" \/>\n<meta property=\"article:publisher\" content=\"https:\/\/web.facebook.com\/PotenciaRadiofonicaD\" \/>\n<meta property=\"article:published_time\" content=\"2022-02-07T13:05:58+00:00\" \/>\n<meta property=\"og:image\" content=\"https:\/\/potenciaradiofonicadominicana.com\/portal\/wp-content\/uploads\/2022\/02\/el-retorno-de-la-casa-del-terror-1.jpeg\" \/>\n\t<meta property=\"og:image:width\" content=\"680\" \/>\n\t<meta property=\"og:image:height\" content=\"453\" \/>\n\t<meta property=\"og:image:type\" content=\"image\/jpeg\" \/>\n<meta name=\"author\" content=\"Potencia Radiof\u00f3nica Dominicana\" \/>\n<meta name=\"twitter:card\" content=\"summary_large_image\" \/>\n<meta name=\"twitter:label1\" content=\"Escrito por\" \/>\n\t<meta name=\"twitter:data1\" content=\"Potencia Radiof\u00f3nica Dominicana\" \/>\n\t<meta name=\"twitter:label2\" content=\"Tiempo de lectura\" \/>\n\t<meta name=\"twitter:data2\" content=\"3 minutos\" \/>\n<script type=\"application\/ld+json\" class=\"yoast-schema-graph\">{\"@context\":\"https:\/\/schema.org\",\"@graph\":[{\"@type\":\"Article\",\"@id\":\"https:\/\/potenciaradiofonicadominicana.com\/portal\/el-retorno-de-la-casa-del-terror\/#article\",\"isPartOf\":{\"@id\":\"https:\/\/potenciaradiofonicadominicana.com\/portal\/el-retorno-de-la-casa-del-terror\/\"},\"author\":{\"name\":\"Potencia Radiof\u00f3nica Dominicana\",\"@id\":\"https:\/\/potenciaradiofonicadominicana.com\/portal\/#\/schema\/person\/a5cf1fea13877803ee0573ac18b03490\"},\"headline\":\"El retorno de \u00abla casa del terror\u00bb\",\"datePublished\":\"2022-02-07T13:05:58+00:00\",\"mainEntityOfPage\":{\"@id\":\"https:\/\/potenciaradiofonicadominicana.com\/portal\/el-retorno-de-la-casa-del-terror\/\"},\"wordCount\":567,\"commentCount\":0,\"publisher\":{\"@id\":\"https:\/\/potenciaradiofonicadominicana.com\/portal\/#organization\"},\"image\":{\"@id\":\"https:\/\/potenciaradiofonicadominicana.com\/portal\/el-retorno-de-la-casa-del-terror\/#primaryimage\"},\"thumbnailUrl\":\"https:\/\/potenciaradiofonicadominicana.com\/portal\/wp-content\/uploads\/2022\/02\/el-retorno-de-la-casa-del-terror-1.jpeg\",\"articleSection\":[\"Econom\u00eda\"],\"inLanguage\":\"es\",\"potentialAction\":[{\"@type\":\"CommentAction\",\"name\":\"Comment\",\"target\":[\"https:\/\/potenciaradiofonicadominicana.com\/portal\/el-retorno-de-la-casa-del-terror\/#respond\"]}]},{\"@type\":\"WebPage\",\"@id\":\"https:\/\/potenciaradiofonicadominicana.com\/portal\/el-retorno-de-la-casa-del-terror\/\",\"url\":\"https:\/\/potenciaradiofonicadominicana.com\/portal\/el-retorno-de-la-casa-del-terror\/\",\"name\":\"El retorno de \\\"la casa del terror\\\" - PotenciaRadiofonicaDominicana.com\",\"isPartOf\":{\"@id\":\"https:\/\/potenciaradiofonicadominicana.com\/portal\/#website\"},\"primaryImageOfPage\":{\"@id\":\"https:\/\/potenciaradiofonicadominicana.com\/portal\/el-retorno-de-la-casa-del-terror\/#primaryimage\"},\"image\":{\"@id\":\"https:\/\/potenciaradiofonicadominicana.com\/portal\/el-retorno-de-la-casa-del-terror\/#primaryimage\"},\"thumbnailUrl\":\"https:\/\/potenciaradiofonicadominicana.com\/portal\/wp-content\/uploads\/2022\/02\/el-retorno-de-la-casa-del-terror-1.jpeg\",\"datePublished\":\"2022-02-07T13:05:58+00:00\",\"breadcrumb\":{\"@id\":\"https:\/\/potenciaradiofonicadominicana.com\/portal\/el-retorno-de-la-casa-del-terror\/#breadcrumb\"},\"inLanguage\":\"es\",\"potentialAction\":[{\"@type\":\"ReadAction\",\"target\":[\"https:\/\/potenciaradiofonicadominicana.com\/portal\/el-retorno-de-la-casa-del-terror\/\"]}]},{\"@type\":\"ImageObject\",\"inLanguage\":\"es\",\"@id\":\"https:\/\/potenciaradiofonicadominicana.com\/portal\/el-retorno-de-la-casa-del-terror\/#primaryimage\",\"url\":\"https:\/\/potenciaradiofonicadominicana.com\/portal\/wp-content\/uploads\/2022\/02\/el-retorno-de-la-casa-del-terror-1.jpeg\",\"contentUrl\":\"https:\/\/potenciaradiofonicadominicana.com\/portal\/wp-content\/uploads\/2022\/02\/el-retorno-de-la-casa-del-terror-1.jpeg\",\"width\":680,\"height\":453},{\"@type\":\"BreadcrumbList\",\"@id\":\"https:\/\/potenciaradiofonicadominicana.com\/portal\/el-retorno-de-la-casa-del-terror\/#breadcrumb\",\"itemListElement\":[{\"@type\":\"ListItem\",\"position\":1,\"name\":\"Portada\",\"item\":\"https:\/\/potenciaradiofonicadominicana.com\/portal\/\"},{\"@type\":\"ListItem\",\"position\":2,\"name\":\"El retorno de \u00abla casa del terror\u00bb\"}]},{\"@type\":\"WebSite\",\"@id\":\"https:\/\/potenciaradiofonicadominicana.com\/portal\/#website\",\"url\":\"https:\/\/potenciaradiofonicadominicana.com\/portal\/\",\"name\":\"PotenciaRadiofonicaDominicana.com\",\"description\":\"Peri\u00f3dico Digital\",\"publisher\":{\"@id\":\"https:\/\/potenciaradiofonicadominicana.com\/portal\/#organization\"},\"potentialAction\":[{\"@type\":\"SearchAction\",\"target\":{\"@type\":\"EntryPoint\",\"urlTemplate\":\"https:\/\/potenciaradiofonicadominicana.com\/portal\/?s={search_term_string}\"},\"query-input\":{\"@type\":\"PropertyValueSpecification\",\"valueRequired\":true,\"valueName\":\"search_term_string\"}}],\"inLanguage\":\"es\"},{\"@type\":\"Organization\",\"@id\":\"https:\/\/potenciaradiofonicadominicana.com\/portal\/#organization\",\"name\":\"PotenciaRadiofonicaDominicana.com\",\"url\":\"https:\/\/potenciaradiofonicadominicana.com\/portal\/\",\"logo\":{\"@type\":\"ImageObject\",\"inLanguage\":\"es\",\"@id\":\"https:\/\/potenciaradiofonicadominicana.com\/portal\/#\/schema\/logo\/image\/\",\"url\":\"https:\/\/potenciaradiofonicadominicana.com\/portal\/wp-content\/uploads\/2022\/01\/descarga.png\",\"contentUrl\":\"https:\/\/potenciaradiofonicadominicana.com\/portal\/wp-content\/uploads\/2022\/01\/descarga.png\",\"width\":300,\"height\":100,\"caption\":\"PotenciaRadiofonicaDominicana.com\"},\"image\":{\"@id\":\"https:\/\/potenciaradiofonicadominicana.com\/portal\/#\/schema\/logo\/image\/\"},\"sameAs\":[\"https:\/\/web.facebook.com\/PotenciaRadiofonicaD\"]},{\"@type\":\"Person\",\"@id\":\"https:\/\/potenciaradiofonicadominicana.com\/portal\/#\/schema\/person\/a5cf1fea13877803ee0573ac18b03490\",\"name\":\"Potencia Radiof\u00f3nica Dominicana\",\"image\":{\"@type\":\"ImageObject\",\"inLanguage\":\"es\",\"@id\":\"https:\/\/potenciaradiofonicadominicana.com\/portal\/#\/schema\/person\/image\/\",\"url\":\"https:\/\/secure.gravatar.com\/avatar\/42a55ab9e8ccc656ba34cd791990602a?s=96&d=mm&r=g\",\"contentUrl\":\"https:\/\/secure.gravatar.com\/avatar\/42a55ab9e8ccc656ba34cd791990602a?s=96&d=mm&r=g\",\"caption\":\"Potencia Radiof\u00f3nica Dominicana\"},\"url\":\"https:\/\/potenciaradiofonicadominicana.com\/portal\/author\/johannyalmanzar\/\"}]}<\/script>\n<!-- \/ Yoast SEO plugin. -->","yoast_head_json":{"title":"El retorno de \"la casa del terror\" - PotenciaRadiofonicaDominicana.com","robots":{"index":"index","follow":"follow","max-snippet":"max-snippet:-1","max-image-preview":"max-image-preview:large","max-video-preview":"max-video-preview:-1"},"canonical":"https:\/\/potenciaradiofonicadominicana.com\/portal\/el-retorno-de-la-casa-del-terror\/","og_locale":"es_ES","og_type":"article","og_title":"El retorno de \"la casa del terror\" - PotenciaRadiofonicaDominicana.com","og_description":"En un recorrido por diferentes mercados de la capital del pa\u00eds, se observa una queja general en\u00a0 los ciudadanos quienes ...","og_url":"https:\/\/potenciaradiofonicadominicana.com\/portal\/el-retorno-de-la-casa-del-terror\/","og_site_name":"PotenciaRadiofonicaDominicana.com","article_publisher":"https:\/\/web.facebook.com\/PotenciaRadiofonicaD","article_published_time":"2022-02-07T13:05:58+00:00","og_image":[{"width":680,"height":453,"url":"https:\/\/potenciaradiofonicadominicana.com\/portal\/wp-content\/uploads\/2022\/02\/el-retorno-de-la-casa-del-terror-1.jpeg","type":"image\/jpeg"}],"author":"Potencia Radiof\u00f3nica Dominicana","twitter_card":"summary_large_image","twitter_misc":{"Escrito por":"Potencia Radiof\u00f3nica Dominicana","Tiempo de lectura":"3 minutos"},"schema":{"@context":"https:\/\/schema.org","@graph":[{"@type":"Article","@id":"https:\/\/potenciaradiofonicadominicana.com\/portal\/el-retorno-de-la-casa-del-terror\/#article","isPartOf":{"@id":"https:\/\/potenciaradiofonicadominicana.com\/portal\/el-retorno-de-la-casa-del-terror\/"},"author":{"name":"Potencia Radiof\u00f3nica Dominicana","@id":"https:\/\/potenciaradiofonicadominicana.com\/portal\/#\/schema\/person\/a5cf1fea13877803ee0573ac18b03490"},"headline":"El retorno de \u00abla casa del terror\u00bb","datePublished":"2022-02-07T13:05:58+00:00","mainEntityOfPage":{"@id":"https:\/\/potenciaradiofonicadominicana.com\/portal\/el-retorno-de-la-casa-del-terror\/"},"wordCount":567,"commentCount":0,"publisher":{"@id":"https:\/\/potenciaradiofonicadominicana.com\/portal\/#organization"},"image":{"@id":"https:\/\/potenciaradiofonicadominicana.com\/portal\/el-retorno-de-la-casa-del-terror\/#primaryimage"},"thumbnailUrl":"https:\/\/potenciaradiofonicadominicana.com\/portal\/wp-content\/uploads\/2022\/02\/el-retorno-de-la-casa-del-terror-1.jpeg","articleSection":["Econom\u00eda"],"inLanguage":"es","potentialAction":[{"@type":"CommentAction","name":"Comment","target":["https:\/\/potenciaradiofonicadominicana.com\/portal\/el-retorno-de-la-casa-del-terror\/#respond"]}]},{"@type":"WebPage","@id":"https:\/\/potenciaradiofonicadominicana.com\/portal\/el-retorno-de-la-casa-del-terror\/","url":"https:\/\/potenciaradiofonicadominicana.com\/portal\/el-retorno-de-la-casa-del-terror\/","name":"El retorno de \"la casa del terror\" - PotenciaRadiofonicaDominicana.com","isPartOf":{"@id":"https:\/\/potenciaradiofonicadominicana.com\/portal\/#website"},"primaryImageOfPage":{"@id":"https:\/\/potenciaradiofonicadominicana.com\/portal\/el-retorno-de-la-casa-del-terror\/#primaryimage"},"image":{"@id":"https:\/\/potenciaradiofonicadominicana.com\/portal\/el-retorno-de-la-casa-del-terror\/#primaryimage"},"thumbnailUrl":"https:\/\/potenciaradiofonicadominicana.com\/portal\/wp-content\/uploads\/2022\/02\/el-retorno-de-la-casa-del-terror-1.jpeg","datePublished":"2022-02-07T13:05:58+00:00","breadcrumb":{"@id":"https:\/\/potenciaradiofonicadominicana.com\/portal\/el-retorno-de-la-casa-del-terror\/#breadcrumb"},"inLanguage":"es","potentialAction":[{"@type":"ReadAction","target":["https:\/\/potenciaradiofonicadominicana.com\/portal\/el-retorno-de-la-casa-del-terror\/"]}]},{"@type":"ImageObject","inLanguage":"es","@id":"https:\/\/potenciaradiofonicadominicana.com\/portal\/el-retorno-de-la-casa-del-terror\/#primaryimage","url":"https:\/\/potenciaradiofonicadominicana.com\/portal\/wp-content\/uploads\/2022\/02\/el-retorno-de-la-casa-del-terror-1.jpeg","contentUrl":"https:\/\/potenciaradiofonicadominicana.com\/portal\/wp-content\/uploads\/2022\/02\/el-retorno-de-la-casa-del-terror-1.jpeg","width":680,"height":453},{"@type":"BreadcrumbList","@id":"https:\/\/potenciaradiofonicadominicana.com\/portal\/el-retorno-de-la-casa-del-terror\/#breadcrumb","itemListElement":[{"@type":"ListItem","position":1,"name":"Portada","item":"https:\/\/potenciaradiofonicadominicana.com\/portal\/"},{"@type":"ListItem","position":2,"name":"El retorno de \u00abla casa del terror\u00bb"}]},{"@type":"WebSite","@id":"https:\/\/potenciaradiofonicadominicana.com\/portal\/#website","url":"https:\/\/potenciaradiofonicadominicana.com\/portal\/","name":"PotenciaRadiofonicaDominicana.com","description":"Peri\u00f3dico Digital","publisher":{"@id":"https:\/\/potenciaradiofonicadominicana.com\/portal\/#organization"},"potentialAction":[{"@type":"SearchAction","target":{"@type":"EntryPoint","urlTemplate":"https:\/\/potenciaradiofonicadominicana.com\/portal\/?s={search_term_string}"},"query-input":{"@type":"PropertyValueSpecification","valueRequired":true,"valueName":"search_term_string"}}],"inLanguage":"es"},{"@type":"Organization","@id":"https:\/\/potenciaradiofonicadominicana.com\/portal\/#organization","name":"PotenciaRadiofonicaDominicana.com","url":"https:\/\/potenciaradiofonicadominicana.com\/portal\/","logo":{"@type":"ImageObject","inLanguage":"es","@id":"https:\/\/potenciaradiofonicadominicana.com\/portal\/#\/schema\/logo\/image\/","url":"https:\/\/potenciaradiofonicadominicana.com\/portal\/wp-content\/uploads\/2022\/01\/descarga.png","contentUrl":"https:\/\/potenciaradiofonicadominicana.com\/portal\/wp-content\/uploads\/2022\/01\/descarga.png","width":300,"height":100,"caption":"PotenciaRadiofonicaDominicana.com"},"image":{"@id":"https:\/\/potenciaradiofonicadominicana.com\/portal\/#\/schema\/logo\/image\/"},"sameAs":["https:\/\/web.facebook.com\/PotenciaRadiofonicaD"]},{"@type":"Person","@id":"https:\/\/potenciaradiofonicadominicana.com\/portal\/#\/schema\/person\/a5cf1fea13877803ee0573ac18b03490","name":"Potencia Radiof\u00f3nica Dominicana","image":{"@type":"ImageObject","inLanguage":"es","@id":"https:\/\/potenciaradiofonicadominicana.com\/portal\/#\/schema\/person\/image\/","url":"https:\/\/secure.gravatar.com\/avatar\/42a55ab9e8ccc656ba34cd791990602a?s=96&d=mm&r=g","contentUrl":"https:\/\/secure.gravatar.com\/avatar\/42a55ab9e8ccc656ba34cd791990602a?s=96&d=mm&r=g","caption":"Potencia Radiof\u00f3nica Dominicana"},"url":"https:\/\/potenciaradiofonicadominicana.com\/portal\/author\/johannyalmanzar\/"}]}},"_links":{"self":[{"href":"https:\/\/potenciaradiofonicadominicana.com\/portal\/wp-json\/wp\/v2\/posts\/115347","targetHints":{"allow":["GET"]}}],"collection":[{"href":"https:\/\/potenciaradiofonicadominicana.com\/portal\/wp-json\/wp\/v2\/posts"}],"about":[{"href":"https:\/\/potenciaradiofonicadominicana.com\/portal\/wp-json\/wp\/v2\/types\/post"}],"author":[{"embeddable":true,"href":"https:\/\/potenciaradiofonicadominicana.com\/portal\/wp-json\/wp\/v2\/users\/2"}],"replies":[{"embeddable":true,"href":"https:\/\/potenciaradiofonicadominicana.com\/portal\/wp-json\/wp\/v2\/comments?post=115347"}],"version-history":[{"count":1,"href":"https:\/\/potenciaradiofonicadominicana.com\/portal\/wp-json\/wp\/v2\/posts\/115347\/revisions"}],"predecessor-version":[{"id":115357,"href":"https:\/\/potenciaradiofonicadominicana.com\/portal\/wp-json\/wp\/v2\/posts\/115347\/revisions\/115357"}],"wp:featuredmedia":[{"embeddable":true,"href":"https:\/\/potenciaradiofonicadominicana.com\/portal\/wp-json\/wp\/v2\/media\/115352"}],"wp:attachment":[{"href":"https:\/\/potenciaradiofonicadominicana.com\/portal\/wp-json\/wp\/v2\/media?parent=115347"}],"wp:term":[{"taxonomy":"category","embeddable":true,"href":"https:\/\/potenciaradiofonicadominicana.com\/portal\/wp-json\/wp\/v2\/categories?post=115347"},{"taxonomy":"post_tag","embeddable":true,"href":"https:\/\/potenciaradiofonicadominicana.com\/portal\/wp-json\/wp\/v2\/tags?post=115347"}],"curies":[{"name":"wp","href":"https:\/\/api.w.org\/{rel}","templated":true}]}}