{"id":115340,"date":"2022-02-07T09:01:32","date_gmt":"2022-02-07T13:01:32","guid":{"rendered":"https:\/\/potenciaradiofonicadominicana.com\/portal\/?p=115340"},"modified":"2022-02-07T09:01:32","modified_gmt":"2022-02-07T13:01:32","slug":"iad-entrega-de-titulos-a-productores-del-sur-es-un-respaldo-del-gobierno","status":"publish","type":"post","link":"https:\/\/potenciaradiofonicadominicana.com\/portal\/iad-entrega-de-titulos-a-productores-del-sur-es-un-respaldo-del-gobierno\/","title":{"rendered":"IAD: entrega de t\u00edtulos a productores del Sur, es un respaldo del gobierno"},"content":{"rendered":"<p><a href=\"https:\/\/potenciaradiofonicadominicana.com\/portal\/wp-content\/uploads\/2022\/02\/WhatsApp-Image-2022-02-06-at-7.26.01-PM-1.jpeg\"><img loading=\"lazy\" decoding=\"async\" class=\"alignnone size-full wp-image-115341\" src=\"https:\/\/potenciaradiofonicadominicana.com\/portal\/wp-content\/uploads\/2022\/02\/WhatsApp-Image-2022-02-06-at-7.26.01-PM-1.jpeg\" alt=\"\" width=\"1200\" height=\"618\" srcset=\"https:\/\/potenciaradiofonicadominicana.com\/portal\/wp-content\/uploads\/2022\/02\/WhatsApp-Image-2022-02-06-at-7.26.01-PM-1.jpeg 1200w, https:\/\/potenciaradiofonicadominicana.com\/portal\/wp-content\/uploads\/2022\/02\/WhatsApp-Image-2022-02-06-at-7.26.01-PM-1-300x155.jpeg 300w, https:\/\/potenciaradiofonicadominicana.com\/portal\/wp-content\/uploads\/2022\/02\/WhatsApp-Image-2022-02-06-at-7.26.01-PM-1-768x396.jpeg 768w, https:\/\/potenciaradiofonicadominicana.com\/portal\/wp-content\/uploads\/2022\/02\/WhatsApp-Image-2022-02-06-at-7.26.01-PM-1-1024x527.jpeg 1024w\" sizes=\"auto, (max-width: 1200px) 100vw, 1200px\" \/><\/a><\/p>\n<p>Neyba, Bahoruco: El director general del Instituto Agrario Dominicano (IAD),\u00a0Francisco Guillermo Garc\u00eda\u00a0afirm\u00f3 que la entrega de hoy de 566 t\u00edtulos provisionales a igual n\u00famero de familias beneficiadas de la provincia Bahoruco, forma parte de la pol\u00edtica del gobierno de Luis Abinader, de respaldo a los peque\u00f1os y medianos productores agr\u00edcolas de la regi\u00f3n Sur del pa\u00eds.<\/p>\n<p>El director del IAD enfatiz\u00f3 que acciones como la entrega de estos t\u00edtulos llegan a feliz t\u00e9rmino despu\u00e9s de meses de trabajo constante para buscar soluciones pertinentes a los problemas planteados, se\u00f1alando que es la mejor manera de hacer patria, precisamente ahora que estamos celebrando el Mes de la Patria.<\/p>\n<p>Guillermo Garc\u00eda al pronunciar el discurso central en el acto de entrega de certificados de t\u00edtulos provisionales, con la presencia del primer Mandatario, dijo que los terrenos en donde est\u00e1n ubicadas las parcelas beneficiadas pertenecen al sector San Rafael, secci\u00f3n Batey Santana de Tamayo, Bahoruco.<\/p>\n<p>Detall\u00f3 que estos\u00a0t\u00edtulos\u00a0abarcan una extensi\u00f3n de 14 mil 138 tareas, aptas para el cultivo de diversos rubros e incluyen a beneficiarios de los parajes Guanarate, Santana, Los Conuquitos, Bayahonda y zonas de Vicente Noble, en Barahona. Adem\u00e1s, las comunidades de La Piedra, Las Tejas, Las S\u00e1bilas y Bateicito,<\/p>\n<p>Especific\u00f3 el funcionario que los parceleros que obtuvieron sus t\u00edtulos provisionales est\u00e1n ubicados en el asentamiento campesino AC-550, Jos\u00e9 Francisco Pe\u00f1a G\u00f3mez, l\u00edder hist\u00f3rico, quien entreg\u00f3 su vida en defensa de los marginados de la fortuna en la Rep\u00fablica Dominicana.<\/p>\n<div class=\"wp-block-image\">\n<figure class=\"aligncenter size-large\"><img loading=\"lazy\" decoding=\"async\" class=\"wp-image-2425376\" src=\"https:\/\/hoy.com.do\/wp-content\/uploads\/2022\/02\/WhatsApp-Image-2022-02-06-at-7.26.01-PM-800x369.jpeg\" sizes=\"auto, (max-width: 800px) 100vw, 800px\" srcset=\"https:\/\/hoy.com.do\/wp-content\/uploads\/2022\/02\/WhatsApp-Image-2022-02-06-at-7.26.01-PM-800x369.jpeg 800w, https:\/\/hoy.com.do\/wp-content\/uploads\/2022\/02\/WhatsApp-Image-2022-02-06-at-7.26.01-PM-530x245.jpeg 530w, https:\/\/hoy.com.do\/wp-content\/uploads\/2022\/02\/WhatsApp-Image-2022-02-06-at-7.26.01-PM.jpeg 1200w\" alt=\"\" width=\"800\" height=\"369\" \/><figcaption>Durante la actividad<\/figcaption><\/figure>\n<\/div>\n<p>\u201cy no es extra\u00f1o que as\u00ed sea, en un gobierno encabezado por un aventajado disc\u00edpulo del pensamiento pol\u00edtico de Pe\u00f1a G\u00f3mez\u201d, asegur\u00f3 Guillermo Garc\u00eda.<\/p>\n<p>Destac\u00f3 la gran labor llevada a cabo por los departamentos de Captaci\u00f3n y Distribuci\u00f3n de Tierras del IAD, para que esta entrega sea una realidad, siempre apegados a las leyes catastrales que rigen la propiedad en el pa\u00eds.<\/p>\n<p>El director del IAD reconoci\u00f3 la colaboraci\u00f3n durante todo el proceso para la entrega de estos t\u00edtulos provisionales del licenciado Pablo Ulloa, el Defensor del Pueblo, junto a Eliferbo Herasme, director de la Unidad T\u00e9cnica Ejecutora de Proyectos de Desarrollo Agroforestal.<\/p>\n<p>Indic\u00f3 que los t\u00edtulos de propiedad confeccionados y entregados durante el periodo enero-diciembre del pasado a\u00f1o, dan cuenta de que en las diferentes oficinas regionales de la instituci\u00f3n se formalizaron un total de mil 183 t\u00edtulos provisionales, otorgados a beneficiarios de diversos asentamientos.<\/p>\n<p>Guillermo Garc\u00eda sostuvo que en el rengl\u00f3n de los t\u00edtulos definitivos entregados por el presente<strong>\u00a0Gobierno de Luis Abinader superan los 20 mil,\u00a0<\/strong>mientras la meta para este a\u00f1o es de por lo menos 10 mil, rango superior que deber\u00e1n alcanzar los beneficiarios de hoy que demuestren verdadero inter\u00e9s en poner a producir sus parcelas.<\/p>\n<h4 id=\"h-nuevos-asentamientos-honran-con-su-nombre-a-frank-acosta-p-rez\"><strong>Nuevos asentamientos honran con su nombre a Frank Acosta P\u00e9rez<\/strong><\/h4>\n<p>El director del IAD dijo sentir gran regocijo al ser portavoz para darles la sorpresa a todos de que por decisi\u00f3n de la instituci\u00f3n que dirige los asentamientos AC-613 y AC-614, quedan bautizados con el nombre de Frank Acosta P\u00e9rez, quien naci\u00f3 y vivi\u00f3 en esta provincia, luchando por los ideales de quien fuera su l\u00edder, el doctor Jos\u00e9 Francisco Pe\u00f1a G\u00f3mez.<\/p>\n<p>Manifest\u00f3 que Acosta P\u00e9rez fue un meritorio dirigente local, cuya labor en bien de su regi\u00f3n fue reconocida por l\u00edderes indiscutidos como el expresidente de la Republica Hip\u00f3lito Mej\u00eda y por el actual primer Mandatario Luis Abinader.<\/p>\n<p>Francisco Guillermo Garc\u00eda, dirigi\u00e9ndose al presidente Luis Abinader, afirm\u00f3 que con actos como el de hoy, se demuestra que cuando se ponen los o\u00eddos en el coraz\u00f3n del pueblo, como lo hace y seguir\u00e1 haciendo el Gobierno del Cambio, se cosechan los mejores resultados para bien de todos.<\/p>\n<p>Al acto tambi\u00e9n asistieron, Melania Salvador, senadora provincia Bahoruco; Juana Cristina Mateo, gobernadora civil Bahoruco; Jos\u00e9 Dar\u00edo Cepeda, alcalde municipio de Neiba; Pablo Ulloa, Defensor del Pueblo; Iv\u00e1n Jos\u00e9 Hern\u00e1ndez Guzm\u00e1n, director ejecutivo del INESPRE; Hecmilio Galv\u00e1n, director ejecutivo del FEDA; Olmedo Caba, director del INDRHI; C\u00e9sar Julio Cede\u00f1o \u00c1vila, director Bienes Nacionales; H\u00e9ctor P\u00e9rez Mirambeaux, director Catastro Nacional; Eliferbo Herasme, director Unidad T\u00e9cnica de Ejecutora de Proyectos de Desarrollo Agroforestal entre otros.<\/p>\n","protected":false},"excerpt":{"rendered":"<p>Neyba, Bahoruco: El director general del Instituto Agrario Dominicano (IAD),\u00a0Francisco Guillermo Garc\u00eda\u00a0afirm\u00f3 que la entrega de hoy de 566 t\u00edtulos &#8230;<\/p>\n","protected":false},"author":2,"featured_media":115341,"comment_status":"open","ping_status":"open","sticky":false,"template":"","format":"standard","meta":{"footnotes":""},"categories":[26],"tags":[],"class_list":["post-115340","post","type-post","status-publish","format-standard","has-post-thumbnail","hentry","category-economia"],"yoast_head":"<!-- This site is optimized with the Yoast SEO plugin v24.8.1 - https:\/\/yoast.com\/wordpress\/plugins\/seo\/ -->\n<title>IAD: entrega de t\u00edtulos a productores del Sur, es un respaldo del gobierno - PotenciaRadiofonicaDominicana.com<\/title>\n<meta name=\"robots\" content=\"index, follow, max-snippet:-1, max-image-preview:large, max-video-preview:-1\" \/>\n<link rel=\"canonical\" href=\"https:\/\/potenciaradiofonicadominicana.com\/portal\/iad-entrega-de-titulos-a-productores-del-sur-es-un-respaldo-del-gobierno\/\" \/>\n<meta property=\"og:locale\" content=\"es_ES\" \/>\n<meta property=\"og:type\" content=\"article\" \/>\n<meta property=\"og:title\" content=\"IAD: entrega de t\u00edtulos a productores del Sur, es un respaldo del gobierno - PotenciaRadiofonicaDominicana.com\" \/>\n<meta property=\"og:description\" content=\"Neyba, Bahoruco: El director general del Instituto Agrario Dominicano (IAD),\u00a0Francisco Guillermo Garc\u00eda\u00a0afirm\u00f3 que la entrega de hoy de 566 t\u00edtulos ...\" \/>\n<meta property=\"og:url\" content=\"https:\/\/potenciaradiofonicadominicana.com\/portal\/iad-entrega-de-titulos-a-productores-del-sur-es-un-respaldo-del-gobierno\/\" \/>\n<meta property=\"og:site_name\" content=\"PotenciaRadiofonicaDominicana.com\" \/>\n<meta property=\"article:publisher\" content=\"https:\/\/web.facebook.com\/PotenciaRadiofonicaD\" \/>\n<meta property=\"article:published_time\" content=\"2022-02-07T13:01:32+00:00\" \/>\n<meta property=\"og:image\" content=\"https:\/\/potenciaradiofonicadominicana.com\/portal\/wp-content\/uploads\/2022\/02\/WhatsApp-Image-2022-02-06-at-7.26.01-PM-1.jpeg\" \/>\n\t<meta property=\"og:image:width\" content=\"1200\" \/>\n\t<meta property=\"og:image:height\" content=\"618\" \/>\n\t<meta property=\"og:image:type\" content=\"image\/jpeg\" \/>\n<meta name=\"author\" content=\"Potencia Radiof\u00f3nica Dominicana\" \/>\n<meta name=\"twitter:card\" content=\"summary_large_image\" \/>\n<meta name=\"twitter:label1\" content=\"Escrito por\" \/>\n\t<meta name=\"twitter:data1\" content=\"Potencia Radiof\u00f3nica Dominicana\" \/>\n\t<meta name=\"twitter:label2\" content=\"Tiempo de lectura\" \/>\n\t<meta name=\"twitter:data2\" content=\"4 minutos\" \/>\n<script type=\"application\/ld+json\" class=\"yoast-schema-graph\">{\"@context\":\"https:\/\/schema.org\",\"@graph\":[{\"@type\":\"Article\",\"@id\":\"https:\/\/potenciaradiofonicadominicana.com\/portal\/iad-entrega-de-titulos-a-productores-del-sur-es-un-respaldo-del-gobierno\/#article\",\"isPartOf\":{\"@id\":\"https:\/\/potenciaradiofonicadominicana.com\/portal\/iad-entrega-de-titulos-a-productores-del-sur-es-un-respaldo-del-gobierno\/\"},\"author\":{\"name\":\"Potencia Radiof\u00f3nica Dominicana\",\"@id\":\"https:\/\/potenciaradiofonicadominicana.com\/portal\/#\/schema\/person\/a5cf1fea13877803ee0573ac18b03490\"},\"headline\":\"IAD: entrega de t\u00edtulos a productores del Sur, es un respaldo del gobierno\",\"datePublished\":\"2022-02-07T13:01:32+00:00\",\"mainEntityOfPage\":{\"@id\":\"https:\/\/potenciaradiofonicadominicana.com\/portal\/iad-entrega-de-titulos-a-productores-del-sur-es-un-respaldo-del-gobierno\/\"},\"wordCount\":761,\"commentCount\":0,\"publisher\":{\"@id\":\"https:\/\/potenciaradiofonicadominicana.com\/portal\/#organization\"},\"image\":{\"@id\":\"https:\/\/potenciaradiofonicadominicana.com\/portal\/iad-entrega-de-titulos-a-productores-del-sur-es-un-respaldo-del-gobierno\/#primaryimage\"},\"thumbnailUrl\":\"https:\/\/potenciaradiofonicadominicana.com\/portal\/wp-content\/uploads\/2022\/02\/WhatsApp-Image-2022-02-06-at-7.26.01-PM-1.jpeg\",\"articleSection\":[\"Econom\u00eda\"],\"inLanguage\":\"es\",\"potentialAction\":[{\"@type\":\"CommentAction\",\"name\":\"Comment\",\"target\":[\"https:\/\/potenciaradiofonicadominicana.com\/portal\/iad-entrega-de-titulos-a-productores-del-sur-es-un-respaldo-del-gobierno\/#respond\"]}]},{\"@type\":\"WebPage\",\"@id\":\"https:\/\/potenciaradiofonicadominicana.com\/portal\/iad-entrega-de-titulos-a-productores-del-sur-es-un-respaldo-del-gobierno\/\",\"url\":\"https:\/\/potenciaradiofonicadominicana.com\/portal\/iad-entrega-de-titulos-a-productores-del-sur-es-un-respaldo-del-gobierno\/\",\"name\":\"IAD: entrega de t\u00edtulos a productores del Sur, es un respaldo del gobierno - PotenciaRadiofonicaDominicana.com\",\"isPartOf\":{\"@id\":\"https:\/\/potenciaradiofonicadominicana.com\/portal\/#website\"},\"primaryImageOfPage\":{\"@id\":\"https:\/\/potenciaradiofonicadominicana.com\/portal\/iad-entrega-de-titulos-a-productores-del-sur-es-un-respaldo-del-gobierno\/#primaryimage\"},\"image\":{\"@id\":\"https:\/\/potenciaradiofonicadominicana.com\/portal\/iad-entrega-de-titulos-a-productores-del-sur-es-un-respaldo-del-gobierno\/#primaryimage\"},\"thumbnailUrl\":\"https:\/\/potenciaradiofonicadominicana.com\/portal\/wp-content\/uploads\/2022\/02\/WhatsApp-Image-2022-02-06-at-7.26.01-PM-1.jpeg\",\"datePublished\":\"2022-02-07T13:01:32+00:00\",\"breadcrumb\":{\"@id\":\"https:\/\/potenciaradiofonicadominicana.com\/portal\/iad-entrega-de-titulos-a-productores-del-sur-es-un-respaldo-del-gobierno\/#breadcrumb\"},\"inLanguage\":\"es\",\"potentialAction\":[{\"@type\":\"ReadAction\",\"target\":[\"https:\/\/potenciaradiofonicadominicana.com\/portal\/iad-entrega-de-titulos-a-productores-del-sur-es-un-respaldo-del-gobierno\/\"]}]},{\"@type\":\"ImageObject\",\"inLanguage\":\"es\",\"@id\":\"https:\/\/potenciaradiofonicadominicana.com\/portal\/iad-entrega-de-titulos-a-productores-del-sur-es-un-respaldo-del-gobierno\/#primaryimage\",\"url\":\"https:\/\/potenciaradiofonicadominicana.com\/portal\/wp-content\/uploads\/2022\/02\/WhatsApp-Image-2022-02-06-at-7.26.01-PM-1.jpeg\",\"contentUrl\":\"https:\/\/potenciaradiofonicadominicana.com\/portal\/wp-content\/uploads\/2022\/02\/WhatsApp-Image-2022-02-06-at-7.26.01-PM-1.jpeg\",\"width\":1200,\"height\":618},{\"@type\":\"BreadcrumbList\",\"@id\":\"https:\/\/potenciaradiofonicadominicana.com\/portal\/iad-entrega-de-titulos-a-productores-del-sur-es-un-respaldo-del-gobierno\/#breadcrumb\",\"itemListElement\":[{\"@type\":\"ListItem\",\"position\":1,\"name\":\"Portada\",\"item\":\"https:\/\/potenciaradiofonicadominicana.com\/portal\/\"},{\"@type\":\"ListItem\",\"position\":2,\"name\":\"IAD: entrega de t\u00edtulos a productores del Sur, es un respaldo del gobierno\"}]},{\"@type\":\"WebSite\",\"@id\":\"https:\/\/potenciaradiofonicadominicana.com\/portal\/#website\",\"url\":\"https:\/\/potenciaradiofonicadominicana.com\/portal\/\",\"name\":\"PotenciaRadiofonicaDominicana.com\",\"description\":\"Peri\u00f3dico Digital\",\"publisher\":{\"@id\":\"https:\/\/potenciaradiofonicadominicana.com\/portal\/#organization\"},\"potentialAction\":[{\"@type\":\"SearchAction\",\"target\":{\"@type\":\"EntryPoint\",\"urlTemplate\":\"https:\/\/potenciaradiofonicadominicana.com\/portal\/?s={search_term_string}\"},\"query-input\":{\"@type\":\"PropertyValueSpecification\",\"valueRequired\":true,\"valueName\":\"search_term_string\"}}],\"inLanguage\":\"es\"},{\"@type\":\"Organization\",\"@id\":\"https:\/\/potenciaradiofonicadominicana.com\/portal\/#organization\",\"name\":\"PotenciaRadiofonicaDominicana.com\",\"url\":\"https:\/\/potenciaradiofonicadominicana.com\/portal\/\",\"logo\":{\"@type\":\"ImageObject\",\"inLanguage\":\"es\",\"@id\":\"https:\/\/potenciaradiofonicadominicana.com\/portal\/#\/schema\/logo\/image\/\",\"url\":\"https:\/\/potenciaradiofonicadominicana.com\/portal\/wp-content\/uploads\/2022\/01\/descarga.png\",\"contentUrl\":\"https:\/\/potenciaradiofonicadominicana.com\/portal\/wp-content\/uploads\/2022\/01\/descarga.png\",\"width\":300,\"height\":100,\"caption\":\"PotenciaRadiofonicaDominicana.com\"},\"image\":{\"@id\":\"https:\/\/potenciaradiofonicadominicana.com\/portal\/#\/schema\/logo\/image\/\"},\"sameAs\":[\"https:\/\/web.facebook.com\/PotenciaRadiofonicaD\"]},{\"@type\":\"Person\",\"@id\":\"https:\/\/potenciaradiofonicadominicana.com\/portal\/#\/schema\/person\/a5cf1fea13877803ee0573ac18b03490\",\"name\":\"Potencia Radiof\u00f3nica Dominicana\",\"image\":{\"@type\":\"ImageObject\",\"inLanguage\":\"es\",\"@id\":\"https:\/\/potenciaradiofonicadominicana.com\/portal\/#\/schema\/person\/image\/\",\"url\":\"https:\/\/secure.gravatar.com\/avatar\/42a55ab9e8ccc656ba34cd791990602a?s=96&d=mm&r=g\",\"contentUrl\":\"https:\/\/secure.gravatar.com\/avatar\/42a55ab9e8ccc656ba34cd791990602a?s=96&d=mm&r=g\",\"caption\":\"Potencia Radiof\u00f3nica Dominicana\"},\"url\":\"https:\/\/potenciaradiofonicadominicana.com\/portal\/author\/johannyalmanzar\/\"}]}<\/script>\n<!-- \/ Yoast SEO plugin. -->","yoast_head_json":{"title":"IAD: entrega de t\u00edtulos a productores del Sur, es un respaldo del gobierno - PotenciaRadiofonicaDominicana.com","robots":{"index":"index","follow":"follow","max-snippet":"max-snippet:-1","max-image-preview":"max-image-preview:large","max-video-preview":"max-video-preview:-1"},"canonical":"https:\/\/potenciaradiofonicadominicana.com\/portal\/iad-entrega-de-titulos-a-productores-del-sur-es-un-respaldo-del-gobierno\/","og_locale":"es_ES","og_type":"article","og_title":"IAD: entrega de t\u00edtulos a productores del Sur, es un respaldo del gobierno - PotenciaRadiofonicaDominicana.com","og_description":"Neyba, Bahoruco: El director general del Instituto Agrario Dominicano (IAD),\u00a0Francisco Guillermo Garc\u00eda\u00a0afirm\u00f3 que la entrega de hoy de 566 t\u00edtulos ...","og_url":"https:\/\/potenciaradiofonicadominicana.com\/portal\/iad-entrega-de-titulos-a-productores-del-sur-es-un-respaldo-del-gobierno\/","og_site_name":"PotenciaRadiofonicaDominicana.com","article_publisher":"https:\/\/web.facebook.com\/PotenciaRadiofonicaD","article_published_time":"2022-02-07T13:01:32+00:00","og_image":[{"width":1200,"height":618,"url":"https:\/\/potenciaradiofonicadominicana.com\/portal\/wp-content\/uploads\/2022\/02\/WhatsApp-Image-2022-02-06-at-7.26.01-PM-1.jpeg","type":"image\/jpeg"}],"author":"Potencia Radiof\u00f3nica Dominicana","twitter_card":"summary_large_image","twitter_misc":{"Escrito por":"Potencia Radiof\u00f3nica Dominicana","Tiempo de lectura":"4 minutos"},"schema":{"@context":"https:\/\/schema.org","@graph":[{"@type":"Article","@id":"https:\/\/potenciaradiofonicadominicana.com\/portal\/iad-entrega-de-titulos-a-productores-del-sur-es-un-respaldo-del-gobierno\/#article","isPartOf":{"@id":"https:\/\/potenciaradiofonicadominicana.com\/portal\/iad-entrega-de-titulos-a-productores-del-sur-es-un-respaldo-del-gobierno\/"},"author":{"name":"Potencia Radiof\u00f3nica Dominicana","@id":"https:\/\/potenciaradiofonicadominicana.com\/portal\/#\/schema\/person\/a5cf1fea13877803ee0573ac18b03490"},"headline":"IAD: entrega de t\u00edtulos a productores del Sur, es un respaldo del gobierno","datePublished":"2022-02-07T13:01:32+00:00","mainEntityOfPage":{"@id":"https:\/\/potenciaradiofonicadominicana.com\/portal\/iad-entrega-de-titulos-a-productores-del-sur-es-un-respaldo-del-gobierno\/"},"wordCount":761,"commentCount":0,"publisher":{"@id":"https:\/\/potenciaradiofonicadominicana.com\/portal\/#organization"},"image":{"@id":"https:\/\/potenciaradiofonicadominicana.com\/portal\/iad-entrega-de-titulos-a-productores-del-sur-es-un-respaldo-del-gobierno\/#primaryimage"},"thumbnailUrl":"https:\/\/potenciaradiofonicadominicana.com\/portal\/wp-content\/uploads\/2022\/02\/WhatsApp-Image-2022-02-06-at-7.26.01-PM-1.jpeg","articleSection":["Econom\u00eda"],"inLanguage":"es","potentialAction":[{"@type":"CommentAction","name":"Comment","target":["https:\/\/potenciaradiofonicadominicana.com\/portal\/iad-entrega-de-titulos-a-productores-del-sur-es-un-respaldo-del-gobierno\/#respond"]}]},{"@type":"WebPage","@id":"https:\/\/potenciaradiofonicadominicana.com\/portal\/iad-entrega-de-titulos-a-productores-del-sur-es-un-respaldo-del-gobierno\/","url":"https:\/\/potenciaradiofonicadominicana.com\/portal\/iad-entrega-de-titulos-a-productores-del-sur-es-un-respaldo-del-gobierno\/","name":"IAD: entrega de t\u00edtulos a productores del Sur, es un respaldo del gobierno - PotenciaRadiofonicaDominicana.com","isPartOf":{"@id":"https:\/\/potenciaradiofonicadominicana.com\/portal\/#website"},"primaryImageOfPage":{"@id":"https:\/\/potenciaradiofonicadominicana.com\/portal\/iad-entrega-de-titulos-a-productores-del-sur-es-un-respaldo-del-gobierno\/#primaryimage"},"image":{"@id":"https:\/\/potenciaradiofonicadominicana.com\/portal\/iad-entrega-de-titulos-a-productores-del-sur-es-un-respaldo-del-gobierno\/#primaryimage"},"thumbnailUrl":"https:\/\/potenciaradiofonicadominicana.com\/portal\/wp-content\/uploads\/2022\/02\/WhatsApp-Image-2022-02-06-at-7.26.01-PM-1.jpeg","datePublished":"2022-02-07T13:01:32+00:00","breadcrumb":{"@id":"https:\/\/potenciaradiofonicadominicana.com\/portal\/iad-entrega-de-titulos-a-productores-del-sur-es-un-respaldo-del-gobierno\/#breadcrumb"},"inLanguage":"es","potentialAction":[{"@type":"ReadAction","target":["https:\/\/potenciaradiofonicadominicana.com\/portal\/iad-entrega-de-titulos-a-productores-del-sur-es-un-respaldo-del-gobierno\/"]}]},{"@type":"ImageObject","inLanguage":"es","@id":"https:\/\/potenciaradiofonicadominicana.com\/portal\/iad-entrega-de-titulos-a-productores-del-sur-es-un-respaldo-del-gobierno\/#primaryimage","url":"https:\/\/potenciaradiofonicadominicana.com\/portal\/wp-content\/uploads\/2022\/02\/WhatsApp-Image-2022-02-06-at-7.26.01-PM-1.jpeg","contentUrl":"https:\/\/potenciaradiofonicadominicana.com\/portal\/wp-content\/uploads\/2022\/02\/WhatsApp-Image-2022-02-06-at-7.26.01-PM-1.jpeg","width":1200,"height":618},{"@type":"BreadcrumbList","@id":"https:\/\/potenciaradiofonicadominicana.com\/portal\/iad-entrega-de-titulos-a-productores-del-sur-es-un-respaldo-del-gobierno\/#breadcrumb","itemListElement":[{"@type":"ListItem","position":1,"name":"Portada","item":"https:\/\/potenciaradiofonicadominicana.com\/portal\/"},{"@type":"ListItem","position":2,"name":"IAD: entrega de t\u00edtulos a productores del Sur, es un respaldo del gobierno"}]},{"@type":"WebSite","@id":"https:\/\/potenciaradiofonicadominicana.com\/portal\/#website","url":"https:\/\/potenciaradiofonicadominicana.com\/portal\/","name":"PotenciaRadiofonicaDominicana.com","description":"Peri\u00f3dico Digital","publisher":{"@id":"https:\/\/potenciaradiofonicadominicana.com\/portal\/#organization"},"potentialAction":[{"@type":"SearchAction","target":{"@type":"EntryPoint","urlTemplate":"https:\/\/potenciaradiofonicadominicana.com\/portal\/?s={search_term_string}"},"query-input":{"@type":"PropertyValueSpecification","valueRequired":true,"valueName":"search_term_string"}}],"inLanguage":"es"},{"@type":"Organization","@id":"https:\/\/potenciaradiofonicadominicana.com\/portal\/#organization","name":"PotenciaRadiofonicaDominicana.com","url":"https:\/\/potenciaradiofonicadominicana.com\/portal\/","logo":{"@type":"ImageObject","inLanguage":"es","@id":"https:\/\/potenciaradiofonicadominicana.com\/portal\/#\/schema\/logo\/image\/","url":"https:\/\/potenciaradiofonicadominicana.com\/portal\/wp-content\/uploads\/2022\/01\/descarga.png","contentUrl":"https:\/\/potenciaradiofonicadominicana.com\/portal\/wp-content\/uploads\/2022\/01\/descarga.png","width":300,"height":100,"caption":"PotenciaRadiofonicaDominicana.com"},"image":{"@id":"https:\/\/potenciaradiofonicadominicana.com\/portal\/#\/schema\/logo\/image\/"},"sameAs":["https:\/\/web.facebook.com\/PotenciaRadiofonicaD"]},{"@type":"Person","@id":"https:\/\/potenciaradiofonicadominicana.com\/portal\/#\/schema\/person\/a5cf1fea13877803ee0573ac18b03490","name":"Potencia Radiof\u00f3nica Dominicana","image":{"@type":"ImageObject","inLanguage":"es","@id":"https:\/\/potenciaradiofonicadominicana.com\/portal\/#\/schema\/person\/image\/","url":"https:\/\/secure.gravatar.com\/avatar\/42a55ab9e8ccc656ba34cd791990602a?s=96&d=mm&r=g","contentUrl":"https:\/\/secure.gravatar.com\/avatar\/42a55ab9e8ccc656ba34cd791990602a?s=96&d=mm&r=g","caption":"Potencia Radiof\u00f3nica Dominicana"},"url":"https:\/\/potenciaradiofonicadominicana.com\/portal\/author\/johannyalmanzar\/"}]}},"_links":{"self":[{"href":"https:\/\/potenciaradiofonicadominicana.com\/portal\/wp-json\/wp\/v2\/posts\/115340","targetHints":{"allow":["GET"]}}],"collection":[{"href":"https:\/\/potenciaradiofonicadominicana.com\/portal\/wp-json\/wp\/v2\/posts"}],"about":[{"href":"https:\/\/potenciaradiofonicadominicana.com\/portal\/wp-json\/wp\/v2\/types\/post"}],"author":[{"embeddable":true,"href":"https:\/\/potenciaradiofonicadominicana.com\/portal\/wp-json\/wp\/v2\/users\/2"}],"replies":[{"embeddable":true,"href":"https:\/\/potenciaradiofonicadominicana.com\/portal\/wp-json\/wp\/v2\/comments?post=115340"}],"version-history":[{"count":1,"href":"https:\/\/potenciaradiofonicadominicana.com\/portal\/wp-json\/wp\/v2\/posts\/115340\/revisions"}],"predecessor-version":[{"id":115344,"href":"https:\/\/potenciaradiofonicadominicana.com\/portal\/wp-json\/wp\/v2\/posts\/115340\/revisions\/115344"}],"wp:featuredmedia":[{"embeddable":true,"href":"https:\/\/potenciaradiofonicadominicana.com\/portal\/wp-json\/wp\/v2\/media\/115341"}],"wp:attachment":[{"href":"https:\/\/potenciaradiofonicadominicana.com\/portal\/wp-json\/wp\/v2\/media?parent=115340"}],"wp:term":[{"taxonomy":"category","embeddable":true,"href":"https:\/\/potenciaradiofonicadominicana.com\/portal\/wp-json\/wp\/v2\/categories?post=115340"},{"taxonomy":"post_tag","embeddable":true,"href":"https:\/\/potenciaradiofonicadominicana.com\/portal\/wp-json\/wp\/v2\/tags?post=115340"}],"curies":[{"name":"wp","href":"https:\/\/api.w.org\/{rel}","templated":true}]}}