{"id":115336,"date":"2022-02-07T08:57:36","date_gmt":"2022-02-07T12:57:36","guid":{"rendered":"https:\/\/potenciaradiofonicadominicana.com\/portal\/?p=115336"},"modified":"2022-02-07T08:57:36","modified_gmt":"2022-02-07T12:57:36","slug":"tenemos-que-descarbonizar-la-industria-aerea","status":"publish","type":"post","link":"https:\/\/potenciaradiofonicadominicana.com\/portal\/tenemos-que-descarbonizar-la-industria-aerea\/","title":{"rendered":"\u201cTenemos que descarbonizar la industria (a\u00e9rea)\u201d"},"content":{"rendered":"<p><a href=\"https:\/\/potenciaradiofonicadominicana.com\/portal\/wp-content\/uploads\/2022\/02\/whatsapp-image-2022-02-04-at-43052-pm-2959b3d6-focus-0-0-895-573.jpg\"><img loading=\"lazy\" decoding=\"async\" class=\"alignnone size-full wp-image-115337\" src=\"https:\/\/potenciaradiofonicadominicana.com\/portal\/wp-content\/uploads\/2022\/02\/whatsapp-image-2022-02-04-at-43052-pm-2959b3d6-focus-0-0-895-573.jpg\" alt=\"\" width=\"895\" height=\"573\" srcset=\"https:\/\/potenciaradiofonicadominicana.com\/portal\/wp-content\/uploads\/2022\/02\/whatsapp-image-2022-02-04-at-43052-pm-2959b3d6-focus-0-0-895-573.jpg 895w, https:\/\/potenciaradiofonicadominicana.com\/portal\/wp-content\/uploads\/2022\/02\/whatsapp-image-2022-02-04-at-43052-pm-2959b3d6-focus-0-0-895-573-300x192.jpg 300w, https:\/\/potenciaradiofonicadominicana.com\/portal\/wp-content\/uploads\/2022\/02\/whatsapp-image-2022-02-04-at-43052-pm-2959b3d6-focus-0-0-895-573-768x492.jpg 768w\" sizes=\"auto, (max-width: 895px) 100vw, 895px\" \/><\/a><\/p>\n<p>\u201cCreo que el mayor desaf\u00edo que tenemos ahora es que se presenten nuevas restricciones que vuelvan a colocarnos en una situaci\u00f3n de reducci\u00f3n del ritmo de crecimiento del tr\u00e1fico, pero, adem\u00e1s, la industria aeroportuaria enfrenta el reto medioambiental, que tenemos que trabajar junto con las aerol\u00edneas\u201d.<\/p>\n<p>La declaraci\u00f3n corresponde a la CEO de\u00a0Aeropuertos\u00a0Dominicanos Siglo 21 (Aerodom), M\u00f3nika Infante, quien resalt\u00f3 que Vinci, grupo propietario de la empresa, fue de los primeros en adoptar una pol\u00edtica de descarbonizaci\u00f3n al 2050.<\/p>\n<p>Infante afirm\u00f3 que las aerol\u00edneas y la industria est\u00e1n realizando investigaciones para generar mecanismos de utilizaci\u00f3n de combustibles de\u00a0aviaci\u00f3n\u00a0sostenibles, que ya existen, pero que a\u00fan le falta \u201cun poco\u201d para desarrollarse a la escala que se necesita.<\/p>\n<p>\u201cTenemos que descarbonizar la industria. En nuestro caso, hemos hecho una reducci\u00f3n en los \u00faltimos cuatro o cinco a\u00f1os de un 20 % de las emisiones de carbono por pasajeros en nuestros\u00a0aeropuertos\u201d, destac\u00f3.<\/p>\n<h3>Nueva aerol\u00ednea<\/h3>\n<p>Para mediados de marzo, la Rep\u00fablica Dominicana contar\u00e1 con una nueva aerol\u00ednea que unir\u00eda al pa\u00eds con Estados Unidos, sur y Centroam\u00e9rica, seg\u00fan adelant\u00f3 la ejecutiva de\u00a0Aerodom.<\/p>\n<p>Indic\u00f3 que en 2019\u00a0Aerodom\u00a0suscribi\u00f3 un memor\u00e1ndum de entendimiento con Arajet para el establecimiento de la base de operaciones de esta en el Aeropuerto Internacional de Las Am\u00e9ricas (AILA).<\/p>\n<p>\u201cEmpezar\u00edan en el primer a\u00f1o con cinco aviones Boeing, nuevos, con operaciones regionales. Tienen un plan de crecimiento es bastante ambicioso. Estamos confiado en que ser\u00e1 un proyecto que va a mejorar la oferta de viajes para el ciudadano dominicano considerablemente. El proyecto tiene todo el potencial, tenemos la localizaci\u00f3n id\u00f3nea\u201d, destac\u00f3.<\/p>\n<p>Precis\u00f3 que es un proyecto que se viene gestando desde hace alrededor de 10 a\u00f1os. Agreg\u00f3 que Arajet operar\u00e1 como una \u201cultra low cost, pero muy din\u00e1mica en el sentido de como ofrecer al pasajero mejores servicios y adaptada a sus necesidades\u201d.<\/p>\n<h3>Seguridad en el AILA<\/h3>\n<p>Tras el intento de robo el a\u00f1o pasado de los cables el\u00e9ctricos de la pista de aterrizaje del AILA, que provoc\u00f3 la paralizaci\u00f3n de las operaciones en esa terminal, la CEO de\u00a0Aerodom\u00a0asegur\u00f3 que han instalado tecnolog\u00eda para evitar que haya instrucciones en pista.<\/p>\n<p>\u201cEso hay que evitarlo de la mejor manera posible y debe ser ahora mismo uno de los\u00a0aeropuertos\u00a0con mayores elementos de seguridad para la pista y el per\u00edmetro del aeropuerto\u201d, afirm\u00f3.<\/p>\n<p>Detall\u00f3 que a partir de esa situaci\u00f3n instalaron un sistema completo de c\u00e1maras t\u00e9rmicas, adem\u00e1s de contar con un sistema de respuesta inmediata a trav\u00e9s de veh\u00edculos r\u00e1pidos por el per\u00edmetro y personal.<\/p>\n<h5>Seguridad en el AILA<\/h5>\n<p>Tras el intento de robo el a\u00f1o pasado de los cables el\u00e9ctricos de la pista de aterrizaje del AILA, que provoc\u00f3 la paralizaci\u00f3n de las operaciones en esa terminal, la CEO de\u00a0Aerodom\u00a0asegur\u00f3 que han instalado tecnolog\u00eda para evitar que haya instrucciones en pista.<\/p>\n<p>\u201cEso hay que evitarlo de la mejor manera posible y debe ser ahora mismo uno de los\u00a0aeropuertos\u00a0con mayores elementos de seguridad para la pista y el per\u00edmetro del aeropuerto\u201d, afirm\u00f3.<\/p>\n<p>Detall\u00f3 que a partir de esa situaci\u00f3n instalaron un sistema completo de c\u00e1maras t\u00e9rmicas, adem\u00e1s de contar con un sistema de respuesta inmediata a trav\u00e9s de veh\u00edculos r\u00e1pidos por el per\u00edmetro y personal.<\/p>\n","protected":false},"excerpt":{"rendered":"<p>\u201cCreo que el mayor desaf\u00edo que tenemos ahora es que se presenten nuevas restricciones que vuelvan a colocarnos en una &#8230;<\/p>\n","protected":false},"author":2,"featured_media":115337,"comment_status":"open","ping_status":"open","sticky":false,"template":"","format":"standard","meta":{"footnotes":""},"categories":[26],"tags":[],"class_list":["post-115336","post","type-post","status-publish","format-standard","has-post-thumbnail","hentry","category-economia"],"yoast_head":"<!-- This site is optimized with the Yoast SEO plugin v24.8.1 - https:\/\/yoast.com\/wordpress\/plugins\/seo\/ -->\n<title>\u201cTenemos que descarbonizar la industria (a\u00e9rea)\u201d - PotenciaRadiofonicaDominicana.com<\/title>\n<meta name=\"robots\" content=\"index, follow, max-snippet:-1, max-image-preview:large, max-video-preview:-1\" \/>\n<link rel=\"canonical\" href=\"https:\/\/potenciaradiofonicadominicana.com\/portal\/tenemos-que-descarbonizar-la-industria-aerea\/\" \/>\n<meta property=\"og:locale\" content=\"es_ES\" \/>\n<meta property=\"og:type\" content=\"article\" \/>\n<meta property=\"og:title\" content=\"\u201cTenemos que descarbonizar la industria (a\u00e9rea)\u201d - PotenciaRadiofonicaDominicana.com\" \/>\n<meta property=\"og:description\" content=\"\u201cCreo que el mayor desaf\u00edo que tenemos ahora es que se presenten nuevas restricciones que vuelvan a colocarnos en una ...\" \/>\n<meta property=\"og:url\" content=\"https:\/\/potenciaradiofonicadominicana.com\/portal\/tenemos-que-descarbonizar-la-industria-aerea\/\" \/>\n<meta property=\"og:site_name\" content=\"PotenciaRadiofonicaDominicana.com\" \/>\n<meta property=\"article:publisher\" content=\"https:\/\/web.facebook.com\/PotenciaRadiofonicaD\" \/>\n<meta property=\"article:published_time\" content=\"2022-02-07T12:57:36+00:00\" \/>\n<meta property=\"og:image\" content=\"https:\/\/potenciaradiofonicadominicana.com\/portal\/wp-content\/uploads\/2022\/02\/whatsapp-image-2022-02-04-at-43052-pm-2959b3d6-focus-0-0-895-573.jpg\" \/>\n\t<meta property=\"og:image:width\" content=\"895\" \/>\n\t<meta property=\"og:image:height\" content=\"573\" \/>\n\t<meta property=\"og:image:type\" content=\"image\/jpeg\" \/>\n<meta name=\"author\" content=\"Potencia Radiof\u00f3nica Dominicana\" \/>\n<meta name=\"twitter:card\" content=\"summary_large_image\" \/>\n<meta name=\"twitter:label1\" content=\"Escrito por\" \/>\n\t<meta name=\"twitter:data1\" content=\"Potencia Radiof\u00f3nica Dominicana\" \/>\n\t<meta name=\"twitter:label2\" content=\"Tiempo de lectura\" \/>\n\t<meta name=\"twitter:data2\" content=\"3 minutos\" \/>\n<script type=\"application\/ld+json\" class=\"yoast-schema-graph\">{\"@context\":\"https:\/\/schema.org\",\"@graph\":[{\"@type\":\"Article\",\"@id\":\"https:\/\/potenciaradiofonicadominicana.com\/portal\/tenemos-que-descarbonizar-la-industria-aerea\/#article\",\"isPartOf\":{\"@id\":\"https:\/\/potenciaradiofonicadominicana.com\/portal\/tenemos-que-descarbonizar-la-industria-aerea\/\"},\"author\":{\"name\":\"Potencia Radiof\u00f3nica Dominicana\",\"@id\":\"https:\/\/potenciaradiofonicadominicana.com\/portal\/#\/schema\/person\/a5cf1fea13877803ee0573ac18b03490\"},\"headline\":\"\u201cTenemos que descarbonizar la industria (a\u00e9rea)\u201d\",\"datePublished\":\"2022-02-07T12:57:36+00:00\",\"mainEntityOfPage\":{\"@id\":\"https:\/\/potenciaradiofonicadominicana.com\/portal\/tenemos-que-descarbonizar-la-industria-aerea\/\"},\"wordCount\":595,\"commentCount\":0,\"publisher\":{\"@id\":\"https:\/\/potenciaradiofonicadominicana.com\/portal\/#organization\"},\"image\":{\"@id\":\"https:\/\/potenciaradiofonicadominicana.com\/portal\/tenemos-que-descarbonizar-la-industria-aerea\/#primaryimage\"},\"thumbnailUrl\":\"https:\/\/potenciaradiofonicadominicana.com\/portal\/wp-content\/uploads\/2022\/02\/whatsapp-image-2022-02-04-at-43052-pm-2959b3d6-focus-0-0-895-573.jpg\",\"articleSection\":[\"Econom\u00eda\"],\"inLanguage\":\"es\",\"potentialAction\":[{\"@type\":\"CommentAction\",\"name\":\"Comment\",\"target\":[\"https:\/\/potenciaradiofonicadominicana.com\/portal\/tenemos-que-descarbonizar-la-industria-aerea\/#respond\"]}]},{\"@type\":\"WebPage\",\"@id\":\"https:\/\/potenciaradiofonicadominicana.com\/portal\/tenemos-que-descarbonizar-la-industria-aerea\/\",\"url\":\"https:\/\/potenciaradiofonicadominicana.com\/portal\/tenemos-que-descarbonizar-la-industria-aerea\/\",\"name\":\"\u201cTenemos que descarbonizar la industria (a\u00e9rea)\u201d - PotenciaRadiofonicaDominicana.com\",\"isPartOf\":{\"@id\":\"https:\/\/potenciaradiofonicadominicana.com\/portal\/#website\"},\"primaryImageOfPage\":{\"@id\":\"https:\/\/potenciaradiofonicadominicana.com\/portal\/tenemos-que-descarbonizar-la-industria-aerea\/#primaryimage\"},\"image\":{\"@id\":\"https:\/\/potenciaradiofonicadominicana.com\/portal\/tenemos-que-descarbonizar-la-industria-aerea\/#primaryimage\"},\"thumbnailUrl\":\"https:\/\/potenciaradiofonicadominicana.com\/portal\/wp-content\/uploads\/2022\/02\/whatsapp-image-2022-02-04-at-43052-pm-2959b3d6-focus-0-0-895-573.jpg\",\"datePublished\":\"2022-02-07T12:57:36+00:00\",\"breadcrumb\":{\"@id\":\"https:\/\/potenciaradiofonicadominicana.com\/portal\/tenemos-que-descarbonizar-la-industria-aerea\/#breadcrumb\"},\"inLanguage\":\"es\",\"potentialAction\":[{\"@type\":\"ReadAction\",\"target\":[\"https:\/\/potenciaradiofonicadominicana.com\/portal\/tenemos-que-descarbonizar-la-industria-aerea\/\"]}]},{\"@type\":\"ImageObject\",\"inLanguage\":\"es\",\"@id\":\"https:\/\/potenciaradiofonicadominicana.com\/portal\/tenemos-que-descarbonizar-la-industria-aerea\/#primaryimage\",\"url\":\"https:\/\/potenciaradiofonicadominicana.com\/portal\/wp-content\/uploads\/2022\/02\/whatsapp-image-2022-02-04-at-43052-pm-2959b3d6-focus-0-0-895-573.jpg\",\"contentUrl\":\"https:\/\/potenciaradiofonicadominicana.com\/portal\/wp-content\/uploads\/2022\/02\/whatsapp-image-2022-02-04-at-43052-pm-2959b3d6-focus-0-0-895-573.jpg\",\"width\":895,\"height\":573},{\"@type\":\"BreadcrumbList\",\"@id\":\"https:\/\/potenciaradiofonicadominicana.com\/portal\/tenemos-que-descarbonizar-la-industria-aerea\/#breadcrumb\",\"itemListElement\":[{\"@type\":\"ListItem\",\"position\":1,\"name\":\"Portada\",\"item\":\"https:\/\/potenciaradiofonicadominicana.com\/portal\/\"},{\"@type\":\"ListItem\",\"position\":2,\"name\":\"\u201cTenemos que descarbonizar la industria (a\u00e9rea)\u201d\"}]},{\"@type\":\"WebSite\",\"@id\":\"https:\/\/potenciaradiofonicadominicana.com\/portal\/#website\",\"url\":\"https:\/\/potenciaradiofonicadominicana.com\/portal\/\",\"name\":\"PotenciaRadiofonicaDominicana.com\",\"description\":\"Peri\u00f3dico Digital\",\"publisher\":{\"@id\":\"https:\/\/potenciaradiofonicadominicana.com\/portal\/#organization\"},\"potentialAction\":[{\"@type\":\"SearchAction\",\"target\":{\"@type\":\"EntryPoint\",\"urlTemplate\":\"https:\/\/potenciaradiofonicadominicana.com\/portal\/?s={search_term_string}\"},\"query-input\":{\"@type\":\"PropertyValueSpecification\",\"valueRequired\":true,\"valueName\":\"search_term_string\"}}],\"inLanguage\":\"es\"},{\"@type\":\"Organization\",\"@id\":\"https:\/\/potenciaradiofonicadominicana.com\/portal\/#organization\",\"name\":\"PotenciaRadiofonicaDominicana.com\",\"url\":\"https:\/\/potenciaradiofonicadominicana.com\/portal\/\",\"logo\":{\"@type\":\"ImageObject\",\"inLanguage\":\"es\",\"@id\":\"https:\/\/potenciaradiofonicadominicana.com\/portal\/#\/schema\/logo\/image\/\",\"url\":\"https:\/\/potenciaradiofonicadominicana.com\/portal\/wp-content\/uploads\/2022\/01\/descarga.png\",\"contentUrl\":\"https:\/\/potenciaradiofonicadominicana.com\/portal\/wp-content\/uploads\/2022\/01\/descarga.png\",\"width\":300,\"height\":100,\"caption\":\"PotenciaRadiofonicaDominicana.com\"},\"image\":{\"@id\":\"https:\/\/potenciaradiofonicadominicana.com\/portal\/#\/schema\/logo\/image\/\"},\"sameAs\":[\"https:\/\/web.facebook.com\/PotenciaRadiofonicaD\"]},{\"@type\":\"Person\",\"@id\":\"https:\/\/potenciaradiofonicadominicana.com\/portal\/#\/schema\/person\/a5cf1fea13877803ee0573ac18b03490\",\"name\":\"Potencia Radiof\u00f3nica Dominicana\",\"image\":{\"@type\":\"ImageObject\",\"inLanguage\":\"es\",\"@id\":\"https:\/\/potenciaradiofonicadominicana.com\/portal\/#\/schema\/person\/image\/\",\"url\":\"https:\/\/secure.gravatar.com\/avatar\/42a55ab9e8ccc656ba34cd791990602a?s=96&d=mm&r=g\",\"contentUrl\":\"https:\/\/secure.gravatar.com\/avatar\/42a55ab9e8ccc656ba34cd791990602a?s=96&d=mm&r=g\",\"caption\":\"Potencia Radiof\u00f3nica Dominicana\"},\"url\":\"https:\/\/potenciaradiofonicadominicana.com\/portal\/author\/johannyalmanzar\/\"}]}<\/script>\n<!-- \/ Yoast SEO plugin. -->","yoast_head_json":{"title":"\u201cTenemos que descarbonizar la industria (a\u00e9rea)\u201d - PotenciaRadiofonicaDominicana.com","robots":{"index":"index","follow":"follow","max-snippet":"max-snippet:-1","max-image-preview":"max-image-preview:large","max-video-preview":"max-video-preview:-1"},"canonical":"https:\/\/potenciaradiofonicadominicana.com\/portal\/tenemos-que-descarbonizar-la-industria-aerea\/","og_locale":"es_ES","og_type":"article","og_title":"\u201cTenemos que descarbonizar la industria (a\u00e9rea)\u201d - PotenciaRadiofonicaDominicana.com","og_description":"\u201cCreo que el mayor desaf\u00edo que tenemos ahora es que se presenten nuevas restricciones que vuelvan a colocarnos en una ...","og_url":"https:\/\/potenciaradiofonicadominicana.com\/portal\/tenemos-que-descarbonizar-la-industria-aerea\/","og_site_name":"PotenciaRadiofonicaDominicana.com","article_publisher":"https:\/\/web.facebook.com\/PotenciaRadiofonicaD","article_published_time":"2022-02-07T12:57:36+00:00","og_image":[{"width":895,"height":573,"url":"https:\/\/potenciaradiofonicadominicana.com\/portal\/wp-content\/uploads\/2022\/02\/whatsapp-image-2022-02-04-at-43052-pm-2959b3d6-focus-0-0-895-573.jpg","type":"image\/jpeg"}],"author":"Potencia Radiof\u00f3nica Dominicana","twitter_card":"summary_large_image","twitter_misc":{"Escrito por":"Potencia Radiof\u00f3nica Dominicana","Tiempo de lectura":"3 minutos"},"schema":{"@context":"https:\/\/schema.org","@graph":[{"@type":"Article","@id":"https:\/\/potenciaradiofonicadominicana.com\/portal\/tenemos-que-descarbonizar-la-industria-aerea\/#article","isPartOf":{"@id":"https:\/\/potenciaradiofonicadominicana.com\/portal\/tenemos-que-descarbonizar-la-industria-aerea\/"},"author":{"name":"Potencia Radiof\u00f3nica Dominicana","@id":"https:\/\/potenciaradiofonicadominicana.com\/portal\/#\/schema\/person\/a5cf1fea13877803ee0573ac18b03490"},"headline":"\u201cTenemos que descarbonizar la industria (a\u00e9rea)\u201d","datePublished":"2022-02-07T12:57:36+00:00","mainEntityOfPage":{"@id":"https:\/\/potenciaradiofonicadominicana.com\/portal\/tenemos-que-descarbonizar-la-industria-aerea\/"},"wordCount":595,"commentCount":0,"publisher":{"@id":"https:\/\/potenciaradiofonicadominicana.com\/portal\/#organization"},"image":{"@id":"https:\/\/potenciaradiofonicadominicana.com\/portal\/tenemos-que-descarbonizar-la-industria-aerea\/#primaryimage"},"thumbnailUrl":"https:\/\/potenciaradiofonicadominicana.com\/portal\/wp-content\/uploads\/2022\/02\/whatsapp-image-2022-02-04-at-43052-pm-2959b3d6-focus-0-0-895-573.jpg","articleSection":["Econom\u00eda"],"inLanguage":"es","potentialAction":[{"@type":"CommentAction","name":"Comment","target":["https:\/\/potenciaradiofonicadominicana.com\/portal\/tenemos-que-descarbonizar-la-industria-aerea\/#respond"]}]},{"@type":"WebPage","@id":"https:\/\/potenciaradiofonicadominicana.com\/portal\/tenemos-que-descarbonizar-la-industria-aerea\/","url":"https:\/\/potenciaradiofonicadominicana.com\/portal\/tenemos-que-descarbonizar-la-industria-aerea\/","name":"\u201cTenemos que descarbonizar la industria (a\u00e9rea)\u201d - PotenciaRadiofonicaDominicana.com","isPartOf":{"@id":"https:\/\/potenciaradiofonicadominicana.com\/portal\/#website"},"primaryImageOfPage":{"@id":"https:\/\/potenciaradiofonicadominicana.com\/portal\/tenemos-que-descarbonizar-la-industria-aerea\/#primaryimage"},"image":{"@id":"https:\/\/potenciaradiofonicadominicana.com\/portal\/tenemos-que-descarbonizar-la-industria-aerea\/#primaryimage"},"thumbnailUrl":"https:\/\/potenciaradiofonicadominicana.com\/portal\/wp-content\/uploads\/2022\/02\/whatsapp-image-2022-02-04-at-43052-pm-2959b3d6-focus-0-0-895-573.jpg","datePublished":"2022-02-07T12:57:36+00:00","breadcrumb":{"@id":"https:\/\/potenciaradiofonicadominicana.com\/portal\/tenemos-que-descarbonizar-la-industria-aerea\/#breadcrumb"},"inLanguage":"es","potentialAction":[{"@type":"ReadAction","target":["https:\/\/potenciaradiofonicadominicana.com\/portal\/tenemos-que-descarbonizar-la-industria-aerea\/"]}]},{"@type":"ImageObject","inLanguage":"es","@id":"https:\/\/potenciaradiofonicadominicana.com\/portal\/tenemos-que-descarbonizar-la-industria-aerea\/#primaryimage","url":"https:\/\/potenciaradiofonicadominicana.com\/portal\/wp-content\/uploads\/2022\/02\/whatsapp-image-2022-02-04-at-43052-pm-2959b3d6-focus-0-0-895-573.jpg","contentUrl":"https:\/\/potenciaradiofonicadominicana.com\/portal\/wp-content\/uploads\/2022\/02\/whatsapp-image-2022-02-04-at-43052-pm-2959b3d6-focus-0-0-895-573.jpg","width":895,"height":573},{"@type":"BreadcrumbList","@id":"https:\/\/potenciaradiofonicadominicana.com\/portal\/tenemos-que-descarbonizar-la-industria-aerea\/#breadcrumb","itemListElement":[{"@type":"ListItem","position":1,"name":"Portada","item":"https:\/\/potenciaradiofonicadominicana.com\/portal\/"},{"@type":"ListItem","position":2,"name":"\u201cTenemos que descarbonizar la industria (a\u00e9rea)\u201d"}]},{"@type":"WebSite","@id":"https:\/\/potenciaradiofonicadominicana.com\/portal\/#website","url":"https:\/\/potenciaradiofonicadominicana.com\/portal\/","name":"PotenciaRadiofonicaDominicana.com","description":"Peri\u00f3dico Digital","publisher":{"@id":"https:\/\/potenciaradiofonicadominicana.com\/portal\/#organization"},"potentialAction":[{"@type":"SearchAction","target":{"@type":"EntryPoint","urlTemplate":"https:\/\/potenciaradiofonicadominicana.com\/portal\/?s={search_term_string}"},"query-input":{"@type":"PropertyValueSpecification","valueRequired":true,"valueName":"search_term_string"}}],"inLanguage":"es"},{"@type":"Organization","@id":"https:\/\/potenciaradiofonicadominicana.com\/portal\/#organization","name":"PotenciaRadiofonicaDominicana.com","url":"https:\/\/potenciaradiofonicadominicana.com\/portal\/","logo":{"@type":"ImageObject","inLanguage":"es","@id":"https:\/\/potenciaradiofonicadominicana.com\/portal\/#\/schema\/logo\/image\/","url":"https:\/\/potenciaradiofonicadominicana.com\/portal\/wp-content\/uploads\/2022\/01\/descarga.png","contentUrl":"https:\/\/potenciaradiofonicadominicana.com\/portal\/wp-content\/uploads\/2022\/01\/descarga.png","width":300,"height":100,"caption":"PotenciaRadiofonicaDominicana.com"},"image":{"@id":"https:\/\/potenciaradiofonicadominicana.com\/portal\/#\/schema\/logo\/image\/"},"sameAs":["https:\/\/web.facebook.com\/PotenciaRadiofonicaD"]},{"@type":"Person","@id":"https:\/\/potenciaradiofonicadominicana.com\/portal\/#\/schema\/person\/a5cf1fea13877803ee0573ac18b03490","name":"Potencia Radiof\u00f3nica Dominicana","image":{"@type":"ImageObject","inLanguage":"es","@id":"https:\/\/potenciaradiofonicadominicana.com\/portal\/#\/schema\/person\/image\/","url":"https:\/\/secure.gravatar.com\/avatar\/42a55ab9e8ccc656ba34cd791990602a?s=96&d=mm&r=g","contentUrl":"https:\/\/secure.gravatar.com\/avatar\/42a55ab9e8ccc656ba34cd791990602a?s=96&d=mm&r=g","caption":"Potencia Radiof\u00f3nica Dominicana"},"url":"https:\/\/potenciaradiofonicadominicana.com\/portal\/author\/johannyalmanzar\/"}]}},"_links":{"self":[{"href":"https:\/\/potenciaradiofonicadominicana.com\/portal\/wp-json\/wp\/v2\/posts\/115336","targetHints":{"allow":["GET"]}}],"collection":[{"href":"https:\/\/potenciaradiofonicadominicana.com\/portal\/wp-json\/wp\/v2\/posts"}],"about":[{"href":"https:\/\/potenciaradiofonicadominicana.com\/portal\/wp-json\/wp\/v2\/types\/post"}],"author":[{"embeddable":true,"href":"https:\/\/potenciaradiofonicadominicana.com\/portal\/wp-json\/wp\/v2\/users\/2"}],"replies":[{"embeddable":true,"href":"https:\/\/potenciaradiofonicadominicana.com\/portal\/wp-json\/wp\/v2\/comments?post=115336"}],"version-history":[{"count":1,"href":"https:\/\/potenciaradiofonicadominicana.com\/portal\/wp-json\/wp\/v2\/posts\/115336\/revisions"}],"predecessor-version":[{"id":115338,"href":"https:\/\/potenciaradiofonicadominicana.com\/portal\/wp-json\/wp\/v2\/posts\/115336\/revisions\/115338"}],"wp:featuredmedia":[{"embeddable":true,"href":"https:\/\/potenciaradiofonicadominicana.com\/portal\/wp-json\/wp\/v2\/media\/115337"}],"wp:attachment":[{"href":"https:\/\/potenciaradiofonicadominicana.com\/portal\/wp-json\/wp\/v2\/media?parent=115336"}],"wp:term":[{"taxonomy":"category","embeddable":true,"href":"https:\/\/potenciaradiofonicadominicana.com\/portal\/wp-json\/wp\/v2\/categories?post=115336"},{"taxonomy":"post_tag","embeddable":true,"href":"https:\/\/potenciaradiofonicadominicana.com\/portal\/wp-json\/wp\/v2\/tags?post=115336"}],"curies":[{"name":"wp","href":"https:\/\/api.w.org\/{rel}","templated":true}]}}