{"id":115332,"date":"2022-02-07T08:54:11","date_gmt":"2022-02-07T12:54:11","guid":{"rendered":"https:\/\/potenciaradiofonicadominicana.com\/portal\/?p=115332"},"modified":"2022-02-07T08:54:11","modified_gmt":"2022-02-07T12:54:11","slug":"sembraran-maiz-para-ser-usado-en-la-elaboracion-de-cerveza","status":"publish","type":"post","link":"https:\/\/potenciaradiofonicadominicana.com\/portal\/sembraran-maiz-para-ser-usado-en-la-elaboracion-de-cerveza\/","title":{"rendered":"Sembrar\u00e1n ma\u00edz para ser usado en la elaboraci\u00f3n de cerveza"},"content":{"rendered":"<p><a href=\"https:\/\/potenciaradiofonicadominicana.com\/portal\/wp-content\/uploads\/2022\/02\/acuerdo-bd937e2a-focus-0-0-895-573.jpg\"><img loading=\"lazy\" decoding=\"async\" class=\"alignnone size-full wp-image-115333\" src=\"https:\/\/potenciaradiofonicadominicana.com\/portal\/wp-content\/uploads\/2022\/02\/acuerdo-bd937e2a-focus-0-0-895-573.jpg\" alt=\"\" width=\"895\" height=\"573\" srcset=\"https:\/\/potenciaradiofonicadominicana.com\/portal\/wp-content\/uploads\/2022\/02\/acuerdo-bd937e2a-focus-0-0-895-573.jpg 895w, https:\/\/potenciaradiofonicadominicana.com\/portal\/wp-content\/uploads\/2022\/02\/acuerdo-bd937e2a-focus-0-0-895-573-300x192.jpg 300w, https:\/\/potenciaradiofonicadominicana.com\/portal\/wp-content\/uploads\/2022\/02\/acuerdo-bd937e2a-focus-0-0-895-573-768x492.jpg 768w\" sizes=\"auto, (max-width: 895px) 100vw, 895px\" \/><\/a><\/p>\n<p>La\u00a0Cervecer\u00eda Nacional Dominicana\u00a0firm\u00f3 un acuerdo de colaboraci\u00f3n para ejecutar un proyecto piloto con el cual dinamizar\u00e1 la\u00a0producci\u00f3n\u00a0local de\u00a0ma\u00edz\u00a0y contribuir\u00e1 a la generaci\u00f3n de nuevos empleos en la zona sur.<\/p>\n<p>El convenio fue suscrito entre Cervecer\u00eda y la Cooperativa Agropecuaria de Servicios M\u00faltiples el Granero del Sur (Coopgrasur), acompa\u00f1ados del Fondo Especial para el Desarrollo Agropecuario (FEDA) y el\u00a0Ministerio de Agricultura, que ofrecer\u00e1n apoyo t\u00e9cnico al proyecto.<\/p>\n<p>\u201cComo empresa seguimos enfocados en la recuperaci\u00f3n de la econom\u00eda y en ampliar nuestro impacto en la comunidad, por lo que, estamos entusiasmados de comenzar este proyecto piloto que no solo estimular\u00e1 la\u00a0producci\u00f3n\u00a0local del\u00a0ma\u00edz, materia prima utilizada en la elaboraci\u00f3n de nuestros productos, sino que transformar\u00e1 positivamente la vida de cientos de productores locales de la zona sur<em>\u201d,<\/em>\u00a0afirm\u00f3 Luis \u00c1lvarez, director ejecutivo de Cervecer\u00eda.<\/p>\n<p>Con una inversi\u00f3n contemplada superior a los RD$13 millones, esta alianza permitir\u00e1 implementar un proyecto con el cual la casa cervecera explorar\u00e1 la sustituci\u00f3n del\u00a0ma\u00edz\u00a0importado que utiliza en el proceso de elaboraci\u00f3n de sus cervezas por la\u00a0producci\u00f3n\u00a0local de dicho cereal. En esta primera etapa, se proyecta obtener una cosecha de 1,550 toneladas de\u00a0ma\u00edz.<\/p>\n<p>Se acord\u00f3 que tanto el\u00a0Ministerio de Agricultura\u00a0como el\u00a0FEDA\u00a0otorgar\u00e1n asesor\u00edas y apoyo t\u00e9cnico a los agricultores de la provincia de San Juan para la siembra, cruce y corte del\u00a0ma\u00edz. Adem\u00e1s, como parte de las iniciativas que desarrolla el Gobierno dominicano, se aportar\u00e1 a los productores el 60 % del costo de las semillas de\u00a0ma\u00edz.<\/p>\n<p>El evento estuvo encabezado por Luis \u00c1lvarez, director ejecutivo de Cervecer\u00eda; Hecmilio Galv\u00e1n, director del\u00a0FEDA; Saulo Montero, presidente de Coopgrasur, y Juan Mateo, director regional suroeste del\u00a0Ministerio de Agricultura.<\/p>\n<p>Este proyecto piloto se enmarca en el portafolio de inversiones que tiene proyectado realizar la casa cervecera durante este 2022, como parte de su estrategia de impulso al crecimiento econ\u00f3mico del pa\u00eds, sus socios comerciales, clientes y las comunidades donde tiene incidencia. Este plan fortalecer\u00e1 el encadenamiento productivo local y forma parte de la visi\u00f3n de Cervecer\u00eda de crear un futuro con m\u00e1s motivos para brindar.<\/p>\n","protected":false},"excerpt":{"rendered":"<p>La\u00a0Cervecer\u00eda Nacional Dominicana\u00a0firm\u00f3 un acuerdo de colaboraci\u00f3n para ejecutar un proyecto piloto con el cual dinamizar\u00e1 la\u00a0producci\u00f3n\u00a0local de\u00a0ma\u00edz\u00a0y contribuir\u00e1 a &#8230;<\/p>\n","protected":false},"author":2,"featured_media":115333,"comment_status":"open","ping_status":"open","sticky":false,"template":"","format":"standard","meta":{"footnotes":""},"categories":[26],"tags":[],"class_list":["post-115332","post","type-post","status-publish","format-standard","has-post-thumbnail","hentry","category-economia"],"yoast_head":"<!-- This site is optimized with the Yoast SEO plugin v24.8.1 - https:\/\/yoast.com\/wordpress\/plugins\/seo\/ -->\n<title>Sembrar\u00e1n ma\u00edz para ser usado en la elaboraci\u00f3n de cerveza - PotenciaRadiofonicaDominicana.com<\/title>\n<meta name=\"robots\" content=\"index, follow, max-snippet:-1, max-image-preview:large, max-video-preview:-1\" \/>\n<link rel=\"canonical\" href=\"https:\/\/potenciaradiofonicadominicana.com\/portal\/sembraran-maiz-para-ser-usado-en-la-elaboracion-de-cerveza\/\" \/>\n<meta property=\"og:locale\" content=\"es_ES\" \/>\n<meta property=\"og:type\" content=\"article\" \/>\n<meta property=\"og:title\" content=\"Sembrar\u00e1n ma\u00edz para ser usado en la elaboraci\u00f3n de cerveza - PotenciaRadiofonicaDominicana.com\" \/>\n<meta property=\"og:description\" content=\"La\u00a0Cervecer\u00eda Nacional Dominicana\u00a0firm\u00f3 un acuerdo de colaboraci\u00f3n para ejecutar un proyecto piloto con el cual dinamizar\u00e1 la\u00a0producci\u00f3n\u00a0local de\u00a0ma\u00edz\u00a0y contribuir\u00e1 a ...\" \/>\n<meta property=\"og:url\" content=\"https:\/\/potenciaradiofonicadominicana.com\/portal\/sembraran-maiz-para-ser-usado-en-la-elaboracion-de-cerveza\/\" \/>\n<meta property=\"og:site_name\" content=\"PotenciaRadiofonicaDominicana.com\" \/>\n<meta property=\"article:publisher\" content=\"https:\/\/web.facebook.com\/PotenciaRadiofonicaD\" \/>\n<meta property=\"article:published_time\" content=\"2022-02-07T12:54:11+00:00\" \/>\n<meta property=\"og:image\" content=\"https:\/\/potenciaradiofonicadominicana.com\/portal\/wp-content\/uploads\/2022\/02\/acuerdo-bd937e2a-focus-0-0-895-573.jpg\" \/>\n\t<meta property=\"og:image:width\" content=\"895\" \/>\n\t<meta property=\"og:image:height\" content=\"573\" \/>\n\t<meta property=\"og:image:type\" content=\"image\/jpeg\" \/>\n<meta name=\"author\" content=\"Potencia Radiof\u00f3nica Dominicana\" \/>\n<meta name=\"twitter:card\" content=\"summary_large_image\" \/>\n<meta name=\"twitter:label1\" content=\"Escrito por\" \/>\n\t<meta name=\"twitter:data1\" content=\"Potencia Radiof\u00f3nica Dominicana\" \/>\n\t<meta name=\"twitter:label2\" content=\"Tiempo de lectura\" \/>\n\t<meta name=\"twitter:data2\" content=\"2 minutos\" \/>\n<script type=\"application\/ld+json\" class=\"yoast-schema-graph\">{\"@context\":\"https:\/\/schema.org\",\"@graph\":[{\"@type\":\"Article\",\"@id\":\"https:\/\/potenciaradiofonicadominicana.com\/portal\/sembraran-maiz-para-ser-usado-en-la-elaboracion-de-cerveza\/#article\",\"isPartOf\":{\"@id\":\"https:\/\/potenciaradiofonicadominicana.com\/portal\/sembraran-maiz-para-ser-usado-en-la-elaboracion-de-cerveza\/\"},\"author\":{\"name\":\"Potencia Radiof\u00f3nica Dominicana\",\"@id\":\"https:\/\/potenciaradiofonicadominicana.com\/portal\/#\/schema\/person\/a5cf1fea13877803ee0573ac18b03490\"},\"headline\":\"Sembrar\u00e1n ma\u00edz para ser usado en la elaboraci\u00f3n de cerveza\",\"datePublished\":\"2022-02-07T12:54:11+00:00\",\"mainEntityOfPage\":{\"@id\":\"https:\/\/potenciaradiofonicadominicana.com\/portal\/sembraran-maiz-para-ser-usado-en-la-elaboracion-de-cerveza\/\"},\"wordCount\":399,\"commentCount\":0,\"publisher\":{\"@id\":\"https:\/\/potenciaradiofonicadominicana.com\/portal\/#organization\"},\"image\":{\"@id\":\"https:\/\/potenciaradiofonicadominicana.com\/portal\/sembraran-maiz-para-ser-usado-en-la-elaboracion-de-cerveza\/#primaryimage\"},\"thumbnailUrl\":\"https:\/\/potenciaradiofonicadominicana.com\/portal\/wp-content\/uploads\/2022\/02\/acuerdo-bd937e2a-focus-0-0-895-573.jpg\",\"articleSection\":[\"Econom\u00eda\"],\"inLanguage\":\"es\",\"potentialAction\":[{\"@type\":\"CommentAction\",\"name\":\"Comment\",\"target\":[\"https:\/\/potenciaradiofonicadominicana.com\/portal\/sembraran-maiz-para-ser-usado-en-la-elaboracion-de-cerveza\/#respond\"]}]},{\"@type\":\"WebPage\",\"@id\":\"https:\/\/potenciaradiofonicadominicana.com\/portal\/sembraran-maiz-para-ser-usado-en-la-elaboracion-de-cerveza\/\",\"url\":\"https:\/\/potenciaradiofonicadominicana.com\/portal\/sembraran-maiz-para-ser-usado-en-la-elaboracion-de-cerveza\/\",\"name\":\"Sembrar\u00e1n ma\u00edz para ser usado en la elaboraci\u00f3n de cerveza - PotenciaRadiofonicaDominicana.com\",\"isPartOf\":{\"@id\":\"https:\/\/potenciaradiofonicadominicana.com\/portal\/#website\"},\"primaryImageOfPage\":{\"@id\":\"https:\/\/potenciaradiofonicadominicana.com\/portal\/sembraran-maiz-para-ser-usado-en-la-elaboracion-de-cerveza\/#primaryimage\"},\"image\":{\"@id\":\"https:\/\/potenciaradiofonicadominicana.com\/portal\/sembraran-maiz-para-ser-usado-en-la-elaboracion-de-cerveza\/#primaryimage\"},\"thumbnailUrl\":\"https:\/\/potenciaradiofonicadominicana.com\/portal\/wp-content\/uploads\/2022\/02\/acuerdo-bd937e2a-focus-0-0-895-573.jpg\",\"datePublished\":\"2022-02-07T12:54:11+00:00\",\"breadcrumb\":{\"@id\":\"https:\/\/potenciaradiofonicadominicana.com\/portal\/sembraran-maiz-para-ser-usado-en-la-elaboracion-de-cerveza\/#breadcrumb\"},\"inLanguage\":\"es\",\"potentialAction\":[{\"@type\":\"ReadAction\",\"target\":[\"https:\/\/potenciaradiofonicadominicana.com\/portal\/sembraran-maiz-para-ser-usado-en-la-elaboracion-de-cerveza\/\"]}]},{\"@type\":\"ImageObject\",\"inLanguage\":\"es\",\"@id\":\"https:\/\/potenciaradiofonicadominicana.com\/portal\/sembraran-maiz-para-ser-usado-en-la-elaboracion-de-cerveza\/#primaryimage\",\"url\":\"https:\/\/potenciaradiofonicadominicana.com\/portal\/wp-content\/uploads\/2022\/02\/acuerdo-bd937e2a-focus-0-0-895-573.jpg\",\"contentUrl\":\"https:\/\/potenciaradiofonicadominicana.com\/portal\/wp-content\/uploads\/2022\/02\/acuerdo-bd937e2a-focus-0-0-895-573.jpg\",\"width\":895,\"height\":573},{\"@type\":\"BreadcrumbList\",\"@id\":\"https:\/\/potenciaradiofonicadominicana.com\/portal\/sembraran-maiz-para-ser-usado-en-la-elaboracion-de-cerveza\/#breadcrumb\",\"itemListElement\":[{\"@type\":\"ListItem\",\"position\":1,\"name\":\"Portada\",\"item\":\"https:\/\/potenciaradiofonicadominicana.com\/portal\/\"},{\"@type\":\"ListItem\",\"position\":2,\"name\":\"Sembrar\u00e1n ma\u00edz para ser usado en la elaboraci\u00f3n de cerveza\"}]},{\"@type\":\"WebSite\",\"@id\":\"https:\/\/potenciaradiofonicadominicana.com\/portal\/#website\",\"url\":\"https:\/\/potenciaradiofonicadominicana.com\/portal\/\",\"name\":\"PotenciaRadiofonicaDominicana.com\",\"description\":\"Peri\u00f3dico Digital\",\"publisher\":{\"@id\":\"https:\/\/potenciaradiofonicadominicana.com\/portal\/#organization\"},\"potentialAction\":[{\"@type\":\"SearchAction\",\"target\":{\"@type\":\"EntryPoint\",\"urlTemplate\":\"https:\/\/potenciaradiofonicadominicana.com\/portal\/?s={search_term_string}\"},\"query-input\":{\"@type\":\"PropertyValueSpecification\",\"valueRequired\":true,\"valueName\":\"search_term_string\"}}],\"inLanguage\":\"es\"},{\"@type\":\"Organization\",\"@id\":\"https:\/\/potenciaradiofonicadominicana.com\/portal\/#organization\",\"name\":\"PotenciaRadiofonicaDominicana.com\",\"url\":\"https:\/\/potenciaradiofonicadominicana.com\/portal\/\",\"logo\":{\"@type\":\"ImageObject\",\"inLanguage\":\"es\",\"@id\":\"https:\/\/potenciaradiofonicadominicana.com\/portal\/#\/schema\/logo\/image\/\",\"url\":\"https:\/\/potenciaradiofonicadominicana.com\/portal\/wp-content\/uploads\/2022\/01\/descarga.png\",\"contentUrl\":\"https:\/\/potenciaradiofonicadominicana.com\/portal\/wp-content\/uploads\/2022\/01\/descarga.png\",\"width\":300,\"height\":100,\"caption\":\"PotenciaRadiofonicaDominicana.com\"},\"image\":{\"@id\":\"https:\/\/potenciaradiofonicadominicana.com\/portal\/#\/schema\/logo\/image\/\"},\"sameAs\":[\"https:\/\/web.facebook.com\/PotenciaRadiofonicaD\"]},{\"@type\":\"Person\",\"@id\":\"https:\/\/potenciaradiofonicadominicana.com\/portal\/#\/schema\/person\/a5cf1fea13877803ee0573ac18b03490\",\"name\":\"Potencia Radiof\u00f3nica Dominicana\",\"image\":{\"@type\":\"ImageObject\",\"inLanguage\":\"es\",\"@id\":\"https:\/\/potenciaradiofonicadominicana.com\/portal\/#\/schema\/person\/image\/\",\"url\":\"https:\/\/secure.gravatar.com\/avatar\/42a55ab9e8ccc656ba34cd791990602a?s=96&d=mm&r=g\",\"contentUrl\":\"https:\/\/secure.gravatar.com\/avatar\/42a55ab9e8ccc656ba34cd791990602a?s=96&d=mm&r=g\",\"caption\":\"Potencia Radiof\u00f3nica Dominicana\"},\"url\":\"https:\/\/potenciaradiofonicadominicana.com\/portal\/author\/johannyalmanzar\/\"}]}<\/script>\n<!-- \/ Yoast SEO plugin. -->","yoast_head_json":{"title":"Sembrar\u00e1n ma\u00edz para ser usado en la elaboraci\u00f3n de cerveza - PotenciaRadiofonicaDominicana.com","robots":{"index":"index","follow":"follow","max-snippet":"max-snippet:-1","max-image-preview":"max-image-preview:large","max-video-preview":"max-video-preview:-1"},"canonical":"https:\/\/potenciaradiofonicadominicana.com\/portal\/sembraran-maiz-para-ser-usado-en-la-elaboracion-de-cerveza\/","og_locale":"es_ES","og_type":"article","og_title":"Sembrar\u00e1n ma\u00edz para ser usado en la elaboraci\u00f3n de cerveza - PotenciaRadiofonicaDominicana.com","og_description":"La\u00a0Cervecer\u00eda Nacional Dominicana\u00a0firm\u00f3 un acuerdo de colaboraci\u00f3n para ejecutar un proyecto piloto con el cual dinamizar\u00e1 la\u00a0producci\u00f3n\u00a0local de\u00a0ma\u00edz\u00a0y contribuir\u00e1 a ...","og_url":"https:\/\/potenciaradiofonicadominicana.com\/portal\/sembraran-maiz-para-ser-usado-en-la-elaboracion-de-cerveza\/","og_site_name":"PotenciaRadiofonicaDominicana.com","article_publisher":"https:\/\/web.facebook.com\/PotenciaRadiofonicaD","article_published_time":"2022-02-07T12:54:11+00:00","og_image":[{"width":895,"height":573,"url":"https:\/\/potenciaradiofonicadominicana.com\/portal\/wp-content\/uploads\/2022\/02\/acuerdo-bd937e2a-focus-0-0-895-573.jpg","type":"image\/jpeg"}],"author":"Potencia Radiof\u00f3nica Dominicana","twitter_card":"summary_large_image","twitter_misc":{"Escrito por":"Potencia Radiof\u00f3nica Dominicana","Tiempo de lectura":"2 minutos"},"schema":{"@context":"https:\/\/schema.org","@graph":[{"@type":"Article","@id":"https:\/\/potenciaradiofonicadominicana.com\/portal\/sembraran-maiz-para-ser-usado-en-la-elaboracion-de-cerveza\/#article","isPartOf":{"@id":"https:\/\/potenciaradiofonicadominicana.com\/portal\/sembraran-maiz-para-ser-usado-en-la-elaboracion-de-cerveza\/"},"author":{"name":"Potencia Radiof\u00f3nica Dominicana","@id":"https:\/\/potenciaradiofonicadominicana.com\/portal\/#\/schema\/person\/a5cf1fea13877803ee0573ac18b03490"},"headline":"Sembrar\u00e1n ma\u00edz para ser usado en la elaboraci\u00f3n de cerveza","datePublished":"2022-02-07T12:54:11+00:00","mainEntityOfPage":{"@id":"https:\/\/potenciaradiofonicadominicana.com\/portal\/sembraran-maiz-para-ser-usado-en-la-elaboracion-de-cerveza\/"},"wordCount":399,"commentCount":0,"publisher":{"@id":"https:\/\/potenciaradiofonicadominicana.com\/portal\/#organization"},"image":{"@id":"https:\/\/potenciaradiofonicadominicana.com\/portal\/sembraran-maiz-para-ser-usado-en-la-elaboracion-de-cerveza\/#primaryimage"},"thumbnailUrl":"https:\/\/potenciaradiofonicadominicana.com\/portal\/wp-content\/uploads\/2022\/02\/acuerdo-bd937e2a-focus-0-0-895-573.jpg","articleSection":["Econom\u00eda"],"inLanguage":"es","potentialAction":[{"@type":"CommentAction","name":"Comment","target":["https:\/\/potenciaradiofonicadominicana.com\/portal\/sembraran-maiz-para-ser-usado-en-la-elaboracion-de-cerveza\/#respond"]}]},{"@type":"WebPage","@id":"https:\/\/potenciaradiofonicadominicana.com\/portal\/sembraran-maiz-para-ser-usado-en-la-elaboracion-de-cerveza\/","url":"https:\/\/potenciaradiofonicadominicana.com\/portal\/sembraran-maiz-para-ser-usado-en-la-elaboracion-de-cerveza\/","name":"Sembrar\u00e1n ma\u00edz para ser usado en la elaboraci\u00f3n de cerveza - PotenciaRadiofonicaDominicana.com","isPartOf":{"@id":"https:\/\/potenciaradiofonicadominicana.com\/portal\/#website"},"primaryImageOfPage":{"@id":"https:\/\/potenciaradiofonicadominicana.com\/portal\/sembraran-maiz-para-ser-usado-en-la-elaboracion-de-cerveza\/#primaryimage"},"image":{"@id":"https:\/\/potenciaradiofonicadominicana.com\/portal\/sembraran-maiz-para-ser-usado-en-la-elaboracion-de-cerveza\/#primaryimage"},"thumbnailUrl":"https:\/\/potenciaradiofonicadominicana.com\/portal\/wp-content\/uploads\/2022\/02\/acuerdo-bd937e2a-focus-0-0-895-573.jpg","datePublished":"2022-02-07T12:54:11+00:00","breadcrumb":{"@id":"https:\/\/potenciaradiofonicadominicana.com\/portal\/sembraran-maiz-para-ser-usado-en-la-elaboracion-de-cerveza\/#breadcrumb"},"inLanguage":"es","potentialAction":[{"@type":"ReadAction","target":["https:\/\/potenciaradiofonicadominicana.com\/portal\/sembraran-maiz-para-ser-usado-en-la-elaboracion-de-cerveza\/"]}]},{"@type":"ImageObject","inLanguage":"es","@id":"https:\/\/potenciaradiofonicadominicana.com\/portal\/sembraran-maiz-para-ser-usado-en-la-elaboracion-de-cerveza\/#primaryimage","url":"https:\/\/potenciaradiofonicadominicana.com\/portal\/wp-content\/uploads\/2022\/02\/acuerdo-bd937e2a-focus-0-0-895-573.jpg","contentUrl":"https:\/\/potenciaradiofonicadominicana.com\/portal\/wp-content\/uploads\/2022\/02\/acuerdo-bd937e2a-focus-0-0-895-573.jpg","width":895,"height":573},{"@type":"BreadcrumbList","@id":"https:\/\/potenciaradiofonicadominicana.com\/portal\/sembraran-maiz-para-ser-usado-en-la-elaboracion-de-cerveza\/#breadcrumb","itemListElement":[{"@type":"ListItem","position":1,"name":"Portada","item":"https:\/\/potenciaradiofonicadominicana.com\/portal\/"},{"@type":"ListItem","position":2,"name":"Sembrar\u00e1n ma\u00edz para ser usado en la elaboraci\u00f3n de cerveza"}]},{"@type":"WebSite","@id":"https:\/\/potenciaradiofonicadominicana.com\/portal\/#website","url":"https:\/\/potenciaradiofonicadominicana.com\/portal\/","name":"PotenciaRadiofonicaDominicana.com","description":"Peri\u00f3dico Digital","publisher":{"@id":"https:\/\/potenciaradiofonicadominicana.com\/portal\/#organization"},"potentialAction":[{"@type":"SearchAction","target":{"@type":"EntryPoint","urlTemplate":"https:\/\/potenciaradiofonicadominicana.com\/portal\/?s={search_term_string}"},"query-input":{"@type":"PropertyValueSpecification","valueRequired":true,"valueName":"search_term_string"}}],"inLanguage":"es"},{"@type":"Organization","@id":"https:\/\/potenciaradiofonicadominicana.com\/portal\/#organization","name":"PotenciaRadiofonicaDominicana.com","url":"https:\/\/potenciaradiofonicadominicana.com\/portal\/","logo":{"@type":"ImageObject","inLanguage":"es","@id":"https:\/\/potenciaradiofonicadominicana.com\/portal\/#\/schema\/logo\/image\/","url":"https:\/\/potenciaradiofonicadominicana.com\/portal\/wp-content\/uploads\/2022\/01\/descarga.png","contentUrl":"https:\/\/potenciaradiofonicadominicana.com\/portal\/wp-content\/uploads\/2022\/01\/descarga.png","width":300,"height":100,"caption":"PotenciaRadiofonicaDominicana.com"},"image":{"@id":"https:\/\/potenciaradiofonicadominicana.com\/portal\/#\/schema\/logo\/image\/"},"sameAs":["https:\/\/web.facebook.com\/PotenciaRadiofonicaD"]},{"@type":"Person","@id":"https:\/\/potenciaradiofonicadominicana.com\/portal\/#\/schema\/person\/a5cf1fea13877803ee0573ac18b03490","name":"Potencia Radiof\u00f3nica Dominicana","image":{"@type":"ImageObject","inLanguage":"es","@id":"https:\/\/potenciaradiofonicadominicana.com\/portal\/#\/schema\/person\/image\/","url":"https:\/\/secure.gravatar.com\/avatar\/42a55ab9e8ccc656ba34cd791990602a?s=96&d=mm&r=g","contentUrl":"https:\/\/secure.gravatar.com\/avatar\/42a55ab9e8ccc656ba34cd791990602a?s=96&d=mm&r=g","caption":"Potencia Radiof\u00f3nica Dominicana"},"url":"https:\/\/potenciaradiofonicadominicana.com\/portal\/author\/johannyalmanzar\/"}]}},"_links":{"self":[{"href":"https:\/\/potenciaradiofonicadominicana.com\/portal\/wp-json\/wp\/v2\/posts\/115332","targetHints":{"allow":["GET"]}}],"collection":[{"href":"https:\/\/potenciaradiofonicadominicana.com\/portal\/wp-json\/wp\/v2\/posts"}],"about":[{"href":"https:\/\/potenciaradiofonicadominicana.com\/portal\/wp-json\/wp\/v2\/types\/post"}],"author":[{"embeddable":true,"href":"https:\/\/potenciaradiofonicadominicana.com\/portal\/wp-json\/wp\/v2\/users\/2"}],"replies":[{"embeddable":true,"href":"https:\/\/potenciaradiofonicadominicana.com\/portal\/wp-json\/wp\/v2\/comments?post=115332"}],"version-history":[{"count":1,"href":"https:\/\/potenciaradiofonicadominicana.com\/portal\/wp-json\/wp\/v2\/posts\/115332\/revisions"}],"predecessor-version":[{"id":115334,"href":"https:\/\/potenciaradiofonicadominicana.com\/portal\/wp-json\/wp\/v2\/posts\/115332\/revisions\/115334"}],"wp:featuredmedia":[{"embeddable":true,"href":"https:\/\/potenciaradiofonicadominicana.com\/portal\/wp-json\/wp\/v2\/media\/115333"}],"wp:attachment":[{"href":"https:\/\/potenciaradiofonicadominicana.com\/portal\/wp-json\/wp\/v2\/media?parent=115332"}],"wp:term":[{"taxonomy":"category","embeddable":true,"href":"https:\/\/potenciaradiofonicadominicana.com\/portal\/wp-json\/wp\/v2\/categories?post=115332"},{"taxonomy":"post_tag","embeddable":true,"href":"https:\/\/potenciaradiofonicadominicana.com\/portal\/wp-json\/wp\/v2\/tags?post=115332"}],"curies":[{"name":"wp","href":"https:\/\/api.w.org\/{rel}","templated":true}]}}