{"id":115329,"date":"2022-02-07T08:52:21","date_gmt":"2022-02-07T12:52:21","guid":{"rendered":"https:\/\/potenciaradiofonicadominicana.com\/portal\/?p=115329"},"modified":"2022-02-07T08:52:21","modified_gmt":"2022-02-07T12:52:21","slug":"banreservas-recibe-20-certificaciones-de-sostenibilidad-3rs","status":"publish","type":"post","link":"https:\/\/potenciaradiofonicadominicana.com\/portal\/banreservas-recibe-20-certificaciones-de-sostenibilidad-3rs\/","title":{"rendered":"Banreservas recibe 20 certificaciones de Sostenibilidad 3R&#8217;s"},"content":{"rendered":"<p><a href=\"https:\/\/potenciaradiofonicadominicana.com\/portal\/wp-content\/uploads\/2022\/02\/banreservas-00f1c78a-focus-0-0-895-573.jpg\"><img loading=\"lazy\" decoding=\"async\" class=\"alignnone size-full wp-image-115330\" src=\"https:\/\/potenciaradiofonicadominicana.com\/portal\/wp-content\/uploads\/2022\/02\/banreservas-00f1c78a-focus-0-0-895-573.jpg\" alt=\"\" width=\"895\" height=\"573\" srcset=\"https:\/\/potenciaradiofonicadominicana.com\/portal\/wp-content\/uploads\/2022\/02\/banreservas-00f1c78a-focus-0-0-895-573.jpg 895w, https:\/\/potenciaradiofonicadominicana.com\/portal\/wp-content\/uploads\/2022\/02\/banreservas-00f1c78a-focus-0-0-895-573-300x192.jpg 300w, https:\/\/potenciaradiofonicadominicana.com\/portal\/wp-content\/uploads\/2022\/02\/banreservas-00f1c78a-focus-0-0-895-573-768x492.jpg 768w\" sizes=\"auto, (max-width: 895px) 100vw, 895px\" \/><\/a><\/p>\n<p>El\u00a0Banco de Reservas\u00a0recibi\u00f3 20 certificaciones en\u00a0Sostenibilidad 3Rs\u00a0y se convirti\u00f3 en la entidad del sistema financiero que posee m\u00e1s reconocimientos de esta clase, otorgados por ser una empresa sostenible que prioriza el cuidado ambiental.<\/p>\n<p>La entidad bancaria logr\u00f3 este hito en la quinta edici\u00f3n de\u00a0Sostenibilidad 3Rs, cuando 20 oficinas comerciales del banco recibieron, en conjunto, igual cantidad de menciones categor\u00eda oro por sus buenas pr\u00e1cticas.<\/p>\n<p>Ginny Heinsen, gerente general de\u00a0Sostenibilidad 3Rs, felicit\u00f3 a\u00a0Banreservas\u00a0porque, en los cinco a\u00f1os de la premiaci\u00f3n, la entidad bancaria ha obtenido 41 certificaciones, en diferentes categor\u00edas, por sus buenas pr\u00e1cticas medioambientales.<\/p>\n<p>Las oficinas comerciales que merecieron distinciones en esta entrega de los premios son: Los Alamos, 27 de Febrero, Sarasota, Luper\u00f3n, Palmas de Herrera, Las Terrenas, Boca Chica, Sans Souc\u00ed, M\u00e1ximo G\u00f3mez, Independencia, La Altagracia, Punta Cana, Barahona, Puerto Plata, Camino Real, San Francisco de Macor\u00eds, La Jaya, Estancia Nueva, La Romana y Romana Norte.<\/p>\n<p>Los ejecutivos del banco, Jes\u00fas Gonz\u00e1lez Garc\u00eda, gerente de Salud y Seguridad Ocupacional, y Elina Mart\u00ednez, coordinadora de seguridad ocupacional y medioambiente, recibieron las certificaciones entregadas por Ginny Heinsen y el ministro de Industria y Comercio, V\u00edctor Bison\u00f3.<\/p>\n<p>Heinsen aprovech\u00f3 la ocasi\u00f3n para destacar los esfuerzos que hicieron las 18 empresas que recibieron reconocimientos para cumplir con el ahorro de recursos, el manejo adecuado de los residuos y otras buenas pr\u00e1cticas que los ponen en camino para los objetivos de desarrollo sostenible.<\/p>\n<p>La ceremonia se efectu\u00f3 en el Ministerio de Medio Ambiente, con la presencia de ejecutivos de las empresas reconocidas, diplom\u00e1ticos, representantes de agencias internacionales de cooperaci\u00f3n y funcionarios del Gobierno.<\/p>\n","protected":false},"excerpt":{"rendered":"<p>El\u00a0Banco de Reservas\u00a0recibi\u00f3 20 certificaciones en\u00a0Sostenibilidad 3Rs\u00a0y se convirti\u00f3 en la entidad del sistema financiero que posee m\u00e1s reconocimientos de &#8230;<\/p>\n","protected":false},"author":2,"featured_media":115330,"comment_status":"open","ping_status":"open","sticky":false,"template":"","format":"standard","meta":{"footnotes":""},"categories":[26],"tags":[],"class_list":["post-115329","post","type-post","status-publish","format-standard","has-post-thumbnail","hentry","category-economia"],"yoast_head":"<!-- This site is optimized with the Yoast SEO plugin v24.8.1 - https:\/\/yoast.com\/wordpress\/plugins\/seo\/ -->\n<title>Banreservas recibe 20 certificaciones de Sostenibilidad 3R&#039;s - PotenciaRadiofonicaDominicana.com<\/title>\n<meta name=\"robots\" content=\"index, follow, max-snippet:-1, max-image-preview:large, max-video-preview:-1\" \/>\n<link rel=\"canonical\" href=\"https:\/\/potenciaradiofonicadominicana.com\/portal\/banreservas-recibe-20-certificaciones-de-sostenibilidad-3rs\/\" \/>\n<meta property=\"og:locale\" content=\"es_ES\" \/>\n<meta property=\"og:type\" content=\"article\" \/>\n<meta property=\"og:title\" content=\"Banreservas recibe 20 certificaciones de Sostenibilidad 3R&#039;s - PotenciaRadiofonicaDominicana.com\" \/>\n<meta property=\"og:description\" content=\"El\u00a0Banco de Reservas\u00a0recibi\u00f3 20 certificaciones en\u00a0Sostenibilidad 3Rs\u00a0y se convirti\u00f3 en la entidad del sistema financiero que posee m\u00e1s reconocimientos de ...\" \/>\n<meta property=\"og:url\" content=\"https:\/\/potenciaradiofonicadominicana.com\/portal\/banreservas-recibe-20-certificaciones-de-sostenibilidad-3rs\/\" \/>\n<meta property=\"og:site_name\" content=\"PotenciaRadiofonicaDominicana.com\" \/>\n<meta property=\"article:publisher\" content=\"https:\/\/web.facebook.com\/PotenciaRadiofonicaD\" \/>\n<meta property=\"article:published_time\" content=\"2022-02-07T12:52:21+00:00\" \/>\n<meta property=\"og:image\" content=\"https:\/\/potenciaradiofonicadominicana.com\/portal\/wp-content\/uploads\/2022\/02\/banreservas-00f1c78a-focus-0-0-895-573.jpg\" \/>\n\t<meta property=\"og:image:width\" content=\"895\" \/>\n\t<meta property=\"og:image:height\" content=\"573\" \/>\n\t<meta property=\"og:image:type\" content=\"image\/jpeg\" \/>\n<meta name=\"author\" content=\"Potencia Radiof\u00f3nica Dominicana\" \/>\n<meta name=\"twitter:card\" content=\"summary_large_image\" \/>\n<meta name=\"twitter:label1\" content=\"Escrito por\" \/>\n\t<meta name=\"twitter:data1\" content=\"Potencia Radiof\u00f3nica Dominicana\" \/>\n\t<meta name=\"twitter:label2\" content=\"Tiempo de lectura\" \/>\n\t<meta name=\"twitter:data2\" content=\"1 minuto\" \/>\n<script type=\"application\/ld+json\" class=\"yoast-schema-graph\">{\"@context\":\"https:\/\/schema.org\",\"@graph\":[{\"@type\":\"Article\",\"@id\":\"https:\/\/potenciaradiofonicadominicana.com\/portal\/banreservas-recibe-20-certificaciones-de-sostenibilidad-3rs\/#article\",\"isPartOf\":{\"@id\":\"https:\/\/potenciaradiofonicadominicana.com\/portal\/banreservas-recibe-20-certificaciones-de-sostenibilidad-3rs\/\"},\"author\":{\"name\":\"Potencia Radiof\u00f3nica Dominicana\",\"@id\":\"https:\/\/potenciaradiofonicadominicana.com\/portal\/#\/schema\/person\/a5cf1fea13877803ee0573ac18b03490\"},\"headline\":\"Banreservas recibe 20 certificaciones de Sostenibilidad 3R&#8217;s\",\"datePublished\":\"2022-02-07T12:52:21+00:00\",\"mainEntityOfPage\":{\"@id\":\"https:\/\/potenciaradiofonicadominicana.com\/portal\/banreservas-recibe-20-certificaciones-de-sostenibilidad-3rs\/\"},\"wordCount\":290,\"commentCount\":0,\"publisher\":{\"@id\":\"https:\/\/potenciaradiofonicadominicana.com\/portal\/#organization\"},\"image\":{\"@id\":\"https:\/\/potenciaradiofonicadominicana.com\/portal\/banreservas-recibe-20-certificaciones-de-sostenibilidad-3rs\/#primaryimage\"},\"thumbnailUrl\":\"https:\/\/potenciaradiofonicadominicana.com\/portal\/wp-content\/uploads\/2022\/02\/banreservas-00f1c78a-focus-0-0-895-573.jpg\",\"articleSection\":[\"Econom\u00eda\"],\"inLanguage\":\"es\",\"potentialAction\":[{\"@type\":\"CommentAction\",\"name\":\"Comment\",\"target\":[\"https:\/\/potenciaradiofonicadominicana.com\/portal\/banreservas-recibe-20-certificaciones-de-sostenibilidad-3rs\/#respond\"]}]},{\"@type\":\"WebPage\",\"@id\":\"https:\/\/potenciaradiofonicadominicana.com\/portal\/banreservas-recibe-20-certificaciones-de-sostenibilidad-3rs\/\",\"url\":\"https:\/\/potenciaradiofonicadominicana.com\/portal\/banreservas-recibe-20-certificaciones-de-sostenibilidad-3rs\/\",\"name\":\"Banreservas recibe 20 certificaciones de Sostenibilidad 3R's - PotenciaRadiofonicaDominicana.com\",\"isPartOf\":{\"@id\":\"https:\/\/potenciaradiofonicadominicana.com\/portal\/#website\"},\"primaryImageOfPage\":{\"@id\":\"https:\/\/potenciaradiofonicadominicana.com\/portal\/banreservas-recibe-20-certificaciones-de-sostenibilidad-3rs\/#primaryimage\"},\"image\":{\"@id\":\"https:\/\/potenciaradiofonicadominicana.com\/portal\/banreservas-recibe-20-certificaciones-de-sostenibilidad-3rs\/#primaryimage\"},\"thumbnailUrl\":\"https:\/\/potenciaradiofonicadominicana.com\/portal\/wp-content\/uploads\/2022\/02\/banreservas-00f1c78a-focus-0-0-895-573.jpg\",\"datePublished\":\"2022-02-07T12:52:21+00:00\",\"breadcrumb\":{\"@id\":\"https:\/\/potenciaradiofonicadominicana.com\/portal\/banreservas-recibe-20-certificaciones-de-sostenibilidad-3rs\/#breadcrumb\"},\"inLanguage\":\"es\",\"potentialAction\":[{\"@type\":\"ReadAction\",\"target\":[\"https:\/\/potenciaradiofonicadominicana.com\/portal\/banreservas-recibe-20-certificaciones-de-sostenibilidad-3rs\/\"]}]},{\"@type\":\"ImageObject\",\"inLanguage\":\"es\",\"@id\":\"https:\/\/potenciaradiofonicadominicana.com\/portal\/banreservas-recibe-20-certificaciones-de-sostenibilidad-3rs\/#primaryimage\",\"url\":\"https:\/\/potenciaradiofonicadominicana.com\/portal\/wp-content\/uploads\/2022\/02\/banreservas-00f1c78a-focus-0-0-895-573.jpg\",\"contentUrl\":\"https:\/\/potenciaradiofonicadominicana.com\/portal\/wp-content\/uploads\/2022\/02\/banreservas-00f1c78a-focus-0-0-895-573.jpg\",\"width\":895,\"height\":573},{\"@type\":\"BreadcrumbList\",\"@id\":\"https:\/\/potenciaradiofonicadominicana.com\/portal\/banreservas-recibe-20-certificaciones-de-sostenibilidad-3rs\/#breadcrumb\",\"itemListElement\":[{\"@type\":\"ListItem\",\"position\":1,\"name\":\"Portada\",\"item\":\"https:\/\/potenciaradiofonicadominicana.com\/portal\/\"},{\"@type\":\"ListItem\",\"position\":2,\"name\":\"Banreservas recibe 20 certificaciones de Sostenibilidad 3R&#8217;s\"}]},{\"@type\":\"WebSite\",\"@id\":\"https:\/\/potenciaradiofonicadominicana.com\/portal\/#website\",\"url\":\"https:\/\/potenciaradiofonicadominicana.com\/portal\/\",\"name\":\"PotenciaRadiofonicaDominicana.com\",\"description\":\"Peri\u00f3dico Digital\",\"publisher\":{\"@id\":\"https:\/\/potenciaradiofonicadominicana.com\/portal\/#organization\"},\"potentialAction\":[{\"@type\":\"SearchAction\",\"target\":{\"@type\":\"EntryPoint\",\"urlTemplate\":\"https:\/\/potenciaradiofonicadominicana.com\/portal\/?s={search_term_string}\"},\"query-input\":{\"@type\":\"PropertyValueSpecification\",\"valueRequired\":true,\"valueName\":\"search_term_string\"}}],\"inLanguage\":\"es\"},{\"@type\":\"Organization\",\"@id\":\"https:\/\/potenciaradiofonicadominicana.com\/portal\/#organization\",\"name\":\"PotenciaRadiofonicaDominicana.com\",\"url\":\"https:\/\/potenciaradiofonicadominicana.com\/portal\/\",\"logo\":{\"@type\":\"ImageObject\",\"inLanguage\":\"es\",\"@id\":\"https:\/\/potenciaradiofonicadominicana.com\/portal\/#\/schema\/logo\/image\/\",\"url\":\"https:\/\/potenciaradiofonicadominicana.com\/portal\/wp-content\/uploads\/2022\/01\/descarga.png\",\"contentUrl\":\"https:\/\/potenciaradiofonicadominicana.com\/portal\/wp-content\/uploads\/2022\/01\/descarga.png\",\"width\":300,\"height\":100,\"caption\":\"PotenciaRadiofonicaDominicana.com\"},\"image\":{\"@id\":\"https:\/\/potenciaradiofonicadominicana.com\/portal\/#\/schema\/logo\/image\/\"},\"sameAs\":[\"https:\/\/web.facebook.com\/PotenciaRadiofonicaD\"]},{\"@type\":\"Person\",\"@id\":\"https:\/\/potenciaradiofonicadominicana.com\/portal\/#\/schema\/person\/a5cf1fea13877803ee0573ac18b03490\",\"name\":\"Potencia Radiof\u00f3nica Dominicana\",\"image\":{\"@type\":\"ImageObject\",\"inLanguage\":\"es\",\"@id\":\"https:\/\/potenciaradiofonicadominicana.com\/portal\/#\/schema\/person\/image\/\",\"url\":\"https:\/\/secure.gravatar.com\/avatar\/42a55ab9e8ccc656ba34cd791990602a?s=96&d=mm&r=g\",\"contentUrl\":\"https:\/\/secure.gravatar.com\/avatar\/42a55ab9e8ccc656ba34cd791990602a?s=96&d=mm&r=g\",\"caption\":\"Potencia Radiof\u00f3nica Dominicana\"},\"url\":\"https:\/\/potenciaradiofonicadominicana.com\/portal\/author\/johannyalmanzar\/\"}]}<\/script>\n<!-- \/ Yoast SEO plugin. -->","yoast_head_json":{"title":"Banreservas recibe 20 certificaciones de Sostenibilidad 3R's - PotenciaRadiofonicaDominicana.com","robots":{"index":"index","follow":"follow","max-snippet":"max-snippet:-1","max-image-preview":"max-image-preview:large","max-video-preview":"max-video-preview:-1"},"canonical":"https:\/\/potenciaradiofonicadominicana.com\/portal\/banreservas-recibe-20-certificaciones-de-sostenibilidad-3rs\/","og_locale":"es_ES","og_type":"article","og_title":"Banreservas recibe 20 certificaciones de Sostenibilidad 3R's - PotenciaRadiofonicaDominicana.com","og_description":"El\u00a0Banco de Reservas\u00a0recibi\u00f3 20 certificaciones en\u00a0Sostenibilidad 3Rs\u00a0y se convirti\u00f3 en la entidad del sistema financiero que posee m\u00e1s reconocimientos de ...","og_url":"https:\/\/potenciaradiofonicadominicana.com\/portal\/banreservas-recibe-20-certificaciones-de-sostenibilidad-3rs\/","og_site_name":"PotenciaRadiofonicaDominicana.com","article_publisher":"https:\/\/web.facebook.com\/PotenciaRadiofonicaD","article_published_time":"2022-02-07T12:52:21+00:00","og_image":[{"width":895,"height":573,"url":"https:\/\/potenciaradiofonicadominicana.com\/portal\/wp-content\/uploads\/2022\/02\/banreservas-00f1c78a-focus-0-0-895-573.jpg","type":"image\/jpeg"}],"author":"Potencia Radiof\u00f3nica Dominicana","twitter_card":"summary_large_image","twitter_misc":{"Escrito por":"Potencia Radiof\u00f3nica Dominicana","Tiempo de lectura":"1 minuto"},"schema":{"@context":"https:\/\/schema.org","@graph":[{"@type":"Article","@id":"https:\/\/potenciaradiofonicadominicana.com\/portal\/banreservas-recibe-20-certificaciones-de-sostenibilidad-3rs\/#article","isPartOf":{"@id":"https:\/\/potenciaradiofonicadominicana.com\/portal\/banreservas-recibe-20-certificaciones-de-sostenibilidad-3rs\/"},"author":{"name":"Potencia Radiof\u00f3nica Dominicana","@id":"https:\/\/potenciaradiofonicadominicana.com\/portal\/#\/schema\/person\/a5cf1fea13877803ee0573ac18b03490"},"headline":"Banreservas recibe 20 certificaciones de Sostenibilidad 3R&#8217;s","datePublished":"2022-02-07T12:52:21+00:00","mainEntityOfPage":{"@id":"https:\/\/potenciaradiofonicadominicana.com\/portal\/banreservas-recibe-20-certificaciones-de-sostenibilidad-3rs\/"},"wordCount":290,"commentCount":0,"publisher":{"@id":"https:\/\/potenciaradiofonicadominicana.com\/portal\/#organization"},"image":{"@id":"https:\/\/potenciaradiofonicadominicana.com\/portal\/banreservas-recibe-20-certificaciones-de-sostenibilidad-3rs\/#primaryimage"},"thumbnailUrl":"https:\/\/potenciaradiofonicadominicana.com\/portal\/wp-content\/uploads\/2022\/02\/banreservas-00f1c78a-focus-0-0-895-573.jpg","articleSection":["Econom\u00eda"],"inLanguage":"es","potentialAction":[{"@type":"CommentAction","name":"Comment","target":["https:\/\/potenciaradiofonicadominicana.com\/portal\/banreservas-recibe-20-certificaciones-de-sostenibilidad-3rs\/#respond"]}]},{"@type":"WebPage","@id":"https:\/\/potenciaradiofonicadominicana.com\/portal\/banreservas-recibe-20-certificaciones-de-sostenibilidad-3rs\/","url":"https:\/\/potenciaradiofonicadominicana.com\/portal\/banreservas-recibe-20-certificaciones-de-sostenibilidad-3rs\/","name":"Banreservas recibe 20 certificaciones de Sostenibilidad 3R's - PotenciaRadiofonicaDominicana.com","isPartOf":{"@id":"https:\/\/potenciaradiofonicadominicana.com\/portal\/#website"},"primaryImageOfPage":{"@id":"https:\/\/potenciaradiofonicadominicana.com\/portal\/banreservas-recibe-20-certificaciones-de-sostenibilidad-3rs\/#primaryimage"},"image":{"@id":"https:\/\/potenciaradiofonicadominicana.com\/portal\/banreservas-recibe-20-certificaciones-de-sostenibilidad-3rs\/#primaryimage"},"thumbnailUrl":"https:\/\/potenciaradiofonicadominicana.com\/portal\/wp-content\/uploads\/2022\/02\/banreservas-00f1c78a-focus-0-0-895-573.jpg","datePublished":"2022-02-07T12:52:21+00:00","breadcrumb":{"@id":"https:\/\/potenciaradiofonicadominicana.com\/portal\/banreservas-recibe-20-certificaciones-de-sostenibilidad-3rs\/#breadcrumb"},"inLanguage":"es","potentialAction":[{"@type":"ReadAction","target":["https:\/\/potenciaradiofonicadominicana.com\/portal\/banreservas-recibe-20-certificaciones-de-sostenibilidad-3rs\/"]}]},{"@type":"ImageObject","inLanguage":"es","@id":"https:\/\/potenciaradiofonicadominicana.com\/portal\/banreservas-recibe-20-certificaciones-de-sostenibilidad-3rs\/#primaryimage","url":"https:\/\/potenciaradiofonicadominicana.com\/portal\/wp-content\/uploads\/2022\/02\/banreservas-00f1c78a-focus-0-0-895-573.jpg","contentUrl":"https:\/\/potenciaradiofonicadominicana.com\/portal\/wp-content\/uploads\/2022\/02\/banreservas-00f1c78a-focus-0-0-895-573.jpg","width":895,"height":573},{"@type":"BreadcrumbList","@id":"https:\/\/potenciaradiofonicadominicana.com\/portal\/banreservas-recibe-20-certificaciones-de-sostenibilidad-3rs\/#breadcrumb","itemListElement":[{"@type":"ListItem","position":1,"name":"Portada","item":"https:\/\/potenciaradiofonicadominicana.com\/portal\/"},{"@type":"ListItem","position":2,"name":"Banreservas recibe 20 certificaciones de Sostenibilidad 3R&#8217;s"}]},{"@type":"WebSite","@id":"https:\/\/potenciaradiofonicadominicana.com\/portal\/#website","url":"https:\/\/potenciaradiofonicadominicana.com\/portal\/","name":"PotenciaRadiofonicaDominicana.com","description":"Peri\u00f3dico Digital","publisher":{"@id":"https:\/\/potenciaradiofonicadominicana.com\/portal\/#organization"},"potentialAction":[{"@type":"SearchAction","target":{"@type":"EntryPoint","urlTemplate":"https:\/\/potenciaradiofonicadominicana.com\/portal\/?s={search_term_string}"},"query-input":{"@type":"PropertyValueSpecification","valueRequired":true,"valueName":"search_term_string"}}],"inLanguage":"es"},{"@type":"Organization","@id":"https:\/\/potenciaradiofonicadominicana.com\/portal\/#organization","name":"PotenciaRadiofonicaDominicana.com","url":"https:\/\/potenciaradiofonicadominicana.com\/portal\/","logo":{"@type":"ImageObject","inLanguage":"es","@id":"https:\/\/potenciaradiofonicadominicana.com\/portal\/#\/schema\/logo\/image\/","url":"https:\/\/potenciaradiofonicadominicana.com\/portal\/wp-content\/uploads\/2022\/01\/descarga.png","contentUrl":"https:\/\/potenciaradiofonicadominicana.com\/portal\/wp-content\/uploads\/2022\/01\/descarga.png","width":300,"height":100,"caption":"PotenciaRadiofonicaDominicana.com"},"image":{"@id":"https:\/\/potenciaradiofonicadominicana.com\/portal\/#\/schema\/logo\/image\/"},"sameAs":["https:\/\/web.facebook.com\/PotenciaRadiofonicaD"]},{"@type":"Person","@id":"https:\/\/potenciaradiofonicadominicana.com\/portal\/#\/schema\/person\/a5cf1fea13877803ee0573ac18b03490","name":"Potencia Radiof\u00f3nica Dominicana","image":{"@type":"ImageObject","inLanguage":"es","@id":"https:\/\/potenciaradiofonicadominicana.com\/portal\/#\/schema\/person\/image\/","url":"https:\/\/secure.gravatar.com\/avatar\/42a55ab9e8ccc656ba34cd791990602a?s=96&d=mm&r=g","contentUrl":"https:\/\/secure.gravatar.com\/avatar\/42a55ab9e8ccc656ba34cd791990602a?s=96&d=mm&r=g","caption":"Potencia Radiof\u00f3nica Dominicana"},"url":"https:\/\/potenciaradiofonicadominicana.com\/portal\/author\/johannyalmanzar\/"}]}},"_links":{"self":[{"href":"https:\/\/potenciaradiofonicadominicana.com\/portal\/wp-json\/wp\/v2\/posts\/115329","targetHints":{"allow":["GET"]}}],"collection":[{"href":"https:\/\/potenciaradiofonicadominicana.com\/portal\/wp-json\/wp\/v2\/posts"}],"about":[{"href":"https:\/\/potenciaradiofonicadominicana.com\/portal\/wp-json\/wp\/v2\/types\/post"}],"author":[{"embeddable":true,"href":"https:\/\/potenciaradiofonicadominicana.com\/portal\/wp-json\/wp\/v2\/users\/2"}],"replies":[{"embeddable":true,"href":"https:\/\/potenciaradiofonicadominicana.com\/portal\/wp-json\/wp\/v2\/comments?post=115329"}],"version-history":[{"count":1,"href":"https:\/\/potenciaradiofonicadominicana.com\/portal\/wp-json\/wp\/v2\/posts\/115329\/revisions"}],"predecessor-version":[{"id":115331,"href":"https:\/\/potenciaradiofonicadominicana.com\/portal\/wp-json\/wp\/v2\/posts\/115329\/revisions\/115331"}],"wp:featuredmedia":[{"embeddable":true,"href":"https:\/\/potenciaradiofonicadominicana.com\/portal\/wp-json\/wp\/v2\/media\/115330"}],"wp:attachment":[{"href":"https:\/\/potenciaradiofonicadominicana.com\/portal\/wp-json\/wp\/v2\/media?parent=115329"}],"wp:term":[{"taxonomy":"category","embeddable":true,"href":"https:\/\/potenciaradiofonicadominicana.com\/portal\/wp-json\/wp\/v2\/categories?post=115329"},{"taxonomy":"post_tag","embeddable":true,"href":"https:\/\/potenciaradiofonicadominicana.com\/portal\/wp-json\/wp\/v2\/tags?post=115329"}],"curies":[{"name":"wp","href":"https:\/\/api.w.org\/{rel}","templated":true}]}}