{"id":115210,"date":"2022-02-04T10:14:46","date_gmt":"2022-02-04T14:14:46","guid":{"rendered":"https:\/\/potenciaradiofonicadominicana.com\/portal\/?p=115210"},"modified":"2022-02-04T10:14:46","modified_gmt":"2022-02-04T14:14:46","slug":"lanzan-concurso-para-la-recuperacion-del-sector-turismo-en-rd","status":"publish","type":"post","link":"https:\/\/potenciaradiofonicadominicana.com\/portal\/lanzan-concurso-para-la-recuperacion-del-sector-turismo-en-rd\/","title":{"rendered":"Lanzan concurso para la recuperaci\u00f3n del sector turismo en RD"},"content":{"rendered":"<p><a href=\"https:\/\/potenciaradiofonicadominicana.com\/portal\/wp-content\/uploads\/2022\/02\/FOTO-1.jpg\"><img loading=\"lazy\" decoding=\"async\" class=\"alignnone size-full wp-image-115212\" src=\"https:\/\/potenciaradiofonicadominicana.com\/portal\/wp-content\/uploads\/2022\/02\/FOTO-1.jpg\" alt=\"\" width=\"1200\" height=\"674\" srcset=\"https:\/\/potenciaradiofonicadominicana.com\/portal\/wp-content\/uploads\/2022\/02\/FOTO-1.jpg 1200w, https:\/\/potenciaradiofonicadominicana.com\/portal\/wp-content\/uploads\/2022\/02\/FOTO-1-300x169.jpg 300w, https:\/\/potenciaradiofonicadominicana.com\/portal\/wp-content\/uploads\/2022\/02\/FOTO-1-768x431.jpg 768w, https:\/\/potenciaradiofonicadominicana.com\/portal\/wp-content\/uploads\/2022\/02\/FOTO-1-1024x575.jpg 1024w\" sizes=\"auto, (max-width: 1200px) 100vw, 1200px\" \/><\/a><\/p>\n<p>El Di\u00e1logo Sectorial Turismo para el Desarrollo Sostenible, el\u00a0Ministerio de Turismo,\u00a0el Ministerio de Medio Ambiente y Recursos Naturales y el Ministerio de Econom\u00eda, Planificaci\u00f3n y Desarrollo, con el apoyo de la Cooperaci\u00f3n alemana para el desarrollo, GIZ, lanzaron el \u201cConcurso de Ideas para la Recuperaci\u00f3n Sostenible del Sector Turismo en Rep\u00fablica Dominicana\u201d.<\/p>\n<p>Carlos Peguero, viceministro de Cooperaci\u00f3n del Ministerio de Turismo, se\u00f1al\u00f3 que:<\/p>\n<p>\u00a8Sin dudas, esta es una excelente oportunidad para premiar y promover las iniciativas que desde el sector privado respaldan nuestro compromiso para una recuperaci\u00f3n sostenible del turismo.\u201d<\/p>\n<p>El concurso est\u00e1 dirigido a empresas o peque\u00f1as empresas del sector turismo formalmente constituidas, asociaciones u organizaciones acreditadas (con personer\u00eda jur\u00eddica).<\/p>\n<p>Como tambi\u00e9n cl\u00fasteres tur\u00edsticos, grupos informales organizados, espec\u00edficamente de 3 destinos del pa\u00eds: Saman\u00e1, Bayahibe y la Ciudad Colonial.<\/p>\n<h5 id=\"h-m-s\">M\u00e1s<\/h5>\n<p>Entre los diversos aspectos que ser\u00e1n considerados y priorizados en la evaluaci\u00f3n de las ideas que se presenten est\u00e1n: que las mismas generen nuevos empleos; que cuenten con acciones, iniciativas, proyectos, programas y\/o estrategias innovadoras en temas de sostenibilidad.<\/p>\n<p>Adem\u00e1s que planteen c\u00f3mo asegurar el desarrollo o sostenibilidad de la idea, entre otros.<\/p>\n<p>Svenja Paulino, directora del Programa Biodiversidad y Negocios de la GIZ, invit\u00f3 al sector privado a participar activamente en este concurso.<\/p>\n<p>Adem\u00e1s de presentar sus ideas, \u201cya que es sumamente importante su integraci\u00f3n para la recuperaci\u00f3n verde, la sostenibilidad y la biodiversidad en la gesti\u00f3n empresarial tur\u00edstica\u201d.<\/p>\n<figure class=\"wp-block-image size-large\"><img loading=\"lazy\" decoding=\"async\" class=\"wp-image-2424428\" src=\"https:\/\/hoy.com.do\/wp-content\/uploads\/2022\/02\/FOTO-2-675x450.jpg\" sizes=\"auto, (max-width: 675px) 100vw, 675px\" srcset=\"https:\/\/hoy.com.do\/wp-content\/uploads\/2022\/02\/FOTO-2-675x450.jpg 675w, https:\/\/hoy.com.do\/wp-content\/uploads\/2022\/02\/FOTO-2-450x300.jpg 450w, https:\/\/hoy.com.do\/wp-content\/uploads\/2022\/02\/FOTO-2.jpg 1200w\" alt=\"\" width=\"675\" height=\"450\" \/><figcaption><strong>Paisaje<\/strong><\/figcaption><\/figure>\n<p>Este concurso es apoyado por la\u00a0<strong>GIZ\u00a0<\/strong>por encargo del Ministerio Federal Alem\u00e1n de Cooperaci\u00f3n Econ\u00f3mica y Desarrollo.<\/p>\n<p>Se financiar\u00e1 la implementaci\u00f3n de proyectos que tengan un impacto positivo en el desarrollo sostenible, la econom\u00eda circular, la resiliencia y la biodiversidad.<\/p>\n<h5 id=\"h-detalles\">Detalles<\/h5>\n<p>Eva Ringhof, directora del proyecto Caribe Circular \u2013 Prevenci\u00f3n de Residuos Pl\u00e1sticos en los Mares de Centroam\u00e9rica y el Caribe, indic\u00f3:<\/p>\n<p>\u201cEl enfoque de Rep\u00fablica Dominicana est\u00e1 orientado en impulsar nuevos modelos\u200b econ\u00f3micos que permitir\u00e1n reemplazar el modelo lineal tradicional \u200b\u200bhacia\u00a0el ecodise\u00f1o y\u200b\u00a0\u200bel reciclaje de productos para que sean incorporados en procesos productivos sostenibles\u201d\u200b.<strong> \u200b<\/strong><\/p>\n<p>De su lado, el Ministerio de Medio Ambiente enfatiz\u00f3 en la importancia de apoyar aquellas empresas que promueven pr\u00e1cticas amigables.<\/p>\n<p>Las organizaciones interesadas en participar tienen hasta el 11 de febrero para enviar sus propuestas al correo electr\u00f3nico\u00a0concursocap@giz.de.<\/p>\n<p>Las ideas seleccionadas ser\u00e1n presentadas a finales de febrero y la implementaci\u00f3n abarca un per\u00edodo de seis meses.<\/p>\n<p>Para conocer el formulario de postulaci\u00f3n y m\u00e1s informaci\u00f3n sobre el \u201cConcurso de Ideas para la Recuperaci\u00f3n Sostenible del Sector Turismo en Rep\u00fablica Dominicana\u201d por favor visitar:https:\/\/arcg.is\/0jSX9b.<\/p>\n","protected":false},"excerpt":{"rendered":"<p>El Di\u00e1logo Sectorial Turismo para el Desarrollo Sostenible, el\u00a0Ministerio de Turismo,\u00a0el Ministerio de Medio Ambiente y Recursos Naturales y el &#8230;<\/p>\n","protected":false},"author":2,"featured_media":115212,"comment_status":"open","ping_status":"open","sticky":false,"template":"","format":"standard","meta":{"footnotes":""},"categories":[26],"tags":[],"class_list":["post-115210","post","type-post","status-publish","format-standard","has-post-thumbnail","hentry","category-economia"],"yoast_head":"<!-- This site is optimized with the Yoast SEO plugin v24.8.1 - https:\/\/yoast.com\/wordpress\/plugins\/seo\/ -->\n<title>Lanzan concurso para la recuperaci\u00f3n del sector turismo en RD - PotenciaRadiofonicaDominicana.com<\/title>\n<meta name=\"robots\" content=\"index, follow, max-snippet:-1, max-image-preview:large, max-video-preview:-1\" \/>\n<link rel=\"canonical\" href=\"https:\/\/potenciaradiofonicadominicana.com\/portal\/lanzan-concurso-para-la-recuperacion-del-sector-turismo-en-rd\/\" \/>\n<meta property=\"og:locale\" content=\"es_ES\" \/>\n<meta property=\"og:type\" content=\"article\" \/>\n<meta property=\"og:title\" content=\"Lanzan concurso para la recuperaci\u00f3n del sector turismo en RD - PotenciaRadiofonicaDominicana.com\" \/>\n<meta property=\"og:description\" content=\"El Di\u00e1logo Sectorial Turismo para el Desarrollo Sostenible, el\u00a0Ministerio de Turismo,\u00a0el Ministerio de Medio Ambiente y Recursos Naturales y el ...\" \/>\n<meta property=\"og:url\" content=\"https:\/\/potenciaradiofonicadominicana.com\/portal\/lanzan-concurso-para-la-recuperacion-del-sector-turismo-en-rd\/\" \/>\n<meta property=\"og:site_name\" content=\"PotenciaRadiofonicaDominicana.com\" \/>\n<meta property=\"article:publisher\" content=\"https:\/\/web.facebook.com\/PotenciaRadiofonicaD\" \/>\n<meta property=\"article:published_time\" content=\"2022-02-04T14:14:46+00:00\" \/>\n<meta property=\"og:image\" content=\"https:\/\/potenciaradiofonicadominicana.com\/portal\/wp-content\/uploads\/2022\/02\/FOTO-1.jpg\" \/>\n\t<meta property=\"og:image:width\" content=\"1200\" \/>\n\t<meta property=\"og:image:height\" content=\"674\" \/>\n\t<meta property=\"og:image:type\" content=\"image\/jpeg\" \/>\n<meta name=\"author\" content=\"Potencia Radiof\u00f3nica Dominicana\" \/>\n<meta name=\"twitter:card\" content=\"summary_large_image\" \/>\n<meta name=\"twitter:label1\" content=\"Escrito por\" \/>\n\t<meta name=\"twitter:data1\" content=\"Potencia Radiof\u00f3nica Dominicana\" \/>\n\t<meta name=\"twitter:label2\" content=\"Tiempo de lectura\" \/>\n\t<meta name=\"twitter:data2\" content=\"2 minutos\" \/>\n<script type=\"application\/ld+json\" class=\"yoast-schema-graph\">{\"@context\":\"https:\/\/schema.org\",\"@graph\":[{\"@type\":\"Article\",\"@id\":\"https:\/\/potenciaradiofonicadominicana.com\/portal\/lanzan-concurso-para-la-recuperacion-del-sector-turismo-en-rd\/#article\",\"isPartOf\":{\"@id\":\"https:\/\/potenciaradiofonicadominicana.com\/portal\/lanzan-concurso-para-la-recuperacion-del-sector-turismo-en-rd\/\"},\"author\":{\"name\":\"Potencia Radiof\u00f3nica Dominicana\",\"@id\":\"https:\/\/potenciaradiofonicadominicana.com\/portal\/#\/schema\/person\/a5cf1fea13877803ee0573ac18b03490\"},\"headline\":\"Lanzan concurso para la recuperaci\u00f3n del sector turismo en RD\",\"datePublished\":\"2022-02-04T14:14:46+00:00\",\"mainEntityOfPage\":{\"@id\":\"https:\/\/potenciaradiofonicadominicana.com\/portal\/lanzan-concurso-para-la-recuperacion-del-sector-turismo-en-rd\/\"},\"wordCount\":482,\"commentCount\":0,\"publisher\":{\"@id\":\"https:\/\/potenciaradiofonicadominicana.com\/portal\/#organization\"},\"image\":{\"@id\":\"https:\/\/potenciaradiofonicadominicana.com\/portal\/lanzan-concurso-para-la-recuperacion-del-sector-turismo-en-rd\/#primaryimage\"},\"thumbnailUrl\":\"https:\/\/potenciaradiofonicadominicana.com\/portal\/wp-content\/uploads\/2022\/02\/FOTO-1.jpg\",\"articleSection\":[\"Econom\u00eda\"],\"inLanguage\":\"es\",\"potentialAction\":[{\"@type\":\"CommentAction\",\"name\":\"Comment\",\"target\":[\"https:\/\/potenciaradiofonicadominicana.com\/portal\/lanzan-concurso-para-la-recuperacion-del-sector-turismo-en-rd\/#respond\"]}]},{\"@type\":\"WebPage\",\"@id\":\"https:\/\/potenciaradiofonicadominicana.com\/portal\/lanzan-concurso-para-la-recuperacion-del-sector-turismo-en-rd\/\",\"url\":\"https:\/\/potenciaradiofonicadominicana.com\/portal\/lanzan-concurso-para-la-recuperacion-del-sector-turismo-en-rd\/\",\"name\":\"Lanzan concurso para la recuperaci\u00f3n del sector turismo en RD - PotenciaRadiofonicaDominicana.com\",\"isPartOf\":{\"@id\":\"https:\/\/potenciaradiofonicadominicana.com\/portal\/#website\"},\"primaryImageOfPage\":{\"@id\":\"https:\/\/potenciaradiofonicadominicana.com\/portal\/lanzan-concurso-para-la-recuperacion-del-sector-turismo-en-rd\/#primaryimage\"},\"image\":{\"@id\":\"https:\/\/potenciaradiofonicadominicana.com\/portal\/lanzan-concurso-para-la-recuperacion-del-sector-turismo-en-rd\/#primaryimage\"},\"thumbnailUrl\":\"https:\/\/potenciaradiofonicadominicana.com\/portal\/wp-content\/uploads\/2022\/02\/FOTO-1.jpg\",\"datePublished\":\"2022-02-04T14:14:46+00:00\",\"breadcrumb\":{\"@id\":\"https:\/\/potenciaradiofonicadominicana.com\/portal\/lanzan-concurso-para-la-recuperacion-del-sector-turismo-en-rd\/#breadcrumb\"},\"inLanguage\":\"es\",\"potentialAction\":[{\"@type\":\"ReadAction\",\"target\":[\"https:\/\/potenciaradiofonicadominicana.com\/portal\/lanzan-concurso-para-la-recuperacion-del-sector-turismo-en-rd\/\"]}]},{\"@type\":\"ImageObject\",\"inLanguage\":\"es\",\"@id\":\"https:\/\/potenciaradiofonicadominicana.com\/portal\/lanzan-concurso-para-la-recuperacion-del-sector-turismo-en-rd\/#primaryimage\",\"url\":\"https:\/\/potenciaradiofonicadominicana.com\/portal\/wp-content\/uploads\/2022\/02\/FOTO-1.jpg\",\"contentUrl\":\"https:\/\/potenciaradiofonicadominicana.com\/portal\/wp-content\/uploads\/2022\/02\/FOTO-1.jpg\",\"width\":1200,\"height\":674},{\"@type\":\"BreadcrumbList\",\"@id\":\"https:\/\/potenciaradiofonicadominicana.com\/portal\/lanzan-concurso-para-la-recuperacion-del-sector-turismo-en-rd\/#breadcrumb\",\"itemListElement\":[{\"@type\":\"ListItem\",\"position\":1,\"name\":\"Portada\",\"item\":\"https:\/\/potenciaradiofonicadominicana.com\/portal\/\"},{\"@type\":\"ListItem\",\"position\":2,\"name\":\"Lanzan concurso para la recuperaci\u00f3n del sector turismo en RD\"}]},{\"@type\":\"WebSite\",\"@id\":\"https:\/\/potenciaradiofonicadominicana.com\/portal\/#website\",\"url\":\"https:\/\/potenciaradiofonicadominicana.com\/portal\/\",\"name\":\"PotenciaRadiofonicaDominicana.com\",\"description\":\"Peri\u00f3dico Digital\",\"publisher\":{\"@id\":\"https:\/\/potenciaradiofonicadominicana.com\/portal\/#organization\"},\"potentialAction\":[{\"@type\":\"SearchAction\",\"target\":{\"@type\":\"EntryPoint\",\"urlTemplate\":\"https:\/\/potenciaradiofonicadominicana.com\/portal\/?s={search_term_string}\"},\"query-input\":{\"@type\":\"PropertyValueSpecification\",\"valueRequired\":true,\"valueName\":\"search_term_string\"}}],\"inLanguage\":\"es\"},{\"@type\":\"Organization\",\"@id\":\"https:\/\/potenciaradiofonicadominicana.com\/portal\/#organization\",\"name\":\"PotenciaRadiofonicaDominicana.com\",\"url\":\"https:\/\/potenciaradiofonicadominicana.com\/portal\/\",\"logo\":{\"@type\":\"ImageObject\",\"inLanguage\":\"es\",\"@id\":\"https:\/\/potenciaradiofonicadominicana.com\/portal\/#\/schema\/logo\/image\/\",\"url\":\"https:\/\/potenciaradiofonicadominicana.com\/portal\/wp-content\/uploads\/2022\/01\/descarga.png\",\"contentUrl\":\"https:\/\/potenciaradiofonicadominicana.com\/portal\/wp-content\/uploads\/2022\/01\/descarga.png\",\"width\":300,\"height\":100,\"caption\":\"PotenciaRadiofonicaDominicana.com\"},\"image\":{\"@id\":\"https:\/\/potenciaradiofonicadominicana.com\/portal\/#\/schema\/logo\/image\/\"},\"sameAs\":[\"https:\/\/web.facebook.com\/PotenciaRadiofonicaD\"]},{\"@type\":\"Person\",\"@id\":\"https:\/\/potenciaradiofonicadominicana.com\/portal\/#\/schema\/person\/a5cf1fea13877803ee0573ac18b03490\",\"name\":\"Potencia Radiof\u00f3nica Dominicana\",\"image\":{\"@type\":\"ImageObject\",\"inLanguage\":\"es\",\"@id\":\"https:\/\/potenciaradiofonicadominicana.com\/portal\/#\/schema\/person\/image\/\",\"url\":\"https:\/\/secure.gravatar.com\/avatar\/42a55ab9e8ccc656ba34cd791990602a?s=96&d=mm&r=g\",\"contentUrl\":\"https:\/\/secure.gravatar.com\/avatar\/42a55ab9e8ccc656ba34cd791990602a?s=96&d=mm&r=g\",\"caption\":\"Potencia Radiof\u00f3nica Dominicana\"},\"url\":\"https:\/\/potenciaradiofonicadominicana.com\/portal\/author\/johannyalmanzar\/\"}]}<\/script>\n<!-- \/ Yoast SEO plugin. -->","yoast_head_json":{"title":"Lanzan concurso para la recuperaci\u00f3n del sector turismo en RD - PotenciaRadiofonicaDominicana.com","robots":{"index":"index","follow":"follow","max-snippet":"max-snippet:-1","max-image-preview":"max-image-preview:large","max-video-preview":"max-video-preview:-1"},"canonical":"https:\/\/potenciaradiofonicadominicana.com\/portal\/lanzan-concurso-para-la-recuperacion-del-sector-turismo-en-rd\/","og_locale":"es_ES","og_type":"article","og_title":"Lanzan concurso para la recuperaci\u00f3n del sector turismo en RD - PotenciaRadiofonicaDominicana.com","og_description":"El Di\u00e1logo Sectorial Turismo para el Desarrollo Sostenible, el\u00a0Ministerio de Turismo,\u00a0el Ministerio de Medio Ambiente y Recursos Naturales y el ...","og_url":"https:\/\/potenciaradiofonicadominicana.com\/portal\/lanzan-concurso-para-la-recuperacion-del-sector-turismo-en-rd\/","og_site_name":"PotenciaRadiofonicaDominicana.com","article_publisher":"https:\/\/web.facebook.com\/PotenciaRadiofonicaD","article_published_time":"2022-02-04T14:14:46+00:00","og_image":[{"width":1200,"height":674,"url":"https:\/\/potenciaradiofonicadominicana.com\/portal\/wp-content\/uploads\/2022\/02\/FOTO-1.jpg","type":"image\/jpeg"}],"author":"Potencia Radiof\u00f3nica Dominicana","twitter_card":"summary_large_image","twitter_misc":{"Escrito por":"Potencia Radiof\u00f3nica Dominicana","Tiempo de lectura":"2 minutos"},"schema":{"@context":"https:\/\/schema.org","@graph":[{"@type":"Article","@id":"https:\/\/potenciaradiofonicadominicana.com\/portal\/lanzan-concurso-para-la-recuperacion-del-sector-turismo-en-rd\/#article","isPartOf":{"@id":"https:\/\/potenciaradiofonicadominicana.com\/portal\/lanzan-concurso-para-la-recuperacion-del-sector-turismo-en-rd\/"},"author":{"name":"Potencia Radiof\u00f3nica Dominicana","@id":"https:\/\/potenciaradiofonicadominicana.com\/portal\/#\/schema\/person\/a5cf1fea13877803ee0573ac18b03490"},"headline":"Lanzan concurso para la recuperaci\u00f3n del sector turismo en RD","datePublished":"2022-02-04T14:14:46+00:00","mainEntityOfPage":{"@id":"https:\/\/potenciaradiofonicadominicana.com\/portal\/lanzan-concurso-para-la-recuperacion-del-sector-turismo-en-rd\/"},"wordCount":482,"commentCount":0,"publisher":{"@id":"https:\/\/potenciaradiofonicadominicana.com\/portal\/#organization"},"image":{"@id":"https:\/\/potenciaradiofonicadominicana.com\/portal\/lanzan-concurso-para-la-recuperacion-del-sector-turismo-en-rd\/#primaryimage"},"thumbnailUrl":"https:\/\/potenciaradiofonicadominicana.com\/portal\/wp-content\/uploads\/2022\/02\/FOTO-1.jpg","articleSection":["Econom\u00eda"],"inLanguage":"es","potentialAction":[{"@type":"CommentAction","name":"Comment","target":["https:\/\/potenciaradiofonicadominicana.com\/portal\/lanzan-concurso-para-la-recuperacion-del-sector-turismo-en-rd\/#respond"]}]},{"@type":"WebPage","@id":"https:\/\/potenciaradiofonicadominicana.com\/portal\/lanzan-concurso-para-la-recuperacion-del-sector-turismo-en-rd\/","url":"https:\/\/potenciaradiofonicadominicana.com\/portal\/lanzan-concurso-para-la-recuperacion-del-sector-turismo-en-rd\/","name":"Lanzan concurso para la recuperaci\u00f3n del sector turismo en RD - PotenciaRadiofonicaDominicana.com","isPartOf":{"@id":"https:\/\/potenciaradiofonicadominicana.com\/portal\/#website"},"primaryImageOfPage":{"@id":"https:\/\/potenciaradiofonicadominicana.com\/portal\/lanzan-concurso-para-la-recuperacion-del-sector-turismo-en-rd\/#primaryimage"},"image":{"@id":"https:\/\/potenciaradiofonicadominicana.com\/portal\/lanzan-concurso-para-la-recuperacion-del-sector-turismo-en-rd\/#primaryimage"},"thumbnailUrl":"https:\/\/potenciaradiofonicadominicana.com\/portal\/wp-content\/uploads\/2022\/02\/FOTO-1.jpg","datePublished":"2022-02-04T14:14:46+00:00","breadcrumb":{"@id":"https:\/\/potenciaradiofonicadominicana.com\/portal\/lanzan-concurso-para-la-recuperacion-del-sector-turismo-en-rd\/#breadcrumb"},"inLanguage":"es","potentialAction":[{"@type":"ReadAction","target":["https:\/\/potenciaradiofonicadominicana.com\/portal\/lanzan-concurso-para-la-recuperacion-del-sector-turismo-en-rd\/"]}]},{"@type":"ImageObject","inLanguage":"es","@id":"https:\/\/potenciaradiofonicadominicana.com\/portal\/lanzan-concurso-para-la-recuperacion-del-sector-turismo-en-rd\/#primaryimage","url":"https:\/\/potenciaradiofonicadominicana.com\/portal\/wp-content\/uploads\/2022\/02\/FOTO-1.jpg","contentUrl":"https:\/\/potenciaradiofonicadominicana.com\/portal\/wp-content\/uploads\/2022\/02\/FOTO-1.jpg","width":1200,"height":674},{"@type":"BreadcrumbList","@id":"https:\/\/potenciaradiofonicadominicana.com\/portal\/lanzan-concurso-para-la-recuperacion-del-sector-turismo-en-rd\/#breadcrumb","itemListElement":[{"@type":"ListItem","position":1,"name":"Portada","item":"https:\/\/potenciaradiofonicadominicana.com\/portal\/"},{"@type":"ListItem","position":2,"name":"Lanzan concurso para la recuperaci\u00f3n del sector turismo en RD"}]},{"@type":"WebSite","@id":"https:\/\/potenciaradiofonicadominicana.com\/portal\/#website","url":"https:\/\/potenciaradiofonicadominicana.com\/portal\/","name":"PotenciaRadiofonicaDominicana.com","description":"Peri\u00f3dico Digital","publisher":{"@id":"https:\/\/potenciaradiofonicadominicana.com\/portal\/#organization"},"potentialAction":[{"@type":"SearchAction","target":{"@type":"EntryPoint","urlTemplate":"https:\/\/potenciaradiofonicadominicana.com\/portal\/?s={search_term_string}"},"query-input":{"@type":"PropertyValueSpecification","valueRequired":true,"valueName":"search_term_string"}}],"inLanguage":"es"},{"@type":"Organization","@id":"https:\/\/potenciaradiofonicadominicana.com\/portal\/#organization","name":"PotenciaRadiofonicaDominicana.com","url":"https:\/\/potenciaradiofonicadominicana.com\/portal\/","logo":{"@type":"ImageObject","inLanguage":"es","@id":"https:\/\/potenciaradiofonicadominicana.com\/portal\/#\/schema\/logo\/image\/","url":"https:\/\/potenciaradiofonicadominicana.com\/portal\/wp-content\/uploads\/2022\/01\/descarga.png","contentUrl":"https:\/\/potenciaradiofonicadominicana.com\/portal\/wp-content\/uploads\/2022\/01\/descarga.png","width":300,"height":100,"caption":"PotenciaRadiofonicaDominicana.com"},"image":{"@id":"https:\/\/potenciaradiofonicadominicana.com\/portal\/#\/schema\/logo\/image\/"},"sameAs":["https:\/\/web.facebook.com\/PotenciaRadiofonicaD"]},{"@type":"Person","@id":"https:\/\/potenciaradiofonicadominicana.com\/portal\/#\/schema\/person\/a5cf1fea13877803ee0573ac18b03490","name":"Potencia Radiof\u00f3nica Dominicana","image":{"@type":"ImageObject","inLanguage":"es","@id":"https:\/\/potenciaradiofonicadominicana.com\/portal\/#\/schema\/person\/image\/","url":"https:\/\/secure.gravatar.com\/avatar\/42a55ab9e8ccc656ba34cd791990602a?s=96&d=mm&r=g","contentUrl":"https:\/\/secure.gravatar.com\/avatar\/42a55ab9e8ccc656ba34cd791990602a?s=96&d=mm&r=g","caption":"Potencia Radiof\u00f3nica Dominicana"},"url":"https:\/\/potenciaradiofonicadominicana.com\/portal\/author\/johannyalmanzar\/"}]}},"_links":{"self":[{"href":"https:\/\/potenciaradiofonicadominicana.com\/portal\/wp-json\/wp\/v2\/posts\/115210","targetHints":{"allow":["GET"]}}],"collection":[{"href":"https:\/\/potenciaradiofonicadominicana.com\/portal\/wp-json\/wp\/v2\/posts"}],"about":[{"href":"https:\/\/potenciaradiofonicadominicana.com\/portal\/wp-json\/wp\/v2\/types\/post"}],"author":[{"embeddable":true,"href":"https:\/\/potenciaradiofonicadominicana.com\/portal\/wp-json\/wp\/v2\/users\/2"}],"replies":[{"embeddable":true,"href":"https:\/\/potenciaradiofonicadominicana.com\/portal\/wp-json\/wp\/v2\/comments?post=115210"}],"version-history":[{"count":1,"href":"https:\/\/potenciaradiofonicadominicana.com\/portal\/wp-json\/wp\/v2\/posts\/115210\/revisions"}],"predecessor-version":[{"id":115218,"href":"https:\/\/potenciaradiofonicadominicana.com\/portal\/wp-json\/wp\/v2\/posts\/115210\/revisions\/115218"}],"wp:featuredmedia":[{"embeddable":true,"href":"https:\/\/potenciaradiofonicadominicana.com\/portal\/wp-json\/wp\/v2\/media\/115212"}],"wp:attachment":[{"href":"https:\/\/potenciaradiofonicadominicana.com\/portal\/wp-json\/wp\/v2\/media?parent=115210"}],"wp:term":[{"taxonomy":"category","embeddable":true,"href":"https:\/\/potenciaradiofonicadominicana.com\/portal\/wp-json\/wp\/v2\/categories?post=115210"},{"taxonomy":"post_tag","embeddable":true,"href":"https:\/\/potenciaradiofonicadominicana.com\/portal\/wp-json\/wp\/v2\/tags?post=115210"}],"curies":[{"name":"wp","href":"https:\/\/api.w.org\/{rel}","templated":true}]}}