{"id":115198,"date":"2022-02-04T10:10:35","date_gmt":"2022-02-04T14:10:35","guid":{"rendered":"https:\/\/potenciaradiofonicadominicana.com\/portal\/?p=115198"},"modified":"2022-02-04T10:10:35","modified_gmt":"2022-02-04T14:10:35","slug":"lagarde-no-frena-las-expectativas-de-los-mercados-de-subidas-de-tipos-en-2022","status":"publish","type":"post","link":"https:\/\/potenciaradiofonicadominicana.com\/portal\/lagarde-no-frena-las-expectativas-de-los-mercados-de-subidas-de-tipos-en-2022\/","title":{"rendered":"Lagarde no frena las expectativas de los mercados de subidas de tipos en 2022"},"content":{"rendered":"<p><a href=\"https:\/\/potenciaradiofonicadominicana.com\/portal\/wp-content\/uploads\/2022\/02\/1636975980_922121_1636976270_rrss_normal.jpg\"><img loading=\"lazy\" decoding=\"async\" class=\"alignnone size-full wp-image-115202\" src=\"https:\/\/potenciaradiofonicadominicana.com\/portal\/wp-content\/uploads\/2022\/02\/1636975980_922121_1636976270_rrss_normal.jpg\" alt=\"\" width=\"720\" height=\"377\" srcset=\"https:\/\/potenciaradiofonicadominicana.com\/portal\/wp-content\/uploads\/2022\/02\/1636975980_922121_1636976270_rrss_normal.jpg 720w, https:\/\/potenciaradiofonicadominicana.com\/portal\/wp-content\/uploads\/2022\/02\/1636975980_922121_1636976270_rrss_normal-300x157.jpg 300w\" sizes=\"auto, (max-width: 720px) 100vw, 720px\" \/><\/a><\/p>\n<p>La presidenta del Banco Central Europeo (BCE), Christine Lagarde, ha mantenido este jueves las expectativas de los mercados de una subida en 2022 de los tipos de inter\u00e9s.<\/p>\n<p>El Consejo de Gobierno ha confirmado hoy en su reuni\u00f3n las decisiones de pol\u00edtica monetaria aprobadas en diciembre.<\/p>\n<p>Pero Lagarde ha reconocido en una rueda de prensa virtual que la situaci\u00f3n ha cambiado y no ha cerrado la puerta a una subida de los tipos de inter\u00e9s en 2022 como hasta ahora, por lo que el euro se ha apreciado hasta 1,14 d\u00f3lares, m\u00e1ximo desde mediados de enero.<\/p>\n<p>Lagarde no ha reiterado que en 2022 no se van a dar las circunstancias para subir los tipos de inter\u00e9s.<\/p>\n<p>Hasta ahora Lagarde y otros miembros del BCE hab\u00edan dicho que en 2022 no se iban a dar las circunstancias para subir los tipos de inter\u00e9s, pero hoy no ha vuelto a repetir esta afirmaci\u00f3n.<\/p>\n<p>Las cifras de inflaci\u00f3n de enero han incrementado las expectativas de los mercados de una subida de los tipos de inter\u00e9s este a\u00f1o.<\/p>\n<p><strong>La situaci\u00f3n ha cambiado<\/strong><br \/>\nLagarde ha dicho que \u00abla situaci\u00f3n ha cambiado\u00bb, que hay riesgos al alza para los precios y que en marzo habr\u00e1 m\u00e1s datos econ\u00f3micos para decidir.<\/p>\n<p>Prev\u00e9 tambi\u00e9n que el conflicto entre Rusia y Ucrania podr\u00eda incrementar m\u00e1s los precios de la energ\u00eda y ha asegurado que el BCE va a estar muy atento a este riesgo.<\/p>\n<p>Ha explicado que hay una \u00abpreocupaci\u00f3n un\u00e1nime\u00bb en el Consejo de Gobierno por las cifras de inflaci\u00f3n y el impacto que pueden tener en la econom\u00eda y ha hecho hincapi\u00e9 en que el BCE subir\u00e1 los tipos de inter\u00e9s una vez que todas las compras de deuda finalicen.<\/p>\n<p><strong>La inflaci\u00f3n sube por la energ\u00eda<\/strong><br \/>\nLagarde ha considerado que la inflaci\u00f3n de enero en la zona del euro del 5,1 % ha sido una sorpresa y que se debe a unos \u00abcostes de la energ\u00eda m\u00e1s elevados, que aumentan los precios en muchos sectores\u00bb, y a unos precios de los alimentos m\u00e1s altos.<\/p>\n<p>Los precios de la energ\u00eda son la principal causa de la elevada tasa de inflaci\u00f3n y su impacto directo representa m\u00e1s de la mitad de la inflaci\u00f3n general en enero.<\/p>\n<p>Los elevados costes de la energ\u00eda podr\u00edan frenar el consumo y la inversi\u00f3n con m\u00e1s fuerza de lo esperado.<\/p>\n<p>\u00abLa inflaci\u00f3n va a ser elevada probablemente durante m\u00e1s tiempo de lo que se esperaba anteriormente, pero va a caer en el transcurso de este a\u00f1o\u00bb, a\u00f1adi\u00f3 la presidenta del BCE.<\/p>\n<p>Dado el aumento de los precios, el BCE se acerca cada vez m\u00e1s a su objetivo de inflaci\u00f3n, que es una tasa del 2 % a medio plazo, seg\u00fan su presidenta.<\/p>\n<p><strong>Los salarios<\/strong><br \/>\nLas condiciones en el mercado laboral mejoran, pero el crecimiento de los salarios es contenido en general.<\/p>\n<p>\u00abLa vuelta de la econom\u00eda a una capacidad m\u00e1xima deber\u00eda apoyar un crecimiento m\u00e1s r\u00e1pido en los salarios\u00bb.<\/p>\n<p>Si las subidas de los precios llevan a aumentos salariales m\u00e1s elevados de lo anticipado o la econom\u00eda vuelve m\u00e1s r\u00e1pidamente a la m\u00e1xima capacidad, la inflaci\u00f3n podr\u00eda ser m\u00e1s elevada, advierte el BCE.<\/p>\n<p><strong>El crecimiento<\/strong><br \/>\nEl crecimiento va a seguir contenido en el primer trimestre porque la actual ola de la pandemia \u00abtodav\u00eda pesa en la actividad econ\u00f3mica\u00bb, seg\u00fan el BCE.<\/p>\n<p>\u00abLa escasez de materiales, equipos y trabajadores contiene la producci\u00f3n en algunas industrias. Los elevados costes de la energ\u00eda lastiman los ingresos y frenan el gasto. No obstante, la econom\u00eda est\u00e1 cada vez menos afectada por las variantes de la pandemia\u00bb, seg\u00fan Lagarde.<\/p>\n","protected":false},"excerpt":{"rendered":"<p>La presidenta del Banco Central Europeo (BCE), Christine Lagarde, ha mantenido este jueves las expectativas de los mercados de una &#8230;<\/p>\n","protected":false},"author":2,"featured_media":115202,"comment_status":"open","ping_status":"open","sticky":false,"template":"","format":"standard","meta":{"footnotes":""},"categories":[26],"tags":[],"class_list":["post-115198","post","type-post","status-publish","format-standard","has-post-thumbnail","hentry","category-economia"],"yoast_head":"<!-- This site is optimized with the Yoast SEO plugin v24.8.1 - https:\/\/yoast.com\/wordpress\/plugins\/seo\/ -->\n<title>Lagarde no frena las expectativas de los mercados de subidas de tipos en 2022 - PotenciaRadiofonicaDominicana.com<\/title>\n<meta name=\"robots\" content=\"index, follow, max-snippet:-1, max-image-preview:large, max-video-preview:-1\" \/>\n<link rel=\"canonical\" href=\"https:\/\/potenciaradiofonicadominicana.com\/portal\/lagarde-no-frena-las-expectativas-de-los-mercados-de-subidas-de-tipos-en-2022\/\" \/>\n<meta property=\"og:locale\" content=\"es_ES\" \/>\n<meta property=\"og:type\" content=\"article\" \/>\n<meta property=\"og:title\" content=\"Lagarde no frena las expectativas de los mercados de subidas de tipos en 2022 - PotenciaRadiofonicaDominicana.com\" \/>\n<meta property=\"og:description\" content=\"La presidenta del Banco Central Europeo (BCE), Christine Lagarde, ha mantenido este jueves las expectativas de los mercados de una ...\" \/>\n<meta property=\"og:url\" content=\"https:\/\/potenciaradiofonicadominicana.com\/portal\/lagarde-no-frena-las-expectativas-de-los-mercados-de-subidas-de-tipos-en-2022\/\" \/>\n<meta property=\"og:site_name\" content=\"PotenciaRadiofonicaDominicana.com\" \/>\n<meta property=\"article:publisher\" content=\"https:\/\/web.facebook.com\/PotenciaRadiofonicaD\" \/>\n<meta property=\"article:published_time\" content=\"2022-02-04T14:10:35+00:00\" \/>\n<meta property=\"og:image\" content=\"https:\/\/potenciaradiofonicadominicana.com\/portal\/wp-content\/uploads\/2022\/02\/1636975980_922121_1636976270_rrss_normal.jpg\" \/>\n\t<meta property=\"og:image:width\" content=\"720\" \/>\n\t<meta property=\"og:image:height\" content=\"377\" \/>\n\t<meta property=\"og:image:type\" content=\"image\/jpeg\" \/>\n<meta name=\"author\" content=\"Potencia Radiof\u00f3nica Dominicana\" \/>\n<meta name=\"twitter:card\" content=\"summary_large_image\" \/>\n<meta name=\"twitter:label1\" content=\"Escrito por\" \/>\n\t<meta name=\"twitter:data1\" content=\"Potencia Radiof\u00f3nica Dominicana\" \/>\n\t<meta name=\"twitter:label2\" content=\"Tiempo de lectura\" \/>\n\t<meta name=\"twitter:data2\" content=\"3 minutos\" \/>\n<script type=\"application\/ld+json\" class=\"yoast-schema-graph\">{\"@context\":\"https:\/\/schema.org\",\"@graph\":[{\"@type\":\"Article\",\"@id\":\"https:\/\/potenciaradiofonicadominicana.com\/portal\/lagarde-no-frena-las-expectativas-de-los-mercados-de-subidas-de-tipos-en-2022\/#article\",\"isPartOf\":{\"@id\":\"https:\/\/potenciaradiofonicadominicana.com\/portal\/lagarde-no-frena-las-expectativas-de-los-mercados-de-subidas-de-tipos-en-2022\/\"},\"author\":{\"name\":\"Potencia Radiof\u00f3nica Dominicana\",\"@id\":\"https:\/\/potenciaradiofonicadominicana.com\/portal\/#\/schema\/person\/a5cf1fea13877803ee0573ac18b03490\"},\"headline\":\"Lagarde no frena las expectativas de los mercados de subidas de tipos en 2022\",\"datePublished\":\"2022-02-04T14:10:35+00:00\",\"mainEntityOfPage\":{\"@id\":\"https:\/\/potenciaradiofonicadominicana.com\/portal\/lagarde-no-frena-las-expectativas-de-los-mercados-de-subidas-de-tipos-en-2022\/\"},\"wordCount\":662,\"commentCount\":0,\"publisher\":{\"@id\":\"https:\/\/potenciaradiofonicadominicana.com\/portal\/#organization\"},\"image\":{\"@id\":\"https:\/\/potenciaradiofonicadominicana.com\/portal\/lagarde-no-frena-las-expectativas-de-los-mercados-de-subidas-de-tipos-en-2022\/#primaryimage\"},\"thumbnailUrl\":\"https:\/\/potenciaradiofonicadominicana.com\/portal\/wp-content\/uploads\/2022\/02\/1636975980_922121_1636976270_rrss_normal.jpg\",\"articleSection\":[\"Econom\u00eda\"],\"inLanguage\":\"es\",\"potentialAction\":[{\"@type\":\"CommentAction\",\"name\":\"Comment\",\"target\":[\"https:\/\/potenciaradiofonicadominicana.com\/portal\/lagarde-no-frena-las-expectativas-de-los-mercados-de-subidas-de-tipos-en-2022\/#respond\"]}]},{\"@type\":\"WebPage\",\"@id\":\"https:\/\/potenciaradiofonicadominicana.com\/portal\/lagarde-no-frena-las-expectativas-de-los-mercados-de-subidas-de-tipos-en-2022\/\",\"url\":\"https:\/\/potenciaradiofonicadominicana.com\/portal\/lagarde-no-frena-las-expectativas-de-los-mercados-de-subidas-de-tipos-en-2022\/\",\"name\":\"Lagarde no frena las expectativas de los mercados de subidas de tipos en 2022 - PotenciaRadiofonicaDominicana.com\",\"isPartOf\":{\"@id\":\"https:\/\/potenciaradiofonicadominicana.com\/portal\/#website\"},\"primaryImageOfPage\":{\"@id\":\"https:\/\/potenciaradiofonicadominicana.com\/portal\/lagarde-no-frena-las-expectativas-de-los-mercados-de-subidas-de-tipos-en-2022\/#primaryimage\"},\"image\":{\"@id\":\"https:\/\/potenciaradiofonicadominicana.com\/portal\/lagarde-no-frena-las-expectativas-de-los-mercados-de-subidas-de-tipos-en-2022\/#primaryimage\"},\"thumbnailUrl\":\"https:\/\/potenciaradiofonicadominicana.com\/portal\/wp-content\/uploads\/2022\/02\/1636975980_922121_1636976270_rrss_normal.jpg\",\"datePublished\":\"2022-02-04T14:10:35+00:00\",\"breadcrumb\":{\"@id\":\"https:\/\/potenciaradiofonicadominicana.com\/portal\/lagarde-no-frena-las-expectativas-de-los-mercados-de-subidas-de-tipos-en-2022\/#breadcrumb\"},\"inLanguage\":\"es\",\"potentialAction\":[{\"@type\":\"ReadAction\",\"target\":[\"https:\/\/potenciaradiofonicadominicana.com\/portal\/lagarde-no-frena-las-expectativas-de-los-mercados-de-subidas-de-tipos-en-2022\/\"]}]},{\"@type\":\"ImageObject\",\"inLanguage\":\"es\",\"@id\":\"https:\/\/potenciaradiofonicadominicana.com\/portal\/lagarde-no-frena-las-expectativas-de-los-mercados-de-subidas-de-tipos-en-2022\/#primaryimage\",\"url\":\"https:\/\/potenciaradiofonicadominicana.com\/portal\/wp-content\/uploads\/2022\/02\/1636975980_922121_1636976270_rrss_normal.jpg\",\"contentUrl\":\"https:\/\/potenciaradiofonicadominicana.com\/portal\/wp-content\/uploads\/2022\/02\/1636975980_922121_1636976270_rrss_normal.jpg\",\"width\":720,\"height\":377},{\"@type\":\"BreadcrumbList\",\"@id\":\"https:\/\/potenciaradiofonicadominicana.com\/portal\/lagarde-no-frena-las-expectativas-de-los-mercados-de-subidas-de-tipos-en-2022\/#breadcrumb\",\"itemListElement\":[{\"@type\":\"ListItem\",\"position\":1,\"name\":\"Portada\",\"item\":\"https:\/\/potenciaradiofonicadominicana.com\/portal\/\"},{\"@type\":\"ListItem\",\"position\":2,\"name\":\"Lagarde no frena las expectativas de los mercados de subidas de tipos en 2022\"}]},{\"@type\":\"WebSite\",\"@id\":\"https:\/\/potenciaradiofonicadominicana.com\/portal\/#website\",\"url\":\"https:\/\/potenciaradiofonicadominicana.com\/portal\/\",\"name\":\"PotenciaRadiofonicaDominicana.com\",\"description\":\"Peri\u00f3dico Digital\",\"publisher\":{\"@id\":\"https:\/\/potenciaradiofonicadominicana.com\/portal\/#organization\"},\"potentialAction\":[{\"@type\":\"SearchAction\",\"target\":{\"@type\":\"EntryPoint\",\"urlTemplate\":\"https:\/\/potenciaradiofonicadominicana.com\/portal\/?s={search_term_string}\"},\"query-input\":{\"@type\":\"PropertyValueSpecification\",\"valueRequired\":true,\"valueName\":\"search_term_string\"}}],\"inLanguage\":\"es\"},{\"@type\":\"Organization\",\"@id\":\"https:\/\/potenciaradiofonicadominicana.com\/portal\/#organization\",\"name\":\"PotenciaRadiofonicaDominicana.com\",\"url\":\"https:\/\/potenciaradiofonicadominicana.com\/portal\/\",\"logo\":{\"@type\":\"ImageObject\",\"inLanguage\":\"es\",\"@id\":\"https:\/\/potenciaradiofonicadominicana.com\/portal\/#\/schema\/logo\/image\/\",\"url\":\"https:\/\/potenciaradiofonicadominicana.com\/portal\/wp-content\/uploads\/2022\/01\/descarga.png\",\"contentUrl\":\"https:\/\/potenciaradiofonicadominicana.com\/portal\/wp-content\/uploads\/2022\/01\/descarga.png\",\"width\":300,\"height\":100,\"caption\":\"PotenciaRadiofonicaDominicana.com\"},\"image\":{\"@id\":\"https:\/\/potenciaradiofonicadominicana.com\/portal\/#\/schema\/logo\/image\/\"},\"sameAs\":[\"https:\/\/web.facebook.com\/PotenciaRadiofonicaD\"]},{\"@type\":\"Person\",\"@id\":\"https:\/\/potenciaradiofonicadominicana.com\/portal\/#\/schema\/person\/a5cf1fea13877803ee0573ac18b03490\",\"name\":\"Potencia Radiof\u00f3nica Dominicana\",\"image\":{\"@type\":\"ImageObject\",\"inLanguage\":\"es\",\"@id\":\"https:\/\/potenciaradiofonicadominicana.com\/portal\/#\/schema\/person\/image\/\",\"url\":\"https:\/\/secure.gravatar.com\/avatar\/42a55ab9e8ccc656ba34cd791990602a?s=96&d=mm&r=g\",\"contentUrl\":\"https:\/\/secure.gravatar.com\/avatar\/42a55ab9e8ccc656ba34cd791990602a?s=96&d=mm&r=g\",\"caption\":\"Potencia Radiof\u00f3nica Dominicana\"},\"url\":\"https:\/\/potenciaradiofonicadominicana.com\/portal\/author\/johannyalmanzar\/\"}]}<\/script>\n<!-- \/ Yoast SEO plugin. -->","yoast_head_json":{"title":"Lagarde no frena las expectativas de los mercados de subidas de tipos en 2022 - PotenciaRadiofonicaDominicana.com","robots":{"index":"index","follow":"follow","max-snippet":"max-snippet:-1","max-image-preview":"max-image-preview:large","max-video-preview":"max-video-preview:-1"},"canonical":"https:\/\/potenciaradiofonicadominicana.com\/portal\/lagarde-no-frena-las-expectativas-de-los-mercados-de-subidas-de-tipos-en-2022\/","og_locale":"es_ES","og_type":"article","og_title":"Lagarde no frena las expectativas de los mercados de subidas de tipos en 2022 - PotenciaRadiofonicaDominicana.com","og_description":"La presidenta del Banco Central Europeo (BCE), Christine Lagarde, ha mantenido este jueves las expectativas de los mercados de una ...","og_url":"https:\/\/potenciaradiofonicadominicana.com\/portal\/lagarde-no-frena-las-expectativas-de-los-mercados-de-subidas-de-tipos-en-2022\/","og_site_name":"PotenciaRadiofonicaDominicana.com","article_publisher":"https:\/\/web.facebook.com\/PotenciaRadiofonicaD","article_published_time":"2022-02-04T14:10:35+00:00","og_image":[{"width":720,"height":377,"url":"https:\/\/potenciaradiofonicadominicana.com\/portal\/wp-content\/uploads\/2022\/02\/1636975980_922121_1636976270_rrss_normal.jpg","type":"image\/jpeg"}],"author":"Potencia Radiof\u00f3nica Dominicana","twitter_card":"summary_large_image","twitter_misc":{"Escrito por":"Potencia Radiof\u00f3nica Dominicana","Tiempo de lectura":"3 minutos"},"schema":{"@context":"https:\/\/schema.org","@graph":[{"@type":"Article","@id":"https:\/\/potenciaradiofonicadominicana.com\/portal\/lagarde-no-frena-las-expectativas-de-los-mercados-de-subidas-de-tipos-en-2022\/#article","isPartOf":{"@id":"https:\/\/potenciaradiofonicadominicana.com\/portal\/lagarde-no-frena-las-expectativas-de-los-mercados-de-subidas-de-tipos-en-2022\/"},"author":{"name":"Potencia Radiof\u00f3nica Dominicana","@id":"https:\/\/potenciaradiofonicadominicana.com\/portal\/#\/schema\/person\/a5cf1fea13877803ee0573ac18b03490"},"headline":"Lagarde no frena las expectativas de los mercados de subidas de tipos en 2022","datePublished":"2022-02-04T14:10:35+00:00","mainEntityOfPage":{"@id":"https:\/\/potenciaradiofonicadominicana.com\/portal\/lagarde-no-frena-las-expectativas-de-los-mercados-de-subidas-de-tipos-en-2022\/"},"wordCount":662,"commentCount":0,"publisher":{"@id":"https:\/\/potenciaradiofonicadominicana.com\/portal\/#organization"},"image":{"@id":"https:\/\/potenciaradiofonicadominicana.com\/portal\/lagarde-no-frena-las-expectativas-de-los-mercados-de-subidas-de-tipos-en-2022\/#primaryimage"},"thumbnailUrl":"https:\/\/potenciaradiofonicadominicana.com\/portal\/wp-content\/uploads\/2022\/02\/1636975980_922121_1636976270_rrss_normal.jpg","articleSection":["Econom\u00eda"],"inLanguage":"es","potentialAction":[{"@type":"CommentAction","name":"Comment","target":["https:\/\/potenciaradiofonicadominicana.com\/portal\/lagarde-no-frena-las-expectativas-de-los-mercados-de-subidas-de-tipos-en-2022\/#respond"]}]},{"@type":"WebPage","@id":"https:\/\/potenciaradiofonicadominicana.com\/portal\/lagarde-no-frena-las-expectativas-de-los-mercados-de-subidas-de-tipos-en-2022\/","url":"https:\/\/potenciaradiofonicadominicana.com\/portal\/lagarde-no-frena-las-expectativas-de-los-mercados-de-subidas-de-tipos-en-2022\/","name":"Lagarde no frena las expectativas de los mercados de subidas de tipos en 2022 - PotenciaRadiofonicaDominicana.com","isPartOf":{"@id":"https:\/\/potenciaradiofonicadominicana.com\/portal\/#website"},"primaryImageOfPage":{"@id":"https:\/\/potenciaradiofonicadominicana.com\/portal\/lagarde-no-frena-las-expectativas-de-los-mercados-de-subidas-de-tipos-en-2022\/#primaryimage"},"image":{"@id":"https:\/\/potenciaradiofonicadominicana.com\/portal\/lagarde-no-frena-las-expectativas-de-los-mercados-de-subidas-de-tipos-en-2022\/#primaryimage"},"thumbnailUrl":"https:\/\/potenciaradiofonicadominicana.com\/portal\/wp-content\/uploads\/2022\/02\/1636975980_922121_1636976270_rrss_normal.jpg","datePublished":"2022-02-04T14:10:35+00:00","breadcrumb":{"@id":"https:\/\/potenciaradiofonicadominicana.com\/portal\/lagarde-no-frena-las-expectativas-de-los-mercados-de-subidas-de-tipos-en-2022\/#breadcrumb"},"inLanguage":"es","potentialAction":[{"@type":"ReadAction","target":["https:\/\/potenciaradiofonicadominicana.com\/portal\/lagarde-no-frena-las-expectativas-de-los-mercados-de-subidas-de-tipos-en-2022\/"]}]},{"@type":"ImageObject","inLanguage":"es","@id":"https:\/\/potenciaradiofonicadominicana.com\/portal\/lagarde-no-frena-las-expectativas-de-los-mercados-de-subidas-de-tipos-en-2022\/#primaryimage","url":"https:\/\/potenciaradiofonicadominicana.com\/portal\/wp-content\/uploads\/2022\/02\/1636975980_922121_1636976270_rrss_normal.jpg","contentUrl":"https:\/\/potenciaradiofonicadominicana.com\/portal\/wp-content\/uploads\/2022\/02\/1636975980_922121_1636976270_rrss_normal.jpg","width":720,"height":377},{"@type":"BreadcrumbList","@id":"https:\/\/potenciaradiofonicadominicana.com\/portal\/lagarde-no-frena-las-expectativas-de-los-mercados-de-subidas-de-tipos-en-2022\/#breadcrumb","itemListElement":[{"@type":"ListItem","position":1,"name":"Portada","item":"https:\/\/potenciaradiofonicadominicana.com\/portal\/"},{"@type":"ListItem","position":2,"name":"Lagarde no frena las expectativas de los mercados de subidas de tipos en 2022"}]},{"@type":"WebSite","@id":"https:\/\/potenciaradiofonicadominicana.com\/portal\/#website","url":"https:\/\/potenciaradiofonicadominicana.com\/portal\/","name":"PotenciaRadiofonicaDominicana.com","description":"Peri\u00f3dico Digital","publisher":{"@id":"https:\/\/potenciaradiofonicadominicana.com\/portal\/#organization"},"potentialAction":[{"@type":"SearchAction","target":{"@type":"EntryPoint","urlTemplate":"https:\/\/potenciaradiofonicadominicana.com\/portal\/?s={search_term_string}"},"query-input":{"@type":"PropertyValueSpecification","valueRequired":true,"valueName":"search_term_string"}}],"inLanguage":"es"},{"@type":"Organization","@id":"https:\/\/potenciaradiofonicadominicana.com\/portal\/#organization","name":"PotenciaRadiofonicaDominicana.com","url":"https:\/\/potenciaradiofonicadominicana.com\/portal\/","logo":{"@type":"ImageObject","inLanguage":"es","@id":"https:\/\/potenciaradiofonicadominicana.com\/portal\/#\/schema\/logo\/image\/","url":"https:\/\/potenciaradiofonicadominicana.com\/portal\/wp-content\/uploads\/2022\/01\/descarga.png","contentUrl":"https:\/\/potenciaradiofonicadominicana.com\/portal\/wp-content\/uploads\/2022\/01\/descarga.png","width":300,"height":100,"caption":"PotenciaRadiofonicaDominicana.com"},"image":{"@id":"https:\/\/potenciaradiofonicadominicana.com\/portal\/#\/schema\/logo\/image\/"},"sameAs":["https:\/\/web.facebook.com\/PotenciaRadiofonicaD"]},{"@type":"Person","@id":"https:\/\/potenciaradiofonicadominicana.com\/portal\/#\/schema\/person\/a5cf1fea13877803ee0573ac18b03490","name":"Potencia Radiof\u00f3nica Dominicana","image":{"@type":"ImageObject","inLanguage":"es","@id":"https:\/\/potenciaradiofonicadominicana.com\/portal\/#\/schema\/person\/image\/","url":"https:\/\/secure.gravatar.com\/avatar\/42a55ab9e8ccc656ba34cd791990602a?s=96&d=mm&r=g","contentUrl":"https:\/\/secure.gravatar.com\/avatar\/42a55ab9e8ccc656ba34cd791990602a?s=96&d=mm&r=g","caption":"Potencia Radiof\u00f3nica Dominicana"},"url":"https:\/\/potenciaradiofonicadominicana.com\/portal\/author\/johannyalmanzar\/"}]}},"_links":{"self":[{"href":"https:\/\/potenciaradiofonicadominicana.com\/portal\/wp-json\/wp\/v2\/posts\/115198","targetHints":{"allow":["GET"]}}],"collection":[{"href":"https:\/\/potenciaradiofonicadominicana.com\/portal\/wp-json\/wp\/v2\/posts"}],"about":[{"href":"https:\/\/potenciaradiofonicadominicana.com\/portal\/wp-json\/wp\/v2\/types\/post"}],"author":[{"embeddable":true,"href":"https:\/\/potenciaradiofonicadominicana.com\/portal\/wp-json\/wp\/v2\/users\/2"}],"replies":[{"embeddable":true,"href":"https:\/\/potenciaradiofonicadominicana.com\/portal\/wp-json\/wp\/v2\/comments?post=115198"}],"version-history":[{"count":1,"href":"https:\/\/potenciaradiofonicadominicana.com\/portal\/wp-json\/wp\/v2\/posts\/115198\/revisions"}],"predecessor-version":[{"id":115208,"href":"https:\/\/potenciaradiofonicadominicana.com\/portal\/wp-json\/wp\/v2\/posts\/115198\/revisions\/115208"}],"wp:featuredmedia":[{"embeddable":true,"href":"https:\/\/potenciaradiofonicadominicana.com\/portal\/wp-json\/wp\/v2\/media\/115202"}],"wp:attachment":[{"href":"https:\/\/potenciaradiofonicadominicana.com\/portal\/wp-json\/wp\/v2\/media?parent=115198"}],"wp:term":[{"taxonomy":"category","embeddable":true,"href":"https:\/\/potenciaradiofonicadominicana.com\/portal\/wp-json\/wp\/v2\/categories?post=115198"},{"taxonomy":"post_tag","embeddable":true,"href":"https:\/\/potenciaradiofonicadominicana.com\/portal\/wp-json\/wp\/v2\/tags?post=115198"}],"curies":[{"name":"wp","href":"https:\/\/api.w.org\/{rel}","templated":true}]}}