{"id":115187,"date":"2022-02-04T10:05:08","date_gmt":"2022-02-04T14:05:08","guid":{"rendered":"https:\/\/potenciaradiofonicadominicana.com\/portal\/?p=115187"},"modified":"2022-02-04T10:05:08","modified_gmt":"2022-02-04T14:05:08","slug":"en-2023-se-sabra-el-tamano-de-la-poblacion-dominicana","status":"publish","type":"post","link":"https:\/\/potenciaradiofonicadominicana.com\/portal\/en-2023-se-sabra-el-tamano-de-la-poblacion-dominicana\/","title":{"rendered":"En 2023 se sabr\u00e1 el tama\u00f1o de la poblaci\u00f3n dominicana"},"content":{"rendered":"<p><a href=\"https:\/\/potenciaradiofonicadominicana.com\/portal\/wp-content\/uploads\/2022\/02\/whatsapp-image-2022-02-03-at-45235-pm-7768d5b5-focus-0-0-895-573.jpg\"><img loading=\"lazy\" decoding=\"async\" class=\"alignnone size-full wp-image-115188\" src=\"https:\/\/potenciaradiofonicadominicana.com\/portal\/wp-content\/uploads\/2022\/02\/whatsapp-image-2022-02-03-at-45235-pm-7768d5b5-focus-0-0-895-573.jpg\" alt=\"\" width=\"895\" height=\"573\" srcset=\"https:\/\/potenciaradiofonicadominicana.com\/portal\/wp-content\/uploads\/2022\/02\/whatsapp-image-2022-02-03-at-45235-pm-7768d5b5-focus-0-0-895-573.jpg 895w, https:\/\/potenciaradiofonicadominicana.com\/portal\/wp-content\/uploads\/2022\/02\/whatsapp-image-2022-02-03-at-45235-pm-7768d5b5-focus-0-0-895-573-300x192.jpg 300w, https:\/\/potenciaradiofonicadominicana.com\/portal\/wp-content\/uploads\/2022\/02\/whatsapp-image-2022-02-03-at-45235-pm-7768d5b5-focus-0-0-895-573-768x492.jpg 768w\" sizes=\"auto, (max-width: 895px) 100vw, 895px\" \/><\/a><\/p>\n<p>Para finales del primer trimestre de 2023 el Estado dominicano sabr\u00e1 cu\u00e1l es el tama\u00f1o de su poblaci\u00f3n, cuando comiencen a publicarse los resultados preliminares del d\u00e9cimo\u00a0Censo Nacional de Poblaci\u00f3n y Vivienda, que est\u00e1 pautado realizarse en noviembre de este a\u00f1o.<\/p>\n<p>Para finales del primer trimestre de 2023, el Estado dominicano sabr\u00e1 cu\u00e1l es el tama\u00f1o real de su poblaci\u00f3n, cuando comiencen a publicarse los resultados preliminares del d\u00e9cimo\u00a0Censo Nacional de Poblaci\u00f3n y Vivienda, que est\u00e1 pautado realizarse en noviembre de este a\u00f1o.<\/p>\n<p>El director del\u00a0Censo\u00a0de la\u00a0Oficina Nacional de Estad\u00edsticas\u00a0(ONE), V\u00edctor Romero, destaca que para el levantamiento de la informaci\u00f3n sociodemogr\u00e1fica se incorporar\u00e1n dispositivos m\u00f3viles de captura (tabletas), que le permitir\u00e1 al personal que trabaje en el\u00a0censo\u00a0recolectar la informaci\u00f3n de forma digital.<\/p>\n<p>Romero explica que los aparatos tecnol\u00f3gicos contribuir\u00e1n a reducir los tiempos de disponibilidad de la data, evitando el proceso de digitalizaci\u00f3n de esta y ayudar a la mejora de la calidad de la informaci\u00f3n recolectada, debido a que contar\u00e1n con controles y validaciones que permitir\u00edan un mejor monitoreo del avance de la operaci\u00f3n en el terreno.<\/p>\n<p>Indica que para este a\u00f1o el\u00a0censo\u00a0tiene presupuestado RD$2,875 millones, pero aclara que en 2020 se invirtieron recursos y que el pr\u00f3ximo a\u00f1o el estudio tambi\u00e9n conllevar\u00e1 un gasto.<\/p>\n<p>\u201cEl a\u00f1o pasado consumimos muchos recursos en la actualizaci\u00f3n cartogr\u00e1fica. La composici\u00f3n de ese presupuesto (los RD$2,875 millones) ser\u00e1 de alrededor de 19 por ciento en equipos y materiales, 30 por ciento en equipos y servicios tecnol\u00f3gicos. Hay honorarios, vi\u00e1ticos, dietas, para el personal que va a estar durante un mes en el terreno\u201d, detalla.<\/p>\n<div class=\"mb-5 component cita\">\u00abNecesitamos censo para el desarrollo de pol\u00edticas, dise\u00f1o de pol\u00edticas p\u00fablicas y sociales \u00ab<span class=\"author\">V\u00edctor Romero\u00a0<\/span><span class=\"status\">Director del Censo<\/span><span class=\"cita-icon\">\u201c<\/span><\/div>\n<p>El funcionario resalta que el uso de la tecnolog\u00eda da resultados m\u00e1s oportunos y con mejor calidad de recolecci\u00f3n en el terreno, afirmando que permite detectar patrones an\u00f3malos, como el hecho de que un encuestador est\u00e9 teniendo un rendimiento por encima del promedio.<\/p>\n<p>\u201cLo de la fiabilidad del dato no necesariamente est\u00e1 asociado a la tecnolog\u00eda, sino a la responsabilidad del individuo (empadronador) que captura\u201d, agrega.<\/p>\n<p>El responsable del\u00a0censo\u00a0sostiene que, a m\u00e1s tardar a finales de junio o julio de este a\u00f1o, todo deber\u00e1 estar listo para iniciar el proceso de empaque y embalaje del material censal.<\/p>\n<p>Se\u00f1ala que el levantamiento de los datos tendr\u00e1 un per\u00edodo de duraci\u00f3n de 14 d\u00edas. Informa que en la parte operativa se tiene previsto que participen 29,500 personas, aunque precisa que son cifras preliminares, que est\u00e1n en funci\u00f3n de que concluya la actualizaci\u00f3n cartogr\u00e1fica \u201cque es uno de los procesos que estamos haciendo como preparativo del\u00a0censo\u201d.<\/p>\n<p>V\u00edctor Romero agrega que el tiempo estimado para el empadronamiento ser\u00e1 de entre 27 y 28 minutos, en promedio, desde la introducci\u00f3n hasta el final.<\/p>\n<figure class=\"inline-block\">\n<div class=\"expand-img-placeholder\"><img loading=\"lazy\" decoding=\"async\" src=\"https:\/\/diariolibre.blob.core.windows.net.optimalcdn.com\/images\/expand.svg\" alt=\"Expandir imagen\" width=\"20\" height=\"20\" \/><\/div>\n<picture><img decoding=\"async\" class=\"mx-auto lazy loaded\" src=\"https:\/\/diariolibre.blob.core.windows.net.optimalcdn.com\/images\/2022\/02\/03\/una-bolsa-de-pl%C3%A1stico-e7054467.jpg\" alt=\"Infograf\u00eda\" width=\"auto\" height=\"350\" data-src=\"https:\/\/diariolibre.blob.core.windows.net.optimalcdn.com\/images\/2022\/02\/03\/una-bolsa-de-pl\u00e1stico-e7054467.jpg\" data-was-processed=\"true\" \/><\/picture><\/figure>\n<p>El \u00faltimo\u00a0censo\u00a0hecho en la Rep\u00fablica Dominicana fue en 2010, presentando en la actualidad un retraso de dos a\u00f1os en su realizaci\u00f3n, debido a que correspond\u00eda producirse en 2020.<\/p>\n<p>El \u00faltimo\u00a0censo\u00a0arroj\u00f3 que la poblaci\u00f3n dominicana ascend\u00eda a 9,445,281 personas, 50.17 % de ellas hombres y 49.83 % mujeres.<\/p>\n<p>\u201cEl\u00a0censo\u00a0es una actividad tan particular que se replica y ejecuta cada 10 a\u00f1os porque es costosa. En el caso dominicano hubo una combinaci\u00f3n de factores: coincidi\u00f3 con un a\u00f1o electoral, y las autoridades de ese momento decidieron postergarlo un poco para que no coincidiera con las elecciones, y luego la pandemia\u201d, puntualiza.<\/p>\n<p>El\u00a0censo\u00a0va a determinar los servicios b\u00e1sicos que reciben las viviendas, sus condiciones y calidad de la misma en sentido general, y los aspectos sociodemogr\u00e1ficos de las personas, elementos que, combinados, determinan la calidad de vida, explica el director.<\/p>\n<p>\u201cNecesitamos\u00a0censo\u00a0para el desarrollo de pol\u00edticas, dise\u00f1o de pol\u00edticas p\u00fablicas y sociales\u201d, declara.<\/p>\n","protected":false},"excerpt":{"rendered":"<p>Para finales del primer trimestre de 2023 el Estado dominicano sabr\u00e1 cu\u00e1l es el tama\u00f1o de su poblaci\u00f3n, cuando comiencen &#8230;<\/p>\n","protected":false},"author":2,"featured_media":115188,"comment_status":"open","ping_status":"open","sticky":false,"template":"","format":"standard","meta":{"footnotes":""},"categories":[26],"tags":[],"class_list":["post-115187","post","type-post","status-publish","format-standard","has-post-thumbnail","hentry","category-economia"],"yoast_head":"<!-- This site is optimized with the Yoast SEO plugin v24.8.1 - https:\/\/yoast.com\/wordpress\/plugins\/seo\/ -->\n<title>En 2023 se sabr\u00e1 el tama\u00f1o de la poblaci\u00f3n dominicana - PotenciaRadiofonicaDominicana.com<\/title>\n<meta name=\"robots\" content=\"index, follow, max-snippet:-1, max-image-preview:large, max-video-preview:-1\" \/>\n<link rel=\"canonical\" href=\"https:\/\/potenciaradiofonicadominicana.com\/portal\/en-2023-se-sabra-el-tamano-de-la-poblacion-dominicana\/\" \/>\n<meta property=\"og:locale\" content=\"es_ES\" \/>\n<meta property=\"og:type\" content=\"article\" \/>\n<meta property=\"og:title\" content=\"En 2023 se sabr\u00e1 el tama\u00f1o de la poblaci\u00f3n dominicana - PotenciaRadiofonicaDominicana.com\" \/>\n<meta property=\"og:description\" content=\"Para finales del primer trimestre de 2023 el Estado dominicano sabr\u00e1 cu\u00e1l es el tama\u00f1o de su poblaci\u00f3n, cuando comiencen ...\" \/>\n<meta property=\"og:url\" content=\"https:\/\/potenciaradiofonicadominicana.com\/portal\/en-2023-se-sabra-el-tamano-de-la-poblacion-dominicana\/\" \/>\n<meta property=\"og:site_name\" content=\"PotenciaRadiofonicaDominicana.com\" \/>\n<meta property=\"article:publisher\" content=\"https:\/\/web.facebook.com\/PotenciaRadiofonicaD\" \/>\n<meta property=\"article:published_time\" content=\"2022-02-04T14:05:08+00:00\" \/>\n<meta property=\"og:image\" content=\"https:\/\/potenciaradiofonicadominicana.com\/portal\/wp-content\/uploads\/2022\/02\/whatsapp-image-2022-02-03-at-45235-pm-7768d5b5-focus-0-0-895-573.jpg\" \/>\n\t<meta property=\"og:image:width\" content=\"895\" \/>\n\t<meta property=\"og:image:height\" content=\"573\" \/>\n\t<meta property=\"og:image:type\" content=\"image\/jpeg\" \/>\n<meta name=\"author\" content=\"Potencia Radiof\u00f3nica Dominicana\" \/>\n<meta name=\"twitter:card\" content=\"summary_large_image\" \/>\n<meta name=\"twitter:label1\" content=\"Escrito por\" \/>\n\t<meta name=\"twitter:data1\" content=\"Potencia Radiof\u00f3nica Dominicana\" \/>\n\t<meta name=\"twitter:label2\" content=\"Tiempo de lectura\" \/>\n\t<meta name=\"twitter:data2\" content=\"3 minutos\" \/>\n<script type=\"application\/ld+json\" class=\"yoast-schema-graph\">{\"@context\":\"https:\/\/schema.org\",\"@graph\":[{\"@type\":\"Article\",\"@id\":\"https:\/\/potenciaradiofonicadominicana.com\/portal\/en-2023-se-sabra-el-tamano-de-la-poblacion-dominicana\/#article\",\"isPartOf\":{\"@id\":\"https:\/\/potenciaradiofonicadominicana.com\/portal\/en-2023-se-sabra-el-tamano-de-la-poblacion-dominicana\/\"},\"author\":{\"name\":\"Potencia Radiof\u00f3nica Dominicana\",\"@id\":\"https:\/\/potenciaradiofonicadominicana.com\/portal\/#\/schema\/person\/a5cf1fea13877803ee0573ac18b03490\"},\"headline\":\"En 2023 se sabr\u00e1 el tama\u00f1o de la poblaci\u00f3n dominicana\",\"datePublished\":\"2022-02-04T14:05:08+00:00\",\"mainEntityOfPage\":{\"@id\":\"https:\/\/potenciaradiofonicadominicana.com\/portal\/en-2023-se-sabra-el-tamano-de-la-poblacion-dominicana\/\"},\"wordCount\":696,\"commentCount\":0,\"publisher\":{\"@id\":\"https:\/\/potenciaradiofonicadominicana.com\/portal\/#organization\"},\"image\":{\"@id\":\"https:\/\/potenciaradiofonicadominicana.com\/portal\/en-2023-se-sabra-el-tamano-de-la-poblacion-dominicana\/#primaryimage\"},\"thumbnailUrl\":\"https:\/\/potenciaradiofonicadominicana.com\/portal\/wp-content\/uploads\/2022\/02\/whatsapp-image-2022-02-03-at-45235-pm-7768d5b5-focus-0-0-895-573.jpg\",\"articleSection\":[\"Econom\u00eda\"],\"inLanguage\":\"es\",\"potentialAction\":[{\"@type\":\"CommentAction\",\"name\":\"Comment\",\"target\":[\"https:\/\/potenciaradiofonicadominicana.com\/portal\/en-2023-se-sabra-el-tamano-de-la-poblacion-dominicana\/#respond\"]}]},{\"@type\":\"WebPage\",\"@id\":\"https:\/\/potenciaradiofonicadominicana.com\/portal\/en-2023-se-sabra-el-tamano-de-la-poblacion-dominicana\/\",\"url\":\"https:\/\/potenciaradiofonicadominicana.com\/portal\/en-2023-se-sabra-el-tamano-de-la-poblacion-dominicana\/\",\"name\":\"En 2023 se sabr\u00e1 el tama\u00f1o de la poblaci\u00f3n dominicana - PotenciaRadiofonicaDominicana.com\",\"isPartOf\":{\"@id\":\"https:\/\/potenciaradiofonicadominicana.com\/portal\/#website\"},\"primaryImageOfPage\":{\"@id\":\"https:\/\/potenciaradiofonicadominicana.com\/portal\/en-2023-se-sabra-el-tamano-de-la-poblacion-dominicana\/#primaryimage\"},\"image\":{\"@id\":\"https:\/\/potenciaradiofonicadominicana.com\/portal\/en-2023-se-sabra-el-tamano-de-la-poblacion-dominicana\/#primaryimage\"},\"thumbnailUrl\":\"https:\/\/potenciaradiofonicadominicana.com\/portal\/wp-content\/uploads\/2022\/02\/whatsapp-image-2022-02-03-at-45235-pm-7768d5b5-focus-0-0-895-573.jpg\",\"datePublished\":\"2022-02-04T14:05:08+00:00\",\"breadcrumb\":{\"@id\":\"https:\/\/potenciaradiofonicadominicana.com\/portal\/en-2023-se-sabra-el-tamano-de-la-poblacion-dominicana\/#breadcrumb\"},\"inLanguage\":\"es\",\"potentialAction\":[{\"@type\":\"ReadAction\",\"target\":[\"https:\/\/potenciaradiofonicadominicana.com\/portal\/en-2023-se-sabra-el-tamano-de-la-poblacion-dominicana\/\"]}]},{\"@type\":\"ImageObject\",\"inLanguage\":\"es\",\"@id\":\"https:\/\/potenciaradiofonicadominicana.com\/portal\/en-2023-se-sabra-el-tamano-de-la-poblacion-dominicana\/#primaryimage\",\"url\":\"https:\/\/potenciaradiofonicadominicana.com\/portal\/wp-content\/uploads\/2022\/02\/whatsapp-image-2022-02-03-at-45235-pm-7768d5b5-focus-0-0-895-573.jpg\",\"contentUrl\":\"https:\/\/potenciaradiofonicadominicana.com\/portal\/wp-content\/uploads\/2022\/02\/whatsapp-image-2022-02-03-at-45235-pm-7768d5b5-focus-0-0-895-573.jpg\",\"width\":895,\"height\":573},{\"@type\":\"BreadcrumbList\",\"@id\":\"https:\/\/potenciaradiofonicadominicana.com\/portal\/en-2023-se-sabra-el-tamano-de-la-poblacion-dominicana\/#breadcrumb\",\"itemListElement\":[{\"@type\":\"ListItem\",\"position\":1,\"name\":\"Portada\",\"item\":\"https:\/\/potenciaradiofonicadominicana.com\/portal\/\"},{\"@type\":\"ListItem\",\"position\":2,\"name\":\"En 2023 se sabr\u00e1 el tama\u00f1o de la poblaci\u00f3n dominicana\"}]},{\"@type\":\"WebSite\",\"@id\":\"https:\/\/potenciaradiofonicadominicana.com\/portal\/#website\",\"url\":\"https:\/\/potenciaradiofonicadominicana.com\/portal\/\",\"name\":\"PotenciaRadiofonicaDominicana.com\",\"description\":\"Peri\u00f3dico Digital\",\"publisher\":{\"@id\":\"https:\/\/potenciaradiofonicadominicana.com\/portal\/#organization\"},\"potentialAction\":[{\"@type\":\"SearchAction\",\"target\":{\"@type\":\"EntryPoint\",\"urlTemplate\":\"https:\/\/potenciaradiofonicadominicana.com\/portal\/?s={search_term_string}\"},\"query-input\":{\"@type\":\"PropertyValueSpecification\",\"valueRequired\":true,\"valueName\":\"search_term_string\"}}],\"inLanguage\":\"es\"},{\"@type\":\"Organization\",\"@id\":\"https:\/\/potenciaradiofonicadominicana.com\/portal\/#organization\",\"name\":\"PotenciaRadiofonicaDominicana.com\",\"url\":\"https:\/\/potenciaradiofonicadominicana.com\/portal\/\",\"logo\":{\"@type\":\"ImageObject\",\"inLanguage\":\"es\",\"@id\":\"https:\/\/potenciaradiofonicadominicana.com\/portal\/#\/schema\/logo\/image\/\",\"url\":\"https:\/\/potenciaradiofonicadominicana.com\/portal\/wp-content\/uploads\/2022\/01\/descarga.png\",\"contentUrl\":\"https:\/\/potenciaradiofonicadominicana.com\/portal\/wp-content\/uploads\/2022\/01\/descarga.png\",\"width\":300,\"height\":100,\"caption\":\"PotenciaRadiofonicaDominicana.com\"},\"image\":{\"@id\":\"https:\/\/potenciaradiofonicadominicana.com\/portal\/#\/schema\/logo\/image\/\"},\"sameAs\":[\"https:\/\/web.facebook.com\/PotenciaRadiofonicaD\"]},{\"@type\":\"Person\",\"@id\":\"https:\/\/potenciaradiofonicadominicana.com\/portal\/#\/schema\/person\/a5cf1fea13877803ee0573ac18b03490\",\"name\":\"Potencia Radiof\u00f3nica Dominicana\",\"image\":{\"@type\":\"ImageObject\",\"inLanguage\":\"es\",\"@id\":\"https:\/\/potenciaradiofonicadominicana.com\/portal\/#\/schema\/person\/image\/\",\"url\":\"https:\/\/secure.gravatar.com\/avatar\/42a55ab9e8ccc656ba34cd791990602a?s=96&d=mm&r=g\",\"contentUrl\":\"https:\/\/secure.gravatar.com\/avatar\/42a55ab9e8ccc656ba34cd791990602a?s=96&d=mm&r=g\",\"caption\":\"Potencia Radiof\u00f3nica Dominicana\"},\"url\":\"https:\/\/potenciaradiofonicadominicana.com\/portal\/author\/johannyalmanzar\/\"}]}<\/script>\n<!-- \/ Yoast SEO plugin. -->","yoast_head_json":{"title":"En 2023 se sabr\u00e1 el tama\u00f1o de la poblaci\u00f3n dominicana - PotenciaRadiofonicaDominicana.com","robots":{"index":"index","follow":"follow","max-snippet":"max-snippet:-1","max-image-preview":"max-image-preview:large","max-video-preview":"max-video-preview:-1"},"canonical":"https:\/\/potenciaradiofonicadominicana.com\/portal\/en-2023-se-sabra-el-tamano-de-la-poblacion-dominicana\/","og_locale":"es_ES","og_type":"article","og_title":"En 2023 se sabr\u00e1 el tama\u00f1o de la poblaci\u00f3n dominicana - PotenciaRadiofonicaDominicana.com","og_description":"Para finales del primer trimestre de 2023 el Estado dominicano sabr\u00e1 cu\u00e1l es el tama\u00f1o de su poblaci\u00f3n, cuando comiencen ...","og_url":"https:\/\/potenciaradiofonicadominicana.com\/portal\/en-2023-se-sabra-el-tamano-de-la-poblacion-dominicana\/","og_site_name":"PotenciaRadiofonicaDominicana.com","article_publisher":"https:\/\/web.facebook.com\/PotenciaRadiofonicaD","article_published_time":"2022-02-04T14:05:08+00:00","og_image":[{"width":895,"height":573,"url":"https:\/\/potenciaradiofonicadominicana.com\/portal\/wp-content\/uploads\/2022\/02\/whatsapp-image-2022-02-03-at-45235-pm-7768d5b5-focus-0-0-895-573.jpg","type":"image\/jpeg"}],"author":"Potencia Radiof\u00f3nica Dominicana","twitter_card":"summary_large_image","twitter_misc":{"Escrito por":"Potencia Radiof\u00f3nica Dominicana","Tiempo de lectura":"3 minutos"},"schema":{"@context":"https:\/\/schema.org","@graph":[{"@type":"Article","@id":"https:\/\/potenciaradiofonicadominicana.com\/portal\/en-2023-se-sabra-el-tamano-de-la-poblacion-dominicana\/#article","isPartOf":{"@id":"https:\/\/potenciaradiofonicadominicana.com\/portal\/en-2023-se-sabra-el-tamano-de-la-poblacion-dominicana\/"},"author":{"name":"Potencia Radiof\u00f3nica Dominicana","@id":"https:\/\/potenciaradiofonicadominicana.com\/portal\/#\/schema\/person\/a5cf1fea13877803ee0573ac18b03490"},"headline":"En 2023 se sabr\u00e1 el tama\u00f1o de la poblaci\u00f3n dominicana","datePublished":"2022-02-04T14:05:08+00:00","mainEntityOfPage":{"@id":"https:\/\/potenciaradiofonicadominicana.com\/portal\/en-2023-se-sabra-el-tamano-de-la-poblacion-dominicana\/"},"wordCount":696,"commentCount":0,"publisher":{"@id":"https:\/\/potenciaradiofonicadominicana.com\/portal\/#organization"},"image":{"@id":"https:\/\/potenciaradiofonicadominicana.com\/portal\/en-2023-se-sabra-el-tamano-de-la-poblacion-dominicana\/#primaryimage"},"thumbnailUrl":"https:\/\/potenciaradiofonicadominicana.com\/portal\/wp-content\/uploads\/2022\/02\/whatsapp-image-2022-02-03-at-45235-pm-7768d5b5-focus-0-0-895-573.jpg","articleSection":["Econom\u00eda"],"inLanguage":"es","potentialAction":[{"@type":"CommentAction","name":"Comment","target":["https:\/\/potenciaradiofonicadominicana.com\/portal\/en-2023-se-sabra-el-tamano-de-la-poblacion-dominicana\/#respond"]}]},{"@type":"WebPage","@id":"https:\/\/potenciaradiofonicadominicana.com\/portal\/en-2023-se-sabra-el-tamano-de-la-poblacion-dominicana\/","url":"https:\/\/potenciaradiofonicadominicana.com\/portal\/en-2023-se-sabra-el-tamano-de-la-poblacion-dominicana\/","name":"En 2023 se sabr\u00e1 el tama\u00f1o de la poblaci\u00f3n dominicana - PotenciaRadiofonicaDominicana.com","isPartOf":{"@id":"https:\/\/potenciaradiofonicadominicana.com\/portal\/#website"},"primaryImageOfPage":{"@id":"https:\/\/potenciaradiofonicadominicana.com\/portal\/en-2023-se-sabra-el-tamano-de-la-poblacion-dominicana\/#primaryimage"},"image":{"@id":"https:\/\/potenciaradiofonicadominicana.com\/portal\/en-2023-se-sabra-el-tamano-de-la-poblacion-dominicana\/#primaryimage"},"thumbnailUrl":"https:\/\/potenciaradiofonicadominicana.com\/portal\/wp-content\/uploads\/2022\/02\/whatsapp-image-2022-02-03-at-45235-pm-7768d5b5-focus-0-0-895-573.jpg","datePublished":"2022-02-04T14:05:08+00:00","breadcrumb":{"@id":"https:\/\/potenciaradiofonicadominicana.com\/portal\/en-2023-se-sabra-el-tamano-de-la-poblacion-dominicana\/#breadcrumb"},"inLanguage":"es","potentialAction":[{"@type":"ReadAction","target":["https:\/\/potenciaradiofonicadominicana.com\/portal\/en-2023-se-sabra-el-tamano-de-la-poblacion-dominicana\/"]}]},{"@type":"ImageObject","inLanguage":"es","@id":"https:\/\/potenciaradiofonicadominicana.com\/portal\/en-2023-se-sabra-el-tamano-de-la-poblacion-dominicana\/#primaryimage","url":"https:\/\/potenciaradiofonicadominicana.com\/portal\/wp-content\/uploads\/2022\/02\/whatsapp-image-2022-02-03-at-45235-pm-7768d5b5-focus-0-0-895-573.jpg","contentUrl":"https:\/\/potenciaradiofonicadominicana.com\/portal\/wp-content\/uploads\/2022\/02\/whatsapp-image-2022-02-03-at-45235-pm-7768d5b5-focus-0-0-895-573.jpg","width":895,"height":573},{"@type":"BreadcrumbList","@id":"https:\/\/potenciaradiofonicadominicana.com\/portal\/en-2023-se-sabra-el-tamano-de-la-poblacion-dominicana\/#breadcrumb","itemListElement":[{"@type":"ListItem","position":1,"name":"Portada","item":"https:\/\/potenciaradiofonicadominicana.com\/portal\/"},{"@type":"ListItem","position":2,"name":"En 2023 se sabr\u00e1 el tama\u00f1o de la poblaci\u00f3n dominicana"}]},{"@type":"WebSite","@id":"https:\/\/potenciaradiofonicadominicana.com\/portal\/#website","url":"https:\/\/potenciaradiofonicadominicana.com\/portal\/","name":"PotenciaRadiofonicaDominicana.com","description":"Peri\u00f3dico Digital","publisher":{"@id":"https:\/\/potenciaradiofonicadominicana.com\/portal\/#organization"},"potentialAction":[{"@type":"SearchAction","target":{"@type":"EntryPoint","urlTemplate":"https:\/\/potenciaradiofonicadominicana.com\/portal\/?s={search_term_string}"},"query-input":{"@type":"PropertyValueSpecification","valueRequired":true,"valueName":"search_term_string"}}],"inLanguage":"es"},{"@type":"Organization","@id":"https:\/\/potenciaradiofonicadominicana.com\/portal\/#organization","name":"PotenciaRadiofonicaDominicana.com","url":"https:\/\/potenciaradiofonicadominicana.com\/portal\/","logo":{"@type":"ImageObject","inLanguage":"es","@id":"https:\/\/potenciaradiofonicadominicana.com\/portal\/#\/schema\/logo\/image\/","url":"https:\/\/potenciaradiofonicadominicana.com\/portal\/wp-content\/uploads\/2022\/01\/descarga.png","contentUrl":"https:\/\/potenciaradiofonicadominicana.com\/portal\/wp-content\/uploads\/2022\/01\/descarga.png","width":300,"height":100,"caption":"PotenciaRadiofonicaDominicana.com"},"image":{"@id":"https:\/\/potenciaradiofonicadominicana.com\/portal\/#\/schema\/logo\/image\/"},"sameAs":["https:\/\/web.facebook.com\/PotenciaRadiofonicaD"]},{"@type":"Person","@id":"https:\/\/potenciaradiofonicadominicana.com\/portal\/#\/schema\/person\/a5cf1fea13877803ee0573ac18b03490","name":"Potencia Radiof\u00f3nica Dominicana","image":{"@type":"ImageObject","inLanguage":"es","@id":"https:\/\/potenciaradiofonicadominicana.com\/portal\/#\/schema\/person\/image\/","url":"https:\/\/secure.gravatar.com\/avatar\/42a55ab9e8ccc656ba34cd791990602a?s=96&d=mm&r=g","contentUrl":"https:\/\/secure.gravatar.com\/avatar\/42a55ab9e8ccc656ba34cd791990602a?s=96&d=mm&r=g","caption":"Potencia Radiof\u00f3nica Dominicana"},"url":"https:\/\/potenciaradiofonicadominicana.com\/portal\/author\/johannyalmanzar\/"}]}},"_links":{"self":[{"href":"https:\/\/potenciaradiofonicadominicana.com\/portal\/wp-json\/wp\/v2\/posts\/115187","targetHints":{"allow":["GET"]}}],"collection":[{"href":"https:\/\/potenciaradiofonicadominicana.com\/portal\/wp-json\/wp\/v2\/posts"}],"about":[{"href":"https:\/\/potenciaradiofonicadominicana.com\/portal\/wp-json\/wp\/v2\/types\/post"}],"author":[{"embeddable":true,"href":"https:\/\/potenciaradiofonicadominicana.com\/portal\/wp-json\/wp\/v2\/users\/2"}],"replies":[{"embeddable":true,"href":"https:\/\/potenciaradiofonicadominicana.com\/portal\/wp-json\/wp\/v2\/comments?post=115187"}],"version-history":[{"count":1,"href":"https:\/\/potenciaradiofonicadominicana.com\/portal\/wp-json\/wp\/v2\/posts\/115187\/revisions"}],"predecessor-version":[{"id":115194,"href":"https:\/\/potenciaradiofonicadominicana.com\/portal\/wp-json\/wp\/v2\/posts\/115187\/revisions\/115194"}],"wp:featuredmedia":[{"embeddable":true,"href":"https:\/\/potenciaradiofonicadominicana.com\/portal\/wp-json\/wp\/v2\/media\/115188"}],"wp:attachment":[{"href":"https:\/\/potenciaradiofonicadominicana.com\/portal\/wp-json\/wp\/v2\/media?parent=115187"}],"wp:term":[{"taxonomy":"category","embeddable":true,"href":"https:\/\/potenciaradiofonicadominicana.com\/portal\/wp-json\/wp\/v2\/categories?post=115187"},{"taxonomy":"post_tag","embeddable":true,"href":"https:\/\/potenciaradiofonicadominicana.com\/portal\/wp-json\/wp\/v2\/tags?post=115187"}],"curies":[{"name":"wp","href":"https:\/\/api.w.org\/{rel}","templated":true}]}}