{"id":115182,"date":"2022-02-04T10:00:50","date_gmt":"2022-02-04T14:00:50","guid":{"rendered":"https:\/\/potenciaradiofonicadominicana.com\/portal\/?p=115182"},"modified":"2022-02-04T10:00:50","modified_gmt":"2022-02-04T14:00:50","slug":"infotep-arriba-a-convenio-para-enviar-trabajadores-tecnicos-de-la-construccion-a-puerto-rico","status":"publish","type":"post","link":"https:\/\/potenciaradiofonicadominicana.com\/portal\/infotep-arriba-a-convenio-para-enviar-trabajadores-tecnicos-de-la-construccion-a-puerto-rico\/","title":{"rendered":"Infotep arriba a convenio para enviar trabajadores t\u00e9cnicos de la construcci\u00f3n a Puerto Rico"},"content":{"rendered":"<p><a href=\"https:\/\/potenciaradiofonicadominicana.com\/portal\/wp-content\/uploads\/2022\/02\/shutterstock616369565-7e71417e-focus-0-0-895-573.jpg\"><img loading=\"lazy\" decoding=\"async\" class=\"alignnone size-full wp-image-115183\" src=\"https:\/\/potenciaradiofonicadominicana.com\/portal\/wp-content\/uploads\/2022\/02\/shutterstock616369565-7e71417e-focus-0-0-895-573.jpg\" alt=\"\" width=\"895\" height=\"573\" srcset=\"https:\/\/potenciaradiofonicadominicana.com\/portal\/wp-content\/uploads\/2022\/02\/shutterstock616369565-7e71417e-focus-0-0-895-573.jpg 895w, https:\/\/potenciaradiofonicadominicana.com\/portal\/wp-content\/uploads\/2022\/02\/shutterstock616369565-7e71417e-focus-0-0-895-573-300x192.jpg 300w, https:\/\/potenciaradiofonicadominicana.com\/portal\/wp-content\/uploads\/2022\/02\/shutterstock616369565-7e71417e-focus-0-0-895-573-768x492.jpg 768w\" sizes=\"auto, (max-width: 895px) 100vw, 895px\" \/><\/a><\/p>\n<p>El director general del Instituto Nacional de Formaci\u00f3n T\u00e9cnico Profesional (Infotep), Rafael Santos Bad\u00eda, inform\u00f3 ayer que la instituci\u00f3n inici\u00f3 las gestiones para enviar\u00a0\u00a0trabajadores t\u00e9cnicos, b\u00e1sicamente del sector\u00a0construcci\u00f3n\u00a0y del \u00e1rea de restaurantes, a\u00a0Puerto Rico, donde hay una alta demanda de mano de obra para trabajos de reconstrucci\u00f3n a ra\u00edz del paso del hurac\u00e1n Mar\u00eda en el 2017.<\/p>\n<p>Detall\u00f3 que existen fondos federales para la reconstrucci\u00f3n de\u00a0Puerto Rico\u00a0de m\u00e1s de US$50 mil millones aportados por el Gobierno.<\/p>\n<p>\u201cNo hay trabajadores en la isla porque la mano de obra de\u00a0Puerto Rico, despu\u00e9s del hurac\u00e1n, emigr\u00f3 hacia otras ciudades norteamericanas\u201d, destac\u00f3.<\/p>\n<p>Indic\u00f3 que recientemente el\u00a0Infotep\u00a0sostuvo una reuni\u00f3n con una misi\u00f3n de\u00a0Puerto Rico, y con el c\u00f3nsul dominicano y el residente comisionado de\u00a0Puerto Rico, de la oficina comercial en Rep\u00fablica Dominicana, para empezar el reclutamiento de ese personal.<\/p>\n<p>Revel\u00f3 que dentro de 15 d\u00edas estar\u00e1n invitando a los dominicanos interesados, que sepan alg\u00fan oficio de la\u00a0construcci\u00f3n, para que la academia de Estados Unidos que trabaja con\u00a0Infotep\u00a0los avale.<\/p>\n<p>\u201cCon ese certificado y con un contrato de\u00a0trabajo\u00a0pueden ir al consulado norteamericano (estadounidense) para que puedan recibir una visa de\u00a0trabajo\u00a0H2B, que es una visa que le permite una movilizaci\u00f3n temporal a los Estados Unidos\u201d, explic\u00f3.<\/p>\n<p>Las capacitaciones ser\u00e1n virtuales. El \u00fanico requisito en esta primera etapa es saber uno de los oficios de la\u00a0construcci\u00f3n\u00a0y estar interesado en emigrar por uno o dos a\u00f1os a\u00a0Puerto Rico\u00a0para trabajar.<\/p>\n<p>El proceso de captaci\u00f3n y capacitaci\u00f3n se realizar\u00e1 en el Distrito Nacional, Santiago, La Romana, Hig\u00fcey, Barahona, Azua, San Juan y Puerto Plata.<\/p>\n","protected":false},"excerpt":{"rendered":"<p>El director general del Instituto Nacional de Formaci\u00f3n T\u00e9cnico Profesional (Infotep), Rafael Santos Bad\u00eda, inform\u00f3 ayer que la instituci\u00f3n inici\u00f3 &#8230;<\/p>\n","protected":false},"author":2,"featured_media":115183,"comment_status":"open","ping_status":"open","sticky":false,"template":"","format":"standard","meta":{"footnotes":""},"categories":[26],"tags":[],"class_list":["post-115182","post","type-post","status-publish","format-standard","has-post-thumbnail","hentry","category-economia"],"yoast_head":"<!-- This site is optimized with the Yoast SEO plugin v24.8.1 - https:\/\/yoast.com\/wordpress\/plugins\/seo\/ -->\n<title>Infotep arriba a convenio para enviar trabajadores t\u00e9cnicos de la construcci\u00f3n a Puerto Rico - PotenciaRadiofonicaDominicana.com<\/title>\n<meta name=\"robots\" content=\"index, follow, max-snippet:-1, max-image-preview:large, max-video-preview:-1\" \/>\n<link rel=\"canonical\" href=\"https:\/\/potenciaradiofonicadominicana.com\/portal\/infotep-arriba-a-convenio-para-enviar-trabajadores-tecnicos-de-la-construccion-a-puerto-rico\/\" \/>\n<meta property=\"og:locale\" content=\"es_ES\" \/>\n<meta property=\"og:type\" content=\"article\" \/>\n<meta property=\"og:title\" content=\"Infotep arriba a convenio para enviar trabajadores t\u00e9cnicos de la construcci\u00f3n a Puerto Rico - PotenciaRadiofonicaDominicana.com\" \/>\n<meta property=\"og:description\" content=\"El director general del Instituto Nacional de Formaci\u00f3n T\u00e9cnico Profesional (Infotep), Rafael Santos Bad\u00eda, inform\u00f3 ayer que la instituci\u00f3n inici\u00f3 ...\" \/>\n<meta property=\"og:url\" content=\"https:\/\/potenciaradiofonicadominicana.com\/portal\/infotep-arriba-a-convenio-para-enviar-trabajadores-tecnicos-de-la-construccion-a-puerto-rico\/\" \/>\n<meta property=\"og:site_name\" content=\"PotenciaRadiofonicaDominicana.com\" \/>\n<meta property=\"article:publisher\" content=\"https:\/\/web.facebook.com\/PotenciaRadiofonicaD\" \/>\n<meta property=\"article:published_time\" content=\"2022-02-04T14:00:50+00:00\" \/>\n<meta property=\"og:image\" content=\"https:\/\/potenciaradiofonicadominicana.com\/portal\/wp-content\/uploads\/2022\/02\/shutterstock616369565-7e71417e-focus-0-0-895-573.jpg\" \/>\n\t<meta property=\"og:image:width\" content=\"895\" \/>\n\t<meta property=\"og:image:height\" content=\"573\" \/>\n\t<meta property=\"og:image:type\" content=\"image\/jpeg\" \/>\n<meta name=\"author\" content=\"Potencia Radiof\u00f3nica Dominicana\" \/>\n<meta name=\"twitter:card\" content=\"summary_large_image\" \/>\n<meta name=\"twitter:label1\" content=\"Escrito por\" \/>\n\t<meta name=\"twitter:data1\" content=\"Potencia Radiof\u00f3nica Dominicana\" \/>\n\t<meta name=\"twitter:label2\" content=\"Tiempo de lectura\" \/>\n\t<meta name=\"twitter:data2\" content=\"2 minutos\" \/>\n<script type=\"application\/ld+json\" class=\"yoast-schema-graph\">{\"@context\":\"https:\/\/schema.org\",\"@graph\":[{\"@type\":\"Article\",\"@id\":\"https:\/\/potenciaradiofonicadominicana.com\/portal\/infotep-arriba-a-convenio-para-enviar-trabajadores-tecnicos-de-la-construccion-a-puerto-rico\/#article\",\"isPartOf\":{\"@id\":\"https:\/\/potenciaradiofonicadominicana.com\/portal\/infotep-arriba-a-convenio-para-enviar-trabajadores-tecnicos-de-la-construccion-a-puerto-rico\/\"},\"author\":{\"name\":\"Potencia Radiof\u00f3nica Dominicana\",\"@id\":\"https:\/\/potenciaradiofonicadominicana.com\/portal\/#\/schema\/person\/a5cf1fea13877803ee0573ac18b03490\"},\"headline\":\"Infotep arriba a convenio para enviar trabajadores t\u00e9cnicos de la construcci\u00f3n a Puerto Rico\",\"datePublished\":\"2022-02-04T14:00:50+00:00\",\"mainEntityOfPage\":{\"@id\":\"https:\/\/potenciaradiofonicadominicana.com\/portal\/infotep-arriba-a-convenio-para-enviar-trabajadores-tecnicos-de-la-construccion-a-puerto-rico\/\"},\"wordCount\":319,\"commentCount\":0,\"publisher\":{\"@id\":\"https:\/\/potenciaradiofonicadominicana.com\/portal\/#organization\"},\"image\":{\"@id\":\"https:\/\/potenciaradiofonicadominicana.com\/portal\/infotep-arriba-a-convenio-para-enviar-trabajadores-tecnicos-de-la-construccion-a-puerto-rico\/#primaryimage\"},\"thumbnailUrl\":\"https:\/\/potenciaradiofonicadominicana.com\/portal\/wp-content\/uploads\/2022\/02\/shutterstock616369565-7e71417e-focus-0-0-895-573.jpg\",\"articleSection\":[\"Econom\u00eda\"],\"inLanguage\":\"es\",\"potentialAction\":[{\"@type\":\"CommentAction\",\"name\":\"Comment\",\"target\":[\"https:\/\/potenciaradiofonicadominicana.com\/portal\/infotep-arriba-a-convenio-para-enviar-trabajadores-tecnicos-de-la-construccion-a-puerto-rico\/#respond\"]}]},{\"@type\":\"WebPage\",\"@id\":\"https:\/\/potenciaradiofonicadominicana.com\/portal\/infotep-arriba-a-convenio-para-enviar-trabajadores-tecnicos-de-la-construccion-a-puerto-rico\/\",\"url\":\"https:\/\/potenciaradiofonicadominicana.com\/portal\/infotep-arriba-a-convenio-para-enviar-trabajadores-tecnicos-de-la-construccion-a-puerto-rico\/\",\"name\":\"Infotep arriba a convenio para enviar trabajadores t\u00e9cnicos de la construcci\u00f3n a Puerto Rico - PotenciaRadiofonicaDominicana.com\",\"isPartOf\":{\"@id\":\"https:\/\/potenciaradiofonicadominicana.com\/portal\/#website\"},\"primaryImageOfPage\":{\"@id\":\"https:\/\/potenciaradiofonicadominicana.com\/portal\/infotep-arriba-a-convenio-para-enviar-trabajadores-tecnicos-de-la-construccion-a-puerto-rico\/#primaryimage\"},\"image\":{\"@id\":\"https:\/\/potenciaradiofonicadominicana.com\/portal\/infotep-arriba-a-convenio-para-enviar-trabajadores-tecnicos-de-la-construccion-a-puerto-rico\/#primaryimage\"},\"thumbnailUrl\":\"https:\/\/potenciaradiofonicadominicana.com\/portal\/wp-content\/uploads\/2022\/02\/shutterstock616369565-7e71417e-focus-0-0-895-573.jpg\",\"datePublished\":\"2022-02-04T14:00:50+00:00\",\"breadcrumb\":{\"@id\":\"https:\/\/potenciaradiofonicadominicana.com\/portal\/infotep-arriba-a-convenio-para-enviar-trabajadores-tecnicos-de-la-construccion-a-puerto-rico\/#breadcrumb\"},\"inLanguage\":\"es\",\"potentialAction\":[{\"@type\":\"ReadAction\",\"target\":[\"https:\/\/potenciaradiofonicadominicana.com\/portal\/infotep-arriba-a-convenio-para-enviar-trabajadores-tecnicos-de-la-construccion-a-puerto-rico\/\"]}]},{\"@type\":\"ImageObject\",\"inLanguage\":\"es\",\"@id\":\"https:\/\/potenciaradiofonicadominicana.com\/portal\/infotep-arriba-a-convenio-para-enviar-trabajadores-tecnicos-de-la-construccion-a-puerto-rico\/#primaryimage\",\"url\":\"https:\/\/potenciaradiofonicadominicana.com\/portal\/wp-content\/uploads\/2022\/02\/shutterstock616369565-7e71417e-focus-0-0-895-573.jpg\",\"contentUrl\":\"https:\/\/potenciaradiofonicadominicana.com\/portal\/wp-content\/uploads\/2022\/02\/shutterstock616369565-7e71417e-focus-0-0-895-573.jpg\",\"width\":895,\"height\":573},{\"@type\":\"BreadcrumbList\",\"@id\":\"https:\/\/potenciaradiofonicadominicana.com\/portal\/infotep-arriba-a-convenio-para-enviar-trabajadores-tecnicos-de-la-construccion-a-puerto-rico\/#breadcrumb\",\"itemListElement\":[{\"@type\":\"ListItem\",\"position\":1,\"name\":\"Portada\",\"item\":\"https:\/\/potenciaradiofonicadominicana.com\/portal\/\"},{\"@type\":\"ListItem\",\"position\":2,\"name\":\"Infotep arriba a convenio para enviar trabajadores t\u00e9cnicos de la construcci\u00f3n a Puerto Rico\"}]},{\"@type\":\"WebSite\",\"@id\":\"https:\/\/potenciaradiofonicadominicana.com\/portal\/#website\",\"url\":\"https:\/\/potenciaradiofonicadominicana.com\/portal\/\",\"name\":\"PotenciaRadiofonicaDominicana.com\",\"description\":\"Peri\u00f3dico Digital\",\"publisher\":{\"@id\":\"https:\/\/potenciaradiofonicadominicana.com\/portal\/#organization\"},\"potentialAction\":[{\"@type\":\"SearchAction\",\"target\":{\"@type\":\"EntryPoint\",\"urlTemplate\":\"https:\/\/potenciaradiofonicadominicana.com\/portal\/?s={search_term_string}\"},\"query-input\":{\"@type\":\"PropertyValueSpecification\",\"valueRequired\":true,\"valueName\":\"search_term_string\"}}],\"inLanguage\":\"es\"},{\"@type\":\"Organization\",\"@id\":\"https:\/\/potenciaradiofonicadominicana.com\/portal\/#organization\",\"name\":\"PotenciaRadiofonicaDominicana.com\",\"url\":\"https:\/\/potenciaradiofonicadominicana.com\/portal\/\",\"logo\":{\"@type\":\"ImageObject\",\"inLanguage\":\"es\",\"@id\":\"https:\/\/potenciaradiofonicadominicana.com\/portal\/#\/schema\/logo\/image\/\",\"url\":\"https:\/\/potenciaradiofonicadominicana.com\/portal\/wp-content\/uploads\/2022\/01\/descarga.png\",\"contentUrl\":\"https:\/\/potenciaradiofonicadominicana.com\/portal\/wp-content\/uploads\/2022\/01\/descarga.png\",\"width\":300,\"height\":100,\"caption\":\"PotenciaRadiofonicaDominicana.com\"},\"image\":{\"@id\":\"https:\/\/potenciaradiofonicadominicana.com\/portal\/#\/schema\/logo\/image\/\"},\"sameAs\":[\"https:\/\/web.facebook.com\/PotenciaRadiofonicaD\"]},{\"@type\":\"Person\",\"@id\":\"https:\/\/potenciaradiofonicadominicana.com\/portal\/#\/schema\/person\/a5cf1fea13877803ee0573ac18b03490\",\"name\":\"Potencia Radiof\u00f3nica Dominicana\",\"image\":{\"@type\":\"ImageObject\",\"inLanguage\":\"es\",\"@id\":\"https:\/\/potenciaradiofonicadominicana.com\/portal\/#\/schema\/person\/image\/\",\"url\":\"https:\/\/secure.gravatar.com\/avatar\/42a55ab9e8ccc656ba34cd791990602a?s=96&d=mm&r=g\",\"contentUrl\":\"https:\/\/secure.gravatar.com\/avatar\/42a55ab9e8ccc656ba34cd791990602a?s=96&d=mm&r=g\",\"caption\":\"Potencia Radiof\u00f3nica Dominicana\"},\"url\":\"https:\/\/potenciaradiofonicadominicana.com\/portal\/author\/johannyalmanzar\/\"}]}<\/script>\n<!-- \/ Yoast SEO plugin. -->","yoast_head_json":{"title":"Infotep arriba a convenio para enviar trabajadores t\u00e9cnicos de la construcci\u00f3n a Puerto Rico - PotenciaRadiofonicaDominicana.com","robots":{"index":"index","follow":"follow","max-snippet":"max-snippet:-1","max-image-preview":"max-image-preview:large","max-video-preview":"max-video-preview:-1"},"canonical":"https:\/\/potenciaradiofonicadominicana.com\/portal\/infotep-arriba-a-convenio-para-enviar-trabajadores-tecnicos-de-la-construccion-a-puerto-rico\/","og_locale":"es_ES","og_type":"article","og_title":"Infotep arriba a convenio para enviar trabajadores t\u00e9cnicos de la construcci\u00f3n a Puerto Rico - PotenciaRadiofonicaDominicana.com","og_description":"El director general del Instituto Nacional de Formaci\u00f3n T\u00e9cnico Profesional (Infotep), Rafael Santos Bad\u00eda, inform\u00f3 ayer que la instituci\u00f3n inici\u00f3 ...","og_url":"https:\/\/potenciaradiofonicadominicana.com\/portal\/infotep-arriba-a-convenio-para-enviar-trabajadores-tecnicos-de-la-construccion-a-puerto-rico\/","og_site_name":"PotenciaRadiofonicaDominicana.com","article_publisher":"https:\/\/web.facebook.com\/PotenciaRadiofonicaD","article_published_time":"2022-02-04T14:00:50+00:00","og_image":[{"width":895,"height":573,"url":"https:\/\/potenciaradiofonicadominicana.com\/portal\/wp-content\/uploads\/2022\/02\/shutterstock616369565-7e71417e-focus-0-0-895-573.jpg","type":"image\/jpeg"}],"author":"Potencia Radiof\u00f3nica Dominicana","twitter_card":"summary_large_image","twitter_misc":{"Escrito por":"Potencia Radiof\u00f3nica Dominicana","Tiempo de lectura":"2 minutos"},"schema":{"@context":"https:\/\/schema.org","@graph":[{"@type":"Article","@id":"https:\/\/potenciaradiofonicadominicana.com\/portal\/infotep-arriba-a-convenio-para-enviar-trabajadores-tecnicos-de-la-construccion-a-puerto-rico\/#article","isPartOf":{"@id":"https:\/\/potenciaradiofonicadominicana.com\/portal\/infotep-arriba-a-convenio-para-enviar-trabajadores-tecnicos-de-la-construccion-a-puerto-rico\/"},"author":{"name":"Potencia Radiof\u00f3nica Dominicana","@id":"https:\/\/potenciaradiofonicadominicana.com\/portal\/#\/schema\/person\/a5cf1fea13877803ee0573ac18b03490"},"headline":"Infotep arriba a convenio para enviar trabajadores t\u00e9cnicos de la construcci\u00f3n a Puerto Rico","datePublished":"2022-02-04T14:00:50+00:00","mainEntityOfPage":{"@id":"https:\/\/potenciaradiofonicadominicana.com\/portal\/infotep-arriba-a-convenio-para-enviar-trabajadores-tecnicos-de-la-construccion-a-puerto-rico\/"},"wordCount":319,"commentCount":0,"publisher":{"@id":"https:\/\/potenciaradiofonicadominicana.com\/portal\/#organization"},"image":{"@id":"https:\/\/potenciaradiofonicadominicana.com\/portal\/infotep-arriba-a-convenio-para-enviar-trabajadores-tecnicos-de-la-construccion-a-puerto-rico\/#primaryimage"},"thumbnailUrl":"https:\/\/potenciaradiofonicadominicana.com\/portal\/wp-content\/uploads\/2022\/02\/shutterstock616369565-7e71417e-focus-0-0-895-573.jpg","articleSection":["Econom\u00eda"],"inLanguage":"es","potentialAction":[{"@type":"CommentAction","name":"Comment","target":["https:\/\/potenciaradiofonicadominicana.com\/portal\/infotep-arriba-a-convenio-para-enviar-trabajadores-tecnicos-de-la-construccion-a-puerto-rico\/#respond"]}]},{"@type":"WebPage","@id":"https:\/\/potenciaradiofonicadominicana.com\/portal\/infotep-arriba-a-convenio-para-enviar-trabajadores-tecnicos-de-la-construccion-a-puerto-rico\/","url":"https:\/\/potenciaradiofonicadominicana.com\/portal\/infotep-arriba-a-convenio-para-enviar-trabajadores-tecnicos-de-la-construccion-a-puerto-rico\/","name":"Infotep arriba a convenio para enviar trabajadores t\u00e9cnicos de la construcci\u00f3n a Puerto Rico - PotenciaRadiofonicaDominicana.com","isPartOf":{"@id":"https:\/\/potenciaradiofonicadominicana.com\/portal\/#website"},"primaryImageOfPage":{"@id":"https:\/\/potenciaradiofonicadominicana.com\/portal\/infotep-arriba-a-convenio-para-enviar-trabajadores-tecnicos-de-la-construccion-a-puerto-rico\/#primaryimage"},"image":{"@id":"https:\/\/potenciaradiofonicadominicana.com\/portal\/infotep-arriba-a-convenio-para-enviar-trabajadores-tecnicos-de-la-construccion-a-puerto-rico\/#primaryimage"},"thumbnailUrl":"https:\/\/potenciaradiofonicadominicana.com\/portal\/wp-content\/uploads\/2022\/02\/shutterstock616369565-7e71417e-focus-0-0-895-573.jpg","datePublished":"2022-02-04T14:00:50+00:00","breadcrumb":{"@id":"https:\/\/potenciaradiofonicadominicana.com\/portal\/infotep-arriba-a-convenio-para-enviar-trabajadores-tecnicos-de-la-construccion-a-puerto-rico\/#breadcrumb"},"inLanguage":"es","potentialAction":[{"@type":"ReadAction","target":["https:\/\/potenciaradiofonicadominicana.com\/portal\/infotep-arriba-a-convenio-para-enviar-trabajadores-tecnicos-de-la-construccion-a-puerto-rico\/"]}]},{"@type":"ImageObject","inLanguage":"es","@id":"https:\/\/potenciaradiofonicadominicana.com\/portal\/infotep-arriba-a-convenio-para-enviar-trabajadores-tecnicos-de-la-construccion-a-puerto-rico\/#primaryimage","url":"https:\/\/potenciaradiofonicadominicana.com\/portal\/wp-content\/uploads\/2022\/02\/shutterstock616369565-7e71417e-focus-0-0-895-573.jpg","contentUrl":"https:\/\/potenciaradiofonicadominicana.com\/portal\/wp-content\/uploads\/2022\/02\/shutterstock616369565-7e71417e-focus-0-0-895-573.jpg","width":895,"height":573},{"@type":"BreadcrumbList","@id":"https:\/\/potenciaradiofonicadominicana.com\/portal\/infotep-arriba-a-convenio-para-enviar-trabajadores-tecnicos-de-la-construccion-a-puerto-rico\/#breadcrumb","itemListElement":[{"@type":"ListItem","position":1,"name":"Portada","item":"https:\/\/potenciaradiofonicadominicana.com\/portal\/"},{"@type":"ListItem","position":2,"name":"Infotep arriba a convenio para enviar trabajadores t\u00e9cnicos de la construcci\u00f3n a Puerto Rico"}]},{"@type":"WebSite","@id":"https:\/\/potenciaradiofonicadominicana.com\/portal\/#website","url":"https:\/\/potenciaradiofonicadominicana.com\/portal\/","name":"PotenciaRadiofonicaDominicana.com","description":"Peri\u00f3dico Digital","publisher":{"@id":"https:\/\/potenciaradiofonicadominicana.com\/portal\/#organization"},"potentialAction":[{"@type":"SearchAction","target":{"@type":"EntryPoint","urlTemplate":"https:\/\/potenciaradiofonicadominicana.com\/portal\/?s={search_term_string}"},"query-input":{"@type":"PropertyValueSpecification","valueRequired":true,"valueName":"search_term_string"}}],"inLanguage":"es"},{"@type":"Organization","@id":"https:\/\/potenciaradiofonicadominicana.com\/portal\/#organization","name":"PotenciaRadiofonicaDominicana.com","url":"https:\/\/potenciaradiofonicadominicana.com\/portal\/","logo":{"@type":"ImageObject","inLanguage":"es","@id":"https:\/\/potenciaradiofonicadominicana.com\/portal\/#\/schema\/logo\/image\/","url":"https:\/\/potenciaradiofonicadominicana.com\/portal\/wp-content\/uploads\/2022\/01\/descarga.png","contentUrl":"https:\/\/potenciaradiofonicadominicana.com\/portal\/wp-content\/uploads\/2022\/01\/descarga.png","width":300,"height":100,"caption":"PotenciaRadiofonicaDominicana.com"},"image":{"@id":"https:\/\/potenciaradiofonicadominicana.com\/portal\/#\/schema\/logo\/image\/"},"sameAs":["https:\/\/web.facebook.com\/PotenciaRadiofonicaD"]},{"@type":"Person","@id":"https:\/\/potenciaradiofonicadominicana.com\/portal\/#\/schema\/person\/a5cf1fea13877803ee0573ac18b03490","name":"Potencia Radiof\u00f3nica Dominicana","image":{"@type":"ImageObject","inLanguage":"es","@id":"https:\/\/potenciaradiofonicadominicana.com\/portal\/#\/schema\/person\/image\/","url":"https:\/\/secure.gravatar.com\/avatar\/42a55ab9e8ccc656ba34cd791990602a?s=96&d=mm&r=g","contentUrl":"https:\/\/secure.gravatar.com\/avatar\/42a55ab9e8ccc656ba34cd791990602a?s=96&d=mm&r=g","caption":"Potencia Radiof\u00f3nica Dominicana"},"url":"https:\/\/potenciaradiofonicadominicana.com\/portal\/author\/johannyalmanzar\/"}]}},"_links":{"self":[{"href":"https:\/\/potenciaradiofonicadominicana.com\/portal\/wp-json\/wp\/v2\/posts\/115182","targetHints":{"allow":["GET"]}}],"collection":[{"href":"https:\/\/potenciaradiofonicadominicana.com\/portal\/wp-json\/wp\/v2\/posts"}],"about":[{"href":"https:\/\/potenciaradiofonicadominicana.com\/portal\/wp-json\/wp\/v2\/types\/post"}],"author":[{"embeddable":true,"href":"https:\/\/potenciaradiofonicadominicana.com\/portal\/wp-json\/wp\/v2\/users\/2"}],"replies":[{"embeddable":true,"href":"https:\/\/potenciaradiofonicadominicana.com\/portal\/wp-json\/wp\/v2\/comments?post=115182"}],"version-history":[{"count":1,"href":"https:\/\/potenciaradiofonicadominicana.com\/portal\/wp-json\/wp\/v2\/posts\/115182\/revisions"}],"predecessor-version":[{"id":115184,"href":"https:\/\/potenciaradiofonicadominicana.com\/portal\/wp-json\/wp\/v2\/posts\/115182\/revisions\/115184"}],"wp:featuredmedia":[{"embeddable":true,"href":"https:\/\/potenciaradiofonicadominicana.com\/portal\/wp-json\/wp\/v2\/media\/115183"}],"wp:attachment":[{"href":"https:\/\/potenciaradiofonicadominicana.com\/portal\/wp-json\/wp\/v2\/media?parent=115182"}],"wp:term":[{"taxonomy":"category","embeddable":true,"href":"https:\/\/potenciaradiofonicadominicana.com\/portal\/wp-json\/wp\/v2\/categories?post=115182"},{"taxonomy":"post_tag","embeddable":true,"href":"https:\/\/potenciaradiofonicadominicana.com\/portal\/wp-json\/wp\/v2\/tags?post=115182"}],"curies":[{"name":"wp","href":"https:\/\/api.w.org\/{rel}","templated":true}]}}