{"id":115175,"date":"2022-02-04T09:58:44","date_gmt":"2022-02-04T13:58:44","guid":{"rendered":"https:\/\/potenciaradiofonicadominicana.com\/portal\/?p=115175"},"modified":"2022-02-04T09:58:44","modified_gmt":"2022-02-04T13:58:44","slug":"empresarios-de-ee-uu-manifiestan-interes-de-invertir-en-rd-durante-reunion-con-abinader","status":"publish","type":"post","link":"https:\/\/potenciaradiofonicadominicana.com\/portal\/empresarios-de-ee-uu-manifiestan-interes-de-invertir-en-rd-durante-reunion-con-abinader\/","title":{"rendered":"Empresarios de EE.UU. manifiestan inter\u00e9s de invertir en RD durante reuni\u00f3n con Abinader"},"content":{"rendered":"<p><a href=\"https:\/\/potenciaradiofonicadominicana.com\/portal\/wp-content\/uploads\/2022\/02\/whatsapp-image-2022-02-03-at-71259-pm-2-fd193c3c-focus-0-0-895-573.jpg\"><img loading=\"lazy\" decoding=\"async\" class=\"alignnone size-full wp-image-115176\" src=\"https:\/\/potenciaradiofonicadominicana.com\/portal\/wp-content\/uploads\/2022\/02\/whatsapp-image-2022-02-03-at-71259-pm-2-fd193c3c-focus-0-0-895-573.jpg\" alt=\"\" width=\"895\" height=\"573\" srcset=\"https:\/\/potenciaradiofonicadominicana.com\/portal\/wp-content\/uploads\/2022\/02\/whatsapp-image-2022-02-03-at-71259-pm-2-fd193c3c-focus-0-0-895-573.jpg 895w, https:\/\/potenciaradiofonicadominicana.com\/portal\/wp-content\/uploads\/2022\/02\/whatsapp-image-2022-02-03-at-71259-pm-2-fd193c3c-focus-0-0-895-573-300x192.jpg 300w, https:\/\/potenciaradiofonicadominicana.com\/portal\/wp-content\/uploads\/2022\/02\/whatsapp-image-2022-02-03-at-71259-pm-2-fd193c3c-focus-0-0-895-573-768x492.jpg 768w\" sizes=\"auto, (max-width: 895px) 100vw, 895px\" \/><\/a><\/p>\n<p>El presidente\u00a0Luis Abinader\u00a0se reuni\u00f3 este jueves de manera virtual con la\u00a0embajadora dominicana en los Estados Unidos, Sonia Guzm\u00e1n, quien encabez\u00f3 una\u00a0misi\u00f3n comercial\u00a0de empresas de capital estadounidense que tienen en proyecto realizar\u00a0inversiones\u00a0en la Rep\u00fablica Dominicana.<\/p>\n<p>Las empresas\u00a0Sky Power Global,\u00a0Temple Allen Industries\u00a0y\u00a0Ridge Partners L\u00ednea Noroeste\u00a0explicaron al presidente Abinader sus proyectos y los beneficios en\u00a0empleos\u00a0y generaci\u00f3n de oportunidades que podr\u00edan traer en el\u00a0sector aeron\u00e1utico y de producci\u00f3n de energ\u00eda\u00a0de la Rep\u00fablica Dominicana.<\/p>\n<p>SkyPower Global,\u00a0con una reconocida presencia internacional, present\u00f3\u00a0un proyecto de manufactura local de paneles solares y generaci\u00f3n de hasta 500 megavatios de energ\u00eda, identificando a<strong>\u00a0<\/strong>Pedernales\u00a0como la zona geogr\u00e1fica id\u00f3nea para dicha inversi\u00f3n.<\/p>\n<p>De su lado, Temple Allen Industries manifest\u00f3 inter\u00e9s en regionalizar parte de sus operaciones desde la Rep\u00fablica Dominicana, aprovechando las condiciones del pa\u00eds para el\u00a0nearshoring.\u00a0La empresa fabrica equipos ergon\u00f3micos aeroespaciales para grandes multinacionales aeron\u00e1uticas, como Boeing, Airbus, Gulfstream, Lockheed, Embraer, as\u00ed como la NASA, la Fuerza A\u00e9rea y la Marina de los EE.UU.<\/p>\n<p>Por su parte, Ridge Partners L\u00ednea Noroeste, que\u00a0firm\u00f3 recientemente un\u00a0contrato de concesi\u00f3n con el Estado dominicano\u00a0para la producci\u00f3n de\u00a0combustible di\u00e9sel\u00a0a partir del uso de desechos y residuos s\u00f3lidos, present\u00f3 sus planes de expansi\u00f3n hacia otras regiones del pa\u00eds.<\/p>\n<p>Dicha empresa anunci\u00f3 que pr\u00f3ximamente empezar\u00e1 la construcci\u00f3n de una\u00a0planta de reciclaje\u00a0en la provincia Valverde, que producir\u00e1 alrededor de dos millones de galones mensuales de combustible sint\u00e9tico para exportaci\u00f3n.<\/p>\n<p>Durante la reuni\u00f3n, la embajadora Guzm\u00e1n resalt\u00f3 su misi\u00f3n de comunicar entre inversionistas de los Estados Unidos las acciones del Gobierno dominicano para fortalecer la estabilidad y transparencia democr\u00e1tica, la seguridad jur\u00eddica, la independencia del Ministerio P\u00fablico y la apertura de oportunidades de negocios y ventajas competitivas en el pa\u00eds.<\/p>\n<p>De acuerdo con una nota de prensa, el presidente Abinader reiter\u00f3 la importancia de la creaci\u00f3n de\u00a0empleos\u00a0en el pa\u00eds y destac\u00f3 las pol\u00edticas implementadas para mejorar las condiciones para las\u00a0inversiones, incluyendo la creaci\u00f3n del Gabinete de Promoci\u00f3n de\u00a0Inversiones\u00a0encabezado por la vicepresidenta Raquel Pe\u00f1a.<\/p>\n<p>Tambi\u00e9n participaron en el encuentro el\u00a0viceministro para Asuntos Econ\u00f3micos y Cooperaci\u00f3n del Ministerio de Relaciones Exteriores, Hugo Rivera Fern\u00e1ndez y el equipo comercial de la Embajada Dominicana en Washington, D.C.<\/p>\n<p>&nbsp;<\/p>\n","protected":false},"excerpt":{"rendered":"<p>El presidente\u00a0Luis Abinader\u00a0se reuni\u00f3 este jueves de manera virtual con la\u00a0embajadora dominicana en los Estados Unidos, Sonia Guzm\u00e1n, quien encabez\u00f3 &#8230;<\/p>\n","protected":false},"author":2,"featured_media":115176,"comment_status":"open","ping_status":"open","sticky":false,"template":"","format":"standard","meta":{"footnotes":""},"categories":[26],"tags":[],"class_list":["post-115175","post","type-post","status-publish","format-standard","has-post-thumbnail","hentry","category-economia"],"yoast_head":"<!-- This site is optimized with the Yoast SEO plugin v24.8.1 - https:\/\/yoast.com\/wordpress\/plugins\/seo\/ -->\n<title>Empresarios de EE.UU. manifiestan inter\u00e9s de invertir en RD durante reuni\u00f3n con Abinader - PotenciaRadiofonicaDominicana.com<\/title>\n<meta name=\"robots\" content=\"index, follow, max-snippet:-1, max-image-preview:large, max-video-preview:-1\" \/>\n<link rel=\"canonical\" href=\"https:\/\/potenciaradiofonicadominicana.com\/portal\/empresarios-de-ee-uu-manifiestan-interes-de-invertir-en-rd-durante-reunion-con-abinader\/\" \/>\n<meta property=\"og:locale\" content=\"es_ES\" \/>\n<meta property=\"og:type\" content=\"article\" \/>\n<meta property=\"og:title\" content=\"Empresarios de EE.UU. manifiestan inter\u00e9s de invertir en RD durante reuni\u00f3n con Abinader - PotenciaRadiofonicaDominicana.com\" \/>\n<meta property=\"og:description\" content=\"El presidente\u00a0Luis Abinader\u00a0se reuni\u00f3 este jueves de manera virtual con la\u00a0embajadora dominicana en los Estados Unidos, Sonia Guzm\u00e1n, quien encabez\u00f3 ...\" \/>\n<meta property=\"og:url\" content=\"https:\/\/potenciaradiofonicadominicana.com\/portal\/empresarios-de-ee-uu-manifiestan-interes-de-invertir-en-rd-durante-reunion-con-abinader\/\" \/>\n<meta property=\"og:site_name\" content=\"PotenciaRadiofonicaDominicana.com\" \/>\n<meta property=\"article:publisher\" content=\"https:\/\/web.facebook.com\/PotenciaRadiofonicaD\" \/>\n<meta property=\"article:published_time\" content=\"2022-02-04T13:58:44+00:00\" \/>\n<meta property=\"og:image\" content=\"https:\/\/potenciaradiofonicadominicana.com\/portal\/wp-content\/uploads\/2022\/02\/whatsapp-image-2022-02-03-at-71259-pm-2-fd193c3c-focus-0-0-895-573.jpg\" \/>\n\t<meta property=\"og:image:width\" content=\"895\" \/>\n\t<meta property=\"og:image:height\" content=\"573\" \/>\n\t<meta property=\"og:image:type\" content=\"image\/jpeg\" \/>\n<meta name=\"author\" content=\"Potencia Radiof\u00f3nica Dominicana\" \/>\n<meta name=\"twitter:card\" content=\"summary_large_image\" \/>\n<meta name=\"twitter:label1\" content=\"Escrito por\" \/>\n\t<meta name=\"twitter:data1\" content=\"Potencia Radiof\u00f3nica Dominicana\" \/>\n\t<meta name=\"twitter:label2\" content=\"Tiempo de lectura\" \/>\n\t<meta name=\"twitter:data2\" content=\"2 minutos\" \/>\n<script type=\"application\/ld+json\" class=\"yoast-schema-graph\">{\"@context\":\"https:\/\/schema.org\",\"@graph\":[{\"@type\":\"Article\",\"@id\":\"https:\/\/potenciaradiofonicadominicana.com\/portal\/empresarios-de-ee-uu-manifiestan-interes-de-invertir-en-rd-durante-reunion-con-abinader\/#article\",\"isPartOf\":{\"@id\":\"https:\/\/potenciaradiofonicadominicana.com\/portal\/empresarios-de-ee-uu-manifiestan-interes-de-invertir-en-rd-durante-reunion-con-abinader\/\"},\"author\":{\"name\":\"Potencia Radiof\u00f3nica Dominicana\",\"@id\":\"https:\/\/potenciaradiofonicadominicana.com\/portal\/#\/schema\/person\/a5cf1fea13877803ee0573ac18b03490\"},\"headline\":\"Empresarios de EE.UU. manifiestan inter\u00e9s de invertir en RD durante reuni\u00f3n con Abinader\",\"datePublished\":\"2022-02-04T13:58:44+00:00\",\"mainEntityOfPage\":{\"@id\":\"https:\/\/potenciaradiofonicadominicana.com\/portal\/empresarios-de-ee-uu-manifiestan-interes-de-invertir-en-rd-durante-reunion-con-abinader\/\"},\"wordCount\":445,\"commentCount\":0,\"publisher\":{\"@id\":\"https:\/\/potenciaradiofonicadominicana.com\/portal\/#organization\"},\"image\":{\"@id\":\"https:\/\/potenciaradiofonicadominicana.com\/portal\/empresarios-de-ee-uu-manifiestan-interes-de-invertir-en-rd-durante-reunion-con-abinader\/#primaryimage\"},\"thumbnailUrl\":\"https:\/\/potenciaradiofonicadominicana.com\/portal\/wp-content\/uploads\/2022\/02\/whatsapp-image-2022-02-03-at-71259-pm-2-fd193c3c-focus-0-0-895-573.jpg\",\"articleSection\":[\"Econom\u00eda\"],\"inLanguage\":\"es\",\"potentialAction\":[{\"@type\":\"CommentAction\",\"name\":\"Comment\",\"target\":[\"https:\/\/potenciaradiofonicadominicana.com\/portal\/empresarios-de-ee-uu-manifiestan-interes-de-invertir-en-rd-durante-reunion-con-abinader\/#respond\"]}]},{\"@type\":\"WebPage\",\"@id\":\"https:\/\/potenciaradiofonicadominicana.com\/portal\/empresarios-de-ee-uu-manifiestan-interes-de-invertir-en-rd-durante-reunion-con-abinader\/\",\"url\":\"https:\/\/potenciaradiofonicadominicana.com\/portal\/empresarios-de-ee-uu-manifiestan-interes-de-invertir-en-rd-durante-reunion-con-abinader\/\",\"name\":\"Empresarios de EE.UU. manifiestan inter\u00e9s de invertir en RD durante reuni\u00f3n con Abinader - PotenciaRadiofonicaDominicana.com\",\"isPartOf\":{\"@id\":\"https:\/\/potenciaradiofonicadominicana.com\/portal\/#website\"},\"primaryImageOfPage\":{\"@id\":\"https:\/\/potenciaradiofonicadominicana.com\/portal\/empresarios-de-ee-uu-manifiestan-interes-de-invertir-en-rd-durante-reunion-con-abinader\/#primaryimage\"},\"image\":{\"@id\":\"https:\/\/potenciaradiofonicadominicana.com\/portal\/empresarios-de-ee-uu-manifiestan-interes-de-invertir-en-rd-durante-reunion-con-abinader\/#primaryimage\"},\"thumbnailUrl\":\"https:\/\/potenciaradiofonicadominicana.com\/portal\/wp-content\/uploads\/2022\/02\/whatsapp-image-2022-02-03-at-71259-pm-2-fd193c3c-focus-0-0-895-573.jpg\",\"datePublished\":\"2022-02-04T13:58:44+00:00\",\"breadcrumb\":{\"@id\":\"https:\/\/potenciaradiofonicadominicana.com\/portal\/empresarios-de-ee-uu-manifiestan-interes-de-invertir-en-rd-durante-reunion-con-abinader\/#breadcrumb\"},\"inLanguage\":\"es\",\"potentialAction\":[{\"@type\":\"ReadAction\",\"target\":[\"https:\/\/potenciaradiofonicadominicana.com\/portal\/empresarios-de-ee-uu-manifiestan-interes-de-invertir-en-rd-durante-reunion-con-abinader\/\"]}]},{\"@type\":\"ImageObject\",\"inLanguage\":\"es\",\"@id\":\"https:\/\/potenciaradiofonicadominicana.com\/portal\/empresarios-de-ee-uu-manifiestan-interes-de-invertir-en-rd-durante-reunion-con-abinader\/#primaryimage\",\"url\":\"https:\/\/potenciaradiofonicadominicana.com\/portal\/wp-content\/uploads\/2022\/02\/whatsapp-image-2022-02-03-at-71259-pm-2-fd193c3c-focus-0-0-895-573.jpg\",\"contentUrl\":\"https:\/\/potenciaradiofonicadominicana.com\/portal\/wp-content\/uploads\/2022\/02\/whatsapp-image-2022-02-03-at-71259-pm-2-fd193c3c-focus-0-0-895-573.jpg\",\"width\":895,\"height\":573},{\"@type\":\"BreadcrumbList\",\"@id\":\"https:\/\/potenciaradiofonicadominicana.com\/portal\/empresarios-de-ee-uu-manifiestan-interes-de-invertir-en-rd-durante-reunion-con-abinader\/#breadcrumb\",\"itemListElement\":[{\"@type\":\"ListItem\",\"position\":1,\"name\":\"Portada\",\"item\":\"https:\/\/potenciaradiofonicadominicana.com\/portal\/\"},{\"@type\":\"ListItem\",\"position\":2,\"name\":\"Empresarios de EE.UU. manifiestan inter\u00e9s de invertir en RD durante reuni\u00f3n con Abinader\"}]},{\"@type\":\"WebSite\",\"@id\":\"https:\/\/potenciaradiofonicadominicana.com\/portal\/#website\",\"url\":\"https:\/\/potenciaradiofonicadominicana.com\/portal\/\",\"name\":\"PotenciaRadiofonicaDominicana.com\",\"description\":\"Peri\u00f3dico Digital\",\"publisher\":{\"@id\":\"https:\/\/potenciaradiofonicadominicana.com\/portal\/#organization\"},\"potentialAction\":[{\"@type\":\"SearchAction\",\"target\":{\"@type\":\"EntryPoint\",\"urlTemplate\":\"https:\/\/potenciaradiofonicadominicana.com\/portal\/?s={search_term_string}\"},\"query-input\":{\"@type\":\"PropertyValueSpecification\",\"valueRequired\":true,\"valueName\":\"search_term_string\"}}],\"inLanguage\":\"es\"},{\"@type\":\"Organization\",\"@id\":\"https:\/\/potenciaradiofonicadominicana.com\/portal\/#organization\",\"name\":\"PotenciaRadiofonicaDominicana.com\",\"url\":\"https:\/\/potenciaradiofonicadominicana.com\/portal\/\",\"logo\":{\"@type\":\"ImageObject\",\"inLanguage\":\"es\",\"@id\":\"https:\/\/potenciaradiofonicadominicana.com\/portal\/#\/schema\/logo\/image\/\",\"url\":\"https:\/\/potenciaradiofonicadominicana.com\/portal\/wp-content\/uploads\/2022\/01\/descarga.png\",\"contentUrl\":\"https:\/\/potenciaradiofonicadominicana.com\/portal\/wp-content\/uploads\/2022\/01\/descarga.png\",\"width\":300,\"height\":100,\"caption\":\"PotenciaRadiofonicaDominicana.com\"},\"image\":{\"@id\":\"https:\/\/potenciaradiofonicadominicana.com\/portal\/#\/schema\/logo\/image\/\"},\"sameAs\":[\"https:\/\/web.facebook.com\/PotenciaRadiofonicaD\"]},{\"@type\":\"Person\",\"@id\":\"https:\/\/potenciaradiofonicadominicana.com\/portal\/#\/schema\/person\/a5cf1fea13877803ee0573ac18b03490\",\"name\":\"Potencia Radiof\u00f3nica Dominicana\",\"image\":{\"@type\":\"ImageObject\",\"inLanguage\":\"es\",\"@id\":\"https:\/\/potenciaradiofonicadominicana.com\/portal\/#\/schema\/person\/image\/\",\"url\":\"https:\/\/secure.gravatar.com\/avatar\/42a55ab9e8ccc656ba34cd791990602a?s=96&d=mm&r=g\",\"contentUrl\":\"https:\/\/secure.gravatar.com\/avatar\/42a55ab9e8ccc656ba34cd791990602a?s=96&d=mm&r=g\",\"caption\":\"Potencia Radiof\u00f3nica Dominicana\"},\"url\":\"https:\/\/potenciaradiofonicadominicana.com\/portal\/author\/johannyalmanzar\/\"}]}<\/script>\n<!-- \/ Yoast SEO plugin. -->","yoast_head_json":{"title":"Empresarios de EE.UU. manifiestan inter\u00e9s de invertir en RD durante reuni\u00f3n con Abinader - PotenciaRadiofonicaDominicana.com","robots":{"index":"index","follow":"follow","max-snippet":"max-snippet:-1","max-image-preview":"max-image-preview:large","max-video-preview":"max-video-preview:-1"},"canonical":"https:\/\/potenciaradiofonicadominicana.com\/portal\/empresarios-de-ee-uu-manifiestan-interes-de-invertir-en-rd-durante-reunion-con-abinader\/","og_locale":"es_ES","og_type":"article","og_title":"Empresarios de EE.UU. manifiestan inter\u00e9s de invertir en RD durante reuni\u00f3n con Abinader - PotenciaRadiofonicaDominicana.com","og_description":"El presidente\u00a0Luis Abinader\u00a0se reuni\u00f3 este jueves de manera virtual con la\u00a0embajadora dominicana en los Estados Unidos, Sonia Guzm\u00e1n, quien encabez\u00f3 ...","og_url":"https:\/\/potenciaradiofonicadominicana.com\/portal\/empresarios-de-ee-uu-manifiestan-interes-de-invertir-en-rd-durante-reunion-con-abinader\/","og_site_name":"PotenciaRadiofonicaDominicana.com","article_publisher":"https:\/\/web.facebook.com\/PotenciaRadiofonicaD","article_published_time":"2022-02-04T13:58:44+00:00","og_image":[{"width":895,"height":573,"url":"https:\/\/potenciaradiofonicadominicana.com\/portal\/wp-content\/uploads\/2022\/02\/whatsapp-image-2022-02-03-at-71259-pm-2-fd193c3c-focus-0-0-895-573.jpg","type":"image\/jpeg"}],"author":"Potencia Radiof\u00f3nica Dominicana","twitter_card":"summary_large_image","twitter_misc":{"Escrito por":"Potencia Radiof\u00f3nica Dominicana","Tiempo de lectura":"2 minutos"},"schema":{"@context":"https:\/\/schema.org","@graph":[{"@type":"Article","@id":"https:\/\/potenciaradiofonicadominicana.com\/portal\/empresarios-de-ee-uu-manifiestan-interes-de-invertir-en-rd-durante-reunion-con-abinader\/#article","isPartOf":{"@id":"https:\/\/potenciaradiofonicadominicana.com\/portal\/empresarios-de-ee-uu-manifiestan-interes-de-invertir-en-rd-durante-reunion-con-abinader\/"},"author":{"name":"Potencia Radiof\u00f3nica Dominicana","@id":"https:\/\/potenciaradiofonicadominicana.com\/portal\/#\/schema\/person\/a5cf1fea13877803ee0573ac18b03490"},"headline":"Empresarios de EE.UU. manifiestan inter\u00e9s de invertir en RD durante reuni\u00f3n con Abinader","datePublished":"2022-02-04T13:58:44+00:00","mainEntityOfPage":{"@id":"https:\/\/potenciaradiofonicadominicana.com\/portal\/empresarios-de-ee-uu-manifiestan-interes-de-invertir-en-rd-durante-reunion-con-abinader\/"},"wordCount":445,"commentCount":0,"publisher":{"@id":"https:\/\/potenciaradiofonicadominicana.com\/portal\/#organization"},"image":{"@id":"https:\/\/potenciaradiofonicadominicana.com\/portal\/empresarios-de-ee-uu-manifiestan-interes-de-invertir-en-rd-durante-reunion-con-abinader\/#primaryimage"},"thumbnailUrl":"https:\/\/potenciaradiofonicadominicana.com\/portal\/wp-content\/uploads\/2022\/02\/whatsapp-image-2022-02-03-at-71259-pm-2-fd193c3c-focus-0-0-895-573.jpg","articleSection":["Econom\u00eda"],"inLanguage":"es","potentialAction":[{"@type":"CommentAction","name":"Comment","target":["https:\/\/potenciaradiofonicadominicana.com\/portal\/empresarios-de-ee-uu-manifiestan-interes-de-invertir-en-rd-durante-reunion-con-abinader\/#respond"]}]},{"@type":"WebPage","@id":"https:\/\/potenciaradiofonicadominicana.com\/portal\/empresarios-de-ee-uu-manifiestan-interes-de-invertir-en-rd-durante-reunion-con-abinader\/","url":"https:\/\/potenciaradiofonicadominicana.com\/portal\/empresarios-de-ee-uu-manifiestan-interes-de-invertir-en-rd-durante-reunion-con-abinader\/","name":"Empresarios de EE.UU. manifiestan inter\u00e9s de invertir en RD durante reuni\u00f3n con Abinader - PotenciaRadiofonicaDominicana.com","isPartOf":{"@id":"https:\/\/potenciaradiofonicadominicana.com\/portal\/#website"},"primaryImageOfPage":{"@id":"https:\/\/potenciaradiofonicadominicana.com\/portal\/empresarios-de-ee-uu-manifiestan-interes-de-invertir-en-rd-durante-reunion-con-abinader\/#primaryimage"},"image":{"@id":"https:\/\/potenciaradiofonicadominicana.com\/portal\/empresarios-de-ee-uu-manifiestan-interes-de-invertir-en-rd-durante-reunion-con-abinader\/#primaryimage"},"thumbnailUrl":"https:\/\/potenciaradiofonicadominicana.com\/portal\/wp-content\/uploads\/2022\/02\/whatsapp-image-2022-02-03-at-71259-pm-2-fd193c3c-focus-0-0-895-573.jpg","datePublished":"2022-02-04T13:58:44+00:00","breadcrumb":{"@id":"https:\/\/potenciaradiofonicadominicana.com\/portal\/empresarios-de-ee-uu-manifiestan-interes-de-invertir-en-rd-durante-reunion-con-abinader\/#breadcrumb"},"inLanguage":"es","potentialAction":[{"@type":"ReadAction","target":["https:\/\/potenciaradiofonicadominicana.com\/portal\/empresarios-de-ee-uu-manifiestan-interes-de-invertir-en-rd-durante-reunion-con-abinader\/"]}]},{"@type":"ImageObject","inLanguage":"es","@id":"https:\/\/potenciaradiofonicadominicana.com\/portal\/empresarios-de-ee-uu-manifiestan-interes-de-invertir-en-rd-durante-reunion-con-abinader\/#primaryimage","url":"https:\/\/potenciaradiofonicadominicana.com\/portal\/wp-content\/uploads\/2022\/02\/whatsapp-image-2022-02-03-at-71259-pm-2-fd193c3c-focus-0-0-895-573.jpg","contentUrl":"https:\/\/potenciaradiofonicadominicana.com\/portal\/wp-content\/uploads\/2022\/02\/whatsapp-image-2022-02-03-at-71259-pm-2-fd193c3c-focus-0-0-895-573.jpg","width":895,"height":573},{"@type":"BreadcrumbList","@id":"https:\/\/potenciaradiofonicadominicana.com\/portal\/empresarios-de-ee-uu-manifiestan-interes-de-invertir-en-rd-durante-reunion-con-abinader\/#breadcrumb","itemListElement":[{"@type":"ListItem","position":1,"name":"Portada","item":"https:\/\/potenciaradiofonicadominicana.com\/portal\/"},{"@type":"ListItem","position":2,"name":"Empresarios de EE.UU. manifiestan inter\u00e9s de invertir en RD durante reuni\u00f3n con Abinader"}]},{"@type":"WebSite","@id":"https:\/\/potenciaradiofonicadominicana.com\/portal\/#website","url":"https:\/\/potenciaradiofonicadominicana.com\/portal\/","name":"PotenciaRadiofonicaDominicana.com","description":"Peri\u00f3dico Digital","publisher":{"@id":"https:\/\/potenciaradiofonicadominicana.com\/portal\/#organization"},"potentialAction":[{"@type":"SearchAction","target":{"@type":"EntryPoint","urlTemplate":"https:\/\/potenciaradiofonicadominicana.com\/portal\/?s={search_term_string}"},"query-input":{"@type":"PropertyValueSpecification","valueRequired":true,"valueName":"search_term_string"}}],"inLanguage":"es"},{"@type":"Organization","@id":"https:\/\/potenciaradiofonicadominicana.com\/portal\/#organization","name":"PotenciaRadiofonicaDominicana.com","url":"https:\/\/potenciaradiofonicadominicana.com\/portal\/","logo":{"@type":"ImageObject","inLanguage":"es","@id":"https:\/\/potenciaradiofonicadominicana.com\/portal\/#\/schema\/logo\/image\/","url":"https:\/\/potenciaradiofonicadominicana.com\/portal\/wp-content\/uploads\/2022\/01\/descarga.png","contentUrl":"https:\/\/potenciaradiofonicadominicana.com\/portal\/wp-content\/uploads\/2022\/01\/descarga.png","width":300,"height":100,"caption":"PotenciaRadiofonicaDominicana.com"},"image":{"@id":"https:\/\/potenciaradiofonicadominicana.com\/portal\/#\/schema\/logo\/image\/"},"sameAs":["https:\/\/web.facebook.com\/PotenciaRadiofonicaD"]},{"@type":"Person","@id":"https:\/\/potenciaradiofonicadominicana.com\/portal\/#\/schema\/person\/a5cf1fea13877803ee0573ac18b03490","name":"Potencia Radiof\u00f3nica Dominicana","image":{"@type":"ImageObject","inLanguage":"es","@id":"https:\/\/potenciaradiofonicadominicana.com\/portal\/#\/schema\/person\/image\/","url":"https:\/\/secure.gravatar.com\/avatar\/42a55ab9e8ccc656ba34cd791990602a?s=96&d=mm&r=g","contentUrl":"https:\/\/secure.gravatar.com\/avatar\/42a55ab9e8ccc656ba34cd791990602a?s=96&d=mm&r=g","caption":"Potencia Radiof\u00f3nica Dominicana"},"url":"https:\/\/potenciaradiofonicadominicana.com\/portal\/author\/johannyalmanzar\/"}]}},"_links":{"self":[{"href":"https:\/\/potenciaradiofonicadominicana.com\/portal\/wp-json\/wp\/v2\/posts\/115175","targetHints":{"allow":["GET"]}}],"collection":[{"href":"https:\/\/potenciaradiofonicadominicana.com\/portal\/wp-json\/wp\/v2\/posts"}],"about":[{"href":"https:\/\/potenciaradiofonicadominicana.com\/portal\/wp-json\/wp\/v2\/types\/post"}],"author":[{"embeddable":true,"href":"https:\/\/potenciaradiofonicadominicana.com\/portal\/wp-json\/wp\/v2\/users\/2"}],"replies":[{"embeddable":true,"href":"https:\/\/potenciaradiofonicadominicana.com\/portal\/wp-json\/wp\/v2\/comments?post=115175"}],"version-history":[{"count":2,"href":"https:\/\/potenciaradiofonicadominicana.com\/portal\/wp-json\/wp\/v2\/posts\/115175\/revisions"}],"predecessor-version":[{"id":115180,"href":"https:\/\/potenciaradiofonicadominicana.com\/portal\/wp-json\/wp\/v2\/posts\/115175\/revisions\/115180"}],"wp:featuredmedia":[{"embeddable":true,"href":"https:\/\/potenciaradiofonicadominicana.com\/portal\/wp-json\/wp\/v2\/media\/115176"}],"wp:attachment":[{"href":"https:\/\/potenciaradiofonicadominicana.com\/portal\/wp-json\/wp\/v2\/media?parent=115175"}],"wp:term":[{"taxonomy":"category","embeddable":true,"href":"https:\/\/potenciaradiofonicadominicana.com\/portal\/wp-json\/wp\/v2\/categories?post=115175"},{"taxonomy":"post_tag","embeddable":true,"href":"https:\/\/potenciaradiofonicadominicana.com\/portal\/wp-json\/wp\/v2\/tags?post=115175"}],"curies":[{"name":"wp","href":"https:\/\/api.w.org\/{rel}","templated":true}]}}