{"id":115171,"date":"2022-02-04T09:55:39","date_gmt":"2022-02-04T13:55:39","guid":{"rendered":"https:\/\/potenciaradiofonicadominicana.com\/portal\/?p=115171"},"modified":"2022-02-04T09:55:39","modified_gmt":"2022-02-04T13:55:39","slug":"en-san-juan-de-la-maguana-tambien-se-producira-tabaco","status":"publish","type":"post","link":"https:\/\/potenciaradiofonicadominicana.com\/portal\/en-san-juan-de-la-maguana-tambien-se-producira-tabaco\/","title":{"rendered":"En San Juan de la Maguana tambi\u00e9n se producir\u00e1 tabaco"},"content":{"rendered":"<p><a href=\"https:\/\/potenciaradiofonicadominicana.com\/portal\/wp-content\/uploads\/2022\/02\/whatsapp-image-2022-02-02-at-72909-pm-ade05b07-focus-0-0-895-573.jpg\"><img loading=\"lazy\" decoding=\"async\" class=\"alignnone size-full wp-image-115172\" src=\"https:\/\/potenciaradiofonicadominicana.com\/portal\/wp-content\/uploads\/2022\/02\/whatsapp-image-2022-02-02-at-72909-pm-ade05b07-focus-0-0-895-573.jpg\" alt=\"\" width=\"895\" height=\"573\" srcset=\"https:\/\/potenciaradiofonicadominicana.com\/portal\/wp-content\/uploads\/2022\/02\/whatsapp-image-2022-02-02-at-72909-pm-ade05b07-focus-0-0-895-573.jpg 895w, https:\/\/potenciaradiofonicadominicana.com\/portal\/wp-content\/uploads\/2022\/02\/whatsapp-image-2022-02-02-at-72909-pm-ade05b07-focus-0-0-895-573-300x192.jpg 300w, https:\/\/potenciaradiofonicadominicana.com\/portal\/wp-content\/uploads\/2022\/02\/whatsapp-image-2022-02-02-at-72909-pm-ade05b07-focus-0-0-895-573-768x492.jpg 768w\" sizes=\"auto, (max-width: 895px) 100vw, 895px\" \/><\/a><\/p>\n<p>Como parte del plan de desarrollo agr\u00edcola y econ\u00f3mico dispuesto por el presidente\u00a0Luis Abinader\u00a0para\u00a0San Juan, el ministro de Agricultura,\u00a0Limber Cruz, visit\u00f3 una finca modelo de\u00a0plantaciones\u00a0de\u00a0tabaco\u00a0en Las Matas de Farf\u00e1n con la finalidad de industrializaci\u00f3n y comercializaci\u00f3n.<\/p>\n<p>Durante el recorrido pot la plantaci\u00f3n, ubicada en Las Matas de Farf\u00e1n, Cruz dijo que la zona cuenta con 2,500 tareas sembradas y se espera llegar a 10,000 de aqu\u00ed a dos a\u00f1os.<\/p>\n<p>El plan busca desarrollar al sector industrial en la provincia con la instalaci\u00f3n de\u00a0f\u00e1bricas procesadoras\u00a0de\u00a0tabaco\u00a0y as\u00ed contribuir al desarrollo econ\u00f3mico del Valle de\u00a0San Juan.<\/p>\n<p>\u201cVamos a tener una direcci\u00f3n ejecutiva trabajando desde\u00a0San Juan, donde a la agricultura le vamos agregar valor\u201d, se\u00f1al\u00f3 en su visita.<\/p>\n<p>Durante el recorrido, Cruz estuvo acompa\u00f1ado por el presidente del Consejo de Zonas Francas, Daniel Liranzo; Rafael Almonte, presidente de Intabaco, y el ministro de Industria, Comercio y Mipymes, V\u00edctor Bison\u00f3, con quienes traz\u00f3 metas para el desarrollo de la industria.<\/p>\n<p>Cruz destac\u00f3 la importancia del proyecto, ya que las exportaciones de\u00a0tabaco\u00a0del pa\u00eds aportan divisas por encima de los US$930 millones al a\u00f1o.<\/p>\n<p>Sandino Gonz\u00e1lez, propietario de la finca Sangroagro, dijo que esta procesadora cuenta con almacenes y regad\u00edo de la m\u00e1s alta tecnolog\u00eda.<\/p>\n","protected":false},"excerpt":{"rendered":"<p>Como parte del plan de desarrollo agr\u00edcola y econ\u00f3mico dispuesto por el presidente\u00a0Luis Abinader\u00a0para\u00a0San Juan, el ministro de Agricultura,\u00a0Limber Cruz, &#8230;<\/p>\n","protected":false},"author":2,"featured_media":115172,"comment_status":"open","ping_status":"open","sticky":false,"template":"","format":"standard","meta":{"footnotes":""},"categories":[26],"tags":[],"class_list":["post-115171","post","type-post","status-publish","format-standard","has-post-thumbnail","hentry","category-economia"],"yoast_head":"<!-- This site is optimized with the Yoast SEO plugin v24.8.1 - https:\/\/yoast.com\/wordpress\/plugins\/seo\/ -->\n<title>En San Juan de la Maguana tambi\u00e9n se producir\u00e1 tabaco - PotenciaRadiofonicaDominicana.com<\/title>\n<meta name=\"robots\" content=\"index, follow, max-snippet:-1, max-image-preview:large, max-video-preview:-1\" \/>\n<link rel=\"canonical\" href=\"https:\/\/potenciaradiofonicadominicana.com\/portal\/en-san-juan-de-la-maguana-tambien-se-producira-tabaco\/\" \/>\n<meta property=\"og:locale\" content=\"es_ES\" \/>\n<meta property=\"og:type\" content=\"article\" \/>\n<meta property=\"og:title\" content=\"En San Juan de la Maguana tambi\u00e9n se producir\u00e1 tabaco - PotenciaRadiofonicaDominicana.com\" \/>\n<meta property=\"og:description\" content=\"Como parte del plan de desarrollo agr\u00edcola y econ\u00f3mico dispuesto por el presidente\u00a0Luis Abinader\u00a0para\u00a0San Juan, el ministro de Agricultura,\u00a0Limber Cruz, ...\" \/>\n<meta property=\"og:url\" content=\"https:\/\/potenciaradiofonicadominicana.com\/portal\/en-san-juan-de-la-maguana-tambien-se-producira-tabaco\/\" \/>\n<meta property=\"og:site_name\" content=\"PotenciaRadiofonicaDominicana.com\" \/>\n<meta property=\"article:publisher\" content=\"https:\/\/web.facebook.com\/PotenciaRadiofonicaD\" \/>\n<meta property=\"article:published_time\" content=\"2022-02-04T13:55:39+00:00\" \/>\n<meta property=\"og:image\" content=\"https:\/\/potenciaradiofonicadominicana.com\/portal\/wp-content\/uploads\/2022\/02\/whatsapp-image-2022-02-02-at-72909-pm-ade05b07-focus-0-0-895-573.jpg\" \/>\n\t<meta property=\"og:image:width\" content=\"895\" \/>\n\t<meta property=\"og:image:height\" content=\"573\" \/>\n\t<meta property=\"og:image:type\" content=\"image\/jpeg\" \/>\n<meta name=\"author\" content=\"Potencia Radiof\u00f3nica Dominicana\" \/>\n<meta name=\"twitter:card\" content=\"summary_large_image\" \/>\n<meta name=\"twitter:label1\" content=\"Escrito por\" \/>\n\t<meta name=\"twitter:data1\" content=\"Potencia Radiof\u00f3nica Dominicana\" \/>\n\t<meta name=\"twitter:label2\" content=\"Tiempo de lectura\" \/>\n\t<meta name=\"twitter:data2\" content=\"1 minuto\" \/>\n<script type=\"application\/ld+json\" class=\"yoast-schema-graph\">{\"@context\":\"https:\/\/schema.org\",\"@graph\":[{\"@type\":\"Article\",\"@id\":\"https:\/\/potenciaradiofonicadominicana.com\/portal\/en-san-juan-de-la-maguana-tambien-se-producira-tabaco\/#article\",\"isPartOf\":{\"@id\":\"https:\/\/potenciaradiofonicadominicana.com\/portal\/en-san-juan-de-la-maguana-tambien-se-producira-tabaco\/\"},\"author\":{\"name\":\"Potencia Radiof\u00f3nica Dominicana\",\"@id\":\"https:\/\/potenciaradiofonicadominicana.com\/portal\/#\/schema\/person\/a5cf1fea13877803ee0573ac18b03490\"},\"headline\":\"En San Juan de la Maguana tambi\u00e9n se producir\u00e1 tabaco\",\"datePublished\":\"2022-02-04T13:55:39+00:00\",\"mainEntityOfPage\":{\"@id\":\"https:\/\/potenciaradiofonicadominicana.com\/portal\/en-san-juan-de-la-maguana-tambien-se-producira-tabaco\/\"},\"wordCount\":244,\"commentCount\":0,\"publisher\":{\"@id\":\"https:\/\/potenciaradiofonicadominicana.com\/portal\/#organization\"},\"image\":{\"@id\":\"https:\/\/potenciaradiofonicadominicana.com\/portal\/en-san-juan-de-la-maguana-tambien-se-producira-tabaco\/#primaryimage\"},\"thumbnailUrl\":\"https:\/\/potenciaradiofonicadominicana.com\/portal\/wp-content\/uploads\/2022\/02\/whatsapp-image-2022-02-02-at-72909-pm-ade05b07-focus-0-0-895-573.jpg\",\"articleSection\":[\"Econom\u00eda\"],\"inLanguage\":\"es\",\"potentialAction\":[{\"@type\":\"CommentAction\",\"name\":\"Comment\",\"target\":[\"https:\/\/potenciaradiofonicadominicana.com\/portal\/en-san-juan-de-la-maguana-tambien-se-producira-tabaco\/#respond\"]}]},{\"@type\":\"WebPage\",\"@id\":\"https:\/\/potenciaradiofonicadominicana.com\/portal\/en-san-juan-de-la-maguana-tambien-se-producira-tabaco\/\",\"url\":\"https:\/\/potenciaradiofonicadominicana.com\/portal\/en-san-juan-de-la-maguana-tambien-se-producira-tabaco\/\",\"name\":\"En San Juan de la Maguana tambi\u00e9n se producir\u00e1 tabaco - PotenciaRadiofonicaDominicana.com\",\"isPartOf\":{\"@id\":\"https:\/\/potenciaradiofonicadominicana.com\/portal\/#website\"},\"primaryImageOfPage\":{\"@id\":\"https:\/\/potenciaradiofonicadominicana.com\/portal\/en-san-juan-de-la-maguana-tambien-se-producira-tabaco\/#primaryimage\"},\"image\":{\"@id\":\"https:\/\/potenciaradiofonicadominicana.com\/portal\/en-san-juan-de-la-maguana-tambien-se-producira-tabaco\/#primaryimage\"},\"thumbnailUrl\":\"https:\/\/potenciaradiofonicadominicana.com\/portal\/wp-content\/uploads\/2022\/02\/whatsapp-image-2022-02-02-at-72909-pm-ade05b07-focus-0-0-895-573.jpg\",\"datePublished\":\"2022-02-04T13:55:39+00:00\",\"breadcrumb\":{\"@id\":\"https:\/\/potenciaradiofonicadominicana.com\/portal\/en-san-juan-de-la-maguana-tambien-se-producira-tabaco\/#breadcrumb\"},\"inLanguage\":\"es\",\"potentialAction\":[{\"@type\":\"ReadAction\",\"target\":[\"https:\/\/potenciaradiofonicadominicana.com\/portal\/en-san-juan-de-la-maguana-tambien-se-producira-tabaco\/\"]}]},{\"@type\":\"ImageObject\",\"inLanguage\":\"es\",\"@id\":\"https:\/\/potenciaradiofonicadominicana.com\/portal\/en-san-juan-de-la-maguana-tambien-se-producira-tabaco\/#primaryimage\",\"url\":\"https:\/\/potenciaradiofonicadominicana.com\/portal\/wp-content\/uploads\/2022\/02\/whatsapp-image-2022-02-02-at-72909-pm-ade05b07-focus-0-0-895-573.jpg\",\"contentUrl\":\"https:\/\/potenciaradiofonicadominicana.com\/portal\/wp-content\/uploads\/2022\/02\/whatsapp-image-2022-02-02-at-72909-pm-ade05b07-focus-0-0-895-573.jpg\",\"width\":895,\"height\":573},{\"@type\":\"BreadcrumbList\",\"@id\":\"https:\/\/potenciaradiofonicadominicana.com\/portal\/en-san-juan-de-la-maguana-tambien-se-producira-tabaco\/#breadcrumb\",\"itemListElement\":[{\"@type\":\"ListItem\",\"position\":1,\"name\":\"Portada\",\"item\":\"https:\/\/potenciaradiofonicadominicana.com\/portal\/\"},{\"@type\":\"ListItem\",\"position\":2,\"name\":\"En San Juan de la Maguana tambi\u00e9n se producir\u00e1 tabaco\"}]},{\"@type\":\"WebSite\",\"@id\":\"https:\/\/potenciaradiofonicadominicana.com\/portal\/#website\",\"url\":\"https:\/\/potenciaradiofonicadominicana.com\/portal\/\",\"name\":\"PotenciaRadiofonicaDominicana.com\",\"description\":\"Peri\u00f3dico Digital\",\"publisher\":{\"@id\":\"https:\/\/potenciaradiofonicadominicana.com\/portal\/#organization\"},\"potentialAction\":[{\"@type\":\"SearchAction\",\"target\":{\"@type\":\"EntryPoint\",\"urlTemplate\":\"https:\/\/potenciaradiofonicadominicana.com\/portal\/?s={search_term_string}\"},\"query-input\":{\"@type\":\"PropertyValueSpecification\",\"valueRequired\":true,\"valueName\":\"search_term_string\"}}],\"inLanguage\":\"es\"},{\"@type\":\"Organization\",\"@id\":\"https:\/\/potenciaradiofonicadominicana.com\/portal\/#organization\",\"name\":\"PotenciaRadiofonicaDominicana.com\",\"url\":\"https:\/\/potenciaradiofonicadominicana.com\/portal\/\",\"logo\":{\"@type\":\"ImageObject\",\"inLanguage\":\"es\",\"@id\":\"https:\/\/potenciaradiofonicadominicana.com\/portal\/#\/schema\/logo\/image\/\",\"url\":\"https:\/\/potenciaradiofonicadominicana.com\/portal\/wp-content\/uploads\/2022\/01\/descarga.png\",\"contentUrl\":\"https:\/\/potenciaradiofonicadominicana.com\/portal\/wp-content\/uploads\/2022\/01\/descarga.png\",\"width\":300,\"height\":100,\"caption\":\"PotenciaRadiofonicaDominicana.com\"},\"image\":{\"@id\":\"https:\/\/potenciaradiofonicadominicana.com\/portal\/#\/schema\/logo\/image\/\"},\"sameAs\":[\"https:\/\/web.facebook.com\/PotenciaRadiofonicaD\"]},{\"@type\":\"Person\",\"@id\":\"https:\/\/potenciaradiofonicadominicana.com\/portal\/#\/schema\/person\/a5cf1fea13877803ee0573ac18b03490\",\"name\":\"Potencia Radiof\u00f3nica Dominicana\",\"image\":{\"@type\":\"ImageObject\",\"inLanguage\":\"es\",\"@id\":\"https:\/\/potenciaradiofonicadominicana.com\/portal\/#\/schema\/person\/image\/\",\"url\":\"https:\/\/secure.gravatar.com\/avatar\/42a55ab9e8ccc656ba34cd791990602a?s=96&d=mm&r=g\",\"contentUrl\":\"https:\/\/secure.gravatar.com\/avatar\/42a55ab9e8ccc656ba34cd791990602a?s=96&d=mm&r=g\",\"caption\":\"Potencia Radiof\u00f3nica Dominicana\"},\"url\":\"https:\/\/potenciaradiofonicadominicana.com\/portal\/author\/johannyalmanzar\/\"}]}<\/script>\n<!-- \/ Yoast SEO plugin. -->","yoast_head_json":{"title":"En San Juan de la Maguana tambi\u00e9n se producir\u00e1 tabaco - PotenciaRadiofonicaDominicana.com","robots":{"index":"index","follow":"follow","max-snippet":"max-snippet:-1","max-image-preview":"max-image-preview:large","max-video-preview":"max-video-preview:-1"},"canonical":"https:\/\/potenciaradiofonicadominicana.com\/portal\/en-san-juan-de-la-maguana-tambien-se-producira-tabaco\/","og_locale":"es_ES","og_type":"article","og_title":"En San Juan de la Maguana tambi\u00e9n se producir\u00e1 tabaco - PotenciaRadiofonicaDominicana.com","og_description":"Como parte del plan de desarrollo agr\u00edcola y econ\u00f3mico dispuesto por el presidente\u00a0Luis Abinader\u00a0para\u00a0San Juan, el ministro de Agricultura,\u00a0Limber Cruz, ...","og_url":"https:\/\/potenciaradiofonicadominicana.com\/portal\/en-san-juan-de-la-maguana-tambien-se-producira-tabaco\/","og_site_name":"PotenciaRadiofonicaDominicana.com","article_publisher":"https:\/\/web.facebook.com\/PotenciaRadiofonicaD","article_published_time":"2022-02-04T13:55:39+00:00","og_image":[{"width":895,"height":573,"url":"https:\/\/potenciaradiofonicadominicana.com\/portal\/wp-content\/uploads\/2022\/02\/whatsapp-image-2022-02-02-at-72909-pm-ade05b07-focus-0-0-895-573.jpg","type":"image\/jpeg"}],"author":"Potencia Radiof\u00f3nica Dominicana","twitter_card":"summary_large_image","twitter_misc":{"Escrito por":"Potencia Radiof\u00f3nica Dominicana","Tiempo de lectura":"1 minuto"},"schema":{"@context":"https:\/\/schema.org","@graph":[{"@type":"Article","@id":"https:\/\/potenciaradiofonicadominicana.com\/portal\/en-san-juan-de-la-maguana-tambien-se-producira-tabaco\/#article","isPartOf":{"@id":"https:\/\/potenciaradiofonicadominicana.com\/portal\/en-san-juan-de-la-maguana-tambien-se-producira-tabaco\/"},"author":{"name":"Potencia Radiof\u00f3nica Dominicana","@id":"https:\/\/potenciaradiofonicadominicana.com\/portal\/#\/schema\/person\/a5cf1fea13877803ee0573ac18b03490"},"headline":"En San Juan de la Maguana tambi\u00e9n se producir\u00e1 tabaco","datePublished":"2022-02-04T13:55:39+00:00","mainEntityOfPage":{"@id":"https:\/\/potenciaradiofonicadominicana.com\/portal\/en-san-juan-de-la-maguana-tambien-se-producira-tabaco\/"},"wordCount":244,"commentCount":0,"publisher":{"@id":"https:\/\/potenciaradiofonicadominicana.com\/portal\/#organization"},"image":{"@id":"https:\/\/potenciaradiofonicadominicana.com\/portal\/en-san-juan-de-la-maguana-tambien-se-producira-tabaco\/#primaryimage"},"thumbnailUrl":"https:\/\/potenciaradiofonicadominicana.com\/portal\/wp-content\/uploads\/2022\/02\/whatsapp-image-2022-02-02-at-72909-pm-ade05b07-focus-0-0-895-573.jpg","articleSection":["Econom\u00eda"],"inLanguage":"es","potentialAction":[{"@type":"CommentAction","name":"Comment","target":["https:\/\/potenciaradiofonicadominicana.com\/portal\/en-san-juan-de-la-maguana-tambien-se-producira-tabaco\/#respond"]}]},{"@type":"WebPage","@id":"https:\/\/potenciaradiofonicadominicana.com\/portal\/en-san-juan-de-la-maguana-tambien-se-producira-tabaco\/","url":"https:\/\/potenciaradiofonicadominicana.com\/portal\/en-san-juan-de-la-maguana-tambien-se-producira-tabaco\/","name":"En San Juan de la Maguana tambi\u00e9n se producir\u00e1 tabaco - PotenciaRadiofonicaDominicana.com","isPartOf":{"@id":"https:\/\/potenciaradiofonicadominicana.com\/portal\/#website"},"primaryImageOfPage":{"@id":"https:\/\/potenciaradiofonicadominicana.com\/portal\/en-san-juan-de-la-maguana-tambien-se-producira-tabaco\/#primaryimage"},"image":{"@id":"https:\/\/potenciaradiofonicadominicana.com\/portal\/en-san-juan-de-la-maguana-tambien-se-producira-tabaco\/#primaryimage"},"thumbnailUrl":"https:\/\/potenciaradiofonicadominicana.com\/portal\/wp-content\/uploads\/2022\/02\/whatsapp-image-2022-02-02-at-72909-pm-ade05b07-focus-0-0-895-573.jpg","datePublished":"2022-02-04T13:55:39+00:00","breadcrumb":{"@id":"https:\/\/potenciaradiofonicadominicana.com\/portal\/en-san-juan-de-la-maguana-tambien-se-producira-tabaco\/#breadcrumb"},"inLanguage":"es","potentialAction":[{"@type":"ReadAction","target":["https:\/\/potenciaradiofonicadominicana.com\/portal\/en-san-juan-de-la-maguana-tambien-se-producira-tabaco\/"]}]},{"@type":"ImageObject","inLanguage":"es","@id":"https:\/\/potenciaradiofonicadominicana.com\/portal\/en-san-juan-de-la-maguana-tambien-se-producira-tabaco\/#primaryimage","url":"https:\/\/potenciaradiofonicadominicana.com\/portal\/wp-content\/uploads\/2022\/02\/whatsapp-image-2022-02-02-at-72909-pm-ade05b07-focus-0-0-895-573.jpg","contentUrl":"https:\/\/potenciaradiofonicadominicana.com\/portal\/wp-content\/uploads\/2022\/02\/whatsapp-image-2022-02-02-at-72909-pm-ade05b07-focus-0-0-895-573.jpg","width":895,"height":573},{"@type":"BreadcrumbList","@id":"https:\/\/potenciaradiofonicadominicana.com\/portal\/en-san-juan-de-la-maguana-tambien-se-producira-tabaco\/#breadcrumb","itemListElement":[{"@type":"ListItem","position":1,"name":"Portada","item":"https:\/\/potenciaradiofonicadominicana.com\/portal\/"},{"@type":"ListItem","position":2,"name":"En San Juan de la Maguana tambi\u00e9n se producir\u00e1 tabaco"}]},{"@type":"WebSite","@id":"https:\/\/potenciaradiofonicadominicana.com\/portal\/#website","url":"https:\/\/potenciaradiofonicadominicana.com\/portal\/","name":"PotenciaRadiofonicaDominicana.com","description":"Peri\u00f3dico Digital","publisher":{"@id":"https:\/\/potenciaradiofonicadominicana.com\/portal\/#organization"},"potentialAction":[{"@type":"SearchAction","target":{"@type":"EntryPoint","urlTemplate":"https:\/\/potenciaradiofonicadominicana.com\/portal\/?s={search_term_string}"},"query-input":{"@type":"PropertyValueSpecification","valueRequired":true,"valueName":"search_term_string"}}],"inLanguage":"es"},{"@type":"Organization","@id":"https:\/\/potenciaradiofonicadominicana.com\/portal\/#organization","name":"PotenciaRadiofonicaDominicana.com","url":"https:\/\/potenciaradiofonicadominicana.com\/portal\/","logo":{"@type":"ImageObject","inLanguage":"es","@id":"https:\/\/potenciaradiofonicadominicana.com\/portal\/#\/schema\/logo\/image\/","url":"https:\/\/potenciaradiofonicadominicana.com\/portal\/wp-content\/uploads\/2022\/01\/descarga.png","contentUrl":"https:\/\/potenciaradiofonicadominicana.com\/portal\/wp-content\/uploads\/2022\/01\/descarga.png","width":300,"height":100,"caption":"PotenciaRadiofonicaDominicana.com"},"image":{"@id":"https:\/\/potenciaradiofonicadominicana.com\/portal\/#\/schema\/logo\/image\/"},"sameAs":["https:\/\/web.facebook.com\/PotenciaRadiofonicaD"]},{"@type":"Person","@id":"https:\/\/potenciaradiofonicadominicana.com\/portal\/#\/schema\/person\/a5cf1fea13877803ee0573ac18b03490","name":"Potencia Radiof\u00f3nica Dominicana","image":{"@type":"ImageObject","inLanguage":"es","@id":"https:\/\/potenciaradiofonicadominicana.com\/portal\/#\/schema\/person\/image\/","url":"https:\/\/secure.gravatar.com\/avatar\/42a55ab9e8ccc656ba34cd791990602a?s=96&d=mm&r=g","contentUrl":"https:\/\/secure.gravatar.com\/avatar\/42a55ab9e8ccc656ba34cd791990602a?s=96&d=mm&r=g","caption":"Potencia Radiof\u00f3nica Dominicana"},"url":"https:\/\/potenciaradiofonicadominicana.com\/portal\/author\/johannyalmanzar\/"}]}},"_links":{"self":[{"href":"https:\/\/potenciaradiofonicadominicana.com\/portal\/wp-json\/wp\/v2\/posts\/115171","targetHints":{"allow":["GET"]}}],"collection":[{"href":"https:\/\/potenciaradiofonicadominicana.com\/portal\/wp-json\/wp\/v2\/posts"}],"about":[{"href":"https:\/\/potenciaradiofonicadominicana.com\/portal\/wp-json\/wp\/v2\/types\/post"}],"author":[{"embeddable":true,"href":"https:\/\/potenciaradiofonicadominicana.com\/portal\/wp-json\/wp\/v2\/users\/2"}],"replies":[{"embeddable":true,"href":"https:\/\/potenciaradiofonicadominicana.com\/portal\/wp-json\/wp\/v2\/comments?post=115171"}],"version-history":[{"count":1,"href":"https:\/\/potenciaradiofonicadominicana.com\/portal\/wp-json\/wp\/v2\/posts\/115171\/revisions"}],"predecessor-version":[{"id":115174,"href":"https:\/\/potenciaradiofonicadominicana.com\/portal\/wp-json\/wp\/v2\/posts\/115171\/revisions\/115174"}],"wp:featuredmedia":[{"embeddable":true,"href":"https:\/\/potenciaradiofonicadominicana.com\/portal\/wp-json\/wp\/v2\/media\/115172"}],"wp:attachment":[{"href":"https:\/\/potenciaradiofonicadominicana.com\/portal\/wp-json\/wp\/v2\/media?parent=115171"}],"wp:term":[{"taxonomy":"category","embeddable":true,"href":"https:\/\/potenciaradiofonicadominicana.com\/portal\/wp-json\/wp\/v2\/categories?post=115171"},{"taxonomy":"post_tag","embeddable":true,"href":"https:\/\/potenciaradiofonicadominicana.com\/portal\/wp-json\/wp\/v2\/tags?post=115171"}],"curies":[{"name":"wp","href":"https:\/\/api.w.org\/{rel}","templated":true}]}}