{"id":115166,"date":"2022-02-04T09:53:47","date_gmt":"2022-02-04T13:53:47","guid":{"rendered":"https:\/\/potenciaradiofonicadominicana.com\/portal\/?p=115166"},"modified":"2022-02-04T09:53:47","modified_gmt":"2022-02-04T13:53:47","slug":"a-partir-del-7-de-febrero-clientes-de-bancamerica-podran-validar-sus-productos-bancarios","status":"publish","type":"post","link":"https:\/\/potenciaradiofonicadominicana.com\/portal\/a-partir-del-7-de-febrero-clientes-de-bancamerica-podran-validar-sus-productos-bancarios\/","title":{"rendered":"A partir del 7 de febrero clientes de Bancam\u00e9rica podr\u00e1n validar sus productos bancarios"},"content":{"rendered":"<p><a href=\"https:\/\/potenciaradiofonicadominicana.com\/portal\/wp-content\/uploads\/2022\/02\/03022022-recorrido-por-la-cuidad-sobre-bancam\u00e8rica-01-e42d7f84-focus-0-0-895-573.jpg\"><img loading=\"lazy\" decoding=\"async\" class=\"alignnone size-full wp-image-115168\" src=\"https:\/\/potenciaradiofonicadominicana.com\/portal\/wp-content\/uploads\/2022\/02\/03022022-recorrido-por-la-cuidad-sobre-bancam\u00e8rica-01-e42d7f84-focus-0-0-895-573.jpg\" alt=\"\" width=\"895\" height=\"573\" srcset=\"https:\/\/potenciaradiofonicadominicana.com\/portal\/wp-content\/uploads\/2022\/02\/03022022-recorrido-por-la-cuidad-sobre-bancam\u00e8rica-01-e42d7f84-focus-0-0-895-573.jpg 895w, https:\/\/potenciaradiofonicadominicana.com\/portal\/wp-content\/uploads\/2022\/02\/03022022-recorrido-por-la-cuidad-sobre-bancam\u00e8rica-01-e42d7f84-focus-0-0-895-573-300x192.jpg 300w, https:\/\/potenciaradiofonicadominicana.com\/portal\/wp-content\/uploads\/2022\/02\/03022022-recorrido-por-la-cuidad-sobre-bancam\u00e8rica-01-e42d7f84-focus-0-0-895-573-768x492.jpg 768w\" sizes=\"auto, (max-width: 895px) 100vw, 895px\" \/><\/a><\/p>\n<p>La\u00a0Superintendencia de Bancos de la Rep\u00fablica Dominicana\u00a0(SIB) invita a las personas jur\u00eddicas y f\u00edsicas que sean acreedores del\u00a0Banco M\u00faltiple de Las Am\u00e9ricas\u00a0(Bancam\u00e9rica) a validar sus dep\u00f3sitos y otras acreencias a trav\u00e9s de la\u00a0p\u00e1gina web\u00a0de la Oficina de Servicios y protecci\u00f3n al Usuario (ProUsuario).<\/p>\n<p>El llamado es a partir del 7 de febrero de este a\u00f1o 2022, en horario de 9:00 a. m. a 4:00 p.m.<\/p>\n<p>A trav\u00e9s de un espacio pagado, la\u00a0SIB\u00a0exhorta a los deudores a mantenerse al d\u00eda con sus obligaciones y facilidades crediticias realizando sus pagos de forma presencial en las sucursales de la entidad bancaria.<\/p>\n<p>\u201cMe enter\u00e9 de la situaci\u00f3n del banco a trav\u00e9s de los avisos que se han publicado a trav\u00e9s de las redes sociales y vine para saber cu\u00e1l es la situaci\u00f3n, porque yo tengo un pr\u00e9stamo con ellos y no quiero que ma\u00f1ana yo vaya a salir con algo extra\u00f1o\u201d, expres\u00f3 a\u00a0<em>Diario Libre<\/em>, Carlos Rosario, cliente de\u00a0Bancam\u00e9rica.<\/p>\n<p>Pocas personas acudieron la ma\u00f1ana de este jueves a las sucursales ubicadas en Santo Domingo, en la Calle Francisco Prats Ram\u00edrez esquina Padre Emiliano, en el ensanche Evaristo Morales; Bella Vista Mall en la avenida Sarasota, y en Blue Mall, ubicado en la Avenida Winston Churchill esquina Gustavo Mej\u00eda Ricart.<\/p>\n<div class=\"mb-5 component cita\"><em>\u00abLo que me dicen es que a partir del d\u00eda siete ofrecer\u00e1n los servicios, pero que por ahora est\u00e1n suspendidos todos los servicios\u00bb<\/em><span class=\"author\">Carlos Rosario<\/span><span class=\"status\">Cliente de Bancam\u00e9rica<\/span><span class=\"cita-icon\">\u201c<\/span><\/div>\n<p>Otros\u00a0clientes\u00a0consultados confirmaron que se pueden realizar los pagos de pr\u00e9stamos o tarjetas de cr\u00e9ditos, pero no hacer uso de ellas. Adem\u00e1s, por ahora no pueden usar la banca en l\u00ednea.<\/p>\n<p>La informaci\u00f3n que les ofrecen a los\u00a0clientes\u00a0es que a partir del lunes 7 recibir\u00e1n los servicios bancarios.<\/p>\n<p>\u201cMi mayor inquietud es que me venga a cobrar mora por incumplimiento, que me digan que yo no he pagado ninguna de las cuotas y que se refleje el pr\u00e9stamo completo. El lunes yo vendr\u00eda para que me den el \u00faltimo balance\u201d, expres\u00f3 Rosario.<\/p>\n","protected":false},"excerpt":{"rendered":"<p>La\u00a0Superintendencia de Bancos de la Rep\u00fablica Dominicana\u00a0(SIB) invita a las personas jur\u00eddicas y f\u00edsicas que sean acreedores del\u00a0Banco M\u00faltiple de &#8230;<\/p>\n","protected":false},"author":2,"featured_media":115168,"comment_status":"open","ping_status":"open","sticky":false,"template":"","format":"standard","meta":{"footnotes":""},"categories":[26],"tags":[],"class_list":["post-115166","post","type-post","status-publish","format-standard","has-post-thumbnail","hentry","category-economia"],"yoast_head":"<!-- This site is optimized with the Yoast SEO plugin v24.8.1 - https:\/\/yoast.com\/wordpress\/plugins\/seo\/ -->\n<title>A partir del 7 de febrero clientes de Bancam\u00e9rica podr\u00e1n validar sus productos bancarios - PotenciaRadiofonicaDominicana.com<\/title>\n<meta name=\"robots\" content=\"index, follow, max-snippet:-1, max-image-preview:large, max-video-preview:-1\" \/>\n<link rel=\"canonical\" href=\"https:\/\/potenciaradiofonicadominicana.com\/portal\/a-partir-del-7-de-febrero-clientes-de-bancamerica-podran-validar-sus-productos-bancarios\/\" \/>\n<meta property=\"og:locale\" content=\"es_ES\" \/>\n<meta property=\"og:type\" content=\"article\" \/>\n<meta property=\"og:title\" content=\"A partir del 7 de febrero clientes de Bancam\u00e9rica podr\u00e1n validar sus productos bancarios - PotenciaRadiofonicaDominicana.com\" \/>\n<meta property=\"og:description\" content=\"La\u00a0Superintendencia de Bancos de la Rep\u00fablica Dominicana\u00a0(SIB) invita a las personas jur\u00eddicas y f\u00edsicas que sean acreedores del\u00a0Banco M\u00faltiple de ...\" \/>\n<meta property=\"og:url\" content=\"https:\/\/potenciaradiofonicadominicana.com\/portal\/a-partir-del-7-de-febrero-clientes-de-bancamerica-podran-validar-sus-productos-bancarios\/\" \/>\n<meta property=\"og:site_name\" content=\"PotenciaRadiofonicaDominicana.com\" \/>\n<meta property=\"article:publisher\" content=\"https:\/\/web.facebook.com\/PotenciaRadiofonicaD\" \/>\n<meta property=\"article:published_time\" content=\"2022-02-04T13:53:47+00:00\" \/>\n<meta property=\"og:image\" content=\"https:\/\/potenciaradiofonicadominicana.com\/portal\/wp-content\/uploads\/2022\/02\/03022022-recorrido-por-la-cuidad-sobre-bancam\u00e8rica-01-e42d7f84-focus-0-0-895-573.jpg\" \/>\n\t<meta property=\"og:image:width\" content=\"895\" \/>\n\t<meta property=\"og:image:height\" content=\"573\" \/>\n\t<meta property=\"og:image:type\" content=\"image\/jpeg\" \/>\n<meta name=\"author\" content=\"Potencia Radiof\u00f3nica Dominicana\" \/>\n<meta name=\"twitter:card\" content=\"summary_large_image\" \/>\n<meta name=\"twitter:label1\" content=\"Escrito por\" \/>\n\t<meta name=\"twitter:data1\" content=\"Potencia Radiof\u00f3nica Dominicana\" \/>\n\t<meta name=\"twitter:label2\" content=\"Tiempo de lectura\" \/>\n\t<meta name=\"twitter:data2\" content=\"2 minutos\" \/>\n<script type=\"application\/ld+json\" class=\"yoast-schema-graph\">{\"@context\":\"https:\/\/schema.org\",\"@graph\":[{\"@type\":\"Article\",\"@id\":\"https:\/\/potenciaradiofonicadominicana.com\/portal\/a-partir-del-7-de-febrero-clientes-de-bancamerica-podran-validar-sus-productos-bancarios\/#article\",\"isPartOf\":{\"@id\":\"https:\/\/potenciaradiofonicadominicana.com\/portal\/a-partir-del-7-de-febrero-clientes-de-bancamerica-podran-validar-sus-productos-bancarios\/\"},\"author\":{\"name\":\"Potencia Radiof\u00f3nica Dominicana\",\"@id\":\"https:\/\/potenciaradiofonicadominicana.com\/portal\/#\/schema\/person\/a5cf1fea13877803ee0573ac18b03490\"},\"headline\":\"A partir del 7 de febrero clientes de Bancam\u00e9rica podr\u00e1n validar sus productos bancarios\",\"datePublished\":\"2022-02-04T13:53:47+00:00\",\"mainEntityOfPage\":{\"@id\":\"https:\/\/potenciaradiofonicadominicana.com\/portal\/a-partir-del-7-de-febrero-clientes-de-bancamerica-podran-validar-sus-productos-bancarios\/\"},\"wordCount\":385,\"commentCount\":0,\"publisher\":{\"@id\":\"https:\/\/potenciaradiofonicadominicana.com\/portal\/#organization\"},\"image\":{\"@id\":\"https:\/\/potenciaradiofonicadominicana.com\/portal\/a-partir-del-7-de-febrero-clientes-de-bancamerica-podran-validar-sus-productos-bancarios\/#primaryimage\"},\"thumbnailUrl\":\"https:\/\/potenciaradiofonicadominicana.com\/portal\/wp-content\/uploads\/2022\/02\/03022022-recorrido-por-la-cuidad-sobre-bancam\u00e8rica-01-e42d7f84-focus-0-0-895-573.jpg\",\"articleSection\":[\"Econom\u00eda\"],\"inLanguage\":\"es\",\"potentialAction\":[{\"@type\":\"CommentAction\",\"name\":\"Comment\",\"target\":[\"https:\/\/potenciaradiofonicadominicana.com\/portal\/a-partir-del-7-de-febrero-clientes-de-bancamerica-podran-validar-sus-productos-bancarios\/#respond\"]}]},{\"@type\":\"WebPage\",\"@id\":\"https:\/\/potenciaradiofonicadominicana.com\/portal\/a-partir-del-7-de-febrero-clientes-de-bancamerica-podran-validar-sus-productos-bancarios\/\",\"url\":\"https:\/\/potenciaradiofonicadominicana.com\/portal\/a-partir-del-7-de-febrero-clientes-de-bancamerica-podran-validar-sus-productos-bancarios\/\",\"name\":\"A partir del 7 de febrero clientes de Bancam\u00e9rica podr\u00e1n validar sus productos bancarios - PotenciaRadiofonicaDominicana.com\",\"isPartOf\":{\"@id\":\"https:\/\/potenciaradiofonicadominicana.com\/portal\/#website\"},\"primaryImageOfPage\":{\"@id\":\"https:\/\/potenciaradiofonicadominicana.com\/portal\/a-partir-del-7-de-febrero-clientes-de-bancamerica-podran-validar-sus-productos-bancarios\/#primaryimage\"},\"image\":{\"@id\":\"https:\/\/potenciaradiofonicadominicana.com\/portal\/a-partir-del-7-de-febrero-clientes-de-bancamerica-podran-validar-sus-productos-bancarios\/#primaryimage\"},\"thumbnailUrl\":\"https:\/\/potenciaradiofonicadominicana.com\/portal\/wp-content\/uploads\/2022\/02\/03022022-recorrido-por-la-cuidad-sobre-bancam\u00e8rica-01-e42d7f84-focus-0-0-895-573.jpg\",\"datePublished\":\"2022-02-04T13:53:47+00:00\",\"breadcrumb\":{\"@id\":\"https:\/\/potenciaradiofonicadominicana.com\/portal\/a-partir-del-7-de-febrero-clientes-de-bancamerica-podran-validar-sus-productos-bancarios\/#breadcrumb\"},\"inLanguage\":\"es\",\"potentialAction\":[{\"@type\":\"ReadAction\",\"target\":[\"https:\/\/potenciaradiofonicadominicana.com\/portal\/a-partir-del-7-de-febrero-clientes-de-bancamerica-podran-validar-sus-productos-bancarios\/\"]}]},{\"@type\":\"ImageObject\",\"inLanguage\":\"es\",\"@id\":\"https:\/\/potenciaradiofonicadominicana.com\/portal\/a-partir-del-7-de-febrero-clientes-de-bancamerica-podran-validar-sus-productos-bancarios\/#primaryimage\",\"url\":\"https:\/\/potenciaradiofonicadominicana.com\/portal\/wp-content\/uploads\/2022\/02\/03022022-recorrido-por-la-cuidad-sobre-bancam\u00e8rica-01-e42d7f84-focus-0-0-895-573.jpg\",\"contentUrl\":\"https:\/\/potenciaradiofonicadominicana.com\/portal\/wp-content\/uploads\/2022\/02\/03022022-recorrido-por-la-cuidad-sobre-bancam\u00e8rica-01-e42d7f84-focus-0-0-895-573.jpg\",\"width\":895,\"height\":573},{\"@type\":\"BreadcrumbList\",\"@id\":\"https:\/\/potenciaradiofonicadominicana.com\/portal\/a-partir-del-7-de-febrero-clientes-de-bancamerica-podran-validar-sus-productos-bancarios\/#breadcrumb\",\"itemListElement\":[{\"@type\":\"ListItem\",\"position\":1,\"name\":\"Portada\",\"item\":\"https:\/\/potenciaradiofonicadominicana.com\/portal\/\"},{\"@type\":\"ListItem\",\"position\":2,\"name\":\"A partir del 7 de febrero clientes de Bancam\u00e9rica podr\u00e1n validar sus productos bancarios\"}]},{\"@type\":\"WebSite\",\"@id\":\"https:\/\/potenciaradiofonicadominicana.com\/portal\/#website\",\"url\":\"https:\/\/potenciaradiofonicadominicana.com\/portal\/\",\"name\":\"PotenciaRadiofonicaDominicana.com\",\"description\":\"Peri\u00f3dico Digital\",\"publisher\":{\"@id\":\"https:\/\/potenciaradiofonicadominicana.com\/portal\/#organization\"},\"potentialAction\":[{\"@type\":\"SearchAction\",\"target\":{\"@type\":\"EntryPoint\",\"urlTemplate\":\"https:\/\/potenciaradiofonicadominicana.com\/portal\/?s={search_term_string}\"},\"query-input\":{\"@type\":\"PropertyValueSpecification\",\"valueRequired\":true,\"valueName\":\"search_term_string\"}}],\"inLanguage\":\"es\"},{\"@type\":\"Organization\",\"@id\":\"https:\/\/potenciaradiofonicadominicana.com\/portal\/#organization\",\"name\":\"PotenciaRadiofonicaDominicana.com\",\"url\":\"https:\/\/potenciaradiofonicadominicana.com\/portal\/\",\"logo\":{\"@type\":\"ImageObject\",\"inLanguage\":\"es\",\"@id\":\"https:\/\/potenciaradiofonicadominicana.com\/portal\/#\/schema\/logo\/image\/\",\"url\":\"https:\/\/potenciaradiofonicadominicana.com\/portal\/wp-content\/uploads\/2022\/01\/descarga.png\",\"contentUrl\":\"https:\/\/potenciaradiofonicadominicana.com\/portal\/wp-content\/uploads\/2022\/01\/descarga.png\",\"width\":300,\"height\":100,\"caption\":\"PotenciaRadiofonicaDominicana.com\"},\"image\":{\"@id\":\"https:\/\/potenciaradiofonicadominicana.com\/portal\/#\/schema\/logo\/image\/\"},\"sameAs\":[\"https:\/\/web.facebook.com\/PotenciaRadiofonicaD\"]},{\"@type\":\"Person\",\"@id\":\"https:\/\/potenciaradiofonicadominicana.com\/portal\/#\/schema\/person\/a5cf1fea13877803ee0573ac18b03490\",\"name\":\"Potencia Radiof\u00f3nica Dominicana\",\"image\":{\"@type\":\"ImageObject\",\"inLanguage\":\"es\",\"@id\":\"https:\/\/potenciaradiofonicadominicana.com\/portal\/#\/schema\/person\/image\/\",\"url\":\"https:\/\/secure.gravatar.com\/avatar\/42a55ab9e8ccc656ba34cd791990602a?s=96&d=mm&r=g\",\"contentUrl\":\"https:\/\/secure.gravatar.com\/avatar\/42a55ab9e8ccc656ba34cd791990602a?s=96&d=mm&r=g\",\"caption\":\"Potencia Radiof\u00f3nica Dominicana\"},\"url\":\"https:\/\/potenciaradiofonicadominicana.com\/portal\/author\/johannyalmanzar\/\"}]}<\/script>\n<!-- \/ Yoast SEO plugin. -->","yoast_head_json":{"title":"A partir del 7 de febrero clientes de Bancam\u00e9rica podr\u00e1n validar sus productos bancarios - PotenciaRadiofonicaDominicana.com","robots":{"index":"index","follow":"follow","max-snippet":"max-snippet:-1","max-image-preview":"max-image-preview:large","max-video-preview":"max-video-preview:-1"},"canonical":"https:\/\/potenciaradiofonicadominicana.com\/portal\/a-partir-del-7-de-febrero-clientes-de-bancamerica-podran-validar-sus-productos-bancarios\/","og_locale":"es_ES","og_type":"article","og_title":"A partir del 7 de febrero clientes de Bancam\u00e9rica podr\u00e1n validar sus productos bancarios - PotenciaRadiofonicaDominicana.com","og_description":"La\u00a0Superintendencia de Bancos de la Rep\u00fablica Dominicana\u00a0(SIB) invita a las personas jur\u00eddicas y f\u00edsicas que sean acreedores del\u00a0Banco M\u00faltiple de ...","og_url":"https:\/\/potenciaradiofonicadominicana.com\/portal\/a-partir-del-7-de-febrero-clientes-de-bancamerica-podran-validar-sus-productos-bancarios\/","og_site_name":"PotenciaRadiofonicaDominicana.com","article_publisher":"https:\/\/web.facebook.com\/PotenciaRadiofonicaD","article_published_time":"2022-02-04T13:53:47+00:00","og_image":[{"width":895,"height":573,"url":"https:\/\/potenciaradiofonicadominicana.com\/portal\/wp-content\/uploads\/2022\/02\/03022022-recorrido-por-la-cuidad-sobre-bancam\u00e8rica-01-e42d7f84-focus-0-0-895-573.jpg","type":"image\/jpeg"}],"author":"Potencia Radiof\u00f3nica Dominicana","twitter_card":"summary_large_image","twitter_misc":{"Escrito por":"Potencia Radiof\u00f3nica Dominicana","Tiempo de lectura":"2 minutos"},"schema":{"@context":"https:\/\/schema.org","@graph":[{"@type":"Article","@id":"https:\/\/potenciaradiofonicadominicana.com\/portal\/a-partir-del-7-de-febrero-clientes-de-bancamerica-podran-validar-sus-productos-bancarios\/#article","isPartOf":{"@id":"https:\/\/potenciaradiofonicadominicana.com\/portal\/a-partir-del-7-de-febrero-clientes-de-bancamerica-podran-validar-sus-productos-bancarios\/"},"author":{"name":"Potencia Radiof\u00f3nica Dominicana","@id":"https:\/\/potenciaradiofonicadominicana.com\/portal\/#\/schema\/person\/a5cf1fea13877803ee0573ac18b03490"},"headline":"A partir del 7 de febrero clientes de Bancam\u00e9rica podr\u00e1n validar sus productos bancarios","datePublished":"2022-02-04T13:53:47+00:00","mainEntityOfPage":{"@id":"https:\/\/potenciaradiofonicadominicana.com\/portal\/a-partir-del-7-de-febrero-clientes-de-bancamerica-podran-validar-sus-productos-bancarios\/"},"wordCount":385,"commentCount":0,"publisher":{"@id":"https:\/\/potenciaradiofonicadominicana.com\/portal\/#organization"},"image":{"@id":"https:\/\/potenciaradiofonicadominicana.com\/portal\/a-partir-del-7-de-febrero-clientes-de-bancamerica-podran-validar-sus-productos-bancarios\/#primaryimage"},"thumbnailUrl":"https:\/\/potenciaradiofonicadominicana.com\/portal\/wp-content\/uploads\/2022\/02\/03022022-recorrido-por-la-cuidad-sobre-bancam\u00e8rica-01-e42d7f84-focus-0-0-895-573.jpg","articleSection":["Econom\u00eda"],"inLanguage":"es","potentialAction":[{"@type":"CommentAction","name":"Comment","target":["https:\/\/potenciaradiofonicadominicana.com\/portal\/a-partir-del-7-de-febrero-clientes-de-bancamerica-podran-validar-sus-productos-bancarios\/#respond"]}]},{"@type":"WebPage","@id":"https:\/\/potenciaradiofonicadominicana.com\/portal\/a-partir-del-7-de-febrero-clientes-de-bancamerica-podran-validar-sus-productos-bancarios\/","url":"https:\/\/potenciaradiofonicadominicana.com\/portal\/a-partir-del-7-de-febrero-clientes-de-bancamerica-podran-validar-sus-productos-bancarios\/","name":"A partir del 7 de febrero clientes de Bancam\u00e9rica podr\u00e1n validar sus productos bancarios - PotenciaRadiofonicaDominicana.com","isPartOf":{"@id":"https:\/\/potenciaradiofonicadominicana.com\/portal\/#website"},"primaryImageOfPage":{"@id":"https:\/\/potenciaradiofonicadominicana.com\/portal\/a-partir-del-7-de-febrero-clientes-de-bancamerica-podran-validar-sus-productos-bancarios\/#primaryimage"},"image":{"@id":"https:\/\/potenciaradiofonicadominicana.com\/portal\/a-partir-del-7-de-febrero-clientes-de-bancamerica-podran-validar-sus-productos-bancarios\/#primaryimage"},"thumbnailUrl":"https:\/\/potenciaradiofonicadominicana.com\/portal\/wp-content\/uploads\/2022\/02\/03022022-recorrido-por-la-cuidad-sobre-bancam\u00e8rica-01-e42d7f84-focus-0-0-895-573.jpg","datePublished":"2022-02-04T13:53:47+00:00","breadcrumb":{"@id":"https:\/\/potenciaradiofonicadominicana.com\/portal\/a-partir-del-7-de-febrero-clientes-de-bancamerica-podran-validar-sus-productos-bancarios\/#breadcrumb"},"inLanguage":"es","potentialAction":[{"@type":"ReadAction","target":["https:\/\/potenciaradiofonicadominicana.com\/portal\/a-partir-del-7-de-febrero-clientes-de-bancamerica-podran-validar-sus-productos-bancarios\/"]}]},{"@type":"ImageObject","inLanguage":"es","@id":"https:\/\/potenciaradiofonicadominicana.com\/portal\/a-partir-del-7-de-febrero-clientes-de-bancamerica-podran-validar-sus-productos-bancarios\/#primaryimage","url":"https:\/\/potenciaradiofonicadominicana.com\/portal\/wp-content\/uploads\/2022\/02\/03022022-recorrido-por-la-cuidad-sobre-bancam\u00e8rica-01-e42d7f84-focus-0-0-895-573.jpg","contentUrl":"https:\/\/potenciaradiofonicadominicana.com\/portal\/wp-content\/uploads\/2022\/02\/03022022-recorrido-por-la-cuidad-sobre-bancam\u00e8rica-01-e42d7f84-focus-0-0-895-573.jpg","width":895,"height":573},{"@type":"BreadcrumbList","@id":"https:\/\/potenciaradiofonicadominicana.com\/portal\/a-partir-del-7-de-febrero-clientes-de-bancamerica-podran-validar-sus-productos-bancarios\/#breadcrumb","itemListElement":[{"@type":"ListItem","position":1,"name":"Portada","item":"https:\/\/potenciaradiofonicadominicana.com\/portal\/"},{"@type":"ListItem","position":2,"name":"A partir del 7 de febrero clientes de Bancam\u00e9rica podr\u00e1n validar sus productos bancarios"}]},{"@type":"WebSite","@id":"https:\/\/potenciaradiofonicadominicana.com\/portal\/#website","url":"https:\/\/potenciaradiofonicadominicana.com\/portal\/","name":"PotenciaRadiofonicaDominicana.com","description":"Peri\u00f3dico Digital","publisher":{"@id":"https:\/\/potenciaradiofonicadominicana.com\/portal\/#organization"},"potentialAction":[{"@type":"SearchAction","target":{"@type":"EntryPoint","urlTemplate":"https:\/\/potenciaradiofonicadominicana.com\/portal\/?s={search_term_string}"},"query-input":{"@type":"PropertyValueSpecification","valueRequired":true,"valueName":"search_term_string"}}],"inLanguage":"es"},{"@type":"Organization","@id":"https:\/\/potenciaradiofonicadominicana.com\/portal\/#organization","name":"PotenciaRadiofonicaDominicana.com","url":"https:\/\/potenciaradiofonicadominicana.com\/portal\/","logo":{"@type":"ImageObject","inLanguage":"es","@id":"https:\/\/potenciaradiofonicadominicana.com\/portal\/#\/schema\/logo\/image\/","url":"https:\/\/potenciaradiofonicadominicana.com\/portal\/wp-content\/uploads\/2022\/01\/descarga.png","contentUrl":"https:\/\/potenciaradiofonicadominicana.com\/portal\/wp-content\/uploads\/2022\/01\/descarga.png","width":300,"height":100,"caption":"PotenciaRadiofonicaDominicana.com"},"image":{"@id":"https:\/\/potenciaradiofonicadominicana.com\/portal\/#\/schema\/logo\/image\/"},"sameAs":["https:\/\/web.facebook.com\/PotenciaRadiofonicaD"]},{"@type":"Person","@id":"https:\/\/potenciaradiofonicadominicana.com\/portal\/#\/schema\/person\/a5cf1fea13877803ee0573ac18b03490","name":"Potencia Radiof\u00f3nica Dominicana","image":{"@type":"ImageObject","inLanguage":"es","@id":"https:\/\/potenciaradiofonicadominicana.com\/portal\/#\/schema\/person\/image\/","url":"https:\/\/secure.gravatar.com\/avatar\/42a55ab9e8ccc656ba34cd791990602a?s=96&d=mm&r=g","contentUrl":"https:\/\/secure.gravatar.com\/avatar\/42a55ab9e8ccc656ba34cd791990602a?s=96&d=mm&r=g","caption":"Potencia Radiof\u00f3nica Dominicana"},"url":"https:\/\/potenciaradiofonicadominicana.com\/portal\/author\/johannyalmanzar\/"}]}},"_links":{"self":[{"href":"https:\/\/potenciaradiofonicadominicana.com\/portal\/wp-json\/wp\/v2\/posts\/115166","targetHints":{"allow":["GET"]}}],"collection":[{"href":"https:\/\/potenciaradiofonicadominicana.com\/portal\/wp-json\/wp\/v2\/posts"}],"about":[{"href":"https:\/\/potenciaradiofonicadominicana.com\/portal\/wp-json\/wp\/v2\/types\/post"}],"author":[{"embeddable":true,"href":"https:\/\/potenciaradiofonicadominicana.com\/portal\/wp-json\/wp\/v2\/users\/2"}],"replies":[{"embeddable":true,"href":"https:\/\/potenciaradiofonicadominicana.com\/portal\/wp-json\/wp\/v2\/comments?post=115166"}],"version-history":[{"count":1,"href":"https:\/\/potenciaradiofonicadominicana.com\/portal\/wp-json\/wp\/v2\/posts\/115166\/revisions"}],"predecessor-version":[{"id":115169,"href":"https:\/\/potenciaradiofonicadominicana.com\/portal\/wp-json\/wp\/v2\/posts\/115166\/revisions\/115169"}],"wp:featuredmedia":[{"embeddable":true,"href":"https:\/\/potenciaradiofonicadominicana.com\/portal\/wp-json\/wp\/v2\/media\/115168"}],"wp:attachment":[{"href":"https:\/\/potenciaradiofonicadominicana.com\/portal\/wp-json\/wp\/v2\/media?parent=115166"}],"wp:term":[{"taxonomy":"category","embeddable":true,"href":"https:\/\/potenciaradiofonicadominicana.com\/portal\/wp-json\/wp\/v2\/categories?post=115166"},{"taxonomy":"post_tag","embeddable":true,"href":"https:\/\/potenciaradiofonicadominicana.com\/portal\/wp-json\/wp\/v2\/tags?post=115166"}],"curies":[{"name":"wp","href":"https:\/\/api.w.org\/{rel}","templated":true}]}}