{"id":115159,"date":"2022-02-04T09:50:54","date_gmt":"2022-02-04T13:50:54","guid":{"rendered":"https:\/\/potenciaradiofonicadominicana.com\/portal\/?p=115159"},"modified":"2022-02-04T09:50:54","modified_gmt":"2022-02-04T13:50:54","slug":"totalenergies-y-marti-anuncian-alianza-estrategica-para-apoyar-al-pais-en-la-transicion-energetica","status":"publish","type":"post","link":"https:\/\/potenciaradiofonicadominicana.com\/portal\/totalenergies-y-marti-anuncian-alianza-estrategica-para-apoyar-al-pais-en-la-transicion-energetica\/","title":{"rendered":"TotalEnergies y MART\u00cd anuncian alianza estrat\u00e9gica para apoyar al pa\u00eds en la transici\u00f3n energ\u00e9tica"},"content":{"rendered":"<p><a href=\"https:\/\/potenciaradiofonicadominicana.com\/portal\/wp-content\/uploads\/2022\/02\/firmantes-alianza-21b4dee9-focus-0-0-895-573.jpg\"><img loading=\"lazy\" decoding=\"async\" class=\"alignnone size-full wp-image-115161\" src=\"https:\/\/potenciaradiofonicadominicana.com\/portal\/wp-content\/uploads\/2022\/02\/firmantes-alianza-21b4dee9-focus-0-0-895-573.jpg\" alt=\"\" width=\"895\" height=\"504\" srcset=\"https:\/\/potenciaradiofonicadominicana.com\/portal\/wp-content\/uploads\/2022\/02\/firmantes-alianza-21b4dee9-focus-0-0-895-573.jpg 895w, https:\/\/potenciaradiofonicadominicana.com\/portal\/wp-content\/uploads\/2022\/02\/firmantes-alianza-21b4dee9-focus-0-0-895-573-300x169.jpg 300w, https:\/\/potenciaradiofonicadominicana.com\/portal\/wp-content\/uploads\/2022\/02\/firmantes-alianza-21b4dee9-focus-0-0-895-573-768x432.jpg 768w\" sizes=\"auto, (max-width: 895px) 100vw, 895px\" \/><\/a><\/p>\n<p>TotalEnergies, compa\u00f1\u00eda multi-energ\u00e9tica a nivel mundial y con presencia local desde el 2010, y MART\u00cd, grupo empresarial con m\u00e1s de 60 a\u00f1os de servicio en la Rep\u00fablica Dominicana y presencia en Centroam\u00e9rica y el Caribe, anuncian una\u00a0alianza estrat\u00e9gica\u00a0con el prop\u00f3sito de acompa\u00f1ar al pa\u00eds en la transici\u00f3n energ\u00e9tica.<\/p>\n<p>Esta alianza resultar\u00e1 en un conjunto econ\u00f3mico de participaci\u00f3n 50\/50, uniendo las marcas TotalEnergies; Sunix y Tropigas Natural, que pertenecen a MART\u00cd, en una red de m\u00e1s de 190 estaciones de servicio, que ser\u00e1n operadas bajo la marca TotalEnergies.\u00a0 Asimismo, se expandir\u00e1n las actividades comerciales de ambas empresas en la distribuci\u00f3n de\u00a0gas natural,\u00a0combustibles, lubricantes, solar y otras energ\u00edas renovables, reforzando su posici\u00f3n de liderazgo en este mercado.<\/p>\n<p>\u201cEsta uni\u00f3n ha sido posible gracias a una visi\u00f3n compartida en temas de seguridad, servicio al cliente, el desarrollo sostenible, la innovaci\u00f3n, cumplimiento y la ambici\u00f3n de ser actores principales en la transici\u00f3n energ\u00e9tica\u00bb, manifest\u00f3 Jorge Galiber, CEO de V Energy S.A. y Country Chair de TotalEnergies en Rep\u00fablica Dominicana.<\/p>\n<p>\u201cPara MART\u00cd, el trabajo, la perseverancia y la integridad son los pilares que gu\u00edan nuestra trayectoria. Con esta\u00a0alianza estrat\u00e9gica, juntos reafirmamos nuestra posici\u00f3n en el mercado. Un paso firme hacia el desarrollo, innovaci\u00f3n y energ\u00edas sostenibles en la Rep\u00fablica Dominicana\u201d, afirm\u00f3 Carlos Jos\u00e9 Mart\u00ed, CEO de MART\u00cd.<\/p>\n<p>Se espera que el cierre de este convenio ocurra en el tercer trimestre del a\u00f1o, sujeto a las aprobaciones correspondientes.<\/p>\n","protected":false},"excerpt":{"rendered":"<p>TotalEnergies, compa\u00f1\u00eda multi-energ\u00e9tica a nivel mundial y con presencia local desde el 2010, y MART\u00cd, grupo empresarial con m\u00e1s de &#8230;<\/p>\n","protected":false},"author":2,"featured_media":115161,"comment_status":"open","ping_status":"open","sticky":false,"template":"","format":"standard","meta":{"footnotes":""},"categories":[26],"tags":[],"class_list":["post-115159","post","type-post","status-publish","format-standard","has-post-thumbnail","hentry","category-economia"],"yoast_head":"<!-- This site is optimized with the Yoast SEO plugin v24.8.1 - https:\/\/yoast.com\/wordpress\/plugins\/seo\/ -->\n<title>TotalEnergies y MART\u00cd anuncian alianza estrat\u00e9gica para apoyar al pa\u00eds en la transici\u00f3n energ\u00e9tica - PotenciaRadiofonicaDominicana.com<\/title>\n<meta name=\"robots\" content=\"index, follow, max-snippet:-1, max-image-preview:large, max-video-preview:-1\" \/>\n<link rel=\"canonical\" href=\"https:\/\/potenciaradiofonicadominicana.com\/portal\/totalenergies-y-marti-anuncian-alianza-estrategica-para-apoyar-al-pais-en-la-transicion-energetica\/\" \/>\n<meta property=\"og:locale\" content=\"es_ES\" \/>\n<meta property=\"og:type\" content=\"article\" \/>\n<meta property=\"og:title\" content=\"TotalEnergies y MART\u00cd anuncian alianza estrat\u00e9gica para apoyar al pa\u00eds en la transici\u00f3n energ\u00e9tica - PotenciaRadiofonicaDominicana.com\" \/>\n<meta property=\"og:description\" content=\"TotalEnergies, compa\u00f1\u00eda multi-energ\u00e9tica a nivel mundial y con presencia local desde el 2010, y MART\u00cd, grupo empresarial con m\u00e1s de ...\" \/>\n<meta property=\"og:url\" content=\"https:\/\/potenciaradiofonicadominicana.com\/portal\/totalenergies-y-marti-anuncian-alianza-estrategica-para-apoyar-al-pais-en-la-transicion-energetica\/\" \/>\n<meta property=\"og:site_name\" content=\"PotenciaRadiofonicaDominicana.com\" \/>\n<meta property=\"article:publisher\" content=\"https:\/\/web.facebook.com\/PotenciaRadiofonicaD\" \/>\n<meta property=\"article:published_time\" content=\"2022-02-04T13:50:54+00:00\" \/>\n<meta property=\"og:image\" content=\"https:\/\/potenciaradiofonicadominicana.com\/portal\/wp-content\/uploads\/2022\/02\/firmantes-alianza-21b4dee9-focus-0-0-895-573.jpg\" \/>\n\t<meta property=\"og:image:width\" content=\"895\" \/>\n\t<meta property=\"og:image:height\" content=\"504\" \/>\n\t<meta property=\"og:image:type\" content=\"image\/jpeg\" \/>\n<meta name=\"author\" content=\"Potencia Radiof\u00f3nica Dominicana\" \/>\n<meta name=\"twitter:card\" content=\"summary_large_image\" \/>\n<meta name=\"twitter:label1\" content=\"Escrito por\" \/>\n\t<meta name=\"twitter:data1\" content=\"Potencia Radiof\u00f3nica Dominicana\" \/>\n\t<meta name=\"twitter:label2\" content=\"Tiempo de lectura\" \/>\n\t<meta name=\"twitter:data2\" content=\"1 minuto\" \/>\n<script type=\"application\/ld+json\" class=\"yoast-schema-graph\">{\"@context\":\"https:\/\/schema.org\",\"@graph\":[{\"@type\":\"Article\",\"@id\":\"https:\/\/potenciaradiofonicadominicana.com\/portal\/totalenergies-y-marti-anuncian-alianza-estrategica-para-apoyar-al-pais-en-la-transicion-energetica\/#article\",\"isPartOf\":{\"@id\":\"https:\/\/potenciaradiofonicadominicana.com\/portal\/totalenergies-y-marti-anuncian-alianza-estrategica-para-apoyar-al-pais-en-la-transicion-energetica\/\"},\"author\":{\"name\":\"Potencia Radiof\u00f3nica Dominicana\",\"@id\":\"https:\/\/potenciaradiofonicadominicana.com\/portal\/#\/schema\/person\/a5cf1fea13877803ee0573ac18b03490\"},\"headline\":\"TotalEnergies y MART\u00cd anuncian alianza estrat\u00e9gica para apoyar al pa\u00eds en la transici\u00f3n energ\u00e9tica\",\"datePublished\":\"2022-02-04T13:50:54+00:00\",\"mainEntityOfPage\":{\"@id\":\"https:\/\/potenciaradiofonicadominicana.com\/portal\/totalenergies-y-marti-anuncian-alianza-estrategica-para-apoyar-al-pais-en-la-transicion-energetica\/\"},\"wordCount\":286,\"commentCount\":0,\"publisher\":{\"@id\":\"https:\/\/potenciaradiofonicadominicana.com\/portal\/#organization\"},\"image\":{\"@id\":\"https:\/\/potenciaradiofonicadominicana.com\/portal\/totalenergies-y-marti-anuncian-alianza-estrategica-para-apoyar-al-pais-en-la-transicion-energetica\/#primaryimage\"},\"thumbnailUrl\":\"https:\/\/potenciaradiofonicadominicana.com\/portal\/wp-content\/uploads\/2022\/02\/firmantes-alianza-21b4dee9-focus-0-0-895-573.jpg\",\"articleSection\":[\"Econom\u00eda\"],\"inLanguage\":\"es\",\"potentialAction\":[{\"@type\":\"CommentAction\",\"name\":\"Comment\",\"target\":[\"https:\/\/potenciaradiofonicadominicana.com\/portal\/totalenergies-y-marti-anuncian-alianza-estrategica-para-apoyar-al-pais-en-la-transicion-energetica\/#respond\"]}]},{\"@type\":\"WebPage\",\"@id\":\"https:\/\/potenciaradiofonicadominicana.com\/portal\/totalenergies-y-marti-anuncian-alianza-estrategica-para-apoyar-al-pais-en-la-transicion-energetica\/\",\"url\":\"https:\/\/potenciaradiofonicadominicana.com\/portal\/totalenergies-y-marti-anuncian-alianza-estrategica-para-apoyar-al-pais-en-la-transicion-energetica\/\",\"name\":\"TotalEnergies y MART\u00cd anuncian alianza estrat\u00e9gica para apoyar al pa\u00eds en la transici\u00f3n energ\u00e9tica - PotenciaRadiofonicaDominicana.com\",\"isPartOf\":{\"@id\":\"https:\/\/potenciaradiofonicadominicana.com\/portal\/#website\"},\"primaryImageOfPage\":{\"@id\":\"https:\/\/potenciaradiofonicadominicana.com\/portal\/totalenergies-y-marti-anuncian-alianza-estrategica-para-apoyar-al-pais-en-la-transicion-energetica\/#primaryimage\"},\"image\":{\"@id\":\"https:\/\/potenciaradiofonicadominicana.com\/portal\/totalenergies-y-marti-anuncian-alianza-estrategica-para-apoyar-al-pais-en-la-transicion-energetica\/#primaryimage\"},\"thumbnailUrl\":\"https:\/\/potenciaradiofonicadominicana.com\/portal\/wp-content\/uploads\/2022\/02\/firmantes-alianza-21b4dee9-focus-0-0-895-573.jpg\",\"datePublished\":\"2022-02-04T13:50:54+00:00\",\"breadcrumb\":{\"@id\":\"https:\/\/potenciaradiofonicadominicana.com\/portal\/totalenergies-y-marti-anuncian-alianza-estrategica-para-apoyar-al-pais-en-la-transicion-energetica\/#breadcrumb\"},\"inLanguage\":\"es\",\"potentialAction\":[{\"@type\":\"ReadAction\",\"target\":[\"https:\/\/potenciaradiofonicadominicana.com\/portal\/totalenergies-y-marti-anuncian-alianza-estrategica-para-apoyar-al-pais-en-la-transicion-energetica\/\"]}]},{\"@type\":\"ImageObject\",\"inLanguage\":\"es\",\"@id\":\"https:\/\/potenciaradiofonicadominicana.com\/portal\/totalenergies-y-marti-anuncian-alianza-estrategica-para-apoyar-al-pais-en-la-transicion-energetica\/#primaryimage\",\"url\":\"https:\/\/potenciaradiofonicadominicana.com\/portal\/wp-content\/uploads\/2022\/02\/firmantes-alianza-21b4dee9-focus-0-0-895-573.jpg\",\"contentUrl\":\"https:\/\/potenciaradiofonicadominicana.com\/portal\/wp-content\/uploads\/2022\/02\/firmantes-alianza-21b4dee9-focus-0-0-895-573.jpg\",\"width\":895,\"height\":504},{\"@type\":\"BreadcrumbList\",\"@id\":\"https:\/\/potenciaradiofonicadominicana.com\/portal\/totalenergies-y-marti-anuncian-alianza-estrategica-para-apoyar-al-pais-en-la-transicion-energetica\/#breadcrumb\",\"itemListElement\":[{\"@type\":\"ListItem\",\"position\":1,\"name\":\"Portada\",\"item\":\"https:\/\/potenciaradiofonicadominicana.com\/portal\/\"},{\"@type\":\"ListItem\",\"position\":2,\"name\":\"TotalEnergies y MART\u00cd anuncian alianza estrat\u00e9gica para apoyar al pa\u00eds en la transici\u00f3n energ\u00e9tica\"}]},{\"@type\":\"WebSite\",\"@id\":\"https:\/\/potenciaradiofonicadominicana.com\/portal\/#website\",\"url\":\"https:\/\/potenciaradiofonicadominicana.com\/portal\/\",\"name\":\"PotenciaRadiofonicaDominicana.com\",\"description\":\"Peri\u00f3dico Digital\",\"publisher\":{\"@id\":\"https:\/\/potenciaradiofonicadominicana.com\/portal\/#organization\"},\"potentialAction\":[{\"@type\":\"SearchAction\",\"target\":{\"@type\":\"EntryPoint\",\"urlTemplate\":\"https:\/\/potenciaradiofonicadominicana.com\/portal\/?s={search_term_string}\"},\"query-input\":{\"@type\":\"PropertyValueSpecification\",\"valueRequired\":true,\"valueName\":\"search_term_string\"}}],\"inLanguage\":\"es\"},{\"@type\":\"Organization\",\"@id\":\"https:\/\/potenciaradiofonicadominicana.com\/portal\/#organization\",\"name\":\"PotenciaRadiofonicaDominicana.com\",\"url\":\"https:\/\/potenciaradiofonicadominicana.com\/portal\/\",\"logo\":{\"@type\":\"ImageObject\",\"inLanguage\":\"es\",\"@id\":\"https:\/\/potenciaradiofonicadominicana.com\/portal\/#\/schema\/logo\/image\/\",\"url\":\"https:\/\/potenciaradiofonicadominicana.com\/portal\/wp-content\/uploads\/2022\/01\/descarga.png\",\"contentUrl\":\"https:\/\/potenciaradiofonicadominicana.com\/portal\/wp-content\/uploads\/2022\/01\/descarga.png\",\"width\":300,\"height\":100,\"caption\":\"PotenciaRadiofonicaDominicana.com\"},\"image\":{\"@id\":\"https:\/\/potenciaradiofonicadominicana.com\/portal\/#\/schema\/logo\/image\/\"},\"sameAs\":[\"https:\/\/web.facebook.com\/PotenciaRadiofonicaD\"]},{\"@type\":\"Person\",\"@id\":\"https:\/\/potenciaradiofonicadominicana.com\/portal\/#\/schema\/person\/a5cf1fea13877803ee0573ac18b03490\",\"name\":\"Potencia Radiof\u00f3nica Dominicana\",\"image\":{\"@type\":\"ImageObject\",\"inLanguage\":\"es\",\"@id\":\"https:\/\/potenciaradiofonicadominicana.com\/portal\/#\/schema\/person\/image\/\",\"url\":\"https:\/\/secure.gravatar.com\/avatar\/42a55ab9e8ccc656ba34cd791990602a?s=96&d=mm&r=g\",\"contentUrl\":\"https:\/\/secure.gravatar.com\/avatar\/42a55ab9e8ccc656ba34cd791990602a?s=96&d=mm&r=g\",\"caption\":\"Potencia Radiof\u00f3nica Dominicana\"},\"url\":\"https:\/\/potenciaradiofonicadominicana.com\/portal\/author\/johannyalmanzar\/\"}]}<\/script>\n<!-- \/ Yoast SEO plugin. -->","yoast_head_json":{"title":"TotalEnergies y MART\u00cd anuncian alianza estrat\u00e9gica para apoyar al pa\u00eds en la transici\u00f3n energ\u00e9tica - PotenciaRadiofonicaDominicana.com","robots":{"index":"index","follow":"follow","max-snippet":"max-snippet:-1","max-image-preview":"max-image-preview:large","max-video-preview":"max-video-preview:-1"},"canonical":"https:\/\/potenciaradiofonicadominicana.com\/portal\/totalenergies-y-marti-anuncian-alianza-estrategica-para-apoyar-al-pais-en-la-transicion-energetica\/","og_locale":"es_ES","og_type":"article","og_title":"TotalEnergies y MART\u00cd anuncian alianza estrat\u00e9gica para apoyar al pa\u00eds en la transici\u00f3n energ\u00e9tica - PotenciaRadiofonicaDominicana.com","og_description":"TotalEnergies, compa\u00f1\u00eda multi-energ\u00e9tica a nivel mundial y con presencia local desde el 2010, y MART\u00cd, grupo empresarial con m\u00e1s de ...","og_url":"https:\/\/potenciaradiofonicadominicana.com\/portal\/totalenergies-y-marti-anuncian-alianza-estrategica-para-apoyar-al-pais-en-la-transicion-energetica\/","og_site_name":"PotenciaRadiofonicaDominicana.com","article_publisher":"https:\/\/web.facebook.com\/PotenciaRadiofonicaD","article_published_time":"2022-02-04T13:50:54+00:00","og_image":[{"width":895,"height":504,"url":"https:\/\/potenciaradiofonicadominicana.com\/portal\/wp-content\/uploads\/2022\/02\/firmantes-alianza-21b4dee9-focus-0-0-895-573.jpg","type":"image\/jpeg"}],"author":"Potencia Radiof\u00f3nica Dominicana","twitter_card":"summary_large_image","twitter_misc":{"Escrito por":"Potencia Radiof\u00f3nica Dominicana","Tiempo de lectura":"1 minuto"},"schema":{"@context":"https:\/\/schema.org","@graph":[{"@type":"Article","@id":"https:\/\/potenciaradiofonicadominicana.com\/portal\/totalenergies-y-marti-anuncian-alianza-estrategica-para-apoyar-al-pais-en-la-transicion-energetica\/#article","isPartOf":{"@id":"https:\/\/potenciaradiofonicadominicana.com\/portal\/totalenergies-y-marti-anuncian-alianza-estrategica-para-apoyar-al-pais-en-la-transicion-energetica\/"},"author":{"name":"Potencia Radiof\u00f3nica Dominicana","@id":"https:\/\/potenciaradiofonicadominicana.com\/portal\/#\/schema\/person\/a5cf1fea13877803ee0573ac18b03490"},"headline":"TotalEnergies y MART\u00cd anuncian alianza estrat\u00e9gica para apoyar al pa\u00eds en la transici\u00f3n energ\u00e9tica","datePublished":"2022-02-04T13:50:54+00:00","mainEntityOfPage":{"@id":"https:\/\/potenciaradiofonicadominicana.com\/portal\/totalenergies-y-marti-anuncian-alianza-estrategica-para-apoyar-al-pais-en-la-transicion-energetica\/"},"wordCount":286,"commentCount":0,"publisher":{"@id":"https:\/\/potenciaradiofonicadominicana.com\/portal\/#organization"},"image":{"@id":"https:\/\/potenciaradiofonicadominicana.com\/portal\/totalenergies-y-marti-anuncian-alianza-estrategica-para-apoyar-al-pais-en-la-transicion-energetica\/#primaryimage"},"thumbnailUrl":"https:\/\/potenciaradiofonicadominicana.com\/portal\/wp-content\/uploads\/2022\/02\/firmantes-alianza-21b4dee9-focus-0-0-895-573.jpg","articleSection":["Econom\u00eda"],"inLanguage":"es","potentialAction":[{"@type":"CommentAction","name":"Comment","target":["https:\/\/potenciaradiofonicadominicana.com\/portal\/totalenergies-y-marti-anuncian-alianza-estrategica-para-apoyar-al-pais-en-la-transicion-energetica\/#respond"]}]},{"@type":"WebPage","@id":"https:\/\/potenciaradiofonicadominicana.com\/portal\/totalenergies-y-marti-anuncian-alianza-estrategica-para-apoyar-al-pais-en-la-transicion-energetica\/","url":"https:\/\/potenciaradiofonicadominicana.com\/portal\/totalenergies-y-marti-anuncian-alianza-estrategica-para-apoyar-al-pais-en-la-transicion-energetica\/","name":"TotalEnergies y MART\u00cd anuncian alianza estrat\u00e9gica para apoyar al pa\u00eds en la transici\u00f3n energ\u00e9tica - PotenciaRadiofonicaDominicana.com","isPartOf":{"@id":"https:\/\/potenciaradiofonicadominicana.com\/portal\/#website"},"primaryImageOfPage":{"@id":"https:\/\/potenciaradiofonicadominicana.com\/portal\/totalenergies-y-marti-anuncian-alianza-estrategica-para-apoyar-al-pais-en-la-transicion-energetica\/#primaryimage"},"image":{"@id":"https:\/\/potenciaradiofonicadominicana.com\/portal\/totalenergies-y-marti-anuncian-alianza-estrategica-para-apoyar-al-pais-en-la-transicion-energetica\/#primaryimage"},"thumbnailUrl":"https:\/\/potenciaradiofonicadominicana.com\/portal\/wp-content\/uploads\/2022\/02\/firmantes-alianza-21b4dee9-focus-0-0-895-573.jpg","datePublished":"2022-02-04T13:50:54+00:00","breadcrumb":{"@id":"https:\/\/potenciaradiofonicadominicana.com\/portal\/totalenergies-y-marti-anuncian-alianza-estrategica-para-apoyar-al-pais-en-la-transicion-energetica\/#breadcrumb"},"inLanguage":"es","potentialAction":[{"@type":"ReadAction","target":["https:\/\/potenciaradiofonicadominicana.com\/portal\/totalenergies-y-marti-anuncian-alianza-estrategica-para-apoyar-al-pais-en-la-transicion-energetica\/"]}]},{"@type":"ImageObject","inLanguage":"es","@id":"https:\/\/potenciaradiofonicadominicana.com\/portal\/totalenergies-y-marti-anuncian-alianza-estrategica-para-apoyar-al-pais-en-la-transicion-energetica\/#primaryimage","url":"https:\/\/potenciaradiofonicadominicana.com\/portal\/wp-content\/uploads\/2022\/02\/firmantes-alianza-21b4dee9-focus-0-0-895-573.jpg","contentUrl":"https:\/\/potenciaradiofonicadominicana.com\/portal\/wp-content\/uploads\/2022\/02\/firmantes-alianza-21b4dee9-focus-0-0-895-573.jpg","width":895,"height":504},{"@type":"BreadcrumbList","@id":"https:\/\/potenciaradiofonicadominicana.com\/portal\/totalenergies-y-marti-anuncian-alianza-estrategica-para-apoyar-al-pais-en-la-transicion-energetica\/#breadcrumb","itemListElement":[{"@type":"ListItem","position":1,"name":"Portada","item":"https:\/\/potenciaradiofonicadominicana.com\/portal\/"},{"@type":"ListItem","position":2,"name":"TotalEnergies y MART\u00cd anuncian alianza estrat\u00e9gica para apoyar al pa\u00eds en la transici\u00f3n energ\u00e9tica"}]},{"@type":"WebSite","@id":"https:\/\/potenciaradiofonicadominicana.com\/portal\/#website","url":"https:\/\/potenciaradiofonicadominicana.com\/portal\/","name":"PotenciaRadiofonicaDominicana.com","description":"Peri\u00f3dico Digital","publisher":{"@id":"https:\/\/potenciaradiofonicadominicana.com\/portal\/#organization"},"potentialAction":[{"@type":"SearchAction","target":{"@type":"EntryPoint","urlTemplate":"https:\/\/potenciaradiofonicadominicana.com\/portal\/?s={search_term_string}"},"query-input":{"@type":"PropertyValueSpecification","valueRequired":true,"valueName":"search_term_string"}}],"inLanguage":"es"},{"@type":"Organization","@id":"https:\/\/potenciaradiofonicadominicana.com\/portal\/#organization","name":"PotenciaRadiofonicaDominicana.com","url":"https:\/\/potenciaradiofonicadominicana.com\/portal\/","logo":{"@type":"ImageObject","inLanguage":"es","@id":"https:\/\/potenciaradiofonicadominicana.com\/portal\/#\/schema\/logo\/image\/","url":"https:\/\/potenciaradiofonicadominicana.com\/portal\/wp-content\/uploads\/2022\/01\/descarga.png","contentUrl":"https:\/\/potenciaradiofonicadominicana.com\/portal\/wp-content\/uploads\/2022\/01\/descarga.png","width":300,"height":100,"caption":"PotenciaRadiofonicaDominicana.com"},"image":{"@id":"https:\/\/potenciaradiofonicadominicana.com\/portal\/#\/schema\/logo\/image\/"},"sameAs":["https:\/\/web.facebook.com\/PotenciaRadiofonicaD"]},{"@type":"Person","@id":"https:\/\/potenciaradiofonicadominicana.com\/portal\/#\/schema\/person\/a5cf1fea13877803ee0573ac18b03490","name":"Potencia Radiof\u00f3nica Dominicana","image":{"@type":"ImageObject","inLanguage":"es","@id":"https:\/\/potenciaradiofonicadominicana.com\/portal\/#\/schema\/person\/image\/","url":"https:\/\/secure.gravatar.com\/avatar\/42a55ab9e8ccc656ba34cd791990602a?s=96&d=mm&r=g","contentUrl":"https:\/\/secure.gravatar.com\/avatar\/42a55ab9e8ccc656ba34cd791990602a?s=96&d=mm&r=g","caption":"Potencia Radiof\u00f3nica Dominicana"},"url":"https:\/\/potenciaradiofonicadominicana.com\/portal\/author\/johannyalmanzar\/"}]}},"_links":{"self":[{"href":"https:\/\/potenciaradiofonicadominicana.com\/portal\/wp-json\/wp\/v2\/posts\/115159","targetHints":{"allow":["GET"]}}],"collection":[{"href":"https:\/\/potenciaradiofonicadominicana.com\/portal\/wp-json\/wp\/v2\/posts"}],"about":[{"href":"https:\/\/potenciaradiofonicadominicana.com\/portal\/wp-json\/wp\/v2\/types\/post"}],"author":[{"embeddable":true,"href":"https:\/\/potenciaradiofonicadominicana.com\/portal\/wp-json\/wp\/v2\/users\/2"}],"replies":[{"embeddable":true,"href":"https:\/\/potenciaradiofonicadominicana.com\/portal\/wp-json\/wp\/v2\/comments?post=115159"}],"version-history":[{"count":1,"href":"https:\/\/potenciaradiofonicadominicana.com\/portal\/wp-json\/wp\/v2\/posts\/115159\/revisions"}],"predecessor-version":[{"id":115164,"href":"https:\/\/potenciaradiofonicadominicana.com\/portal\/wp-json\/wp\/v2\/posts\/115159\/revisions\/115164"}],"wp:featuredmedia":[{"embeddable":true,"href":"https:\/\/potenciaradiofonicadominicana.com\/portal\/wp-json\/wp\/v2\/media\/115161"}],"wp:attachment":[{"href":"https:\/\/potenciaradiofonicadominicana.com\/portal\/wp-json\/wp\/v2\/media?parent=115159"}],"wp:term":[{"taxonomy":"category","embeddable":true,"href":"https:\/\/potenciaradiofonicadominicana.com\/portal\/wp-json\/wp\/v2\/categories?post=115159"},{"taxonomy":"post_tag","embeddable":true,"href":"https:\/\/potenciaradiofonicadominicana.com\/portal\/wp-json\/wp\/v2\/tags?post=115159"}],"curies":[{"name":"wp","href":"https:\/\/api.w.org\/{rel}","templated":true}]}}