{"id":115152,"date":"2022-02-04T09:48:53","date_gmt":"2022-02-04T13:48:53","guid":{"rendered":"https:\/\/potenciaradiofonicadominicana.com\/portal\/?p=115152"},"modified":"2022-02-04T09:48:53","modified_gmt":"2022-02-04T13:48:53","slug":"asociacion-de-bancos-reafirma-compromiso-con-el-cumplimiento-del-marco-regulatorio","status":"publish","type":"post","link":"https:\/\/potenciaradiofonicadominicana.com\/portal\/asociacion-de-bancos-reafirma-compromiso-con-el-cumplimiento-del-marco-regulatorio\/","title":{"rendered":"Asociaci\u00f3n de Bancos reafirma compromiso con el cumplimiento del marco regulatorio"},"content":{"rendered":"<p><a href=\"https:\/\/potenciaradiofonicadominicana.com\/portal\/wp-content\/uploads\/2022\/02\/texto-whatsapp-image-2022-02-02-at-102158-am-8a212be0-focus-0-0-895-573.jpg\"><img loading=\"lazy\" decoding=\"async\" class=\"alignnone size-full wp-image-115154\" src=\"https:\/\/potenciaradiofonicadominicana.com\/portal\/wp-content\/uploads\/2022\/02\/texto-whatsapp-image-2022-02-02-at-102158-am-8a212be0-focus-0-0-895-573.jpg\" alt=\"\" width=\"895\" height=\"573\" srcset=\"https:\/\/potenciaradiofonicadominicana.com\/portal\/wp-content\/uploads\/2022\/02\/texto-whatsapp-image-2022-02-02-at-102158-am-8a212be0-focus-0-0-895-573.jpg 895w, https:\/\/potenciaradiofonicadominicana.com\/portal\/wp-content\/uploads\/2022\/02\/texto-whatsapp-image-2022-02-02-at-102158-am-8a212be0-focus-0-0-895-573-300x192.jpg 300w, https:\/\/potenciaradiofonicadominicana.com\/portal\/wp-content\/uploads\/2022\/02\/texto-whatsapp-image-2022-02-02-at-102158-am-8a212be0-focus-0-0-895-573-768x492.jpg 768w\" sizes=\"auto, (max-width: 895px) 100vw, 895px\" \/><\/a><\/p>\n<p>Ante la intervenci\u00f3n de la\u00a0Superintendencia de Bancos\u00a0de\u00a0Bancam\u00e9rica\u00a0para su disoluci\u00f3n, la Asociaci\u00f3n de\u00a0Bancos\u00a0de la Rep\u00fablica Dominicana (ABA) comunic\u00f3 hoy que el pa\u00eds \u00abcuenta con una banca m\u00faltiple solvente, patrimonialmente fortalecida y que ocupa posiciones de liderazgo a nivel regional en t\u00e9rminos de liquidez, rentabilidad y baja morosidad, evidenciado en sus indicadores de desempe\u00f1o\u00bb.<\/p>\n<p>La entidad\u00a0reafirm\u00f3 el compromiso del sector con la transparencia, las mejores pr\u00e1cticas prudenciales y bancarias, as\u00ed como el cumplimiento del marco regulatorio vigente.<\/p>\n<p>Ayer, la\u00a0Superintendencia de Bancos\u00a0inform\u00f3 su intervenci\u00f3n a\u00a0Bancam\u00e9rica\u00a0para iniciar su disoluci\u00f3n, conforme a lo dispuesto por la Junta Monetaria en su Segunda Resoluci\u00f3n del 28 de enero de 2022.<\/p>\n<p>\u201cLa medida se debi\u00f3 a que el banco incumpli\u00f3 con disposiciones legales y normativas en el marco de un plan de regularizaci\u00f3n\u201d, explic\u00f3 la Superintendencia.<\/p>\n<p>Con el plan las autoridades procuraban que la entidad repatriara dep\u00f3sitos mantenidos en entidades vinculadas en el exterior, aumentara el capital y fortaleciera sus m\u00e9todos de cobranza y controles internos.<\/p>\n<p>\u201cSe obtuvo la repatriaci\u00f3n parcial del capital requerido, pero sin subsanar las causales del plan\u201d, dijo el ente rector.<\/p>\n<p><strong>Bancam\u00e9rica<\/strong>\u00a0es un peque\u00f1o banco con apenas el 0.13 % de los activos del sistema financiero nacional. La Superintendecia report\u00f3 que tiene 28,485 depositantes, que representan 0.34 % del sistema. Solo 15,260 registran balance en sus cuentas o instrumentos de ahorro.<\/p>\n<p>La\u00a0<strong>Superintendencia de Bancos<\/strong>\u00a0adem\u00e1s inform\u00f3 que\u00a0<strong>Bancam\u00e9rica<\/strong>\u00a0presenta p\u00e9rdidas acumuladas de ejercicios anteriores a 2021 de RD$851 millones y p\u00e9rdidas por RD$147 millones durante el \u00faltimo ejercicio (a noviembre).<\/p>\n<p>En adici\u00f3n, \u201cla entidad tom\u00f3 decisiones de negocio que afectaron sus indicadores prudenciales, espec\u00edficamente su solvencia\u201d, agreg\u00f3.<\/p>\n<p>El ente regulador precis\u00f3 que la situaci\u00f3n de Bancamerica no crea alg\u00fan nivel de contagio en el resto de las instituciones financieras. Observ\u00f3 que se trata de un banco cuyos activos representan apenas el 0.13 % del sistema bancario, con m\u00ednima interconexi\u00f3n, \u00abpor lo que no se prev\u00e9 riesgo de contagio motivado por su salida\u00bb.<\/p>\n<p>En su comunicado, la\u00a0ABA\u00a0indica que, \u00abseg\u00fan destaca el Informe de Estabilidad Financiera 2020, publicado por el Banco Central el pasado a\u00f1o, los\u00a0bancos\u00a0en su conjunto tienen suficiente fortaleza para superar cualquier escenario adverso que pueda generarse en el corto y mediano plazo\u00bb.<\/p>\n<p>Inform\u00f3 que, al cierre del 2021, el patrimonio neto de la banca m\u00faltiple que opera en el pa\u00eds cerr\u00f3 con un valor de RD$236,140 millones, para una variaci\u00f3n anual de 17.9 %, lo que en t\u00e9rminos absolutos equivale a un aumento de RD$35,804 millones con respecto a 2020.<\/p>\n<p>Expuso el gremio que \u00abesto reafirma el esfuerzo de los\u00a0bancos\u00a0en aumentar su patrimonio a trav\u00e9s de reservas o capitalizaci\u00f3n de beneficios generados, fortaleciendo su nivel de solvencia, que actualmente se sit\u00faa muy por encima de lo requerido por la Ley Monetaria y Financiera 183-02\u00bb.<\/p>\n","protected":false},"excerpt":{"rendered":"<p>Ante la intervenci\u00f3n de la\u00a0Superintendencia de Bancos\u00a0de\u00a0Bancam\u00e9rica\u00a0para su disoluci\u00f3n, la Asociaci\u00f3n de\u00a0Bancos\u00a0de la Rep\u00fablica Dominicana (ABA) comunic\u00f3 hoy que el &#8230;<\/p>\n","protected":false},"author":2,"featured_media":115154,"comment_status":"open","ping_status":"open","sticky":false,"template":"","format":"standard","meta":{"footnotes":""},"categories":[26],"tags":[],"class_list":["post-115152","post","type-post","status-publish","format-standard","has-post-thumbnail","hentry","category-economia"],"yoast_head":"<!-- This site is optimized with the Yoast SEO plugin v24.8.1 - https:\/\/yoast.com\/wordpress\/plugins\/seo\/ -->\n<title>Asociaci\u00f3n de Bancos reafirma compromiso con el cumplimiento del marco regulatorio - PotenciaRadiofonicaDominicana.com<\/title>\n<meta name=\"robots\" content=\"index, follow, max-snippet:-1, max-image-preview:large, max-video-preview:-1\" \/>\n<link rel=\"canonical\" href=\"https:\/\/potenciaradiofonicadominicana.com\/portal\/asociacion-de-bancos-reafirma-compromiso-con-el-cumplimiento-del-marco-regulatorio\/\" \/>\n<meta property=\"og:locale\" content=\"es_ES\" \/>\n<meta property=\"og:type\" content=\"article\" \/>\n<meta property=\"og:title\" content=\"Asociaci\u00f3n de Bancos reafirma compromiso con el cumplimiento del marco regulatorio - PotenciaRadiofonicaDominicana.com\" \/>\n<meta property=\"og:description\" content=\"Ante la intervenci\u00f3n de la\u00a0Superintendencia de Bancos\u00a0de\u00a0Bancam\u00e9rica\u00a0para su disoluci\u00f3n, la Asociaci\u00f3n de\u00a0Bancos\u00a0de la Rep\u00fablica Dominicana (ABA) comunic\u00f3 hoy que el ...\" \/>\n<meta property=\"og:url\" content=\"https:\/\/potenciaradiofonicadominicana.com\/portal\/asociacion-de-bancos-reafirma-compromiso-con-el-cumplimiento-del-marco-regulatorio\/\" \/>\n<meta property=\"og:site_name\" content=\"PotenciaRadiofonicaDominicana.com\" \/>\n<meta property=\"article:publisher\" content=\"https:\/\/web.facebook.com\/PotenciaRadiofonicaD\" \/>\n<meta property=\"article:published_time\" content=\"2022-02-04T13:48:53+00:00\" \/>\n<meta property=\"og:image\" content=\"https:\/\/potenciaradiofonicadominicana.com\/portal\/wp-content\/uploads\/2022\/02\/texto-whatsapp-image-2022-02-02-at-102158-am-8a212be0-focus-0-0-895-573.jpg\" \/>\n\t<meta property=\"og:image:width\" content=\"895\" \/>\n\t<meta property=\"og:image:height\" content=\"573\" \/>\n\t<meta property=\"og:image:type\" content=\"image\/jpeg\" \/>\n<meta name=\"author\" content=\"Potencia Radiof\u00f3nica Dominicana\" \/>\n<meta name=\"twitter:card\" content=\"summary_large_image\" \/>\n<meta name=\"twitter:label1\" content=\"Escrito por\" \/>\n\t<meta name=\"twitter:data1\" content=\"Potencia Radiof\u00f3nica Dominicana\" \/>\n\t<meta name=\"twitter:label2\" content=\"Tiempo de lectura\" \/>\n\t<meta name=\"twitter:data2\" content=\"2 minutos\" \/>\n<script type=\"application\/ld+json\" class=\"yoast-schema-graph\">{\"@context\":\"https:\/\/schema.org\",\"@graph\":[{\"@type\":\"Article\",\"@id\":\"https:\/\/potenciaradiofonicadominicana.com\/portal\/asociacion-de-bancos-reafirma-compromiso-con-el-cumplimiento-del-marco-regulatorio\/#article\",\"isPartOf\":{\"@id\":\"https:\/\/potenciaradiofonicadominicana.com\/portal\/asociacion-de-bancos-reafirma-compromiso-con-el-cumplimiento-del-marco-regulatorio\/\"},\"author\":{\"name\":\"Potencia Radiof\u00f3nica Dominicana\",\"@id\":\"https:\/\/potenciaradiofonicadominicana.com\/portal\/#\/schema\/person\/a5cf1fea13877803ee0573ac18b03490\"},\"headline\":\"Asociaci\u00f3n de Bancos reafirma compromiso con el cumplimiento del marco regulatorio\",\"datePublished\":\"2022-02-04T13:48:53+00:00\",\"mainEntityOfPage\":{\"@id\":\"https:\/\/potenciaradiofonicadominicana.com\/portal\/asociacion-de-bancos-reafirma-compromiso-con-el-cumplimiento-del-marco-regulatorio\/\"},\"wordCount\":505,\"commentCount\":0,\"publisher\":{\"@id\":\"https:\/\/potenciaradiofonicadominicana.com\/portal\/#organization\"},\"image\":{\"@id\":\"https:\/\/potenciaradiofonicadominicana.com\/portal\/asociacion-de-bancos-reafirma-compromiso-con-el-cumplimiento-del-marco-regulatorio\/#primaryimage\"},\"thumbnailUrl\":\"https:\/\/potenciaradiofonicadominicana.com\/portal\/wp-content\/uploads\/2022\/02\/texto-whatsapp-image-2022-02-02-at-102158-am-8a212be0-focus-0-0-895-573.jpg\",\"articleSection\":[\"Econom\u00eda\"],\"inLanguage\":\"es\",\"potentialAction\":[{\"@type\":\"CommentAction\",\"name\":\"Comment\",\"target\":[\"https:\/\/potenciaradiofonicadominicana.com\/portal\/asociacion-de-bancos-reafirma-compromiso-con-el-cumplimiento-del-marco-regulatorio\/#respond\"]}]},{\"@type\":\"WebPage\",\"@id\":\"https:\/\/potenciaradiofonicadominicana.com\/portal\/asociacion-de-bancos-reafirma-compromiso-con-el-cumplimiento-del-marco-regulatorio\/\",\"url\":\"https:\/\/potenciaradiofonicadominicana.com\/portal\/asociacion-de-bancos-reafirma-compromiso-con-el-cumplimiento-del-marco-regulatorio\/\",\"name\":\"Asociaci\u00f3n de Bancos reafirma compromiso con el cumplimiento del marco regulatorio - PotenciaRadiofonicaDominicana.com\",\"isPartOf\":{\"@id\":\"https:\/\/potenciaradiofonicadominicana.com\/portal\/#website\"},\"primaryImageOfPage\":{\"@id\":\"https:\/\/potenciaradiofonicadominicana.com\/portal\/asociacion-de-bancos-reafirma-compromiso-con-el-cumplimiento-del-marco-regulatorio\/#primaryimage\"},\"image\":{\"@id\":\"https:\/\/potenciaradiofonicadominicana.com\/portal\/asociacion-de-bancos-reafirma-compromiso-con-el-cumplimiento-del-marco-regulatorio\/#primaryimage\"},\"thumbnailUrl\":\"https:\/\/potenciaradiofonicadominicana.com\/portal\/wp-content\/uploads\/2022\/02\/texto-whatsapp-image-2022-02-02-at-102158-am-8a212be0-focus-0-0-895-573.jpg\",\"datePublished\":\"2022-02-04T13:48:53+00:00\",\"breadcrumb\":{\"@id\":\"https:\/\/potenciaradiofonicadominicana.com\/portal\/asociacion-de-bancos-reafirma-compromiso-con-el-cumplimiento-del-marco-regulatorio\/#breadcrumb\"},\"inLanguage\":\"es\",\"potentialAction\":[{\"@type\":\"ReadAction\",\"target\":[\"https:\/\/potenciaradiofonicadominicana.com\/portal\/asociacion-de-bancos-reafirma-compromiso-con-el-cumplimiento-del-marco-regulatorio\/\"]}]},{\"@type\":\"ImageObject\",\"inLanguage\":\"es\",\"@id\":\"https:\/\/potenciaradiofonicadominicana.com\/portal\/asociacion-de-bancos-reafirma-compromiso-con-el-cumplimiento-del-marco-regulatorio\/#primaryimage\",\"url\":\"https:\/\/potenciaradiofonicadominicana.com\/portal\/wp-content\/uploads\/2022\/02\/texto-whatsapp-image-2022-02-02-at-102158-am-8a212be0-focus-0-0-895-573.jpg\",\"contentUrl\":\"https:\/\/potenciaradiofonicadominicana.com\/portal\/wp-content\/uploads\/2022\/02\/texto-whatsapp-image-2022-02-02-at-102158-am-8a212be0-focus-0-0-895-573.jpg\",\"width\":895,\"height\":573},{\"@type\":\"BreadcrumbList\",\"@id\":\"https:\/\/potenciaradiofonicadominicana.com\/portal\/asociacion-de-bancos-reafirma-compromiso-con-el-cumplimiento-del-marco-regulatorio\/#breadcrumb\",\"itemListElement\":[{\"@type\":\"ListItem\",\"position\":1,\"name\":\"Portada\",\"item\":\"https:\/\/potenciaradiofonicadominicana.com\/portal\/\"},{\"@type\":\"ListItem\",\"position\":2,\"name\":\"Asociaci\u00f3n de Bancos reafirma compromiso con el cumplimiento del marco regulatorio\"}]},{\"@type\":\"WebSite\",\"@id\":\"https:\/\/potenciaradiofonicadominicana.com\/portal\/#website\",\"url\":\"https:\/\/potenciaradiofonicadominicana.com\/portal\/\",\"name\":\"PotenciaRadiofonicaDominicana.com\",\"description\":\"Peri\u00f3dico Digital\",\"publisher\":{\"@id\":\"https:\/\/potenciaradiofonicadominicana.com\/portal\/#organization\"},\"potentialAction\":[{\"@type\":\"SearchAction\",\"target\":{\"@type\":\"EntryPoint\",\"urlTemplate\":\"https:\/\/potenciaradiofonicadominicana.com\/portal\/?s={search_term_string}\"},\"query-input\":{\"@type\":\"PropertyValueSpecification\",\"valueRequired\":true,\"valueName\":\"search_term_string\"}}],\"inLanguage\":\"es\"},{\"@type\":\"Organization\",\"@id\":\"https:\/\/potenciaradiofonicadominicana.com\/portal\/#organization\",\"name\":\"PotenciaRadiofonicaDominicana.com\",\"url\":\"https:\/\/potenciaradiofonicadominicana.com\/portal\/\",\"logo\":{\"@type\":\"ImageObject\",\"inLanguage\":\"es\",\"@id\":\"https:\/\/potenciaradiofonicadominicana.com\/portal\/#\/schema\/logo\/image\/\",\"url\":\"https:\/\/potenciaradiofonicadominicana.com\/portal\/wp-content\/uploads\/2022\/01\/descarga.png\",\"contentUrl\":\"https:\/\/potenciaradiofonicadominicana.com\/portal\/wp-content\/uploads\/2022\/01\/descarga.png\",\"width\":300,\"height\":100,\"caption\":\"PotenciaRadiofonicaDominicana.com\"},\"image\":{\"@id\":\"https:\/\/potenciaradiofonicadominicana.com\/portal\/#\/schema\/logo\/image\/\"},\"sameAs\":[\"https:\/\/web.facebook.com\/PotenciaRadiofonicaD\"]},{\"@type\":\"Person\",\"@id\":\"https:\/\/potenciaradiofonicadominicana.com\/portal\/#\/schema\/person\/a5cf1fea13877803ee0573ac18b03490\",\"name\":\"Potencia Radiof\u00f3nica Dominicana\",\"image\":{\"@type\":\"ImageObject\",\"inLanguage\":\"es\",\"@id\":\"https:\/\/potenciaradiofonicadominicana.com\/portal\/#\/schema\/person\/image\/\",\"url\":\"https:\/\/secure.gravatar.com\/avatar\/42a55ab9e8ccc656ba34cd791990602a?s=96&d=mm&r=g\",\"contentUrl\":\"https:\/\/secure.gravatar.com\/avatar\/42a55ab9e8ccc656ba34cd791990602a?s=96&d=mm&r=g\",\"caption\":\"Potencia Radiof\u00f3nica Dominicana\"},\"url\":\"https:\/\/potenciaradiofonicadominicana.com\/portal\/author\/johannyalmanzar\/\"}]}<\/script>\n<!-- \/ Yoast SEO plugin. -->","yoast_head_json":{"title":"Asociaci\u00f3n de Bancos reafirma compromiso con el cumplimiento del marco regulatorio - PotenciaRadiofonicaDominicana.com","robots":{"index":"index","follow":"follow","max-snippet":"max-snippet:-1","max-image-preview":"max-image-preview:large","max-video-preview":"max-video-preview:-1"},"canonical":"https:\/\/potenciaradiofonicadominicana.com\/portal\/asociacion-de-bancos-reafirma-compromiso-con-el-cumplimiento-del-marco-regulatorio\/","og_locale":"es_ES","og_type":"article","og_title":"Asociaci\u00f3n de Bancos reafirma compromiso con el cumplimiento del marco regulatorio - PotenciaRadiofonicaDominicana.com","og_description":"Ante la intervenci\u00f3n de la\u00a0Superintendencia de Bancos\u00a0de\u00a0Bancam\u00e9rica\u00a0para su disoluci\u00f3n, la Asociaci\u00f3n de\u00a0Bancos\u00a0de la Rep\u00fablica Dominicana (ABA) comunic\u00f3 hoy que el ...","og_url":"https:\/\/potenciaradiofonicadominicana.com\/portal\/asociacion-de-bancos-reafirma-compromiso-con-el-cumplimiento-del-marco-regulatorio\/","og_site_name":"PotenciaRadiofonicaDominicana.com","article_publisher":"https:\/\/web.facebook.com\/PotenciaRadiofonicaD","article_published_time":"2022-02-04T13:48:53+00:00","og_image":[{"width":895,"height":573,"url":"https:\/\/potenciaradiofonicadominicana.com\/portal\/wp-content\/uploads\/2022\/02\/texto-whatsapp-image-2022-02-02-at-102158-am-8a212be0-focus-0-0-895-573.jpg","type":"image\/jpeg"}],"author":"Potencia Radiof\u00f3nica Dominicana","twitter_card":"summary_large_image","twitter_misc":{"Escrito por":"Potencia Radiof\u00f3nica Dominicana","Tiempo de lectura":"2 minutos"},"schema":{"@context":"https:\/\/schema.org","@graph":[{"@type":"Article","@id":"https:\/\/potenciaradiofonicadominicana.com\/portal\/asociacion-de-bancos-reafirma-compromiso-con-el-cumplimiento-del-marco-regulatorio\/#article","isPartOf":{"@id":"https:\/\/potenciaradiofonicadominicana.com\/portal\/asociacion-de-bancos-reafirma-compromiso-con-el-cumplimiento-del-marco-regulatorio\/"},"author":{"name":"Potencia Radiof\u00f3nica Dominicana","@id":"https:\/\/potenciaradiofonicadominicana.com\/portal\/#\/schema\/person\/a5cf1fea13877803ee0573ac18b03490"},"headline":"Asociaci\u00f3n de Bancos reafirma compromiso con el cumplimiento del marco regulatorio","datePublished":"2022-02-04T13:48:53+00:00","mainEntityOfPage":{"@id":"https:\/\/potenciaradiofonicadominicana.com\/portal\/asociacion-de-bancos-reafirma-compromiso-con-el-cumplimiento-del-marco-regulatorio\/"},"wordCount":505,"commentCount":0,"publisher":{"@id":"https:\/\/potenciaradiofonicadominicana.com\/portal\/#organization"},"image":{"@id":"https:\/\/potenciaradiofonicadominicana.com\/portal\/asociacion-de-bancos-reafirma-compromiso-con-el-cumplimiento-del-marco-regulatorio\/#primaryimage"},"thumbnailUrl":"https:\/\/potenciaradiofonicadominicana.com\/portal\/wp-content\/uploads\/2022\/02\/texto-whatsapp-image-2022-02-02-at-102158-am-8a212be0-focus-0-0-895-573.jpg","articleSection":["Econom\u00eda"],"inLanguage":"es","potentialAction":[{"@type":"CommentAction","name":"Comment","target":["https:\/\/potenciaradiofonicadominicana.com\/portal\/asociacion-de-bancos-reafirma-compromiso-con-el-cumplimiento-del-marco-regulatorio\/#respond"]}]},{"@type":"WebPage","@id":"https:\/\/potenciaradiofonicadominicana.com\/portal\/asociacion-de-bancos-reafirma-compromiso-con-el-cumplimiento-del-marco-regulatorio\/","url":"https:\/\/potenciaradiofonicadominicana.com\/portal\/asociacion-de-bancos-reafirma-compromiso-con-el-cumplimiento-del-marco-regulatorio\/","name":"Asociaci\u00f3n de Bancos reafirma compromiso con el cumplimiento del marco regulatorio - PotenciaRadiofonicaDominicana.com","isPartOf":{"@id":"https:\/\/potenciaradiofonicadominicana.com\/portal\/#website"},"primaryImageOfPage":{"@id":"https:\/\/potenciaradiofonicadominicana.com\/portal\/asociacion-de-bancos-reafirma-compromiso-con-el-cumplimiento-del-marco-regulatorio\/#primaryimage"},"image":{"@id":"https:\/\/potenciaradiofonicadominicana.com\/portal\/asociacion-de-bancos-reafirma-compromiso-con-el-cumplimiento-del-marco-regulatorio\/#primaryimage"},"thumbnailUrl":"https:\/\/potenciaradiofonicadominicana.com\/portal\/wp-content\/uploads\/2022\/02\/texto-whatsapp-image-2022-02-02-at-102158-am-8a212be0-focus-0-0-895-573.jpg","datePublished":"2022-02-04T13:48:53+00:00","breadcrumb":{"@id":"https:\/\/potenciaradiofonicadominicana.com\/portal\/asociacion-de-bancos-reafirma-compromiso-con-el-cumplimiento-del-marco-regulatorio\/#breadcrumb"},"inLanguage":"es","potentialAction":[{"@type":"ReadAction","target":["https:\/\/potenciaradiofonicadominicana.com\/portal\/asociacion-de-bancos-reafirma-compromiso-con-el-cumplimiento-del-marco-regulatorio\/"]}]},{"@type":"ImageObject","inLanguage":"es","@id":"https:\/\/potenciaradiofonicadominicana.com\/portal\/asociacion-de-bancos-reafirma-compromiso-con-el-cumplimiento-del-marco-regulatorio\/#primaryimage","url":"https:\/\/potenciaradiofonicadominicana.com\/portal\/wp-content\/uploads\/2022\/02\/texto-whatsapp-image-2022-02-02-at-102158-am-8a212be0-focus-0-0-895-573.jpg","contentUrl":"https:\/\/potenciaradiofonicadominicana.com\/portal\/wp-content\/uploads\/2022\/02\/texto-whatsapp-image-2022-02-02-at-102158-am-8a212be0-focus-0-0-895-573.jpg","width":895,"height":573},{"@type":"BreadcrumbList","@id":"https:\/\/potenciaradiofonicadominicana.com\/portal\/asociacion-de-bancos-reafirma-compromiso-con-el-cumplimiento-del-marco-regulatorio\/#breadcrumb","itemListElement":[{"@type":"ListItem","position":1,"name":"Portada","item":"https:\/\/potenciaradiofonicadominicana.com\/portal\/"},{"@type":"ListItem","position":2,"name":"Asociaci\u00f3n de Bancos reafirma compromiso con el cumplimiento del marco regulatorio"}]},{"@type":"WebSite","@id":"https:\/\/potenciaradiofonicadominicana.com\/portal\/#website","url":"https:\/\/potenciaradiofonicadominicana.com\/portal\/","name":"PotenciaRadiofonicaDominicana.com","description":"Peri\u00f3dico Digital","publisher":{"@id":"https:\/\/potenciaradiofonicadominicana.com\/portal\/#organization"},"potentialAction":[{"@type":"SearchAction","target":{"@type":"EntryPoint","urlTemplate":"https:\/\/potenciaradiofonicadominicana.com\/portal\/?s={search_term_string}"},"query-input":{"@type":"PropertyValueSpecification","valueRequired":true,"valueName":"search_term_string"}}],"inLanguage":"es"},{"@type":"Organization","@id":"https:\/\/potenciaradiofonicadominicana.com\/portal\/#organization","name":"PotenciaRadiofonicaDominicana.com","url":"https:\/\/potenciaradiofonicadominicana.com\/portal\/","logo":{"@type":"ImageObject","inLanguage":"es","@id":"https:\/\/potenciaradiofonicadominicana.com\/portal\/#\/schema\/logo\/image\/","url":"https:\/\/potenciaradiofonicadominicana.com\/portal\/wp-content\/uploads\/2022\/01\/descarga.png","contentUrl":"https:\/\/potenciaradiofonicadominicana.com\/portal\/wp-content\/uploads\/2022\/01\/descarga.png","width":300,"height":100,"caption":"PotenciaRadiofonicaDominicana.com"},"image":{"@id":"https:\/\/potenciaradiofonicadominicana.com\/portal\/#\/schema\/logo\/image\/"},"sameAs":["https:\/\/web.facebook.com\/PotenciaRadiofonicaD"]},{"@type":"Person","@id":"https:\/\/potenciaradiofonicadominicana.com\/portal\/#\/schema\/person\/a5cf1fea13877803ee0573ac18b03490","name":"Potencia Radiof\u00f3nica Dominicana","image":{"@type":"ImageObject","inLanguage":"es","@id":"https:\/\/potenciaradiofonicadominicana.com\/portal\/#\/schema\/person\/image\/","url":"https:\/\/secure.gravatar.com\/avatar\/42a55ab9e8ccc656ba34cd791990602a?s=96&d=mm&r=g","contentUrl":"https:\/\/secure.gravatar.com\/avatar\/42a55ab9e8ccc656ba34cd791990602a?s=96&d=mm&r=g","caption":"Potencia Radiof\u00f3nica Dominicana"},"url":"https:\/\/potenciaradiofonicadominicana.com\/portal\/author\/johannyalmanzar\/"}]}},"_links":{"self":[{"href":"https:\/\/potenciaradiofonicadominicana.com\/portal\/wp-json\/wp\/v2\/posts\/115152","targetHints":{"allow":["GET"]}}],"collection":[{"href":"https:\/\/potenciaradiofonicadominicana.com\/portal\/wp-json\/wp\/v2\/posts"}],"about":[{"href":"https:\/\/potenciaradiofonicadominicana.com\/portal\/wp-json\/wp\/v2\/types\/post"}],"author":[{"embeddable":true,"href":"https:\/\/potenciaradiofonicadominicana.com\/portal\/wp-json\/wp\/v2\/users\/2"}],"replies":[{"embeddable":true,"href":"https:\/\/potenciaradiofonicadominicana.com\/portal\/wp-json\/wp\/v2\/comments?post=115152"}],"version-history":[{"count":1,"href":"https:\/\/potenciaradiofonicadominicana.com\/portal\/wp-json\/wp\/v2\/posts\/115152\/revisions"}],"predecessor-version":[{"id":115158,"href":"https:\/\/potenciaradiofonicadominicana.com\/portal\/wp-json\/wp\/v2\/posts\/115152\/revisions\/115158"}],"wp:featuredmedia":[{"embeddable":true,"href":"https:\/\/potenciaradiofonicadominicana.com\/portal\/wp-json\/wp\/v2\/media\/115154"}],"wp:attachment":[{"href":"https:\/\/potenciaradiofonicadominicana.com\/portal\/wp-json\/wp\/v2\/media?parent=115152"}],"wp:term":[{"taxonomy":"category","embeddable":true,"href":"https:\/\/potenciaradiofonicadominicana.com\/portal\/wp-json\/wp\/v2\/categories?post=115152"},{"taxonomy":"post_tag","embeddable":true,"href":"https:\/\/potenciaradiofonicadominicana.com\/portal\/wp-json\/wp\/v2\/tags?post=115152"}],"curies":[{"name":"wp","href":"https:\/\/api.w.org\/{rel}","templated":true}]}}