{"id":114949,"date":"2022-02-03T09:00:44","date_gmt":"2022-02-03T13:00:44","guid":{"rendered":"https:\/\/potenciaradiofonicadominicana.com\/portal\/?p=114949"},"modified":"2022-02-03T09:00:44","modified_gmt":"2022-02-03T13:00:44","slug":"leonel-acusa-al-bc-de-manipular-cifras-de-crecimiento-economico","status":"publish","type":"post","link":"https:\/\/potenciaradiofonicadominicana.com\/portal\/leonel-acusa-al-bc-de-manipular-cifras-de-crecimiento-economico\/","title":{"rendered":"Leonel acusa al BC de manipular cifras de crecimiento econ\u00f3mico"},"content":{"rendered":"<p><a href=\"https:\/\/potenciaradiofonicadominicana.com\/portal\/wp-content\/uploads\/2022\/02\/2aca694b-5771257a-lf-2-612271a0bd925-61d7937e1d382.jpg\"><img loading=\"lazy\" decoding=\"async\" class=\"alignnone size-full wp-image-114955\" src=\"https:\/\/potenciaradiofonicadominicana.com\/portal\/wp-content\/uploads\/2022\/02\/2aca694b-5771257a-lf-2-612271a0bd925-61d7937e1d382.jpg\" alt=\"\" width=\"1280\" height=\"853\" srcset=\"https:\/\/potenciaradiofonicadominicana.com\/portal\/wp-content\/uploads\/2022\/02\/2aca694b-5771257a-lf-2-612271a0bd925-61d7937e1d382.jpg 1280w, https:\/\/potenciaradiofonicadominicana.com\/portal\/wp-content\/uploads\/2022\/02\/2aca694b-5771257a-lf-2-612271a0bd925-61d7937e1d382-300x200.jpg 300w, https:\/\/potenciaradiofonicadominicana.com\/portal\/wp-content\/uploads\/2022\/02\/2aca694b-5771257a-lf-2-612271a0bd925-61d7937e1d382-768x512.jpg 768w, https:\/\/potenciaradiofonicadominicana.com\/portal\/wp-content\/uploads\/2022\/02\/2aca694b-5771257a-lf-2-612271a0bd925-61d7937e1d382-1024x682.jpg 1024w\" sizes=\"auto, (max-width: 1280px) 100vw, 1280px\" \/><\/a><\/p>\n<p>El expresidente\u00a0Leonel Fern\u00e1ndez\u00a0asegur\u00f3 este mi\u00e9rcoles que el\u00a0Banco Central manipula la opini\u00f3n p\u00fablica nacional,\u00a0cuando informa que la econom\u00eda del pa\u00eds creci\u00f3 12.3% en el a\u00f1o 2021.<\/p>\n<p>Fern\u00e1ndez refiri\u00f3 que\u00a0el crecimiento econ\u00f3mico del pa\u00eds durante el 2021, se debe comparar con el a\u00f1o 2019 no con el 2020, ya que, en ese a\u00f1o la dinamizaci\u00f3n econ\u00f3mica del pa\u00eds se vio afectada por la pandemia.<\/p>\n<p>\u201cEl 12.3% de crecimiento de la\u00a0 econom\u00eda es con relaci\u00f3n al a\u00f1o 2020, cuando la econom\u00eda experiment\u00f3 una contracci\u00f3n de al menos 6%, si comparamos con el 2020 creci\u00f3 12.3% , si comparamos con el a\u00f1o anterior a la pandemia, el 2019, creci\u00f3 4.7%, por tanto la diferencia entre 12.3% y 4.7% es 7.6% , eso es rebote estad\u00edstico.<\/p>\n<p>El expresidente de la Rep\u00fablica dijo que\u00a0\u201cla econom\u00eda creci\u00f3 con respecto al a\u00f1o de la prepandemia 4.7%, ese es el crecimiento org\u00e1nico real, lo otro se llama rebote estad\u00edstico, y lo que est\u00e1 haciendo el Banco Central en su comunicado es manipulando a la opini\u00f3n p\u00fablica nacional, cuando dice que ese es el crecimiento real\u201d.<\/p>\n<p>Fern\u00e1ndez expres\u00f3 que\u00a0cuando al pueblo se le dice que crecimos 12.3%, se est\u00e1 creando una burbuja,\u00a0una ilusi\u00f3n que no se corresponde con la realidad.<\/p>\n<p>Sobre la inflaci\u00f3n<br \/>\nFer\u00e1ndez manifest\u00f3 que la\u00a0inflaci\u00f3n para 2021 fue de 8.5%, el doble de lo que fij\u00f3 el Banco Central.\u00a0\u201cEl Banco Central fij\u00f3 como meta de inflaci\u00f3n para el a\u00f1o 2021, cuatro m\u00e1s o menos uno, eso significa que puede ser m\u00ednimo 3, m\u00e1ximo 5, pero no excederse de ah\u00ed, eso es lo que est\u00e1 sintiendo el pueblo dominicano.<\/p>\n<p>Cuando dice que est\u00e1 subiendo la carne de res, los huevos, el pollo, y toda la canasta b\u00e1sica familiar, es\u00a0ese el doble de la inflaci\u00f3n que pronostic\u00f3 el Banco Central para el a\u00f1o 2021, el pueblo est\u00e1 sintiendo la crisis econ\u00f3mica a la cual nunca hace referencia el Gobierno de la Rep\u00fablica Dominicana\u201d, expres\u00f3 Fern\u00e1ndez.<\/p>\n<p>Fern\u00e1ndez, tres veces presidente de la Rep\u00fablica y dirigente pol\u00edtico activo, habl\u00f3 al pronunciar unas palabras en un acto de juramentaci\u00f3n en la oficina pol\u00edtica de la Fuerza del Pueblo, partido que fund\u00f3 y dirige desde su separaci\u00f3n del Partido de la Liberaci\u00f3n Dominicana (PLD), del cual fue presidente.<\/p>\n<p>Sobre ley de fideicomiso<br \/>\nEl exmandatario puntualiz\u00f3 que el\u00a0 Gobierno debe explicar al pa\u00eds el fideicomiso para la Polic\u00eda Nacional.<\/p>\n<p>\u00abSi algo le corresponde al Estado es garantizar la seguridad ciudadana y la defensa nacional, esas no son funciones que se delegan,\u00a0son atribuciones que la Constituci\u00f3n confiere a la administraci\u00f3n p\u00fablica, por tanto cuando el pa\u00eds reclama seguridad ciudadana y se est\u00e1 discutiendo una transformaci\u00f3n de la Polic\u00eda, nadie le ha explicado a este pa\u00eds en qu\u00e9 consiste un fideicomiso para la Polic\u00eda Nacional\u201d.<\/p>\n<p>Informe<br \/>\nEl Banco Central inform\u00f3 que seg\u00fan los resultados preliminares de la actividad econ\u00f3mica durante diciembre y al cierre del a\u00f1o 2021, el Producto Interno Bruto (PIB) real alcanz\u00f3 un notable crecimiento interanual de 12.3%.<\/p>\n<p>Afirm\u00f3 que este resultado coloca al pa\u00eds como el de mejor desempe\u00f1o en t\u00e9rminos reales respecto a los niveles prepand\u00e9micos.\u00a0El crecimiento del PIB se situ\u00f3 en 4.7 % en 2021 con relaci\u00f3n al a\u00f1o 2019\u00a0reflejando una reactivaci\u00f3n real de la econom\u00eda dominicana en lugar de un rebote estad\u00edstico, contrario al caso de muchas de las econom\u00edas latinoamericanas.<\/p>\n<p>Juramentaciones<br \/>\nFern\u00e1ndez jurament\u00f3 en la Fuerza del Pueblo a decenas de exdirigentes del PLD y de otras organizaciones pol\u00edticas. Figuran F\u00e9lix Ernesto Guevara, expresidente de Comit\u00e9 Intermedio, Ricardo Antonio N\u00fa\u00f1ez, exdirigente del PRM, Ram\u00f3n L\u00f3pez, Midel Feliz, exdirectora de la Junta Municipal de Palmarejo-Villa Linda, Paulino Silven, Julio Sotero, entre otros.<\/p>\n<p>Inflaci\u00f3n<br \/>\nEl ex presidente de la Rep\u00fablica manifest\u00f3 que la inflaci\u00f3n para el 2021 fue de 8.5%, el doble de lo que fij\u00f3 el Banco Central.<\/p>\n<p>Canasta<br \/>\nCuando dice que est\u00e1 subiendo la carne de res, los huevos, el pollo, y toda la canasta b\u00e1sica familiar, es ese el doble de la inflaci\u00f3n que pronostic\u00f3 el Banco Central para el a\u00f1o 2021, ddijo el ex presidente .<br \/>\nde la Rep\u00fablica y presidente fundador de la Fuerza del Pueblo.<\/p>\n<p>Seguridad<br \/>\nLeonel Fern\u00e1ndez tambi\u00e9n se refiri\u00f3 al tema de la seguridad ciudadana y el fideicomiso para la Polic\u00eda, \u201cnadie le ha explicado a este pa\u00eds en qu\u00e9 consiste un fideicomiso para la Polic\u00eda Nacional.<\/p>\n<p>&nbsp;<\/p>\n","protected":false},"excerpt":{"rendered":"<p>El expresidente\u00a0Leonel Fern\u00e1ndez\u00a0asegur\u00f3 este mi\u00e9rcoles que el\u00a0Banco Central manipula la opini\u00f3n p\u00fablica nacional,\u00a0cuando informa que la econom\u00eda del pa\u00eds creci\u00f3 &#8230;<\/p>\n","protected":false},"author":2,"featured_media":114955,"comment_status":"open","ping_status":"open","sticky":false,"template":"","format":"standard","meta":{"footnotes":""},"categories":[26],"tags":[],"class_list":["post-114949","post","type-post","status-publish","format-standard","has-post-thumbnail","hentry","category-economia"],"yoast_head":"<!-- This site is optimized with the Yoast SEO plugin v24.8.1 - https:\/\/yoast.com\/wordpress\/plugins\/seo\/ -->\n<title>Leonel acusa al BC de manipular cifras de crecimiento econ\u00f3mico - PotenciaRadiofonicaDominicana.com<\/title>\n<meta name=\"robots\" content=\"index, follow, max-snippet:-1, max-image-preview:large, max-video-preview:-1\" \/>\n<link rel=\"canonical\" href=\"https:\/\/potenciaradiofonicadominicana.com\/portal\/leonel-acusa-al-bc-de-manipular-cifras-de-crecimiento-economico\/\" \/>\n<meta property=\"og:locale\" content=\"es_ES\" \/>\n<meta property=\"og:type\" content=\"article\" \/>\n<meta property=\"og:title\" content=\"Leonel acusa al BC de manipular cifras de crecimiento econ\u00f3mico - PotenciaRadiofonicaDominicana.com\" \/>\n<meta property=\"og:description\" content=\"El expresidente\u00a0Leonel Fern\u00e1ndez\u00a0asegur\u00f3 este mi\u00e9rcoles que el\u00a0Banco Central manipula la opini\u00f3n p\u00fablica nacional,\u00a0cuando informa que la econom\u00eda del pa\u00eds creci\u00f3 ...\" \/>\n<meta property=\"og:url\" content=\"https:\/\/potenciaradiofonicadominicana.com\/portal\/leonel-acusa-al-bc-de-manipular-cifras-de-crecimiento-economico\/\" \/>\n<meta property=\"og:site_name\" content=\"PotenciaRadiofonicaDominicana.com\" \/>\n<meta property=\"article:publisher\" content=\"https:\/\/web.facebook.com\/PotenciaRadiofonicaD\" \/>\n<meta property=\"article:published_time\" content=\"2022-02-03T13:00:44+00:00\" \/>\n<meta property=\"og:image\" content=\"https:\/\/potenciaradiofonicadominicana.com\/portal\/wp-content\/uploads\/2022\/02\/2aca694b-5771257a-lf-2-612271a0bd925-61d7937e1d382.jpg\" \/>\n\t<meta property=\"og:image:width\" content=\"1280\" \/>\n\t<meta property=\"og:image:height\" content=\"853\" \/>\n\t<meta property=\"og:image:type\" content=\"image\/jpeg\" \/>\n<meta name=\"author\" content=\"Potencia Radiof\u00f3nica Dominicana\" \/>\n<meta name=\"twitter:card\" content=\"summary_large_image\" \/>\n<meta name=\"twitter:label1\" content=\"Escrito por\" \/>\n\t<meta name=\"twitter:data1\" content=\"Potencia Radiof\u00f3nica Dominicana\" \/>\n\t<meta name=\"twitter:label2\" content=\"Tiempo de lectura\" \/>\n\t<meta name=\"twitter:data2\" content=\"4 minutos\" \/>\n<script type=\"application\/ld+json\" class=\"yoast-schema-graph\">{\"@context\":\"https:\/\/schema.org\",\"@graph\":[{\"@type\":\"Article\",\"@id\":\"https:\/\/potenciaradiofonicadominicana.com\/portal\/leonel-acusa-al-bc-de-manipular-cifras-de-crecimiento-economico\/#article\",\"isPartOf\":{\"@id\":\"https:\/\/potenciaradiofonicadominicana.com\/portal\/leonel-acusa-al-bc-de-manipular-cifras-de-crecimiento-economico\/\"},\"author\":{\"name\":\"Potencia Radiof\u00f3nica Dominicana\",\"@id\":\"https:\/\/potenciaradiofonicadominicana.com\/portal\/#\/schema\/person\/a5cf1fea13877803ee0573ac18b03490\"},\"headline\":\"Leonel acusa al BC de manipular cifras de crecimiento econ\u00f3mico\",\"datePublished\":\"2022-02-03T13:00:44+00:00\",\"mainEntityOfPage\":{\"@id\":\"https:\/\/potenciaradiofonicadominicana.com\/portal\/leonel-acusa-al-bc-de-manipular-cifras-de-crecimiento-economico\/\"},\"wordCount\":787,\"commentCount\":0,\"publisher\":{\"@id\":\"https:\/\/potenciaradiofonicadominicana.com\/portal\/#organization\"},\"image\":{\"@id\":\"https:\/\/potenciaradiofonicadominicana.com\/portal\/leonel-acusa-al-bc-de-manipular-cifras-de-crecimiento-economico\/#primaryimage\"},\"thumbnailUrl\":\"https:\/\/potenciaradiofonicadominicana.com\/portal\/wp-content\/uploads\/2022\/02\/2aca694b-5771257a-lf-2-612271a0bd925-61d7937e1d382.jpg\",\"articleSection\":[\"Econom\u00eda\"],\"inLanguage\":\"es\",\"potentialAction\":[{\"@type\":\"CommentAction\",\"name\":\"Comment\",\"target\":[\"https:\/\/potenciaradiofonicadominicana.com\/portal\/leonel-acusa-al-bc-de-manipular-cifras-de-crecimiento-economico\/#respond\"]}]},{\"@type\":\"WebPage\",\"@id\":\"https:\/\/potenciaradiofonicadominicana.com\/portal\/leonel-acusa-al-bc-de-manipular-cifras-de-crecimiento-economico\/\",\"url\":\"https:\/\/potenciaradiofonicadominicana.com\/portal\/leonel-acusa-al-bc-de-manipular-cifras-de-crecimiento-economico\/\",\"name\":\"Leonel acusa al BC de manipular cifras de crecimiento econ\u00f3mico - PotenciaRadiofonicaDominicana.com\",\"isPartOf\":{\"@id\":\"https:\/\/potenciaradiofonicadominicana.com\/portal\/#website\"},\"primaryImageOfPage\":{\"@id\":\"https:\/\/potenciaradiofonicadominicana.com\/portal\/leonel-acusa-al-bc-de-manipular-cifras-de-crecimiento-economico\/#primaryimage\"},\"image\":{\"@id\":\"https:\/\/potenciaradiofonicadominicana.com\/portal\/leonel-acusa-al-bc-de-manipular-cifras-de-crecimiento-economico\/#primaryimage\"},\"thumbnailUrl\":\"https:\/\/potenciaradiofonicadominicana.com\/portal\/wp-content\/uploads\/2022\/02\/2aca694b-5771257a-lf-2-612271a0bd925-61d7937e1d382.jpg\",\"datePublished\":\"2022-02-03T13:00:44+00:00\",\"breadcrumb\":{\"@id\":\"https:\/\/potenciaradiofonicadominicana.com\/portal\/leonel-acusa-al-bc-de-manipular-cifras-de-crecimiento-economico\/#breadcrumb\"},\"inLanguage\":\"es\",\"potentialAction\":[{\"@type\":\"ReadAction\",\"target\":[\"https:\/\/potenciaradiofonicadominicana.com\/portal\/leonel-acusa-al-bc-de-manipular-cifras-de-crecimiento-economico\/\"]}]},{\"@type\":\"ImageObject\",\"inLanguage\":\"es\",\"@id\":\"https:\/\/potenciaradiofonicadominicana.com\/portal\/leonel-acusa-al-bc-de-manipular-cifras-de-crecimiento-economico\/#primaryimage\",\"url\":\"https:\/\/potenciaradiofonicadominicana.com\/portal\/wp-content\/uploads\/2022\/02\/2aca694b-5771257a-lf-2-612271a0bd925-61d7937e1d382.jpg\",\"contentUrl\":\"https:\/\/potenciaradiofonicadominicana.com\/portal\/wp-content\/uploads\/2022\/02\/2aca694b-5771257a-lf-2-612271a0bd925-61d7937e1d382.jpg\",\"width\":1280,\"height\":853},{\"@type\":\"BreadcrumbList\",\"@id\":\"https:\/\/potenciaradiofonicadominicana.com\/portal\/leonel-acusa-al-bc-de-manipular-cifras-de-crecimiento-economico\/#breadcrumb\",\"itemListElement\":[{\"@type\":\"ListItem\",\"position\":1,\"name\":\"Portada\",\"item\":\"https:\/\/potenciaradiofonicadominicana.com\/portal\/\"},{\"@type\":\"ListItem\",\"position\":2,\"name\":\"Leonel acusa al BC de manipular cifras de crecimiento econ\u00f3mico\"}]},{\"@type\":\"WebSite\",\"@id\":\"https:\/\/potenciaradiofonicadominicana.com\/portal\/#website\",\"url\":\"https:\/\/potenciaradiofonicadominicana.com\/portal\/\",\"name\":\"PotenciaRadiofonicaDominicana.com\",\"description\":\"Peri\u00f3dico Digital\",\"publisher\":{\"@id\":\"https:\/\/potenciaradiofonicadominicana.com\/portal\/#organization\"},\"potentialAction\":[{\"@type\":\"SearchAction\",\"target\":{\"@type\":\"EntryPoint\",\"urlTemplate\":\"https:\/\/potenciaradiofonicadominicana.com\/portal\/?s={search_term_string}\"},\"query-input\":{\"@type\":\"PropertyValueSpecification\",\"valueRequired\":true,\"valueName\":\"search_term_string\"}}],\"inLanguage\":\"es\"},{\"@type\":\"Organization\",\"@id\":\"https:\/\/potenciaradiofonicadominicana.com\/portal\/#organization\",\"name\":\"PotenciaRadiofonicaDominicana.com\",\"url\":\"https:\/\/potenciaradiofonicadominicana.com\/portal\/\",\"logo\":{\"@type\":\"ImageObject\",\"inLanguage\":\"es\",\"@id\":\"https:\/\/potenciaradiofonicadominicana.com\/portal\/#\/schema\/logo\/image\/\",\"url\":\"https:\/\/potenciaradiofonicadominicana.com\/portal\/wp-content\/uploads\/2022\/01\/descarga.png\",\"contentUrl\":\"https:\/\/potenciaradiofonicadominicana.com\/portal\/wp-content\/uploads\/2022\/01\/descarga.png\",\"width\":300,\"height\":100,\"caption\":\"PotenciaRadiofonicaDominicana.com\"},\"image\":{\"@id\":\"https:\/\/potenciaradiofonicadominicana.com\/portal\/#\/schema\/logo\/image\/\"},\"sameAs\":[\"https:\/\/web.facebook.com\/PotenciaRadiofonicaD\"]},{\"@type\":\"Person\",\"@id\":\"https:\/\/potenciaradiofonicadominicana.com\/portal\/#\/schema\/person\/a5cf1fea13877803ee0573ac18b03490\",\"name\":\"Potencia Radiof\u00f3nica Dominicana\",\"image\":{\"@type\":\"ImageObject\",\"inLanguage\":\"es\",\"@id\":\"https:\/\/potenciaradiofonicadominicana.com\/portal\/#\/schema\/person\/image\/\",\"url\":\"https:\/\/secure.gravatar.com\/avatar\/42a55ab9e8ccc656ba34cd791990602a?s=96&d=mm&r=g\",\"contentUrl\":\"https:\/\/secure.gravatar.com\/avatar\/42a55ab9e8ccc656ba34cd791990602a?s=96&d=mm&r=g\",\"caption\":\"Potencia Radiof\u00f3nica Dominicana\"},\"url\":\"https:\/\/potenciaradiofonicadominicana.com\/portal\/author\/johannyalmanzar\/\"}]}<\/script>\n<!-- \/ Yoast SEO plugin. -->","yoast_head_json":{"title":"Leonel acusa al BC de manipular cifras de crecimiento econ\u00f3mico - PotenciaRadiofonicaDominicana.com","robots":{"index":"index","follow":"follow","max-snippet":"max-snippet:-1","max-image-preview":"max-image-preview:large","max-video-preview":"max-video-preview:-1"},"canonical":"https:\/\/potenciaradiofonicadominicana.com\/portal\/leonel-acusa-al-bc-de-manipular-cifras-de-crecimiento-economico\/","og_locale":"es_ES","og_type":"article","og_title":"Leonel acusa al BC de manipular cifras de crecimiento econ\u00f3mico - PotenciaRadiofonicaDominicana.com","og_description":"El expresidente\u00a0Leonel Fern\u00e1ndez\u00a0asegur\u00f3 este mi\u00e9rcoles que el\u00a0Banco Central manipula la opini\u00f3n p\u00fablica nacional,\u00a0cuando informa que la econom\u00eda del pa\u00eds creci\u00f3 ...","og_url":"https:\/\/potenciaradiofonicadominicana.com\/portal\/leonel-acusa-al-bc-de-manipular-cifras-de-crecimiento-economico\/","og_site_name":"PotenciaRadiofonicaDominicana.com","article_publisher":"https:\/\/web.facebook.com\/PotenciaRadiofonicaD","article_published_time":"2022-02-03T13:00:44+00:00","og_image":[{"width":1280,"height":853,"url":"https:\/\/potenciaradiofonicadominicana.com\/portal\/wp-content\/uploads\/2022\/02\/2aca694b-5771257a-lf-2-612271a0bd925-61d7937e1d382.jpg","type":"image\/jpeg"}],"author":"Potencia Radiof\u00f3nica Dominicana","twitter_card":"summary_large_image","twitter_misc":{"Escrito por":"Potencia Radiof\u00f3nica Dominicana","Tiempo de lectura":"4 minutos"},"schema":{"@context":"https:\/\/schema.org","@graph":[{"@type":"Article","@id":"https:\/\/potenciaradiofonicadominicana.com\/portal\/leonel-acusa-al-bc-de-manipular-cifras-de-crecimiento-economico\/#article","isPartOf":{"@id":"https:\/\/potenciaradiofonicadominicana.com\/portal\/leonel-acusa-al-bc-de-manipular-cifras-de-crecimiento-economico\/"},"author":{"name":"Potencia Radiof\u00f3nica Dominicana","@id":"https:\/\/potenciaradiofonicadominicana.com\/portal\/#\/schema\/person\/a5cf1fea13877803ee0573ac18b03490"},"headline":"Leonel acusa al BC de manipular cifras de crecimiento econ\u00f3mico","datePublished":"2022-02-03T13:00:44+00:00","mainEntityOfPage":{"@id":"https:\/\/potenciaradiofonicadominicana.com\/portal\/leonel-acusa-al-bc-de-manipular-cifras-de-crecimiento-economico\/"},"wordCount":787,"commentCount":0,"publisher":{"@id":"https:\/\/potenciaradiofonicadominicana.com\/portal\/#organization"},"image":{"@id":"https:\/\/potenciaradiofonicadominicana.com\/portal\/leonel-acusa-al-bc-de-manipular-cifras-de-crecimiento-economico\/#primaryimage"},"thumbnailUrl":"https:\/\/potenciaradiofonicadominicana.com\/portal\/wp-content\/uploads\/2022\/02\/2aca694b-5771257a-lf-2-612271a0bd925-61d7937e1d382.jpg","articleSection":["Econom\u00eda"],"inLanguage":"es","potentialAction":[{"@type":"CommentAction","name":"Comment","target":["https:\/\/potenciaradiofonicadominicana.com\/portal\/leonel-acusa-al-bc-de-manipular-cifras-de-crecimiento-economico\/#respond"]}]},{"@type":"WebPage","@id":"https:\/\/potenciaradiofonicadominicana.com\/portal\/leonel-acusa-al-bc-de-manipular-cifras-de-crecimiento-economico\/","url":"https:\/\/potenciaradiofonicadominicana.com\/portal\/leonel-acusa-al-bc-de-manipular-cifras-de-crecimiento-economico\/","name":"Leonel acusa al BC de manipular cifras de crecimiento econ\u00f3mico - PotenciaRadiofonicaDominicana.com","isPartOf":{"@id":"https:\/\/potenciaradiofonicadominicana.com\/portal\/#website"},"primaryImageOfPage":{"@id":"https:\/\/potenciaradiofonicadominicana.com\/portal\/leonel-acusa-al-bc-de-manipular-cifras-de-crecimiento-economico\/#primaryimage"},"image":{"@id":"https:\/\/potenciaradiofonicadominicana.com\/portal\/leonel-acusa-al-bc-de-manipular-cifras-de-crecimiento-economico\/#primaryimage"},"thumbnailUrl":"https:\/\/potenciaradiofonicadominicana.com\/portal\/wp-content\/uploads\/2022\/02\/2aca694b-5771257a-lf-2-612271a0bd925-61d7937e1d382.jpg","datePublished":"2022-02-03T13:00:44+00:00","breadcrumb":{"@id":"https:\/\/potenciaradiofonicadominicana.com\/portal\/leonel-acusa-al-bc-de-manipular-cifras-de-crecimiento-economico\/#breadcrumb"},"inLanguage":"es","potentialAction":[{"@type":"ReadAction","target":["https:\/\/potenciaradiofonicadominicana.com\/portal\/leonel-acusa-al-bc-de-manipular-cifras-de-crecimiento-economico\/"]}]},{"@type":"ImageObject","inLanguage":"es","@id":"https:\/\/potenciaradiofonicadominicana.com\/portal\/leonel-acusa-al-bc-de-manipular-cifras-de-crecimiento-economico\/#primaryimage","url":"https:\/\/potenciaradiofonicadominicana.com\/portal\/wp-content\/uploads\/2022\/02\/2aca694b-5771257a-lf-2-612271a0bd925-61d7937e1d382.jpg","contentUrl":"https:\/\/potenciaradiofonicadominicana.com\/portal\/wp-content\/uploads\/2022\/02\/2aca694b-5771257a-lf-2-612271a0bd925-61d7937e1d382.jpg","width":1280,"height":853},{"@type":"BreadcrumbList","@id":"https:\/\/potenciaradiofonicadominicana.com\/portal\/leonel-acusa-al-bc-de-manipular-cifras-de-crecimiento-economico\/#breadcrumb","itemListElement":[{"@type":"ListItem","position":1,"name":"Portada","item":"https:\/\/potenciaradiofonicadominicana.com\/portal\/"},{"@type":"ListItem","position":2,"name":"Leonel acusa al BC de manipular cifras de crecimiento econ\u00f3mico"}]},{"@type":"WebSite","@id":"https:\/\/potenciaradiofonicadominicana.com\/portal\/#website","url":"https:\/\/potenciaradiofonicadominicana.com\/portal\/","name":"PotenciaRadiofonicaDominicana.com","description":"Peri\u00f3dico Digital","publisher":{"@id":"https:\/\/potenciaradiofonicadominicana.com\/portal\/#organization"},"potentialAction":[{"@type":"SearchAction","target":{"@type":"EntryPoint","urlTemplate":"https:\/\/potenciaradiofonicadominicana.com\/portal\/?s={search_term_string}"},"query-input":{"@type":"PropertyValueSpecification","valueRequired":true,"valueName":"search_term_string"}}],"inLanguage":"es"},{"@type":"Organization","@id":"https:\/\/potenciaradiofonicadominicana.com\/portal\/#organization","name":"PotenciaRadiofonicaDominicana.com","url":"https:\/\/potenciaradiofonicadominicana.com\/portal\/","logo":{"@type":"ImageObject","inLanguage":"es","@id":"https:\/\/potenciaradiofonicadominicana.com\/portal\/#\/schema\/logo\/image\/","url":"https:\/\/potenciaradiofonicadominicana.com\/portal\/wp-content\/uploads\/2022\/01\/descarga.png","contentUrl":"https:\/\/potenciaradiofonicadominicana.com\/portal\/wp-content\/uploads\/2022\/01\/descarga.png","width":300,"height":100,"caption":"PotenciaRadiofonicaDominicana.com"},"image":{"@id":"https:\/\/potenciaradiofonicadominicana.com\/portal\/#\/schema\/logo\/image\/"},"sameAs":["https:\/\/web.facebook.com\/PotenciaRadiofonicaD"]},{"@type":"Person","@id":"https:\/\/potenciaradiofonicadominicana.com\/portal\/#\/schema\/person\/a5cf1fea13877803ee0573ac18b03490","name":"Potencia Radiof\u00f3nica Dominicana","image":{"@type":"ImageObject","inLanguage":"es","@id":"https:\/\/potenciaradiofonicadominicana.com\/portal\/#\/schema\/person\/image\/","url":"https:\/\/secure.gravatar.com\/avatar\/42a55ab9e8ccc656ba34cd791990602a?s=96&d=mm&r=g","contentUrl":"https:\/\/secure.gravatar.com\/avatar\/42a55ab9e8ccc656ba34cd791990602a?s=96&d=mm&r=g","caption":"Potencia Radiof\u00f3nica Dominicana"},"url":"https:\/\/potenciaradiofonicadominicana.com\/portal\/author\/johannyalmanzar\/"}]}},"_links":{"self":[{"href":"https:\/\/potenciaradiofonicadominicana.com\/portal\/wp-json\/wp\/v2\/posts\/114949","targetHints":{"allow":["GET"]}}],"collection":[{"href":"https:\/\/potenciaradiofonicadominicana.com\/portal\/wp-json\/wp\/v2\/posts"}],"about":[{"href":"https:\/\/potenciaradiofonicadominicana.com\/portal\/wp-json\/wp\/v2\/types\/post"}],"author":[{"embeddable":true,"href":"https:\/\/potenciaradiofonicadominicana.com\/portal\/wp-json\/wp\/v2\/users\/2"}],"replies":[{"embeddable":true,"href":"https:\/\/potenciaradiofonicadominicana.com\/portal\/wp-json\/wp\/v2\/comments?post=114949"}],"version-history":[{"count":1,"href":"https:\/\/potenciaradiofonicadominicana.com\/portal\/wp-json\/wp\/v2\/posts\/114949\/revisions"}],"predecessor-version":[{"id":114956,"href":"https:\/\/potenciaradiofonicadominicana.com\/portal\/wp-json\/wp\/v2\/posts\/114949\/revisions\/114956"}],"wp:featuredmedia":[{"embeddable":true,"href":"https:\/\/potenciaradiofonicadominicana.com\/portal\/wp-json\/wp\/v2\/media\/114955"}],"wp:attachment":[{"href":"https:\/\/potenciaradiofonicadominicana.com\/portal\/wp-json\/wp\/v2\/media?parent=114949"}],"wp:term":[{"taxonomy":"category","embeddable":true,"href":"https:\/\/potenciaradiofonicadominicana.com\/portal\/wp-json\/wp\/v2\/categories?post=114949"},{"taxonomy":"post_tag","embeddable":true,"href":"https:\/\/potenciaradiofonicadominicana.com\/portal\/wp-json\/wp\/v2\/tags?post=114949"}],"curies":[{"name":"wp","href":"https:\/\/api.w.org\/{rel}","templated":true}]}}