{"id":114935,"date":"2022-02-03T08:51:55","date_gmt":"2022-02-03T12:51:55","guid":{"rendered":"https:\/\/potenciaradiofonicadominicana.com\/portal\/?p=114935"},"modified":"2022-02-03T08:51:55","modified_gmt":"2022-02-03T12:51:55","slug":"fiturnext-reconoce-a-dominican-access","status":"publish","type":"post","link":"https:\/\/potenciaradiofonicadominicana.com\/portal\/fiturnext-reconoce-a-dominican-access\/","title":{"rendered":"FiturNext reconoce a Dominican Access"},"content":{"rendered":"<p><a href=\"https:\/\/potenciaradiofonicadominicana.com\/portal\/wp-content\/uploads\/2022\/02\/Foto-FiturNex.jpg\"><img loading=\"lazy\" decoding=\"async\" class=\"alignnone size-full wp-image-114937\" src=\"https:\/\/potenciaradiofonicadominicana.com\/portal\/wp-content\/uploads\/2022\/02\/Foto-FiturNex.jpg\" alt=\"\" width=\"867\" height=\"456\" srcset=\"https:\/\/potenciaradiofonicadominicana.com\/portal\/wp-content\/uploads\/2022\/02\/Foto-FiturNex.jpg 867w, https:\/\/potenciaradiofonicadominicana.com\/portal\/wp-content\/uploads\/2022\/02\/Foto-FiturNex-300x158.jpg 300w, https:\/\/potenciaradiofonicadominicana.com\/portal\/wp-content\/uploads\/2022\/02\/Foto-FiturNex-768x404.jpg 768w\" sizes=\"auto, (max-width: 867px) 100vw, 867px\" \/><\/a><\/p>\n<p>En el marco de celebraci\u00f3n de la Feria Internacional de Turismo\u00a0(Fitur)\u00a0que se realiz\u00f3 en Madrid, Espa\u00f1a, el Observatorio FiturNext, reconoci\u00f3 a\u00a0Dominican Access\u00a0en la categor\u00eda \u201cGesti\u00f3n y promoci\u00f3n de la accesibilidad en el turismo\u201d, por su alta replicabilidad e impacto positivo en el turismo accesible.<\/p>\n<p>Dominican Access\u00a0fue seleccionado para dicho galard\u00f3n luego de que el Observatorio FiturNext, patrocinado por Mastercard, estudi\u00f3 las diferentes iniciativas a favor de la accesibilidad realizadas por entidades en distintos pa\u00edses.<\/p>\n<p>El objetivo del Observatorio FiturNext es distinguir a organismos que con sus acciones fomentan el turismo accesible para todos, y\u00a0Dominican Access\u00a0es una iniciativa que\u00a0naci\u00f3 ante la necesidad de organizaciones p\u00fablicas y privadas de adaptarse en temas de accesibilidad, con soluciones efectivas que incluyan a todas las personas, sin importar su condici\u00f3n.<\/p>\n<p>\u201cLa accesibilidad va mucho m\u00e1s all\u00e1 de poner rampas y puertas amplias en los ba\u00f1os. Los espacios urbanos y los destinos tur\u00edsticos, son lugares para vivir y visitar de la manera m\u00e1s c\u00f3moda posible, no una pista de barreras a salvar diariamente desde que se sale de casa o el hotel\u201d, expres\u00f3 Adis Ozuna, presidenta de Dominican Access. Quien agreg\u00f3 que todo el equipo de Dominican Access se siente honrado y agradecido con la distinci\u00f3n recibida por parte de FiturNext 2022,<\/p>\n<p>Basados en su compromiso social, competitividad e innovaci\u00f3n, desde 2016\u00a0Dominican Access\u00a0se enfoca en ofrecer soluciones de dise\u00f1o para cada uno de sus clientes, con un excepcional equipo de colaboradores que abordan la accesibilidad con visi\u00f3n, para de dicha forma obtener el mejor resultado a favor de la inclusi\u00f3n.<\/p>\n<p>Dominican Access\u00a0se destaca por ser la empresa pionera en la innovaci\u00f3n de servicios especializados de accesibilidad universal en la Rep\u00fablica Dominicana, adem\u00e1s de ser los aliados estrat\u00e9gicos de todo tipo de empresas que tienen el inter\u00e9s de alcanzar sus objetivos de inclusi\u00f3n social y de esta forma\u00a0optimizar los recursos y obtener mejores resultados.<\/p>\n<p>Ha contribuido a implementar la accesibilidad en m\u00e1s de 100 construcciones en todo el pa\u00eds, haciendo de estos lugares m\u00e1s adecuados para todas las personas. \u201cEstamos trabajando para que cada d\u00eda se sumen m\u00e1s instituciones y empresas que quieran ofrecer espacio donde todos puedan sentirse c\u00f3modos y tomados en cuenta\u201d, apunt\u00f3 Ozuna.<\/p>\n","protected":false},"excerpt":{"rendered":"<p>En el marco de celebraci\u00f3n de la Feria Internacional de Turismo\u00a0(Fitur)\u00a0que se realiz\u00f3 en Madrid, Espa\u00f1a, el Observatorio FiturNext, reconoci\u00f3 &#8230;<\/p>\n","protected":false},"author":2,"featured_media":114937,"comment_status":"open","ping_status":"open","sticky":false,"template":"","format":"standard","meta":{"footnotes":""},"categories":[26],"tags":[],"class_list":["post-114935","post","type-post","status-publish","format-standard","has-post-thumbnail","hentry","category-economia"],"yoast_head":"<!-- This site is optimized with the Yoast SEO plugin v24.8.1 - https:\/\/yoast.com\/wordpress\/plugins\/seo\/ -->\n<title>FiturNext reconoce a Dominican Access - PotenciaRadiofonicaDominicana.com<\/title>\n<meta name=\"robots\" content=\"index, follow, max-snippet:-1, max-image-preview:large, max-video-preview:-1\" \/>\n<link rel=\"canonical\" href=\"https:\/\/potenciaradiofonicadominicana.com\/portal\/fiturnext-reconoce-a-dominican-access\/\" \/>\n<meta property=\"og:locale\" content=\"es_ES\" \/>\n<meta property=\"og:type\" content=\"article\" \/>\n<meta property=\"og:title\" content=\"FiturNext reconoce a Dominican Access - PotenciaRadiofonicaDominicana.com\" \/>\n<meta property=\"og:description\" content=\"En el marco de celebraci\u00f3n de la Feria Internacional de Turismo\u00a0(Fitur)\u00a0que se realiz\u00f3 en Madrid, Espa\u00f1a, el Observatorio FiturNext, reconoci\u00f3 ...\" \/>\n<meta property=\"og:url\" content=\"https:\/\/potenciaradiofonicadominicana.com\/portal\/fiturnext-reconoce-a-dominican-access\/\" \/>\n<meta property=\"og:site_name\" content=\"PotenciaRadiofonicaDominicana.com\" \/>\n<meta property=\"article:publisher\" content=\"https:\/\/web.facebook.com\/PotenciaRadiofonicaD\" \/>\n<meta property=\"article:published_time\" content=\"2022-02-03T12:51:55+00:00\" \/>\n<meta property=\"og:image\" content=\"https:\/\/potenciaradiofonicadominicana.com\/portal\/wp-content\/uploads\/2022\/02\/Foto-FiturNex.jpg\" \/>\n\t<meta property=\"og:image:width\" content=\"867\" \/>\n\t<meta property=\"og:image:height\" content=\"456\" \/>\n\t<meta property=\"og:image:type\" content=\"image\/jpeg\" \/>\n<meta name=\"author\" content=\"Potencia Radiof\u00f3nica Dominicana\" \/>\n<meta name=\"twitter:card\" content=\"summary_large_image\" \/>\n<meta name=\"twitter:label1\" content=\"Escrito por\" \/>\n\t<meta name=\"twitter:data1\" content=\"Potencia Radiof\u00f3nica Dominicana\" \/>\n\t<meta name=\"twitter:label2\" content=\"Tiempo de lectura\" \/>\n\t<meta name=\"twitter:data2\" content=\"2 minutos\" \/>\n<script type=\"application\/ld+json\" class=\"yoast-schema-graph\">{\"@context\":\"https:\/\/schema.org\",\"@graph\":[{\"@type\":\"Article\",\"@id\":\"https:\/\/potenciaradiofonicadominicana.com\/portal\/fiturnext-reconoce-a-dominican-access\/#article\",\"isPartOf\":{\"@id\":\"https:\/\/potenciaradiofonicadominicana.com\/portal\/fiturnext-reconoce-a-dominican-access\/\"},\"author\":{\"name\":\"Potencia Radiof\u00f3nica Dominicana\",\"@id\":\"https:\/\/potenciaradiofonicadominicana.com\/portal\/#\/schema\/person\/a5cf1fea13877803ee0573ac18b03490\"},\"headline\":\"FiturNext reconoce a Dominican Access\",\"datePublished\":\"2022-02-03T12:51:55+00:00\",\"mainEntityOfPage\":{\"@id\":\"https:\/\/potenciaradiofonicadominicana.com\/portal\/fiturnext-reconoce-a-dominican-access\/\"},\"wordCount\":404,\"commentCount\":0,\"publisher\":{\"@id\":\"https:\/\/potenciaradiofonicadominicana.com\/portal\/#organization\"},\"image\":{\"@id\":\"https:\/\/potenciaradiofonicadominicana.com\/portal\/fiturnext-reconoce-a-dominican-access\/#primaryimage\"},\"thumbnailUrl\":\"https:\/\/potenciaradiofonicadominicana.com\/portal\/wp-content\/uploads\/2022\/02\/Foto-FiturNex.jpg\",\"articleSection\":[\"Econom\u00eda\"],\"inLanguage\":\"es\",\"potentialAction\":[{\"@type\":\"CommentAction\",\"name\":\"Comment\",\"target\":[\"https:\/\/potenciaradiofonicadominicana.com\/portal\/fiturnext-reconoce-a-dominican-access\/#respond\"]}]},{\"@type\":\"WebPage\",\"@id\":\"https:\/\/potenciaradiofonicadominicana.com\/portal\/fiturnext-reconoce-a-dominican-access\/\",\"url\":\"https:\/\/potenciaradiofonicadominicana.com\/portal\/fiturnext-reconoce-a-dominican-access\/\",\"name\":\"FiturNext reconoce a Dominican Access - PotenciaRadiofonicaDominicana.com\",\"isPartOf\":{\"@id\":\"https:\/\/potenciaradiofonicadominicana.com\/portal\/#website\"},\"primaryImageOfPage\":{\"@id\":\"https:\/\/potenciaradiofonicadominicana.com\/portal\/fiturnext-reconoce-a-dominican-access\/#primaryimage\"},\"image\":{\"@id\":\"https:\/\/potenciaradiofonicadominicana.com\/portal\/fiturnext-reconoce-a-dominican-access\/#primaryimage\"},\"thumbnailUrl\":\"https:\/\/potenciaradiofonicadominicana.com\/portal\/wp-content\/uploads\/2022\/02\/Foto-FiturNex.jpg\",\"datePublished\":\"2022-02-03T12:51:55+00:00\",\"breadcrumb\":{\"@id\":\"https:\/\/potenciaradiofonicadominicana.com\/portal\/fiturnext-reconoce-a-dominican-access\/#breadcrumb\"},\"inLanguage\":\"es\",\"potentialAction\":[{\"@type\":\"ReadAction\",\"target\":[\"https:\/\/potenciaradiofonicadominicana.com\/portal\/fiturnext-reconoce-a-dominican-access\/\"]}]},{\"@type\":\"ImageObject\",\"inLanguage\":\"es\",\"@id\":\"https:\/\/potenciaradiofonicadominicana.com\/portal\/fiturnext-reconoce-a-dominican-access\/#primaryimage\",\"url\":\"https:\/\/potenciaradiofonicadominicana.com\/portal\/wp-content\/uploads\/2022\/02\/Foto-FiturNex.jpg\",\"contentUrl\":\"https:\/\/potenciaradiofonicadominicana.com\/portal\/wp-content\/uploads\/2022\/02\/Foto-FiturNex.jpg\",\"width\":867,\"height\":456},{\"@type\":\"BreadcrumbList\",\"@id\":\"https:\/\/potenciaradiofonicadominicana.com\/portal\/fiturnext-reconoce-a-dominican-access\/#breadcrumb\",\"itemListElement\":[{\"@type\":\"ListItem\",\"position\":1,\"name\":\"Portada\",\"item\":\"https:\/\/potenciaradiofonicadominicana.com\/portal\/\"},{\"@type\":\"ListItem\",\"position\":2,\"name\":\"FiturNext reconoce a Dominican Access\"}]},{\"@type\":\"WebSite\",\"@id\":\"https:\/\/potenciaradiofonicadominicana.com\/portal\/#website\",\"url\":\"https:\/\/potenciaradiofonicadominicana.com\/portal\/\",\"name\":\"PotenciaRadiofonicaDominicana.com\",\"description\":\"Peri\u00f3dico Digital\",\"publisher\":{\"@id\":\"https:\/\/potenciaradiofonicadominicana.com\/portal\/#organization\"},\"potentialAction\":[{\"@type\":\"SearchAction\",\"target\":{\"@type\":\"EntryPoint\",\"urlTemplate\":\"https:\/\/potenciaradiofonicadominicana.com\/portal\/?s={search_term_string}\"},\"query-input\":{\"@type\":\"PropertyValueSpecification\",\"valueRequired\":true,\"valueName\":\"search_term_string\"}}],\"inLanguage\":\"es\"},{\"@type\":\"Organization\",\"@id\":\"https:\/\/potenciaradiofonicadominicana.com\/portal\/#organization\",\"name\":\"PotenciaRadiofonicaDominicana.com\",\"url\":\"https:\/\/potenciaradiofonicadominicana.com\/portal\/\",\"logo\":{\"@type\":\"ImageObject\",\"inLanguage\":\"es\",\"@id\":\"https:\/\/potenciaradiofonicadominicana.com\/portal\/#\/schema\/logo\/image\/\",\"url\":\"https:\/\/potenciaradiofonicadominicana.com\/portal\/wp-content\/uploads\/2022\/01\/descarga.png\",\"contentUrl\":\"https:\/\/potenciaradiofonicadominicana.com\/portal\/wp-content\/uploads\/2022\/01\/descarga.png\",\"width\":300,\"height\":100,\"caption\":\"PotenciaRadiofonicaDominicana.com\"},\"image\":{\"@id\":\"https:\/\/potenciaradiofonicadominicana.com\/portal\/#\/schema\/logo\/image\/\"},\"sameAs\":[\"https:\/\/web.facebook.com\/PotenciaRadiofonicaD\"]},{\"@type\":\"Person\",\"@id\":\"https:\/\/potenciaradiofonicadominicana.com\/portal\/#\/schema\/person\/a5cf1fea13877803ee0573ac18b03490\",\"name\":\"Potencia Radiof\u00f3nica Dominicana\",\"image\":{\"@type\":\"ImageObject\",\"inLanguage\":\"es\",\"@id\":\"https:\/\/potenciaradiofonicadominicana.com\/portal\/#\/schema\/person\/image\/\",\"url\":\"https:\/\/secure.gravatar.com\/avatar\/42a55ab9e8ccc656ba34cd791990602a?s=96&d=mm&r=g\",\"contentUrl\":\"https:\/\/secure.gravatar.com\/avatar\/42a55ab9e8ccc656ba34cd791990602a?s=96&d=mm&r=g\",\"caption\":\"Potencia Radiof\u00f3nica Dominicana\"},\"url\":\"https:\/\/potenciaradiofonicadominicana.com\/portal\/author\/johannyalmanzar\/\"}]}<\/script>\n<!-- \/ Yoast SEO plugin. -->","yoast_head_json":{"title":"FiturNext reconoce a Dominican Access - PotenciaRadiofonicaDominicana.com","robots":{"index":"index","follow":"follow","max-snippet":"max-snippet:-1","max-image-preview":"max-image-preview:large","max-video-preview":"max-video-preview:-1"},"canonical":"https:\/\/potenciaradiofonicadominicana.com\/portal\/fiturnext-reconoce-a-dominican-access\/","og_locale":"es_ES","og_type":"article","og_title":"FiturNext reconoce a Dominican Access - PotenciaRadiofonicaDominicana.com","og_description":"En el marco de celebraci\u00f3n de la Feria Internacional de Turismo\u00a0(Fitur)\u00a0que se realiz\u00f3 en Madrid, Espa\u00f1a, el Observatorio FiturNext, reconoci\u00f3 ...","og_url":"https:\/\/potenciaradiofonicadominicana.com\/portal\/fiturnext-reconoce-a-dominican-access\/","og_site_name":"PotenciaRadiofonicaDominicana.com","article_publisher":"https:\/\/web.facebook.com\/PotenciaRadiofonicaD","article_published_time":"2022-02-03T12:51:55+00:00","og_image":[{"width":867,"height":456,"url":"https:\/\/potenciaradiofonicadominicana.com\/portal\/wp-content\/uploads\/2022\/02\/Foto-FiturNex.jpg","type":"image\/jpeg"}],"author":"Potencia Radiof\u00f3nica Dominicana","twitter_card":"summary_large_image","twitter_misc":{"Escrito por":"Potencia Radiof\u00f3nica Dominicana","Tiempo de lectura":"2 minutos"},"schema":{"@context":"https:\/\/schema.org","@graph":[{"@type":"Article","@id":"https:\/\/potenciaradiofonicadominicana.com\/portal\/fiturnext-reconoce-a-dominican-access\/#article","isPartOf":{"@id":"https:\/\/potenciaradiofonicadominicana.com\/portal\/fiturnext-reconoce-a-dominican-access\/"},"author":{"name":"Potencia Radiof\u00f3nica Dominicana","@id":"https:\/\/potenciaradiofonicadominicana.com\/portal\/#\/schema\/person\/a5cf1fea13877803ee0573ac18b03490"},"headline":"FiturNext reconoce a Dominican Access","datePublished":"2022-02-03T12:51:55+00:00","mainEntityOfPage":{"@id":"https:\/\/potenciaradiofonicadominicana.com\/portal\/fiturnext-reconoce-a-dominican-access\/"},"wordCount":404,"commentCount":0,"publisher":{"@id":"https:\/\/potenciaradiofonicadominicana.com\/portal\/#organization"},"image":{"@id":"https:\/\/potenciaradiofonicadominicana.com\/portal\/fiturnext-reconoce-a-dominican-access\/#primaryimage"},"thumbnailUrl":"https:\/\/potenciaradiofonicadominicana.com\/portal\/wp-content\/uploads\/2022\/02\/Foto-FiturNex.jpg","articleSection":["Econom\u00eda"],"inLanguage":"es","potentialAction":[{"@type":"CommentAction","name":"Comment","target":["https:\/\/potenciaradiofonicadominicana.com\/portal\/fiturnext-reconoce-a-dominican-access\/#respond"]}]},{"@type":"WebPage","@id":"https:\/\/potenciaradiofonicadominicana.com\/portal\/fiturnext-reconoce-a-dominican-access\/","url":"https:\/\/potenciaradiofonicadominicana.com\/portal\/fiturnext-reconoce-a-dominican-access\/","name":"FiturNext reconoce a Dominican Access - PotenciaRadiofonicaDominicana.com","isPartOf":{"@id":"https:\/\/potenciaradiofonicadominicana.com\/portal\/#website"},"primaryImageOfPage":{"@id":"https:\/\/potenciaradiofonicadominicana.com\/portal\/fiturnext-reconoce-a-dominican-access\/#primaryimage"},"image":{"@id":"https:\/\/potenciaradiofonicadominicana.com\/portal\/fiturnext-reconoce-a-dominican-access\/#primaryimage"},"thumbnailUrl":"https:\/\/potenciaradiofonicadominicana.com\/portal\/wp-content\/uploads\/2022\/02\/Foto-FiturNex.jpg","datePublished":"2022-02-03T12:51:55+00:00","breadcrumb":{"@id":"https:\/\/potenciaradiofonicadominicana.com\/portal\/fiturnext-reconoce-a-dominican-access\/#breadcrumb"},"inLanguage":"es","potentialAction":[{"@type":"ReadAction","target":["https:\/\/potenciaradiofonicadominicana.com\/portal\/fiturnext-reconoce-a-dominican-access\/"]}]},{"@type":"ImageObject","inLanguage":"es","@id":"https:\/\/potenciaradiofonicadominicana.com\/portal\/fiturnext-reconoce-a-dominican-access\/#primaryimage","url":"https:\/\/potenciaradiofonicadominicana.com\/portal\/wp-content\/uploads\/2022\/02\/Foto-FiturNex.jpg","contentUrl":"https:\/\/potenciaradiofonicadominicana.com\/portal\/wp-content\/uploads\/2022\/02\/Foto-FiturNex.jpg","width":867,"height":456},{"@type":"BreadcrumbList","@id":"https:\/\/potenciaradiofonicadominicana.com\/portal\/fiturnext-reconoce-a-dominican-access\/#breadcrumb","itemListElement":[{"@type":"ListItem","position":1,"name":"Portada","item":"https:\/\/potenciaradiofonicadominicana.com\/portal\/"},{"@type":"ListItem","position":2,"name":"FiturNext reconoce a Dominican Access"}]},{"@type":"WebSite","@id":"https:\/\/potenciaradiofonicadominicana.com\/portal\/#website","url":"https:\/\/potenciaradiofonicadominicana.com\/portal\/","name":"PotenciaRadiofonicaDominicana.com","description":"Peri\u00f3dico Digital","publisher":{"@id":"https:\/\/potenciaradiofonicadominicana.com\/portal\/#organization"},"potentialAction":[{"@type":"SearchAction","target":{"@type":"EntryPoint","urlTemplate":"https:\/\/potenciaradiofonicadominicana.com\/portal\/?s={search_term_string}"},"query-input":{"@type":"PropertyValueSpecification","valueRequired":true,"valueName":"search_term_string"}}],"inLanguage":"es"},{"@type":"Organization","@id":"https:\/\/potenciaradiofonicadominicana.com\/portal\/#organization","name":"PotenciaRadiofonicaDominicana.com","url":"https:\/\/potenciaradiofonicadominicana.com\/portal\/","logo":{"@type":"ImageObject","inLanguage":"es","@id":"https:\/\/potenciaradiofonicadominicana.com\/portal\/#\/schema\/logo\/image\/","url":"https:\/\/potenciaradiofonicadominicana.com\/portal\/wp-content\/uploads\/2022\/01\/descarga.png","contentUrl":"https:\/\/potenciaradiofonicadominicana.com\/portal\/wp-content\/uploads\/2022\/01\/descarga.png","width":300,"height":100,"caption":"PotenciaRadiofonicaDominicana.com"},"image":{"@id":"https:\/\/potenciaradiofonicadominicana.com\/portal\/#\/schema\/logo\/image\/"},"sameAs":["https:\/\/web.facebook.com\/PotenciaRadiofonicaD"]},{"@type":"Person","@id":"https:\/\/potenciaradiofonicadominicana.com\/portal\/#\/schema\/person\/a5cf1fea13877803ee0573ac18b03490","name":"Potencia Radiof\u00f3nica Dominicana","image":{"@type":"ImageObject","inLanguage":"es","@id":"https:\/\/potenciaradiofonicadominicana.com\/portal\/#\/schema\/person\/image\/","url":"https:\/\/secure.gravatar.com\/avatar\/42a55ab9e8ccc656ba34cd791990602a?s=96&d=mm&r=g","contentUrl":"https:\/\/secure.gravatar.com\/avatar\/42a55ab9e8ccc656ba34cd791990602a?s=96&d=mm&r=g","caption":"Potencia Radiof\u00f3nica Dominicana"},"url":"https:\/\/potenciaradiofonicadominicana.com\/portal\/author\/johannyalmanzar\/"}]}},"_links":{"self":[{"href":"https:\/\/potenciaradiofonicadominicana.com\/portal\/wp-json\/wp\/v2\/posts\/114935","targetHints":{"allow":["GET"]}}],"collection":[{"href":"https:\/\/potenciaradiofonicadominicana.com\/portal\/wp-json\/wp\/v2\/posts"}],"about":[{"href":"https:\/\/potenciaradiofonicadominicana.com\/portal\/wp-json\/wp\/v2\/types\/post"}],"author":[{"embeddable":true,"href":"https:\/\/potenciaradiofonicadominicana.com\/portal\/wp-json\/wp\/v2\/users\/2"}],"replies":[{"embeddable":true,"href":"https:\/\/potenciaradiofonicadominicana.com\/portal\/wp-json\/wp\/v2\/comments?post=114935"}],"version-history":[{"count":1,"href":"https:\/\/potenciaradiofonicadominicana.com\/portal\/wp-json\/wp\/v2\/posts\/114935\/revisions"}],"predecessor-version":[{"id":114938,"href":"https:\/\/potenciaradiofonicadominicana.com\/portal\/wp-json\/wp\/v2\/posts\/114935\/revisions\/114938"}],"wp:featuredmedia":[{"embeddable":true,"href":"https:\/\/potenciaradiofonicadominicana.com\/portal\/wp-json\/wp\/v2\/media\/114937"}],"wp:attachment":[{"href":"https:\/\/potenciaradiofonicadominicana.com\/portal\/wp-json\/wp\/v2\/media?parent=114935"}],"wp:term":[{"taxonomy":"category","embeddable":true,"href":"https:\/\/potenciaradiofonicadominicana.com\/portal\/wp-json\/wp\/v2\/categories?post=114935"},{"taxonomy":"post_tag","embeddable":true,"href":"https:\/\/potenciaradiofonicadominicana.com\/portal\/wp-json\/wp\/v2\/tags?post=114935"}],"curies":[{"name":"wp","href":"https:\/\/api.w.org\/{rel}","templated":true}]}}