{"id":114926,"date":"2022-02-03T08:47:48","date_gmt":"2022-02-03T12:47:48","guid":{"rendered":"https:\/\/potenciaradiofonicadominicana.com\/portal\/?p=114926"},"modified":"2022-02-03T08:47:48","modified_gmt":"2022-02-03T12:47:48","slug":"economista-advierte-represion-financiera-seguira-por-anos","status":"publish","type":"post","link":"https:\/\/potenciaradiofonicadominicana.com\/portal\/economista-advierte-represion-financiera-seguira-por-anos\/","title":{"rendered":"Economista advierte represi\u00f3n financiera seguir\u00e1 por a\u00f1os"},"content":{"rendered":"<p><a href=\"https:\/\/potenciaradiofonicadominicana.com\/portal\/wp-content\/uploads\/2022\/02\/03_02_2022-HOY_JUEVES_030222_-Economia14-.jpg\"><img loading=\"lazy\" decoding=\"async\" class=\"alignnone size-full wp-image-114928\" src=\"https:\/\/potenciaradiofonicadominicana.com\/portal\/wp-content\/uploads\/2022\/02\/03_02_2022-HOY_JUEVES_030222_-Economia14-.jpg\" alt=\"\" width=\"480\" height=\"687\" srcset=\"https:\/\/potenciaradiofonicadominicana.com\/portal\/wp-content\/uploads\/2022\/02\/03_02_2022-HOY_JUEVES_030222_-Economia14-.jpg 480w, https:\/\/potenciaradiofonicadominicana.com\/portal\/wp-content\/uploads\/2022\/02\/03_02_2022-HOY_JUEVES_030222_-Economia14--210x300.jpg 210w\" sizes=\"auto, (max-width: 480px) 100vw, 480px\" \/><\/a><\/p>\n<p>El economista espa\u00f1ol\u00a0Leopoldo Torralba, profesor de finanzas y economista senior de Arcano, cree que la represi\u00f3n financiera va a seguir a\u00f1os y a\u00f1os, por lo que sugiere a los inversores que en lugar de dep\u00f3sitos m\u00e1s vale que incrementen riesgos hacia\u00a0la bolsa o inmuebles, activos que cubren\u00a0mejor la inflaci\u00f3n que la renta fija.<\/p>\n<p>En una entrevista para el diario espa\u00f1ol\u00a0El Economista. Es, el experto prev\u00e9 que los bancos centrales van a tolerar inflaciones m\u00e1s altas que las del pasado y por eso los tipos van a estar m\u00e1s tiempo por debajo de la media hist\u00f3rica.<\/p>\n<p>Reconoci\u00f3 que ese tipo de pol\u00edticas generan una represi\u00f3n financiera que\u00a0se come el ahorro conservador.<\/p>\n<p>Explic\u00f3 que el objetivo real de la banca central, aunque no declarado, es que los tipos de inter\u00e9s reales sean negativos o muy bajos porque su objetivo principal es\u00a0reducir la deuda p\u00fablica\u00a0sobre PIB, como ya ocurri\u00f3 tras las guerras mundiales.<\/p>\n<p><a href=\"https:\/\/hoy.com.do\/por-que-tu-dinero-vale-menos-y-que-afecta-las-finanzas-en-al\/\">Por qu\u00e9 tu dinero vale menos y qu\u00e9 afecta las finanzas en AL<\/a><\/p>\n<p>\u201cLa banca central ataca el numerador intentando que la deuda no suba, conteniendo los d\u00e9ficits manteniendo los intereses nominales bajos. Por otra parte tambi\u00e9n se puede reducir aumentando el denominador, aumentando el PIB nominal a trav\u00e9s de la inflaci\u00f3n (que es m\u00e1s f\u00e1cil que a trav\u00e9s del crecimiento real)\u201d, explic\u00f3.<\/p>\n<p>En cuanto a las bolsas, se\u00f1ala que a corto plazo se mueven por m\u00faltiples variables y act\u00faan por infinitos motivos.<\/p>\n<p>Ahora mismo ten\u00edan muchas razones para caer a corto plazo.<\/p>\n<p>Primero\u00a0porque llevan la subida ininterrumpida m\u00e1s larga de la historia. Solo por ese factor ya deber\u00edan haber ca\u00eddo hace tiempo.<\/p>\n<p>Segundo\u00a0porque los bancos centrales, sobre todo la Fed, se han mostrado relativamente m\u00e1s agresivos de lo que se esperaba. Por lo tanto la pol\u00edtica monetaria ha sorprendido de forma negativa al mercado.<\/p>\n<p>Por \u00faltimo, est\u00e1 la incertidumbre con\u00a0Rusia, Ucrania y el gas.\u00a0En la bolsa lo peor que hay es la incertidumbre, es mucho mejor una mala noticia que una incertidumbre.<\/p>\n<p>Con todo esto lo raro ser\u00eda que las bolsas no estuvieran corrigiendo.<\/p>\n<p>Con relaci\u00f3n a la inflaci\u00f3n en Estados Unidos, cree que no se descontrolar\u00e1 en EEUU. Los precios ser\u00e1n superiores a los de a\u00f1os pasados, pero no se mantendr\u00e1n los niveles actuales.<\/p>\n<p>Plantea que el catalizador de la inflaci\u00f3n ha sido la fuerte demanda de bienes duraderos del consumidor americano.<\/p>\n","protected":false},"excerpt":{"rendered":"<p>El economista espa\u00f1ol\u00a0Leopoldo Torralba, profesor de finanzas y economista senior de Arcano, cree que la represi\u00f3n financiera va a seguir &#8230;<\/p>\n","protected":false},"author":2,"featured_media":114928,"comment_status":"open","ping_status":"open","sticky":false,"template":"","format":"standard","meta":{"footnotes":""},"categories":[26],"tags":[],"class_list":["post-114926","post","type-post","status-publish","format-standard","has-post-thumbnail","hentry","category-economia"],"yoast_head":"<!-- This site is optimized with the Yoast SEO plugin v24.8.1 - https:\/\/yoast.com\/wordpress\/plugins\/seo\/ -->\n<title>Economista advierte represi\u00f3n financiera seguir\u00e1 por a\u00f1os - PotenciaRadiofonicaDominicana.com<\/title>\n<meta name=\"robots\" content=\"index, follow, max-snippet:-1, max-image-preview:large, max-video-preview:-1\" \/>\n<link rel=\"canonical\" href=\"https:\/\/potenciaradiofonicadominicana.com\/portal\/economista-advierte-represion-financiera-seguira-por-anos\/\" \/>\n<meta property=\"og:locale\" content=\"es_ES\" \/>\n<meta property=\"og:type\" content=\"article\" \/>\n<meta property=\"og:title\" content=\"Economista advierte represi\u00f3n financiera seguir\u00e1 por a\u00f1os - PotenciaRadiofonicaDominicana.com\" \/>\n<meta property=\"og:description\" content=\"El economista espa\u00f1ol\u00a0Leopoldo Torralba, profesor de finanzas y economista senior de Arcano, cree que la represi\u00f3n financiera va a seguir ...\" \/>\n<meta property=\"og:url\" content=\"https:\/\/potenciaradiofonicadominicana.com\/portal\/economista-advierte-represion-financiera-seguira-por-anos\/\" \/>\n<meta property=\"og:site_name\" content=\"PotenciaRadiofonicaDominicana.com\" \/>\n<meta property=\"article:publisher\" content=\"https:\/\/web.facebook.com\/PotenciaRadiofonicaD\" \/>\n<meta property=\"article:published_time\" content=\"2022-02-03T12:47:48+00:00\" \/>\n<meta property=\"og:image\" content=\"https:\/\/potenciaradiofonicadominicana.com\/portal\/wp-content\/uploads\/2022\/02\/03_02_2022-HOY_JUEVES_030222_-Economia14-.jpg\" \/>\n\t<meta property=\"og:image:width\" content=\"480\" \/>\n\t<meta property=\"og:image:height\" content=\"687\" \/>\n\t<meta property=\"og:image:type\" content=\"image\/jpeg\" \/>\n<meta name=\"author\" content=\"Potencia Radiof\u00f3nica Dominicana\" \/>\n<meta name=\"twitter:card\" content=\"summary_large_image\" \/>\n<meta name=\"twitter:label1\" content=\"Escrito por\" \/>\n\t<meta name=\"twitter:data1\" content=\"Potencia Radiof\u00f3nica Dominicana\" \/>\n\t<meta name=\"twitter:label2\" content=\"Tiempo de lectura\" \/>\n\t<meta name=\"twitter:data2\" content=\"2 minutos\" \/>\n<script type=\"application\/ld+json\" class=\"yoast-schema-graph\">{\"@context\":\"https:\/\/schema.org\",\"@graph\":[{\"@type\":\"Article\",\"@id\":\"https:\/\/potenciaradiofonicadominicana.com\/portal\/economista-advierte-represion-financiera-seguira-por-anos\/#article\",\"isPartOf\":{\"@id\":\"https:\/\/potenciaradiofonicadominicana.com\/portal\/economista-advierte-represion-financiera-seguira-por-anos\/\"},\"author\":{\"name\":\"Potencia Radiof\u00f3nica Dominicana\",\"@id\":\"https:\/\/potenciaradiofonicadominicana.com\/portal\/#\/schema\/person\/a5cf1fea13877803ee0573ac18b03490\"},\"headline\":\"Economista advierte represi\u00f3n financiera seguir\u00e1 por a\u00f1os\",\"datePublished\":\"2022-02-03T12:47:48+00:00\",\"mainEntityOfPage\":{\"@id\":\"https:\/\/potenciaradiofonicadominicana.com\/portal\/economista-advierte-represion-financiera-seguira-por-anos\/\"},\"wordCount\":442,\"commentCount\":0,\"publisher\":{\"@id\":\"https:\/\/potenciaradiofonicadominicana.com\/portal\/#organization\"},\"image\":{\"@id\":\"https:\/\/potenciaradiofonicadominicana.com\/portal\/economista-advierte-represion-financiera-seguira-por-anos\/#primaryimage\"},\"thumbnailUrl\":\"https:\/\/potenciaradiofonicadominicana.com\/portal\/wp-content\/uploads\/2022\/02\/03_02_2022-HOY_JUEVES_030222_-Economia14-.jpg\",\"articleSection\":[\"Econom\u00eda\"],\"inLanguage\":\"es\",\"potentialAction\":[{\"@type\":\"CommentAction\",\"name\":\"Comment\",\"target\":[\"https:\/\/potenciaradiofonicadominicana.com\/portal\/economista-advierte-represion-financiera-seguira-por-anos\/#respond\"]}]},{\"@type\":\"WebPage\",\"@id\":\"https:\/\/potenciaradiofonicadominicana.com\/portal\/economista-advierte-represion-financiera-seguira-por-anos\/\",\"url\":\"https:\/\/potenciaradiofonicadominicana.com\/portal\/economista-advierte-represion-financiera-seguira-por-anos\/\",\"name\":\"Economista advierte represi\u00f3n financiera seguir\u00e1 por a\u00f1os - PotenciaRadiofonicaDominicana.com\",\"isPartOf\":{\"@id\":\"https:\/\/potenciaradiofonicadominicana.com\/portal\/#website\"},\"primaryImageOfPage\":{\"@id\":\"https:\/\/potenciaradiofonicadominicana.com\/portal\/economista-advierte-represion-financiera-seguira-por-anos\/#primaryimage\"},\"image\":{\"@id\":\"https:\/\/potenciaradiofonicadominicana.com\/portal\/economista-advierte-represion-financiera-seguira-por-anos\/#primaryimage\"},\"thumbnailUrl\":\"https:\/\/potenciaradiofonicadominicana.com\/portal\/wp-content\/uploads\/2022\/02\/03_02_2022-HOY_JUEVES_030222_-Economia14-.jpg\",\"datePublished\":\"2022-02-03T12:47:48+00:00\",\"breadcrumb\":{\"@id\":\"https:\/\/potenciaradiofonicadominicana.com\/portal\/economista-advierte-represion-financiera-seguira-por-anos\/#breadcrumb\"},\"inLanguage\":\"es\",\"potentialAction\":[{\"@type\":\"ReadAction\",\"target\":[\"https:\/\/potenciaradiofonicadominicana.com\/portal\/economista-advierte-represion-financiera-seguira-por-anos\/\"]}]},{\"@type\":\"ImageObject\",\"inLanguage\":\"es\",\"@id\":\"https:\/\/potenciaradiofonicadominicana.com\/portal\/economista-advierte-represion-financiera-seguira-por-anos\/#primaryimage\",\"url\":\"https:\/\/potenciaradiofonicadominicana.com\/portal\/wp-content\/uploads\/2022\/02\/03_02_2022-HOY_JUEVES_030222_-Economia14-.jpg\",\"contentUrl\":\"https:\/\/potenciaradiofonicadominicana.com\/portal\/wp-content\/uploads\/2022\/02\/03_02_2022-HOY_JUEVES_030222_-Economia14-.jpg\",\"width\":480,\"height\":687},{\"@type\":\"BreadcrumbList\",\"@id\":\"https:\/\/potenciaradiofonicadominicana.com\/portal\/economista-advierte-represion-financiera-seguira-por-anos\/#breadcrumb\",\"itemListElement\":[{\"@type\":\"ListItem\",\"position\":1,\"name\":\"Portada\",\"item\":\"https:\/\/potenciaradiofonicadominicana.com\/portal\/\"},{\"@type\":\"ListItem\",\"position\":2,\"name\":\"Economista advierte represi\u00f3n financiera seguir\u00e1 por a\u00f1os\"}]},{\"@type\":\"WebSite\",\"@id\":\"https:\/\/potenciaradiofonicadominicana.com\/portal\/#website\",\"url\":\"https:\/\/potenciaradiofonicadominicana.com\/portal\/\",\"name\":\"PotenciaRadiofonicaDominicana.com\",\"description\":\"Peri\u00f3dico Digital\",\"publisher\":{\"@id\":\"https:\/\/potenciaradiofonicadominicana.com\/portal\/#organization\"},\"potentialAction\":[{\"@type\":\"SearchAction\",\"target\":{\"@type\":\"EntryPoint\",\"urlTemplate\":\"https:\/\/potenciaradiofonicadominicana.com\/portal\/?s={search_term_string}\"},\"query-input\":{\"@type\":\"PropertyValueSpecification\",\"valueRequired\":true,\"valueName\":\"search_term_string\"}}],\"inLanguage\":\"es\"},{\"@type\":\"Organization\",\"@id\":\"https:\/\/potenciaradiofonicadominicana.com\/portal\/#organization\",\"name\":\"PotenciaRadiofonicaDominicana.com\",\"url\":\"https:\/\/potenciaradiofonicadominicana.com\/portal\/\",\"logo\":{\"@type\":\"ImageObject\",\"inLanguage\":\"es\",\"@id\":\"https:\/\/potenciaradiofonicadominicana.com\/portal\/#\/schema\/logo\/image\/\",\"url\":\"https:\/\/potenciaradiofonicadominicana.com\/portal\/wp-content\/uploads\/2022\/01\/descarga.png\",\"contentUrl\":\"https:\/\/potenciaradiofonicadominicana.com\/portal\/wp-content\/uploads\/2022\/01\/descarga.png\",\"width\":300,\"height\":100,\"caption\":\"PotenciaRadiofonicaDominicana.com\"},\"image\":{\"@id\":\"https:\/\/potenciaradiofonicadominicana.com\/portal\/#\/schema\/logo\/image\/\"},\"sameAs\":[\"https:\/\/web.facebook.com\/PotenciaRadiofonicaD\"]},{\"@type\":\"Person\",\"@id\":\"https:\/\/potenciaradiofonicadominicana.com\/portal\/#\/schema\/person\/a5cf1fea13877803ee0573ac18b03490\",\"name\":\"Potencia Radiof\u00f3nica Dominicana\",\"image\":{\"@type\":\"ImageObject\",\"inLanguage\":\"es\",\"@id\":\"https:\/\/potenciaradiofonicadominicana.com\/portal\/#\/schema\/person\/image\/\",\"url\":\"https:\/\/secure.gravatar.com\/avatar\/42a55ab9e8ccc656ba34cd791990602a?s=96&d=mm&r=g\",\"contentUrl\":\"https:\/\/secure.gravatar.com\/avatar\/42a55ab9e8ccc656ba34cd791990602a?s=96&d=mm&r=g\",\"caption\":\"Potencia Radiof\u00f3nica Dominicana\"},\"url\":\"https:\/\/potenciaradiofonicadominicana.com\/portal\/author\/johannyalmanzar\/\"}]}<\/script>\n<!-- \/ Yoast SEO plugin. -->","yoast_head_json":{"title":"Economista advierte represi\u00f3n financiera seguir\u00e1 por a\u00f1os - PotenciaRadiofonicaDominicana.com","robots":{"index":"index","follow":"follow","max-snippet":"max-snippet:-1","max-image-preview":"max-image-preview:large","max-video-preview":"max-video-preview:-1"},"canonical":"https:\/\/potenciaradiofonicadominicana.com\/portal\/economista-advierte-represion-financiera-seguira-por-anos\/","og_locale":"es_ES","og_type":"article","og_title":"Economista advierte represi\u00f3n financiera seguir\u00e1 por a\u00f1os - PotenciaRadiofonicaDominicana.com","og_description":"El economista espa\u00f1ol\u00a0Leopoldo Torralba, profesor de finanzas y economista senior de Arcano, cree que la represi\u00f3n financiera va a seguir ...","og_url":"https:\/\/potenciaradiofonicadominicana.com\/portal\/economista-advierte-represion-financiera-seguira-por-anos\/","og_site_name":"PotenciaRadiofonicaDominicana.com","article_publisher":"https:\/\/web.facebook.com\/PotenciaRadiofonicaD","article_published_time":"2022-02-03T12:47:48+00:00","og_image":[{"width":480,"height":687,"url":"https:\/\/potenciaradiofonicadominicana.com\/portal\/wp-content\/uploads\/2022\/02\/03_02_2022-HOY_JUEVES_030222_-Economia14-.jpg","type":"image\/jpeg"}],"author":"Potencia Radiof\u00f3nica Dominicana","twitter_card":"summary_large_image","twitter_misc":{"Escrito por":"Potencia Radiof\u00f3nica Dominicana","Tiempo de lectura":"2 minutos"},"schema":{"@context":"https:\/\/schema.org","@graph":[{"@type":"Article","@id":"https:\/\/potenciaradiofonicadominicana.com\/portal\/economista-advierte-represion-financiera-seguira-por-anos\/#article","isPartOf":{"@id":"https:\/\/potenciaradiofonicadominicana.com\/portal\/economista-advierte-represion-financiera-seguira-por-anos\/"},"author":{"name":"Potencia Radiof\u00f3nica Dominicana","@id":"https:\/\/potenciaradiofonicadominicana.com\/portal\/#\/schema\/person\/a5cf1fea13877803ee0573ac18b03490"},"headline":"Economista advierte represi\u00f3n financiera seguir\u00e1 por a\u00f1os","datePublished":"2022-02-03T12:47:48+00:00","mainEntityOfPage":{"@id":"https:\/\/potenciaradiofonicadominicana.com\/portal\/economista-advierte-represion-financiera-seguira-por-anos\/"},"wordCount":442,"commentCount":0,"publisher":{"@id":"https:\/\/potenciaradiofonicadominicana.com\/portal\/#organization"},"image":{"@id":"https:\/\/potenciaradiofonicadominicana.com\/portal\/economista-advierte-represion-financiera-seguira-por-anos\/#primaryimage"},"thumbnailUrl":"https:\/\/potenciaradiofonicadominicana.com\/portal\/wp-content\/uploads\/2022\/02\/03_02_2022-HOY_JUEVES_030222_-Economia14-.jpg","articleSection":["Econom\u00eda"],"inLanguage":"es","potentialAction":[{"@type":"CommentAction","name":"Comment","target":["https:\/\/potenciaradiofonicadominicana.com\/portal\/economista-advierte-represion-financiera-seguira-por-anos\/#respond"]}]},{"@type":"WebPage","@id":"https:\/\/potenciaradiofonicadominicana.com\/portal\/economista-advierte-represion-financiera-seguira-por-anos\/","url":"https:\/\/potenciaradiofonicadominicana.com\/portal\/economista-advierte-represion-financiera-seguira-por-anos\/","name":"Economista advierte represi\u00f3n financiera seguir\u00e1 por a\u00f1os - PotenciaRadiofonicaDominicana.com","isPartOf":{"@id":"https:\/\/potenciaradiofonicadominicana.com\/portal\/#website"},"primaryImageOfPage":{"@id":"https:\/\/potenciaradiofonicadominicana.com\/portal\/economista-advierte-represion-financiera-seguira-por-anos\/#primaryimage"},"image":{"@id":"https:\/\/potenciaradiofonicadominicana.com\/portal\/economista-advierte-represion-financiera-seguira-por-anos\/#primaryimage"},"thumbnailUrl":"https:\/\/potenciaradiofonicadominicana.com\/portal\/wp-content\/uploads\/2022\/02\/03_02_2022-HOY_JUEVES_030222_-Economia14-.jpg","datePublished":"2022-02-03T12:47:48+00:00","breadcrumb":{"@id":"https:\/\/potenciaradiofonicadominicana.com\/portal\/economista-advierte-represion-financiera-seguira-por-anos\/#breadcrumb"},"inLanguage":"es","potentialAction":[{"@type":"ReadAction","target":["https:\/\/potenciaradiofonicadominicana.com\/portal\/economista-advierte-represion-financiera-seguira-por-anos\/"]}]},{"@type":"ImageObject","inLanguage":"es","@id":"https:\/\/potenciaradiofonicadominicana.com\/portal\/economista-advierte-represion-financiera-seguira-por-anos\/#primaryimage","url":"https:\/\/potenciaradiofonicadominicana.com\/portal\/wp-content\/uploads\/2022\/02\/03_02_2022-HOY_JUEVES_030222_-Economia14-.jpg","contentUrl":"https:\/\/potenciaradiofonicadominicana.com\/portal\/wp-content\/uploads\/2022\/02\/03_02_2022-HOY_JUEVES_030222_-Economia14-.jpg","width":480,"height":687},{"@type":"BreadcrumbList","@id":"https:\/\/potenciaradiofonicadominicana.com\/portal\/economista-advierte-represion-financiera-seguira-por-anos\/#breadcrumb","itemListElement":[{"@type":"ListItem","position":1,"name":"Portada","item":"https:\/\/potenciaradiofonicadominicana.com\/portal\/"},{"@type":"ListItem","position":2,"name":"Economista advierte represi\u00f3n financiera seguir\u00e1 por a\u00f1os"}]},{"@type":"WebSite","@id":"https:\/\/potenciaradiofonicadominicana.com\/portal\/#website","url":"https:\/\/potenciaradiofonicadominicana.com\/portal\/","name":"PotenciaRadiofonicaDominicana.com","description":"Peri\u00f3dico Digital","publisher":{"@id":"https:\/\/potenciaradiofonicadominicana.com\/portal\/#organization"},"potentialAction":[{"@type":"SearchAction","target":{"@type":"EntryPoint","urlTemplate":"https:\/\/potenciaradiofonicadominicana.com\/portal\/?s={search_term_string}"},"query-input":{"@type":"PropertyValueSpecification","valueRequired":true,"valueName":"search_term_string"}}],"inLanguage":"es"},{"@type":"Organization","@id":"https:\/\/potenciaradiofonicadominicana.com\/portal\/#organization","name":"PotenciaRadiofonicaDominicana.com","url":"https:\/\/potenciaradiofonicadominicana.com\/portal\/","logo":{"@type":"ImageObject","inLanguage":"es","@id":"https:\/\/potenciaradiofonicadominicana.com\/portal\/#\/schema\/logo\/image\/","url":"https:\/\/potenciaradiofonicadominicana.com\/portal\/wp-content\/uploads\/2022\/01\/descarga.png","contentUrl":"https:\/\/potenciaradiofonicadominicana.com\/portal\/wp-content\/uploads\/2022\/01\/descarga.png","width":300,"height":100,"caption":"PotenciaRadiofonicaDominicana.com"},"image":{"@id":"https:\/\/potenciaradiofonicadominicana.com\/portal\/#\/schema\/logo\/image\/"},"sameAs":["https:\/\/web.facebook.com\/PotenciaRadiofonicaD"]},{"@type":"Person","@id":"https:\/\/potenciaradiofonicadominicana.com\/portal\/#\/schema\/person\/a5cf1fea13877803ee0573ac18b03490","name":"Potencia Radiof\u00f3nica Dominicana","image":{"@type":"ImageObject","inLanguage":"es","@id":"https:\/\/potenciaradiofonicadominicana.com\/portal\/#\/schema\/person\/image\/","url":"https:\/\/secure.gravatar.com\/avatar\/42a55ab9e8ccc656ba34cd791990602a?s=96&d=mm&r=g","contentUrl":"https:\/\/secure.gravatar.com\/avatar\/42a55ab9e8ccc656ba34cd791990602a?s=96&d=mm&r=g","caption":"Potencia Radiof\u00f3nica Dominicana"},"url":"https:\/\/potenciaradiofonicadominicana.com\/portal\/author\/johannyalmanzar\/"}]}},"_links":{"self":[{"href":"https:\/\/potenciaradiofonicadominicana.com\/portal\/wp-json\/wp\/v2\/posts\/114926","targetHints":{"allow":["GET"]}}],"collection":[{"href":"https:\/\/potenciaradiofonicadominicana.com\/portal\/wp-json\/wp\/v2\/posts"}],"about":[{"href":"https:\/\/potenciaradiofonicadominicana.com\/portal\/wp-json\/wp\/v2\/types\/post"}],"author":[{"embeddable":true,"href":"https:\/\/potenciaradiofonicadominicana.com\/portal\/wp-json\/wp\/v2\/users\/2"}],"replies":[{"embeddable":true,"href":"https:\/\/potenciaradiofonicadominicana.com\/portal\/wp-json\/wp\/v2\/comments?post=114926"}],"version-history":[{"count":1,"href":"https:\/\/potenciaradiofonicadominicana.com\/portal\/wp-json\/wp\/v2\/posts\/114926\/revisions"}],"predecessor-version":[{"id":114929,"href":"https:\/\/potenciaradiofonicadominicana.com\/portal\/wp-json\/wp\/v2\/posts\/114926\/revisions\/114929"}],"wp:featuredmedia":[{"embeddable":true,"href":"https:\/\/potenciaradiofonicadominicana.com\/portal\/wp-json\/wp\/v2\/media\/114928"}],"wp:attachment":[{"href":"https:\/\/potenciaradiofonicadominicana.com\/portal\/wp-json\/wp\/v2\/media?parent=114926"}],"wp:term":[{"taxonomy":"category","embeddable":true,"href":"https:\/\/potenciaradiofonicadominicana.com\/portal\/wp-json\/wp\/v2\/categories?post=114926"},{"taxonomy":"post_tag","embeddable":true,"href":"https:\/\/potenciaradiofonicadominicana.com\/portal\/wp-json\/wp\/v2\/tags?post=114926"}],"curies":[{"name":"wp","href":"https:\/\/api.w.org\/{rel}","templated":true}]}}