{"id":114914,"date":"2022-02-03T08:41:36","date_gmt":"2022-02-03T12:41:36","guid":{"rendered":"https:\/\/potenciaradiofonicadominicana.com\/portal\/?p=114914"},"modified":"2022-02-03T08:41:36","modified_gmt":"2022-02-03T12:41:36","slug":"banco-santa-cruz-recibe-certificacion-de-sostenibilidad-3rs","status":"publish","type":"post","link":"https:\/\/potenciaradiofonicadominicana.com\/portal\/banco-santa-cruz-recibe-certificacion-de-sostenibilidad-3rs\/","title":{"rendered":"Banco Santa Cruz recibe certificaci\u00f3n de Sostenibilidad 3Rs"},"content":{"rendered":"<p><a href=\"https:\/\/potenciaradiofonicadominicana.com\/portal\/wp-content\/uploads\/2022\/02\/Foto-1-certificacion.jpg\"><img loading=\"lazy\" decoding=\"async\" class=\"alignnone size-full wp-image-114915\" src=\"https:\/\/potenciaradiofonicadominicana.com\/portal\/wp-content\/uploads\/2022\/02\/Foto-1-certificacion.jpg\" alt=\"\" width=\"1200\" height=\"800\" srcset=\"https:\/\/potenciaradiofonicadominicana.com\/portal\/wp-content\/uploads\/2022\/02\/Foto-1-certificacion.jpg 1200w, https:\/\/potenciaradiofonicadominicana.com\/portal\/wp-content\/uploads\/2022\/02\/Foto-1-certificacion-300x200.jpg 300w, https:\/\/potenciaradiofonicadominicana.com\/portal\/wp-content\/uploads\/2022\/02\/Foto-1-certificacion-768x512.jpg 768w, https:\/\/potenciaradiofonicadominicana.com\/portal\/wp-content\/uploads\/2022\/02\/Foto-1-certificacion-1024x683.jpg 1024w\" sizes=\"auto, (max-width: 1200px) 100vw, 1200px\" \/><\/a><\/p>\n<p>El\u00a0Banco Santa Cruz\u00a0recibi\u00f3 la certificaci\u00f3n de Sostenibilidad 3Rs, menci\u00f3n\u00a0Plata, por sus buenas pr\u00e1cticas para el cuidado del medio ambiente en su oficina principal de la Lope de Vega.<\/p>\n<p>El reconocimiento fue otorgado a la<strong>\u00a0<\/strong>entidad financiera\u00a0por haberse convertido en una empresa que marca su compromiso hacia la sostenibilidad.<\/p>\n<p>La certificaci\u00f3n fue entregada por el ministro de Industria y Comercio, V\u00edctor Bison\u00f3<strong>, <\/strong>Jos\u00e9 Ramon Reyes, viceministro de Recursos Costeros y Marinos Del Ministerio de Medio Ambiente.<\/p>\n<p>Adem\u00e1s, de Ginny Heinsen, gerente general de Sostenibilidad 3Rs, a Laura Valerio, gerente de Imagen Institucional.<\/p>\n<div class=\"wp-block-image\">\n<figure class=\"aligncenter size-large\"><img loading=\"lazy\" decoding=\"async\" class=\"wp-image-2424007\" src=\"https:\/\/hoy.com.do\/wp-content\/uploads\/2022\/02\/Certificacion-3R-347x450.jpg\" sizes=\"auto, (max-width: 347px) 100vw, 347px\" srcset=\"https:\/\/hoy.com.do\/wp-content\/uploads\/2022\/02\/Certificacion-3R-347x450.jpg 347w, https:\/\/hoy.com.do\/wp-content\/uploads\/2022\/02\/Certificacion-3R-231x300.jpg 231w, https:\/\/hoy.com.do\/wp-content\/uploads\/2022\/02\/Certificacion-3R.jpg 970w\" alt=\"\" width=\"347\" height=\"450\" \/><figcaption>Certificados<\/figcaption><\/figure>\n<\/div>\n<p>El\u00a0Banco Santa Cruz cuenta con un\u00a0sistema de\u00a0gesti\u00f3n\u00a0ambiental para el manejo de los programas de\u00a0residuos, responsabilidad extendida, ahorro de energ\u00eda y combustible f\u00f3siles, cumpliendo as\u00ed con los requisitos establecidos en la categor\u00eda Plata otorgado por Sostenibilidad 3Rs.<\/p>\n<h5 id=\"h-acerca-de-banco-santa-cruz\">Acerca de Banco Santa Cruz<\/h5>\n<p>El Banco M\u00faltiple Santa Cruz inici\u00f3 sus operaciones en noviembre de 1999 y cuenta con un completo portafolio de productos y servicios orientados a servir a sus m\u00e1s de 214,000 clientes personales y empresariales, desde las 38 sucursales a nivel nacional.<\/p>\n<h5 id=\"h-acerca-de-sostenibilidad-3rs\">Acerca de Sostenibilidad 3Rs<\/h5>\n<p>Es una\u00a0empresa\u00a0especializada en asesorar y acompa\u00f1ar a las organizaciones que desean incrementar su ecoeficiencia y disminuir el impacto de sus acciones en el medio ambiente, con el prop\u00f3sito de alcanzar una mayor sostenibilidad econ\u00f3mica, social y ambiental.<\/p>\n<p>Cuenta con un equipo profesional que dise\u00f1a e implementa programas educativos y de capacitaci\u00f3n, certifica sistemas de gesti\u00f3n ambiental en organizaciones p\u00fablicas y privadas.<\/p>\n<p>As\u00ed como tambi\u00e9n certifican las buenas pr\u00e1cticas ambientales en el desarrollo, construcci\u00f3n y operaci\u00f3n de edificaciones comerciales y habitacionales.<\/p>\n","protected":false},"excerpt":{"rendered":"<p>El\u00a0Banco Santa Cruz\u00a0recibi\u00f3 la certificaci\u00f3n de Sostenibilidad 3Rs, menci\u00f3n\u00a0Plata, por sus buenas pr\u00e1cticas para el cuidado del medio ambiente en &#8230;<\/p>\n","protected":false},"author":2,"featured_media":114915,"comment_status":"open","ping_status":"open","sticky":false,"template":"","format":"standard","meta":{"footnotes":""},"categories":[26],"tags":[],"class_list":["post-114914","post","type-post","status-publish","format-standard","has-post-thumbnail","hentry","category-economia"],"yoast_head":"<!-- This site is optimized with the Yoast SEO plugin v24.8.1 - https:\/\/yoast.com\/wordpress\/plugins\/seo\/ -->\n<title>Banco Santa Cruz recibe certificaci\u00f3n de Sostenibilidad 3Rs - PotenciaRadiofonicaDominicana.com<\/title>\n<meta name=\"robots\" content=\"index, follow, max-snippet:-1, max-image-preview:large, max-video-preview:-1\" \/>\n<link rel=\"canonical\" href=\"https:\/\/potenciaradiofonicadominicana.com\/portal\/banco-santa-cruz-recibe-certificacion-de-sostenibilidad-3rs\/\" \/>\n<meta property=\"og:locale\" content=\"es_ES\" \/>\n<meta property=\"og:type\" content=\"article\" \/>\n<meta property=\"og:title\" content=\"Banco Santa Cruz recibe certificaci\u00f3n de Sostenibilidad 3Rs - PotenciaRadiofonicaDominicana.com\" \/>\n<meta property=\"og:description\" content=\"El\u00a0Banco Santa Cruz\u00a0recibi\u00f3 la certificaci\u00f3n de Sostenibilidad 3Rs, menci\u00f3n\u00a0Plata, por sus buenas pr\u00e1cticas para el cuidado del medio ambiente en ...\" \/>\n<meta property=\"og:url\" content=\"https:\/\/potenciaradiofonicadominicana.com\/portal\/banco-santa-cruz-recibe-certificacion-de-sostenibilidad-3rs\/\" \/>\n<meta property=\"og:site_name\" content=\"PotenciaRadiofonicaDominicana.com\" \/>\n<meta property=\"article:publisher\" content=\"https:\/\/web.facebook.com\/PotenciaRadiofonicaD\" \/>\n<meta property=\"article:published_time\" content=\"2022-02-03T12:41:36+00:00\" \/>\n<meta property=\"og:image\" content=\"https:\/\/potenciaradiofonicadominicana.com\/portal\/wp-content\/uploads\/2022\/02\/Foto-1-certificacion.jpg\" \/>\n\t<meta property=\"og:image:width\" content=\"1200\" \/>\n\t<meta property=\"og:image:height\" content=\"800\" \/>\n\t<meta property=\"og:image:type\" content=\"image\/jpeg\" \/>\n<meta name=\"author\" content=\"Potencia Radiof\u00f3nica Dominicana\" \/>\n<meta name=\"twitter:card\" content=\"summary_large_image\" \/>\n<meta name=\"twitter:label1\" content=\"Escrito por\" \/>\n\t<meta name=\"twitter:data1\" content=\"Potencia Radiof\u00f3nica Dominicana\" \/>\n\t<meta name=\"twitter:label2\" content=\"Tiempo de lectura\" \/>\n\t<meta name=\"twitter:data2\" content=\"1 minuto\" \/>\n<script type=\"application\/ld+json\" class=\"yoast-schema-graph\">{\"@context\":\"https:\/\/schema.org\",\"@graph\":[{\"@type\":\"Article\",\"@id\":\"https:\/\/potenciaradiofonicadominicana.com\/portal\/banco-santa-cruz-recibe-certificacion-de-sostenibilidad-3rs\/#article\",\"isPartOf\":{\"@id\":\"https:\/\/potenciaradiofonicadominicana.com\/portal\/banco-santa-cruz-recibe-certificacion-de-sostenibilidad-3rs\/\"},\"author\":{\"name\":\"Potencia Radiof\u00f3nica Dominicana\",\"@id\":\"https:\/\/potenciaradiofonicadominicana.com\/portal\/#\/schema\/person\/a5cf1fea13877803ee0573ac18b03490\"},\"headline\":\"Banco Santa Cruz recibe certificaci\u00f3n de Sostenibilidad 3Rs\",\"datePublished\":\"2022-02-03T12:41:36+00:00\",\"mainEntityOfPage\":{\"@id\":\"https:\/\/potenciaradiofonicadominicana.com\/portal\/banco-santa-cruz-recibe-certificacion-de-sostenibilidad-3rs\/\"},\"wordCount\":298,\"commentCount\":0,\"publisher\":{\"@id\":\"https:\/\/potenciaradiofonicadominicana.com\/portal\/#organization\"},\"image\":{\"@id\":\"https:\/\/potenciaradiofonicadominicana.com\/portal\/banco-santa-cruz-recibe-certificacion-de-sostenibilidad-3rs\/#primaryimage\"},\"thumbnailUrl\":\"https:\/\/potenciaradiofonicadominicana.com\/portal\/wp-content\/uploads\/2022\/02\/Foto-1-certificacion.jpg\",\"articleSection\":[\"Econom\u00eda\"],\"inLanguage\":\"es\",\"potentialAction\":[{\"@type\":\"CommentAction\",\"name\":\"Comment\",\"target\":[\"https:\/\/potenciaradiofonicadominicana.com\/portal\/banco-santa-cruz-recibe-certificacion-de-sostenibilidad-3rs\/#respond\"]}]},{\"@type\":\"WebPage\",\"@id\":\"https:\/\/potenciaradiofonicadominicana.com\/portal\/banco-santa-cruz-recibe-certificacion-de-sostenibilidad-3rs\/\",\"url\":\"https:\/\/potenciaradiofonicadominicana.com\/portal\/banco-santa-cruz-recibe-certificacion-de-sostenibilidad-3rs\/\",\"name\":\"Banco Santa Cruz recibe certificaci\u00f3n de Sostenibilidad 3Rs - PotenciaRadiofonicaDominicana.com\",\"isPartOf\":{\"@id\":\"https:\/\/potenciaradiofonicadominicana.com\/portal\/#website\"},\"primaryImageOfPage\":{\"@id\":\"https:\/\/potenciaradiofonicadominicana.com\/portal\/banco-santa-cruz-recibe-certificacion-de-sostenibilidad-3rs\/#primaryimage\"},\"image\":{\"@id\":\"https:\/\/potenciaradiofonicadominicana.com\/portal\/banco-santa-cruz-recibe-certificacion-de-sostenibilidad-3rs\/#primaryimage\"},\"thumbnailUrl\":\"https:\/\/potenciaradiofonicadominicana.com\/portal\/wp-content\/uploads\/2022\/02\/Foto-1-certificacion.jpg\",\"datePublished\":\"2022-02-03T12:41:36+00:00\",\"breadcrumb\":{\"@id\":\"https:\/\/potenciaradiofonicadominicana.com\/portal\/banco-santa-cruz-recibe-certificacion-de-sostenibilidad-3rs\/#breadcrumb\"},\"inLanguage\":\"es\",\"potentialAction\":[{\"@type\":\"ReadAction\",\"target\":[\"https:\/\/potenciaradiofonicadominicana.com\/portal\/banco-santa-cruz-recibe-certificacion-de-sostenibilidad-3rs\/\"]}]},{\"@type\":\"ImageObject\",\"inLanguage\":\"es\",\"@id\":\"https:\/\/potenciaradiofonicadominicana.com\/portal\/banco-santa-cruz-recibe-certificacion-de-sostenibilidad-3rs\/#primaryimage\",\"url\":\"https:\/\/potenciaradiofonicadominicana.com\/portal\/wp-content\/uploads\/2022\/02\/Foto-1-certificacion.jpg\",\"contentUrl\":\"https:\/\/potenciaradiofonicadominicana.com\/portal\/wp-content\/uploads\/2022\/02\/Foto-1-certificacion.jpg\",\"width\":1200,\"height\":800},{\"@type\":\"BreadcrumbList\",\"@id\":\"https:\/\/potenciaradiofonicadominicana.com\/portal\/banco-santa-cruz-recibe-certificacion-de-sostenibilidad-3rs\/#breadcrumb\",\"itemListElement\":[{\"@type\":\"ListItem\",\"position\":1,\"name\":\"Portada\",\"item\":\"https:\/\/potenciaradiofonicadominicana.com\/portal\/\"},{\"@type\":\"ListItem\",\"position\":2,\"name\":\"Banco Santa Cruz recibe certificaci\u00f3n de Sostenibilidad 3Rs\"}]},{\"@type\":\"WebSite\",\"@id\":\"https:\/\/potenciaradiofonicadominicana.com\/portal\/#website\",\"url\":\"https:\/\/potenciaradiofonicadominicana.com\/portal\/\",\"name\":\"PotenciaRadiofonicaDominicana.com\",\"description\":\"Peri\u00f3dico Digital\",\"publisher\":{\"@id\":\"https:\/\/potenciaradiofonicadominicana.com\/portal\/#organization\"},\"potentialAction\":[{\"@type\":\"SearchAction\",\"target\":{\"@type\":\"EntryPoint\",\"urlTemplate\":\"https:\/\/potenciaradiofonicadominicana.com\/portal\/?s={search_term_string}\"},\"query-input\":{\"@type\":\"PropertyValueSpecification\",\"valueRequired\":true,\"valueName\":\"search_term_string\"}}],\"inLanguage\":\"es\"},{\"@type\":\"Organization\",\"@id\":\"https:\/\/potenciaradiofonicadominicana.com\/portal\/#organization\",\"name\":\"PotenciaRadiofonicaDominicana.com\",\"url\":\"https:\/\/potenciaradiofonicadominicana.com\/portal\/\",\"logo\":{\"@type\":\"ImageObject\",\"inLanguage\":\"es\",\"@id\":\"https:\/\/potenciaradiofonicadominicana.com\/portal\/#\/schema\/logo\/image\/\",\"url\":\"https:\/\/potenciaradiofonicadominicana.com\/portal\/wp-content\/uploads\/2022\/01\/descarga.png\",\"contentUrl\":\"https:\/\/potenciaradiofonicadominicana.com\/portal\/wp-content\/uploads\/2022\/01\/descarga.png\",\"width\":300,\"height\":100,\"caption\":\"PotenciaRadiofonicaDominicana.com\"},\"image\":{\"@id\":\"https:\/\/potenciaradiofonicadominicana.com\/portal\/#\/schema\/logo\/image\/\"},\"sameAs\":[\"https:\/\/web.facebook.com\/PotenciaRadiofonicaD\"]},{\"@type\":\"Person\",\"@id\":\"https:\/\/potenciaradiofonicadominicana.com\/portal\/#\/schema\/person\/a5cf1fea13877803ee0573ac18b03490\",\"name\":\"Potencia Radiof\u00f3nica Dominicana\",\"image\":{\"@type\":\"ImageObject\",\"inLanguage\":\"es\",\"@id\":\"https:\/\/potenciaradiofonicadominicana.com\/portal\/#\/schema\/person\/image\/\",\"url\":\"https:\/\/secure.gravatar.com\/avatar\/42a55ab9e8ccc656ba34cd791990602a?s=96&d=mm&r=g\",\"contentUrl\":\"https:\/\/secure.gravatar.com\/avatar\/42a55ab9e8ccc656ba34cd791990602a?s=96&d=mm&r=g\",\"caption\":\"Potencia Radiof\u00f3nica Dominicana\"},\"url\":\"https:\/\/potenciaradiofonicadominicana.com\/portal\/author\/johannyalmanzar\/\"}]}<\/script>\n<!-- \/ Yoast SEO plugin. -->","yoast_head_json":{"title":"Banco Santa Cruz recibe certificaci\u00f3n de Sostenibilidad 3Rs - PotenciaRadiofonicaDominicana.com","robots":{"index":"index","follow":"follow","max-snippet":"max-snippet:-1","max-image-preview":"max-image-preview:large","max-video-preview":"max-video-preview:-1"},"canonical":"https:\/\/potenciaradiofonicadominicana.com\/portal\/banco-santa-cruz-recibe-certificacion-de-sostenibilidad-3rs\/","og_locale":"es_ES","og_type":"article","og_title":"Banco Santa Cruz recibe certificaci\u00f3n de Sostenibilidad 3Rs - PotenciaRadiofonicaDominicana.com","og_description":"El\u00a0Banco Santa Cruz\u00a0recibi\u00f3 la certificaci\u00f3n de Sostenibilidad 3Rs, menci\u00f3n\u00a0Plata, por sus buenas pr\u00e1cticas para el cuidado del medio ambiente en ...","og_url":"https:\/\/potenciaradiofonicadominicana.com\/portal\/banco-santa-cruz-recibe-certificacion-de-sostenibilidad-3rs\/","og_site_name":"PotenciaRadiofonicaDominicana.com","article_publisher":"https:\/\/web.facebook.com\/PotenciaRadiofonicaD","article_published_time":"2022-02-03T12:41:36+00:00","og_image":[{"width":1200,"height":800,"url":"https:\/\/potenciaradiofonicadominicana.com\/portal\/wp-content\/uploads\/2022\/02\/Foto-1-certificacion.jpg","type":"image\/jpeg"}],"author":"Potencia Radiof\u00f3nica Dominicana","twitter_card":"summary_large_image","twitter_misc":{"Escrito por":"Potencia Radiof\u00f3nica Dominicana","Tiempo de lectura":"1 minuto"},"schema":{"@context":"https:\/\/schema.org","@graph":[{"@type":"Article","@id":"https:\/\/potenciaradiofonicadominicana.com\/portal\/banco-santa-cruz-recibe-certificacion-de-sostenibilidad-3rs\/#article","isPartOf":{"@id":"https:\/\/potenciaradiofonicadominicana.com\/portal\/banco-santa-cruz-recibe-certificacion-de-sostenibilidad-3rs\/"},"author":{"name":"Potencia Radiof\u00f3nica Dominicana","@id":"https:\/\/potenciaradiofonicadominicana.com\/portal\/#\/schema\/person\/a5cf1fea13877803ee0573ac18b03490"},"headline":"Banco Santa Cruz recibe certificaci\u00f3n de Sostenibilidad 3Rs","datePublished":"2022-02-03T12:41:36+00:00","mainEntityOfPage":{"@id":"https:\/\/potenciaradiofonicadominicana.com\/portal\/banco-santa-cruz-recibe-certificacion-de-sostenibilidad-3rs\/"},"wordCount":298,"commentCount":0,"publisher":{"@id":"https:\/\/potenciaradiofonicadominicana.com\/portal\/#organization"},"image":{"@id":"https:\/\/potenciaradiofonicadominicana.com\/portal\/banco-santa-cruz-recibe-certificacion-de-sostenibilidad-3rs\/#primaryimage"},"thumbnailUrl":"https:\/\/potenciaradiofonicadominicana.com\/portal\/wp-content\/uploads\/2022\/02\/Foto-1-certificacion.jpg","articleSection":["Econom\u00eda"],"inLanguage":"es","potentialAction":[{"@type":"CommentAction","name":"Comment","target":["https:\/\/potenciaradiofonicadominicana.com\/portal\/banco-santa-cruz-recibe-certificacion-de-sostenibilidad-3rs\/#respond"]}]},{"@type":"WebPage","@id":"https:\/\/potenciaradiofonicadominicana.com\/portal\/banco-santa-cruz-recibe-certificacion-de-sostenibilidad-3rs\/","url":"https:\/\/potenciaradiofonicadominicana.com\/portal\/banco-santa-cruz-recibe-certificacion-de-sostenibilidad-3rs\/","name":"Banco Santa Cruz recibe certificaci\u00f3n de Sostenibilidad 3Rs - PotenciaRadiofonicaDominicana.com","isPartOf":{"@id":"https:\/\/potenciaradiofonicadominicana.com\/portal\/#website"},"primaryImageOfPage":{"@id":"https:\/\/potenciaradiofonicadominicana.com\/portal\/banco-santa-cruz-recibe-certificacion-de-sostenibilidad-3rs\/#primaryimage"},"image":{"@id":"https:\/\/potenciaradiofonicadominicana.com\/portal\/banco-santa-cruz-recibe-certificacion-de-sostenibilidad-3rs\/#primaryimage"},"thumbnailUrl":"https:\/\/potenciaradiofonicadominicana.com\/portal\/wp-content\/uploads\/2022\/02\/Foto-1-certificacion.jpg","datePublished":"2022-02-03T12:41:36+00:00","breadcrumb":{"@id":"https:\/\/potenciaradiofonicadominicana.com\/portal\/banco-santa-cruz-recibe-certificacion-de-sostenibilidad-3rs\/#breadcrumb"},"inLanguage":"es","potentialAction":[{"@type":"ReadAction","target":["https:\/\/potenciaradiofonicadominicana.com\/portal\/banco-santa-cruz-recibe-certificacion-de-sostenibilidad-3rs\/"]}]},{"@type":"ImageObject","inLanguage":"es","@id":"https:\/\/potenciaradiofonicadominicana.com\/portal\/banco-santa-cruz-recibe-certificacion-de-sostenibilidad-3rs\/#primaryimage","url":"https:\/\/potenciaradiofonicadominicana.com\/portal\/wp-content\/uploads\/2022\/02\/Foto-1-certificacion.jpg","contentUrl":"https:\/\/potenciaradiofonicadominicana.com\/portal\/wp-content\/uploads\/2022\/02\/Foto-1-certificacion.jpg","width":1200,"height":800},{"@type":"BreadcrumbList","@id":"https:\/\/potenciaradiofonicadominicana.com\/portal\/banco-santa-cruz-recibe-certificacion-de-sostenibilidad-3rs\/#breadcrumb","itemListElement":[{"@type":"ListItem","position":1,"name":"Portada","item":"https:\/\/potenciaradiofonicadominicana.com\/portal\/"},{"@type":"ListItem","position":2,"name":"Banco Santa Cruz recibe certificaci\u00f3n de Sostenibilidad 3Rs"}]},{"@type":"WebSite","@id":"https:\/\/potenciaradiofonicadominicana.com\/portal\/#website","url":"https:\/\/potenciaradiofonicadominicana.com\/portal\/","name":"PotenciaRadiofonicaDominicana.com","description":"Peri\u00f3dico Digital","publisher":{"@id":"https:\/\/potenciaradiofonicadominicana.com\/portal\/#organization"},"potentialAction":[{"@type":"SearchAction","target":{"@type":"EntryPoint","urlTemplate":"https:\/\/potenciaradiofonicadominicana.com\/portal\/?s={search_term_string}"},"query-input":{"@type":"PropertyValueSpecification","valueRequired":true,"valueName":"search_term_string"}}],"inLanguage":"es"},{"@type":"Organization","@id":"https:\/\/potenciaradiofonicadominicana.com\/portal\/#organization","name":"PotenciaRadiofonicaDominicana.com","url":"https:\/\/potenciaradiofonicadominicana.com\/portal\/","logo":{"@type":"ImageObject","inLanguage":"es","@id":"https:\/\/potenciaradiofonicadominicana.com\/portal\/#\/schema\/logo\/image\/","url":"https:\/\/potenciaradiofonicadominicana.com\/portal\/wp-content\/uploads\/2022\/01\/descarga.png","contentUrl":"https:\/\/potenciaradiofonicadominicana.com\/portal\/wp-content\/uploads\/2022\/01\/descarga.png","width":300,"height":100,"caption":"PotenciaRadiofonicaDominicana.com"},"image":{"@id":"https:\/\/potenciaradiofonicadominicana.com\/portal\/#\/schema\/logo\/image\/"},"sameAs":["https:\/\/web.facebook.com\/PotenciaRadiofonicaD"]},{"@type":"Person","@id":"https:\/\/potenciaradiofonicadominicana.com\/portal\/#\/schema\/person\/a5cf1fea13877803ee0573ac18b03490","name":"Potencia Radiof\u00f3nica Dominicana","image":{"@type":"ImageObject","inLanguage":"es","@id":"https:\/\/potenciaradiofonicadominicana.com\/portal\/#\/schema\/person\/image\/","url":"https:\/\/secure.gravatar.com\/avatar\/42a55ab9e8ccc656ba34cd791990602a?s=96&d=mm&r=g","contentUrl":"https:\/\/secure.gravatar.com\/avatar\/42a55ab9e8ccc656ba34cd791990602a?s=96&d=mm&r=g","caption":"Potencia Radiof\u00f3nica Dominicana"},"url":"https:\/\/potenciaradiofonicadominicana.com\/portal\/author\/johannyalmanzar\/"}]}},"_links":{"self":[{"href":"https:\/\/potenciaradiofonicadominicana.com\/portal\/wp-json\/wp\/v2\/posts\/114914","targetHints":{"allow":["GET"]}}],"collection":[{"href":"https:\/\/potenciaradiofonicadominicana.com\/portal\/wp-json\/wp\/v2\/posts"}],"about":[{"href":"https:\/\/potenciaradiofonicadominicana.com\/portal\/wp-json\/wp\/v2\/types\/post"}],"author":[{"embeddable":true,"href":"https:\/\/potenciaradiofonicadominicana.com\/portal\/wp-json\/wp\/v2\/users\/2"}],"replies":[{"embeddable":true,"href":"https:\/\/potenciaradiofonicadominicana.com\/portal\/wp-json\/wp\/v2\/comments?post=114914"}],"version-history":[{"count":1,"href":"https:\/\/potenciaradiofonicadominicana.com\/portal\/wp-json\/wp\/v2\/posts\/114914\/revisions"}],"predecessor-version":[{"id":114919,"href":"https:\/\/potenciaradiofonicadominicana.com\/portal\/wp-json\/wp\/v2\/posts\/114914\/revisions\/114919"}],"wp:featuredmedia":[{"embeddable":true,"href":"https:\/\/potenciaradiofonicadominicana.com\/portal\/wp-json\/wp\/v2\/media\/114915"}],"wp:attachment":[{"href":"https:\/\/potenciaradiofonicadominicana.com\/portal\/wp-json\/wp\/v2\/media?parent=114914"}],"wp:term":[{"taxonomy":"category","embeddable":true,"href":"https:\/\/potenciaradiofonicadominicana.com\/portal\/wp-json\/wp\/v2\/categories?post=114914"},{"taxonomy":"post_tag","embeddable":true,"href":"https:\/\/potenciaradiofonicadominicana.com\/portal\/wp-json\/wp\/v2\/tags?post=114914"}],"curies":[{"name":"wp","href":"https:\/\/api.w.org\/{rel}","templated":true}]}}