{"id":114907,"date":"2022-02-03T08:36:25","date_gmt":"2022-02-03T12:36:25","guid":{"rendered":"https:\/\/potenciaradiofonicadominicana.com\/portal\/?p=114907"},"modified":"2022-02-03T08:36:25","modified_gmt":"2022-02-03T12:36:25","slug":"se-inicia-proceso-formal-de-dialogo-para-la-reforma-laboral-con-amplia-agenda-de-consultas","status":"publish","type":"post","link":"https:\/\/potenciaradiofonicadominicana.com\/portal\/se-inicia-proceso-formal-de-dialogo-para-la-reforma-laboral-con-amplia-agenda-de-consultas\/","title":{"rendered":"Se inicia proceso formal de di\u00e1logo para la reforma laboral con amplia agenda de consultas"},"content":{"rendered":"<p><a href=\"https:\/\/potenciaradiofonicadominicana.com\/portal\/wp-content\/uploads\/2022\/02\/ministerio-de-trabajo-0c528c0f-focus-min0.34-0-895-573.jpg\"><img loading=\"lazy\" decoding=\"async\" class=\"alignnone size-full wp-image-114909\" src=\"https:\/\/potenciaradiofonicadominicana.com\/portal\/wp-content\/uploads\/2022\/02\/ministerio-de-trabajo-0c528c0f-focus-min0.34-0-895-573.jpg\" alt=\"\" width=\"546\" height=\"350\" srcset=\"https:\/\/potenciaradiofonicadominicana.com\/portal\/wp-content\/uploads\/2022\/02\/ministerio-de-trabajo-0c528c0f-focus-min0.34-0-895-573.jpg 546w, https:\/\/potenciaradiofonicadominicana.com\/portal\/wp-content\/uploads\/2022\/02\/ministerio-de-trabajo-0c528c0f-focus-min0.34-0-895-573-300x192.jpg 300w\" sizes=\"auto, (max-width: 546px) 100vw, 546px\" \/><\/a><\/p>\n<p>Se inici\u00f3 el proceso formal de di\u00e1logo para la reforma del C\u00f3digo de Trabajo de\u00a0Rep\u00fablica Dominicana, durante una sesi\u00f3n del\u00a0Consejo Consultivo del Trabajo\u00a0(CCT), que aprob\u00f3 el cronograma y la metodolog\u00eda del proceso, con la participaci\u00f3n del\u00a0Ministerio de Trabajo, los sectores patronal y sindical del pa\u00eds.<\/p>\n<p>La sesi\u00f3n fue encabezada por el\u00a0ministro de Trabajo\u00a0y presidente del CCT, Luis Miguel De Camps Garc\u00eda.<\/p>\n<p>En la sesi\u00f3n se aprob\u00f3 tambi\u00e9n que el Gobierno Central, los empleadores y los trabajadores tengan cuatro representantes cada uno en el CCT, como parte de la composici\u00f3n tripartita del organismo.<\/p>\n<p>De Camps Garc\u00eda manifest\u00f3 que se escuchar\u00e1n a los distintos sectores con respecto a las reformas que debe experimentar el C\u00f3digo de Trabajo y se recibir\u00e1n las propuestas, sugerencias y recomendaciones, con el prop\u00f3sito de analizarlas para adoptar una postura final sobre las mismas.<\/p>\n<p>Expuso que la labor se enmarca en el Di\u00e1logo por las reformas para el fortalecimiento institucional y gesti\u00f3n eficiente del Estado, convocado por el presidente Luis Abinader.<\/p>\n<p>La metodolog\u00eda contempla la realizaci\u00f3n de consultas territoriales y sectoriales, las cuales podr\u00e1n efectuarse en modalidad presencial o virtual. Los resultados ser\u00e1n incorporados al proceso deliberativo de la mesa tem\u00e1tica. Se conformar\u00e1 un equipo t\u00e9cnico tripartito que facilitar\u00e1 las consultas, y llevar\u00e1 el registro sistem\u00e1tico de los aportes de los distintos actores consultados.<\/p>\n<p>Asimismo, se buscar\u00e1 integrar a todo proceso de consulta a los dominicanos en el exterior y a grupos tradicionalmente excluidos o subrepresentados en la toma de decisiones.<\/p>\n<p>El mecanismo de toma de decisi\u00f3n de la mesa es la construcci\u00f3n de consensos y los resultados de las labores de la mesa de trabajo ser\u00e1n presentados al Plenario del Di\u00e1logo Nacional por las Reformas.<\/p>\n<p>Los trabajos de las mesas de negociaci\u00f3n tendr\u00e1n como sede ordinaria el\u00a0Ministerio de Trabajo. En este sentido se busca presentar una hoja de ruta que permita de manera eficiente facilitar el di\u00e1logo y la construcci\u00f3n de consensos. Adem\u00e1s, el campo de gobernanza, promoviendo un di\u00e1logo interactivo con los principales actores laborales, empresariales y sociales.<\/p>\n","protected":false},"excerpt":{"rendered":"<p>Se inici\u00f3 el proceso formal de di\u00e1logo para la reforma del C\u00f3digo de Trabajo de\u00a0Rep\u00fablica Dominicana, durante una sesi\u00f3n del\u00a0Consejo &#8230;<\/p>\n","protected":false},"author":2,"featured_media":114909,"comment_status":"open","ping_status":"open","sticky":false,"template":"","format":"standard","meta":{"footnotes":""},"categories":[26],"tags":[],"class_list":["post-114907","post","type-post","status-publish","format-standard","has-post-thumbnail","hentry","category-economia"],"yoast_head":"<!-- This site is optimized with the Yoast SEO plugin v24.8.1 - https:\/\/yoast.com\/wordpress\/plugins\/seo\/ -->\n<title>Se inicia proceso formal de di\u00e1logo para la reforma laboral con amplia agenda de consultas - PotenciaRadiofonicaDominicana.com<\/title>\n<meta name=\"robots\" content=\"index, follow, max-snippet:-1, max-image-preview:large, max-video-preview:-1\" \/>\n<link rel=\"canonical\" href=\"https:\/\/potenciaradiofonicadominicana.com\/portal\/se-inicia-proceso-formal-de-dialogo-para-la-reforma-laboral-con-amplia-agenda-de-consultas\/\" \/>\n<meta property=\"og:locale\" content=\"es_ES\" \/>\n<meta property=\"og:type\" content=\"article\" \/>\n<meta property=\"og:title\" content=\"Se inicia proceso formal de di\u00e1logo para la reforma laboral con amplia agenda de consultas - PotenciaRadiofonicaDominicana.com\" \/>\n<meta property=\"og:description\" content=\"Se inici\u00f3 el proceso formal de di\u00e1logo para la reforma del C\u00f3digo de Trabajo de\u00a0Rep\u00fablica Dominicana, durante una sesi\u00f3n del\u00a0Consejo ...\" \/>\n<meta property=\"og:url\" content=\"https:\/\/potenciaradiofonicadominicana.com\/portal\/se-inicia-proceso-formal-de-dialogo-para-la-reforma-laboral-con-amplia-agenda-de-consultas\/\" \/>\n<meta property=\"og:site_name\" content=\"PotenciaRadiofonicaDominicana.com\" \/>\n<meta property=\"article:publisher\" content=\"https:\/\/web.facebook.com\/PotenciaRadiofonicaD\" \/>\n<meta property=\"article:published_time\" content=\"2022-02-03T12:36:25+00:00\" \/>\n<meta property=\"og:image\" content=\"https:\/\/potenciaradiofonicadominicana.com\/portal\/wp-content\/uploads\/2022\/02\/ministerio-de-trabajo-0c528c0f-focus-min0.34-0-895-573.jpg\" \/>\n\t<meta property=\"og:image:width\" content=\"546\" \/>\n\t<meta property=\"og:image:height\" content=\"350\" \/>\n\t<meta property=\"og:image:type\" content=\"image\/jpeg\" \/>\n<meta name=\"author\" content=\"Potencia Radiof\u00f3nica Dominicana\" \/>\n<meta name=\"twitter:card\" content=\"summary_large_image\" \/>\n<meta name=\"twitter:label1\" content=\"Escrito por\" \/>\n\t<meta name=\"twitter:data1\" content=\"Potencia Radiof\u00f3nica Dominicana\" \/>\n\t<meta name=\"twitter:label2\" content=\"Tiempo de lectura\" \/>\n\t<meta name=\"twitter:data2\" content=\"2 minutos\" \/>\n<script type=\"application\/ld+json\" class=\"yoast-schema-graph\">{\"@context\":\"https:\/\/schema.org\",\"@graph\":[{\"@type\":\"Article\",\"@id\":\"https:\/\/potenciaradiofonicadominicana.com\/portal\/se-inicia-proceso-formal-de-dialogo-para-la-reforma-laboral-con-amplia-agenda-de-consultas\/#article\",\"isPartOf\":{\"@id\":\"https:\/\/potenciaradiofonicadominicana.com\/portal\/se-inicia-proceso-formal-de-dialogo-para-la-reforma-laboral-con-amplia-agenda-de-consultas\/\"},\"author\":{\"name\":\"Potencia Radiof\u00f3nica Dominicana\",\"@id\":\"https:\/\/potenciaradiofonicadominicana.com\/portal\/#\/schema\/person\/a5cf1fea13877803ee0573ac18b03490\"},\"headline\":\"Se inicia proceso formal de di\u00e1logo para la reforma laboral con amplia agenda de consultas\",\"datePublished\":\"2022-02-03T12:36:25+00:00\",\"mainEntityOfPage\":{\"@id\":\"https:\/\/potenciaradiofonicadominicana.com\/portal\/se-inicia-proceso-formal-de-dialogo-para-la-reforma-laboral-con-amplia-agenda-de-consultas\/\"},\"wordCount\":391,\"commentCount\":0,\"publisher\":{\"@id\":\"https:\/\/potenciaradiofonicadominicana.com\/portal\/#organization\"},\"image\":{\"@id\":\"https:\/\/potenciaradiofonicadominicana.com\/portal\/se-inicia-proceso-formal-de-dialogo-para-la-reforma-laboral-con-amplia-agenda-de-consultas\/#primaryimage\"},\"thumbnailUrl\":\"https:\/\/potenciaradiofonicadominicana.com\/portal\/wp-content\/uploads\/2022\/02\/ministerio-de-trabajo-0c528c0f-focus-min0.34-0-895-573.jpg\",\"articleSection\":[\"Econom\u00eda\"],\"inLanguage\":\"es\",\"potentialAction\":[{\"@type\":\"CommentAction\",\"name\":\"Comment\",\"target\":[\"https:\/\/potenciaradiofonicadominicana.com\/portal\/se-inicia-proceso-formal-de-dialogo-para-la-reforma-laboral-con-amplia-agenda-de-consultas\/#respond\"]}]},{\"@type\":\"WebPage\",\"@id\":\"https:\/\/potenciaradiofonicadominicana.com\/portal\/se-inicia-proceso-formal-de-dialogo-para-la-reforma-laboral-con-amplia-agenda-de-consultas\/\",\"url\":\"https:\/\/potenciaradiofonicadominicana.com\/portal\/se-inicia-proceso-formal-de-dialogo-para-la-reforma-laboral-con-amplia-agenda-de-consultas\/\",\"name\":\"Se inicia proceso formal de di\u00e1logo para la reforma laboral con amplia agenda de consultas - PotenciaRadiofonicaDominicana.com\",\"isPartOf\":{\"@id\":\"https:\/\/potenciaradiofonicadominicana.com\/portal\/#website\"},\"primaryImageOfPage\":{\"@id\":\"https:\/\/potenciaradiofonicadominicana.com\/portal\/se-inicia-proceso-formal-de-dialogo-para-la-reforma-laboral-con-amplia-agenda-de-consultas\/#primaryimage\"},\"image\":{\"@id\":\"https:\/\/potenciaradiofonicadominicana.com\/portal\/se-inicia-proceso-formal-de-dialogo-para-la-reforma-laboral-con-amplia-agenda-de-consultas\/#primaryimage\"},\"thumbnailUrl\":\"https:\/\/potenciaradiofonicadominicana.com\/portal\/wp-content\/uploads\/2022\/02\/ministerio-de-trabajo-0c528c0f-focus-min0.34-0-895-573.jpg\",\"datePublished\":\"2022-02-03T12:36:25+00:00\",\"breadcrumb\":{\"@id\":\"https:\/\/potenciaradiofonicadominicana.com\/portal\/se-inicia-proceso-formal-de-dialogo-para-la-reforma-laboral-con-amplia-agenda-de-consultas\/#breadcrumb\"},\"inLanguage\":\"es\",\"potentialAction\":[{\"@type\":\"ReadAction\",\"target\":[\"https:\/\/potenciaradiofonicadominicana.com\/portal\/se-inicia-proceso-formal-de-dialogo-para-la-reforma-laboral-con-amplia-agenda-de-consultas\/\"]}]},{\"@type\":\"ImageObject\",\"inLanguage\":\"es\",\"@id\":\"https:\/\/potenciaradiofonicadominicana.com\/portal\/se-inicia-proceso-formal-de-dialogo-para-la-reforma-laboral-con-amplia-agenda-de-consultas\/#primaryimage\",\"url\":\"https:\/\/potenciaradiofonicadominicana.com\/portal\/wp-content\/uploads\/2022\/02\/ministerio-de-trabajo-0c528c0f-focus-min0.34-0-895-573.jpg\",\"contentUrl\":\"https:\/\/potenciaradiofonicadominicana.com\/portal\/wp-content\/uploads\/2022\/02\/ministerio-de-trabajo-0c528c0f-focus-min0.34-0-895-573.jpg\",\"width\":546,\"height\":350},{\"@type\":\"BreadcrumbList\",\"@id\":\"https:\/\/potenciaradiofonicadominicana.com\/portal\/se-inicia-proceso-formal-de-dialogo-para-la-reforma-laboral-con-amplia-agenda-de-consultas\/#breadcrumb\",\"itemListElement\":[{\"@type\":\"ListItem\",\"position\":1,\"name\":\"Portada\",\"item\":\"https:\/\/potenciaradiofonicadominicana.com\/portal\/\"},{\"@type\":\"ListItem\",\"position\":2,\"name\":\"Se inicia proceso formal de di\u00e1logo para la reforma laboral con amplia agenda de consultas\"}]},{\"@type\":\"WebSite\",\"@id\":\"https:\/\/potenciaradiofonicadominicana.com\/portal\/#website\",\"url\":\"https:\/\/potenciaradiofonicadominicana.com\/portal\/\",\"name\":\"PotenciaRadiofonicaDominicana.com\",\"description\":\"Peri\u00f3dico Digital\",\"publisher\":{\"@id\":\"https:\/\/potenciaradiofonicadominicana.com\/portal\/#organization\"},\"potentialAction\":[{\"@type\":\"SearchAction\",\"target\":{\"@type\":\"EntryPoint\",\"urlTemplate\":\"https:\/\/potenciaradiofonicadominicana.com\/portal\/?s={search_term_string}\"},\"query-input\":{\"@type\":\"PropertyValueSpecification\",\"valueRequired\":true,\"valueName\":\"search_term_string\"}}],\"inLanguage\":\"es\"},{\"@type\":\"Organization\",\"@id\":\"https:\/\/potenciaradiofonicadominicana.com\/portal\/#organization\",\"name\":\"PotenciaRadiofonicaDominicana.com\",\"url\":\"https:\/\/potenciaradiofonicadominicana.com\/portal\/\",\"logo\":{\"@type\":\"ImageObject\",\"inLanguage\":\"es\",\"@id\":\"https:\/\/potenciaradiofonicadominicana.com\/portal\/#\/schema\/logo\/image\/\",\"url\":\"https:\/\/potenciaradiofonicadominicana.com\/portal\/wp-content\/uploads\/2022\/01\/descarga.png\",\"contentUrl\":\"https:\/\/potenciaradiofonicadominicana.com\/portal\/wp-content\/uploads\/2022\/01\/descarga.png\",\"width\":300,\"height\":100,\"caption\":\"PotenciaRadiofonicaDominicana.com\"},\"image\":{\"@id\":\"https:\/\/potenciaradiofonicadominicana.com\/portal\/#\/schema\/logo\/image\/\"},\"sameAs\":[\"https:\/\/web.facebook.com\/PotenciaRadiofonicaD\"]},{\"@type\":\"Person\",\"@id\":\"https:\/\/potenciaradiofonicadominicana.com\/portal\/#\/schema\/person\/a5cf1fea13877803ee0573ac18b03490\",\"name\":\"Potencia Radiof\u00f3nica Dominicana\",\"image\":{\"@type\":\"ImageObject\",\"inLanguage\":\"es\",\"@id\":\"https:\/\/potenciaradiofonicadominicana.com\/portal\/#\/schema\/person\/image\/\",\"url\":\"https:\/\/secure.gravatar.com\/avatar\/42a55ab9e8ccc656ba34cd791990602a?s=96&d=mm&r=g\",\"contentUrl\":\"https:\/\/secure.gravatar.com\/avatar\/42a55ab9e8ccc656ba34cd791990602a?s=96&d=mm&r=g\",\"caption\":\"Potencia Radiof\u00f3nica Dominicana\"},\"url\":\"https:\/\/potenciaradiofonicadominicana.com\/portal\/author\/johannyalmanzar\/\"}]}<\/script>\n<!-- \/ Yoast SEO plugin. -->","yoast_head_json":{"title":"Se inicia proceso formal de di\u00e1logo para la reforma laboral con amplia agenda de consultas - PotenciaRadiofonicaDominicana.com","robots":{"index":"index","follow":"follow","max-snippet":"max-snippet:-1","max-image-preview":"max-image-preview:large","max-video-preview":"max-video-preview:-1"},"canonical":"https:\/\/potenciaradiofonicadominicana.com\/portal\/se-inicia-proceso-formal-de-dialogo-para-la-reforma-laboral-con-amplia-agenda-de-consultas\/","og_locale":"es_ES","og_type":"article","og_title":"Se inicia proceso formal de di\u00e1logo para la reforma laboral con amplia agenda de consultas - PotenciaRadiofonicaDominicana.com","og_description":"Se inici\u00f3 el proceso formal de di\u00e1logo para la reforma del C\u00f3digo de Trabajo de\u00a0Rep\u00fablica Dominicana, durante una sesi\u00f3n del\u00a0Consejo ...","og_url":"https:\/\/potenciaradiofonicadominicana.com\/portal\/se-inicia-proceso-formal-de-dialogo-para-la-reforma-laboral-con-amplia-agenda-de-consultas\/","og_site_name":"PotenciaRadiofonicaDominicana.com","article_publisher":"https:\/\/web.facebook.com\/PotenciaRadiofonicaD","article_published_time":"2022-02-03T12:36:25+00:00","og_image":[{"width":546,"height":350,"url":"https:\/\/potenciaradiofonicadominicana.com\/portal\/wp-content\/uploads\/2022\/02\/ministerio-de-trabajo-0c528c0f-focus-min0.34-0-895-573.jpg","type":"image\/jpeg"}],"author":"Potencia Radiof\u00f3nica Dominicana","twitter_card":"summary_large_image","twitter_misc":{"Escrito por":"Potencia Radiof\u00f3nica Dominicana","Tiempo de lectura":"2 minutos"},"schema":{"@context":"https:\/\/schema.org","@graph":[{"@type":"Article","@id":"https:\/\/potenciaradiofonicadominicana.com\/portal\/se-inicia-proceso-formal-de-dialogo-para-la-reforma-laboral-con-amplia-agenda-de-consultas\/#article","isPartOf":{"@id":"https:\/\/potenciaradiofonicadominicana.com\/portal\/se-inicia-proceso-formal-de-dialogo-para-la-reforma-laboral-con-amplia-agenda-de-consultas\/"},"author":{"name":"Potencia Radiof\u00f3nica Dominicana","@id":"https:\/\/potenciaradiofonicadominicana.com\/portal\/#\/schema\/person\/a5cf1fea13877803ee0573ac18b03490"},"headline":"Se inicia proceso formal de di\u00e1logo para la reforma laboral con amplia agenda de consultas","datePublished":"2022-02-03T12:36:25+00:00","mainEntityOfPage":{"@id":"https:\/\/potenciaradiofonicadominicana.com\/portal\/se-inicia-proceso-formal-de-dialogo-para-la-reforma-laboral-con-amplia-agenda-de-consultas\/"},"wordCount":391,"commentCount":0,"publisher":{"@id":"https:\/\/potenciaradiofonicadominicana.com\/portal\/#organization"},"image":{"@id":"https:\/\/potenciaradiofonicadominicana.com\/portal\/se-inicia-proceso-formal-de-dialogo-para-la-reforma-laboral-con-amplia-agenda-de-consultas\/#primaryimage"},"thumbnailUrl":"https:\/\/potenciaradiofonicadominicana.com\/portal\/wp-content\/uploads\/2022\/02\/ministerio-de-trabajo-0c528c0f-focus-min0.34-0-895-573.jpg","articleSection":["Econom\u00eda"],"inLanguage":"es","potentialAction":[{"@type":"CommentAction","name":"Comment","target":["https:\/\/potenciaradiofonicadominicana.com\/portal\/se-inicia-proceso-formal-de-dialogo-para-la-reforma-laboral-con-amplia-agenda-de-consultas\/#respond"]}]},{"@type":"WebPage","@id":"https:\/\/potenciaradiofonicadominicana.com\/portal\/se-inicia-proceso-formal-de-dialogo-para-la-reforma-laboral-con-amplia-agenda-de-consultas\/","url":"https:\/\/potenciaradiofonicadominicana.com\/portal\/se-inicia-proceso-formal-de-dialogo-para-la-reforma-laboral-con-amplia-agenda-de-consultas\/","name":"Se inicia proceso formal de di\u00e1logo para la reforma laboral con amplia agenda de consultas - PotenciaRadiofonicaDominicana.com","isPartOf":{"@id":"https:\/\/potenciaradiofonicadominicana.com\/portal\/#website"},"primaryImageOfPage":{"@id":"https:\/\/potenciaradiofonicadominicana.com\/portal\/se-inicia-proceso-formal-de-dialogo-para-la-reforma-laboral-con-amplia-agenda-de-consultas\/#primaryimage"},"image":{"@id":"https:\/\/potenciaradiofonicadominicana.com\/portal\/se-inicia-proceso-formal-de-dialogo-para-la-reforma-laboral-con-amplia-agenda-de-consultas\/#primaryimage"},"thumbnailUrl":"https:\/\/potenciaradiofonicadominicana.com\/portal\/wp-content\/uploads\/2022\/02\/ministerio-de-trabajo-0c528c0f-focus-min0.34-0-895-573.jpg","datePublished":"2022-02-03T12:36:25+00:00","breadcrumb":{"@id":"https:\/\/potenciaradiofonicadominicana.com\/portal\/se-inicia-proceso-formal-de-dialogo-para-la-reforma-laboral-con-amplia-agenda-de-consultas\/#breadcrumb"},"inLanguage":"es","potentialAction":[{"@type":"ReadAction","target":["https:\/\/potenciaradiofonicadominicana.com\/portal\/se-inicia-proceso-formal-de-dialogo-para-la-reforma-laboral-con-amplia-agenda-de-consultas\/"]}]},{"@type":"ImageObject","inLanguage":"es","@id":"https:\/\/potenciaradiofonicadominicana.com\/portal\/se-inicia-proceso-formal-de-dialogo-para-la-reforma-laboral-con-amplia-agenda-de-consultas\/#primaryimage","url":"https:\/\/potenciaradiofonicadominicana.com\/portal\/wp-content\/uploads\/2022\/02\/ministerio-de-trabajo-0c528c0f-focus-min0.34-0-895-573.jpg","contentUrl":"https:\/\/potenciaradiofonicadominicana.com\/portal\/wp-content\/uploads\/2022\/02\/ministerio-de-trabajo-0c528c0f-focus-min0.34-0-895-573.jpg","width":546,"height":350},{"@type":"BreadcrumbList","@id":"https:\/\/potenciaradiofonicadominicana.com\/portal\/se-inicia-proceso-formal-de-dialogo-para-la-reforma-laboral-con-amplia-agenda-de-consultas\/#breadcrumb","itemListElement":[{"@type":"ListItem","position":1,"name":"Portada","item":"https:\/\/potenciaradiofonicadominicana.com\/portal\/"},{"@type":"ListItem","position":2,"name":"Se inicia proceso formal de di\u00e1logo para la reforma laboral con amplia agenda de consultas"}]},{"@type":"WebSite","@id":"https:\/\/potenciaradiofonicadominicana.com\/portal\/#website","url":"https:\/\/potenciaradiofonicadominicana.com\/portal\/","name":"PotenciaRadiofonicaDominicana.com","description":"Peri\u00f3dico Digital","publisher":{"@id":"https:\/\/potenciaradiofonicadominicana.com\/portal\/#organization"},"potentialAction":[{"@type":"SearchAction","target":{"@type":"EntryPoint","urlTemplate":"https:\/\/potenciaradiofonicadominicana.com\/portal\/?s={search_term_string}"},"query-input":{"@type":"PropertyValueSpecification","valueRequired":true,"valueName":"search_term_string"}}],"inLanguage":"es"},{"@type":"Organization","@id":"https:\/\/potenciaradiofonicadominicana.com\/portal\/#organization","name":"PotenciaRadiofonicaDominicana.com","url":"https:\/\/potenciaradiofonicadominicana.com\/portal\/","logo":{"@type":"ImageObject","inLanguage":"es","@id":"https:\/\/potenciaradiofonicadominicana.com\/portal\/#\/schema\/logo\/image\/","url":"https:\/\/potenciaradiofonicadominicana.com\/portal\/wp-content\/uploads\/2022\/01\/descarga.png","contentUrl":"https:\/\/potenciaradiofonicadominicana.com\/portal\/wp-content\/uploads\/2022\/01\/descarga.png","width":300,"height":100,"caption":"PotenciaRadiofonicaDominicana.com"},"image":{"@id":"https:\/\/potenciaradiofonicadominicana.com\/portal\/#\/schema\/logo\/image\/"},"sameAs":["https:\/\/web.facebook.com\/PotenciaRadiofonicaD"]},{"@type":"Person","@id":"https:\/\/potenciaradiofonicadominicana.com\/portal\/#\/schema\/person\/a5cf1fea13877803ee0573ac18b03490","name":"Potencia Radiof\u00f3nica Dominicana","image":{"@type":"ImageObject","inLanguage":"es","@id":"https:\/\/potenciaradiofonicadominicana.com\/portal\/#\/schema\/person\/image\/","url":"https:\/\/secure.gravatar.com\/avatar\/42a55ab9e8ccc656ba34cd791990602a?s=96&d=mm&r=g","contentUrl":"https:\/\/secure.gravatar.com\/avatar\/42a55ab9e8ccc656ba34cd791990602a?s=96&d=mm&r=g","caption":"Potencia Radiof\u00f3nica Dominicana"},"url":"https:\/\/potenciaradiofonicadominicana.com\/portal\/author\/johannyalmanzar\/"}]}},"_links":{"self":[{"href":"https:\/\/potenciaradiofonicadominicana.com\/portal\/wp-json\/wp\/v2\/posts\/114907","targetHints":{"allow":["GET"]}}],"collection":[{"href":"https:\/\/potenciaradiofonicadominicana.com\/portal\/wp-json\/wp\/v2\/posts"}],"about":[{"href":"https:\/\/potenciaradiofonicadominicana.com\/portal\/wp-json\/wp\/v2\/types\/post"}],"author":[{"embeddable":true,"href":"https:\/\/potenciaradiofonicadominicana.com\/portal\/wp-json\/wp\/v2\/users\/2"}],"replies":[{"embeddable":true,"href":"https:\/\/potenciaradiofonicadominicana.com\/portal\/wp-json\/wp\/v2\/comments?post=114907"}],"version-history":[{"count":1,"href":"https:\/\/potenciaradiofonicadominicana.com\/portal\/wp-json\/wp\/v2\/posts\/114907\/revisions"}],"predecessor-version":[{"id":114911,"href":"https:\/\/potenciaradiofonicadominicana.com\/portal\/wp-json\/wp\/v2\/posts\/114907\/revisions\/114911"}],"wp:featuredmedia":[{"embeddable":true,"href":"https:\/\/potenciaradiofonicadominicana.com\/portal\/wp-json\/wp\/v2\/media\/114909"}],"wp:attachment":[{"href":"https:\/\/potenciaradiofonicadominicana.com\/portal\/wp-json\/wp\/v2\/media?parent=114907"}],"wp:term":[{"taxonomy":"category","embeddable":true,"href":"https:\/\/potenciaradiofonicadominicana.com\/portal\/wp-json\/wp\/v2\/categories?post=114907"},{"taxonomy":"post_tag","embeddable":true,"href":"https:\/\/potenciaradiofonicadominicana.com\/portal\/wp-json\/wp\/v2\/tags?post=114907"}],"curies":[{"name":"wp","href":"https:\/\/api.w.org\/{rel}","templated":true}]}}