{"id":114899,"date":"2022-02-03T08:33:47","date_gmt":"2022-02-03T12:33:47","guid":{"rendered":"https:\/\/potenciaradiofonicadominicana.com\/portal\/?p=114899"},"modified":"2022-02-03T08:33:47","modified_gmt":"2022-02-03T12:33:47","slug":"coopherrera-celebra-aumento-de-sus-activos-en-un-45-por-ciento","status":"publish","type":"post","link":"https:\/\/potenciaradiofonicadominicana.com\/portal\/coopherrera-celebra-aumento-de-sus-activos-en-un-45-por-ciento\/","title":{"rendered":"CoopHerrera celebra aumento de sus activos en un 45 por ciento"},"content":{"rendered":"<p><a href=\"https:\/\/potenciaradiofonicadominicana.com\/portal\/wp-content\/uploads\/2022\/02\/whatsapp-image-2022-01-31-at-112544-am-61d22afc-focus-0-0-895-573.jpg\"><img loading=\"lazy\" decoding=\"async\" class=\"alignnone size-full wp-image-114904\" src=\"https:\/\/potenciaradiofonicadominicana.com\/portal\/wp-content\/uploads\/2022\/02\/whatsapp-image-2022-01-31-at-112544-am-61d22afc-focus-0-0-895-573.jpg\" alt=\"\" width=\"895\" height=\"573\" srcset=\"https:\/\/potenciaradiofonicadominicana.com\/portal\/wp-content\/uploads\/2022\/02\/whatsapp-image-2022-01-31-at-112544-am-61d22afc-focus-0-0-895-573.jpg 895w, https:\/\/potenciaradiofonicadominicana.com\/portal\/wp-content\/uploads\/2022\/02\/whatsapp-image-2022-01-31-at-112544-am-61d22afc-focus-0-0-895-573-300x192.jpg 300w, https:\/\/potenciaradiofonicadominicana.com\/portal\/wp-content\/uploads\/2022\/02\/whatsapp-image-2022-01-31-at-112544-am-61d22afc-focus-0-0-895-573-768x492.jpg 768w\" sizes=\"auto, (max-width: 895px) 100vw, 895px\" \/><\/a><\/p>\n<p>La administraci\u00f3n de la Cooperativa de Ahorros y Cr\u00e9ditos Herrera (CoopHerrera) present\u00f3 su informe financiero preliminar del a\u00f1o 2021, donde indic\u00f3 que sus activos totales aumentaron un 45% en comparaci\u00f3n con el a\u00f1o 2020.<\/p>\n<p>Jorge Eligio M\u00e9ndez P\u00e9rez, administrador general de la entidad, inform\u00f3 que hasta el 31 de diciembre del a\u00f1o 2021 alcanzaron RD$8,058.4 millones y en el 2020 la suma alcanzada fue de RD$5,550.5 millones, reflejando un crecimiento absoluto de RD$2,507.9 millones.<\/p>\n<p>\u201cCoopHerrera\u00a0es un ejemplo de que en un sector socialmente empobrecido y vulnerable puede existir una empresa financiera con perfil solidario capaz de producir activos a estos niveles y de igual manera recibir dep\u00f3sitos en ahorros\u201d, inform\u00f3 M\u00e9ndez P\u00e9rez.<\/p>\n<p>Cabe destacar que la entidad financiera realiz\u00f3 su sorteo \u201cM\u00f3ntate en Navidad\u201d, donde el se\u00f1or Oliver Josue Basset Miller de la sucursal Ensanche Ozama, result\u00f3 ganador de una Jeepeta Tucson 2022 entre 48 mil 884 asociados que buscaban llevarse el veh\u00edculo a casa.<\/p>\n<p>Adem\u00e1s, Coop Herrera entreg\u00f3 dos carros Hyundai a igual n\u00famero de empleados; una nevera, un televisor, una lavadora, un radio y un aire acondicionado fueron los otros premios que se llevaron a casa los asociados como premio por su fidelidad a la cooperativa.<\/p>\n<p>\u201cSeguridad, ahorro, bienestar, confianza y estabilidad\u201d, son algunas de las palabras con las que los ganadores definieron a la cooperativa al momento de recibir sus premios, donde reconocieron que ha sido su aliada para ahorrar y echar hacia delante en el cumplimiento de sus metas con un cr\u00e9dito responsable.<\/p>\n<p>De su lado Eligio M\u00e9ndez, reconoci\u00f3 que con la entrega de estos premios buscan retribuir al asociado lo que hacen con amor.<\/p>\n<p>\u201cEsta es una instituci\u00f3n financiera que cada d\u00eda se va fortaleciendo, gracias a la confianza y el apoyo de nuestros socios. En esta oportunidad podemos retribuir al asociado lo que hace con amor, fortalecer la cultura del ahorro y el cr\u00e9dito responsable\u201d dijo Eligi\u00f3 M\u00e9ndez.<\/p>\n","protected":false},"excerpt":{"rendered":"<p>La administraci\u00f3n de la Cooperativa de Ahorros y Cr\u00e9ditos Herrera (CoopHerrera) present\u00f3 su informe financiero preliminar del a\u00f1o 2021, donde &#8230;<\/p>\n","protected":false},"author":2,"featured_media":114904,"comment_status":"open","ping_status":"open","sticky":false,"template":"","format":"standard","meta":{"footnotes":""},"categories":[26],"tags":[],"class_list":["post-114899","post","type-post","status-publish","format-standard","has-post-thumbnail","hentry","category-economia"],"yoast_head":"<!-- This site is optimized with the Yoast SEO plugin v24.8.1 - https:\/\/yoast.com\/wordpress\/plugins\/seo\/ -->\n<title>CoopHerrera celebra aumento de sus activos en un 45 por ciento - PotenciaRadiofonicaDominicana.com<\/title>\n<meta name=\"robots\" content=\"index, follow, max-snippet:-1, max-image-preview:large, max-video-preview:-1\" \/>\n<link rel=\"canonical\" href=\"https:\/\/potenciaradiofonicadominicana.com\/portal\/coopherrera-celebra-aumento-de-sus-activos-en-un-45-por-ciento\/\" \/>\n<meta property=\"og:locale\" content=\"es_ES\" \/>\n<meta property=\"og:type\" content=\"article\" \/>\n<meta property=\"og:title\" content=\"CoopHerrera celebra aumento de sus activos en un 45 por ciento - PotenciaRadiofonicaDominicana.com\" \/>\n<meta property=\"og:description\" content=\"La administraci\u00f3n de la Cooperativa de Ahorros y Cr\u00e9ditos Herrera (CoopHerrera) present\u00f3 su informe financiero preliminar del a\u00f1o 2021, donde ...\" \/>\n<meta property=\"og:url\" content=\"https:\/\/potenciaradiofonicadominicana.com\/portal\/coopherrera-celebra-aumento-de-sus-activos-en-un-45-por-ciento\/\" \/>\n<meta property=\"og:site_name\" content=\"PotenciaRadiofonicaDominicana.com\" \/>\n<meta property=\"article:publisher\" content=\"https:\/\/web.facebook.com\/PotenciaRadiofonicaD\" \/>\n<meta property=\"article:published_time\" content=\"2022-02-03T12:33:47+00:00\" \/>\n<meta property=\"og:image\" content=\"https:\/\/potenciaradiofonicadominicana.com\/portal\/wp-content\/uploads\/2022\/02\/whatsapp-image-2022-01-31-at-112544-am-61d22afc-focus-0-0-895-573.jpg\" \/>\n\t<meta property=\"og:image:width\" content=\"895\" \/>\n\t<meta property=\"og:image:height\" content=\"573\" \/>\n\t<meta property=\"og:image:type\" content=\"image\/jpeg\" \/>\n<meta name=\"author\" content=\"Potencia Radiof\u00f3nica Dominicana\" \/>\n<meta name=\"twitter:card\" content=\"summary_large_image\" \/>\n<meta name=\"twitter:label1\" content=\"Escrito por\" \/>\n\t<meta name=\"twitter:data1\" content=\"Potencia Radiof\u00f3nica Dominicana\" \/>\n\t<meta name=\"twitter:label2\" content=\"Tiempo de lectura\" \/>\n\t<meta name=\"twitter:data2\" content=\"2 minutos\" \/>\n<script type=\"application\/ld+json\" class=\"yoast-schema-graph\">{\"@context\":\"https:\/\/schema.org\",\"@graph\":[{\"@type\":\"Article\",\"@id\":\"https:\/\/potenciaradiofonicadominicana.com\/portal\/coopherrera-celebra-aumento-de-sus-activos-en-un-45-por-ciento\/#article\",\"isPartOf\":{\"@id\":\"https:\/\/potenciaradiofonicadominicana.com\/portal\/coopherrera-celebra-aumento-de-sus-activos-en-un-45-por-ciento\/\"},\"author\":{\"name\":\"Potencia Radiof\u00f3nica Dominicana\",\"@id\":\"https:\/\/potenciaradiofonicadominicana.com\/portal\/#\/schema\/person\/a5cf1fea13877803ee0573ac18b03490\"},\"headline\":\"CoopHerrera celebra aumento de sus activos en un 45 por ciento\",\"datePublished\":\"2022-02-03T12:33:47+00:00\",\"mainEntityOfPage\":{\"@id\":\"https:\/\/potenciaradiofonicadominicana.com\/portal\/coopherrera-celebra-aumento-de-sus-activos-en-un-45-por-ciento\/\"},\"wordCount\":338,\"commentCount\":0,\"publisher\":{\"@id\":\"https:\/\/potenciaradiofonicadominicana.com\/portal\/#organization\"},\"image\":{\"@id\":\"https:\/\/potenciaradiofonicadominicana.com\/portal\/coopherrera-celebra-aumento-de-sus-activos-en-un-45-por-ciento\/#primaryimage\"},\"thumbnailUrl\":\"https:\/\/potenciaradiofonicadominicana.com\/portal\/wp-content\/uploads\/2022\/02\/whatsapp-image-2022-01-31-at-112544-am-61d22afc-focus-0-0-895-573.jpg\",\"articleSection\":[\"Econom\u00eda\"],\"inLanguage\":\"es\",\"potentialAction\":[{\"@type\":\"CommentAction\",\"name\":\"Comment\",\"target\":[\"https:\/\/potenciaradiofonicadominicana.com\/portal\/coopherrera-celebra-aumento-de-sus-activos-en-un-45-por-ciento\/#respond\"]}]},{\"@type\":\"WebPage\",\"@id\":\"https:\/\/potenciaradiofonicadominicana.com\/portal\/coopherrera-celebra-aumento-de-sus-activos-en-un-45-por-ciento\/\",\"url\":\"https:\/\/potenciaradiofonicadominicana.com\/portal\/coopherrera-celebra-aumento-de-sus-activos-en-un-45-por-ciento\/\",\"name\":\"CoopHerrera celebra aumento de sus activos en un 45 por ciento - PotenciaRadiofonicaDominicana.com\",\"isPartOf\":{\"@id\":\"https:\/\/potenciaradiofonicadominicana.com\/portal\/#website\"},\"primaryImageOfPage\":{\"@id\":\"https:\/\/potenciaradiofonicadominicana.com\/portal\/coopherrera-celebra-aumento-de-sus-activos-en-un-45-por-ciento\/#primaryimage\"},\"image\":{\"@id\":\"https:\/\/potenciaradiofonicadominicana.com\/portal\/coopherrera-celebra-aumento-de-sus-activos-en-un-45-por-ciento\/#primaryimage\"},\"thumbnailUrl\":\"https:\/\/potenciaradiofonicadominicana.com\/portal\/wp-content\/uploads\/2022\/02\/whatsapp-image-2022-01-31-at-112544-am-61d22afc-focus-0-0-895-573.jpg\",\"datePublished\":\"2022-02-03T12:33:47+00:00\",\"breadcrumb\":{\"@id\":\"https:\/\/potenciaradiofonicadominicana.com\/portal\/coopherrera-celebra-aumento-de-sus-activos-en-un-45-por-ciento\/#breadcrumb\"},\"inLanguage\":\"es\",\"potentialAction\":[{\"@type\":\"ReadAction\",\"target\":[\"https:\/\/potenciaradiofonicadominicana.com\/portal\/coopherrera-celebra-aumento-de-sus-activos-en-un-45-por-ciento\/\"]}]},{\"@type\":\"ImageObject\",\"inLanguage\":\"es\",\"@id\":\"https:\/\/potenciaradiofonicadominicana.com\/portal\/coopherrera-celebra-aumento-de-sus-activos-en-un-45-por-ciento\/#primaryimage\",\"url\":\"https:\/\/potenciaradiofonicadominicana.com\/portal\/wp-content\/uploads\/2022\/02\/whatsapp-image-2022-01-31-at-112544-am-61d22afc-focus-0-0-895-573.jpg\",\"contentUrl\":\"https:\/\/potenciaradiofonicadominicana.com\/portal\/wp-content\/uploads\/2022\/02\/whatsapp-image-2022-01-31-at-112544-am-61d22afc-focus-0-0-895-573.jpg\",\"width\":895,\"height\":573},{\"@type\":\"BreadcrumbList\",\"@id\":\"https:\/\/potenciaradiofonicadominicana.com\/portal\/coopherrera-celebra-aumento-de-sus-activos-en-un-45-por-ciento\/#breadcrumb\",\"itemListElement\":[{\"@type\":\"ListItem\",\"position\":1,\"name\":\"Portada\",\"item\":\"https:\/\/potenciaradiofonicadominicana.com\/portal\/\"},{\"@type\":\"ListItem\",\"position\":2,\"name\":\"CoopHerrera celebra aumento de sus activos en un 45 por ciento\"}]},{\"@type\":\"WebSite\",\"@id\":\"https:\/\/potenciaradiofonicadominicana.com\/portal\/#website\",\"url\":\"https:\/\/potenciaradiofonicadominicana.com\/portal\/\",\"name\":\"PotenciaRadiofonicaDominicana.com\",\"description\":\"Peri\u00f3dico Digital\",\"publisher\":{\"@id\":\"https:\/\/potenciaradiofonicadominicana.com\/portal\/#organization\"},\"potentialAction\":[{\"@type\":\"SearchAction\",\"target\":{\"@type\":\"EntryPoint\",\"urlTemplate\":\"https:\/\/potenciaradiofonicadominicana.com\/portal\/?s={search_term_string}\"},\"query-input\":{\"@type\":\"PropertyValueSpecification\",\"valueRequired\":true,\"valueName\":\"search_term_string\"}}],\"inLanguage\":\"es\"},{\"@type\":\"Organization\",\"@id\":\"https:\/\/potenciaradiofonicadominicana.com\/portal\/#organization\",\"name\":\"PotenciaRadiofonicaDominicana.com\",\"url\":\"https:\/\/potenciaradiofonicadominicana.com\/portal\/\",\"logo\":{\"@type\":\"ImageObject\",\"inLanguage\":\"es\",\"@id\":\"https:\/\/potenciaradiofonicadominicana.com\/portal\/#\/schema\/logo\/image\/\",\"url\":\"https:\/\/potenciaradiofonicadominicana.com\/portal\/wp-content\/uploads\/2022\/01\/descarga.png\",\"contentUrl\":\"https:\/\/potenciaradiofonicadominicana.com\/portal\/wp-content\/uploads\/2022\/01\/descarga.png\",\"width\":300,\"height\":100,\"caption\":\"PotenciaRadiofonicaDominicana.com\"},\"image\":{\"@id\":\"https:\/\/potenciaradiofonicadominicana.com\/portal\/#\/schema\/logo\/image\/\"},\"sameAs\":[\"https:\/\/web.facebook.com\/PotenciaRadiofonicaD\"]},{\"@type\":\"Person\",\"@id\":\"https:\/\/potenciaradiofonicadominicana.com\/portal\/#\/schema\/person\/a5cf1fea13877803ee0573ac18b03490\",\"name\":\"Potencia Radiof\u00f3nica Dominicana\",\"image\":{\"@type\":\"ImageObject\",\"inLanguage\":\"es\",\"@id\":\"https:\/\/potenciaradiofonicadominicana.com\/portal\/#\/schema\/person\/image\/\",\"url\":\"https:\/\/secure.gravatar.com\/avatar\/42a55ab9e8ccc656ba34cd791990602a?s=96&d=mm&r=g\",\"contentUrl\":\"https:\/\/secure.gravatar.com\/avatar\/42a55ab9e8ccc656ba34cd791990602a?s=96&d=mm&r=g\",\"caption\":\"Potencia Radiof\u00f3nica Dominicana\"},\"url\":\"https:\/\/potenciaradiofonicadominicana.com\/portal\/author\/johannyalmanzar\/\"}]}<\/script>\n<!-- \/ Yoast SEO plugin. -->","yoast_head_json":{"title":"CoopHerrera celebra aumento de sus activos en un 45 por ciento - PotenciaRadiofonicaDominicana.com","robots":{"index":"index","follow":"follow","max-snippet":"max-snippet:-1","max-image-preview":"max-image-preview:large","max-video-preview":"max-video-preview:-1"},"canonical":"https:\/\/potenciaradiofonicadominicana.com\/portal\/coopherrera-celebra-aumento-de-sus-activos-en-un-45-por-ciento\/","og_locale":"es_ES","og_type":"article","og_title":"CoopHerrera celebra aumento de sus activos en un 45 por ciento - PotenciaRadiofonicaDominicana.com","og_description":"La administraci\u00f3n de la Cooperativa de Ahorros y Cr\u00e9ditos Herrera (CoopHerrera) present\u00f3 su informe financiero preliminar del a\u00f1o 2021, donde ...","og_url":"https:\/\/potenciaradiofonicadominicana.com\/portal\/coopherrera-celebra-aumento-de-sus-activos-en-un-45-por-ciento\/","og_site_name":"PotenciaRadiofonicaDominicana.com","article_publisher":"https:\/\/web.facebook.com\/PotenciaRadiofonicaD","article_published_time":"2022-02-03T12:33:47+00:00","og_image":[{"width":895,"height":573,"url":"https:\/\/potenciaradiofonicadominicana.com\/portal\/wp-content\/uploads\/2022\/02\/whatsapp-image-2022-01-31-at-112544-am-61d22afc-focus-0-0-895-573.jpg","type":"image\/jpeg"}],"author":"Potencia Radiof\u00f3nica Dominicana","twitter_card":"summary_large_image","twitter_misc":{"Escrito por":"Potencia Radiof\u00f3nica Dominicana","Tiempo de lectura":"2 minutos"},"schema":{"@context":"https:\/\/schema.org","@graph":[{"@type":"Article","@id":"https:\/\/potenciaradiofonicadominicana.com\/portal\/coopherrera-celebra-aumento-de-sus-activos-en-un-45-por-ciento\/#article","isPartOf":{"@id":"https:\/\/potenciaradiofonicadominicana.com\/portal\/coopherrera-celebra-aumento-de-sus-activos-en-un-45-por-ciento\/"},"author":{"name":"Potencia Radiof\u00f3nica Dominicana","@id":"https:\/\/potenciaradiofonicadominicana.com\/portal\/#\/schema\/person\/a5cf1fea13877803ee0573ac18b03490"},"headline":"CoopHerrera celebra aumento de sus activos en un 45 por ciento","datePublished":"2022-02-03T12:33:47+00:00","mainEntityOfPage":{"@id":"https:\/\/potenciaradiofonicadominicana.com\/portal\/coopherrera-celebra-aumento-de-sus-activos-en-un-45-por-ciento\/"},"wordCount":338,"commentCount":0,"publisher":{"@id":"https:\/\/potenciaradiofonicadominicana.com\/portal\/#organization"},"image":{"@id":"https:\/\/potenciaradiofonicadominicana.com\/portal\/coopherrera-celebra-aumento-de-sus-activos-en-un-45-por-ciento\/#primaryimage"},"thumbnailUrl":"https:\/\/potenciaradiofonicadominicana.com\/portal\/wp-content\/uploads\/2022\/02\/whatsapp-image-2022-01-31-at-112544-am-61d22afc-focus-0-0-895-573.jpg","articleSection":["Econom\u00eda"],"inLanguage":"es","potentialAction":[{"@type":"CommentAction","name":"Comment","target":["https:\/\/potenciaradiofonicadominicana.com\/portal\/coopherrera-celebra-aumento-de-sus-activos-en-un-45-por-ciento\/#respond"]}]},{"@type":"WebPage","@id":"https:\/\/potenciaradiofonicadominicana.com\/portal\/coopherrera-celebra-aumento-de-sus-activos-en-un-45-por-ciento\/","url":"https:\/\/potenciaradiofonicadominicana.com\/portal\/coopherrera-celebra-aumento-de-sus-activos-en-un-45-por-ciento\/","name":"CoopHerrera celebra aumento de sus activos en un 45 por ciento - PotenciaRadiofonicaDominicana.com","isPartOf":{"@id":"https:\/\/potenciaradiofonicadominicana.com\/portal\/#website"},"primaryImageOfPage":{"@id":"https:\/\/potenciaradiofonicadominicana.com\/portal\/coopherrera-celebra-aumento-de-sus-activos-en-un-45-por-ciento\/#primaryimage"},"image":{"@id":"https:\/\/potenciaradiofonicadominicana.com\/portal\/coopherrera-celebra-aumento-de-sus-activos-en-un-45-por-ciento\/#primaryimage"},"thumbnailUrl":"https:\/\/potenciaradiofonicadominicana.com\/portal\/wp-content\/uploads\/2022\/02\/whatsapp-image-2022-01-31-at-112544-am-61d22afc-focus-0-0-895-573.jpg","datePublished":"2022-02-03T12:33:47+00:00","breadcrumb":{"@id":"https:\/\/potenciaradiofonicadominicana.com\/portal\/coopherrera-celebra-aumento-de-sus-activos-en-un-45-por-ciento\/#breadcrumb"},"inLanguage":"es","potentialAction":[{"@type":"ReadAction","target":["https:\/\/potenciaradiofonicadominicana.com\/portal\/coopherrera-celebra-aumento-de-sus-activos-en-un-45-por-ciento\/"]}]},{"@type":"ImageObject","inLanguage":"es","@id":"https:\/\/potenciaradiofonicadominicana.com\/portal\/coopherrera-celebra-aumento-de-sus-activos-en-un-45-por-ciento\/#primaryimage","url":"https:\/\/potenciaradiofonicadominicana.com\/portal\/wp-content\/uploads\/2022\/02\/whatsapp-image-2022-01-31-at-112544-am-61d22afc-focus-0-0-895-573.jpg","contentUrl":"https:\/\/potenciaradiofonicadominicana.com\/portal\/wp-content\/uploads\/2022\/02\/whatsapp-image-2022-01-31-at-112544-am-61d22afc-focus-0-0-895-573.jpg","width":895,"height":573},{"@type":"BreadcrumbList","@id":"https:\/\/potenciaradiofonicadominicana.com\/portal\/coopherrera-celebra-aumento-de-sus-activos-en-un-45-por-ciento\/#breadcrumb","itemListElement":[{"@type":"ListItem","position":1,"name":"Portada","item":"https:\/\/potenciaradiofonicadominicana.com\/portal\/"},{"@type":"ListItem","position":2,"name":"CoopHerrera celebra aumento de sus activos en un 45 por ciento"}]},{"@type":"WebSite","@id":"https:\/\/potenciaradiofonicadominicana.com\/portal\/#website","url":"https:\/\/potenciaradiofonicadominicana.com\/portal\/","name":"PotenciaRadiofonicaDominicana.com","description":"Peri\u00f3dico Digital","publisher":{"@id":"https:\/\/potenciaradiofonicadominicana.com\/portal\/#organization"},"potentialAction":[{"@type":"SearchAction","target":{"@type":"EntryPoint","urlTemplate":"https:\/\/potenciaradiofonicadominicana.com\/portal\/?s={search_term_string}"},"query-input":{"@type":"PropertyValueSpecification","valueRequired":true,"valueName":"search_term_string"}}],"inLanguage":"es"},{"@type":"Organization","@id":"https:\/\/potenciaradiofonicadominicana.com\/portal\/#organization","name":"PotenciaRadiofonicaDominicana.com","url":"https:\/\/potenciaradiofonicadominicana.com\/portal\/","logo":{"@type":"ImageObject","inLanguage":"es","@id":"https:\/\/potenciaradiofonicadominicana.com\/portal\/#\/schema\/logo\/image\/","url":"https:\/\/potenciaradiofonicadominicana.com\/portal\/wp-content\/uploads\/2022\/01\/descarga.png","contentUrl":"https:\/\/potenciaradiofonicadominicana.com\/portal\/wp-content\/uploads\/2022\/01\/descarga.png","width":300,"height":100,"caption":"PotenciaRadiofonicaDominicana.com"},"image":{"@id":"https:\/\/potenciaradiofonicadominicana.com\/portal\/#\/schema\/logo\/image\/"},"sameAs":["https:\/\/web.facebook.com\/PotenciaRadiofonicaD"]},{"@type":"Person","@id":"https:\/\/potenciaradiofonicadominicana.com\/portal\/#\/schema\/person\/a5cf1fea13877803ee0573ac18b03490","name":"Potencia Radiof\u00f3nica Dominicana","image":{"@type":"ImageObject","inLanguage":"es","@id":"https:\/\/potenciaradiofonicadominicana.com\/portal\/#\/schema\/person\/image\/","url":"https:\/\/secure.gravatar.com\/avatar\/42a55ab9e8ccc656ba34cd791990602a?s=96&d=mm&r=g","contentUrl":"https:\/\/secure.gravatar.com\/avatar\/42a55ab9e8ccc656ba34cd791990602a?s=96&d=mm&r=g","caption":"Potencia Radiof\u00f3nica Dominicana"},"url":"https:\/\/potenciaradiofonicadominicana.com\/portal\/author\/johannyalmanzar\/"}]}},"_links":{"self":[{"href":"https:\/\/potenciaradiofonicadominicana.com\/portal\/wp-json\/wp\/v2\/posts\/114899","targetHints":{"allow":["GET"]}}],"collection":[{"href":"https:\/\/potenciaradiofonicadominicana.com\/portal\/wp-json\/wp\/v2\/posts"}],"about":[{"href":"https:\/\/potenciaradiofonicadominicana.com\/portal\/wp-json\/wp\/v2\/types\/post"}],"author":[{"embeddable":true,"href":"https:\/\/potenciaradiofonicadominicana.com\/portal\/wp-json\/wp\/v2\/users\/2"}],"replies":[{"embeddable":true,"href":"https:\/\/potenciaradiofonicadominicana.com\/portal\/wp-json\/wp\/v2\/comments?post=114899"}],"version-history":[{"count":1,"href":"https:\/\/potenciaradiofonicadominicana.com\/portal\/wp-json\/wp\/v2\/posts\/114899\/revisions"}],"predecessor-version":[{"id":114905,"href":"https:\/\/potenciaradiofonicadominicana.com\/portal\/wp-json\/wp\/v2\/posts\/114899\/revisions\/114905"}],"wp:featuredmedia":[{"embeddable":true,"href":"https:\/\/potenciaradiofonicadominicana.com\/portal\/wp-json\/wp\/v2\/media\/114904"}],"wp:attachment":[{"href":"https:\/\/potenciaradiofonicadominicana.com\/portal\/wp-json\/wp\/v2\/media?parent=114899"}],"wp:term":[{"taxonomy":"category","embeddable":true,"href":"https:\/\/potenciaradiofonicadominicana.com\/portal\/wp-json\/wp\/v2\/categories?post=114899"},{"taxonomy":"post_tag","embeddable":true,"href":"https:\/\/potenciaradiofonicadominicana.com\/portal\/wp-json\/wp\/v2\/tags?post=114899"}],"curies":[{"name":"wp","href":"https:\/\/api.w.org\/{rel}","templated":true}]}}