{"id":114890,"date":"2022-02-02T14:57:44","date_gmt":"2022-02-02T18:57:44","guid":{"rendered":"https:\/\/potenciaradiofonicadominicana.com\/portal\/?p=114890"},"modified":"2022-02-02T14:57:44","modified_gmt":"2022-02-02T18:57:44","slug":"prestamos-bancarios-sin-tasa-fija-seran-afectados-con-nuevo-anuncio-del-banco-central","status":"publish","type":"post","link":"https:\/\/potenciaradiofonicadominicana.com\/portal\/prestamos-bancarios-sin-tasa-fija-seran-afectados-con-nuevo-anuncio-del-banco-central\/","title":{"rendered":"Pr\u00e9stamos bancarios sin tasa fija ser\u00e1n afectados con nuevo anuncio del Banco Central"},"content":{"rendered":"<p><a href=\"https:\/\/potenciaradiofonicadominicana.com\/portal\/wp-content\/uploads\/2022\/02\/closeup-shot-person-thinking-buying-selling-house-eb52a3f6-focus-0-0-895-573.jpg\"><img loading=\"lazy\" decoding=\"async\" class=\"alignnone size-full wp-image-114891\" src=\"https:\/\/potenciaradiofonicadominicana.com\/portal\/wp-content\/uploads\/2022\/02\/closeup-shot-person-thinking-buying-selling-house-eb52a3f6-focus-0-0-895-573.jpg\" alt=\"\" width=\"895\" height=\"573\" srcset=\"https:\/\/potenciaradiofonicadominicana.com\/portal\/wp-content\/uploads\/2022\/02\/closeup-shot-person-thinking-buying-selling-house-eb52a3f6-focus-0-0-895-573.jpg 895w, https:\/\/potenciaradiofonicadominicana.com\/portal\/wp-content\/uploads\/2022\/02\/closeup-shot-person-thinking-buying-selling-house-eb52a3f6-focus-0-0-895-573-300x192.jpg 300w, https:\/\/potenciaradiofonicadominicana.com\/portal\/wp-content\/uploads\/2022\/02\/closeup-shot-person-thinking-buying-selling-house-eb52a3f6-focus-0-0-895-573-768x492.jpg 768w\" sizes=\"auto, (max-width: 895px) 100vw, 895px\" \/><\/a><\/p>\n<p>Luego de la\u00a0reciente decisi\u00f3n del Banco Central de aumentar por tercer mes consecutivo su tasa de\u00a0pol\u00edtica monetaria, a los usuarios que poseen\u00a0pr\u00e9stamos\u00a0bancarios, cuyos contratos no contemplen cr\u00e9ditos a tasas activas fijas, las variaciones se ir\u00e1n reflejando en incrementos graduales del costo del dinero, y para quienes recurran a nuevos financiamientos, estos se realizar\u00e1n bajo las condiciones de mercado vigentes.<\/p>\n<p>La informaci\u00f3n la ofreci\u00f3 este mi\u00e9rcoles la\u00a0Asociaci\u00f3n de Bancos M\u00faltiples de la Rep\u00fablica Dominicana\u00a0(ABA), entidad que consider\u00f3 que el cambio de postura de\u00a0pol\u00edtica monetaria\u00a0ejecutada por el\u00a0Banco Central de la Rep\u00fablica Dominicana\u00a0desde agosto de 2021 \u00abes atendible, dadas las complejidades del panorama econ\u00f3mico y financiero global, la mayor persistencia de las presiones inflacionarias y la incertidumbre prevaleciente asociada a la covid-19 y fen\u00f3menos geopol\u00edticos\u00bb.<\/p>\n<p>El Banco Central, en su reuni\u00f3n de\u00a0pol\u00edtica monetaria\u00a0de enero pasado, decidi\u00f3 incrementar en 50 puntos b\u00e1sicos su tasa de inter\u00e9s de\u00a0pol\u00edtica monetaria, pasando de 4.50 a 5.00 % anual. Tambi\u00e9n la hab\u00eda aumentado en noviembre y diciembre.<\/p>\n<p>El gremio explic\u00f3 a trav\u00e9s de un comunicado que, como era de esperarse, el incremento de la tasa de\u00a0pol\u00edtica monetaria\u00a0tendr\u00e1 un canal de transmisi\u00f3n hacia las tasas de inter\u00e9s bancarias.\u00a0 Detall\u00f3 que, por un lado, los depositantes tender\u00e1n a recibir mayores rendimientos de sus recursos, por la v\u00eda de las tasas pasivas.<\/p>\n<div id=\"detalle-parrafo\"><\/div>\n<p>\u201cRecordamos que una importante proporci\u00f3n de los deudores de sectores productivos, pymes y hogares est\u00e1n al amparo de los est\u00edmulos monetarios dispuestos a ra\u00edz de la pandemia, que se realizaron a tasas fijas del 8 % hasta julio de 2023, lo que nos permitir\u00e1, como pa\u00eds, ir sorteando sin mayores traumas la transici\u00f3n a una senda de crecimiento sostenido con adecuados niveles de inflaci\u00f3n\u201d, precis\u00f3 la\u00a0ABA.<\/p>\n<p>Sobre la medida del Banco Central, la\u00a0ABA\u00a0se\u00f1al\u00f3 que las acciones para restringir la liquidez e incrementar la tasa de\u00a0pol\u00edtica monetaria, por encima del nivel que se situaba antes de la pandemia, buscan preservar la estabilidad de precios y son fundamentales para propiciar un adecuado clima de negocios y paz social favorables para la inversi\u00f3n, la generaci\u00f3n de empleos y el bienestar de la poblaci\u00f3n.<\/p>\n<p>Adem\u00e1s, la\u00a0ABA\u00a0sostuvo que estas medidas de\u00a0pol\u00edtica monetaria\u00a0van en consonancia con el objetivo que se persigue de evitar un crecimiento por encima del potencial del sistema financiero, que genere presiones inflacionarias y cambiarias.<\/p>\n<p>De igual modo, el gremio ratific\u00f3 el compromiso de los bancos m\u00faltiples de seguir apoyando a los sectores productivos, incluyendo a las micro, peque\u00f1as y medianas empresas, as\u00ed como a los hogares del pa\u00eds.<\/p>\n","protected":false},"excerpt":{"rendered":"<p>Luego de la\u00a0reciente decisi\u00f3n del Banco Central de aumentar por tercer mes consecutivo su tasa de\u00a0pol\u00edtica monetaria, a los usuarios &#8230;<\/p>\n","protected":false},"author":2,"featured_media":114891,"comment_status":"open","ping_status":"open","sticky":false,"template":"","format":"standard","meta":{"footnotes":""},"categories":[26],"tags":[],"class_list":["post-114890","post","type-post","status-publish","format-standard","has-post-thumbnail","hentry","category-economia"],"yoast_head":"<!-- This site is optimized with the Yoast SEO plugin v24.8.1 - https:\/\/yoast.com\/wordpress\/plugins\/seo\/ -->\n<title>Pr\u00e9stamos bancarios sin tasa fija ser\u00e1n afectados con nuevo anuncio del Banco Central - PotenciaRadiofonicaDominicana.com<\/title>\n<meta name=\"robots\" content=\"index, follow, max-snippet:-1, max-image-preview:large, max-video-preview:-1\" \/>\n<link rel=\"canonical\" href=\"https:\/\/potenciaradiofonicadominicana.com\/portal\/prestamos-bancarios-sin-tasa-fija-seran-afectados-con-nuevo-anuncio-del-banco-central\/\" \/>\n<meta property=\"og:locale\" content=\"es_ES\" \/>\n<meta property=\"og:type\" content=\"article\" \/>\n<meta property=\"og:title\" content=\"Pr\u00e9stamos bancarios sin tasa fija ser\u00e1n afectados con nuevo anuncio del Banco Central - PotenciaRadiofonicaDominicana.com\" \/>\n<meta property=\"og:description\" content=\"Luego de la\u00a0reciente decisi\u00f3n del Banco Central de aumentar por tercer mes consecutivo su tasa de\u00a0pol\u00edtica monetaria, a los usuarios ...\" \/>\n<meta property=\"og:url\" content=\"https:\/\/potenciaradiofonicadominicana.com\/portal\/prestamos-bancarios-sin-tasa-fija-seran-afectados-con-nuevo-anuncio-del-banco-central\/\" \/>\n<meta property=\"og:site_name\" content=\"PotenciaRadiofonicaDominicana.com\" \/>\n<meta property=\"article:publisher\" content=\"https:\/\/web.facebook.com\/PotenciaRadiofonicaD\" \/>\n<meta property=\"article:published_time\" content=\"2022-02-02T18:57:44+00:00\" \/>\n<meta property=\"og:image\" content=\"https:\/\/potenciaradiofonicadominicana.com\/portal\/wp-content\/uploads\/2022\/02\/closeup-shot-person-thinking-buying-selling-house-eb52a3f6-focus-0-0-895-573.jpg\" \/>\n\t<meta property=\"og:image:width\" content=\"895\" \/>\n\t<meta property=\"og:image:height\" content=\"573\" \/>\n\t<meta property=\"og:image:type\" content=\"image\/jpeg\" \/>\n<meta name=\"author\" content=\"Potencia Radiof\u00f3nica Dominicana\" \/>\n<meta name=\"twitter:card\" content=\"summary_large_image\" \/>\n<meta name=\"twitter:label1\" content=\"Escrito por\" \/>\n\t<meta name=\"twitter:data1\" content=\"Potencia Radiof\u00f3nica Dominicana\" \/>\n\t<meta name=\"twitter:label2\" content=\"Tiempo de lectura\" \/>\n\t<meta name=\"twitter:data2\" content=\"2 minutos\" \/>\n<script type=\"application\/ld+json\" class=\"yoast-schema-graph\">{\"@context\":\"https:\/\/schema.org\",\"@graph\":[{\"@type\":\"Article\",\"@id\":\"https:\/\/potenciaradiofonicadominicana.com\/portal\/prestamos-bancarios-sin-tasa-fija-seran-afectados-con-nuevo-anuncio-del-banco-central\/#article\",\"isPartOf\":{\"@id\":\"https:\/\/potenciaradiofonicadominicana.com\/portal\/prestamos-bancarios-sin-tasa-fija-seran-afectados-con-nuevo-anuncio-del-banco-central\/\"},\"author\":{\"name\":\"Potencia Radiof\u00f3nica Dominicana\",\"@id\":\"https:\/\/potenciaradiofonicadominicana.com\/portal\/#\/schema\/person\/a5cf1fea13877803ee0573ac18b03490\"},\"headline\":\"Pr\u00e9stamos bancarios sin tasa fija ser\u00e1n afectados con nuevo anuncio del Banco Central\",\"datePublished\":\"2022-02-02T18:57:44+00:00\",\"mainEntityOfPage\":{\"@id\":\"https:\/\/potenciaradiofonicadominicana.com\/portal\/prestamos-bancarios-sin-tasa-fija-seran-afectados-con-nuevo-anuncio-del-banco-central\/\"},\"wordCount\":483,\"commentCount\":0,\"publisher\":{\"@id\":\"https:\/\/potenciaradiofonicadominicana.com\/portal\/#organization\"},\"image\":{\"@id\":\"https:\/\/potenciaradiofonicadominicana.com\/portal\/prestamos-bancarios-sin-tasa-fija-seran-afectados-con-nuevo-anuncio-del-banco-central\/#primaryimage\"},\"thumbnailUrl\":\"https:\/\/potenciaradiofonicadominicana.com\/portal\/wp-content\/uploads\/2022\/02\/closeup-shot-person-thinking-buying-selling-house-eb52a3f6-focus-0-0-895-573.jpg\",\"articleSection\":[\"Econom\u00eda\"],\"inLanguage\":\"es\",\"potentialAction\":[{\"@type\":\"CommentAction\",\"name\":\"Comment\",\"target\":[\"https:\/\/potenciaradiofonicadominicana.com\/portal\/prestamos-bancarios-sin-tasa-fija-seran-afectados-con-nuevo-anuncio-del-banco-central\/#respond\"]}]},{\"@type\":\"WebPage\",\"@id\":\"https:\/\/potenciaradiofonicadominicana.com\/portal\/prestamos-bancarios-sin-tasa-fija-seran-afectados-con-nuevo-anuncio-del-banco-central\/\",\"url\":\"https:\/\/potenciaradiofonicadominicana.com\/portal\/prestamos-bancarios-sin-tasa-fija-seran-afectados-con-nuevo-anuncio-del-banco-central\/\",\"name\":\"Pr\u00e9stamos bancarios sin tasa fija ser\u00e1n afectados con nuevo anuncio del Banco Central - PotenciaRadiofonicaDominicana.com\",\"isPartOf\":{\"@id\":\"https:\/\/potenciaradiofonicadominicana.com\/portal\/#website\"},\"primaryImageOfPage\":{\"@id\":\"https:\/\/potenciaradiofonicadominicana.com\/portal\/prestamos-bancarios-sin-tasa-fija-seran-afectados-con-nuevo-anuncio-del-banco-central\/#primaryimage\"},\"image\":{\"@id\":\"https:\/\/potenciaradiofonicadominicana.com\/portal\/prestamos-bancarios-sin-tasa-fija-seran-afectados-con-nuevo-anuncio-del-banco-central\/#primaryimage\"},\"thumbnailUrl\":\"https:\/\/potenciaradiofonicadominicana.com\/portal\/wp-content\/uploads\/2022\/02\/closeup-shot-person-thinking-buying-selling-house-eb52a3f6-focus-0-0-895-573.jpg\",\"datePublished\":\"2022-02-02T18:57:44+00:00\",\"breadcrumb\":{\"@id\":\"https:\/\/potenciaradiofonicadominicana.com\/portal\/prestamos-bancarios-sin-tasa-fija-seran-afectados-con-nuevo-anuncio-del-banco-central\/#breadcrumb\"},\"inLanguage\":\"es\",\"potentialAction\":[{\"@type\":\"ReadAction\",\"target\":[\"https:\/\/potenciaradiofonicadominicana.com\/portal\/prestamos-bancarios-sin-tasa-fija-seran-afectados-con-nuevo-anuncio-del-banco-central\/\"]}]},{\"@type\":\"ImageObject\",\"inLanguage\":\"es\",\"@id\":\"https:\/\/potenciaradiofonicadominicana.com\/portal\/prestamos-bancarios-sin-tasa-fija-seran-afectados-con-nuevo-anuncio-del-banco-central\/#primaryimage\",\"url\":\"https:\/\/potenciaradiofonicadominicana.com\/portal\/wp-content\/uploads\/2022\/02\/closeup-shot-person-thinking-buying-selling-house-eb52a3f6-focus-0-0-895-573.jpg\",\"contentUrl\":\"https:\/\/potenciaradiofonicadominicana.com\/portal\/wp-content\/uploads\/2022\/02\/closeup-shot-person-thinking-buying-selling-house-eb52a3f6-focus-0-0-895-573.jpg\",\"width\":895,\"height\":573},{\"@type\":\"BreadcrumbList\",\"@id\":\"https:\/\/potenciaradiofonicadominicana.com\/portal\/prestamos-bancarios-sin-tasa-fija-seran-afectados-con-nuevo-anuncio-del-banco-central\/#breadcrumb\",\"itemListElement\":[{\"@type\":\"ListItem\",\"position\":1,\"name\":\"Portada\",\"item\":\"https:\/\/potenciaradiofonicadominicana.com\/portal\/\"},{\"@type\":\"ListItem\",\"position\":2,\"name\":\"Pr\u00e9stamos bancarios sin tasa fija ser\u00e1n afectados con nuevo anuncio del Banco Central\"}]},{\"@type\":\"WebSite\",\"@id\":\"https:\/\/potenciaradiofonicadominicana.com\/portal\/#website\",\"url\":\"https:\/\/potenciaradiofonicadominicana.com\/portal\/\",\"name\":\"PotenciaRadiofonicaDominicana.com\",\"description\":\"Peri\u00f3dico Digital\",\"publisher\":{\"@id\":\"https:\/\/potenciaradiofonicadominicana.com\/portal\/#organization\"},\"potentialAction\":[{\"@type\":\"SearchAction\",\"target\":{\"@type\":\"EntryPoint\",\"urlTemplate\":\"https:\/\/potenciaradiofonicadominicana.com\/portal\/?s={search_term_string}\"},\"query-input\":{\"@type\":\"PropertyValueSpecification\",\"valueRequired\":true,\"valueName\":\"search_term_string\"}}],\"inLanguage\":\"es\"},{\"@type\":\"Organization\",\"@id\":\"https:\/\/potenciaradiofonicadominicana.com\/portal\/#organization\",\"name\":\"PotenciaRadiofonicaDominicana.com\",\"url\":\"https:\/\/potenciaradiofonicadominicana.com\/portal\/\",\"logo\":{\"@type\":\"ImageObject\",\"inLanguage\":\"es\",\"@id\":\"https:\/\/potenciaradiofonicadominicana.com\/portal\/#\/schema\/logo\/image\/\",\"url\":\"https:\/\/potenciaradiofonicadominicana.com\/portal\/wp-content\/uploads\/2022\/01\/descarga.png\",\"contentUrl\":\"https:\/\/potenciaradiofonicadominicana.com\/portal\/wp-content\/uploads\/2022\/01\/descarga.png\",\"width\":300,\"height\":100,\"caption\":\"PotenciaRadiofonicaDominicana.com\"},\"image\":{\"@id\":\"https:\/\/potenciaradiofonicadominicana.com\/portal\/#\/schema\/logo\/image\/\"},\"sameAs\":[\"https:\/\/web.facebook.com\/PotenciaRadiofonicaD\"]},{\"@type\":\"Person\",\"@id\":\"https:\/\/potenciaradiofonicadominicana.com\/portal\/#\/schema\/person\/a5cf1fea13877803ee0573ac18b03490\",\"name\":\"Potencia Radiof\u00f3nica Dominicana\",\"image\":{\"@type\":\"ImageObject\",\"inLanguage\":\"es\",\"@id\":\"https:\/\/potenciaradiofonicadominicana.com\/portal\/#\/schema\/person\/image\/\",\"url\":\"https:\/\/secure.gravatar.com\/avatar\/42a55ab9e8ccc656ba34cd791990602a?s=96&d=mm&r=g\",\"contentUrl\":\"https:\/\/secure.gravatar.com\/avatar\/42a55ab9e8ccc656ba34cd791990602a?s=96&d=mm&r=g\",\"caption\":\"Potencia Radiof\u00f3nica Dominicana\"},\"url\":\"https:\/\/potenciaradiofonicadominicana.com\/portal\/author\/johannyalmanzar\/\"}]}<\/script>\n<!-- \/ Yoast SEO plugin. -->","yoast_head_json":{"title":"Pr\u00e9stamos bancarios sin tasa fija ser\u00e1n afectados con nuevo anuncio del Banco Central - PotenciaRadiofonicaDominicana.com","robots":{"index":"index","follow":"follow","max-snippet":"max-snippet:-1","max-image-preview":"max-image-preview:large","max-video-preview":"max-video-preview:-1"},"canonical":"https:\/\/potenciaradiofonicadominicana.com\/portal\/prestamos-bancarios-sin-tasa-fija-seran-afectados-con-nuevo-anuncio-del-banco-central\/","og_locale":"es_ES","og_type":"article","og_title":"Pr\u00e9stamos bancarios sin tasa fija ser\u00e1n afectados con nuevo anuncio del Banco Central - PotenciaRadiofonicaDominicana.com","og_description":"Luego de la\u00a0reciente decisi\u00f3n del Banco Central de aumentar por tercer mes consecutivo su tasa de\u00a0pol\u00edtica monetaria, a los usuarios ...","og_url":"https:\/\/potenciaradiofonicadominicana.com\/portal\/prestamos-bancarios-sin-tasa-fija-seran-afectados-con-nuevo-anuncio-del-banco-central\/","og_site_name":"PotenciaRadiofonicaDominicana.com","article_publisher":"https:\/\/web.facebook.com\/PotenciaRadiofonicaD","article_published_time":"2022-02-02T18:57:44+00:00","og_image":[{"width":895,"height":573,"url":"https:\/\/potenciaradiofonicadominicana.com\/portal\/wp-content\/uploads\/2022\/02\/closeup-shot-person-thinking-buying-selling-house-eb52a3f6-focus-0-0-895-573.jpg","type":"image\/jpeg"}],"author":"Potencia Radiof\u00f3nica Dominicana","twitter_card":"summary_large_image","twitter_misc":{"Escrito por":"Potencia Radiof\u00f3nica Dominicana","Tiempo de lectura":"2 minutos"},"schema":{"@context":"https:\/\/schema.org","@graph":[{"@type":"Article","@id":"https:\/\/potenciaradiofonicadominicana.com\/portal\/prestamos-bancarios-sin-tasa-fija-seran-afectados-con-nuevo-anuncio-del-banco-central\/#article","isPartOf":{"@id":"https:\/\/potenciaradiofonicadominicana.com\/portal\/prestamos-bancarios-sin-tasa-fija-seran-afectados-con-nuevo-anuncio-del-banco-central\/"},"author":{"name":"Potencia Radiof\u00f3nica Dominicana","@id":"https:\/\/potenciaradiofonicadominicana.com\/portal\/#\/schema\/person\/a5cf1fea13877803ee0573ac18b03490"},"headline":"Pr\u00e9stamos bancarios sin tasa fija ser\u00e1n afectados con nuevo anuncio del Banco Central","datePublished":"2022-02-02T18:57:44+00:00","mainEntityOfPage":{"@id":"https:\/\/potenciaradiofonicadominicana.com\/portal\/prestamos-bancarios-sin-tasa-fija-seran-afectados-con-nuevo-anuncio-del-banco-central\/"},"wordCount":483,"commentCount":0,"publisher":{"@id":"https:\/\/potenciaradiofonicadominicana.com\/portal\/#organization"},"image":{"@id":"https:\/\/potenciaradiofonicadominicana.com\/portal\/prestamos-bancarios-sin-tasa-fija-seran-afectados-con-nuevo-anuncio-del-banco-central\/#primaryimage"},"thumbnailUrl":"https:\/\/potenciaradiofonicadominicana.com\/portal\/wp-content\/uploads\/2022\/02\/closeup-shot-person-thinking-buying-selling-house-eb52a3f6-focus-0-0-895-573.jpg","articleSection":["Econom\u00eda"],"inLanguage":"es","potentialAction":[{"@type":"CommentAction","name":"Comment","target":["https:\/\/potenciaradiofonicadominicana.com\/portal\/prestamos-bancarios-sin-tasa-fija-seran-afectados-con-nuevo-anuncio-del-banco-central\/#respond"]}]},{"@type":"WebPage","@id":"https:\/\/potenciaradiofonicadominicana.com\/portal\/prestamos-bancarios-sin-tasa-fija-seran-afectados-con-nuevo-anuncio-del-banco-central\/","url":"https:\/\/potenciaradiofonicadominicana.com\/portal\/prestamos-bancarios-sin-tasa-fija-seran-afectados-con-nuevo-anuncio-del-banco-central\/","name":"Pr\u00e9stamos bancarios sin tasa fija ser\u00e1n afectados con nuevo anuncio del Banco Central - PotenciaRadiofonicaDominicana.com","isPartOf":{"@id":"https:\/\/potenciaradiofonicadominicana.com\/portal\/#website"},"primaryImageOfPage":{"@id":"https:\/\/potenciaradiofonicadominicana.com\/portal\/prestamos-bancarios-sin-tasa-fija-seran-afectados-con-nuevo-anuncio-del-banco-central\/#primaryimage"},"image":{"@id":"https:\/\/potenciaradiofonicadominicana.com\/portal\/prestamos-bancarios-sin-tasa-fija-seran-afectados-con-nuevo-anuncio-del-banco-central\/#primaryimage"},"thumbnailUrl":"https:\/\/potenciaradiofonicadominicana.com\/portal\/wp-content\/uploads\/2022\/02\/closeup-shot-person-thinking-buying-selling-house-eb52a3f6-focus-0-0-895-573.jpg","datePublished":"2022-02-02T18:57:44+00:00","breadcrumb":{"@id":"https:\/\/potenciaradiofonicadominicana.com\/portal\/prestamos-bancarios-sin-tasa-fija-seran-afectados-con-nuevo-anuncio-del-banco-central\/#breadcrumb"},"inLanguage":"es","potentialAction":[{"@type":"ReadAction","target":["https:\/\/potenciaradiofonicadominicana.com\/portal\/prestamos-bancarios-sin-tasa-fija-seran-afectados-con-nuevo-anuncio-del-banco-central\/"]}]},{"@type":"ImageObject","inLanguage":"es","@id":"https:\/\/potenciaradiofonicadominicana.com\/portal\/prestamos-bancarios-sin-tasa-fija-seran-afectados-con-nuevo-anuncio-del-banco-central\/#primaryimage","url":"https:\/\/potenciaradiofonicadominicana.com\/portal\/wp-content\/uploads\/2022\/02\/closeup-shot-person-thinking-buying-selling-house-eb52a3f6-focus-0-0-895-573.jpg","contentUrl":"https:\/\/potenciaradiofonicadominicana.com\/portal\/wp-content\/uploads\/2022\/02\/closeup-shot-person-thinking-buying-selling-house-eb52a3f6-focus-0-0-895-573.jpg","width":895,"height":573},{"@type":"BreadcrumbList","@id":"https:\/\/potenciaradiofonicadominicana.com\/portal\/prestamos-bancarios-sin-tasa-fija-seran-afectados-con-nuevo-anuncio-del-banco-central\/#breadcrumb","itemListElement":[{"@type":"ListItem","position":1,"name":"Portada","item":"https:\/\/potenciaradiofonicadominicana.com\/portal\/"},{"@type":"ListItem","position":2,"name":"Pr\u00e9stamos bancarios sin tasa fija ser\u00e1n afectados con nuevo anuncio del Banco Central"}]},{"@type":"WebSite","@id":"https:\/\/potenciaradiofonicadominicana.com\/portal\/#website","url":"https:\/\/potenciaradiofonicadominicana.com\/portal\/","name":"PotenciaRadiofonicaDominicana.com","description":"Peri\u00f3dico Digital","publisher":{"@id":"https:\/\/potenciaradiofonicadominicana.com\/portal\/#organization"},"potentialAction":[{"@type":"SearchAction","target":{"@type":"EntryPoint","urlTemplate":"https:\/\/potenciaradiofonicadominicana.com\/portal\/?s={search_term_string}"},"query-input":{"@type":"PropertyValueSpecification","valueRequired":true,"valueName":"search_term_string"}}],"inLanguage":"es"},{"@type":"Organization","@id":"https:\/\/potenciaradiofonicadominicana.com\/portal\/#organization","name":"PotenciaRadiofonicaDominicana.com","url":"https:\/\/potenciaradiofonicadominicana.com\/portal\/","logo":{"@type":"ImageObject","inLanguage":"es","@id":"https:\/\/potenciaradiofonicadominicana.com\/portal\/#\/schema\/logo\/image\/","url":"https:\/\/potenciaradiofonicadominicana.com\/portal\/wp-content\/uploads\/2022\/01\/descarga.png","contentUrl":"https:\/\/potenciaradiofonicadominicana.com\/portal\/wp-content\/uploads\/2022\/01\/descarga.png","width":300,"height":100,"caption":"PotenciaRadiofonicaDominicana.com"},"image":{"@id":"https:\/\/potenciaradiofonicadominicana.com\/portal\/#\/schema\/logo\/image\/"},"sameAs":["https:\/\/web.facebook.com\/PotenciaRadiofonicaD"]},{"@type":"Person","@id":"https:\/\/potenciaradiofonicadominicana.com\/portal\/#\/schema\/person\/a5cf1fea13877803ee0573ac18b03490","name":"Potencia Radiof\u00f3nica Dominicana","image":{"@type":"ImageObject","inLanguage":"es","@id":"https:\/\/potenciaradiofonicadominicana.com\/portal\/#\/schema\/person\/image\/","url":"https:\/\/secure.gravatar.com\/avatar\/42a55ab9e8ccc656ba34cd791990602a?s=96&d=mm&r=g","contentUrl":"https:\/\/secure.gravatar.com\/avatar\/42a55ab9e8ccc656ba34cd791990602a?s=96&d=mm&r=g","caption":"Potencia Radiof\u00f3nica Dominicana"},"url":"https:\/\/potenciaradiofonicadominicana.com\/portal\/author\/johannyalmanzar\/"}]}},"_links":{"self":[{"href":"https:\/\/potenciaradiofonicadominicana.com\/portal\/wp-json\/wp\/v2\/posts\/114890","targetHints":{"allow":["GET"]}}],"collection":[{"href":"https:\/\/potenciaradiofonicadominicana.com\/portal\/wp-json\/wp\/v2\/posts"}],"about":[{"href":"https:\/\/potenciaradiofonicadominicana.com\/portal\/wp-json\/wp\/v2\/types\/post"}],"author":[{"embeddable":true,"href":"https:\/\/potenciaradiofonicadominicana.com\/portal\/wp-json\/wp\/v2\/users\/2"}],"replies":[{"embeddable":true,"href":"https:\/\/potenciaradiofonicadominicana.com\/portal\/wp-json\/wp\/v2\/comments?post=114890"}],"version-history":[{"count":1,"href":"https:\/\/potenciaradiofonicadominicana.com\/portal\/wp-json\/wp\/v2\/posts\/114890\/revisions"}],"predecessor-version":[{"id":114892,"href":"https:\/\/potenciaradiofonicadominicana.com\/portal\/wp-json\/wp\/v2\/posts\/114890\/revisions\/114892"}],"wp:featuredmedia":[{"embeddable":true,"href":"https:\/\/potenciaradiofonicadominicana.com\/portal\/wp-json\/wp\/v2\/media\/114891"}],"wp:attachment":[{"href":"https:\/\/potenciaradiofonicadominicana.com\/portal\/wp-json\/wp\/v2\/media?parent=114890"}],"wp:term":[{"taxonomy":"category","embeddable":true,"href":"https:\/\/potenciaradiofonicadominicana.com\/portal\/wp-json\/wp\/v2\/categories?post=114890"},{"taxonomy":"post_tag","embeddable":true,"href":"https:\/\/potenciaradiofonicadominicana.com\/portal\/wp-json\/wp\/v2\/tags?post=114890"}],"curies":[{"name":"wp","href":"https:\/\/api.w.org\/{rel}","templated":true}]}}