{"id":114887,"date":"2022-02-02T13:36:45","date_gmt":"2022-02-02T17:36:45","guid":{"rendered":"https:\/\/potenciaradiofonicadominicana.com\/portal\/?p=114887"},"modified":"2022-02-02T13:36:45","modified_gmt":"2022-02-02T17:36:45","slug":"disolveran-bancamerica-la-superintendencia-de-bancos-tomara-el-control-del-banco","status":"publish","type":"post","link":"https:\/\/potenciaradiofonicadominicana.com\/portal\/disolveran-bancamerica-la-superintendencia-de-bancos-tomara-el-control-del-banco\/","title":{"rendered":"Disolver\u00e1n Bancam\u00e9rica; la Superintendencia de Bancos tomar\u00e1 el control del banco"},"content":{"rendered":"<p><a href=\"https:\/\/potenciaradiofonicadominicana.com\/portal\/wp-content\/uploads\/2022\/02\/BANCAMERICA-768x440-1.jpg\"><img loading=\"lazy\" decoding=\"async\" class=\"alignnone size-full wp-image-114888\" src=\"https:\/\/potenciaradiofonicadominicana.com\/portal\/wp-content\/uploads\/2022\/02\/BANCAMERICA-768x440-1.jpg\" alt=\"\" width=\"768\" height=\"440\" srcset=\"https:\/\/potenciaradiofonicadominicana.com\/portal\/wp-content\/uploads\/2022\/02\/BANCAMERICA-768x440-1.jpg 768w, https:\/\/potenciaradiofonicadominicana.com\/portal\/wp-content\/uploads\/2022\/02\/BANCAMERICA-768x440-1-300x172.jpg 300w\" sizes=\"auto, (max-width: 768px) 100vw, 768px\" \/><\/a><\/p>\n<p>La Junta Monetaria dispuso la disoluci\u00f3n del\u00a0Banco M\u00faltiple de Las Am\u00e9ricas, S. A. (Bancam\u00e9rica),\u00a0entidad que se encontraba bajo un r\u00e9gimen de supervisi\u00f3n especial desde 2019, siguiendo un plan de regularizaci\u00f3n que no cumpli\u00f3.<\/p>\n<p>La decisi\u00f3n fue adoptada, mediante la Segunda Resoluci\u00f3n del 28 de enero de 2022, en atenci\u00f3n a lo establecido en el art\u00edculo 62 de la Ley n\u00fam. 183-02 Monetaria y Financiera del 21 de noviembre de 2002, relativo a las causas de disoluci\u00f3n, explica un comunicado de la Superintendencia de Bancos (SB)<\/p>\n<p>La nota precisa que como parte del plan de regularizaci\u00f3n, la SB le requiri\u00f3 a Bancam\u00e9rica retornar dep\u00f3sitos mantenidos en entidades vinculadas en el exterior, aumentar el capital y fortalecer sus m\u00e9todos de cobranza y controles internos.<\/p>\n<p>Indica que durante la vigencia del plan se mantuvo una estrecha vigilancia de la entidad y sus operaciones, incluyendo la presencia de supervisores especiales.\u00a0La entidad no subsan\u00f3 el incumplimiento principal, relativo a la repatriaci\u00f3n de los dep\u00f3sitos mantenidos en una vinculada extranjera, ni aport\u00f3 capital adicional.<\/p>\n<p>Perfil del banco<\/p>\n<p>Bancam\u00e9rica registra activos ascendentes a RD$ 3,577 millones, que representan\u00a0el 0.13% de los activos totales\u00a0del sistema y lo colocan en la\u00a0posici\u00f3n n\u00famero 31 entre las 49 entidades\u00a0de intermediaci\u00f3n financiera.<\/p>\n<p>La entidad tiene 28,485 depositantes, que representan 0.34% del sistema. Solo 15,260 registran balance en sus cuentas y\/o instrumentos de ahorro, con un total de RD$ 3,257 millones. La cantidad de deudores asciende a 5,438, representando el 0.27% del sistema.<\/p>\n<p>La SB precisa que dada la participaci\u00f3n de Bancam\u00e9rica en el mercado, y el hecho de que posee una interconexi\u00f3n m\u00ednima con otros participantes, no se prev\u00e9 riesgo de contagio motivado por su salida.<\/p>\n<p>Como parte del proceso de disoluci\u00f3n y conforme a los protocolos reglamentarios,\u00a0la Superintendencia de Bancos procurar\u00e1 que los activos y pasivos (cr\u00e9ditos y dep\u00f3sitos) de Bancam\u00e9rica sean transferidos a otra entidad\u00a0de intermediaci\u00f3n financiera mediante un proceso de licitaci\u00f3n transparente y competitivo, dentro de los pr\u00f3ximos 30 d\u00edas.<\/p>\n<p>La Junta Monetaria ha fijado la cobertura impl\u00edcita de los dep\u00f3sitos hasta un monto de RD$1,860,000 por depositante. El 98.1% de los depositantes de la entidad tiene ahorros por debajo de este umbral.<\/p>\n<p>Se les informa a los depositantes y acreedores de Bancam\u00e9rica que a partir del lunes 7 de febrero de 2022 deben acudir a las sucursales del banco a validar sus dep\u00f3sitos y otras acreencias, o hacerlo de manera virtual a trav\u00e9s de los canales digitales que la Superintendencia de Bancos pondr\u00e1 a disposici\u00f3n.<\/p>\n","protected":false},"excerpt":{"rendered":"<p>La Junta Monetaria dispuso la disoluci\u00f3n del\u00a0Banco M\u00faltiple de Las Am\u00e9ricas, S. A. (Bancam\u00e9rica),\u00a0entidad que se encontraba bajo un r\u00e9gimen &#8230;<\/p>\n","protected":false},"author":2,"featured_media":114888,"comment_status":"open","ping_status":"open","sticky":false,"template":"","format":"standard","meta":{"footnotes":""},"categories":[26],"tags":[],"class_list":["post-114887","post","type-post","status-publish","format-standard","has-post-thumbnail","hentry","category-economia"],"yoast_head":"<!-- This site is optimized with the Yoast SEO plugin v24.8.1 - https:\/\/yoast.com\/wordpress\/plugins\/seo\/ -->\n<title>Disolver\u00e1n Bancam\u00e9rica; la Superintendencia de Bancos tomar\u00e1 el control del banco - PotenciaRadiofonicaDominicana.com<\/title>\n<meta name=\"robots\" content=\"index, follow, max-snippet:-1, max-image-preview:large, max-video-preview:-1\" \/>\n<link rel=\"canonical\" href=\"https:\/\/potenciaradiofonicadominicana.com\/portal\/disolveran-bancamerica-la-superintendencia-de-bancos-tomara-el-control-del-banco\/\" \/>\n<meta property=\"og:locale\" content=\"es_ES\" \/>\n<meta property=\"og:type\" content=\"article\" \/>\n<meta property=\"og:title\" content=\"Disolver\u00e1n Bancam\u00e9rica; la Superintendencia de Bancos tomar\u00e1 el control del banco - PotenciaRadiofonicaDominicana.com\" \/>\n<meta property=\"og:description\" content=\"La Junta Monetaria dispuso la disoluci\u00f3n del\u00a0Banco M\u00faltiple de Las Am\u00e9ricas, S. A. (Bancam\u00e9rica),\u00a0entidad que se encontraba bajo un r\u00e9gimen ...\" \/>\n<meta property=\"og:url\" content=\"https:\/\/potenciaradiofonicadominicana.com\/portal\/disolveran-bancamerica-la-superintendencia-de-bancos-tomara-el-control-del-banco\/\" \/>\n<meta property=\"og:site_name\" content=\"PotenciaRadiofonicaDominicana.com\" \/>\n<meta property=\"article:publisher\" content=\"https:\/\/web.facebook.com\/PotenciaRadiofonicaD\" \/>\n<meta property=\"article:published_time\" content=\"2022-02-02T17:36:45+00:00\" \/>\n<meta property=\"og:image\" content=\"https:\/\/potenciaradiofonicadominicana.com\/portal\/wp-content\/uploads\/2022\/02\/BANCAMERICA-768x440-1.jpg\" \/>\n\t<meta property=\"og:image:width\" content=\"768\" \/>\n\t<meta property=\"og:image:height\" content=\"440\" \/>\n\t<meta property=\"og:image:type\" content=\"image\/jpeg\" \/>\n<meta name=\"author\" content=\"Potencia Radiof\u00f3nica Dominicana\" \/>\n<meta name=\"twitter:card\" content=\"summary_large_image\" \/>\n<meta name=\"twitter:label1\" content=\"Escrito por\" \/>\n\t<meta name=\"twitter:data1\" content=\"Potencia Radiof\u00f3nica Dominicana\" \/>\n\t<meta name=\"twitter:label2\" content=\"Tiempo de lectura\" \/>\n\t<meta name=\"twitter:data2\" content=\"2 minutos\" \/>\n<script type=\"application\/ld+json\" class=\"yoast-schema-graph\">{\"@context\":\"https:\/\/schema.org\",\"@graph\":[{\"@type\":\"Article\",\"@id\":\"https:\/\/potenciaradiofonicadominicana.com\/portal\/disolveran-bancamerica-la-superintendencia-de-bancos-tomara-el-control-del-banco\/#article\",\"isPartOf\":{\"@id\":\"https:\/\/potenciaradiofonicadominicana.com\/portal\/disolveran-bancamerica-la-superintendencia-de-bancos-tomara-el-control-del-banco\/\"},\"author\":{\"name\":\"Potencia Radiof\u00f3nica Dominicana\",\"@id\":\"https:\/\/potenciaradiofonicadominicana.com\/portal\/#\/schema\/person\/a5cf1fea13877803ee0573ac18b03490\"},\"headline\":\"Disolver\u00e1n Bancam\u00e9rica; la Superintendencia de Bancos tomar\u00e1 el control del banco\",\"datePublished\":\"2022-02-02T17:36:45+00:00\",\"mainEntityOfPage\":{\"@id\":\"https:\/\/potenciaradiofonicadominicana.com\/portal\/disolveran-bancamerica-la-superintendencia-de-bancos-tomara-el-control-del-banco\/\"},\"wordCount\":451,\"commentCount\":0,\"publisher\":{\"@id\":\"https:\/\/potenciaradiofonicadominicana.com\/portal\/#organization\"},\"image\":{\"@id\":\"https:\/\/potenciaradiofonicadominicana.com\/portal\/disolveran-bancamerica-la-superintendencia-de-bancos-tomara-el-control-del-banco\/#primaryimage\"},\"thumbnailUrl\":\"https:\/\/potenciaradiofonicadominicana.com\/portal\/wp-content\/uploads\/2022\/02\/BANCAMERICA-768x440-1.jpg\",\"articleSection\":[\"Econom\u00eda\"],\"inLanguage\":\"es\",\"potentialAction\":[{\"@type\":\"CommentAction\",\"name\":\"Comment\",\"target\":[\"https:\/\/potenciaradiofonicadominicana.com\/portal\/disolveran-bancamerica-la-superintendencia-de-bancos-tomara-el-control-del-banco\/#respond\"]}]},{\"@type\":\"WebPage\",\"@id\":\"https:\/\/potenciaradiofonicadominicana.com\/portal\/disolveran-bancamerica-la-superintendencia-de-bancos-tomara-el-control-del-banco\/\",\"url\":\"https:\/\/potenciaradiofonicadominicana.com\/portal\/disolveran-bancamerica-la-superintendencia-de-bancos-tomara-el-control-del-banco\/\",\"name\":\"Disolver\u00e1n Bancam\u00e9rica; la Superintendencia de Bancos tomar\u00e1 el control del banco - PotenciaRadiofonicaDominicana.com\",\"isPartOf\":{\"@id\":\"https:\/\/potenciaradiofonicadominicana.com\/portal\/#website\"},\"primaryImageOfPage\":{\"@id\":\"https:\/\/potenciaradiofonicadominicana.com\/portal\/disolveran-bancamerica-la-superintendencia-de-bancos-tomara-el-control-del-banco\/#primaryimage\"},\"image\":{\"@id\":\"https:\/\/potenciaradiofonicadominicana.com\/portal\/disolveran-bancamerica-la-superintendencia-de-bancos-tomara-el-control-del-banco\/#primaryimage\"},\"thumbnailUrl\":\"https:\/\/potenciaradiofonicadominicana.com\/portal\/wp-content\/uploads\/2022\/02\/BANCAMERICA-768x440-1.jpg\",\"datePublished\":\"2022-02-02T17:36:45+00:00\",\"breadcrumb\":{\"@id\":\"https:\/\/potenciaradiofonicadominicana.com\/portal\/disolveran-bancamerica-la-superintendencia-de-bancos-tomara-el-control-del-banco\/#breadcrumb\"},\"inLanguage\":\"es\",\"potentialAction\":[{\"@type\":\"ReadAction\",\"target\":[\"https:\/\/potenciaradiofonicadominicana.com\/portal\/disolveran-bancamerica-la-superintendencia-de-bancos-tomara-el-control-del-banco\/\"]}]},{\"@type\":\"ImageObject\",\"inLanguage\":\"es\",\"@id\":\"https:\/\/potenciaradiofonicadominicana.com\/portal\/disolveran-bancamerica-la-superintendencia-de-bancos-tomara-el-control-del-banco\/#primaryimage\",\"url\":\"https:\/\/potenciaradiofonicadominicana.com\/portal\/wp-content\/uploads\/2022\/02\/BANCAMERICA-768x440-1.jpg\",\"contentUrl\":\"https:\/\/potenciaradiofonicadominicana.com\/portal\/wp-content\/uploads\/2022\/02\/BANCAMERICA-768x440-1.jpg\",\"width\":768,\"height\":440},{\"@type\":\"BreadcrumbList\",\"@id\":\"https:\/\/potenciaradiofonicadominicana.com\/portal\/disolveran-bancamerica-la-superintendencia-de-bancos-tomara-el-control-del-banco\/#breadcrumb\",\"itemListElement\":[{\"@type\":\"ListItem\",\"position\":1,\"name\":\"Portada\",\"item\":\"https:\/\/potenciaradiofonicadominicana.com\/portal\/\"},{\"@type\":\"ListItem\",\"position\":2,\"name\":\"Disolver\u00e1n Bancam\u00e9rica; la Superintendencia de Bancos tomar\u00e1 el control del banco\"}]},{\"@type\":\"WebSite\",\"@id\":\"https:\/\/potenciaradiofonicadominicana.com\/portal\/#website\",\"url\":\"https:\/\/potenciaradiofonicadominicana.com\/portal\/\",\"name\":\"PotenciaRadiofonicaDominicana.com\",\"description\":\"Peri\u00f3dico Digital\",\"publisher\":{\"@id\":\"https:\/\/potenciaradiofonicadominicana.com\/portal\/#organization\"},\"potentialAction\":[{\"@type\":\"SearchAction\",\"target\":{\"@type\":\"EntryPoint\",\"urlTemplate\":\"https:\/\/potenciaradiofonicadominicana.com\/portal\/?s={search_term_string}\"},\"query-input\":{\"@type\":\"PropertyValueSpecification\",\"valueRequired\":true,\"valueName\":\"search_term_string\"}}],\"inLanguage\":\"es\"},{\"@type\":\"Organization\",\"@id\":\"https:\/\/potenciaradiofonicadominicana.com\/portal\/#organization\",\"name\":\"PotenciaRadiofonicaDominicana.com\",\"url\":\"https:\/\/potenciaradiofonicadominicana.com\/portal\/\",\"logo\":{\"@type\":\"ImageObject\",\"inLanguage\":\"es\",\"@id\":\"https:\/\/potenciaradiofonicadominicana.com\/portal\/#\/schema\/logo\/image\/\",\"url\":\"https:\/\/potenciaradiofonicadominicana.com\/portal\/wp-content\/uploads\/2022\/01\/descarga.png\",\"contentUrl\":\"https:\/\/potenciaradiofonicadominicana.com\/portal\/wp-content\/uploads\/2022\/01\/descarga.png\",\"width\":300,\"height\":100,\"caption\":\"PotenciaRadiofonicaDominicana.com\"},\"image\":{\"@id\":\"https:\/\/potenciaradiofonicadominicana.com\/portal\/#\/schema\/logo\/image\/\"},\"sameAs\":[\"https:\/\/web.facebook.com\/PotenciaRadiofonicaD\"]},{\"@type\":\"Person\",\"@id\":\"https:\/\/potenciaradiofonicadominicana.com\/portal\/#\/schema\/person\/a5cf1fea13877803ee0573ac18b03490\",\"name\":\"Potencia Radiof\u00f3nica Dominicana\",\"image\":{\"@type\":\"ImageObject\",\"inLanguage\":\"es\",\"@id\":\"https:\/\/potenciaradiofonicadominicana.com\/portal\/#\/schema\/person\/image\/\",\"url\":\"https:\/\/secure.gravatar.com\/avatar\/42a55ab9e8ccc656ba34cd791990602a?s=96&d=mm&r=g\",\"contentUrl\":\"https:\/\/secure.gravatar.com\/avatar\/42a55ab9e8ccc656ba34cd791990602a?s=96&d=mm&r=g\",\"caption\":\"Potencia Radiof\u00f3nica Dominicana\"},\"url\":\"https:\/\/potenciaradiofonicadominicana.com\/portal\/author\/johannyalmanzar\/\"}]}<\/script>\n<!-- \/ Yoast SEO plugin. -->","yoast_head_json":{"title":"Disolver\u00e1n Bancam\u00e9rica; la Superintendencia de Bancos tomar\u00e1 el control del banco - PotenciaRadiofonicaDominicana.com","robots":{"index":"index","follow":"follow","max-snippet":"max-snippet:-1","max-image-preview":"max-image-preview:large","max-video-preview":"max-video-preview:-1"},"canonical":"https:\/\/potenciaradiofonicadominicana.com\/portal\/disolveran-bancamerica-la-superintendencia-de-bancos-tomara-el-control-del-banco\/","og_locale":"es_ES","og_type":"article","og_title":"Disolver\u00e1n Bancam\u00e9rica; la Superintendencia de Bancos tomar\u00e1 el control del banco - PotenciaRadiofonicaDominicana.com","og_description":"La Junta Monetaria dispuso la disoluci\u00f3n del\u00a0Banco M\u00faltiple de Las Am\u00e9ricas, S. A. (Bancam\u00e9rica),\u00a0entidad que se encontraba bajo un r\u00e9gimen ...","og_url":"https:\/\/potenciaradiofonicadominicana.com\/portal\/disolveran-bancamerica-la-superintendencia-de-bancos-tomara-el-control-del-banco\/","og_site_name":"PotenciaRadiofonicaDominicana.com","article_publisher":"https:\/\/web.facebook.com\/PotenciaRadiofonicaD","article_published_time":"2022-02-02T17:36:45+00:00","og_image":[{"width":768,"height":440,"url":"https:\/\/potenciaradiofonicadominicana.com\/portal\/wp-content\/uploads\/2022\/02\/BANCAMERICA-768x440-1.jpg","type":"image\/jpeg"}],"author":"Potencia Radiof\u00f3nica Dominicana","twitter_card":"summary_large_image","twitter_misc":{"Escrito por":"Potencia Radiof\u00f3nica Dominicana","Tiempo de lectura":"2 minutos"},"schema":{"@context":"https:\/\/schema.org","@graph":[{"@type":"Article","@id":"https:\/\/potenciaradiofonicadominicana.com\/portal\/disolveran-bancamerica-la-superintendencia-de-bancos-tomara-el-control-del-banco\/#article","isPartOf":{"@id":"https:\/\/potenciaradiofonicadominicana.com\/portal\/disolveran-bancamerica-la-superintendencia-de-bancos-tomara-el-control-del-banco\/"},"author":{"name":"Potencia Radiof\u00f3nica Dominicana","@id":"https:\/\/potenciaradiofonicadominicana.com\/portal\/#\/schema\/person\/a5cf1fea13877803ee0573ac18b03490"},"headline":"Disolver\u00e1n Bancam\u00e9rica; la Superintendencia de Bancos tomar\u00e1 el control del banco","datePublished":"2022-02-02T17:36:45+00:00","mainEntityOfPage":{"@id":"https:\/\/potenciaradiofonicadominicana.com\/portal\/disolveran-bancamerica-la-superintendencia-de-bancos-tomara-el-control-del-banco\/"},"wordCount":451,"commentCount":0,"publisher":{"@id":"https:\/\/potenciaradiofonicadominicana.com\/portal\/#organization"},"image":{"@id":"https:\/\/potenciaradiofonicadominicana.com\/portal\/disolveran-bancamerica-la-superintendencia-de-bancos-tomara-el-control-del-banco\/#primaryimage"},"thumbnailUrl":"https:\/\/potenciaradiofonicadominicana.com\/portal\/wp-content\/uploads\/2022\/02\/BANCAMERICA-768x440-1.jpg","articleSection":["Econom\u00eda"],"inLanguage":"es","potentialAction":[{"@type":"CommentAction","name":"Comment","target":["https:\/\/potenciaradiofonicadominicana.com\/portal\/disolveran-bancamerica-la-superintendencia-de-bancos-tomara-el-control-del-banco\/#respond"]}]},{"@type":"WebPage","@id":"https:\/\/potenciaradiofonicadominicana.com\/portal\/disolveran-bancamerica-la-superintendencia-de-bancos-tomara-el-control-del-banco\/","url":"https:\/\/potenciaradiofonicadominicana.com\/portal\/disolveran-bancamerica-la-superintendencia-de-bancos-tomara-el-control-del-banco\/","name":"Disolver\u00e1n Bancam\u00e9rica; la Superintendencia de Bancos tomar\u00e1 el control del banco - PotenciaRadiofonicaDominicana.com","isPartOf":{"@id":"https:\/\/potenciaradiofonicadominicana.com\/portal\/#website"},"primaryImageOfPage":{"@id":"https:\/\/potenciaradiofonicadominicana.com\/portal\/disolveran-bancamerica-la-superintendencia-de-bancos-tomara-el-control-del-banco\/#primaryimage"},"image":{"@id":"https:\/\/potenciaradiofonicadominicana.com\/portal\/disolveran-bancamerica-la-superintendencia-de-bancos-tomara-el-control-del-banco\/#primaryimage"},"thumbnailUrl":"https:\/\/potenciaradiofonicadominicana.com\/portal\/wp-content\/uploads\/2022\/02\/BANCAMERICA-768x440-1.jpg","datePublished":"2022-02-02T17:36:45+00:00","breadcrumb":{"@id":"https:\/\/potenciaradiofonicadominicana.com\/portal\/disolveran-bancamerica-la-superintendencia-de-bancos-tomara-el-control-del-banco\/#breadcrumb"},"inLanguage":"es","potentialAction":[{"@type":"ReadAction","target":["https:\/\/potenciaradiofonicadominicana.com\/portal\/disolveran-bancamerica-la-superintendencia-de-bancos-tomara-el-control-del-banco\/"]}]},{"@type":"ImageObject","inLanguage":"es","@id":"https:\/\/potenciaradiofonicadominicana.com\/portal\/disolveran-bancamerica-la-superintendencia-de-bancos-tomara-el-control-del-banco\/#primaryimage","url":"https:\/\/potenciaradiofonicadominicana.com\/portal\/wp-content\/uploads\/2022\/02\/BANCAMERICA-768x440-1.jpg","contentUrl":"https:\/\/potenciaradiofonicadominicana.com\/portal\/wp-content\/uploads\/2022\/02\/BANCAMERICA-768x440-1.jpg","width":768,"height":440},{"@type":"BreadcrumbList","@id":"https:\/\/potenciaradiofonicadominicana.com\/portal\/disolveran-bancamerica-la-superintendencia-de-bancos-tomara-el-control-del-banco\/#breadcrumb","itemListElement":[{"@type":"ListItem","position":1,"name":"Portada","item":"https:\/\/potenciaradiofonicadominicana.com\/portal\/"},{"@type":"ListItem","position":2,"name":"Disolver\u00e1n Bancam\u00e9rica; la Superintendencia de Bancos tomar\u00e1 el control del banco"}]},{"@type":"WebSite","@id":"https:\/\/potenciaradiofonicadominicana.com\/portal\/#website","url":"https:\/\/potenciaradiofonicadominicana.com\/portal\/","name":"PotenciaRadiofonicaDominicana.com","description":"Peri\u00f3dico Digital","publisher":{"@id":"https:\/\/potenciaradiofonicadominicana.com\/portal\/#organization"},"potentialAction":[{"@type":"SearchAction","target":{"@type":"EntryPoint","urlTemplate":"https:\/\/potenciaradiofonicadominicana.com\/portal\/?s={search_term_string}"},"query-input":{"@type":"PropertyValueSpecification","valueRequired":true,"valueName":"search_term_string"}}],"inLanguage":"es"},{"@type":"Organization","@id":"https:\/\/potenciaradiofonicadominicana.com\/portal\/#organization","name":"PotenciaRadiofonicaDominicana.com","url":"https:\/\/potenciaradiofonicadominicana.com\/portal\/","logo":{"@type":"ImageObject","inLanguage":"es","@id":"https:\/\/potenciaradiofonicadominicana.com\/portal\/#\/schema\/logo\/image\/","url":"https:\/\/potenciaradiofonicadominicana.com\/portal\/wp-content\/uploads\/2022\/01\/descarga.png","contentUrl":"https:\/\/potenciaradiofonicadominicana.com\/portal\/wp-content\/uploads\/2022\/01\/descarga.png","width":300,"height":100,"caption":"PotenciaRadiofonicaDominicana.com"},"image":{"@id":"https:\/\/potenciaradiofonicadominicana.com\/portal\/#\/schema\/logo\/image\/"},"sameAs":["https:\/\/web.facebook.com\/PotenciaRadiofonicaD"]},{"@type":"Person","@id":"https:\/\/potenciaradiofonicadominicana.com\/portal\/#\/schema\/person\/a5cf1fea13877803ee0573ac18b03490","name":"Potencia Radiof\u00f3nica Dominicana","image":{"@type":"ImageObject","inLanguage":"es","@id":"https:\/\/potenciaradiofonicadominicana.com\/portal\/#\/schema\/person\/image\/","url":"https:\/\/secure.gravatar.com\/avatar\/42a55ab9e8ccc656ba34cd791990602a?s=96&d=mm&r=g","contentUrl":"https:\/\/secure.gravatar.com\/avatar\/42a55ab9e8ccc656ba34cd791990602a?s=96&d=mm&r=g","caption":"Potencia Radiof\u00f3nica Dominicana"},"url":"https:\/\/potenciaradiofonicadominicana.com\/portal\/author\/johannyalmanzar\/"}]}},"_links":{"self":[{"href":"https:\/\/potenciaradiofonicadominicana.com\/portal\/wp-json\/wp\/v2\/posts\/114887","targetHints":{"allow":["GET"]}}],"collection":[{"href":"https:\/\/potenciaradiofonicadominicana.com\/portal\/wp-json\/wp\/v2\/posts"}],"about":[{"href":"https:\/\/potenciaradiofonicadominicana.com\/portal\/wp-json\/wp\/v2\/types\/post"}],"author":[{"embeddable":true,"href":"https:\/\/potenciaradiofonicadominicana.com\/portal\/wp-json\/wp\/v2\/users\/2"}],"replies":[{"embeddable":true,"href":"https:\/\/potenciaradiofonicadominicana.com\/portal\/wp-json\/wp\/v2\/comments?post=114887"}],"version-history":[{"count":1,"href":"https:\/\/potenciaradiofonicadominicana.com\/portal\/wp-json\/wp\/v2\/posts\/114887\/revisions"}],"predecessor-version":[{"id":114889,"href":"https:\/\/potenciaradiofonicadominicana.com\/portal\/wp-json\/wp\/v2\/posts\/114887\/revisions\/114889"}],"wp:featuredmedia":[{"embeddable":true,"href":"https:\/\/potenciaradiofonicadominicana.com\/portal\/wp-json\/wp\/v2\/media\/114888"}],"wp:attachment":[{"href":"https:\/\/potenciaradiofonicadominicana.com\/portal\/wp-json\/wp\/v2\/media?parent=114887"}],"wp:term":[{"taxonomy":"category","embeddable":true,"href":"https:\/\/potenciaradiofonicadominicana.com\/portal\/wp-json\/wp\/v2\/categories?post=114887"},{"taxonomy":"post_tag","embeddable":true,"href":"https:\/\/potenciaradiofonicadominicana.com\/portal\/wp-json\/wp\/v2\/tags?post=114887"}],"curies":[{"name":"wp","href":"https:\/\/api.w.org\/{rel}","templated":true}]}}