{"id":114884,"date":"2022-02-02T12:18:02","date_gmt":"2022-02-02T16:18:02","guid":{"rendered":"https:\/\/potenciaradiofonicadominicana.com\/portal\/?p=114884"},"modified":"2022-02-02T12:18:02","modified_gmt":"2022-02-02T16:18:02","slug":"republica-dominicana-recibio-mas-de-500-mil-turistas-en-enero-segun-ministro-de-turismo","status":"publish","type":"post","link":"https:\/\/potenciaradiofonicadominicana.com\/portal\/republica-dominicana-recibio-mas-de-500-mil-turistas-en-enero-segun-ministro-de-turismo\/","title":{"rendered":"Rep\u00fablica Dominicana recibi\u00f3 m\u00e1s de 500 mil turistas en enero, seg\u00fan ministro de Turismo"},"content":{"rendered":"<p><a href=\"https:\/\/potenciaradiofonicadominicana.com\/portal\/wp-content\/uploads\/2022\/02\/Ministro-de-Turismo-David-Collado-scaled-1.jpg\"><img loading=\"lazy\" decoding=\"async\" class=\"alignnone size-full wp-image-114885\" src=\"https:\/\/potenciaradiofonicadominicana.com\/portal\/wp-content\/uploads\/2022\/02\/Ministro-de-Turismo-David-Collado-scaled-1.jpg\" alt=\"\" width=\"2560\" height=\"1707\" srcset=\"https:\/\/potenciaradiofonicadominicana.com\/portal\/wp-content\/uploads\/2022\/02\/Ministro-de-Turismo-David-Collado-scaled-1.jpg 2560w, https:\/\/potenciaradiofonicadominicana.com\/portal\/wp-content\/uploads\/2022\/02\/Ministro-de-Turismo-David-Collado-scaled-1-300x200.jpg 300w, https:\/\/potenciaradiofonicadominicana.com\/portal\/wp-content\/uploads\/2022\/02\/Ministro-de-Turismo-David-Collado-scaled-1-768x512.jpg 768w, https:\/\/potenciaradiofonicadominicana.com\/portal\/wp-content\/uploads\/2022\/02\/Ministro-de-Turismo-David-Collado-scaled-1-1024x683.jpg 1024w\" sizes=\"auto, (max-width: 2560px) 100vw, 2560px\" \/><\/a><\/p>\n<p>El ministro de Turismo, David Collado, inform\u00f3 este martes que el mes de enero culmin\u00f3 con la llegada al pa\u00eds de m\u00e1s de 500 mil\u00a0turistas.<\/p>\n<p>Al ser abordado por periodistas, durante el lanzamiento de la vig\u00e9sima primera edici\u00f3n de la feria Dominican Annual Tourism Exchange (DATE), Collado explic\u00f3 que este a\u00f1o esperan recibir a siete millones de\u00a0turistas.<\/p>\n<p>\u201cLuego de la segunda semana de enero iniciamos a subir y los \u00faltimos tres d\u00edas tuvieron una baja, porque se cancelaron m\u00e1s de 60 o 70 vuelos producto de la tormenta de nieve que tuvo los Estados Unidos que es nuestro principal pa\u00eds emisor, pese a eso superamos los 500 mil extranjeros\u201d, dijo.<\/p>\n<p>Por otro lado, el ministro indic\u00f3 que el pa\u00eds est\u00e1 enfocado en abarcar los mercados no tradicionales; en ese sentido, dijo que\u00a0Colombia\u00a0ha sido las grandes sorpresas.<\/p>\n<p>\u201cTenemos una gran sorpresa,\u00a0Colombia\u00a0est\u00e1 entre los cinco pa\u00edses emisores de\u00a0turistas, eso nunca hab\u00eda sucedido. En el mes de diciembre andaban cerca de 20 mil\u00a0turistas\u00a0colombianos y ahora en enero repitieron con la misma cifra\u201d, se\u00f1al\u00f3.<\/p>\n<p>Collado explic\u00f3 que, debido a las restricciones de Canad\u00e1, segundo pa\u00eds emisor de turista, Rep\u00fablica Dominicana ha tenido que compensar con otros mercados.<\/p>\n<div class=\"mb-5 component cita\">\u00abEstamos compensado con otros pa\u00edses, Rusia ha compensado. En diciembre de 2019 llegaron 22 mil ciudadanos rusos, en el mes de diciembre de 2021 llegaron 52 mil y en enero est\u00e1 sucediendo lo mismo. \u00ab<span class=\"author\">David Collado\u00a0<\/span><span class=\"status\">Ministro de Turismo<\/span><span class=\"cita-icon\">\u201c<\/span><\/div>\n<p>El ministro precis\u00f3 que,\u00a0Colombia, Rusia y Francia est\u00e1n dentro de los primeros seis pa\u00edses de emisores de turismo.<\/p>\n<p>\u201cEs una estrategia ir fortaleciendo los destinos que est\u00e1n emergiendo como ucrania, que tambi\u00e9n viene bien fuerte a Rep\u00fablica Dominicana\u201d, indic\u00f3.<\/p>\n","protected":false},"excerpt":{"rendered":"<p>El ministro de Turismo, David Collado, inform\u00f3 este martes que el mes de enero culmin\u00f3 con la llegada al pa\u00eds &#8230;<\/p>\n","protected":false},"author":2,"featured_media":114885,"comment_status":"open","ping_status":"open","sticky":false,"template":"","format":"standard","meta":{"footnotes":""},"categories":[26],"tags":[],"class_list":["post-114884","post","type-post","status-publish","format-standard","has-post-thumbnail","hentry","category-economia"],"yoast_head":"<!-- This site is optimized with the Yoast SEO plugin v24.8.1 - https:\/\/yoast.com\/wordpress\/plugins\/seo\/ -->\n<title>Rep\u00fablica Dominicana recibi\u00f3 m\u00e1s de 500 mil turistas en enero, seg\u00fan ministro de Turismo - PotenciaRadiofonicaDominicana.com<\/title>\n<meta name=\"robots\" content=\"index, follow, max-snippet:-1, max-image-preview:large, max-video-preview:-1\" \/>\n<link rel=\"canonical\" href=\"https:\/\/potenciaradiofonicadominicana.com\/portal\/republica-dominicana-recibio-mas-de-500-mil-turistas-en-enero-segun-ministro-de-turismo\/\" \/>\n<meta property=\"og:locale\" content=\"es_ES\" \/>\n<meta property=\"og:type\" content=\"article\" \/>\n<meta property=\"og:title\" content=\"Rep\u00fablica Dominicana recibi\u00f3 m\u00e1s de 500 mil turistas en enero, seg\u00fan ministro de Turismo - PotenciaRadiofonicaDominicana.com\" \/>\n<meta property=\"og:description\" content=\"El ministro de Turismo, David Collado, inform\u00f3 este martes que el mes de enero culmin\u00f3 con la llegada al pa\u00eds ...\" \/>\n<meta property=\"og:url\" content=\"https:\/\/potenciaradiofonicadominicana.com\/portal\/republica-dominicana-recibio-mas-de-500-mil-turistas-en-enero-segun-ministro-de-turismo\/\" \/>\n<meta property=\"og:site_name\" content=\"PotenciaRadiofonicaDominicana.com\" \/>\n<meta property=\"article:publisher\" content=\"https:\/\/web.facebook.com\/PotenciaRadiofonicaD\" \/>\n<meta property=\"article:published_time\" content=\"2022-02-02T16:18:02+00:00\" \/>\n<meta property=\"og:image\" content=\"https:\/\/potenciaradiofonicadominicana.com\/portal\/wp-content\/uploads\/2022\/02\/Ministro-de-Turismo-David-Collado-scaled-1.jpg\" \/>\n\t<meta property=\"og:image:width\" content=\"2560\" \/>\n\t<meta property=\"og:image:height\" content=\"1707\" \/>\n\t<meta property=\"og:image:type\" content=\"image\/jpeg\" \/>\n<meta name=\"author\" content=\"Potencia Radiof\u00f3nica Dominicana\" \/>\n<meta name=\"twitter:card\" content=\"summary_large_image\" \/>\n<meta name=\"twitter:label1\" content=\"Escrito por\" \/>\n\t<meta name=\"twitter:data1\" content=\"Potencia Radiof\u00f3nica Dominicana\" \/>\n\t<meta name=\"twitter:label2\" content=\"Tiempo de lectura\" \/>\n\t<meta name=\"twitter:data2\" content=\"1 minuto\" \/>\n<script type=\"application\/ld+json\" class=\"yoast-schema-graph\">{\"@context\":\"https:\/\/schema.org\",\"@graph\":[{\"@type\":\"Article\",\"@id\":\"https:\/\/potenciaradiofonicadominicana.com\/portal\/republica-dominicana-recibio-mas-de-500-mil-turistas-en-enero-segun-ministro-de-turismo\/#article\",\"isPartOf\":{\"@id\":\"https:\/\/potenciaradiofonicadominicana.com\/portal\/republica-dominicana-recibio-mas-de-500-mil-turistas-en-enero-segun-ministro-de-turismo\/\"},\"author\":{\"name\":\"Potencia Radiof\u00f3nica Dominicana\",\"@id\":\"https:\/\/potenciaradiofonicadominicana.com\/portal\/#\/schema\/person\/a5cf1fea13877803ee0573ac18b03490\"},\"headline\":\"Rep\u00fablica Dominicana recibi\u00f3 m\u00e1s de 500 mil turistas en enero, seg\u00fan ministro de Turismo\",\"datePublished\":\"2022-02-02T16:18:02+00:00\",\"mainEntityOfPage\":{\"@id\":\"https:\/\/potenciaradiofonicadominicana.com\/portal\/republica-dominicana-recibio-mas-de-500-mil-turistas-en-enero-segun-ministro-de-turismo\/\"},\"wordCount\":308,\"commentCount\":0,\"publisher\":{\"@id\":\"https:\/\/potenciaradiofonicadominicana.com\/portal\/#organization\"},\"image\":{\"@id\":\"https:\/\/potenciaradiofonicadominicana.com\/portal\/republica-dominicana-recibio-mas-de-500-mil-turistas-en-enero-segun-ministro-de-turismo\/#primaryimage\"},\"thumbnailUrl\":\"https:\/\/potenciaradiofonicadominicana.com\/portal\/wp-content\/uploads\/2022\/02\/Ministro-de-Turismo-David-Collado-scaled-1.jpg\",\"articleSection\":[\"Econom\u00eda\"],\"inLanguage\":\"es\",\"potentialAction\":[{\"@type\":\"CommentAction\",\"name\":\"Comment\",\"target\":[\"https:\/\/potenciaradiofonicadominicana.com\/portal\/republica-dominicana-recibio-mas-de-500-mil-turistas-en-enero-segun-ministro-de-turismo\/#respond\"]}]},{\"@type\":\"WebPage\",\"@id\":\"https:\/\/potenciaradiofonicadominicana.com\/portal\/republica-dominicana-recibio-mas-de-500-mil-turistas-en-enero-segun-ministro-de-turismo\/\",\"url\":\"https:\/\/potenciaradiofonicadominicana.com\/portal\/republica-dominicana-recibio-mas-de-500-mil-turistas-en-enero-segun-ministro-de-turismo\/\",\"name\":\"Rep\u00fablica Dominicana recibi\u00f3 m\u00e1s de 500 mil turistas en enero, seg\u00fan ministro de Turismo - PotenciaRadiofonicaDominicana.com\",\"isPartOf\":{\"@id\":\"https:\/\/potenciaradiofonicadominicana.com\/portal\/#website\"},\"primaryImageOfPage\":{\"@id\":\"https:\/\/potenciaradiofonicadominicana.com\/portal\/republica-dominicana-recibio-mas-de-500-mil-turistas-en-enero-segun-ministro-de-turismo\/#primaryimage\"},\"image\":{\"@id\":\"https:\/\/potenciaradiofonicadominicana.com\/portal\/republica-dominicana-recibio-mas-de-500-mil-turistas-en-enero-segun-ministro-de-turismo\/#primaryimage\"},\"thumbnailUrl\":\"https:\/\/potenciaradiofonicadominicana.com\/portal\/wp-content\/uploads\/2022\/02\/Ministro-de-Turismo-David-Collado-scaled-1.jpg\",\"datePublished\":\"2022-02-02T16:18:02+00:00\",\"breadcrumb\":{\"@id\":\"https:\/\/potenciaradiofonicadominicana.com\/portal\/republica-dominicana-recibio-mas-de-500-mil-turistas-en-enero-segun-ministro-de-turismo\/#breadcrumb\"},\"inLanguage\":\"es\",\"potentialAction\":[{\"@type\":\"ReadAction\",\"target\":[\"https:\/\/potenciaradiofonicadominicana.com\/portal\/republica-dominicana-recibio-mas-de-500-mil-turistas-en-enero-segun-ministro-de-turismo\/\"]}]},{\"@type\":\"ImageObject\",\"inLanguage\":\"es\",\"@id\":\"https:\/\/potenciaradiofonicadominicana.com\/portal\/republica-dominicana-recibio-mas-de-500-mil-turistas-en-enero-segun-ministro-de-turismo\/#primaryimage\",\"url\":\"https:\/\/potenciaradiofonicadominicana.com\/portal\/wp-content\/uploads\/2022\/02\/Ministro-de-Turismo-David-Collado-scaled-1.jpg\",\"contentUrl\":\"https:\/\/potenciaradiofonicadominicana.com\/portal\/wp-content\/uploads\/2022\/02\/Ministro-de-Turismo-David-Collado-scaled-1.jpg\",\"width\":2560,\"height\":1707},{\"@type\":\"BreadcrumbList\",\"@id\":\"https:\/\/potenciaradiofonicadominicana.com\/portal\/republica-dominicana-recibio-mas-de-500-mil-turistas-en-enero-segun-ministro-de-turismo\/#breadcrumb\",\"itemListElement\":[{\"@type\":\"ListItem\",\"position\":1,\"name\":\"Portada\",\"item\":\"https:\/\/potenciaradiofonicadominicana.com\/portal\/\"},{\"@type\":\"ListItem\",\"position\":2,\"name\":\"Rep\u00fablica Dominicana recibi\u00f3 m\u00e1s de 500 mil turistas en enero, seg\u00fan ministro de Turismo\"}]},{\"@type\":\"WebSite\",\"@id\":\"https:\/\/potenciaradiofonicadominicana.com\/portal\/#website\",\"url\":\"https:\/\/potenciaradiofonicadominicana.com\/portal\/\",\"name\":\"PotenciaRadiofonicaDominicana.com\",\"description\":\"Peri\u00f3dico Digital\",\"publisher\":{\"@id\":\"https:\/\/potenciaradiofonicadominicana.com\/portal\/#organization\"},\"potentialAction\":[{\"@type\":\"SearchAction\",\"target\":{\"@type\":\"EntryPoint\",\"urlTemplate\":\"https:\/\/potenciaradiofonicadominicana.com\/portal\/?s={search_term_string}\"},\"query-input\":{\"@type\":\"PropertyValueSpecification\",\"valueRequired\":true,\"valueName\":\"search_term_string\"}}],\"inLanguage\":\"es\"},{\"@type\":\"Organization\",\"@id\":\"https:\/\/potenciaradiofonicadominicana.com\/portal\/#organization\",\"name\":\"PotenciaRadiofonicaDominicana.com\",\"url\":\"https:\/\/potenciaradiofonicadominicana.com\/portal\/\",\"logo\":{\"@type\":\"ImageObject\",\"inLanguage\":\"es\",\"@id\":\"https:\/\/potenciaradiofonicadominicana.com\/portal\/#\/schema\/logo\/image\/\",\"url\":\"https:\/\/potenciaradiofonicadominicana.com\/portal\/wp-content\/uploads\/2022\/01\/descarga.png\",\"contentUrl\":\"https:\/\/potenciaradiofonicadominicana.com\/portal\/wp-content\/uploads\/2022\/01\/descarga.png\",\"width\":300,\"height\":100,\"caption\":\"PotenciaRadiofonicaDominicana.com\"},\"image\":{\"@id\":\"https:\/\/potenciaradiofonicadominicana.com\/portal\/#\/schema\/logo\/image\/\"},\"sameAs\":[\"https:\/\/web.facebook.com\/PotenciaRadiofonicaD\"]},{\"@type\":\"Person\",\"@id\":\"https:\/\/potenciaradiofonicadominicana.com\/portal\/#\/schema\/person\/a5cf1fea13877803ee0573ac18b03490\",\"name\":\"Potencia Radiof\u00f3nica Dominicana\",\"image\":{\"@type\":\"ImageObject\",\"inLanguage\":\"es\",\"@id\":\"https:\/\/potenciaradiofonicadominicana.com\/portal\/#\/schema\/person\/image\/\",\"url\":\"https:\/\/secure.gravatar.com\/avatar\/42a55ab9e8ccc656ba34cd791990602a?s=96&d=mm&r=g\",\"contentUrl\":\"https:\/\/secure.gravatar.com\/avatar\/42a55ab9e8ccc656ba34cd791990602a?s=96&d=mm&r=g\",\"caption\":\"Potencia Radiof\u00f3nica Dominicana\"},\"url\":\"https:\/\/potenciaradiofonicadominicana.com\/portal\/author\/johannyalmanzar\/\"}]}<\/script>\n<!-- \/ Yoast SEO plugin. -->","yoast_head_json":{"title":"Rep\u00fablica Dominicana recibi\u00f3 m\u00e1s de 500 mil turistas en enero, seg\u00fan ministro de Turismo - PotenciaRadiofonicaDominicana.com","robots":{"index":"index","follow":"follow","max-snippet":"max-snippet:-1","max-image-preview":"max-image-preview:large","max-video-preview":"max-video-preview:-1"},"canonical":"https:\/\/potenciaradiofonicadominicana.com\/portal\/republica-dominicana-recibio-mas-de-500-mil-turistas-en-enero-segun-ministro-de-turismo\/","og_locale":"es_ES","og_type":"article","og_title":"Rep\u00fablica Dominicana recibi\u00f3 m\u00e1s de 500 mil turistas en enero, seg\u00fan ministro de Turismo - PotenciaRadiofonicaDominicana.com","og_description":"El ministro de Turismo, David Collado, inform\u00f3 este martes que el mes de enero culmin\u00f3 con la llegada al pa\u00eds ...","og_url":"https:\/\/potenciaradiofonicadominicana.com\/portal\/republica-dominicana-recibio-mas-de-500-mil-turistas-en-enero-segun-ministro-de-turismo\/","og_site_name":"PotenciaRadiofonicaDominicana.com","article_publisher":"https:\/\/web.facebook.com\/PotenciaRadiofonicaD","article_published_time":"2022-02-02T16:18:02+00:00","og_image":[{"width":2560,"height":1707,"url":"https:\/\/potenciaradiofonicadominicana.com\/portal\/wp-content\/uploads\/2022\/02\/Ministro-de-Turismo-David-Collado-scaled-1.jpg","type":"image\/jpeg"}],"author":"Potencia Radiof\u00f3nica Dominicana","twitter_card":"summary_large_image","twitter_misc":{"Escrito por":"Potencia Radiof\u00f3nica Dominicana","Tiempo de lectura":"1 minuto"},"schema":{"@context":"https:\/\/schema.org","@graph":[{"@type":"Article","@id":"https:\/\/potenciaradiofonicadominicana.com\/portal\/republica-dominicana-recibio-mas-de-500-mil-turistas-en-enero-segun-ministro-de-turismo\/#article","isPartOf":{"@id":"https:\/\/potenciaradiofonicadominicana.com\/portal\/republica-dominicana-recibio-mas-de-500-mil-turistas-en-enero-segun-ministro-de-turismo\/"},"author":{"name":"Potencia Radiof\u00f3nica Dominicana","@id":"https:\/\/potenciaradiofonicadominicana.com\/portal\/#\/schema\/person\/a5cf1fea13877803ee0573ac18b03490"},"headline":"Rep\u00fablica Dominicana recibi\u00f3 m\u00e1s de 500 mil turistas en enero, seg\u00fan ministro de Turismo","datePublished":"2022-02-02T16:18:02+00:00","mainEntityOfPage":{"@id":"https:\/\/potenciaradiofonicadominicana.com\/portal\/republica-dominicana-recibio-mas-de-500-mil-turistas-en-enero-segun-ministro-de-turismo\/"},"wordCount":308,"commentCount":0,"publisher":{"@id":"https:\/\/potenciaradiofonicadominicana.com\/portal\/#organization"},"image":{"@id":"https:\/\/potenciaradiofonicadominicana.com\/portal\/republica-dominicana-recibio-mas-de-500-mil-turistas-en-enero-segun-ministro-de-turismo\/#primaryimage"},"thumbnailUrl":"https:\/\/potenciaradiofonicadominicana.com\/portal\/wp-content\/uploads\/2022\/02\/Ministro-de-Turismo-David-Collado-scaled-1.jpg","articleSection":["Econom\u00eda"],"inLanguage":"es","potentialAction":[{"@type":"CommentAction","name":"Comment","target":["https:\/\/potenciaradiofonicadominicana.com\/portal\/republica-dominicana-recibio-mas-de-500-mil-turistas-en-enero-segun-ministro-de-turismo\/#respond"]}]},{"@type":"WebPage","@id":"https:\/\/potenciaradiofonicadominicana.com\/portal\/republica-dominicana-recibio-mas-de-500-mil-turistas-en-enero-segun-ministro-de-turismo\/","url":"https:\/\/potenciaradiofonicadominicana.com\/portal\/republica-dominicana-recibio-mas-de-500-mil-turistas-en-enero-segun-ministro-de-turismo\/","name":"Rep\u00fablica Dominicana recibi\u00f3 m\u00e1s de 500 mil turistas en enero, seg\u00fan ministro de Turismo - PotenciaRadiofonicaDominicana.com","isPartOf":{"@id":"https:\/\/potenciaradiofonicadominicana.com\/portal\/#website"},"primaryImageOfPage":{"@id":"https:\/\/potenciaradiofonicadominicana.com\/portal\/republica-dominicana-recibio-mas-de-500-mil-turistas-en-enero-segun-ministro-de-turismo\/#primaryimage"},"image":{"@id":"https:\/\/potenciaradiofonicadominicana.com\/portal\/republica-dominicana-recibio-mas-de-500-mil-turistas-en-enero-segun-ministro-de-turismo\/#primaryimage"},"thumbnailUrl":"https:\/\/potenciaradiofonicadominicana.com\/portal\/wp-content\/uploads\/2022\/02\/Ministro-de-Turismo-David-Collado-scaled-1.jpg","datePublished":"2022-02-02T16:18:02+00:00","breadcrumb":{"@id":"https:\/\/potenciaradiofonicadominicana.com\/portal\/republica-dominicana-recibio-mas-de-500-mil-turistas-en-enero-segun-ministro-de-turismo\/#breadcrumb"},"inLanguage":"es","potentialAction":[{"@type":"ReadAction","target":["https:\/\/potenciaradiofonicadominicana.com\/portal\/republica-dominicana-recibio-mas-de-500-mil-turistas-en-enero-segun-ministro-de-turismo\/"]}]},{"@type":"ImageObject","inLanguage":"es","@id":"https:\/\/potenciaradiofonicadominicana.com\/portal\/republica-dominicana-recibio-mas-de-500-mil-turistas-en-enero-segun-ministro-de-turismo\/#primaryimage","url":"https:\/\/potenciaradiofonicadominicana.com\/portal\/wp-content\/uploads\/2022\/02\/Ministro-de-Turismo-David-Collado-scaled-1.jpg","contentUrl":"https:\/\/potenciaradiofonicadominicana.com\/portal\/wp-content\/uploads\/2022\/02\/Ministro-de-Turismo-David-Collado-scaled-1.jpg","width":2560,"height":1707},{"@type":"BreadcrumbList","@id":"https:\/\/potenciaradiofonicadominicana.com\/portal\/republica-dominicana-recibio-mas-de-500-mil-turistas-en-enero-segun-ministro-de-turismo\/#breadcrumb","itemListElement":[{"@type":"ListItem","position":1,"name":"Portada","item":"https:\/\/potenciaradiofonicadominicana.com\/portal\/"},{"@type":"ListItem","position":2,"name":"Rep\u00fablica Dominicana recibi\u00f3 m\u00e1s de 500 mil turistas en enero, seg\u00fan ministro de Turismo"}]},{"@type":"WebSite","@id":"https:\/\/potenciaradiofonicadominicana.com\/portal\/#website","url":"https:\/\/potenciaradiofonicadominicana.com\/portal\/","name":"PotenciaRadiofonicaDominicana.com","description":"Peri\u00f3dico Digital","publisher":{"@id":"https:\/\/potenciaradiofonicadominicana.com\/portal\/#organization"},"potentialAction":[{"@type":"SearchAction","target":{"@type":"EntryPoint","urlTemplate":"https:\/\/potenciaradiofonicadominicana.com\/portal\/?s={search_term_string}"},"query-input":{"@type":"PropertyValueSpecification","valueRequired":true,"valueName":"search_term_string"}}],"inLanguage":"es"},{"@type":"Organization","@id":"https:\/\/potenciaradiofonicadominicana.com\/portal\/#organization","name":"PotenciaRadiofonicaDominicana.com","url":"https:\/\/potenciaradiofonicadominicana.com\/portal\/","logo":{"@type":"ImageObject","inLanguage":"es","@id":"https:\/\/potenciaradiofonicadominicana.com\/portal\/#\/schema\/logo\/image\/","url":"https:\/\/potenciaradiofonicadominicana.com\/portal\/wp-content\/uploads\/2022\/01\/descarga.png","contentUrl":"https:\/\/potenciaradiofonicadominicana.com\/portal\/wp-content\/uploads\/2022\/01\/descarga.png","width":300,"height":100,"caption":"PotenciaRadiofonicaDominicana.com"},"image":{"@id":"https:\/\/potenciaradiofonicadominicana.com\/portal\/#\/schema\/logo\/image\/"},"sameAs":["https:\/\/web.facebook.com\/PotenciaRadiofonicaD"]},{"@type":"Person","@id":"https:\/\/potenciaradiofonicadominicana.com\/portal\/#\/schema\/person\/a5cf1fea13877803ee0573ac18b03490","name":"Potencia Radiof\u00f3nica Dominicana","image":{"@type":"ImageObject","inLanguage":"es","@id":"https:\/\/potenciaradiofonicadominicana.com\/portal\/#\/schema\/person\/image\/","url":"https:\/\/secure.gravatar.com\/avatar\/42a55ab9e8ccc656ba34cd791990602a?s=96&d=mm&r=g","contentUrl":"https:\/\/secure.gravatar.com\/avatar\/42a55ab9e8ccc656ba34cd791990602a?s=96&d=mm&r=g","caption":"Potencia Radiof\u00f3nica Dominicana"},"url":"https:\/\/potenciaradiofonicadominicana.com\/portal\/author\/johannyalmanzar\/"}]}},"_links":{"self":[{"href":"https:\/\/potenciaradiofonicadominicana.com\/portal\/wp-json\/wp\/v2\/posts\/114884","targetHints":{"allow":["GET"]}}],"collection":[{"href":"https:\/\/potenciaradiofonicadominicana.com\/portal\/wp-json\/wp\/v2\/posts"}],"about":[{"href":"https:\/\/potenciaradiofonicadominicana.com\/portal\/wp-json\/wp\/v2\/types\/post"}],"author":[{"embeddable":true,"href":"https:\/\/potenciaradiofonicadominicana.com\/portal\/wp-json\/wp\/v2\/users\/2"}],"replies":[{"embeddable":true,"href":"https:\/\/potenciaradiofonicadominicana.com\/portal\/wp-json\/wp\/v2\/comments?post=114884"}],"version-history":[{"count":1,"href":"https:\/\/potenciaradiofonicadominicana.com\/portal\/wp-json\/wp\/v2\/posts\/114884\/revisions"}],"predecessor-version":[{"id":114886,"href":"https:\/\/potenciaradiofonicadominicana.com\/portal\/wp-json\/wp\/v2\/posts\/114884\/revisions\/114886"}],"wp:featuredmedia":[{"embeddable":true,"href":"https:\/\/potenciaradiofonicadominicana.com\/portal\/wp-json\/wp\/v2\/media\/114885"}],"wp:attachment":[{"href":"https:\/\/potenciaradiofonicadominicana.com\/portal\/wp-json\/wp\/v2\/media?parent=114884"}],"wp:term":[{"taxonomy":"category","embeddable":true,"href":"https:\/\/potenciaradiofonicadominicana.com\/portal\/wp-json\/wp\/v2\/categories?post=114884"},{"taxonomy":"post_tag","embeddable":true,"href":"https:\/\/potenciaradiofonicadominicana.com\/portal\/wp-json\/wp\/v2\/tags?post=114884"}],"curies":[{"name":"wp","href":"https:\/\/api.w.org\/{rel}","templated":true}]}}