{"id":114878,"date":"2022-02-02T12:09:11","date_gmt":"2022-02-02T16:09:11","guid":{"rendered":"https:\/\/potenciaradiofonicadominicana.com\/portal\/?p=114878"},"modified":"2022-02-02T12:09:11","modified_gmt":"2022-02-02T16:09:11","slug":"guillermo-caram-banco-central-esta-obligado-a-adoptar-una-politica-monetaria-restrictiva","status":"publish","type":"post","link":"https:\/\/potenciaradiofonicadominicana.com\/portal\/guillermo-caram-banco-central-esta-obligado-a-adoptar-una-politica-monetaria-restrictiva\/","title":{"rendered":"Guillermo Caram: Banco Central est\u00e1 obligado a adoptar una pol\u00edtica monetaria restrictiva"},"content":{"rendered":"<p><a href=\"https:\/\/potenciaradiofonicadominicana.com\/portal\/wp-content\/uploads\/2022\/02\/banco-central-1c17813f-focus-0.28-min0.05-895-573.jpg\"><img loading=\"lazy\" decoding=\"async\" class=\"alignnone size-full wp-image-114879\" src=\"https:\/\/potenciaradiofonicadominicana.com\/portal\/wp-content\/uploads\/2022\/02\/banco-central-1c17813f-focus-0.28-min0.05-895-573.jpg\" alt=\"\" width=\"895\" height=\"573\" srcset=\"https:\/\/potenciaradiofonicadominicana.com\/portal\/wp-content\/uploads\/2022\/02\/banco-central-1c17813f-focus-0.28-min0.05-895-573.jpg 895w, https:\/\/potenciaradiofonicadominicana.com\/portal\/wp-content\/uploads\/2022\/02\/banco-central-1c17813f-focus-0.28-min0.05-895-573-300x192.jpg 300w, https:\/\/potenciaradiofonicadominicana.com\/portal\/wp-content\/uploads\/2022\/02\/banco-central-1c17813f-focus-0.28-min0.05-895-573-768x492.jpg 768w\" sizes=\"auto, (max-width: 895px) 100vw, 895px\" \/><\/a><\/p>\n<p>Tras el aumento por tercer mes consecutivo de la tasa de\u00a0pol\u00edtica monetaria\u00a0del Banco Central, el exgobernador de esa instituci\u00f3n,\u00a0Guillermo Caram, indic\u00f3 que \u201cmientras persista la pr\u00e1ctica de gastos corrientes tan expansiva como la que viene desarrollando el gobierno durante 2021, que aumenta desmedidamente el dinero en circulaci\u00f3n (\u2026), el Banco Central estar\u00e1 compelido a adoptar una\u00a0pol\u00edtica monetaria\u00a0restrictiva para neutralizar el efecto inflacionario en la econom\u00eda de ese exceso de dinero\u201d.<\/p>\n<p>Explic\u00f3 a\u00a0<em>Diario Libre<\/em>\u00a0que, indudablemente, esta disposici\u00f3n tender\u00e1 a incrementar los costos de producci\u00f3n v\u00eda el aumento del costo financiero, lo cual obliga al gobierno a procurar formas de neutralizar estos costos, como pudiera ser reorientando su pol\u00edtica de subsidios, de manera que estos dejen de dirigirse a consumidores y sean dirigidos a productores, financiando el incremento de la tasa de inter\u00e9s a productores estrat\u00e9gicos como los agropecuarios.<\/p>\n<p>Reiter\u00f3 que la\u00a0agropecuaria\u00a0es estrat\u00e9gica porque contribuye a aumentar la autosuficiencia alimentaria mediante producci\u00f3n nacional, eliminando as\u00ed la inflaci\u00f3n importada. Y porque constituye el sector m\u00e1s rezagado de la econom\u00eda, siendo el m\u00e1s necesario, ya que el Producto Interno Bruto (PIB) agropecuario s\u00f3lo crece 2 %, seis veces menos que el PIB total y hasta 15 veces menos que otros sectores como el turismo.<\/p>\n<p>\u201cDe esta forma se lograr\u00eda un crecimiento m\u00e1s equilibrado de nuestra econom\u00eda y se propiciar\u00eda bondades mayores de nuestro crecimiento\u201d, indic\u00f3 Caram.<\/p>\n<p>Apunt\u00f3 a que \u00abojal\u00e1\u00bb la Superintendencia de Bancos vele porque est\u00e1 disposici\u00f3n del Banco Central se traduzca en un aumento de la tasa de inter\u00e9s pagada a depositantes, a fin de que estos puedan neutralizar las presiones inflacionarias que est\u00e1n sufriendo.<\/p>\n<p>Recientemente el Banco Central explic\u00f3 que, en el contexto de reactivaci\u00f3n econ\u00f3mica m\u00e1s r\u00e1pida de lo previsto y de presiones inflacionarias m\u00e1s prolongadas de lo esperado, est\u00e1 implementando un plan de normalizaci\u00f3n gradual de su\u00a0pol\u00edtica monetaria, con el prop\u00f3sito de facilitar la convergencia de la inflaci\u00f3n al rango meta de 4 % \u00b1 1 % en el horizonte de pol\u00edtica.<\/p>\n<p>El\u00a0pasado lunes, el Banco Central inform\u00f3 que en su reuni\u00f3n de\u00a0pol\u00edtica monetaria\u00a0de enero decidi\u00f3 incrementar por tercer mes consecutivo su tasa de inter\u00e9s de\u00a0pol\u00edtica monetaria. El incremento fue de 50 puntos b\u00e1sicos, pasando de\u00a04.50 a 5.00 % anual.<\/p>\n<p>Concretamente, el ente emisor ha incrementado en 200 puntos b\u00e1sicos su tasa de\u00a0pol\u00edtica monetaria.<\/p>\n<p>Adicionalmente, indica el\u00a0BCRD, la instituci\u00f3n se encuentra gestionando activamente el nivel de liquidez de la econom\u00eda para evitar que se ponga en riesgo la estabilidad de precios y prevenir un posible sobrecalentamiento futuro de la demanda agregada que pudiese generar un desequilibrio macroecon\u00f3mico interno.<\/p>\n<p>Sobre el incremento de la tasa de\u00a0pol\u00edtica monetaria\u00a0del\u00a0BCRD,\u00a0<em>Diario Libre<\/em>\u00a0consult\u00f3 a la Asociaci\u00f3n de Bancos de la\u00a0Rep\u00fablica Dominicana\u00a0(ABA), la cual adelant\u00f3 que fijar\u00e1 pr\u00f3ximamente una posici\u00f3n al respecto.<\/p>\n","protected":false},"excerpt":{"rendered":"<p>Tras el aumento por tercer mes consecutivo de la tasa de\u00a0pol\u00edtica monetaria\u00a0del Banco Central, el exgobernador de esa instituci\u00f3n,\u00a0Guillermo Caram, &#8230;<\/p>\n","protected":false},"author":2,"featured_media":114879,"comment_status":"open","ping_status":"open","sticky":false,"template":"","format":"standard","meta":{"footnotes":""},"categories":[26],"tags":[],"class_list":["post-114878","post","type-post","status-publish","format-standard","has-post-thumbnail","hentry","category-economia"],"yoast_head":"<!-- This site is optimized with the Yoast SEO plugin v24.8.1 - https:\/\/yoast.com\/wordpress\/plugins\/seo\/ -->\n<title>Guillermo Caram: Banco Central est\u00e1 obligado a adoptar una pol\u00edtica monetaria restrictiva - PotenciaRadiofonicaDominicana.com<\/title>\n<meta name=\"robots\" content=\"index, follow, max-snippet:-1, max-image-preview:large, max-video-preview:-1\" \/>\n<link rel=\"canonical\" href=\"https:\/\/potenciaradiofonicadominicana.com\/portal\/guillermo-caram-banco-central-esta-obligado-a-adoptar-una-politica-monetaria-restrictiva\/\" \/>\n<meta property=\"og:locale\" content=\"es_ES\" \/>\n<meta property=\"og:type\" content=\"article\" \/>\n<meta property=\"og:title\" content=\"Guillermo Caram: Banco Central est\u00e1 obligado a adoptar una pol\u00edtica monetaria restrictiva - PotenciaRadiofonicaDominicana.com\" \/>\n<meta property=\"og:description\" content=\"Tras el aumento por tercer mes consecutivo de la tasa de\u00a0pol\u00edtica monetaria\u00a0del Banco Central, el exgobernador de esa instituci\u00f3n,\u00a0Guillermo Caram, ...\" \/>\n<meta property=\"og:url\" content=\"https:\/\/potenciaradiofonicadominicana.com\/portal\/guillermo-caram-banco-central-esta-obligado-a-adoptar-una-politica-monetaria-restrictiva\/\" \/>\n<meta property=\"og:site_name\" content=\"PotenciaRadiofonicaDominicana.com\" \/>\n<meta property=\"article:publisher\" content=\"https:\/\/web.facebook.com\/PotenciaRadiofonicaD\" \/>\n<meta property=\"article:published_time\" content=\"2022-02-02T16:09:11+00:00\" \/>\n<meta property=\"og:image\" content=\"https:\/\/potenciaradiofonicadominicana.com\/portal\/wp-content\/uploads\/2022\/02\/banco-central-1c17813f-focus-0.28-min0.05-895-573.jpg\" \/>\n\t<meta property=\"og:image:width\" content=\"895\" \/>\n\t<meta property=\"og:image:height\" content=\"573\" \/>\n\t<meta property=\"og:image:type\" content=\"image\/jpeg\" \/>\n<meta name=\"author\" content=\"Potencia Radiof\u00f3nica Dominicana\" \/>\n<meta name=\"twitter:card\" content=\"summary_large_image\" \/>\n<meta name=\"twitter:label1\" content=\"Escrito por\" \/>\n\t<meta name=\"twitter:data1\" content=\"Potencia Radiof\u00f3nica Dominicana\" \/>\n\t<meta name=\"twitter:label2\" content=\"Tiempo de lectura\" \/>\n\t<meta name=\"twitter:data2\" content=\"3 minutos\" \/>\n<script type=\"application\/ld+json\" class=\"yoast-schema-graph\">{\"@context\":\"https:\/\/schema.org\",\"@graph\":[{\"@type\":\"Article\",\"@id\":\"https:\/\/potenciaradiofonicadominicana.com\/portal\/guillermo-caram-banco-central-esta-obligado-a-adoptar-una-politica-monetaria-restrictiva\/#article\",\"isPartOf\":{\"@id\":\"https:\/\/potenciaradiofonicadominicana.com\/portal\/guillermo-caram-banco-central-esta-obligado-a-adoptar-una-politica-monetaria-restrictiva\/\"},\"author\":{\"name\":\"Potencia Radiof\u00f3nica Dominicana\",\"@id\":\"https:\/\/potenciaradiofonicadominicana.com\/portal\/#\/schema\/person\/a5cf1fea13877803ee0573ac18b03490\"},\"headline\":\"Guillermo Caram: Banco Central est\u00e1 obligado a adoptar una pol\u00edtica monetaria restrictiva\",\"datePublished\":\"2022-02-02T16:09:11+00:00\",\"mainEntityOfPage\":{\"@id\":\"https:\/\/potenciaradiofonicadominicana.com\/portal\/guillermo-caram-banco-central-esta-obligado-a-adoptar-una-politica-monetaria-restrictiva\/\"},\"wordCount\":519,\"commentCount\":0,\"publisher\":{\"@id\":\"https:\/\/potenciaradiofonicadominicana.com\/portal\/#organization\"},\"image\":{\"@id\":\"https:\/\/potenciaradiofonicadominicana.com\/portal\/guillermo-caram-banco-central-esta-obligado-a-adoptar-una-politica-monetaria-restrictiva\/#primaryimage\"},\"thumbnailUrl\":\"https:\/\/potenciaradiofonicadominicana.com\/portal\/wp-content\/uploads\/2022\/02\/banco-central-1c17813f-focus-0.28-min0.05-895-573.jpg\",\"articleSection\":[\"Econom\u00eda\"],\"inLanguage\":\"es\",\"potentialAction\":[{\"@type\":\"CommentAction\",\"name\":\"Comment\",\"target\":[\"https:\/\/potenciaradiofonicadominicana.com\/portal\/guillermo-caram-banco-central-esta-obligado-a-adoptar-una-politica-monetaria-restrictiva\/#respond\"]}]},{\"@type\":\"WebPage\",\"@id\":\"https:\/\/potenciaradiofonicadominicana.com\/portal\/guillermo-caram-banco-central-esta-obligado-a-adoptar-una-politica-monetaria-restrictiva\/\",\"url\":\"https:\/\/potenciaradiofonicadominicana.com\/portal\/guillermo-caram-banco-central-esta-obligado-a-adoptar-una-politica-monetaria-restrictiva\/\",\"name\":\"Guillermo Caram: Banco Central est\u00e1 obligado a adoptar una pol\u00edtica monetaria restrictiva - PotenciaRadiofonicaDominicana.com\",\"isPartOf\":{\"@id\":\"https:\/\/potenciaradiofonicadominicana.com\/portal\/#website\"},\"primaryImageOfPage\":{\"@id\":\"https:\/\/potenciaradiofonicadominicana.com\/portal\/guillermo-caram-banco-central-esta-obligado-a-adoptar-una-politica-monetaria-restrictiva\/#primaryimage\"},\"image\":{\"@id\":\"https:\/\/potenciaradiofonicadominicana.com\/portal\/guillermo-caram-banco-central-esta-obligado-a-adoptar-una-politica-monetaria-restrictiva\/#primaryimage\"},\"thumbnailUrl\":\"https:\/\/potenciaradiofonicadominicana.com\/portal\/wp-content\/uploads\/2022\/02\/banco-central-1c17813f-focus-0.28-min0.05-895-573.jpg\",\"datePublished\":\"2022-02-02T16:09:11+00:00\",\"breadcrumb\":{\"@id\":\"https:\/\/potenciaradiofonicadominicana.com\/portal\/guillermo-caram-banco-central-esta-obligado-a-adoptar-una-politica-monetaria-restrictiva\/#breadcrumb\"},\"inLanguage\":\"es\",\"potentialAction\":[{\"@type\":\"ReadAction\",\"target\":[\"https:\/\/potenciaradiofonicadominicana.com\/portal\/guillermo-caram-banco-central-esta-obligado-a-adoptar-una-politica-monetaria-restrictiva\/\"]}]},{\"@type\":\"ImageObject\",\"inLanguage\":\"es\",\"@id\":\"https:\/\/potenciaradiofonicadominicana.com\/portal\/guillermo-caram-banco-central-esta-obligado-a-adoptar-una-politica-monetaria-restrictiva\/#primaryimage\",\"url\":\"https:\/\/potenciaradiofonicadominicana.com\/portal\/wp-content\/uploads\/2022\/02\/banco-central-1c17813f-focus-0.28-min0.05-895-573.jpg\",\"contentUrl\":\"https:\/\/potenciaradiofonicadominicana.com\/portal\/wp-content\/uploads\/2022\/02\/banco-central-1c17813f-focus-0.28-min0.05-895-573.jpg\",\"width\":895,\"height\":573},{\"@type\":\"BreadcrumbList\",\"@id\":\"https:\/\/potenciaradiofonicadominicana.com\/portal\/guillermo-caram-banco-central-esta-obligado-a-adoptar-una-politica-monetaria-restrictiva\/#breadcrumb\",\"itemListElement\":[{\"@type\":\"ListItem\",\"position\":1,\"name\":\"Portada\",\"item\":\"https:\/\/potenciaradiofonicadominicana.com\/portal\/\"},{\"@type\":\"ListItem\",\"position\":2,\"name\":\"Guillermo Caram: Banco Central est\u00e1 obligado a adoptar una pol\u00edtica monetaria restrictiva\"}]},{\"@type\":\"WebSite\",\"@id\":\"https:\/\/potenciaradiofonicadominicana.com\/portal\/#website\",\"url\":\"https:\/\/potenciaradiofonicadominicana.com\/portal\/\",\"name\":\"PotenciaRadiofonicaDominicana.com\",\"description\":\"Peri\u00f3dico Digital\",\"publisher\":{\"@id\":\"https:\/\/potenciaradiofonicadominicana.com\/portal\/#organization\"},\"potentialAction\":[{\"@type\":\"SearchAction\",\"target\":{\"@type\":\"EntryPoint\",\"urlTemplate\":\"https:\/\/potenciaradiofonicadominicana.com\/portal\/?s={search_term_string}\"},\"query-input\":{\"@type\":\"PropertyValueSpecification\",\"valueRequired\":true,\"valueName\":\"search_term_string\"}}],\"inLanguage\":\"es\"},{\"@type\":\"Organization\",\"@id\":\"https:\/\/potenciaradiofonicadominicana.com\/portal\/#organization\",\"name\":\"PotenciaRadiofonicaDominicana.com\",\"url\":\"https:\/\/potenciaradiofonicadominicana.com\/portal\/\",\"logo\":{\"@type\":\"ImageObject\",\"inLanguage\":\"es\",\"@id\":\"https:\/\/potenciaradiofonicadominicana.com\/portal\/#\/schema\/logo\/image\/\",\"url\":\"https:\/\/potenciaradiofonicadominicana.com\/portal\/wp-content\/uploads\/2022\/01\/descarga.png\",\"contentUrl\":\"https:\/\/potenciaradiofonicadominicana.com\/portal\/wp-content\/uploads\/2022\/01\/descarga.png\",\"width\":300,\"height\":100,\"caption\":\"PotenciaRadiofonicaDominicana.com\"},\"image\":{\"@id\":\"https:\/\/potenciaradiofonicadominicana.com\/portal\/#\/schema\/logo\/image\/\"},\"sameAs\":[\"https:\/\/web.facebook.com\/PotenciaRadiofonicaD\"]},{\"@type\":\"Person\",\"@id\":\"https:\/\/potenciaradiofonicadominicana.com\/portal\/#\/schema\/person\/a5cf1fea13877803ee0573ac18b03490\",\"name\":\"Potencia Radiof\u00f3nica Dominicana\",\"image\":{\"@type\":\"ImageObject\",\"inLanguage\":\"es\",\"@id\":\"https:\/\/potenciaradiofonicadominicana.com\/portal\/#\/schema\/person\/image\/\",\"url\":\"https:\/\/secure.gravatar.com\/avatar\/42a55ab9e8ccc656ba34cd791990602a?s=96&d=mm&r=g\",\"contentUrl\":\"https:\/\/secure.gravatar.com\/avatar\/42a55ab9e8ccc656ba34cd791990602a?s=96&d=mm&r=g\",\"caption\":\"Potencia Radiof\u00f3nica Dominicana\"},\"url\":\"https:\/\/potenciaradiofonicadominicana.com\/portal\/author\/johannyalmanzar\/\"}]}<\/script>\n<!-- \/ Yoast SEO plugin. -->","yoast_head_json":{"title":"Guillermo Caram: Banco Central est\u00e1 obligado a adoptar una pol\u00edtica monetaria restrictiva - PotenciaRadiofonicaDominicana.com","robots":{"index":"index","follow":"follow","max-snippet":"max-snippet:-1","max-image-preview":"max-image-preview:large","max-video-preview":"max-video-preview:-1"},"canonical":"https:\/\/potenciaradiofonicadominicana.com\/portal\/guillermo-caram-banco-central-esta-obligado-a-adoptar-una-politica-monetaria-restrictiva\/","og_locale":"es_ES","og_type":"article","og_title":"Guillermo Caram: Banco Central est\u00e1 obligado a adoptar una pol\u00edtica monetaria restrictiva - PotenciaRadiofonicaDominicana.com","og_description":"Tras el aumento por tercer mes consecutivo de la tasa de\u00a0pol\u00edtica monetaria\u00a0del Banco Central, el exgobernador de esa instituci\u00f3n,\u00a0Guillermo Caram, ...","og_url":"https:\/\/potenciaradiofonicadominicana.com\/portal\/guillermo-caram-banco-central-esta-obligado-a-adoptar-una-politica-monetaria-restrictiva\/","og_site_name":"PotenciaRadiofonicaDominicana.com","article_publisher":"https:\/\/web.facebook.com\/PotenciaRadiofonicaD","article_published_time":"2022-02-02T16:09:11+00:00","og_image":[{"width":895,"height":573,"url":"https:\/\/potenciaradiofonicadominicana.com\/portal\/wp-content\/uploads\/2022\/02\/banco-central-1c17813f-focus-0.28-min0.05-895-573.jpg","type":"image\/jpeg"}],"author":"Potencia Radiof\u00f3nica Dominicana","twitter_card":"summary_large_image","twitter_misc":{"Escrito por":"Potencia Radiof\u00f3nica Dominicana","Tiempo de lectura":"3 minutos"},"schema":{"@context":"https:\/\/schema.org","@graph":[{"@type":"Article","@id":"https:\/\/potenciaradiofonicadominicana.com\/portal\/guillermo-caram-banco-central-esta-obligado-a-adoptar-una-politica-monetaria-restrictiva\/#article","isPartOf":{"@id":"https:\/\/potenciaradiofonicadominicana.com\/portal\/guillermo-caram-banco-central-esta-obligado-a-adoptar-una-politica-monetaria-restrictiva\/"},"author":{"name":"Potencia Radiof\u00f3nica Dominicana","@id":"https:\/\/potenciaradiofonicadominicana.com\/portal\/#\/schema\/person\/a5cf1fea13877803ee0573ac18b03490"},"headline":"Guillermo Caram: Banco Central est\u00e1 obligado a adoptar una pol\u00edtica monetaria restrictiva","datePublished":"2022-02-02T16:09:11+00:00","mainEntityOfPage":{"@id":"https:\/\/potenciaradiofonicadominicana.com\/portal\/guillermo-caram-banco-central-esta-obligado-a-adoptar-una-politica-monetaria-restrictiva\/"},"wordCount":519,"commentCount":0,"publisher":{"@id":"https:\/\/potenciaradiofonicadominicana.com\/portal\/#organization"},"image":{"@id":"https:\/\/potenciaradiofonicadominicana.com\/portal\/guillermo-caram-banco-central-esta-obligado-a-adoptar-una-politica-monetaria-restrictiva\/#primaryimage"},"thumbnailUrl":"https:\/\/potenciaradiofonicadominicana.com\/portal\/wp-content\/uploads\/2022\/02\/banco-central-1c17813f-focus-0.28-min0.05-895-573.jpg","articleSection":["Econom\u00eda"],"inLanguage":"es","potentialAction":[{"@type":"CommentAction","name":"Comment","target":["https:\/\/potenciaradiofonicadominicana.com\/portal\/guillermo-caram-banco-central-esta-obligado-a-adoptar-una-politica-monetaria-restrictiva\/#respond"]}]},{"@type":"WebPage","@id":"https:\/\/potenciaradiofonicadominicana.com\/portal\/guillermo-caram-banco-central-esta-obligado-a-adoptar-una-politica-monetaria-restrictiva\/","url":"https:\/\/potenciaradiofonicadominicana.com\/portal\/guillermo-caram-banco-central-esta-obligado-a-adoptar-una-politica-monetaria-restrictiva\/","name":"Guillermo Caram: Banco Central est\u00e1 obligado a adoptar una pol\u00edtica monetaria restrictiva - PotenciaRadiofonicaDominicana.com","isPartOf":{"@id":"https:\/\/potenciaradiofonicadominicana.com\/portal\/#website"},"primaryImageOfPage":{"@id":"https:\/\/potenciaradiofonicadominicana.com\/portal\/guillermo-caram-banco-central-esta-obligado-a-adoptar-una-politica-monetaria-restrictiva\/#primaryimage"},"image":{"@id":"https:\/\/potenciaradiofonicadominicana.com\/portal\/guillermo-caram-banco-central-esta-obligado-a-adoptar-una-politica-monetaria-restrictiva\/#primaryimage"},"thumbnailUrl":"https:\/\/potenciaradiofonicadominicana.com\/portal\/wp-content\/uploads\/2022\/02\/banco-central-1c17813f-focus-0.28-min0.05-895-573.jpg","datePublished":"2022-02-02T16:09:11+00:00","breadcrumb":{"@id":"https:\/\/potenciaradiofonicadominicana.com\/portal\/guillermo-caram-banco-central-esta-obligado-a-adoptar-una-politica-monetaria-restrictiva\/#breadcrumb"},"inLanguage":"es","potentialAction":[{"@type":"ReadAction","target":["https:\/\/potenciaradiofonicadominicana.com\/portal\/guillermo-caram-banco-central-esta-obligado-a-adoptar-una-politica-monetaria-restrictiva\/"]}]},{"@type":"ImageObject","inLanguage":"es","@id":"https:\/\/potenciaradiofonicadominicana.com\/portal\/guillermo-caram-banco-central-esta-obligado-a-adoptar-una-politica-monetaria-restrictiva\/#primaryimage","url":"https:\/\/potenciaradiofonicadominicana.com\/portal\/wp-content\/uploads\/2022\/02\/banco-central-1c17813f-focus-0.28-min0.05-895-573.jpg","contentUrl":"https:\/\/potenciaradiofonicadominicana.com\/portal\/wp-content\/uploads\/2022\/02\/banco-central-1c17813f-focus-0.28-min0.05-895-573.jpg","width":895,"height":573},{"@type":"BreadcrumbList","@id":"https:\/\/potenciaradiofonicadominicana.com\/portal\/guillermo-caram-banco-central-esta-obligado-a-adoptar-una-politica-monetaria-restrictiva\/#breadcrumb","itemListElement":[{"@type":"ListItem","position":1,"name":"Portada","item":"https:\/\/potenciaradiofonicadominicana.com\/portal\/"},{"@type":"ListItem","position":2,"name":"Guillermo Caram: Banco Central est\u00e1 obligado a adoptar una pol\u00edtica monetaria restrictiva"}]},{"@type":"WebSite","@id":"https:\/\/potenciaradiofonicadominicana.com\/portal\/#website","url":"https:\/\/potenciaradiofonicadominicana.com\/portal\/","name":"PotenciaRadiofonicaDominicana.com","description":"Peri\u00f3dico Digital","publisher":{"@id":"https:\/\/potenciaradiofonicadominicana.com\/portal\/#organization"},"potentialAction":[{"@type":"SearchAction","target":{"@type":"EntryPoint","urlTemplate":"https:\/\/potenciaradiofonicadominicana.com\/portal\/?s={search_term_string}"},"query-input":{"@type":"PropertyValueSpecification","valueRequired":true,"valueName":"search_term_string"}}],"inLanguage":"es"},{"@type":"Organization","@id":"https:\/\/potenciaradiofonicadominicana.com\/portal\/#organization","name":"PotenciaRadiofonicaDominicana.com","url":"https:\/\/potenciaradiofonicadominicana.com\/portal\/","logo":{"@type":"ImageObject","inLanguage":"es","@id":"https:\/\/potenciaradiofonicadominicana.com\/portal\/#\/schema\/logo\/image\/","url":"https:\/\/potenciaradiofonicadominicana.com\/portal\/wp-content\/uploads\/2022\/01\/descarga.png","contentUrl":"https:\/\/potenciaradiofonicadominicana.com\/portal\/wp-content\/uploads\/2022\/01\/descarga.png","width":300,"height":100,"caption":"PotenciaRadiofonicaDominicana.com"},"image":{"@id":"https:\/\/potenciaradiofonicadominicana.com\/portal\/#\/schema\/logo\/image\/"},"sameAs":["https:\/\/web.facebook.com\/PotenciaRadiofonicaD"]},{"@type":"Person","@id":"https:\/\/potenciaradiofonicadominicana.com\/portal\/#\/schema\/person\/a5cf1fea13877803ee0573ac18b03490","name":"Potencia Radiof\u00f3nica Dominicana","image":{"@type":"ImageObject","inLanguage":"es","@id":"https:\/\/potenciaradiofonicadominicana.com\/portal\/#\/schema\/person\/image\/","url":"https:\/\/secure.gravatar.com\/avatar\/42a55ab9e8ccc656ba34cd791990602a?s=96&d=mm&r=g","contentUrl":"https:\/\/secure.gravatar.com\/avatar\/42a55ab9e8ccc656ba34cd791990602a?s=96&d=mm&r=g","caption":"Potencia Radiof\u00f3nica Dominicana"},"url":"https:\/\/potenciaradiofonicadominicana.com\/portal\/author\/johannyalmanzar\/"}]}},"_links":{"self":[{"href":"https:\/\/potenciaradiofonicadominicana.com\/portal\/wp-json\/wp\/v2\/posts\/114878","targetHints":{"allow":["GET"]}}],"collection":[{"href":"https:\/\/potenciaradiofonicadominicana.com\/portal\/wp-json\/wp\/v2\/posts"}],"about":[{"href":"https:\/\/potenciaradiofonicadominicana.com\/portal\/wp-json\/wp\/v2\/types\/post"}],"author":[{"embeddable":true,"href":"https:\/\/potenciaradiofonicadominicana.com\/portal\/wp-json\/wp\/v2\/users\/2"}],"replies":[{"embeddable":true,"href":"https:\/\/potenciaradiofonicadominicana.com\/portal\/wp-json\/wp\/v2\/comments?post=114878"}],"version-history":[{"count":1,"href":"https:\/\/potenciaradiofonicadominicana.com\/portal\/wp-json\/wp\/v2\/posts\/114878\/revisions"}],"predecessor-version":[{"id":114880,"href":"https:\/\/potenciaradiofonicadominicana.com\/portal\/wp-json\/wp\/v2\/posts\/114878\/revisions\/114880"}],"wp:featuredmedia":[{"embeddable":true,"href":"https:\/\/potenciaradiofonicadominicana.com\/portal\/wp-json\/wp\/v2\/media\/114879"}],"wp:attachment":[{"href":"https:\/\/potenciaradiofonicadominicana.com\/portal\/wp-json\/wp\/v2\/media?parent=114878"}],"wp:term":[{"taxonomy":"category","embeddable":true,"href":"https:\/\/potenciaradiofonicadominicana.com\/portal\/wp-json\/wp\/v2\/categories?post=114878"},{"taxonomy":"post_tag","embeddable":true,"href":"https:\/\/potenciaradiofonicadominicana.com\/portal\/wp-json\/wp\/v2\/tags?post=114878"}],"curies":[{"name":"wp","href":"https:\/\/api.w.org\/{rel}","templated":true}]}}