{"id":114871,"date":"2022-02-02T11:59:54","date_gmt":"2022-02-02T15:59:54","guid":{"rendered":"https:\/\/potenciaradiofonicadominicana.com\/portal\/?p=114871"},"modified":"2022-02-02T12:01:34","modified_gmt":"2022-02-02T16:01:34","slug":"corporativa-sucesion-es-principal-reto-empresas-familiares-economia","status":"publish","type":"post","link":"https:\/\/potenciaradiofonicadominicana.com\/portal\/corporativa-sucesion-es-principal-reto-empresas-familiares-economia\/","title":{"rendered":"Corporativa: Sucesi\u00f3n es principal reto empresas familiares"},"content":{"rendered":"<p><a href=\"https:\/\/potenciaradiofonicadominicana.com\/portal\/wp-content\/uploads\/2022\/02\/12_Economia_2-_3p01.jpg\"><img loading=\"lazy\" decoding=\"async\" class=\"alignnone size-full wp-image-114872\" src=\"https:\/\/potenciaradiofonicadominicana.com\/portal\/wp-content\/uploads\/2022\/02\/12_Economia_2-_3p01.jpg\" alt=\"\" width=\"390\" height=\"644\" srcset=\"https:\/\/potenciaradiofonicadominicana.com\/portal\/wp-content\/uploads\/2022\/02\/12_Economia_2-_3p01.jpg 390w, https:\/\/potenciaradiofonicadominicana.com\/portal\/wp-content\/uploads\/2022\/02\/12_Economia_2-_3p01-182x300.jpg 182w\" sizes=\"auto, (max-width: 390px) 100vw, 390px\" \/><\/a><\/p>\n<p>Las\u00a0empresas familiares dominicanas\u00a0tienen un peso muy significativo en la econom\u00eda, marcan una pauta importante en la cultura corporativa y la forma de hacer negocios y tambi\u00e9n ejercen una\u00a0influencia pol\u00edtica relevante.<\/p>\n<p>Sin embargo tienen un reto, el cual es c\u00f3mo lograr la sucesi\u00f3n de\u00a0\u201clos patriarcas\u201d o \u201cl\u00edderes solares\u201d.<\/p>\n<p>El t\u00e9rmino \u201cl\u00edder solar\u201d ejemplifica el l\u00edder que esta al centro de la toma de decisiones y que es el eje central del equipo y de quien depende en gran parte la creaci\u00f3n de valor y representatividad de la empresa, explic\u00f3\u00a0Andr\u00e9s Maldonado, socio de\u00a0Virtus Partners.<\/p>\n<p>\u201cEn nuestra experiencia, este desaf\u00edo requiere una reflexi\u00f3n profunda respecto a c\u00f3mo debe evolucionar el sistema, m\u00e1s que en c\u00f3mo elegir o ungir al nuevo l\u00edder solar\u201d. dijo.<\/p>\n<h5 id=\"h-est-s-desempleado-realizar-n-feria-de-empleos-en-provincia-la-altagracia\">\u00bfEst\u00e1s desempleado? Realizar\u00e1n feria de empleos en provincia La Altagracia<\/h5>\n<p>Por otra parte, el\u00a0Ministerio de Trabajo\u00a0invita a las personas interesadas a participar de la\u00a0Gran Feria de Empleos\u00a0que ser\u00e1 realizada los d\u00edas jueves 3 y viernes 4 del mes en curso el \u00e1rea hotelera y de turismo en la\u00a0zona de B\u00e1varo y Punta Cana, de la\u00a0provincia La Altagracia, con el prop\u00f3sito de cubrir 5,000 vacantes.<\/p>\n<p>La Gran Feria de Empleos se desarrollar\u00e1 en horario de 9: 00 de la ma\u00f1ana a 2: 00 de la tarde, en el Centro de la Universidad Aut\u00f3noma de Santo Domingo de Hig\u00fcey, ubicado en la avenida La Altagracia No. 23, donde se estar\u00e1n recibiendo curriculums para cubrir las primeras 1,364 vacantes.<\/p>\n<p>Las vacantes por las que podr\u00e1n optar los interesados son\u00a0ama de llaves, supervisor, camarista, oficial de limpieza, pasilleros, supervisor, oficial de limpieza.<\/p>\n<p>Asimismo en las empresas, en el \u00e1rea de\u00a0banquetes, las plazas son para cantinero, mesero, chef steward;\u00a0cocina: Jefe de partida, cocineros, tepanyakero, pasteleros, panaderos, ayudantes de cocina, bufeteros.<\/p>\n","protected":false},"excerpt":{"rendered":"<p>Las\u00a0empresas familiares dominicanas\u00a0tienen un peso muy significativo en la econom\u00eda, marcan una pauta importante en la cultura corporativa y la &#8230;<\/p>\n","protected":false},"author":2,"featured_media":114872,"comment_status":"open","ping_status":"open","sticky":false,"template":"","format":"standard","meta":{"footnotes":""},"categories":[26],"tags":[],"class_list":["post-114871","post","type-post","status-publish","format-standard","has-post-thumbnail","hentry","category-economia"],"yoast_head":"<!-- This site is optimized with the Yoast SEO plugin v24.8.1 - https:\/\/yoast.com\/wordpress\/plugins\/seo\/ -->\n<title>Corporativa: Sucesi\u00f3n es principal reto empresas familiares - PotenciaRadiofonicaDominicana.com<\/title>\n<meta name=\"robots\" content=\"index, follow, max-snippet:-1, max-image-preview:large, max-video-preview:-1\" \/>\n<link rel=\"canonical\" href=\"https:\/\/potenciaradiofonicadominicana.com\/portal\/corporativa-sucesion-es-principal-reto-empresas-familiares-economia\/\" \/>\n<meta property=\"og:locale\" content=\"es_ES\" \/>\n<meta property=\"og:type\" content=\"article\" \/>\n<meta property=\"og:title\" content=\"Corporativa: Sucesi\u00f3n es principal reto empresas familiares - PotenciaRadiofonicaDominicana.com\" \/>\n<meta property=\"og:description\" content=\"Las\u00a0empresas familiares dominicanas\u00a0tienen un peso muy significativo en la econom\u00eda, marcan una pauta importante en la cultura corporativa y la ...\" \/>\n<meta property=\"og:url\" content=\"https:\/\/potenciaradiofonicadominicana.com\/portal\/corporativa-sucesion-es-principal-reto-empresas-familiares-economia\/\" \/>\n<meta property=\"og:site_name\" content=\"PotenciaRadiofonicaDominicana.com\" \/>\n<meta property=\"article:publisher\" content=\"https:\/\/web.facebook.com\/PotenciaRadiofonicaD\" \/>\n<meta property=\"article:published_time\" content=\"2022-02-02T15:59:54+00:00\" \/>\n<meta property=\"article:modified_time\" content=\"2022-02-02T16:01:34+00:00\" \/>\n<meta property=\"og:image\" content=\"https:\/\/potenciaradiofonicadominicana.com\/portal\/wp-content\/uploads\/2022\/02\/12_Economia_2-_3p01.jpg\" \/>\n\t<meta property=\"og:image:width\" content=\"390\" \/>\n\t<meta property=\"og:image:height\" content=\"644\" \/>\n\t<meta property=\"og:image:type\" content=\"image\/jpeg\" \/>\n<meta name=\"author\" content=\"Potencia Radiof\u00f3nica Dominicana\" \/>\n<meta name=\"twitter:card\" content=\"summary_large_image\" \/>\n<meta name=\"twitter:label1\" content=\"Escrito por\" \/>\n\t<meta name=\"twitter:data1\" content=\"Potencia Radiof\u00f3nica Dominicana\" \/>\n\t<meta name=\"twitter:label2\" content=\"Tiempo de lectura\" \/>\n\t<meta name=\"twitter:data2\" content=\"2 minutos\" \/>\n<script type=\"application\/ld+json\" class=\"yoast-schema-graph\">{\"@context\":\"https:\/\/schema.org\",\"@graph\":[{\"@type\":\"Article\",\"@id\":\"https:\/\/potenciaradiofonicadominicana.com\/portal\/corporativa-sucesion-es-principal-reto-empresas-familiares-economia\/#article\",\"isPartOf\":{\"@id\":\"https:\/\/potenciaradiofonicadominicana.com\/portal\/corporativa-sucesion-es-principal-reto-empresas-familiares-economia\/\"},\"author\":{\"name\":\"Potencia Radiof\u00f3nica Dominicana\",\"@id\":\"https:\/\/potenciaradiofonicadominicana.com\/portal\/#\/schema\/person\/a5cf1fea13877803ee0573ac18b03490\"},\"headline\":\"Corporativa: Sucesi\u00f3n es principal reto empresas familiares\",\"datePublished\":\"2022-02-02T15:59:54+00:00\",\"dateModified\":\"2022-02-02T16:01:34+00:00\",\"mainEntityOfPage\":{\"@id\":\"https:\/\/potenciaradiofonicadominicana.com\/portal\/corporativa-sucesion-es-principal-reto-empresas-familiares-economia\/\"},\"wordCount\":326,\"commentCount\":0,\"publisher\":{\"@id\":\"https:\/\/potenciaradiofonicadominicana.com\/portal\/#organization\"},\"image\":{\"@id\":\"https:\/\/potenciaradiofonicadominicana.com\/portal\/corporativa-sucesion-es-principal-reto-empresas-familiares-economia\/#primaryimage\"},\"thumbnailUrl\":\"https:\/\/potenciaradiofonicadominicana.com\/portal\/wp-content\/uploads\/2022\/02\/12_Economia_2-_3p01.jpg\",\"articleSection\":[\"Econom\u00eda\"],\"inLanguage\":\"es\",\"potentialAction\":[{\"@type\":\"CommentAction\",\"name\":\"Comment\",\"target\":[\"https:\/\/potenciaradiofonicadominicana.com\/portal\/corporativa-sucesion-es-principal-reto-empresas-familiares-economia\/#respond\"]}]},{\"@type\":\"WebPage\",\"@id\":\"https:\/\/potenciaradiofonicadominicana.com\/portal\/corporativa-sucesion-es-principal-reto-empresas-familiares-economia\/\",\"url\":\"https:\/\/potenciaradiofonicadominicana.com\/portal\/corporativa-sucesion-es-principal-reto-empresas-familiares-economia\/\",\"name\":\"Corporativa: Sucesi\u00f3n es principal reto empresas familiares - PotenciaRadiofonicaDominicana.com\",\"isPartOf\":{\"@id\":\"https:\/\/potenciaradiofonicadominicana.com\/portal\/#website\"},\"primaryImageOfPage\":{\"@id\":\"https:\/\/potenciaradiofonicadominicana.com\/portal\/corporativa-sucesion-es-principal-reto-empresas-familiares-economia\/#primaryimage\"},\"image\":{\"@id\":\"https:\/\/potenciaradiofonicadominicana.com\/portal\/corporativa-sucesion-es-principal-reto-empresas-familiares-economia\/#primaryimage\"},\"thumbnailUrl\":\"https:\/\/potenciaradiofonicadominicana.com\/portal\/wp-content\/uploads\/2022\/02\/12_Economia_2-_3p01.jpg\",\"datePublished\":\"2022-02-02T15:59:54+00:00\",\"dateModified\":\"2022-02-02T16:01:34+00:00\",\"breadcrumb\":{\"@id\":\"https:\/\/potenciaradiofonicadominicana.com\/portal\/corporativa-sucesion-es-principal-reto-empresas-familiares-economia\/#breadcrumb\"},\"inLanguage\":\"es\",\"potentialAction\":[{\"@type\":\"ReadAction\",\"target\":[\"https:\/\/potenciaradiofonicadominicana.com\/portal\/corporativa-sucesion-es-principal-reto-empresas-familiares-economia\/\"]}]},{\"@type\":\"ImageObject\",\"inLanguage\":\"es\",\"@id\":\"https:\/\/potenciaradiofonicadominicana.com\/portal\/corporativa-sucesion-es-principal-reto-empresas-familiares-economia\/#primaryimage\",\"url\":\"https:\/\/potenciaradiofonicadominicana.com\/portal\/wp-content\/uploads\/2022\/02\/12_Economia_2-_3p01.jpg\",\"contentUrl\":\"https:\/\/potenciaradiofonicadominicana.com\/portal\/wp-content\/uploads\/2022\/02\/12_Economia_2-_3p01.jpg\",\"width\":390,\"height\":644},{\"@type\":\"BreadcrumbList\",\"@id\":\"https:\/\/potenciaradiofonicadominicana.com\/portal\/corporativa-sucesion-es-principal-reto-empresas-familiares-economia\/#breadcrumb\",\"itemListElement\":[{\"@type\":\"ListItem\",\"position\":1,\"name\":\"Portada\",\"item\":\"https:\/\/potenciaradiofonicadominicana.com\/portal\/\"},{\"@type\":\"ListItem\",\"position\":2,\"name\":\"Corporativa: Sucesi\u00f3n es principal reto empresas familiares\"}]},{\"@type\":\"WebSite\",\"@id\":\"https:\/\/potenciaradiofonicadominicana.com\/portal\/#website\",\"url\":\"https:\/\/potenciaradiofonicadominicana.com\/portal\/\",\"name\":\"PotenciaRadiofonicaDominicana.com\",\"description\":\"Peri\u00f3dico Digital\",\"publisher\":{\"@id\":\"https:\/\/potenciaradiofonicadominicana.com\/portal\/#organization\"},\"potentialAction\":[{\"@type\":\"SearchAction\",\"target\":{\"@type\":\"EntryPoint\",\"urlTemplate\":\"https:\/\/potenciaradiofonicadominicana.com\/portal\/?s={search_term_string}\"},\"query-input\":{\"@type\":\"PropertyValueSpecification\",\"valueRequired\":true,\"valueName\":\"search_term_string\"}}],\"inLanguage\":\"es\"},{\"@type\":\"Organization\",\"@id\":\"https:\/\/potenciaradiofonicadominicana.com\/portal\/#organization\",\"name\":\"PotenciaRadiofonicaDominicana.com\",\"url\":\"https:\/\/potenciaradiofonicadominicana.com\/portal\/\",\"logo\":{\"@type\":\"ImageObject\",\"inLanguage\":\"es\",\"@id\":\"https:\/\/potenciaradiofonicadominicana.com\/portal\/#\/schema\/logo\/image\/\",\"url\":\"https:\/\/potenciaradiofonicadominicana.com\/portal\/wp-content\/uploads\/2022\/01\/descarga.png\",\"contentUrl\":\"https:\/\/potenciaradiofonicadominicana.com\/portal\/wp-content\/uploads\/2022\/01\/descarga.png\",\"width\":300,\"height\":100,\"caption\":\"PotenciaRadiofonicaDominicana.com\"},\"image\":{\"@id\":\"https:\/\/potenciaradiofonicadominicana.com\/portal\/#\/schema\/logo\/image\/\"},\"sameAs\":[\"https:\/\/web.facebook.com\/PotenciaRadiofonicaD\"]},{\"@type\":\"Person\",\"@id\":\"https:\/\/potenciaradiofonicadominicana.com\/portal\/#\/schema\/person\/a5cf1fea13877803ee0573ac18b03490\",\"name\":\"Potencia Radiof\u00f3nica Dominicana\",\"image\":{\"@type\":\"ImageObject\",\"inLanguage\":\"es\",\"@id\":\"https:\/\/potenciaradiofonicadominicana.com\/portal\/#\/schema\/person\/image\/\",\"url\":\"https:\/\/secure.gravatar.com\/avatar\/42a55ab9e8ccc656ba34cd791990602a?s=96&d=mm&r=g\",\"contentUrl\":\"https:\/\/secure.gravatar.com\/avatar\/42a55ab9e8ccc656ba34cd791990602a?s=96&d=mm&r=g\",\"caption\":\"Potencia Radiof\u00f3nica Dominicana\"},\"url\":\"https:\/\/potenciaradiofonicadominicana.com\/portal\/author\/johannyalmanzar\/\"}]}<\/script>\n<!-- \/ Yoast SEO plugin. -->","yoast_head_json":{"title":"Corporativa: Sucesi\u00f3n es principal reto empresas familiares - PotenciaRadiofonicaDominicana.com","robots":{"index":"index","follow":"follow","max-snippet":"max-snippet:-1","max-image-preview":"max-image-preview:large","max-video-preview":"max-video-preview:-1"},"canonical":"https:\/\/potenciaradiofonicadominicana.com\/portal\/corporativa-sucesion-es-principal-reto-empresas-familiares-economia\/","og_locale":"es_ES","og_type":"article","og_title":"Corporativa: Sucesi\u00f3n es principal reto empresas familiares - PotenciaRadiofonicaDominicana.com","og_description":"Las\u00a0empresas familiares dominicanas\u00a0tienen un peso muy significativo en la econom\u00eda, marcan una pauta importante en la cultura corporativa y la ...","og_url":"https:\/\/potenciaradiofonicadominicana.com\/portal\/corporativa-sucesion-es-principal-reto-empresas-familiares-economia\/","og_site_name":"PotenciaRadiofonicaDominicana.com","article_publisher":"https:\/\/web.facebook.com\/PotenciaRadiofonicaD","article_published_time":"2022-02-02T15:59:54+00:00","article_modified_time":"2022-02-02T16:01:34+00:00","og_image":[{"width":390,"height":644,"url":"https:\/\/potenciaradiofonicadominicana.com\/portal\/wp-content\/uploads\/2022\/02\/12_Economia_2-_3p01.jpg","type":"image\/jpeg"}],"author":"Potencia Radiof\u00f3nica Dominicana","twitter_card":"summary_large_image","twitter_misc":{"Escrito por":"Potencia Radiof\u00f3nica Dominicana","Tiempo de lectura":"2 minutos"},"schema":{"@context":"https:\/\/schema.org","@graph":[{"@type":"Article","@id":"https:\/\/potenciaradiofonicadominicana.com\/portal\/corporativa-sucesion-es-principal-reto-empresas-familiares-economia\/#article","isPartOf":{"@id":"https:\/\/potenciaradiofonicadominicana.com\/portal\/corporativa-sucesion-es-principal-reto-empresas-familiares-economia\/"},"author":{"name":"Potencia Radiof\u00f3nica Dominicana","@id":"https:\/\/potenciaradiofonicadominicana.com\/portal\/#\/schema\/person\/a5cf1fea13877803ee0573ac18b03490"},"headline":"Corporativa: Sucesi\u00f3n es principal reto empresas familiares","datePublished":"2022-02-02T15:59:54+00:00","dateModified":"2022-02-02T16:01:34+00:00","mainEntityOfPage":{"@id":"https:\/\/potenciaradiofonicadominicana.com\/portal\/corporativa-sucesion-es-principal-reto-empresas-familiares-economia\/"},"wordCount":326,"commentCount":0,"publisher":{"@id":"https:\/\/potenciaradiofonicadominicana.com\/portal\/#organization"},"image":{"@id":"https:\/\/potenciaradiofonicadominicana.com\/portal\/corporativa-sucesion-es-principal-reto-empresas-familiares-economia\/#primaryimage"},"thumbnailUrl":"https:\/\/potenciaradiofonicadominicana.com\/portal\/wp-content\/uploads\/2022\/02\/12_Economia_2-_3p01.jpg","articleSection":["Econom\u00eda"],"inLanguage":"es","potentialAction":[{"@type":"CommentAction","name":"Comment","target":["https:\/\/potenciaradiofonicadominicana.com\/portal\/corporativa-sucesion-es-principal-reto-empresas-familiares-economia\/#respond"]}]},{"@type":"WebPage","@id":"https:\/\/potenciaradiofonicadominicana.com\/portal\/corporativa-sucesion-es-principal-reto-empresas-familiares-economia\/","url":"https:\/\/potenciaradiofonicadominicana.com\/portal\/corporativa-sucesion-es-principal-reto-empresas-familiares-economia\/","name":"Corporativa: Sucesi\u00f3n es principal reto empresas familiares - PotenciaRadiofonicaDominicana.com","isPartOf":{"@id":"https:\/\/potenciaradiofonicadominicana.com\/portal\/#website"},"primaryImageOfPage":{"@id":"https:\/\/potenciaradiofonicadominicana.com\/portal\/corporativa-sucesion-es-principal-reto-empresas-familiares-economia\/#primaryimage"},"image":{"@id":"https:\/\/potenciaradiofonicadominicana.com\/portal\/corporativa-sucesion-es-principal-reto-empresas-familiares-economia\/#primaryimage"},"thumbnailUrl":"https:\/\/potenciaradiofonicadominicana.com\/portal\/wp-content\/uploads\/2022\/02\/12_Economia_2-_3p01.jpg","datePublished":"2022-02-02T15:59:54+00:00","dateModified":"2022-02-02T16:01:34+00:00","breadcrumb":{"@id":"https:\/\/potenciaradiofonicadominicana.com\/portal\/corporativa-sucesion-es-principal-reto-empresas-familiares-economia\/#breadcrumb"},"inLanguage":"es","potentialAction":[{"@type":"ReadAction","target":["https:\/\/potenciaradiofonicadominicana.com\/portal\/corporativa-sucesion-es-principal-reto-empresas-familiares-economia\/"]}]},{"@type":"ImageObject","inLanguage":"es","@id":"https:\/\/potenciaradiofonicadominicana.com\/portal\/corporativa-sucesion-es-principal-reto-empresas-familiares-economia\/#primaryimage","url":"https:\/\/potenciaradiofonicadominicana.com\/portal\/wp-content\/uploads\/2022\/02\/12_Economia_2-_3p01.jpg","contentUrl":"https:\/\/potenciaradiofonicadominicana.com\/portal\/wp-content\/uploads\/2022\/02\/12_Economia_2-_3p01.jpg","width":390,"height":644},{"@type":"BreadcrumbList","@id":"https:\/\/potenciaradiofonicadominicana.com\/portal\/corporativa-sucesion-es-principal-reto-empresas-familiares-economia\/#breadcrumb","itemListElement":[{"@type":"ListItem","position":1,"name":"Portada","item":"https:\/\/potenciaradiofonicadominicana.com\/portal\/"},{"@type":"ListItem","position":2,"name":"Corporativa: Sucesi\u00f3n es principal reto empresas familiares"}]},{"@type":"WebSite","@id":"https:\/\/potenciaradiofonicadominicana.com\/portal\/#website","url":"https:\/\/potenciaradiofonicadominicana.com\/portal\/","name":"PotenciaRadiofonicaDominicana.com","description":"Peri\u00f3dico Digital","publisher":{"@id":"https:\/\/potenciaradiofonicadominicana.com\/portal\/#organization"},"potentialAction":[{"@type":"SearchAction","target":{"@type":"EntryPoint","urlTemplate":"https:\/\/potenciaradiofonicadominicana.com\/portal\/?s={search_term_string}"},"query-input":{"@type":"PropertyValueSpecification","valueRequired":true,"valueName":"search_term_string"}}],"inLanguage":"es"},{"@type":"Organization","@id":"https:\/\/potenciaradiofonicadominicana.com\/portal\/#organization","name":"PotenciaRadiofonicaDominicana.com","url":"https:\/\/potenciaradiofonicadominicana.com\/portal\/","logo":{"@type":"ImageObject","inLanguage":"es","@id":"https:\/\/potenciaradiofonicadominicana.com\/portal\/#\/schema\/logo\/image\/","url":"https:\/\/potenciaradiofonicadominicana.com\/portal\/wp-content\/uploads\/2022\/01\/descarga.png","contentUrl":"https:\/\/potenciaradiofonicadominicana.com\/portal\/wp-content\/uploads\/2022\/01\/descarga.png","width":300,"height":100,"caption":"PotenciaRadiofonicaDominicana.com"},"image":{"@id":"https:\/\/potenciaradiofonicadominicana.com\/portal\/#\/schema\/logo\/image\/"},"sameAs":["https:\/\/web.facebook.com\/PotenciaRadiofonicaD"]},{"@type":"Person","@id":"https:\/\/potenciaradiofonicadominicana.com\/portal\/#\/schema\/person\/a5cf1fea13877803ee0573ac18b03490","name":"Potencia Radiof\u00f3nica Dominicana","image":{"@type":"ImageObject","inLanguage":"es","@id":"https:\/\/potenciaradiofonicadominicana.com\/portal\/#\/schema\/person\/image\/","url":"https:\/\/secure.gravatar.com\/avatar\/42a55ab9e8ccc656ba34cd791990602a?s=96&d=mm&r=g","contentUrl":"https:\/\/secure.gravatar.com\/avatar\/42a55ab9e8ccc656ba34cd791990602a?s=96&d=mm&r=g","caption":"Potencia Radiof\u00f3nica Dominicana"},"url":"https:\/\/potenciaradiofonicadominicana.com\/portal\/author\/johannyalmanzar\/"}]}},"_links":{"self":[{"href":"https:\/\/potenciaradiofonicadominicana.com\/portal\/wp-json\/wp\/v2\/posts\/114871","targetHints":{"allow":["GET"]}}],"collection":[{"href":"https:\/\/potenciaradiofonicadominicana.com\/portal\/wp-json\/wp\/v2\/posts"}],"about":[{"href":"https:\/\/potenciaradiofonicadominicana.com\/portal\/wp-json\/wp\/v2\/types\/post"}],"author":[{"embeddable":true,"href":"https:\/\/potenciaradiofonicadominicana.com\/portal\/wp-json\/wp\/v2\/users\/2"}],"replies":[{"embeddable":true,"href":"https:\/\/potenciaradiofonicadominicana.com\/portal\/wp-json\/wp\/v2\/comments?post=114871"}],"version-history":[{"count":2,"href":"https:\/\/potenciaradiofonicadominicana.com\/portal\/wp-json\/wp\/v2\/posts\/114871\/revisions"}],"predecessor-version":[{"id":114874,"href":"https:\/\/potenciaradiofonicadominicana.com\/portal\/wp-json\/wp\/v2\/posts\/114871\/revisions\/114874"}],"wp:featuredmedia":[{"embeddable":true,"href":"https:\/\/potenciaradiofonicadominicana.com\/portal\/wp-json\/wp\/v2\/media\/114872"}],"wp:attachment":[{"href":"https:\/\/potenciaradiofonicadominicana.com\/portal\/wp-json\/wp\/v2\/media?parent=114871"}],"wp:term":[{"taxonomy":"category","embeddable":true,"href":"https:\/\/potenciaradiofonicadominicana.com\/portal\/wp-json\/wp\/v2\/categories?post=114871"},{"taxonomy":"post_tag","embeddable":true,"href":"https:\/\/potenciaradiofonicadominicana.com\/portal\/wp-json\/wp\/v2\/tags?post=114871"}],"curies":[{"name":"wp","href":"https:\/\/api.w.org\/{rel}","templated":true}]}}