{"id":114753,"date":"2022-02-01T17:36:19","date_gmt":"2022-02-01T21:36:19","guid":{"rendered":"https:\/\/potenciaradiofonicadominicana.com\/portal\/?p=114753"},"modified":"2022-02-01T17:36:19","modified_gmt":"2022-02-01T21:36:19","slug":"fao-admite-error-al-igualar-a-colombia-con-haiti-en-inseguridad-alimentaria","status":"publish","type":"post","link":"https:\/\/potenciaradiofonicadominicana.com\/portal\/fao-admite-error-al-igualar-a-colombia-con-haiti-en-inseguridad-alimentaria\/","title":{"rendered":"FAO admite error al igualar a Colombia con Hait\u00ed en inseguridad alimentaria"},"content":{"rendered":"<p><a href=\"https:\/\/potenciaradiofonicadominicana.com\/portal\/wp-content\/uploads\/2022\/02\/bandera-colombiana-04b60b5e-focus-0-0-895-573.jpg\"><img loading=\"lazy\" decoding=\"async\" class=\"alignnone size-full wp-image-114757\" src=\"https:\/\/potenciaradiofonicadominicana.com\/portal\/wp-content\/uploads\/2022\/02\/bandera-colombiana-04b60b5e-focus-0-0-895-573.jpg\" alt=\"\" width=\"408\" height=\"253\" srcset=\"https:\/\/potenciaradiofonicadominicana.com\/portal\/wp-content\/uploads\/2022\/02\/bandera-colombiana-04b60b5e-focus-0-0-895-573.jpg 408w, https:\/\/potenciaradiofonicadominicana.com\/portal\/wp-content\/uploads\/2022\/02\/bandera-colombiana-04b60b5e-focus-0-0-895-573-300x186.jpg 300w\" sizes=\"auto, (max-width: 408px) 100vw, 408px\" \/><\/a><\/p>\n<p>La Organizaci\u00f3n de las Naciones Unidas para la\u00a0Alimentaci\u00f3n\u00a0y la Agricultura (FAO) admiti\u00f3 errores en su informe en el que sit\u00faa a\u00a0Colombia\u00a0en el mismo mapa de\u00a0Hait\u00ed\u00a0y pa\u00edses de \u00c1frica en cuanto a inseguridad alimentaria.<\/p>\n<p>Medios colombianos atribuyen al representante del organismo en ese pa\u00eds sudamericano, Alan Bojanic, la declaraci\u00f3n de que su investigaci\u00f3n no refleja la realidad.<\/p>\n<p>Al calificar de injusto el informe, ayer el Gobierno de\u00a0Colombia\u00a0inst\u00f3 formalmente a la\u00a0FAO\u00a0a retirar esa naci\u00f3n del lugar del mapa en el que aparece junto a pa\u00edses como Yemen, Sud\u00e1n del Sur, Etiop\u00eda, Afganist\u00e1n,\u00a0Hait\u00ed, entre otros.<\/p>\n<p>\u201cSer\u00eda injusto no reconocer los esfuerzos del Gobierno en seguridad alimentaria as\u00ed como los recursos que se destinan para los programas estructurales en ese frente. El informe no refleja, por desgracia, esos avances. La intenci\u00f3n era atraer recursos para apoyar a los migrantes, pero su presentaci\u00f3n no fue la mejor\u201d, dijo Bojanic,\u00a0seg\u00fan el diario Caracol.<\/p>\n<p>Colombia\u00a0es un pa\u00eds rico en recursos naturales y, seg\u00fan medios internacionales, desplaz\u00f3 a Venezuela como la principal naci\u00f3n de sudamericana en exportaci\u00f3n de petr\u00f3leo.<\/p>\n<p>El informe Focos de Hambre\u201d fue publicado la semana pasada y tras la solicitud de\u00a0Colombia\u00a0de revisarlo, la\u00a0FAO\u00a0acept\u00f3 la petici\u00f3n para \u201creflejar mejor\u201d la situaci\u00f3n.<\/p>\n<p>La\u00a0FAO\u00a0advirti\u00f3 en el informe que 7,3 millones de personas en\u00a0Colombia, con una poblaci\u00f3n de m\u00e1s de 50 millones de habitantes, necesitar\u00e1n asistencia alimentaria en 2022 y se\u00f1al\u00f3 que los riesgos en la seguridad alimentaria se dar\u00edan por una combinaci\u00f3n de \u201cinestabilidad pol\u00edtica, el impacto de la pandemia de COVID-19, la crisis migratoria regional y el desplazamiento interno\u201d.<\/p>\n","protected":false},"excerpt":{"rendered":"<p>La Organizaci\u00f3n de las Naciones Unidas para la\u00a0Alimentaci\u00f3n\u00a0y la Agricultura (FAO) admiti\u00f3 errores en su informe en el que sit\u00faa &#8230;<\/p>\n","protected":false},"author":2,"featured_media":114757,"comment_status":"open","ping_status":"open","sticky":false,"template":"","format":"standard","meta":{"footnotes":""},"categories":[26],"tags":[],"class_list":["post-114753","post","type-post","status-publish","format-standard","has-post-thumbnail","hentry","category-economia"],"yoast_head":"<!-- This site is optimized with the Yoast SEO plugin v24.8.1 - https:\/\/yoast.com\/wordpress\/plugins\/seo\/ -->\n<title>FAO admite error al igualar a Colombia con Hait\u00ed en inseguridad alimentaria - PotenciaRadiofonicaDominicana.com<\/title>\n<meta name=\"robots\" content=\"index, follow, max-snippet:-1, max-image-preview:large, max-video-preview:-1\" \/>\n<link rel=\"canonical\" href=\"https:\/\/potenciaradiofonicadominicana.com\/portal\/fao-admite-error-al-igualar-a-colombia-con-haiti-en-inseguridad-alimentaria\/\" \/>\n<meta property=\"og:locale\" content=\"es_ES\" \/>\n<meta property=\"og:type\" content=\"article\" \/>\n<meta property=\"og:title\" content=\"FAO admite error al igualar a Colombia con Hait\u00ed en inseguridad alimentaria - PotenciaRadiofonicaDominicana.com\" \/>\n<meta property=\"og:description\" content=\"La Organizaci\u00f3n de las Naciones Unidas para la\u00a0Alimentaci\u00f3n\u00a0y la Agricultura (FAO) admiti\u00f3 errores en su informe en el que sit\u00faa ...\" \/>\n<meta property=\"og:url\" content=\"https:\/\/potenciaradiofonicadominicana.com\/portal\/fao-admite-error-al-igualar-a-colombia-con-haiti-en-inseguridad-alimentaria\/\" \/>\n<meta property=\"og:site_name\" content=\"PotenciaRadiofonicaDominicana.com\" \/>\n<meta property=\"article:publisher\" content=\"https:\/\/web.facebook.com\/PotenciaRadiofonicaD\" \/>\n<meta property=\"article:published_time\" content=\"2022-02-01T21:36:19+00:00\" \/>\n<meta property=\"og:image\" content=\"https:\/\/potenciaradiofonicadominicana.com\/portal\/wp-content\/uploads\/2022\/02\/bandera-colombiana-04b60b5e-focus-0-0-895-573.jpg\" \/>\n\t<meta property=\"og:image:width\" content=\"408\" \/>\n\t<meta property=\"og:image:height\" content=\"253\" \/>\n\t<meta property=\"og:image:type\" content=\"image\/jpeg\" \/>\n<meta name=\"author\" content=\"Potencia Radiof\u00f3nica Dominicana\" \/>\n<meta name=\"twitter:card\" content=\"summary_large_image\" \/>\n<meta name=\"twitter:label1\" content=\"Escrito por\" \/>\n\t<meta name=\"twitter:data1\" content=\"Potencia Radiof\u00f3nica Dominicana\" \/>\n\t<meta name=\"twitter:label2\" content=\"Tiempo de lectura\" \/>\n\t<meta name=\"twitter:data2\" content=\"1 minuto\" \/>\n<script type=\"application\/ld+json\" class=\"yoast-schema-graph\">{\"@context\":\"https:\/\/schema.org\",\"@graph\":[{\"@type\":\"Article\",\"@id\":\"https:\/\/potenciaradiofonicadominicana.com\/portal\/fao-admite-error-al-igualar-a-colombia-con-haiti-en-inseguridad-alimentaria\/#article\",\"isPartOf\":{\"@id\":\"https:\/\/potenciaradiofonicadominicana.com\/portal\/fao-admite-error-al-igualar-a-colombia-con-haiti-en-inseguridad-alimentaria\/\"},\"author\":{\"name\":\"Potencia Radiof\u00f3nica Dominicana\",\"@id\":\"https:\/\/potenciaradiofonicadominicana.com\/portal\/#\/schema\/person\/a5cf1fea13877803ee0573ac18b03490\"},\"headline\":\"FAO admite error al igualar a Colombia con Hait\u00ed en inseguridad alimentaria\",\"datePublished\":\"2022-02-01T21:36:19+00:00\",\"mainEntityOfPage\":{\"@id\":\"https:\/\/potenciaradiofonicadominicana.com\/portal\/fao-admite-error-al-igualar-a-colombia-con-haiti-en-inseguridad-alimentaria\/\"},\"wordCount\":311,\"commentCount\":0,\"publisher\":{\"@id\":\"https:\/\/potenciaradiofonicadominicana.com\/portal\/#organization\"},\"image\":{\"@id\":\"https:\/\/potenciaradiofonicadominicana.com\/portal\/fao-admite-error-al-igualar-a-colombia-con-haiti-en-inseguridad-alimentaria\/#primaryimage\"},\"thumbnailUrl\":\"https:\/\/potenciaradiofonicadominicana.com\/portal\/wp-content\/uploads\/2022\/02\/bandera-colombiana-04b60b5e-focus-0-0-895-573.jpg\",\"articleSection\":[\"Econom\u00eda\"],\"inLanguage\":\"es\",\"potentialAction\":[{\"@type\":\"CommentAction\",\"name\":\"Comment\",\"target\":[\"https:\/\/potenciaradiofonicadominicana.com\/portal\/fao-admite-error-al-igualar-a-colombia-con-haiti-en-inseguridad-alimentaria\/#respond\"]}]},{\"@type\":\"WebPage\",\"@id\":\"https:\/\/potenciaradiofonicadominicana.com\/portal\/fao-admite-error-al-igualar-a-colombia-con-haiti-en-inseguridad-alimentaria\/\",\"url\":\"https:\/\/potenciaradiofonicadominicana.com\/portal\/fao-admite-error-al-igualar-a-colombia-con-haiti-en-inseguridad-alimentaria\/\",\"name\":\"FAO admite error al igualar a Colombia con Hait\u00ed en inseguridad alimentaria - PotenciaRadiofonicaDominicana.com\",\"isPartOf\":{\"@id\":\"https:\/\/potenciaradiofonicadominicana.com\/portal\/#website\"},\"primaryImageOfPage\":{\"@id\":\"https:\/\/potenciaradiofonicadominicana.com\/portal\/fao-admite-error-al-igualar-a-colombia-con-haiti-en-inseguridad-alimentaria\/#primaryimage\"},\"image\":{\"@id\":\"https:\/\/potenciaradiofonicadominicana.com\/portal\/fao-admite-error-al-igualar-a-colombia-con-haiti-en-inseguridad-alimentaria\/#primaryimage\"},\"thumbnailUrl\":\"https:\/\/potenciaradiofonicadominicana.com\/portal\/wp-content\/uploads\/2022\/02\/bandera-colombiana-04b60b5e-focus-0-0-895-573.jpg\",\"datePublished\":\"2022-02-01T21:36:19+00:00\",\"breadcrumb\":{\"@id\":\"https:\/\/potenciaradiofonicadominicana.com\/portal\/fao-admite-error-al-igualar-a-colombia-con-haiti-en-inseguridad-alimentaria\/#breadcrumb\"},\"inLanguage\":\"es\",\"potentialAction\":[{\"@type\":\"ReadAction\",\"target\":[\"https:\/\/potenciaradiofonicadominicana.com\/portal\/fao-admite-error-al-igualar-a-colombia-con-haiti-en-inseguridad-alimentaria\/\"]}]},{\"@type\":\"ImageObject\",\"inLanguage\":\"es\",\"@id\":\"https:\/\/potenciaradiofonicadominicana.com\/portal\/fao-admite-error-al-igualar-a-colombia-con-haiti-en-inseguridad-alimentaria\/#primaryimage\",\"url\":\"https:\/\/potenciaradiofonicadominicana.com\/portal\/wp-content\/uploads\/2022\/02\/bandera-colombiana-04b60b5e-focus-0-0-895-573.jpg\",\"contentUrl\":\"https:\/\/potenciaradiofonicadominicana.com\/portal\/wp-content\/uploads\/2022\/02\/bandera-colombiana-04b60b5e-focus-0-0-895-573.jpg\",\"width\":408,\"height\":253},{\"@type\":\"BreadcrumbList\",\"@id\":\"https:\/\/potenciaradiofonicadominicana.com\/portal\/fao-admite-error-al-igualar-a-colombia-con-haiti-en-inseguridad-alimentaria\/#breadcrumb\",\"itemListElement\":[{\"@type\":\"ListItem\",\"position\":1,\"name\":\"Portada\",\"item\":\"https:\/\/potenciaradiofonicadominicana.com\/portal\/\"},{\"@type\":\"ListItem\",\"position\":2,\"name\":\"FAO admite error al igualar a Colombia con Hait\u00ed en inseguridad alimentaria\"}]},{\"@type\":\"WebSite\",\"@id\":\"https:\/\/potenciaradiofonicadominicana.com\/portal\/#website\",\"url\":\"https:\/\/potenciaradiofonicadominicana.com\/portal\/\",\"name\":\"PotenciaRadiofonicaDominicana.com\",\"description\":\"Peri\u00f3dico Digital\",\"publisher\":{\"@id\":\"https:\/\/potenciaradiofonicadominicana.com\/portal\/#organization\"},\"potentialAction\":[{\"@type\":\"SearchAction\",\"target\":{\"@type\":\"EntryPoint\",\"urlTemplate\":\"https:\/\/potenciaradiofonicadominicana.com\/portal\/?s={search_term_string}\"},\"query-input\":{\"@type\":\"PropertyValueSpecification\",\"valueRequired\":true,\"valueName\":\"search_term_string\"}}],\"inLanguage\":\"es\"},{\"@type\":\"Organization\",\"@id\":\"https:\/\/potenciaradiofonicadominicana.com\/portal\/#organization\",\"name\":\"PotenciaRadiofonicaDominicana.com\",\"url\":\"https:\/\/potenciaradiofonicadominicana.com\/portal\/\",\"logo\":{\"@type\":\"ImageObject\",\"inLanguage\":\"es\",\"@id\":\"https:\/\/potenciaradiofonicadominicana.com\/portal\/#\/schema\/logo\/image\/\",\"url\":\"https:\/\/potenciaradiofonicadominicana.com\/portal\/wp-content\/uploads\/2022\/01\/descarga.png\",\"contentUrl\":\"https:\/\/potenciaradiofonicadominicana.com\/portal\/wp-content\/uploads\/2022\/01\/descarga.png\",\"width\":300,\"height\":100,\"caption\":\"PotenciaRadiofonicaDominicana.com\"},\"image\":{\"@id\":\"https:\/\/potenciaradiofonicadominicana.com\/portal\/#\/schema\/logo\/image\/\"},\"sameAs\":[\"https:\/\/web.facebook.com\/PotenciaRadiofonicaD\"]},{\"@type\":\"Person\",\"@id\":\"https:\/\/potenciaradiofonicadominicana.com\/portal\/#\/schema\/person\/a5cf1fea13877803ee0573ac18b03490\",\"name\":\"Potencia Radiof\u00f3nica Dominicana\",\"image\":{\"@type\":\"ImageObject\",\"inLanguage\":\"es\",\"@id\":\"https:\/\/potenciaradiofonicadominicana.com\/portal\/#\/schema\/person\/image\/\",\"url\":\"https:\/\/secure.gravatar.com\/avatar\/42a55ab9e8ccc656ba34cd791990602a?s=96&d=mm&r=g\",\"contentUrl\":\"https:\/\/secure.gravatar.com\/avatar\/42a55ab9e8ccc656ba34cd791990602a?s=96&d=mm&r=g\",\"caption\":\"Potencia Radiof\u00f3nica Dominicana\"},\"url\":\"https:\/\/potenciaradiofonicadominicana.com\/portal\/author\/johannyalmanzar\/\"}]}<\/script>\n<!-- \/ Yoast SEO plugin. -->","yoast_head_json":{"title":"FAO admite error al igualar a Colombia con Hait\u00ed en inseguridad alimentaria - PotenciaRadiofonicaDominicana.com","robots":{"index":"index","follow":"follow","max-snippet":"max-snippet:-1","max-image-preview":"max-image-preview:large","max-video-preview":"max-video-preview:-1"},"canonical":"https:\/\/potenciaradiofonicadominicana.com\/portal\/fao-admite-error-al-igualar-a-colombia-con-haiti-en-inseguridad-alimentaria\/","og_locale":"es_ES","og_type":"article","og_title":"FAO admite error al igualar a Colombia con Hait\u00ed en inseguridad alimentaria - PotenciaRadiofonicaDominicana.com","og_description":"La Organizaci\u00f3n de las Naciones Unidas para la\u00a0Alimentaci\u00f3n\u00a0y la Agricultura (FAO) admiti\u00f3 errores en su informe en el que sit\u00faa ...","og_url":"https:\/\/potenciaradiofonicadominicana.com\/portal\/fao-admite-error-al-igualar-a-colombia-con-haiti-en-inseguridad-alimentaria\/","og_site_name":"PotenciaRadiofonicaDominicana.com","article_publisher":"https:\/\/web.facebook.com\/PotenciaRadiofonicaD","article_published_time":"2022-02-01T21:36:19+00:00","og_image":[{"width":408,"height":253,"url":"https:\/\/potenciaradiofonicadominicana.com\/portal\/wp-content\/uploads\/2022\/02\/bandera-colombiana-04b60b5e-focus-0-0-895-573.jpg","type":"image\/jpeg"}],"author":"Potencia Radiof\u00f3nica Dominicana","twitter_card":"summary_large_image","twitter_misc":{"Escrito por":"Potencia Radiof\u00f3nica Dominicana","Tiempo de lectura":"1 minuto"},"schema":{"@context":"https:\/\/schema.org","@graph":[{"@type":"Article","@id":"https:\/\/potenciaradiofonicadominicana.com\/portal\/fao-admite-error-al-igualar-a-colombia-con-haiti-en-inseguridad-alimentaria\/#article","isPartOf":{"@id":"https:\/\/potenciaradiofonicadominicana.com\/portal\/fao-admite-error-al-igualar-a-colombia-con-haiti-en-inseguridad-alimentaria\/"},"author":{"name":"Potencia Radiof\u00f3nica Dominicana","@id":"https:\/\/potenciaradiofonicadominicana.com\/portal\/#\/schema\/person\/a5cf1fea13877803ee0573ac18b03490"},"headline":"FAO admite error al igualar a Colombia con Hait\u00ed en inseguridad alimentaria","datePublished":"2022-02-01T21:36:19+00:00","mainEntityOfPage":{"@id":"https:\/\/potenciaradiofonicadominicana.com\/portal\/fao-admite-error-al-igualar-a-colombia-con-haiti-en-inseguridad-alimentaria\/"},"wordCount":311,"commentCount":0,"publisher":{"@id":"https:\/\/potenciaradiofonicadominicana.com\/portal\/#organization"},"image":{"@id":"https:\/\/potenciaradiofonicadominicana.com\/portal\/fao-admite-error-al-igualar-a-colombia-con-haiti-en-inseguridad-alimentaria\/#primaryimage"},"thumbnailUrl":"https:\/\/potenciaradiofonicadominicana.com\/portal\/wp-content\/uploads\/2022\/02\/bandera-colombiana-04b60b5e-focus-0-0-895-573.jpg","articleSection":["Econom\u00eda"],"inLanguage":"es","potentialAction":[{"@type":"CommentAction","name":"Comment","target":["https:\/\/potenciaradiofonicadominicana.com\/portal\/fao-admite-error-al-igualar-a-colombia-con-haiti-en-inseguridad-alimentaria\/#respond"]}]},{"@type":"WebPage","@id":"https:\/\/potenciaradiofonicadominicana.com\/portal\/fao-admite-error-al-igualar-a-colombia-con-haiti-en-inseguridad-alimentaria\/","url":"https:\/\/potenciaradiofonicadominicana.com\/portal\/fao-admite-error-al-igualar-a-colombia-con-haiti-en-inseguridad-alimentaria\/","name":"FAO admite error al igualar a Colombia con Hait\u00ed en inseguridad alimentaria - PotenciaRadiofonicaDominicana.com","isPartOf":{"@id":"https:\/\/potenciaradiofonicadominicana.com\/portal\/#website"},"primaryImageOfPage":{"@id":"https:\/\/potenciaradiofonicadominicana.com\/portal\/fao-admite-error-al-igualar-a-colombia-con-haiti-en-inseguridad-alimentaria\/#primaryimage"},"image":{"@id":"https:\/\/potenciaradiofonicadominicana.com\/portal\/fao-admite-error-al-igualar-a-colombia-con-haiti-en-inseguridad-alimentaria\/#primaryimage"},"thumbnailUrl":"https:\/\/potenciaradiofonicadominicana.com\/portal\/wp-content\/uploads\/2022\/02\/bandera-colombiana-04b60b5e-focus-0-0-895-573.jpg","datePublished":"2022-02-01T21:36:19+00:00","breadcrumb":{"@id":"https:\/\/potenciaradiofonicadominicana.com\/portal\/fao-admite-error-al-igualar-a-colombia-con-haiti-en-inseguridad-alimentaria\/#breadcrumb"},"inLanguage":"es","potentialAction":[{"@type":"ReadAction","target":["https:\/\/potenciaradiofonicadominicana.com\/portal\/fao-admite-error-al-igualar-a-colombia-con-haiti-en-inseguridad-alimentaria\/"]}]},{"@type":"ImageObject","inLanguage":"es","@id":"https:\/\/potenciaradiofonicadominicana.com\/portal\/fao-admite-error-al-igualar-a-colombia-con-haiti-en-inseguridad-alimentaria\/#primaryimage","url":"https:\/\/potenciaradiofonicadominicana.com\/portal\/wp-content\/uploads\/2022\/02\/bandera-colombiana-04b60b5e-focus-0-0-895-573.jpg","contentUrl":"https:\/\/potenciaradiofonicadominicana.com\/portal\/wp-content\/uploads\/2022\/02\/bandera-colombiana-04b60b5e-focus-0-0-895-573.jpg","width":408,"height":253},{"@type":"BreadcrumbList","@id":"https:\/\/potenciaradiofonicadominicana.com\/portal\/fao-admite-error-al-igualar-a-colombia-con-haiti-en-inseguridad-alimentaria\/#breadcrumb","itemListElement":[{"@type":"ListItem","position":1,"name":"Portada","item":"https:\/\/potenciaradiofonicadominicana.com\/portal\/"},{"@type":"ListItem","position":2,"name":"FAO admite error al igualar a Colombia con Hait\u00ed en inseguridad alimentaria"}]},{"@type":"WebSite","@id":"https:\/\/potenciaradiofonicadominicana.com\/portal\/#website","url":"https:\/\/potenciaradiofonicadominicana.com\/portal\/","name":"PotenciaRadiofonicaDominicana.com","description":"Peri\u00f3dico Digital","publisher":{"@id":"https:\/\/potenciaradiofonicadominicana.com\/portal\/#organization"},"potentialAction":[{"@type":"SearchAction","target":{"@type":"EntryPoint","urlTemplate":"https:\/\/potenciaradiofonicadominicana.com\/portal\/?s={search_term_string}"},"query-input":{"@type":"PropertyValueSpecification","valueRequired":true,"valueName":"search_term_string"}}],"inLanguage":"es"},{"@type":"Organization","@id":"https:\/\/potenciaradiofonicadominicana.com\/portal\/#organization","name":"PotenciaRadiofonicaDominicana.com","url":"https:\/\/potenciaradiofonicadominicana.com\/portal\/","logo":{"@type":"ImageObject","inLanguage":"es","@id":"https:\/\/potenciaradiofonicadominicana.com\/portal\/#\/schema\/logo\/image\/","url":"https:\/\/potenciaradiofonicadominicana.com\/portal\/wp-content\/uploads\/2022\/01\/descarga.png","contentUrl":"https:\/\/potenciaradiofonicadominicana.com\/portal\/wp-content\/uploads\/2022\/01\/descarga.png","width":300,"height":100,"caption":"PotenciaRadiofonicaDominicana.com"},"image":{"@id":"https:\/\/potenciaradiofonicadominicana.com\/portal\/#\/schema\/logo\/image\/"},"sameAs":["https:\/\/web.facebook.com\/PotenciaRadiofonicaD"]},{"@type":"Person","@id":"https:\/\/potenciaradiofonicadominicana.com\/portal\/#\/schema\/person\/a5cf1fea13877803ee0573ac18b03490","name":"Potencia Radiof\u00f3nica Dominicana","image":{"@type":"ImageObject","inLanguage":"es","@id":"https:\/\/potenciaradiofonicadominicana.com\/portal\/#\/schema\/person\/image\/","url":"https:\/\/secure.gravatar.com\/avatar\/42a55ab9e8ccc656ba34cd791990602a?s=96&d=mm&r=g","contentUrl":"https:\/\/secure.gravatar.com\/avatar\/42a55ab9e8ccc656ba34cd791990602a?s=96&d=mm&r=g","caption":"Potencia Radiof\u00f3nica Dominicana"},"url":"https:\/\/potenciaradiofonicadominicana.com\/portal\/author\/johannyalmanzar\/"}]}},"_links":{"self":[{"href":"https:\/\/potenciaradiofonicadominicana.com\/portal\/wp-json\/wp\/v2\/posts\/114753","targetHints":{"allow":["GET"]}}],"collection":[{"href":"https:\/\/potenciaradiofonicadominicana.com\/portal\/wp-json\/wp\/v2\/posts"}],"about":[{"href":"https:\/\/potenciaradiofonicadominicana.com\/portal\/wp-json\/wp\/v2\/types\/post"}],"author":[{"embeddable":true,"href":"https:\/\/potenciaradiofonicadominicana.com\/portal\/wp-json\/wp\/v2\/users\/2"}],"replies":[{"embeddable":true,"href":"https:\/\/potenciaradiofonicadominicana.com\/portal\/wp-json\/wp\/v2\/comments?post=114753"}],"version-history":[{"count":1,"href":"https:\/\/potenciaradiofonicadominicana.com\/portal\/wp-json\/wp\/v2\/posts\/114753\/revisions"}],"predecessor-version":[{"id":114762,"href":"https:\/\/potenciaradiofonicadominicana.com\/portal\/wp-json\/wp\/v2\/posts\/114753\/revisions\/114762"}],"wp:featuredmedia":[{"embeddable":true,"href":"https:\/\/potenciaradiofonicadominicana.com\/portal\/wp-json\/wp\/v2\/media\/114757"}],"wp:attachment":[{"href":"https:\/\/potenciaradiofonicadominicana.com\/portal\/wp-json\/wp\/v2\/media?parent=114753"}],"wp:term":[{"taxonomy":"category","embeddable":true,"href":"https:\/\/potenciaradiofonicadominicana.com\/portal\/wp-json\/wp\/v2\/categories?post=114753"},{"taxonomy":"post_tag","embeddable":true,"href":"https:\/\/potenciaradiofonicadominicana.com\/portal\/wp-json\/wp\/v2\/tags?post=114753"}],"curies":[{"name":"wp","href":"https:\/\/api.w.org\/{rel}","templated":true}]}}