{"id":114745,"date":"2022-02-01T17:32:04","date_gmt":"2022-02-01T21:32:04","guid":{"rendered":"https:\/\/potenciaradiofonicadominicana.com\/portal\/?p=114745"},"modified":"2022-02-01T17:32:04","modified_gmt":"2022-02-01T21:32:04","slug":"economia-de-mexico-entra-en-recesion-tecnica","status":"publish","type":"post","link":"https:\/\/potenciaradiofonicadominicana.com\/portal\/economia-de-mexico-entra-en-recesion-tecnica\/","title":{"rendered":"Econom\u00eda de M\u00e9xico entra en recesi\u00f3n t\u00e9cnica"},"content":{"rendered":"<p><a href=\"https:\/\/potenciaradiofonicadominicana.com\/portal\/wp-content\/uploads\/2022\/02\/202202010045591.jpeg\"><img loading=\"lazy\" decoding=\"async\" class=\"alignnone size-full wp-image-114748\" src=\"https:\/\/potenciaradiofonicadominicana.com\/portal\/wp-content\/uploads\/2022\/02\/202202010045591.jpeg\" alt=\"\" width=\"680\" height=\"453\" srcset=\"https:\/\/potenciaradiofonicadominicana.com\/portal\/wp-content\/uploads\/2022\/02\/202202010045591.jpeg 680w, https:\/\/potenciaradiofonicadominicana.com\/portal\/wp-content\/uploads\/2022\/02\/202202010045591-300x200.jpeg 300w\" sizes=\"auto, (max-width: 680px) 100vw, 680px\" \/><\/a><\/p>\n<p>La econom\u00eda de M\u00e9xico entr\u00f3 en recesi\u00f3n t\u00e9cnica luego de registrar ca\u00eddas consecutivas en el tercer y cuarto trimestre de 2021 debido al impacto de la pandemia, que afect\u00f3 sectores clave como los servicios y el comercio, aunque eso no evit\u00f3 que la econom\u00eda cerrase el a\u00f1o con una activaci\u00f3n de 5%.<\/p>\n<p>El estancamiento registrado en la segunda mitad del a\u00f1o pasado hace prever a los analistas que por lo menos en el primer trimestre de 2022 se mantendr\u00e1 el comportamiento desfavorable de la econom\u00eda mexicana ante el repunte del coronavirus y la d\u00e9bil inversi\u00f3n productiva, situaci\u00f3n que se agrava por la aceleraci\u00f3n de inflaci\u00f3n que est\u00e1 golpeando a los mayoritarios sectores pobres.<\/p>\n<p>Entre octubre y diciembre, la segunda mayor econom\u00eda de Latinoam\u00e9rica sufri\u00f3 una contracci\u00f3n de 0,1%, en comparaci\u00f3n con el per\u00edodo previo, acumulando as\u00ed dos trimestres consecutivos de ca\u00eddas, de acuerdo con las cifras que difundi\u00f3 el lunes el Instituto Nacional de Estad\u00edstica y Geograf\u00eda (INEGI). Entre julio y septiembre, el aparato productivo tuvo un retroceso de 0,4%.<\/p>\n<p>Las ca\u00eddas registradas de julio a septiembre llevaron a algunos analistas a afirmar que M\u00e9xico entr\u00f3 en un per\u00edodo de estancamiento, y que la recuperaci\u00f3n de este a\u00f1o ser\u00e1 m\u00e1s lenta de lo esperado debido a la pandemia y las limitaciones que a\u00fan persisten en algunas cadenas de producci\u00f3n que est\u00e1n afectando la oferta de ciertos bienes y servicios.<\/p>\n<p>\u201cLa econom\u00eda volvi\u00f3 a desilusionar ya que continu\u00f3 sin fuerzas para remontar el crecimiento\u201d, afirm\u00f3 Alfredo Couti\u00f1o, director de an\u00e1lisis para Am\u00e9rica Latina de la firma Moody\u00b4s Analytics, al reconocer que el aparato productivo mexicano \u201centr\u00f3 en recesi\u00f3n t\u00e9cnica\u201d al cierre del cuarto trimestre.<\/p>\n<p>La afirmaci\u00f3n de que M\u00e9xico entr\u00f3 en un per\u00edodo de recesi\u00f3n t\u00e9cnica o estancamiento, que se refiere a un decrecimiento de la econom\u00eda durante dos trimestres consecutivos, gener\u00f3 posiciones encontradas. Mientras algunos analistas afirmaron que s\u00ed se pod\u00eda hablar de recesi\u00f3n t\u00e9cnica debido a que la contracci\u00f3n se dio durante toda la segunda mitad del 2021, otros expresaron dudas alegando que la ca\u00edda no fue tan profunda y no fue generalizada debido a que s\u00f3lo afect\u00f3 al sector terciario.<\/p>\n<p>La directora de an\u00e1lisis econ\u00f3mico del grupo financiero local Banco Base, Gabriela Siller, dijo a la AP que el comportamiento negativo del Producto Interno Bruto en la segunda mitad de 2021 estuvo asociado a la cautela ante la cuarta ola del coronavirus, los efectos de la reforma outsourcing, la alta inflaci\u00f3n, la incertidumbre sobre la pol\u00edtica econ\u00f3mica y las disrupciones en las cadenas de suministro a nivel global.<\/p>\n<p>\u201cEs evidente el estancamiento econ\u00f3mico\u201d, afirm\u00f3 Siller, y agreg\u00f3 que es muy probable la recesi\u00f3n se extienda durante el primer trimestre de 2022.<\/p>\n<p>El desempe\u00f1o negativo del cuarto trimestre de 2021 estuvo asociado a la contracci\u00f3n de 0,7% del sector terciario, que engloba turismo, comercio, comunicaciones, servicios y transporte, mientras que los sectores primario y secundario \u2014que incluyen agricultura, ganader\u00eda, pesca, petr\u00f3leo y el rubro minero\u2014 mostraron tasas de crecimiento de 0,3% y 0,4%.<\/p>\n<p>El crecimiento de 5% en 2021 fue considerado por los analistas como un \u201crebote\u201d luego de la ca\u00edda de 8,4% que tuvo la econom\u00eda mexicana en 2020 debido a la crisis mundial generada por el coronavirus.<\/p>\n<p>Couti\u00f1o dijo en su informe que la segunda mayor econom\u00eda de Latinoam\u00e9rica \u201csufre no solo de p\u00e9rdida de capacidad productiva, dada la anemia de inversi\u00f3n, sino tambi\u00e9n de las secuelas por no haber utilizado la pol\u00edtica fiscal para mitigar los efectos de la pandemia\u201d.<\/p>\n<p>El Fondo Monetario Internacional estim\u00f3 que la econom\u00eda mexicana crecer\u00e1 este a\u00f1o 2,8% mientras que algunos analistas prev\u00e9n que la recuperaci\u00f3n podr\u00eda moverse entre 1,5% y 2,7% y que se tardar\u00e1n al menos dos a\u00f1os para que se alcance los niveles previos a la pandemia.<\/p>\n<p>En medio de este escenario surge la inc\u00f3gnita sobre si el Banco de M\u00e9xico mantendr\u00e1 la pol\u00edtica monetaria restrictiva de alza de las tasas de inter\u00e9s para frenar la aceleraci\u00f3n de la inflaci\u00f3n, lo que genera impactos sobre el aparato productivo, o si habr\u00e1 cambios para contribuir a la recuperaci\u00f3n de la econom\u00eda. El organismo monetario elev\u00f3 en diciembre la tasa de inter\u00e9s interbancaria a 5,5%, el quinto incremento consecutivo desde junio, en un intento por contener el avance de los precios que se est\u00e1 registrado especialmente en alimentos b\u00e1sicos de la dieta de los mexicanos como el lim\u00f3n, el aguacate, la tortilla y el pollo.<\/p>\n<p>El subsecretario de Hacienda, Gabriel Yorio, afirm\u00f3 la semana pasada que la econom\u00eda mexicana continuar\u00e1 recuper\u00e1ndose durante 2022, pero admiti\u00f3 que la activaci\u00f3n \u201cser\u00e1 limitada por estos choques de oferta\u201d.<\/p>\n<p>\u201cVamos a seguir viendo los impactos que generen las olas de COVID-19 o las nuevas variantes, eso se va a reflejar tambi\u00e9n en la actividad econ\u00f3mica\u201d, expres\u00f3 Yorio en declaraciones a la prensa.<\/p>\n<p>M\u00e9xico enfrenta el per\u00edodo recesivo en medio de una aceleraci\u00f3n de la inflaci\u00f3n, que cerr\u00f3 el a\u00f1o pasado en 7,36%, situaci\u00f3n que ha sumergido al pa\u00eds en un proceso de \u201cestanflaci\u00f3n\u201d que no se ve\u00eda desde la d\u00e9cada de los 80, precis\u00f3 Siller.<\/p>\n","protected":false},"excerpt":{"rendered":"<p>La econom\u00eda de M\u00e9xico entr\u00f3 en recesi\u00f3n t\u00e9cnica luego de registrar ca\u00eddas consecutivas en el tercer y cuarto trimestre de &#8230;<\/p>\n","protected":false},"author":2,"featured_media":114748,"comment_status":"open","ping_status":"open","sticky":false,"template":"","format":"standard","meta":{"footnotes":""},"categories":[26],"tags":[],"class_list":["post-114745","post","type-post","status-publish","format-standard","has-post-thumbnail","hentry","category-economia"],"yoast_head":"<!-- This site is optimized with the Yoast SEO plugin v24.8.1 - https:\/\/yoast.com\/wordpress\/plugins\/seo\/ -->\n<title>Econom\u00eda de M\u00e9xico entra en recesi\u00f3n t\u00e9cnica - PotenciaRadiofonicaDominicana.com<\/title>\n<meta name=\"robots\" content=\"index, follow, max-snippet:-1, max-image-preview:large, max-video-preview:-1\" \/>\n<link rel=\"canonical\" href=\"https:\/\/potenciaradiofonicadominicana.com\/portal\/economia-de-mexico-entra-en-recesion-tecnica\/\" \/>\n<meta property=\"og:locale\" content=\"es_ES\" \/>\n<meta property=\"og:type\" content=\"article\" \/>\n<meta property=\"og:title\" content=\"Econom\u00eda de M\u00e9xico entra en recesi\u00f3n t\u00e9cnica - PotenciaRadiofonicaDominicana.com\" \/>\n<meta property=\"og:description\" content=\"La econom\u00eda de M\u00e9xico entr\u00f3 en recesi\u00f3n t\u00e9cnica luego de registrar ca\u00eddas consecutivas en el tercer y cuarto trimestre de ...\" \/>\n<meta property=\"og:url\" content=\"https:\/\/potenciaradiofonicadominicana.com\/portal\/economia-de-mexico-entra-en-recesion-tecnica\/\" \/>\n<meta property=\"og:site_name\" content=\"PotenciaRadiofonicaDominicana.com\" \/>\n<meta property=\"article:publisher\" content=\"https:\/\/web.facebook.com\/PotenciaRadiofonicaD\" \/>\n<meta property=\"article:published_time\" content=\"2022-02-01T21:32:04+00:00\" \/>\n<meta property=\"og:image\" content=\"https:\/\/potenciaradiofonicadominicana.com\/portal\/wp-content\/uploads\/2022\/02\/202202010045591.jpeg\" \/>\n\t<meta property=\"og:image:width\" content=\"680\" \/>\n\t<meta property=\"og:image:height\" content=\"453\" \/>\n\t<meta property=\"og:image:type\" content=\"image\/jpeg\" \/>\n<meta name=\"author\" content=\"Potencia Radiof\u00f3nica Dominicana\" \/>\n<meta name=\"twitter:card\" content=\"summary_large_image\" \/>\n<meta name=\"twitter:label1\" content=\"Escrito por\" \/>\n\t<meta name=\"twitter:data1\" content=\"Potencia Radiof\u00f3nica Dominicana\" \/>\n\t<meta name=\"twitter:label2\" content=\"Tiempo de lectura\" \/>\n\t<meta name=\"twitter:data2\" content=\"5 minutos\" \/>\n<script type=\"application\/ld+json\" class=\"yoast-schema-graph\">{\"@context\":\"https:\/\/schema.org\",\"@graph\":[{\"@type\":\"Article\",\"@id\":\"https:\/\/potenciaradiofonicadominicana.com\/portal\/economia-de-mexico-entra-en-recesion-tecnica\/#article\",\"isPartOf\":{\"@id\":\"https:\/\/potenciaradiofonicadominicana.com\/portal\/economia-de-mexico-entra-en-recesion-tecnica\/\"},\"author\":{\"name\":\"Potencia Radiof\u00f3nica Dominicana\",\"@id\":\"https:\/\/potenciaradiofonicadominicana.com\/portal\/#\/schema\/person\/a5cf1fea13877803ee0573ac18b03490\"},\"headline\":\"Econom\u00eda de M\u00e9xico entra en recesi\u00f3n t\u00e9cnica\",\"datePublished\":\"2022-02-01T21:32:04+00:00\",\"mainEntityOfPage\":{\"@id\":\"https:\/\/potenciaradiofonicadominicana.com\/portal\/economia-de-mexico-entra-en-recesion-tecnica\/\"},\"wordCount\":923,\"commentCount\":0,\"publisher\":{\"@id\":\"https:\/\/potenciaradiofonicadominicana.com\/portal\/#organization\"},\"image\":{\"@id\":\"https:\/\/potenciaradiofonicadominicana.com\/portal\/economia-de-mexico-entra-en-recesion-tecnica\/#primaryimage\"},\"thumbnailUrl\":\"https:\/\/potenciaradiofonicadominicana.com\/portal\/wp-content\/uploads\/2022\/02\/202202010045591.jpeg\",\"articleSection\":[\"Econom\u00eda\"],\"inLanguage\":\"es\",\"potentialAction\":[{\"@type\":\"CommentAction\",\"name\":\"Comment\",\"target\":[\"https:\/\/potenciaradiofonicadominicana.com\/portal\/economia-de-mexico-entra-en-recesion-tecnica\/#respond\"]}]},{\"@type\":\"WebPage\",\"@id\":\"https:\/\/potenciaradiofonicadominicana.com\/portal\/economia-de-mexico-entra-en-recesion-tecnica\/\",\"url\":\"https:\/\/potenciaradiofonicadominicana.com\/portal\/economia-de-mexico-entra-en-recesion-tecnica\/\",\"name\":\"Econom\u00eda de M\u00e9xico entra en recesi\u00f3n t\u00e9cnica - PotenciaRadiofonicaDominicana.com\",\"isPartOf\":{\"@id\":\"https:\/\/potenciaradiofonicadominicana.com\/portal\/#website\"},\"primaryImageOfPage\":{\"@id\":\"https:\/\/potenciaradiofonicadominicana.com\/portal\/economia-de-mexico-entra-en-recesion-tecnica\/#primaryimage\"},\"image\":{\"@id\":\"https:\/\/potenciaradiofonicadominicana.com\/portal\/economia-de-mexico-entra-en-recesion-tecnica\/#primaryimage\"},\"thumbnailUrl\":\"https:\/\/potenciaradiofonicadominicana.com\/portal\/wp-content\/uploads\/2022\/02\/202202010045591.jpeg\",\"datePublished\":\"2022-02-01T21:32:04+00:00\",\"breadcrumb\":{\"@id\":\"https:\/\/potenciaradiofonicadominicana.com\/portal\/economia-de-mexico-entra-en-recesion-tecnica\/#breadcrumb\"},\"inLanguage\":\"es\",\"potentialAction\":[{\"@type\":\"ReadAction\",\"target\":[\"https:\/\/potenciaradiofonicadominicana.com\/portal\/economia-de-mexico-entra-en-recesion-tecnica\/\"]}]},{\"@type\":\"ImageObject\",\"inLanguage\":\"es\",\"@id\":\"https:\/\/potenciaradiofonicadominicana.com\/portal\/economia-de-mexico-entra-en-recesion-tecnica\/#primaryimage\",\"url\":\"https:\/\/potenciaradiofonicadominicana.com\/portal\/wp-content\/uploads\/2022\/02\/202202010045591.jpeg\",\"contentUrl\":\"https:\/\/potenciaradiofonicadominicana.com\/portal\/wp-content\/uploads\/2022\/02\/202202010045591.jpeg\",\"width\":680,\"height\":453},{\"@type\":\"BreadcrumbList\",\"@id\":\"https:\/\/potenciaradiofonicadominicana.com\/portal\/economia-de-mexico-entra-en-recesion-tecnica\/#breadcrumb\",\"itemListElement\":[{\"@type\":\"ListItem\",\"position\":1,\"name\":\"Portada\",\"item\":\"https:\/\/potenciaradiofonicadominicana.com\/portal\/\"},{\"@type\":\"ListItem\",\"position\":2,\"name\":\"Econom\u00eda de M\u00e9xico entra en recesi\u00f3n t\u00e9cnica\"}]},{\"@type\":\"WebSite\",\"@id\":\"https:\/\/potenciaradiofonicadominicana.com\/portal\/#website\",\"url\":\"https:\/\/potenciaradiofonicadominicana.com\/portal\/\",\"name\":\"PotenciaRadiofonicaDominicana.com\",\"description\":\"Peri\u00f3dico Digital\",\"publisher\":{\"@id\":\"https:\/\/potenciaradiofonicadominicana.com\/portal\/#organization\"},\"potentialAction\":[{\"@type\":\"SearchAction\",\"target\":{\"@type\":\"EntryPoint\",\"urlTemplate\":\"https:\/\/potenciaradiofonicadominicana.com\/portal\/?s={search_term_string}\"},\"query-input\":{\"@type\":\"PropertyValueSpecification\",\"valueRequired\":true,\"valueName\":\"search_term_string\"}}],\"inLanguage\":\"es\"},{\"@type\":\"Organization\",\"@id\":\"https:\/\/potenciaradiofonicadominicana.com\/portal\/#organization\",\"name\":\"PotenciaRadiofonicaDominicana.com\",\"url\":\"https:\/\/potenciaradiofonicadominicana.com\/portal\/\",\"logo\":{\"@type\":\"ImageObject\",\"inLanguage\":\"es\",\"@id\":\"https:\/\/potenciaradiofonicadominicana.com\/portal\/#\/schema\/logo\/image\/\",\"url\":\"https:\/\/potenciaradiofonicadominicana.com\/portal\/wp-content\/uploads\/2022\/01\/descarga.png\",\"contentUrl\":\"https:\/\/potenciaradiofonicadominicana.com\/portal\/wp-content\/uploads\/2022\/01\/descarga.png\",\"width\":300,\"height\":100,\"caption\":\"PotenciaRadiofonicaDominicana.com\"},\"image\":{\"@id\":\"https:\/\/potenciaradiofonicadominicana.com\/portal\/#\/schema\/logo\/image\/\"},\"sameAs\":[\"https:\/\/web.facebook.com\/PotenciaRadiofonicaD\"]},{\"@type\":\"Person\",\"@id\":\"https:\/\/potenciaradiofonicadominicana.com\/portal\/#\/schema\/person\/a5cf1fea13877803ee0573ac18b03490\",\"name\":\"Potencia Radiof\u00f3nica Dominicana\",\"image\":{\"@type\":\"ImageObject\",\"inLanguage\":\"es\",\"@id\":\"https:\/\/potenciaradiofonicadominicana.com\/portal\/#\/schema\/person\/image\/\",\"url\":\"https:\/\/secure.gravatar.com\/avatar\/42a55ab9e8ccc656ba34cd791990602a?s=96&d=mm&r=g\",\"contentUrl\":\"https:\/\/secure.gravatar.com\/avatar\/42a55ab9e8ccc656ba34cd791990602a?s=96&d=mm&r=g\",\"caption\":\"Potencia Radiof\u00f3nica Dominicana\"},\"url\":\"https:\/\/potenciaradiofonicadominicana.com\/portal\/author\/johannyalmanzar\/\"}]}<\/script>\n<!-- \/ Yoast SEO plugin. -->","yoast_head_json":{"title":"Econom\u00eda de M\u00e9xico entra en recesi\u00f3n t\u00e9cnica - PotenciaRadiofonicaDominicana.com","robots":{"index":"index","follow":"follow","max-snippet":"max-snippet:-1","max-image-preview":"max-image-preview:large","max-video-preview":"max-video-preview:-1"},"canonical":"https:\/\/potenciaradiofonicadominicana.com\/portal\/economia-de-mexico-entra-en-recesion-tecnica\/","og_locale":"es_ES","og_type":"article","og_title":"Econom\u00eda de M\u00e9xico entra en recesi\u00f3n t\u00e9cnica - PotenciaRadiofonicaDominicana.com","og_description":"La econom\u00eda de M\u00e9xico entr\u00f3 en recesi\u00f3n t\u00e9cnica luego de registrar ca\u00eddas consecutivas en el tercer y cuarto trimestre de ...","og_url":"https:\/\/potenciaradiofonicadominicana.com\/portal\/economia-de-mexico-entra-en-recesion-tecnica\/","og_site_name":"PotenciaRadiofonicaDominicana.com","article_publisher":"https:\/\/web.facebook.com\/PotenciaRadiofonicaD","article_published_time":"2022-02-01T21:32:04+00:00","og_image":[{"width":680,"height":453,"url":"https:\/\/potenciaradiofonicadominicana.com\/portal\/wp-content\/uploads\/2022\/02\/202202010045591.jpeg","type":"image\/jpeg"}],"author":"Potencia Radiof\u00f3nica Dominicana","twitter_card":"summary_large_image","twitter_misc":{"Escrito por":"Potencia Radiof\u00f3nica Dominicana","Tiempo de lectura":"5 minutos"},"schema":{"@context":"https:\/\/schema.org","@graph":[{"@type":"Article","@id":"https:\/\/potenciaradiofonicadominicana.com\/portal\/economia-de-mexico-entra-en-recesion-tecnica\/#article","isPartOf":{"@id":"https:\/\/potenciaradiofonicadominicana.com\/portal\/economia-de-mexico-entra-en-recesion-tecnica\/"},"author":{"name":"Potencia Radiof\u00f3nica Dominicana","@id":"https:\/\/potenciaradiofonicadominicana.com\/portal\/#\/schema\/person\/a5cf1fea13877803ee0573ac18b03490"},"headline":"Econom\u00eda de M\u00e9xico entra en recesi\u00f3n t\u00e9cnica","datePublished":"2022-02-01T21:32:04+00:00","mainEntityOfPage":{"@id":"https:\/\/potenciaradiofonicadominicana.com\/portal\/economia-de-mexico-entra-en-recesion-tecnica\/"},"wordCount":923,"commentCount":0,"publisher":{"@id":"https:\/\/potenciaradiofonicadominicana.com\/portal\/#organization"},"image":{"@id":"https:\/\/potenciaradiofonicadominicana.com\/portal\/economia-de-mexico-entra-en-recesion-tecnica\/#primaryimage"},"thumbnailUrl":"https:\/\/potenciaradiofonicadominicana.com\/portal\/wp-content\/uploads\/2022\/02\/202202010045591.jpeg","articleSection":["Econom\u00eda"],"inLanguage":"es","potentialAction":[{"@type":"CommentAction","name":"Comment","target":["https:\/\/potenciaradiofonicadominicana.com\/portal\/economia-de-mexico-entra-en-recesion-tecnica\/#respond"]}]},{"@type":"WebPage","@id":"https:\/\/potenciaradiofonicadominicana.com\/portal\/economia-de-mexico-entra-en-recesion-tecnica\/","url":"https:\/\/potenciaradiofonicadominicana.com\/portal\/economia-de-mexico-entra-en-recesion-tecnica\/","name":"Econom\u00eda de M\u00e9xico entra en recesi\u00f3n t\u00e9cnica - PotenciaRadiofonicaDominicana.com","isPartOf":{"@id":"https:\/\/potenciaradiofonicadominicana.com\/portal\/#website"},"primaryImageOfPage":{"@id":"https:\/\/potenciaradiofonicadominicana.com\/portal\/economia-de-mexico-entra-en-recesion-tecnica\/#primaryimage"},"image":{"@id":"https:\/\/potenciaradiofonicadominicana.com\/portal\/economia-de-mexico-entra-en-recesion-tecnica\/#primaryimage"},"thumbnailUrl":"https:\/\/potenciaradiofonicadominicana.com\/portal\/wp-content\/uploads\/2022\/02\/202202010045591.jpeg","datePublished":"2022-02-01T21:32:04+00:00","breadcrumb":{"@id":"https:\/\/potenciaradiofonicadominicana.com\/portal\/economia-de-mexico-entra-en-recesion-tecnica\/#breadcrumb"},"inLanguage":"es","potentialAction":[{"@type":"ReadAction","target":["https:\/\/potenciaradiofonicadominicana.com\/portal\/economia-de-mexico-entra-en-recesion-tecnica\/"]}]},{"@type":"ImageObject","inLanguage":"es","@id":"https:\/\/potenciaradiofonicadominicana.com\/portal\/economia-de-mexico-entra-en-recesion-tecnica\/#primaryimage","url":"https:\/\/potenciaradiofonicadominicana.com\/portal\/wp-content\/uploads\/2022\/02\/202202010045591.jpeg","contentUrl":"https:\/\/potenciaradiofonicadominicana.com\/portal\/wp-content\/uploads\/2022\/02\/202202010045591.jpeg","width":680,"height":453},{"@type":"BreadcrumbList","@id":"https:\/\/potenciaradiofonicadominicana.com\/portal\/economia-de-mexico-entra-en-recesion-tecnica\/#breadcrumb","itemListElement":[{"@type":"ListItem","position":1,"name":"Portada","item":"https:\/\/potenciaradiofonicadominicana.com\/portal\/"},{"@type":"ListItem","position":2,"name":"Econom\u00eda de M\u00e9xico entra en recesi\u00f3n t\u00e9cnica"}]},{"@type":"WebSite","@id":"https:\/\/potenciaradiofonicadominicana.com\/portal\/#website","url":"https:\/\/potenciaradiofonicadominicana.com\/portal\/","name":"PotenciaRadiofonicaDominicana.com","description":"Peri\u00f3dico Digital","publisher":{"@id":"https:\/\/potenciaradiofonicadominicana.com\/portal\/#organization"},"potentialAction":[{"@type":"SearchAction","target":{"@type":"EntryPoint","urlTemplate":"https:\/\/potenciaradiofonicadominicana.com\/portal\/?s={search_term_string}"},"query-input":{"@type":"PropertyValueSpecification","valueRequired":true,"valueName":"search_term_string"}}],"inLanguage":"es"},{"@type":"Organization","@id":"https:\/\/potenciaradiofonicadominicana.com\/portal\/#organization","name":"PotenciaRadiofonicaDominicana.com","url":"https:\/\/potenciaradiofonicadominicana.com\/portal\/","logo":{"@type":"ImageObject","inLanguage":"es","@id":"https:\/\/potenciaradiofonicadominicana.com\/portal\/#\/schema\/logo\/image\/","url":"https:\/\/potenciaradiofonicadominicana.com\/portal\/wp-content\/uploads\/2022\/01\/descarga.png","contentUrl":"https:\/\/potenciaradiofonicadominicana.com\/portal\/wp-content\/uploads\/2022\/01\/descarga.png","width":300,"height":100,"caption":"PotenciaRadiofonicaDominicana.com"},"image":{"@id":"https:\/\/potenciaradiofonicadominicana.com\/portal\/#\/schema\/logo\/image\/"},"sameAs":["https:\/\/web.facebook.com\/PotenciaRadiofonicaD"]},{"@type":"Person","@id":"https:\/\/potenciaradiofonicadominicana.com\/portal\/#\/schema\/person\/a5cf1fea13877803ee0573ac18b03490","name":"Potencia Radiof\u00f3nica Dominicana","image":{"@type":"ImageObject","inLanguage":"es","@id":"https:\/\/potenciaradiofonicadominicana.com\/portal\/#\/schema\/person\/image\/","url":"https:\/\/secure.gravatar.com\/avatar\/42a55ab9e8ccc656ba34cd791990602a?s=96&d=mm&r=g","contentUrl":"https:\/\/secure.gravatar.com\/avatar\/42a55ab9e8ccc656ba34cd791990602a?s=96&d=mm&r=g","caption":"Potencia Radiof\u00f3nica Dominicana"},"url":"https:\/\/potenciaradiofonicadominicana.com\/portal\/author\/johannyalmanzar\/"}]}},"_links":{"self":[{"href":"https:\/\/potenciaradiofonicadominicana.com\/portal\/wp-json\/wp\/v2\/posts\/114745","targetHints":{"allow":["GET"]}}],"collection":[{"href":"https:\/\/potenciaradiofonicadominicana.com\/portal\/wp-json\/wp\/v2\/posts"}],"about":[{"href":"https:\/\/potenciaradiofonicadominicana.com\/portal\/wp-json\/wp\/v2\/types\/post"}],"author":[{"embeddable":true,"href":"https:\/\/potenciaradiofonicadominicana.com\/portal\/wp-json\/wp\/v2\/users\/2"}],"replies":[{"embeddable":true,"href":"https:\/\/potenciaradiofonicadominicana.com\/portal\/wp-json\/wp\/v2\/comments?post=114745"}],"version-history":[{"count":1,"href":"https:\/\/potenciaradiofonicadominicana.com\/portal\/wp-json\/wp\/v2\/posts\/114745\/revisions"}],"predecessor-version":[{"id":114749,"href":"https:\/\/potenciaradiofonicadominicana.com\/portal\/wp-json\/wp\/v2\/posts\/114745\/revisions\/114749"}],"wp:featuredmedia":[{"embeddable":true,"href":"https:\/\/potenciaradiofonicadominicana.com\/portal\/wp-json\/wp\/v2\/media\/114748"}],"wp:attachment":[{"href":"https:\/\/potenciaradiofonicadominicana.com\/portal\/wp-json\/wp\/v2\/media?parent=114745"}],"wp:term":[{"taxonomy":"category","embeddable":true,"href":"https:\/\/potenciaradiofonicadominicana.com\/portal\/wp-json\/wp\/v2\/categories?post=114745"},{"taxonomy":"post_tag","embeddable":true,"href":"https:\/\/potenciaradiofonicadominicana.com\/portal\/wp-json\/wp\/v2\/tags?post=114745"}],"curies":[{"name":"wp","href":"https:\/\/api.w.org\/{rel}","templated":true}]}}