{"id":114735,"date":"2022-02-01T17:28:17","date_gmt":"2022-02-01T21:28:17","guid":{"rendered":"https:\/\/potenciaradiofonicadominicana.com\/portal\/?p=114735"},"modified":"2022-02-01T17:28:17","modified_gmt":"2022-02-01T21:28:17","slug":"a-partir-de-este-martes-la-renovacion-del-marbete-sera-con-recargo","status":"publish","type":"post","link":"https:\/\/potenciaradiofonicadominicana.com\/portal\/a-partir-de-este-martes-la-renovacion-del-marbete-sera-con-recargo\/","title":{"rendered":"A partir de este martes la renovaci\u00f3n del marbete ser\u00e1 con recargo"},"content":{"rendered":"<p><a href=\"https:\/\/potenciaradiofonicadominicana.com\/portal\/wp-content\/uploads\/2022\/02\/digesett-21f0403a-focus-0-0-895-573.jpg\"><img loading=\"lazy\" decoding=\"async\" class=\"alignnone size-full wp-image-114737\" src=\"https:\/\/potenciaradiofonicadominicana.com\/portal\/wp-content\/uploads\/2022\/02\/digesett-21f0403a-focus-0-0-895-573.jpg\" alt=\"\" width=\"693\" height=\"370\" srcset=\"https:\/\/potenciaradiofonicadominicana.com\/portal\/wp-content\/uploads\/2022\/02\/digesett-21f0403a-focus-0-0-895-573.jpg 693w, https:\/\/potenciaradiofonicadominicana.com\/portal\/wp-content\/uploads\/2022\/02\/digesett-21f0403a-focus-0-0-895-573-300x160.jpg 300w\" sizes=\"auto, (max-width: 693px) 100vw, 693px\" \/><\/a><\/p>\n<p>Este lunes se vence el plazo para que los propietarios de veh\u00edculos renueven el impuesto de circulaci\u00f3n vehicular (marbete), y desde ma\u00f1ana la renovaci\u00f3n deber\u00e1n realizarla pagando un recargo.<\/p>\n<p>La\u00a0Direcci\u00f3n General de Impuestos Internos\u00a0(DGII), tras comunicar que no habr\u00e1 pr\u00f3rroga, inform\u00f3 que el monto de las sanciones (recargo) por la no renovaci\u00f3n en el tiempo establecido se mantienen.<\/p>\n<p>En tal sentido, la\u00a0DGII\u00a0indic\u00f3 que el recargo ser\u00e1 de RD$2,000 a\u00a0veh\u00edculos\u00a0que no lo hagan antes del 31 de enero de 2022, RD$2,100 a los que no renovaron el\u00a0marbete\u00a02020-2021 y RD$3,100 a los que no renovaron el del 2019-2020 y a\u00f1os anteriores.<\/p>\n<p>Los conductores que transiten sin su\u00a0marbete\u00a0y sean sorprendidos por agentes de la Direcci\u00f3n General de Seguridad de Tr\u00e1nsito y Transporte Terrestre\u00a0(Digesett) ser\u00e1n fiscalizados.<\/p>\n<p>El per\u00edodo de renovaci\u00f3n del impuesto de circulaci\u00f3n se inici\u00f3 el pasado 2 de noviembre de 2021. El costo del\u00a0marbete\u00a0para\u00a0veh\u00edculos\u00a0fabricados hasta el 2016 es de RD$1,500 y RD$3,000 para unidades fabricadas de 2017, inclusive, en adelante.<\/p>\n<p>Para el actual per\u00edodo, Impuestos Internos se\u00f1al\u00f3 que 1,550,776 veh\u00edculos estaban h\u00e1biles para renovar, lo que representar\u00eda una recaudaci\u00f3n estimada de RD$2,381.7 millones.<\/p>\n","protected":false},"excerpt":{"rendered":"<p>Este lunes se vence el plazo para que los propietarios de veh\u00edculos renueven el impuesto de circulaci\u00f3n vehicular (marbete), y &#8230;<\/p>\n","protected":false},"author":2,"featured_media":114737,"comment_status":"open","ping_status":"open","sticky":false,"template":"","format":"standard","meta":{"footnotes":""},"categories":[26],"tags":[],"class_list":["post-114735","post","type-post","status-publish","format-standard","has-post-thumbnail","hentry","category-economia"],"yoast_head":"<!-- This site is optimized with the Yoast SEO plugin v24.8.1 - https:\/\/yoast.com\/wordpress\/plugins\/seo\/ -->\n<title>A partir de este martes la renovaci\u00f3n del marbete ser\u00e1 con recargo - PotenciaRadiofonicaDominicana.com<\/title>\n<meta name=\"robots\" content=\"index, follow, max-snippet:-1, max-image-preview:large, max-video-preview:-1\" \/>\n<link rel=\"canonical\" href=\"https:\/\/potenciaradiofonicadominicana.com\/portal\/a-partir-de-este-martes-la-renovacion-del-marbete-sera-con-recargo\/\" \/>\n<meta property=\"og:locale\" content=\"es_ES\" \/>\n<meta property=\"og:type\" content=\"article\" \/>\n<meta property=\"og:title\" content=\"A partir de este martes la renovaci\u00f3n del marbete ser\u00e1 con recargo - PotenciaRadiofonicaDominicana.com\" \/>\n<meta property=\"og:description\" content=\"Este lunes se vence el plazo para que los propietarios de veh\u00edculos renueven el impuesto de circulaci\u00f3n vehicular (marbete), y ...\" \/>\n<meta property=\"og:url\" content=\"https:\/\/potenciaradiofonicadominicana.com\/portal\/a-partir-de-este-martes-la-renovacion-del-marbete-sera-con-recargo\/\" \/>\n<meta property=\"og:site_name\" content=\"PotenciaRadiofonicaDominicana.com\" \/>\n<meta property=\"article:publisher\" content=\"https:\/\/web.facebook.com\/PotenciaRadiofonicaD\" \/>\n<meta property=\"article:published_time\" content=\"2022-02-01T21:28:17+00:00\" \/>\n<meta property=\"og:image\" content=\"https:\/\/potenciaradiofonicadominicana.com\/portal\/wp-content\/uploads\/2022\/02\/digesett-21f0403a-focus-0-0-895-573.jpg\" \/>\n\t<meta property=\"og:image:width\" content=\"693\" \/>\n\t<meta property=\"og:image:height\" content=\"370\" \/>\n\t<meta property=\"og:image:type\" content=\"image\/jpeg\" \/>\n<meta name=\"author\" content=\"Potencia Radiof\u00f3nica Dominicana\" \/>\n<meta name=\"twitter:card\" content=\"summary_large_image\" \/>\n<meta name=\"twitter:label1\" content=\"Escrito por\" \/>\n\t<meta name=\"twitter:data1\" content=\"Potencia Radiof\u00f3nica Dominicana\" \/>\n\t<meta name=\"twitter:label2\" content=\"Tiempo de lectura\" \/>\n\t<meta name=\"twitter:data2\" content=\"1 minuto\" \/>\n<script type=\"application\/ld+json\" class=\"yoast-schema-graph\">{\"@context\":\"https:\/\/schema.org\",\"@graph\":[{\"@type\":\"Article\",\"@id\":\"https:\/\/potenciaradiofonicadominicana.com\/portal\/a-partir-de-este-martes-la-renovacion-del-marbete-sera-con-recargo\/#article\",\"isPartOf\":{\"@id\":\"https:\/\/potenciaradiofonicadominicana.com\/portal\/a-partir-de-este-martes-la-renovacion-del-marbete-sera-con-recargo\/\"},\"author\":{\"name\":\"Potencia Radiof\u00f3nica Dominicana\",\"@id\":\"https:\/\/potenciaradiofonicadominicana.com\/portal\/#\/schema\/person\/a5cf1fea13877803ee0573ac18b03490\"},\"headline\":\"A partir de este martes la renovaci\u00f3n del marbete ser\u00e1 con recargo\",\"datePublished\":\"2022-02-01T21:28:17+00:00\",\"mainEntityOfPage\":{\"@id\":\"https:\/\/potenciaradiofonicadominicana.com\/portal\/a-partir-de-este-martes-la-renovacion-del-marbete-sera-con-recargo\/\"},\"wordCount\":225,\"commentCount\":0,\"publisher\":{\"@id\":\"https:\/\/potenciaradiofonicadominicana.com\/portal\/#organization\"},\"image\":{\"@id\":\"https:\/\/potenciaradiofonicadominicana.com\/portal\/a-partir-de-este-martes-la-renovacion-del-marbete-sera-con-recargo\/#primaryimage\"},\"thumbnailUrl\":\"https:\/\/potenciaradiofonicadominicana.com\/portal\/wp-content\/uploads\/2022\/02\/digesett-21f0403a-focus-0-0-895-573.jpg\",\"articleSection\":[\"Econom\u00eda\"],\"inLanguage\":\"es\",\"potentialAction\":[{\"@type\":\"CommentAction\",\"name\":\"Comment\",\"target\":[\"https:\/\/potenciaradiofonicadominicana.com\/portal\/a-partir-de-este-martes-la-renovacion-del-marbete-sera-con-recargo\/#respond\"]}]},{\"@type\":\"WebPage\",\"@id\":\"https:\/\/potenciaradiofonicadominicana.com\/portal\/a-partir-de-este-martes-la-renovacion-del-marbete-sera-con-recargo\/\",\"url\":\"https:\/\/potenciaradiofonicadominicana.com\/portal\/a-partir-de-este-martes-la-renovacion-del-marbete-sera-con-recargo\/\",\"name\":\"A partir de este martes la renovaci\u00f3n del marbete ser\u00e1 con recargo - PotenciaRadiofonicaDominicana.com\",\"isPartOf\":{\"@id\":\"https:\/\/potenciaradiofonicadominicana.com\/portal\/#website\"},\"primaryImageOfPage\":{\"@id\":\"https:\/\/potenciaradiofonicadominicana.com\/portal\/a-partir-de-este-martes-la-renovacion-del-marbete-sera-con-recargo\/#primaryimage\"},\"image\":{\"@id\":\"https:\/\/potenciaradiofonicadominicana.com\/portal\/a-partir-de-este-martes-la-renovacion-del-marbete-sera-con-recargo\/#primaryimage\"},\"thumbnailUrl\":\"https:\/\/potenciaradiofonicadominicana.com\/portal\/wp-content\/uploads\/2022\/02\/digesett-21f0403a-focus-0-0-895-573.jpg\",\"datePublished\":\"2022-02-01T21:28:17+00:00\",\"breadcrumb\":{\"@id\":\"https:\/\/potenciaradiofonicadominicana.com\/portal\/a-partir-de-este-martes-la-renovacion-del-marbete-sera-con-recargo\/#breadcrumb\"},\"inLanguage\":\"es\",\"potentialAction\":[{\"@type\":\"ReadAction\",\"target\":[\"https:\/\/potenciaradiofonicadominicana.com\/portal\/a-partir-de-este-martes-la-renovacion-del-marbete-sera-con-recargo\/\"]}]},{\"@type\":\"ImageObject\",\"inLanguage\":\"es\",\"@id\":\"https:\/\/potenciaradiofonicadominicana.com\/portal\/a-partir-de-este-martes-la-renovacion-del-marbete-sera-con-recargo\/#primaryimage\",\"url\":\"https:\/\/potenciaradiofonicadominicana.com\/portal\/wp-content\/uploads\/2022\/02\/digesett-21f0403a-focus-0-0-895-573.jpg\",\"contentUrl\":\"https:\/\/potenciaradiofonicadominicana.com\/portal\/wp-content\/uploads\/2022\/02\/digesett-21f0403a-focus-0-0-895-573.jpg\",\"width\":693,\"height\":370},{\"@type\":\"BreadcrumbList\",\"@id\":\"https:\/\/potenciaradiofonicadominicana.com\/portal\/a-partir-de-este-martes-la-renovacion-del-marbete-sera-con-recargo\/#breadcrumb\",\"itemListElement\":[{\"@type\":\"ListItem\",\"position\":1,\"name\":\"Portada\",\"item\":\"https:\/\/potenciaradiofonicadominicana.com\/portal\/\"},{\"@type\":\"ListItem\",\"position\":2,\"name\":\"A partir de este martes la renovaci\u00f3n del marbete ser\u00e1 con recargo\"}]},{\"@type\":\"WebSite\",\"@id\":\"https:\/\/potenciaradiofonicadominicana.com\/portal\/#website\",\"url\":\"https:\/\/potenciaradiofonicadominicana.com\/portal\/\",\"name\":\"PotenciaRadiofonicaDominicana.com\",\"description\":\"Peri\u00f3dico Digital\",\"publisher\":{\"@id\":\"https:\/\/potenciaradiofonicadominicana.com\/portal\/#organization\"},\"potentialAction\":[{\"@type\":\"SearchAction\",\"target\":{\"@type\":\"EntryPoint\",\"urlTemplate\":\"https:\/\/potenciaradiofonicadominicana.com\/portal\/?s={search_term_string}\"},\"query-input\":{\"@type\":\"PropertyValueSpecification\",\"valueRequired\":true,\"valueName\":\"search_term_string\"}}],\"inLanguage\":\"es\"},{\"@type\":\"Organization\",\"@id\":\"https:\/\/potenciaradiofonicadominicana.com\/portal\/#organization\",\"name\":\"PotenciaRadiofonicaDominicana.com\",\"url\":\"https:\/\/potenciaradiofonicadominicana.com\/portal\/\",\"logo\":{\"@type\":\"ImageObject\",\"inLanguage\":\"es\",\"@id\":\"https:\/\/potenciaradiofonicadominicana.com\/portal\/#\/schema\/logo\/image\/\",\"url\":\"https:\/\/potenciaradiofonicadominicana.com\/portal\/wp-content\/uploads\/2022\/01\/descarga.png\",\"contentUrl\":\"https:\/\/potenciaradiofonicadominicana.com\/portal\/wp-content\/uploads\/2022\/01\/descarga.png\",\"width\":300,\"height\":100,\"caption\":\"PotenciaRadiofonicaDominicana.com\"},\"image\":{\"@id\":\"https:\/\/potenciaradiofonicadominicana.com\/portal\/#\/schema\/logo\/image\/\"},\"sameAs\":[\"https:\/\/web.facebook.com\/PotenciaRadiofonicaD\"]},{\"@type\":\"Person\",\"@id\":\"https:\/\/potenciaradiofonicadominicana.com\/portal\/#\/schema\/person\/a5cf1fea13877803ee0573ac18b03490\",\"name\":\"Potencia Radiof\u00f3nica Dominicana\",\"image\":{\"@type\":\"ImageObject\",\"inLanguage\":\"es\",\"@id\":\"https:\/\/potenciaradiofonicadominicana.com\/portal\/#\/schema\/person\/image\/\",\"url\":\"https:\/\/secure.gravatar.com\/avatar\/42a55ab9e8ccc656ba34cd791990602a?s=96&d=mm&r=g\",\"contentUrl\":\"https:\/\/secure.gravatar.com\/avatar\/42a55ab9e8ccc656ba34cd791990602a?s=96&d=mm&r=g\",\"caption\":\"Potencia Radiof\u00f3nica Dominicana\"},\"url\":\"https:\/\/potenciaradiofonicadominicana.com\/portal\/author\/johannyalmanzar\/\"}]}<\/script>\n<!-- \/ Yoast SEO plugin. -->","yoast_head_json":{"title":"A partir de este martes la renovaci\u00f3n del marbete ser\u00e1 con recargo - PotenciaRadiofonicaDominicana.com","robots":{"index":"index","follow":"follow","max-snippet":"max-snippet:-1","max-image-preview":"max-image-preview:large","max-video-preview":"max-video-preview:-1"},"canonical":"https:\/\/potenciaradiofonicadominicana.com\/portal\/a-partir-de-este-martes-la-renovacion-del-marbete-sera-con-recargo\/","og_locale":"es_ES","og_type":"article","og_title":"A partir de este martes la renovaci\u00f3n del marbete ser\u00e1 con recargo - PotenciaRadiofonicaDominicana.com","og_description":"Este lunes se vence el plazo para que los propietarios de veh\u00edculos renueven el impuesto de circulaci\u00f3n vehicular (marbete), y ...","og_url":"https:\/\/potenciaradiofonicadominicana.com\/portal\/a-partir-de-este-martes-la-renovacion-del-marbete-sera-con-recargo\/","og_site_name":"PotenciaRadiofonicaDominicana.com","article_publisher":"https:\/\/web.facebook.com\/PotenciaRadiofonicaD","article_published_time":"2022-02-01T21:28:17+00:00","og_image":[{"width":693,"height":370,"url":"https:\/\/potenciaradiofonicadominicana.com\/portal\/wp-content\/uploads\/2022\/02\/digesett-21f0403a-focus-0-0-895-573.jpg","type":"image\/jpeg"}],"author":"Potencia Radiof\u00f3nica Dominicana","twitter_card":"summary_large_image","twitter_misc":{"Escrito por":"Potencia Radiof\u00f3nica Dominicana","Tiempo de lectura":"1 minuto"},"schema":{"@context":"https:\/\/schema.org","@graph":[{"@type":"Article","@id":"https:\/\/potenciaradiofonicadominicana.com\/portal\/a-partir-de-este-martes-la-renovacion-del-marbete-sera-con-recargo\/#article","isPartOf":{"@id":"https:\/\/potenciaradiofonicadominicana.com\/portal\/a-partir-de-este-martes-la-renovacion-del-marbete-sera-con-recargo\/"},"author":{"name":"Potencia Radiof\u00f3nica Dominicana","@id":"https:\/\/potenciaradiofonicadominicana.com\/portal\/#\/schema\/person\/a5cf1fea13877803ee0573ac18b03490"},"headline":"A partir de este martes la renovaci\u00f3n del marbete ser\u00e1 con recargo","datePublished":"2022-02-01T21:28:17+00:00","mainEntityOfPage":{"@id":"https:\/\/potenciaradiofonicadominicana.com\/portal\/a-partir-de-este-martes-la-renovacion-del-marbete-sera-con-recargo\/"},"wordCount":225,"commentCount":0,"publisher":{"@id":"https:\/\/potenciaradiofonicadominicana.com\/portal\/#organization"},"image":{"@id":"https:\/\/potenciaradiofonicadominicana.com\/portal\/a-partir-de-este-martes-la-renovacion-del-marbete-sera-con-recargo\/#primaryimage"},"thumbnailUrl":"https:\/\/potenciaradiofonicadominicana.com\/portal\/wp-content\/uploads\/2022\/02\/digesett-21f0403a-focus-0-0-895-573.jpg","articleSection":["Econom\u00eda"],"inLanguage":"es","potentialAction":[{"@type":"CommentAction","name":"Comment","target":["https:\/\/potenciaradiofonicadominicana.com\/portal\/a-partir-de-este-martes-la-renovacion-del-marbete-sera-con-recargo\/#respond"]}]},{"@type":"WebPage","@id":"https:\/\/potenciaradiofonicadominicana.com\/portal\/a-partir-de-este-martes-la-renovacion-del-marbete-sera-con-recargo\/","url":"https:\/\/potenciaradiofonicadominicana.com\/portal\/a-partir-de-este-martes-la-renovacion-del-marbete-sera-con-recargo\/","name":"A partir de este martes la renovaci\u00f3n del marbete ser\u00e1 con recargo - PotenciaRadiofonicaDominicana.com","isPartOf":{"@id":"https:\/\/potenciaradiofonicadominicana.com\/portal\/#website"},"primaryImageOfPage":{"@id":"https:\/\/potenciaradiofonicadominicana.com\/portal\/a-partir-de-este-martes-la-renovacion-del-marbete-sera-con-recargo\/#primaryimage"},"image":{"@id":"https:\/\/potenciaradiofonicadominicana.com\/portal\/a-partir-de-este-martes-la-renovacion-del-marbete-sera-con-recargo\/#primaryimage"},"thumbnailUrl":"https:\/\/potenciaradiofonicadominicana.com\/portal\/wp-content\/uploads\/2022\/02\/digesett-21f0403a-focus-0-0-895-573.jpg","datePublished":"2022-02-01T21:28:17+00:00","breadcrumb":{"@id":"https:\/\/potenciaradiofonicadominicana.com\/portal\/a-partir-de-este-martes-la-renovacion-del-marbete-sera-con-recargo\/#breadcrumb"},"inLanguage":"es","potentialAction":[{"@type":"ReadAction","target":["https:\/\/potenciaradiofonicadominicana.com\/portal\/a-partir-de-este-martes-la-renovacion-del-marbete-sera-con-recargo\/"]}]},{"@type":"ImageObject","inLanguage":"es","@id":"https:\/\/potenciaradiofonicadominicana.com\/portal\/a-partir-de-este-martes-la-renovacion-del-marbete-sera-con-recargo\/#primaryimage","url":"https:\/\/potenciaradiofonicadominicana.com\/portal\/wp-content\/uploads\/2022\/02\/digesett-21f0403a-focus-0-0-895-573.jpg","contentUrl":"https:\/\/potenciaradiofonicadominicana.com\/portal\/wp-content\/uploads\/2022\/02\/digesett-21f0403a-focus-0-0-895-573.jpg","width":693,"height":370},{"@type":"BreadcrumbList","@id":"https:\/\/potenciaradiofonicadominicana.com\/portal\/a-partir-de-este-martes-la-renovacion-del-marbete-sera-con-recargo\/#breadcrumb","itemListElement":[{"@type":"ListItem","position":1,"name":"Portada","item":"https:\/\/potenciaradiofonicadominicana.com\/portal\/"},{"@type":"ListItem","position":2,"name":"A partir de este martes la renovaci\u00f3n del marbete ser\u00e1 con recargo"}]},{"@type":"WebSite","@id":"https:\/\/potenciaradiofonicadominicana.com\/portal\/#website","url":"https:\/\/potenciaradiofonicadominicana.com\/portal\/","name":"PotenciaRadiofonicaDominicana.com","description":"Peri\u00f3dico Digital","publisher":{"@id":"https:\/\/potenciaradiofonicadominicana.com\/portal\/#organization"},"potentialAction":[{"@type":"SearchAction","target":{"@type":"EntryPoint","urlTemplate":"https:\/\/potenciaradiofonicadominicana.com\/portal\/?s={search_term_string}"},"query-input":{"@type":"PropertyValueSpecification","valueRequired":true,"valueName":"search_term_string"}}],"inLanguage":"es"},{"@type":"Organization","@id":"https:\/\/potenciaradiofonicadominicana.com\/portal\/#organization","name":"PotenciaRadiofonicaDominicana.com","url":"https:\/\/potenciaradiofonicadominicana.com\/portal\/","logo":{"@type":"ImageObject","inLanguage":"es","@id":"https:\/\/potenciaradiofonicadominicana.com\/portal\/#\/schema\/logo\/image\/","url":"https:\/\/potenciaradiofonicadominicana.com\/portal\/wp-content\/uploads\/2022\/01\/descarga.png","contentUrl":"https:\/\/potenciaradiofonicadominicana.com\/portal\/wp-content\/uploads\/2022\/01\/descarga.png","width":300,"height":100,"caption":"PotenciaRadiofonicaDominicana.com"},"image":{"@id":"https:\/\/potenciaradiofonicadominicana.com\/portal\/#\/schema\/logo\/image\/"},"sameAs":["https:\/\/web.facebook.com\/PotenciaRadiofonicaD"]},{"@type":"Person","@id":"https:\/\/potenciaradiofonicadominicana.com\/portal\/#\/schema\/person\/a5cf1fea13877803ee0573ac18b03490","name":"Potencia Radiof\u00f3nica Dominicana","image":{"@type":"ImageObject","inLanguage":"es","@id":"https:\/\/potenciaradiofonicadominicana.com\/portal\/#\/schema\/person\/image\/","url":"https:\/\/secure.gravatar.com\/avatar\/42a55ab9e8ccc656ba34cd791990602a?s=96&d=mm&r=g","contentUrl":"https:\/\/secure.gravatar.com\/avatar\/42a55ab9e8ccc656ba34cd791990602a?s=96&d=mm&r=g","caption":"Potencia Radiof\u00f3nica Dominicana"},"url":"https:\/\/potenciaradiofonicadominicana.com\/portal\/author\/johannyalmanzar\/"}]}},"_links":{"self":[{"href":"https:\/\/potenciaradiofonicadominicana.com\/portal\/wp-json\/wp\/v2\/posts\/114735","targetHints":{"allow":["GET"]}}],"collection":[{"href":"https:\/\/potenciaradiofonicadominicana.com\/portal\/wp-json\/wp\/v2\/posts"}],"about":[{"href":"https:\/\/potenciaradiofonicadominicana.com\/portal\/wp-json\/wp\/v2\/types\/post"}],"author":[{"embeddable":true,"href":"https:\/\/potenciaradiofonicadominicana.com\/portal\/wp-json\/wp\/v2\/users\/2"}],"replies":[{"embeddable":true,"href":"https:\/\/potenciaradiofonicadominicana.com\/portal\/wp-json\/wp\/v2\/comments?post=114735"}],"version-history":[{"count":1,"href":"https:\/\/potenciaradiofonicadominicana.com\/portal\/wp-json\/wp\/v2\/posts\/114735\/revisions"}],"predecessor-version":[{"id":114739,"href":"https:\/\/potenciaradiofonicadominicana.com\/portal\/wp-json\/wp\/v2\/posts\/114735\/revisions\/114739"}],"wp:featuredmedia":[{"embeddable":true,"href":"https:\/\/potenciaradiofonicadominicana.com\/portal\/wp-json\/wp\/v2\/media\/114737"}],"wp:attachment":[{"href":"https:\/\/potenciaradiofonicadominicana.com\/portal\/wp-json\/wp\/v2\/media?parent=114735"}],"wp:term":[{"taxonomy":"category","embeddable":true,"href":"https:\/\/potenciaradiofonicadominicana.com\/portal\/wp-json\/wp\/v2\/categories?post=114735"},{"taxonomy":"post_tag","embeddable":true,"href":"https:\/\/potenciaradiofonicadominicana.com\/portal\/wp-json\/wp\/v2\/tags?post=114735"}],"curies":[{"name":"wp","href":"https:\/\/api.w.org\/{rel}","templated":true}]}}