{"id":114698,"date":"2022-02-01T14:42:05","date_gmt":"2022-02-01T18:42:05","guid":{"rendered":"https:\/\/potenciaradiofonicadominicana.com\/portal\/?p=114698"},"modified":"2022-02-01T14:42:05","modified_gmt":"2022-02-01T18:42:05","slug":"bcrd-sube-50-puntos-a-la-tasa-de-referencia-van-200-desde-noviembre","status":"publish","type":"post","link":"https:\/\/potenciaradiofonicadominicana.com\/portal\/bcrd-sube-50-puntos-a-la-tasa-de-referencia-van-200-desde-noviembre\/","title":{"rendered":"BCRD sube 50 puntos a la tasa de referencia; van 200 desde noviembre"},"content":{"rendered":"<p><a href=\"https:\/\/potenciaradiofonicadominicana.com\/portal\/wp-content\/uploads\/2022\/02\/71168c6d-banco-central-61f885eada0c5-640x384.jpg\"><img loading=\"lazy\" decoding=\"async\" class=\"alignnone size-full wp-image-114699\" src=\"https:\/\/potenciaradiofonicadominicana.com\/portal\/wp-content\/uploads\/2022\/02\/71168c6d-banco-central-61f885eada0c5-640x384.jpg\" alt=\"\" width=\"640\" height=\"384\" srcset=\"https:\/\/potenciaradiofonicadominicana.com\/portal\/wp-content\/uploads\/2022\/02\/71168c6d-banco-central-61f885eada0c5-640x384.jpg 640w, https:\/\/potenciaradiofonicadominicana.com\/portal\/wp-content\/uploads\/2022\/02\/71168c6d-banco-central-61f885eada0c5-640x384-300x180.jpg 300w, https:\/\/potenciaradiofonicadominicana.com\/portal\/wp-content\/uploads\/2022\/02\/71168c6d-banco-central-61f885eada0c5-640x384-165x100.jpg 165w, https:\/\/potenciaradiofonicadominicana.com\/portal\/wp-content\/uploads\/2022\/02\/71168c6d-banco-central-61f885eada0c5-640x384-400x240.jpg 400w\" sizes=\"auto, (max-width: 640px) 100vw, 640px\" \/><\/a><\/p>\n<p>El Banco Central de la Rep\u00fablica Dominicana (BCRD), volvi\u00f3 a elevar su tasa de pol\u00edtica monetaria, que es una tasa de referencia. Esta vez la pas\u00f3 de 4.50 a 5.00 % anual (50 puntos b\u00e1sicos).<span id=\"more-1256855\"><\/span><br \/>\nTom\u00f3 la decisi\u00f3n en su reuni\u00f3n de pol\u00edtica monetaria de enero de 2022, seg\u00fan inform\u00f3 entrada la noche de ayer en un documento de prensa.<\/p>\n<p>Dijo que la medida de elevar la tasa se enmarca en el plan de normalizaci\u00f3n de la pol\u00edtica monetaria que est\u00e1 implementando con el prop\u00f3sito de moderar los choques sobre los precios y contribuir a la convergencia de la inflaci\u00f3n al rango meta, en un contexto de alto dinamismo de la actividad econ\u00f3mica.<\/p>\n<p>El nuevo incremento en 50 puntos b\u00e1sicos en la tasa de pol\u00edtica monetaria, junto al incremento de 150 puntos b\u00e1sicos en los meses de noviembre y diciembre, ubican la tasa de referencia en 5.00 % anual. De este modo, la tasa de la facilidad permanente de expansi\u00f3n de liquidez (Repos a 1 d\u00eda) aumenta de 5.00 % a 5.50 % anual y la tasa de dep\u00f3sitos remunerados (Overnight) de 4.00 % a 4.50 % anual.<\/p>\n<p>El banco reiter\u00f3 ayer que tiene el compromiso de conducir la pol\u00edtica monetaria hacia el logro de su meta de inflaci\u00f3n y el buen funcionamiento de los sistemas financiero y de pagos. Garantiz\u00f3 que se mantendr\u00e1 dando especial seguimiento al entorno macroecon\u00f3mico y a la evoluci\u00f3n de las presiones inflacionarias, con el prop\u00f3sito de adoptar las medidas necesarias ante factores que puedan poner en riesgo la estabilidad de precios.<\/p>\n<p>Esta decisi\u00f3n, seg\u00fan inform\u00f3 el emisor, se basa en una evaluaci\u00f3n exhaustiva del comportamiento de que registra la econom\u00eda a nivel mundial, la mayor persistencia de las presiones inflacionarias y las perspectivas de las condiciones financieras internacionales.<\/p>\n<p>\u201cEn ese orden, la din\u00e1mica de los precios contin\u00faa siendo afectada por choques externos m\u00e1s permanentes de lo previsto, asociados a mayores precios del petr\u00f3leo y de otras materias primas importantes para la producci\u00f3n local, as\u00ed como al incremento en el costo global del transporte de contenedores y otras disrupciones en las cadenas de suministros\u201d, dijo el BCRD.<\/p>\n<p>En su actualizaci\u00f3n m\u00e1s reciente de las Perspectivas Econ\u00f3micas Mundiales el Fondo Monetario Internacional (FMI) revis\u00f3 a la baja los pron\u00f3sticos de crecimiento mundial para el presente a\u00f1o 2022 de 4.9 % a 4.4 %.<\/p>\n<p>\u201cEn Estados Unidos de Am\u00e9rica, nuestro principal socio comercial, la econom\u00eda se expandi\u00f3 en 5.7 % en el a\u00f1o 2021, proyect\u00e1ndose un crecimiento de 4.0 % para 2022, seg\u00fan el FMI. En tanto, la inflaci\u00f3n en ese pa\u00eds alcanz\u00f3 7.0 % en diciembre, la m\u00e1s alta en casi cuatro d\u00e9cadas y m\u00e1s de tres veces por encima de su meta de 2.0 %. En este contexto, la Reserva Federal en su m\u00e1s reciente reuni\u00f3n indic\u00f3 que finalizar\u00eda su programa de compra mensual de activos financieros en el mes de marzo y que prev\u00e9 incrementos en la tasa de fondos federales en el futuro cercano\u201d, apunt\u00f3 el banco en su documento de prensa.<\/p>\n<p>Asegur\u00f3, de otro lado, que la actividad econ\u00f3mica en la Zona Euro se expandi\u00f3 en 5.2 % en 2021 y se proyecta un crecimiento de 3.9 % en 2022, de acuerdo con el FMI. Mientras, la inflaci\u00f3n se ubica en 5.0 % en diciembre de 2021, la m\u00e1s alta en la historia de este bloque de pa\u00edses. Si bien la tasa de dep\u00f3sitos overnight permanece en -0.50 % anual, el Banco Central Europeo anunci\u00f3 que finalizar\u00eda en marzo de 2022 el programa de emergencia por la pandemia de compra de activos financieros.<\/p>\n","protected":false},"excerpt":{"rendered":"<p>El Banco Central de la Rep\u00fablica Dominicana (BCRD), volvi\u00f3 a elevar su tasa de pol\u00edtica monetaria, que es una tasa &#8230;<\/p>\n","protected":false},"author":2,"featured_media":114699,"comment_status":"open","ping_status":"open","sticky":false,"template":"","format":"standard","meta":{"footnotes":""},"categories":[26],"tags":[],"class_list":["post-114698","post","type-post","status-publish","format-standard","has-post-thumbnail","hentry","category-economia"],"yoast_head":"<!-- This site is optimized with the Yoast SEO plugin v24.8.1 - https:\/\/yoast.com\/wordpress\/plugins\/seo\/ -->\n<title>BCRD sube 50 puntos a la tasa de referencia; van 200 desde noviembre - PotenciaRadiofonicaDominicana.com<\/title>\n<meta name=\"robots\" content=\"index, follow, max-snippet:-1, max-image-preview:large, max-video-preview:-1\" \/>\n<link rel=\"canonical\" href=\"https:\/\/potenciaradiofonicadominicana.com\/portal\/bcrd-sube-50-puntos-a-la-tasa-de-referencia-van-200-desde-noviembre\/\" \/>\n<meta property=\"og:locale\" content=\"es_ES\" \/>\n<meta property=\"og:type\" content=\"article\" \/>\n<meta property=\"og:title\" content=\"BCRD sube 50 puntos a la tasa de referencia; van 200 desde noviembre - PotenciaRadiofonicaDominicana.com\" \/>\n<meta property=\"og:description\" content=\"El Banco Central de la Rep\u00fablica Dominicana (BCRD), volvi\u00f3 a elevar su tasa de pol\u00edtica monetaria, que es una tasa ...\" \/>\n<meta property=\"og:url\" content=\"https:\/\/potenciaradiofonicadominicana.com\/portal\/bcrd-sube-50-puntos-a-la-tasa-de-referencia-van-200-desde-noviembre\/\" \/>\n<meta property=\"og:site_name\" content=\"PotenciaRadiofonicaDominicana.com\" \/>\n<meta property=\"article:publisher\" content=\"https:\/\/web.facebook.com\/PotenciaRadiofonicaD\" \/>\n<meta property=\"article:published_time\" content=\"2022-02-01T18:42:05+00:00\" \/>\n<meta property=\"og:image\" content=\"https:\/\/potenciaradiofonicadominicana.com\/portal\/wp-content\/uploads\/2022\/02\/71168c6d-banco-central-61f885eada0c5-640x384.jpg\" \/>\n\t<meta property=\"og:image:width\" content=\"640\" \/>\n\t<meta property=\"og:image:height\" content=\"384\" \/>\n\t<meta property=\"og:image:type\" content=\"image\/jpeg\" \/>\n<meta name=\"author\" content=\"Potencia Radiof\u00f3nica Dominicana\" \/>\n<meta name=\"twitter:card\" content=\"summary_large_image\" \/>\n<meta name=\"twitter:label1\" content=\"Escrito por\" \/>\n\t<meta name=\"twitter:data1\" content=\"Potencia Radiof\u00f3nica Dominicana\" \/>\n\t<meta name=\"twitter:label2\" content=\"Tiempo de lectura\" \/>\n\t<meta name=\"twitter:data2\" content=\"3 minutos\" \/>\n<script type=\"application\/ld+json\" class=\"yoast-schema-graph\">{\"@context\":\"https:\/\/schema.org\",\"@graph\":[{\"@type\":\"Article\",\"@id\":\"https:\/\/potenciaradiofonicadominicana.com\/portal\/bcrd-sube-50-puntos-a-la-tasa-de-referencia-van-200-desde-noviembre\/#article\",\"isPartOf\":{\"@id\":\"https:\/\/potenciaradiofonicadominicana.com\/portal\/bcrd-sube-50-puntos-a-la-tasa-de-referencia-van-200-desde-noviembre\/\"},\"author\":{\"name\":\"Potencia Radiof\u00f3nica Dominicana\",\"@id\":\"https:\/\/potenciaradiofonicadominicana.com\/portal\/#\/schema\/person\/a5cf1fea13877803ee0573ac18b03490\"},\"headline\":\"BCRD sube 50 puntos a la tasa de referencia; van 200 desde noviembre\",\"datePublished\":\"2022-02-01T18:42:05+00:00\",\"mainEntityOfPage\":{\"@id\":\"https:\/\/potenciaradiofonicadominicana.com\/portal\/bcrd-sube-50-puntos-a-la-tasa-de-referencia-van-200-desde-noviembre\/\"},\"wordCount\":614,\"commentCount\":0,\"publisher\":{\"@id\":\"https:\/\/potenciaradiofonicadominicana.com\/portal\/#organization\"},\"image\":{\"@id\":\"https:\/\/potenciaradiofonicadominicana.com\/portal\/bcrd-sube-50-puntos-a-la-tasa-de-referencia-van-200-desde-noviembre\/#primaryimage\"},\"thumbnailUrl\":\"https:\/\/potenciaradiofonicadominicana.com\/portal\/wp-content\/uploads\/2022\/02\/71168c6d-banco-central-61f885eada0c5-640x384.jpg\",\"articleSection\":[\"Econom\u00eda\"],\"inLanguage\":\"es\",\"potentialAction\":[{\"@type\":\"CommentAction\",\"name\":\"Comment\",\"target\":[\"https:\/\/potenciaradiofonicadominicana.com\/portal\/bcrd-sube-50-puntos-a-la-tasa-de-referencia-van-200-desde-noviembre\/#respond\"]}]},{\"@type\":\"WebPage\",\"@id\":\"https:\/\/potenciaradiofonicadominicana.com\/portal\/bcrd-sube-50-puntos-a-la-tasa-de-referencia-van-200-desde-noviembre\/\",\"url\":\"https:\/\/potenciaradiofonicadominicana.com\/portal\/bcrd-sube-50-puntos-a-la-tasa-de-referencia-van-200-desde-noviembre\/\",\"name\":\"BCRD sube 50 puntos a la tasa de referencia; van 200 desde noviembre - PotenciaRadiofonicaDominicana.com\",\"isPartOf\":{\"@id\":\"https:\/\/potenciaradiofonicadominicana.com\/portal\/#website\"},\"primaryImageOfPage\":{\"@id\":\"https:\/\/potenciaradiofonicadominicana.com\/portal\/bcrd-sube-50-puntos-a-la-tasa-de-referencia-van-200-desde-noviembre\/#primaryimage\"},\"image\":{\"@id\":\"https:\/\/potenciaradiofonicadominicana.com\/portal\/bcrd-sube-50-puntos-a-la-tasa-de-referencia-van-200-desde-noviembre\/#primaryimage\"},\"thumbnailUrl\":\"https:\/\/potenciaradiofonicadominicana.com\/portal\/wp-content\/uploads\/2022\/02\/71168c6d-banco-central-61f885eada0c5-640x384.jpg\",\"datePublished\":\"2022-02-01T18:42:05+00:00\",\"breadcrumb\":{\"@id\":\"https:\/\/potenciaradiofonicadominicana.com\/portal\/bcrd-sube-50-puntos-a-la-tasa-de-referencia-van-200-desde-noviembre\/#breadcrumb\"},\"inLanguage\":\"es\",\"potentialAction\":[{\"@type\":\"ReadAction\",\"target\":[\"https:\/\/potenciaradiofonicadominicana.com\/portal\/bcrd-sube-50-puntos-a-la-tasa-de-referencia-van-200-desde-noviembre\/\"]}]},{\"@type\":\"ImageObject\",\"inLanguage\":\"es\",\"@id\":\"https:\/\/potenciaradiofonicadominicana.com\/portal\/bcrd-sube-50-puntos-a-la-tasa-de-referencia-van-200-desde-noviembre\/#primaryimage\",\"url\":\"https:\/\/potenciaradiofonicadominicana.com\/portal\/wp-content\/uploads\/2022\/02\/71168c6d-banco-central-61f885eada0c5-640x384.jpg\",\"contentUrl\":\"https:\/\/potenciaradiofonicadominicana.com\/portal\/wp-content\/uploads\/2022\/02\/71168c6d-banco-central-61f885eada0c5-640x384.jpg\",\"width\":640,\"height\":384},{\"@type\":\"BreadcrumbList\",\"@id\":\"https:\/\/potenciaradiofonicadominicana.com\/portal\/bcrd-sube-50-puntos-a-la-tasa-de-referencia-van-200-desde-noviembre\/#breadcrumb\",\"itemListElement\":[{\"@type\":\"ListItem\",\"position\":1,\"name\":\"Portada\",\"item\":\"https:\/\/potenciaradiofonicadominicana.com\/portal\/\"},{\"@type\":\"ListItem\",\"position\":2,\"name\":\"BCRD sube 50 puntos a la tasa de referencia; van 200 desde noviembre\"}]},{\"@type\":\"WebSite\",\"@id\":\"https:\/\/potenciaradiofonicadominicana.com\/portal\/#website\",\"url\":\"https:\/\/potenciaradiofonicadominicana.com\/portal\/\",\"name\":\"PotenciaRadiofonicaDominicana.com\",\"description\":\"Peri\u00f3dico Digital\",\"publisher\":{\"@id\":\"https:\/\/potenciaradiofonicadominicana.com\/portal\/#organization\"},\"potentialAction\":[{\"@type\":\"SearchAction\",\"target\":{\"@type\":\"EntryPoint\",\"urlTemplate\":\"https:\/\/potenciaradiofonicadominicana.com\/portal\/?s={search_term_string}\"},\"query-input\":{\"@type\":\"PropertyValueSpecification\",\"valueRequired\":true,\"valueName\":\"search_term_string\"}}],\"inLanguage\":\"es\"},{\"@type\":\"Organization\",\"@id\":\"https:\/\/potenciaradiofonicadominicana.com\/portal\/#organization\",\"name\":\"PotenciaRadiofonicaDominicana.com\",\"url\":\"https:\/\/potenciaradiofonicadominicana.com\/portal\/\",\"logo\":{\"@type\":\"ImageObject\",\"inLanguage\":\"es\",\"@id\":\"https:\/\/potenciaradiofonicadominicana.com\/portal\/#\/schema\/logo\/image\/\",\"url\":\"https:\/\/potenciaradiofonicadominicana.com\/portal\/wp-content\/uploads\/2022\/01\/descarga.png\",\"contentUrl\":\"https:\/\/potenciaradiofonicadominicana.com\/portal\/wp-content\/uploads\/2022\/01\/descarga.png\",\"width\":300,\"height\":100,\"caption\":\"PotenciaRadiofonicaDominicana.com\"},\"image\":{\"@id\":\"https:\/\/potenciaradiofonicadominicana.com\/portal\/#\/schema\/logo\/image\/\"},\"sameAs\":[\"https:\/\/web.facebook.com\/PotenciaRadiofonicaD\"]},{\"@type\":\"Person\",\"@id\":\"https:\/\/potenciaradiofonicadominicana.com\/portal\/#\/schema\/person\/a5cf1fea13877803ee0573ac18b03490\",\"name\":\"Potencia Radiof\u00f3nica Dominicana\",\"image\":{\"@type\":\"ImageObject\",\"inLanguage\":\"es\",\"@id\":\"https:\/\/potenciaradiofonicadominicana.com\/portal\/#\/schema\/person\/image\/\",\"url\":\"https:\/\/secure.gravatar.com\/avatar\/42a55ab9e8ccc656ba34cd791990602a?s=96&d=mm&r=g\",\"contentUrl\":\"https:\/\/secure.gravatar.com\/avatar\/42a55ab9e8ccc656ba34cd791990602a?s=96&d=mm&r=g\",\"caption\":\"Potencia Radiof\u00f3nica Dominicana\"},\"url\":\"https:\/\/potenciaradiofonicadominicana.com\/portal\/author\/johannyalmanzar\/\"}]}<\/script>\n<!-- \/ Yoast SEO plugin. -->","yoast_head_json":{"title":"BCRD sube 50 puntos a la tasa de referencia; van 200 desde noviembre - PotenciaRadiofonicaDominicana.com","robots":{"index":"index","follow":"follow","max-snippet":"max-snippet:-1","max-image-preview":"max-image-preview:large","max-video-preview":"max-video-preview:-1"},"canonical":"https:\/\/potenciaradiofonicadominicana.com\/portal\/bcrd-sube-50-puntos-a-la-tasa-de-referencia-van-200-desde-noviembre\/","og_locale":"es_ES","og_type":"article","og_title":"BCRD sube 50 puntos a la tasa de referencia; van 200 desde noviembre - PotenciaRadiofonicaDominicana.com","og_description":"El Banco Central de la Rep\u00fablica Dominicana (BCRD), volvi\u00f3 a elevar su tasa de pol\u00edtica monetaria, que es una tasa ...","og_url":"https:\/\/potenciaradiofonicadominicana.com\/portal\/bcrd-sube-50-puntos-a-la-tasa-de-referencia-van-200-desde-noviembre\/","og_site_name":"PotenciaRadiofonicaDominicana.com","article_publisher":"https:\/\/web.facebook.com\/PotenciaRadiofonicaD","article_published_time":"2022-02-01T18:42:05+00:00","og_image":[{"width":640,"height":384,"url":"https:\/\/potenciaradiofonicadominicana.com\/portal\/wp-content\/uploads\/2022\/02\/71168c6d-banco-central-61f885eada0c5-640x384.jpg","type":"image\/jpeg"}],"author":"Potencia Radiof\u00f3nica Dominicana","twitter_card":"summary_large_image","twitter_misc":{"Escrito por":"Potencia Radiof\u00f3nica Dominicana","Tiempo de lectura":"3 minutos"},"schema":{"@context":"https:\/\/schema.org","@graph":[{"@type":"Article","@id":"https:\/\/potenciaradiofonicadominicana.com\/portal\/bcrd-sube-50-puntos-a-la-tasa-de-referencia-van-200-desde-noviembre\/#article","isPartOf":{"@id":"https:\/\/potenciaradiofonicadominicana.com\/portal\/bcrd-sube-50-puntos-a-la-tasa-de-referencia-van-200-desde-noviembre\/"},"author":{"name":"Potencia Radiof\u00f3nica Dominicana","@id":"https:\/\/potenciaradiofonicadominicana.com\/portal\/#\/schema\/person\/a5cf1fea13877803ee0573ac18b03490"},"headline":"BCRD sube 50 puntos a la tasa de referencia; van 200 desde noviembre","datePublished":"2022-02-01T18:42:05+00:00","mainEntityOfPage":{"@id":"https:\/\/potenciaradiofonicadominicana.com\/portal\/bcrd-sube-50-puntos-a-la-tasa-de-referencia-van-200-desde-noviembre\/"},"wordCount":614,"commentCount":0,"publisher":{"@id":"https:\/\/potenciaradiofonicadominicana.com\/portal\/#organization"},"image":{"@id":"https:\/\/potenciaradiofonicadominicana.com\/portal\/bcrd-sube-50-puntos-a-la-tasa-de-referencia-van-200-desde-noviembre\/#primaryimage"},"thumbnailUrl":"https:\/\/potenciaradiofonicadominicana.com\/portal\/wp-content\/uploads\/2022\/02\/71168c6d-banco-central-61f885eada0c5-640x384.jpg","articleSection":["Econom\u00eda"],"inLanguage":"es","potentialAction":[{"@type":"CommentAction","name":"Comment","target":["https:\/\/potenciaradiofonicadominicana.com\/portal\/bcrd-sube-50-puntos-a-la-tasa-de-referencia-van-200-desde-noviembre\/#respond"]}]},{"@type":"WebPage","@id":"https:\/\/potenciaradiofonicadominicana.com\/portal\/bcrd-sube-50-puntos-a-la-tasa-de-referencia-van-200-desde-noviembre\/","url":"https:\/\/potenciaradiofonicadominicana.com\/portal\/bcrd-sube-50-puntos-a-la-tasa-de-referencia-van-200-desde-noviembre\/","name":"BCRD sube 50 puntos a la tasa de referencia; van 200 desde noviembre - PotenciaRadiofonicaDominicana.com","isPartOf":{"@id":"https:\/\/potenciaradiofonicadominicana.com\/portal\/#website"},"primaryImageOfPage":{"@id":"https:\/\/potenciaradiofonicadominicana.com\/portal\/bcrd-sube-50-puntos-a-la-tasa-de-referencia-van-200-desde-noviembre\/#primaryimage"},"image":{"@id":"https:\/\/potenciaradiofonicadominicana.com\/portal\/bcrd-sube-50-puntos-a-la-tasa-de-referencia-van-200-desde-noviembre\/#primaryimage"},"thumbnailUrl":"https:\/\/potenciaradiofonicadominicana.com\/portal\/wp-content\/uploads\/2022\/02\/71168c6d-banco-central-61f885eada0c5-640x384.jpg","datePublished":"2022-02-01T18:42:05+00:00","breadcrumb":{"@id":"https:\/\/potenciaradiofonicadominicana.com\/portal\/bcrd-sube-50-puntos-a-la-tasa-de-referencia-van-200-desde-noviembre\/#breadcrumb"},"inLanguage":"es","potentialAction":[{"@type":"ReadAction","target":["https:\/\/potenciaradiofonicadominicana.com\/portal\/bcrd-sube-50-puntos-a-la-tasa-de-referencia-van-200-desde-noviembre\/"]}]},{"@type":"ImageObject","inLanguage":"es","@id":"https:\/\/potenciaradiofonicadominicana.com\/portal\/bcrd-sube-50-puntos-a-la-tasa-de-referencia-van-200-desde-noviembre\/#primaryimage","url":"https:\/\/potenciaradiofonicadominicana.com\/portal\/wp-content\/uploads\/2022\/02\/71168c6d-banco-central-61f885eada0c5-640x384.jpg","contentUrl":"https:\/\/potenciaradiofonicadominicana.com\/portal\/wp-content\/uploads\/2022\/02\/71168c6d-banco-central-61f885eada0c5-640x384.jpg","width":640,"height":384},{"@type":"BreadcrumbList","@id":"https:\/\/potenciaradiofonicadominicana.com\/portal\/bcrd-sube-50-puntos-a-la-tasa-de-referencia-van-200-desde-noviembre\/#breadcrumb","itemListElement":[{"@type":"ListItem","position":1,"name":"Portada","item":"https:\/\/potenciaradiofonicadominicana.com\/portal\/"},{"@type":"ListItem","position":2,"name":"BCRD sube 50 puntos a la tasa de referencia; van 200 desde noviembre"}]},{"@type":"WebSite","@id":"https:\/\/potenciaradiofonicadominicana.com\/portal\/#website","url":"https:\/\/potenciaradiofonicadominicana.com\/portal\/","name":"PotenciaRadiofonicaDominicana.com","description":"Peri\u00f3dico Digital","publisher":{"@id":"https:\/\/potenciaradiofonicadominicana.com\/portal\/#organization"},"potentialAction":[{"@type":"SearchAction","target":{"@type":"EntryPoint","urlTemplate":"https:\/\/potenciaradiofonicadominicana.com\/portal\/?s={search_term_string}"},"query-input":{"@type":"PropertyValueSpecification","valueRequired":true,"valueName":"search_term_string"}}],"inLanguage":"es"},{"@type":"Organization","@id":"https:\/\/potenciaradiofonicadominicana.com\/portal\/#organization","name":"PotenciaRadiofonicaDominicana.com","url":"https:\/\/potenciaradiofonicadominicana.com\/portal\/","logo":{"@type":"ImageObject","inLanguage":"es","@id":"https:\/\/potenciaradiofonicadominicana.com\/portal\/#\/schema\/logo\/image\/","url":"https:\/\/potenciaradiofonicadominicana.com\/portal\/wp-content\/uploads\/2022\/01\/descarga.png","contentUrl":"https:\/\/potenciaradiofonicadominicana.com\/portal\/wp-content\/uploads\/2022\/01\/descarga.png","width":300,"height":100,"caption":"PotenciaRadiofonicaDominicana.com"},"image":{"@id":"https:\/\/potenciaradiofonicadominicana.com\/portal\/#\/schema\/logo\/image\/"},"sameAs":["https:\/\/web.facebook.com\/PotenciaRadiofonicaD"]},{"@type":"Person","@id":"https:\/\/potenciaradiofonicadominicana.com\/portal\/#\/schema\/person\/a5cf1fea13877803ee0573ac18b03490","name":"Potencia Radiof\u00f3nica Dominicana","image":{"@type":"ImageObject","inLanguage":"es","@id":"https:\/\/potenciaradiofonicadominicana.com\/portal\/#\/schema\/person\/image\/","url":"https:\/\/secure.gravatar.com\/avatar\/42a55ab9e8ccc656ba34cd791990602a?s=96&d=mm&r=g","contentUrl":"https:\/\/secure.gravatar.com\/avatar\/42a55ab9e8ccc656ba34cd791990602a?s=96&d=mm&r=g","caption":"Potencia Radiof\u00f3nica Dominicana"},"url":"https:\/\/potenciaradiofonicadominicana.com\/portal\/author\/johannyalmanzar\/"}]}},"_links":{"self":[{"href":"https:\/\/potenciaradiofonicadominicana.com\/portal\/wp-json\/wp\/v2\/posts\/114698","targetHints":{"allow":["GET"]}}],"collection":[{"href":"https:\/\/potenciaradiofonicadominicana.com\/portal\/wp-json\/wp\/v2\/posts"}],"about":[{"href":"https:\/\/potenciaradiofonicadominicana.com\/portal\/wp-json\/wp\/v2\/types\/post"}],"author":[{"embeddable":true,"href":"https:\/\/potenciaradiofonicadominicana.com\/portal\/wp-json\/wp\/v2\/users\/2"}],"replies":[{"embeddable":true,"href":"https:\/\/potenciaradiofonicadominicana.com\/portal\/wp-json\/wp\/v2\/comments?post=114698"}],"version-history":[{"count":1,"href":"https:\/\/potenciaradiofonicadominicana.com\/portal\/wp-json\/wp\/v2\/posts\/114698\/revisions"}],"predecessor-version":[{"id":114700,"href":"https:\/\/potenciaradiofonicadominicana.com\/portal\/wp-json\/wp\/v2\/posts\/114698\/revisions\/114700"}],"wp:featuredmedia":[{"embeddable":true,"href":"https:\/\/potenciaradiofonicadominicana.com\/portal\/wp-json\/wp\/v2\/media\/114699"}],"wp:attachment":[{"href":"https:\/\/potenciaradiofonicadominicana.com\/portal\/wp-json\/wp\/v2\/media?parent=114698"}],"wp:term":[{"taxonomy":"category","embeddable":true,"href":"https:\/\/potenciaradiofonicadominicana.com\/portal\/wp-json\/wp\/v2\/categories?post=114698"},{"taxonomy":"post_tag","embeddable":true,"href":"https:\/\/potenciaradiofonicadominicana.com\/portal\/wp-json\/wp\/v2\/tags?post=114698"}],"curies":[{"name":"wp","href":"https:\/\/api.w.org\/{rel}","templated":true}]}}