{"id":114544,"date":"2022-01-31T09:09:26","date_gmt":"2022-01-31T13:09:26","guid":{"rendered":"https:\/\/potenciaradiofonicadominicana.com\/portal\/?p=114544"},"modified":"2022-01-31T09:09:26","modified_gmt":"2022-01-31T13:09:26","slug":"pro-consumidor-buscara-y-sancionara-a-negocios-que-cobran-comision-por-pagar-con-tarjeta-de-credito","status":"publish","type":"post","link":"https:\/\/potenciaradiofonicadominicana.com\/portal\/pro-consumidor-buscara-y-sancionara-a-negocios-que-cobran-comision-por-pagar-con-tarjeta-de-credito\/","title":{"rendered":"Pro Consumidor buscar\u00e1 y sancionar\u00e1 a negocios que cobran comisi\u00f3n por pagar con tarjeta de cr\u00e9dito"},"content":{"rendered":"<p><a href=\"https:\/\/potenciaradiofonicadominicana.com\/portal\/wp-content\/uploads\/2022\/01\/foto-el-director-ejecutivo-de-pro-consumidor-doctor-eddy-alc\u00e1ntara-2-4989def8-focus-min0.05-0.42-895-573.jpg\"><img loading=\"lazy\" decoding=\"async\" class=\"alignnone size-full wp-image-114550\" src=\"https:\/\/potenciaradiofonicadominicana.com\/portal\/wp-content\/uploads\/2022\/01\/foto-el-director-ejecutivo-de-pro-consumidor-doctor-eddy-alc\u00e1ntara-2-4989def8-focus-min0.05-0.42-895-573.jpg\" alt=\"\" width=\"895\" height=\"573\" srcset=\"https:\/\/potenciaradiofonicadominicana.com\/portal\/wp-content\/uploads\/2022\/01\/foto-el-director-ejecutivo-de-pro-consumidor-doctor-eddy-alc\u00e1ntara-2-4989def8-focus-min0.05-0.42-895-573.jpg 895w, https:\/\/potenciaradiofonicadominicana.com\/portal\/wp-content\/uploads\/2022\/01\/foto-el-director-ejecutivo-de-pro-consumidor-doctor-eddy-alc\u00e1ntara-2-4989def8-focus-min0.05-0.42-895-573-300x192.jpg 300w, https:\/\/potenciaradiofonicadominicana.com\/portal\/wp-content\/uploads\/2022\/01\/foto-el-director-ejecutivo-de-pro-consumidor-doctor-eddy-alc\u00e1ntara-2-4989def8-focus-min0.05-0.42-895-573-768x492.jpg 768w\" sizes=\"auto, (max-width: 895px) 100vw, 895px\" \/><\/a><\/p>\n<p>El Instituto Nacional de Protecci\u00f3n de los Derechos del Consumidor (Pro Consumidor) advirti\u00f3 hoy que es \u201cilegal y abusiva\u201d la pr\u00e1ctica de algunos establecimientos comerciales de cobrar\u00a0comisi\u00f3n\u00a0o excedente a los usuarios que pagan con tarjetas de cr\u00e9dito, por lo que anunci\u00f3 que ser\u00e1n sancionados los negocios que incurran en esa irregularidad en detrimento de los bolsillos de los\u00a0consumidores.<\/p>\n<p>En ese sentido, el director ejecutivo de\u00a0Pro Consumidor, Eddy Alc\u00e1ntara, dijo que a partir del 1 de febrero estar\u00e1n realizando operativos para detectar los establecimientos que incurren en esta irregularidad de cobrar\u00a0comisi\u00f3n\u00a0cuando se paga con\u00a0tarjeta de cr\u00e9dito, en algunos casos entre el 5 % y el 18 % por encima del valor total de la compra o servicio, \u201cpara proceder inmediatamente a ser sancionados, incluyendo el riesgo de ser clausurados de forma temporal o definitiva en caso de reincidencia\u201d.<\/p>\n<p>En una nota de prensa, sostuvo que esos comercios violan lo establecido en la Ley 358-05 de protecci\u00f3n al consumidor, \u201ccuya prohibici\u00f3n se consigna en el art\u00edculo 87 que se\u00f1ala que los precios no podr\u00e1n ser modificados en funci\u00f3n del medio de pago utilizado\u201d.<\/p>\n<p>Alc\u00e1ntara manifest\u00f3 que esa instituci\u00f3n viene recibiendo quejas constantes de negocios \u00abque incurren en esta pr\u00e1ctica il\u00edcita, arbitraria e injusta en perjuicio de los\u00a0consumidores\u00bb.<\/p>\n<p>El funcionario precis\u00f3 que aplicar\u00e1n sanciones dr\u00e1sticas establecidas por la norma que protege los derechos de los\u00a0consumidores\u00a0a los negocios que se determinen que est\u00e9n cobrando comisiones o excedentes por encima del monto total de la compra por el solo hecho de pagarse con\u00a0tarjeta de cr\u00e9dito.<\/p>\n<p>El director de\u00a0Pro Consumidor\u00a0exhort\u00f3 a los\u00a0consumidores\u00a0afectados con esta pr\u00e1ctica a interponer sus denuncias en la entidad, presentando facturas y \u00a0comprobante del cargo a la\u00a0tarjeta de cr\u00e9dito, lo que dijo servir\u00e1n como elemento de prueba para sustentar la reclamaci\u00f3n.<\/p>\n<p>Acot\u00f3, finalmente, que la misma normativa que crea a la entidad defensora de los\u00a0consumidores\u00a0establece una serie de responsabilidades y obligaciones a cargo de los proveedores, cuyo incumplimiento se consideran infracciones en materia de consumo.<\/p>\n","protected":false},"excerpt":{"rendered":"<p>El Instituto Nacional de Protecci\u00f3n de los Derechos del Consumidor (Pro Consumidor) advirti\u00f3 hoy que es \u201cilegal y abusiva\u201d la &#8230;<\/p>\n","protected":false},"author":2,"featured_media":114550,"comment_status":"open","ping_status":"open","sticky":false,"template":"","format":"standard","meta":{"footnotes":""},"categories":[26],"tags":[],"class_list":["post-114544","post","type-post","status-publish","format-standard","has-post-thumbnail","hentry","category-economia"],"yoast_head":"<!-- This site is optimized with the Yoast SEO plugin v24.8.1 - https:\/\/yoast.com\/wordpress\/plugins\/seo\/ -->\n<title>Pro Consumidor buscar\u00e1 y sancionar\u00e1 a negocios que cobran comisi\u00f3n por pagar con tarjeta de cr\u00e9dito - PotenciaRadiofonicaDominicana.com<\/title>\n<meta name=\"robots\" content=\"index, follow, max-snippet:-1, max-image-preview:large, max-video-preview:-1\" \/>\n<link rel=\"canonical\" href=\"https:\/\/potenciaradiofonicadominicana.com\/portal\/pro-consumidor-buscara-y-sancionara-a-negocios-que-cobran-comision-por-pagar-con-tarjeta-de-credito\/\" \/>\n<meta property=\"og:locale\" content=\"es_ES\" \/>\n<meta property=\"og:type\" content=\"article\" \/>\n<meta property=\"og:title\" content=\"Pro Consumidor buscar\u00e1 y sancionar\u00e1 a negocios que cobran comisi\u00f3n por pagar con tarjeta de cr\u00e9dito - PotenciaRadiofonicaDominicana.com\" \/>\n<meta property=\"og:description\" content=\"El Instituto Nacional de Protecci\u00f3n de los Derechos del Consumidor (Pro Consumidor) advirti\u00f3 hoy que es \u201cilegal y abusiva\u201d la ...\" \/>\n<meta property=\"og:url\" content=\"https:\/\/potenciaradiofonicadominicana.com\/portal\/pro-consumidor-buscara-y-sancionara-a-negocios-que-cobran-comision-por-pagar-con-tarjeta-de-credito\/\" \/>\n<meta property=\"og:site_name\" content=\"PotenciaRadiofonicaDominicana.com\" \/>\n<meta property=\"article:publisher\" content=\"https:\/\/web.facebook.com\/PotenciaRadiofonicaD\" \/>\n<meta property=\"article:published_time\" content=\"2022-01-31T13:09:26+00:00\" \/>\n<meta property=\"og:image\" content=\"https:\/\/potenciaradiofonicadominicana.com\/portal\/wp-content\/uploads\/2022\/01\/foto-el-director-ejecutivo-de-pro-consumidor-doctor-eddy-alc\u00e1ntara-2-4989def8-focus-min0.05-0.42-895-573.jpg\" \/>\n\t<meta property=\"og:image:width\" content=\"895\" \/>\n\t<meta property=\"og:image:height\" content=\"573\" \/>\n\t<meta property=\"og:image:type\" content=\"image\/jpeg\" \/>\n<meta name=\"author\" content=\"Potencia Radiof\u00f3nica Dominicana\" \/>\n<meta name=\"twitter:card\" content=\"summary_large_image\" \/>\n<meta name=\"twitter:label1\" content=\"Escrito por\" \/>\n\t<meta name=\"twitter:data1\" content=\"Potencia Radiof\u00f3nica Dominicana\" \/>\n\t<meta name=\"twitter:label2\" content=\"Tiempo de lectura\" \/>\n\t<meta name=\"twitter:data2\" content=\"2 minutos\" \/>\n<script type=\"application\/ld+json\" class=\"yoast-schema-graph\">{\"@context\":\"https:\/\/schema.org\",\"@graph\":[{\"@type\":\"Article\",\"@id\":\"https:\/\/potenciaradiofonicadominicana.com\/portal\/pro-consumidor-buscara-y-sancionara-a-negocios-que-cobran-comision-por-pagar-con-tarjeta-de-credito\/#article\",\"isPartOf\":{\"@id\":\"https:\/\/potenciaradiofonicadominicana.com\/portal\/pro-consumidor-buscara-y-sancionara-a-negocios-que-cobran-comision-por-pagar-con-tarjeta-de-credito\/\"},\"author\":{\"name\":\"Potencia Radiof\u00f3nica Dominicana\",\"@id\":\"https:\/\/potenciaradiofonicadominicana.com\/portal\/#\/schema\/person\/a5cf1fea13877803ee0573ac18b03490\"},\"headline\":\"Pro Consumidor buscar\u00e1 y sancionar\u00e1 a negocios que cobran comisi\u00f3n por pagar con tarjeta de cr\u00e9dito\",\"datePublished\":\"2022-01-31T13:09:26+00:00\",\"mainEntityOfPage\":{\"@id\":\"https:\/\/potenciaradiofonicadominicana.com\/portal\/pro-consumidor-buscara-y-sancionara-a-negocios-que-cobran-comision-por-pagar-con-tarjeta-de-credito\/\"},\"wordCount\":379,\"commentCount\":0,\"publisher\":{\"@id\":\"https:\/\/potenciaradiofonicadominicana.com\/portal\/#organization\"},\"image\":{\"@id\":\"https:\/\/potenciaradiofonicadominicana.com\/portal\/pro-consumidor-buscara-y-sancionara-a-negocios-que-cobran-comision-por-pagar-con-tarjeta-de-credito\/#primaryimage\"},\"thumbnailUrl\":\"https:\/\/potenciaradiofonicadominicana.com\/portal\/wp-content\/uploads\/2022\/01\/foto-el-director-ejecutivo-de-pro-consumidor-doctor-eddy-alc\u00e1ntara-2-4989def8-focus-min0.05-0.42-895-573.jpg\",\"articleSection\":[\"Econom\u00eda\"],\"inLanguage\":\"es\",\"potentialAction\":[{\"@type\":\"CommentAction\",\"name\":\"Comment\",\"target\":[\"https:\/\/potenciaradiofonicadominicana.com\/portal\/pro-consumidor-buscara-y-sancionara-a-negocios-que-cobran-comision-por-pagar-con-tarjeta-de-credito\/#respond\"]}]},{\"@type\":\"WebPage\",\"@id\":\"https:\/\/potenciaradiofonicadominicana.com\/portal\/pro-consumidor-buscara-y-sancionara-a-negocios-que-cobran-comision-por-pagar-con-tarjeta-de-credito\/\",\"url\":\"https:\/\/potenciaradiofonicadominicana.com\/portal\/pro-consumidor-buscara-y-sancionara-a-negocios-que-cobran-comision-por-pagar-con-tarjeta-de-credito\/\",\"name\":\"Pro Consumidor buscar\u00e1 y sancionar\u00e1 a negocios que cobran comisi\u00f3n por pagar con tarjeta de cr\u00e9dito - PotenciaRadiofonicaDominicana.com\",\"isPartOf\":{\"@id\":\"https:\/\/potenciaradiofonicadominicana.com\/portal\/#website\"},\"primaryImageOfPage\":{\"@id\":\"https:\/\/potenciaradiofonicadominicana.com\/portal\/pro-consumidor-buscara-y-sancionara-a-negocios-que-cobran-comision-por-pagar-con-tarjeta-de-credito\/#primaryimage\"},\"image\":{\"@id\":\"https:\/\/potenciaradiofonicadominicana.com\/portal\/pro-consumidor-buscara-y-sancionara-a-negocios-que-cobran-comision-por-pagar-con-tarjeta-de-credito\/#primaryimage\"},\"thumbnailUrl\":\"https:\/\/potenciaradiofonicadominicana.com\/portal\/wp-content\/uploads\/2022\/01\/foto-el-director-ejecutivo-de-pro-consumidor-doctor-eddy-alc\u00e1ntara-2-4989def8-focus-min0.05-0.42-895-573.jpg\",\"datePublished\":\"2022-01-31T13:09:26+00:00\",\"breadcrumb\":{\"@id\":\"https:\/\/potenciaradiofonicadominicana.com\/portal\/pro-consumidor-buscara-y-sancionara-a-negocios-que-cobran-comision-por-pagar-con-tarjeta-de-credito\/#breadcrumb\"},\"inLanguage\":\"es\",\"potentialAction\":[{\"@type\":\"ReadAction\",\"target\":[\"https:\/\/potenciaradiofonicadominicana.com\/portal\/pro-consumidor-buscara-y-sancionara-a-negocios-que-cobran-comision-por-pagar-con-tarjeta-de-credito\/\"]}]},{\"@type\":\"ImageObject\",\"inLanguage\":\"es\",\"@id\":\"https:\/\/potenciaradiofonicadominicana.com\/portal\/pro-consumidor-buscara-y-sancionara-a-negocios-que-cobran-comision-por-pagar-con-tarjeta-de-credito\/#primaryimage\",\"url\":\"https:\/\/potenciaradiofonicadominicana.com\/portal\/wp-content\/uploads\/2022\/01\/foto-el-director-ejecutivo-de-pro-consumidor-doctor-eddy-alc\u00e1ntara-2-4989def8-focus-min0.05-0.42-895-573.jpg\",\"contentUrl\":\"https:\/\/potenciaradiofonicadominicana.com\/portal\/wp-content\/uploads\/2022\/01\/foto-el-director-ejecutivo-de-pro-consumidor-doctor-eddy-alc\u00e1ntara-2-4989def8-focus-min0.05-0.42-895-573.jpg\",\"width\":895,\"height\":573},{\"@type\":\"BreadcrumbList\",\"@id\":\"https:\/\/potenciaradiofonicadominicana.com\/portal\/pro-consumidor-buscara-y-sancionara-a-negocios-que-cobran-comision-por-pagar-con-tarjeta-de-credito\/#breadcrumb\",\"itemListElement\":[{\"@type\":\"ListItem\",\"position\":1,\"name\":\"Portada\",\"item\":\"https:\/\/potenciaradiofonicadominicana.com\/portal\/\"},{\"@type\":\"ListItem\",\"position\":2,\"name\":\"Pro Consumidor buscar\u00e1 y sancionar\u00e1 a negocios que cobran comisi\u00f3n por pagar con tarjeta de cr\u00e9dito\"}]},{\"@type\":\"WebSite\",\"@id\":\"https:\/\/potenciaradiofonicadominicana.com\/portal\/#website\",\"url\":\"https:\/\/potenciaradiofonicadominicana.com\/portal\/\",\"name\":\"PotenciaRadiofonicaDominicana.com\",\"description\":\"Peri\u00f3dico Digital\",\"publisher\":{\"@id\":\"https:\/\/potenciaradiofonicadominicana.com\/portal\/#organization\"},\"potentialAction\":[{\"@type\":\"SearchAction\",\"target\":{\"@type\":\"EntryPoint\",\"urlTemplate\":\"https:\/\/potenciaradiofonicadominicana.com\/portal\/?s={search_term_string}\"},\"query-input\":{\"@type\":\"PropertyValueSpecification\",\"valueRequired\":true,\"valueName\":\"search_term_string\"}}],\"inLanguage\":\"es\"},{\"@type\":\"Organization\",\"@id\":\"https:\/\/potenciaradiofonicadominicana.com\/portal\/#organization\",\"name\":\"PotenciaRadiofonicaDominicana.com\",\"url\":\"https:\/\/potenciaradiofonicadominicana.com\/portal\/\",\"logo\":{\"@type\":\"ImageObject\",\"inLanguage\":\"es\",\"@id\":\"https:\/\/potenciaradiofonicadominicana.com\/portal\/#\/schema\/logo\/image\/\",\"url\":\"https:\/\/potenciaradiofonicadominicana.com\/portal\/wp-content\/uploads\/2022\/01\/descarga.png\",\"contentUrl\":\"https:\/\/potenciaradiofonicadominicana.com\/portal\/wp-content\/uploads\/2022\/01\/descarga.png\",\"width\":300,\"height\":100,\"caption\":\"PotenciaRadiofonicaDominicana.com\"},\"image\":{\"@id\":\"https:\/\/potenciaradiofonicadominicana.com\/portal\/#\/schema\/logo\/image\/\"},\"sameAs\":[\"https:\/\/web.facebook.com\/PotenciaRadiofonicaD\"]},{\"@type\":\"Person\",\"@id\":\"https:\/\/potenciaradiofonicadominicana.com\/portal\/#\/schema\/person\/a5cf1fea13877803ee0573ac18b03490\",\"name\":\"Potencia Radiof\u00f3nica Dominicana\",\"image\":{\"@type\":\"ImageObject\",\"inLanguage\":\"es\",\"@id\":\"https:\/\/potenciaradiofonicadominicana.com\/portal\/#\/schema\/person\/image\/\",\"url\":\"https:\/\/secure.gravatar.com\/avatar\/42a55ab9e8ccc656ba34cd791990602a?s=96&d=mm&r=g\",\"contentUrl\":\"https:\/\/secure.gravatar.com\/avatar\/42a55ab9e8ccc656ba34cd791990602a?s=96&d=mm&r=g\",\"caption\":\"Potencia Radiof\u00f3nica Dominicana\"},\"url\":\"https:\/\/potenciaradiofonicadominicana.com\/portal\/author\/johannyalmanzar\/\"}]}<\/script>\n<!-- \/ Yoast SEO plugin. -->","yoast_head_json":{"title":"Pro Consumidor buscar\u00e1 y sancionar\u00e1 a negocios que cobran comisi\u00f3n por pagar con tarjeta de cr\u00e9dito - PotenciaRadiofonicaDominicana.com","robots":{"index":"index","follow":"follow","max-snippet":"max-snippet:-1","max-image-preview":"max-image-preview:large","max-video-preview":"max-video-preview:-1"},"canonical":"https:\/\/potenciaradiofonicadominicana.com\/portal\/pro-consumidor-buscara-y-sancionara-a-negocios-que-cobran-comision-por-pagar-con-tarjeta-de-credito\/","og_locale":"es_ES","og_type":"article","og_title":"Pro Consumidor buscar\u00e1 y sancionar\u00e1 a negocios que cobran comisi\u00f3n por pagar con tarjeta de cr\u00e9dito - PotenciaRadiofonicaDominicana.com","og_description":"El Instituto Nacional de Protecci\u00f3n de los Derechos del Consumidor (Pro Consumidor) advirti\u00f3 hoy que es \u201cilegal y abusiva\u201d la ...","og_url":"https:\/\/potenciaradiofonicadominicana.com\/portal\/pro-consumidor-buscara-y-sancionara-a-negocios-que-cobran-comision-por-pagar-con-tarjeta-de-credito\/","og_site_name":"PotenciaRadiofonicaDominicana.com","article_publisher":"https:\/\/web.facebook.com\/PotenciaRadiofonicaD","article_published_time":"2022-01-31T13:09:26+00:00","og_image":[{"width":895,"height":573,"url":"https:\/\/potenciaradiofonicadominicana.com\/portal\/wp-content\/uploads\/2022\/01\/foto-el-director-ejecutivo-de-pro-consumidor-doctor-eddy-alc\u00e1ntara-2-4989def8-focus-min0.05-0.42-895-573.jpg","type":"image\/jpeg"}],"author":"Potencia Radiof\u00f3nica Dominicana","twitter_card":"summary_large_image","twitter_misc":{"Escrito por":"Potencia Radiof\u00f3nica Dominicana","Tiempo de lectura":"2 minutos"},"schema":{"@context":"https:\/\/schema.org","@graph":[{"@type":"Article","@id":"https:\/\/potenciaradiofonicadominicana.com\/portal\/pro-consumidor-buscara-y-sancionara-a-negocios-que-cobran-comision-por-pagar-con-tarjeta-de-credito\/#article","isPartOf":{"@id":"https:\/\/potenciaradiofonicadominicana.com\/portal\/pro-consumidor-buscara-y-sancionara-a-negocios-que-cobran-comision-por-pagar-con-tarjeta-de-credito\/"},"author":{"name":"Potencia Radiof\u00f3nica Dominicana","@id":"https:\/\/potenciaradiofonicadominicana.com\/portal\/#\/schema\/person\/a5cf1fea13877803ee0573ac18b03490"},"headline":"Pro Consumidor buscar\u00e1 y sancionar\u00e1 a negocios que cobran comisi\u00f3n por pagar con tarjeta de cr\u00e9dito","datePublished":"2022-01-31T13:09:26+00:00","mainEntityOfPage":{"@id":"https:\/\/potenciaradiofonicadominicana.com\/portal\/pro-consumidor-buscara-y-sancionara-a-negocios-que-cobran-comision-por-pagar-con-tarjeta-de-credito\/"},"wordCount":379,"commentCount":0,"publisher":{"@id":"https:\/\/potenciaradiofonicadominicana.com\/portal\/#organization"},"image":{"@id":"https:\/\/potenciaradiofonicadominicana.com\/portal\/pro-consumidor-buscara-y-sancionara-a-negocios-que-cobran-comision-por-pagar-con-tarjeta-de-credito\/#primaryimage"},"thumbnailUrl":"https:\/\/potenciaradiofonicadominicana.com\/portal\/wp-content\/uploads\/2022\/01\/foto-el-director-ejecutivo-de-pro-consumidor-doctor-eddy-alc\u00e1ntara-2-4989def8-focus-min0.05-0.42-895-573.jpg","articleSection":["Econom\u00eda"],"inLanguage":"es","potentialAction":[{"@type":"CommentAction","name":"Comment","target":["https:\/\/potenciaradiofonicadominicana.com\/portal\/pro-consumidor-buscara-y-sancionara-a-negocios-que-cobran-comision-por-pagar-con-tarjeta-de-credito\/#respond"]}]},{"@type":"WebPage","@id":"https:\/\/potenciaradiofonicadominicana.com\/portal\/pro-consumidor-buscara-y-sancionara-a-negocios-que-cobran-comision-por-pagar-con-tarjeta-de-credito\/","url":"https:\/\/potenciaradiofonicadominicana.com\/portal\/pro-consumidor-buscara-y-sancionara-a-negocios-que-cobran-comision-por-pagar-con-tarjeta-de-credito\/","name":"Pro Consumidor buscar\u00e1 y sancionar\u00e1 a negocios que cobran comisi\u00f3n por pagar con tarjeta de cr\u00e9dito - PotenciaRadiofonicaDominicana.com","isPartOf":{"@id":"https:\/\/potenciaradiofonicadominicana.com\/portal\/#website"},"primaryImageOfPage":{"@id":"https:\/\/potenciaradiofonicadominicana.com\/portal\/pro-consumidor-buscara-y-sancionara-a-negocios-que-cobran-comision-por-pagar-con-tarjeta-de-credito\/#primaryimage"},"image":{"@id":"https:\/\/potenciaradiofonicadominicana.com\/portal\/pro-consumidor-buscara-y-sancionara-a-negocios-que-cobran-comision-por-pagar-con-tarjeta-de-credito\/#primaryimage"},"thumbnailUrl":"https:\/\/potenciaradiofonicadominicana.com\/portal\/wp-content\/uploads\/2022\/01\/foto-el-director-ejecutivo-de-pro-consumidor-doctor-eddy-alc\u00e1ntara-2-4989def8-focus-min0.05-0.42-895-573.jpg","datePublished":"2022-01-31T13:09:26+00:00","breadcrumb":{"@id":"https:\/\/potenciaradiofonicadominicana.com\/portal\/pro-consumidor-buscara-y-sancionara-a-negocios-que-cobran-comision-por-pagar-con-tarjeta-de-credito\/#breadcrumb"},"inLanguage":"es","potentialAction":[{"@type":"ReadAction","target":["https:\/\/potenciaradiofonicadominicana.com\/portal\/pro-consumidor-buscara-y-sancionara-a-negocios-que-cobran-comision-por-pagar-con-tarjeta-de-credito\/"]}]},{"@type":"ImageObject","inLanguage":"es","@id":"https:\/\/potenciaradiofonicadominicana.com\/portal\/pro-consumidor-buscara-y-sancionara-a-negocios-que-cobran-comision-por-pagar-con-tarjeta-de-credito\/#primaryimage","url":"https:\/\/potenciaradiofonicadominicana.com\/portal\/wp-content\/uploads\/2022\/01\/foto-el-director-ejecutivo-de-pro-consumidor-doctor-eddy-alc\u00e1ntara-2-4989def8-focus-min0.05-0.42-895-573.jpg","contentUrl":"https:\/\/potenciaradiofonicadominicana.com\/portal\/wp-content\/uploads\/2022\/01\/foto-el-director-ejecutivo-de-pro-consumidor-doctor-eddy-alc\u00e1ntara-2-4989def8-focus-min0.05-0.42-895-573.jpg","width":895,"height":573},{"@type":"BreadcrumbList","@id":"https:\/\/potenciaradiofonicadominicana.com\/portal\/pro-consumidor-buscara-y-sancionara-a-negocios-que-cobran-comision-por-pagar-con-tarjeta-de-credito\/#breadcrumb","itemListElement":[{"@type":"ListItem","position":1,"name":"Portada","item":"https:\/\/potenciaradiofonicadominicana.com\/portal\/"},{"@type":"ListItem","position":2,"name":"Pro Consumidor buscar\u00e1 y sancionar\u00e1 a negocios que cobran comisi\u00f3n por pagar con tarjeta de cr\u00e9dito"}]},{"@type":"WebSite","@id":"https:\/\/potenciaradiofonicadominicana.com\/portal\/#website","url":"https:\/\/potenciaradiofonicadominicana.com\/portal\/","name":"PotenciaRadiofonicaDominicana.com","description":"Peri\u00f3dico Digital","publisher":{"@id":"https:\/\/potenciaradiofonicadominicana.com\/portal\/#organization"},"potentialAction":[{"@type":"SearchAction","target":{"@type":"EntryPoint","urlTemplate":"https:\/\/potenciaradiofonicadominicana.com\/portal\/?s={search_term_string}"},"query-input":{"@type":"PropertyValueSpecification","valueRequired":true,"valueName":"search_term_string"}}],"inLanguage":"es"},{"@type":"Organization","@id":"https:\/\/potenciaradiofonicadominicana.com\/portal\/#organization","name":"PotenciaRadiofonicaDominicana.com","url":"https:\/\/potenciaradiofonicadominicana.com\/portal\/","logo":{"@type":"ImageObject","inLanguage":"es","@id":"https:\/\/potenciaradiofonicadominicana.com\/portal\/#\/schema\/logo\/image\/","url":"https:\/\/potenciaradiofonicadominicana.com\/portal\/wp-content\/uploads\/2022\/01\/descarga.png","contentUrl":"https:\/\/potenciaradiofonicadominicana.com\/portal\/wp-content\/uploads\/2022\/01\/descarga.png","width":300,"height":100,"caption":"PotenciaRadiofonicaDominicana.com"},"image":{"@id":"https:\/\/potenciaradiofonicadominicana.com\/portal\/#\/schema\/logo\/image\/"},"sameAs":["https:\/\/web.facebook.com\/PotenciaRadiofonicaD"]},{"@type":"Person","@id":"https:\/\/potenciaradiofonicadominicana.com\/portal\/#\/schema\/person\/a5cf1fea13877803ee0573ac18b03490","name":"Potencia Radiof\u00f3nica Dominicana","image":{"@type":"ImageObject","inLanguage":"es","@id":"https:\/\/potenciaradiofonicadominicana.com\/portal\/#\/schema\/person\/image\/","url":"https:\/\/secure.gravatar.com\/avatar\/42a55ab9e8ccc656ba34cd791990602a?s=96&d=mm&r=g","contentUrl":"https:\/\/secure.gravatar.com\/avatar\/42a55ab9e8ccc656ba34cd791990602a?s=96&d=mm&r=g","caption":"Potencia Radiof\u00f3nica Dominicana"},"url":"https:\/\/potenciaradiofonicadominicana.com\/portal\/author\/johannyalmanzar\/"}]}},"_links":{"self":[{"href":"https:\/\/potenciaradiofonicadominicana.com\/portal\/wp-json\/wp\/v2\/posts\/114544","targetHints":{"allow":["GET"]}}],"collection":[{"href":"https:\/\/potenciaradiofonicadominicana.com\/portal\/wp-json\/wp\/v2\/posts"}],"about":[{"href":"https:\/\/potenciaradiofonicadominicana.com\/portal\/wp-json\/wp\/v2\/types\/post"}],"author":[{"embeddable":true,"href":"https:\/\/potenciaradiofonicadominicana.com\/portal\/wp-json\/wp\/v2\/users\/2"}],"replies":[{"embeddable":true,"href":"https:\/\/potenciaradiofonicadominicana.com\/portal\/wp-json\/wp\/v2\/comments?post=114544"}],"version-history":[{"count":1,"href":"https:\/\/potenciaradiofonicadominicana.com\/portal\/wp-json\/wp\/v2\/posts\/114544\/revisions"}],"predecessor-version":[{"id":114552,"href":"https:\/\/potenciaradiofonicadominicana.com\/portal\/wp-json\/wp\/v2\/posts\/114544\/revisions\/114552"}],"wp:featuredmedia":[{"embeddable":true,"href":"https:\/\/potenciaradiofonicadominicana.com\/portal\/wp-json\/wp\/v2\/media\/114550"}],"wp:attachment":[{"href":"https:\/\/potenciaradiofonicadominicana.com\/portal\/wp-json\/wp\/v2\/media?parent=114544"}],"wp:term":[{"taxonomy":"category","embeddable":true,"href":"https:\/\/potenciaradiofonicadominicana.com\/portal\/wp-json\/wp\/v2\/categories?post=114544"},{"taxonomy":"post_tag","embeddable":true,"href":"https:\/\/potenciaradiofonicadominicana.com\/portal\/wp-json\/wp\/v2\/tags?post=114544"}],"curies":[{"name":"wp","href":"https:\/\/api.w.org\/{rel}","templated":true}]}}