{"id":114536,"date":"2022-01-31T09:06:03","date_gmt":"2022-01-31T13:06:03","guid":{"rendered":"https:\/\/potenciaradiofonicadominicana.com\/portal\/?p=114536"},"modified":"2022-01-31T09:06:03","modified_gmt":"2022-01-31T13:06:03","slug":"hoteleros-sugieren-avanzar-en-la-agenda-turistica-para-aprovechar-la-situacion-de-rd","status":"publish","type":"post","link":"https:\/\/potenciaradiofonicadominicana.com\/portal\/hoteleros-sugieren-avanzar-en-la-agenda-turistica-para-aprovechar-la-situacion-de-rd\/","title":{"rendered":"Hoteleros sugieren avanzar en la agenda tur\u00edstica para aprovechar la situaci\u00f3n de RD"},"content":{"rendered":"<p><a href=\"https:\/\/potenciaradiofonicadominicana.com\/portal\/wp-content\/uploads\/2022\/01\/republica-dominicana-tu-507821-f9193215-focus-min0.45-0.25-895-573.jpg\"><img loading=\"lazy\" decoding=\"async\" class=\"alignnone size-full wp-image-114538\" src=\"https:\/\/potenciaradiofonicadominicana.com\/portal\/wp-content\/uploads\/2022\/01\/republica-dominicana-tu-507821-f9193215-focus-min0.45-0.25-895-573.jpg\" alt=\"\" width=\"895\" height=\"573\" srcset=\"https:\/\/potenciaradiofonicadominicana.com\/portal\/wp-content\/uploads\/2022\/01\/republica-dominicana-tu-507821-f9193215-focus-min0.45-0.25-895-573.jpg 895w, https:\/\/potenciaradiofonicadominicana.com\/portal\/wp-content\/uploads\/2022\/01\/republica-dominicana-tu-507821-f9193215-focus-min0.45-0.25-895-573-300x192.jpg 300w, https:\/\/potenciaradiofonicadominicana.com\/portal\/wp-content\/uploads\/2022\/01\/republica-dominicana-tu-507821-f9193215-focus-min0.45-0.25-895-573-768x492.jpg 768w\" sizes=\"auto, (max-width: 895px) 100vw, 895px\" \/><\/a><\/p>\n<p>La recuperaci\u00f3n del\u00a0turismo\u00a0y la econom\u00eda, y su participaci\u00f3n en la Feria Internacional de\u00a0Turismo\u00a0(Fitur), han puesto a la Rep\u00fablica Dominicana en el primer plano del escenario tur\u00edstico mundial. Este auge invita a seguir avanzando para aprovechar esta oportunidad, plante\u00f3 el presidente de la\u00a0Asociaci\u00f3n de Hoteles del Este\u00a0(Asoleste), Ernesto Veloz.<\/p>\n<p>Destac\u00f3 que Rep\u00fablica Dominicana est\u00e1 en un momento estelar y debe avanzar para consolidar la posici\u00f3n alcanzada.<\/p>\n<p>Se\u00f1al\u00f3 que es necesario avanzar con rapidez en algunos temas importantes de la agenda pendientes, que son el cuidado de las playas, el\u00a0ordenamiento territorial\u00a0y la aprobaci\u00f3n del acuerdo con Estados Unidos, para que todos los\u00a0aeropuertos dominicanos\u00a0puedan optar por el beneficio del prechequeo en los vuelos hacia esa naci\u00f3n.<\/p>\n<p>\u00abLa pandemia demostr\u00f3 nuevamente la importancia del mercado estadounidense, por lo que,\u00a0como parte de una estrategia por COVID, la preautorizaci\u00f3n es una herramienta que, sumada a nuestras ventajas comparativas, nos confiere m\u00e1s competitividad y nos coloca en una posici\u00f3n \u00fanica en el Caribe, a la par con las Bahamas y Aruba, y por encima de M\u00e9xico y Jamaica, nuestros principales competidores\u00bb, dijo Veloz.<\/p>\n<p>La preautorizaci\u00f3n, explic\u00f3, al convertir las rutas hacia Estados Unidos en vuelos locales, crear\u00eda facilidades que aumentar\u00edan la penetraci\u00f3n en regiones de esa naci\u00f3n. \u00abPorque podr\u00edamos tener vuelos directos a 60 aeropuertos regionales que sirven mercados de m\u00e1s de un mill\u00f3n de habitantes, diversificando los mercados y minimizando la dependencia de los mercados de la costa este estadounidense\u00bb, observ\u00f3.<\/p>\n<p>Explic\u00f3 que tambi\u00e9n es una decisi\u00f3n ventajosa para las exportaciones de productos agr\u00edcolas perecederos, el comercio y los intercambios de todo tipo entre los Estados Unidos y la Rep\u00fablica Dominicana.<\/p>\n<p>\u00abEs muy importante para Asoleste -dijo Veloz- trabajar en el\u00a0ordenamiento territorial\u00a0y en el cumplimiento de las directrices, para asegurar que las comunidades y \u00e1reas tur\u00edsticas mantengan sus atractivos, y su desarrollo contribuya y no da\u00f1e el\u00a0turismo. Igualmente, avanzar en el control de procesos de arrabalizaci\u00f3n, contaminaci\u00f3n y en el ordenamiento del uso de las playas y todo el litoral\u00bb.<\/p>\n<p>Tambi\u00e9n considera que se precisa para el cuidado de las playas y el\u00a0ordenamiento territorial\u00a0la colaboraci\u00f3n p\u00fablico-privada.<\/p>\n","protected":false},"excerpt":{"rendered":"<p>La recuperaci\u00f3n del\u00a0turismo\u00a0y la econom\u00eda, y su participaci\u00f3n en la Feria Internacional de\u00a0Turismo\u00a0(Fitur), han puesto a la Rep\u00fablica Dominicana en &#8230;<\/p>\n","protected":false},"author":2,"featured_media":114538,"comment_status":"open","ping_status":"open","sticky":false,"template":"","format":"standard","meta":{"footnotes":""},"categories":[26],"tags":[],"class_list":["post-114536","post","type-post","status-publish","format-standard","has-post-thumbnail","hentry","category-economia"],"yoast_head":"<!-- This site is optimized with the Yoast SEO plugin v24.8.1 - https:\/\/yoast.com\/wordpress\/plugins\/seo\/ -->\n<title>Hoteleros sugieren avanzar en la agenda tur\u00edstica para aprovechar la situaci\u00f3n de RD - PotenciaRadiofonicaDominicana.com<\/title>\n<meta name=\"robots\" content=\"index, follow, max-snippet:-1, max-image-preview:large, max-video-preview:-1\" \/>\n<link rel=\"canonical\" href=\"https:\/\/potenciaradiofonicadominicana.com\/portal\/hoteleros-sugieren-avanzar-en-la-agenda-turistica-para-aprovechar-la-situacion-de-rd\/\" \/>\n<meta property=\"og:locale\" content=\"es_ES\" \/>\n<meta property=\"og:type\" content=\"article\" \/>\n<meta property=\"og:title\" content=\"Hoteleros sugieren avanzar en la agenda tur\u00edstica para aprovechar la situaci\u00f3n de RD - PotenciaRadiofonicaDominicana.com\" \/>\n<meta property=\"og:description\" content=\"La recuperaci\u00f3n del\u00a0turismo\u00a0y la econom\u00eda, y su participaci\u00f3n en la Feria Internacional de\u00a0Turismo\u00a0(Fitur), han puesto a la Rep\u00fablica Dominicana en ...\" \/>\n<meta property=\"og:url\" content=\"https:\/\/potenciaradiofonicadominicana.com\/portal\/hoteleros-sugieren-avanzar-en-la-agenda-turistica-para-aprovechar-la-situacion-de-rd\/\" \/>\n<meta property=\"og:site_name\" content=\"PotenciaRadiofonicaDominicana.com\" \/>\n<meta property=\"article:publisher\" content=\"https:\/\/web.facebook.com\/PotenciaRadiofonicaD\" \/>\n<meta property=\"article:published_time\" content=\"2022-01-31T13:06:03+00:00\" \/>\n<meta property=\"og:image\" content=\"https:\/\/potenciaradiofonicadominicana.com\/portal\/wp-content\/uploads\/2022\/01\/republica-dominicana-tu-507821-f9193215-focus-min0.45-0.25-895-573.jpg\" \/>\n\t<meta property=\"og:image:width\" content=\"895\" \/>\n\t<meta property=\"og:image:height\" content=\"573\" \/>\n\t<meta property=\"og:image:type\" content=\"image\/jpeg\" \/>\n<meta name=\"author\" content=\"Potencia Radiof\u00f3nica Dominicana\" \/>\n<meta name=\"twitter:card\" content=\"summary_large_image\" \/>\n<meta name=\"twitter:label1\" content=\"Escrito por\" \/>\n\t<meta name=\"twitter:data1\" content=\"Potencia Radiof\u00f3nica Dominicana\" \/>\n\t<meta name=\"twitter:label2\" content=\"Tiempo de lectura\" \/>\n\t<meta name=\"twitter:data2\" content=\"2 minutos\" \/>\n<script type=\"application\/ld+json\" class=\"yoast-schema-graph\">{\"@context\":\"https:\/\/schema.org\",\"@graph\":[{\"@type\":\"Article\",\"@id\":\"https:\/\/potenciaradiofonicadominicana.com\/portal\/hoteleros-sugieren-avanzar-en-la-agenda-turistica-para-aprovechar-la-situacion-de-rd\/#article\",\"isPartOf\":{\"@id\":\"https:\/\/potenciaradiofonicadominicana.com\/portal\/hoteleros-sugieren-avanzar-en-la-agenda-turistica-para-aprovechar-la-situacion-de-rd\/\"},\"author\":{\"name\":\"Potencia Radiof\u00f3nica Dominicana\",\"@id\":\"https:\/\/potenciaradiofonicadominicana.com\/portal\/#\/schema\/person\/a5cf1fea13877803ee0573ac18b03490\"},\"headline\":\"Hoteleros sugieren avanzar en la agenda tur\u00edstica para aprovechar la situaci\u00f3n de RD\",\"datePublished\":\"2022-01-31T13:06:03+00:00\",\"mainEntityOfPage\":{\"@id\":\"https:\/\/potenciaradiofonicadominicana.com\/portal\/hoteleros-sugieren-avanzar-en-la-agenda-turistica-para-aprovechar-la-situacion-de-rd\/\"},\"wordCount\":404,\"commentCount\":0,\"publisher\":{\"@id\":\"https:\/\/potenciaradiofonicadominicana.com\/portal\/#organization\"},\"image\":{\"@id\":\"https:\/\/potenciaradiofonicadominicana.com\/portal\/hoteleros-sugieren-avanzar-en-la-agenda-turistica-para-aprovechar-la-situacion-de-rd\/#primaryimage\"},\"thumbnailUrl\":\"https:\/\/potenciaradiofonicadominicana.com\/portal\/wp-content\/uploads\/2022\/01\/republica-dominicana-tu-507821-f9193215-focus-min0.45-0.25-895-573.jpg\",\"articleSection\":[\"Econom\u00eda\"],\"inLanguage\":\"es\",\"potentialAction\":[{\"@type\":\"CommentAction\",\"name\":\"Comment\",\"target\":[\"https:\/\/potenciaradiofonicadominicana.com\/portal\/hoteleros-sugieren-avanzar-en-la-agenda-turistica-para-aprovechar-la-situacion-de-rd\/#respond\"]}]},{\"@type\":\"WebPage\",\"@id\":\"https:\/\/potenciaradiofonicadominicana.com\/portal\/hoteleros-sugieren-avanzar-en-la-agenda-turistica-para-aprovechar-la-situacion-de-rd\/\",\"url\":\"https:\/\/potenciaradiofonicadominicana.com\/portal\/hoteleros-sugieren-avanzar-en-la-agenda-turistica-para-aprovechar-la-situacion-de-rd\/\",\"name\":\"Hoteleros sugieren avanzar en la agenda tur\u00edstica para aprovechar la situaci\u00f3n de RD - PotenciaRadiofonicaDominicana.com\",\"isPartOf\":{\"@id\":\"https:\/\/potenciaradiofonicadominicana.com\/portal\/#website\"},\"primaryImageOfPage\":{\"@id\":\"https:\/\/potenciaradiofonicadominicana.com\/portal\/hoteleros-sugieren-avanzar-en-la-agenda-turistica-para-aprovechar-la-situacion-de-rd\/#primaryimage\"},\"image\":{\"@id\":\"https:\/\/potenciaradiofonicadominicana.com\/portal\/hoteleros-sugieren-avanzar-en-la-agenda-turistica-para-aprovechar-la-situacion-de-rd\/#primaryimage\"},\"thumbnailUrl\":\"https:\/\/potenciaradiofonicadominicana.com\/portal\/wp-content\/uploads\/2022\/01\/republica-dominicana-tu-507821-f9193215-focus-min0.45-0.25-895-573.jpg\",\"datePublished\":\"2022-01-31T13:06:03+00:00\",\"breadcrumb\":{\"@id\":\"https:\/\/potenciaradiofonicadominicana.com\/portal\/hoteleros-sugieren-avanzar-en-la-agenda-turistica-para-aprovechar-la-situacion-de-rd\/#breadcrumb\"},\"inLanguage\":\"es\",\"potentialAction\":[{\"@type\":\"ReadAction\",\"target\":[\"https:\/\/potenciaradiofonicadominicana.com\/portal\/hoteleros-sugieren-avanzar-en-la-agenda-turistica-para-aprovechar-la-situacion-de-rd\/\"]}]},{\"@type\":\"ImageObject\",\"inLanguage\":\"es\",\"@id\":\"https:\/\/potenciaradiofonicadominicana.com\/portal\/hoteleros-sugieren-avanzar-en-la-agenda-turistica-para-aprovechar-la-situacion-de-rd\/#primaryimage\",\"url\":\"https:\/\/potenciaradiofonicadominicana.com\/portal\/wp-content\/uploads\/2022\/01\/republica-dominicana-tu-507821-f9193215-focus-min0.45-0.25-895-573.jpg\",\"contentUrl\":\"https:\/\/potenciaradiofonicadominicana.com\/portal\/wp-content\/uploads\/2022\/01\/republica-dominicana-tu-507821-f9193215-focus-min0.45-0.25-895-573.jpg\",\"width\":895,\"height\":573},{\"@type\":\"BreadcrumbList\",\"@id\":\"https:\/\/potenciaradiofonicadominicana.com\/portal\/hoteleros-sugieren-avanzar-en-la-agenda-turistica-para-aprovechar-la-situacion-de-rd\/#breadcrumb\",\"itemListElement\":[{\"@type\":\"ListItem\",\"position\":1,\"name\":\"Portada\",\"item\":\"https:\/\/potenciaradiofonicadominicana.com\/portal\/\"},{\"@type\":\"ListItem\",\"position\":2,\"name\":\"Hoteleros sugieren avanzar en la agenda tur\u00edstica para aprovechar la situaci\u00f3n de RD\"}]},{\"@type\":\"WebSite\",\"@id\":\"https:\/\/potenciaradiofonicadominicana.com\/portal\/#website\",\"url\":\"https:\/\/potenciaradiofonicadominicana.com\/portal\/\",\"name\":\"PotenciaRadiofonicaDominicana.com\",\"description\":\"Peri\u00f3dico Digital\",\"publisher\":{\"@id\":\"https:\/\/potenciaradiofonicadominicana.com\/portal\/#organization\"},\"potentialAction\":[{\"@type\":\"SearchAction\",\"target\":{\"@type\":\"EntryPoint\",\"urlTemplate\":\"https:\/\/potenciaradiofonicadominicana.com\/portal\/?s={search_term_string}\"},\"query-input\":{\"@type\":\"PropertyValueSpecification\",\"valueRequired\":true,\"valueName\":\"search_term_string\"}}],\"inLanguage\":\"es\"},{\"@type\":\"Organization\",\"@id\":\"https:\/\/potenciaradiofonicadominicana.com\/portal\/#organization\",\"name\":\"PotenciaRadiofonicaDominicana.com\",\"url\":\"https:\/\/potenciaradiofonicadominicana.com\/portal\/\",\"logo\":{\"@type\":\"ImageObject\",\"inLanguage\":\"es\",\"@id\":\"https:\/\/potenciaradiofonicadominicana.com\/portal\/#\/schema\/logo\/image\/\",\"url\":\"https:\/\/potenciaradiofonicadominicana.com\/portal\/wp-content\/uploads\/2022\/01\/descarga.png\",\"contentUrl\":\"https:\/\/potenciaradiofonicadominicana.com\/portal\/wp-content\/uploads\/2022\/01\/descarga.png\",\"width\":300,\"height\":100,\"caption\":\"PotenciaRadiofonicaDominicana.com\"},\"image\":{\"@id\":\"https:\/\/potenciaradiofonicadominicana.com\/portal\/#\/schema\/logo\/image\/\"},\"sameAs\":[\"https:\/\/web.facebook.com\/PotenciaRadiofonicaD\"]},{\"@type\":\"Person\",\"@id\":\"https:\/\/potenciaradiofonicadominicana.com\/portal\/#\/schema\/person\/a5cf1fea13877803ee0573ac18b03490\",\"name\":\"Potencia Radiof\u00f3nica Dominicana\",\"image\":{\"@type\":\"ImageObject\",\"inLanguage\":\"es\",\"@id\":\"https:\/\/potenciaradiofonicadominicana.com\/portal\/#\/schema\/person\/image\/\",\"url\":\"https:\/\/secure.gravatar.com\/avatar\/42a55ab9e8ccc656ba34cd791990602a?s=96&d=mm&r=g\",\"contentUrl\":\"https:\/\/secure.gravatar.com\/avatar\/42a55ab9e8ccc656ba34cd791990602a?s=96&d=mm&r=g\",\"caption\":\"Potencia Radiof\u00f3nica Dominicana\"},\"url\":\"https:\/\/potenciaradiofonicadominicana.com\/portal\/author\/johannyalmanzar\/\"}]}<\/script>\n<!-- \/ Yoast SEO plugin. -->","yoast_head_json":{"title":"Hoteleros sugieren avanzar en la agenda tur\u00edstica para aprovechar la situaci\u00f3n de RD - PotenciaRadiofonicaDominicana.com","robots":{"index":"index","follow":"follow","max-snippet":"max-snippet:-1","max-image-preview":"max-image-preview:large","max-video-preview":"max-video-preview:-1"},"canonical":"https:\/\/potenciaradiofonicadominicana.com\/portal\/hoteleros-sugieren-avanzar-en-la-agenda-turistica-para-aprovechar-la-situacion-de-rd\/","og_locale":"es_ES","og_type":"article","og_title":"Hoteleros sugieren avanzar en la agenda tur\u00edstica para aprovechar la situaci\u00f3n de RD - PotenciaRadiofonicaDominicana.com","og_description":"La recuperaci\u00f3n del\u00a0turismo\u00a0y la econom\u00eda, y su participaci\u00f3n en la Feria Internacional de\u00a0Turismo\u00a0(Fitur), han puesto a la Rep\u00fablica Dominicana en ...","og_url":"https:\/\/potenciaradiofonicadominicana.com\/portal\/hoteleros-sugieren-avanzar-en-la-agenda-turistica-para-aprovechar-la-situacion-de-rd\/","og_site_name":"PotenciaRadiofonicaDominicana.com","article_publisher":"https:\/\/web.facebook.com\/PotenciaRadiofonicaD","article_published_time":"2022-01-31T13:06:03+00:00","og_image":[{"width":895,"height":573,"url":"https:\/\/potenciaradiofonicadominicana.com\/portal\/wp-content\/uploads\/2022\/01\/republica-dominicana-tu-507821-f9193215-focus-min0.45-0.25-895-573.jpg","type":"image\/jpeg"}],"author":"Potencia Radiof\u00f3nica Dominicana","twitter_card":"summary_large_image","twitter_misc":{"Escrito por":"Potencia Radiof\u00f3nica Dominicana","Tiempo de lectura":"2 minutos"},"schema":{"@context":"https:\/\/schema.org","@graph":[{"@type":"Article","@id":"https:\/\/potenciaradiofonicadominicana.com\/portal\/hoteleros-sugieren-avanzar-en-la-agenda-turistica-para-aprovechar-la-situacion-de-rd\/#article","isPartOf":{"@id":"https:\/\/potenciaradiofonicadominicana.com\/portal\/hoteleros-sugieren-avanzar-en-la-agenda-turistica-para-aprovechar-la-situacion-de-rd\/"},"author":{"name":"Potencia Radiof\u00f3nica Dominicana","@id":"https:\/\/potenciaradiofonicadominicana.com\/portal\/#\/schema\/person\/a5cf1fea13877803ee0573ac18b03490"},"headline":"Hoteleros sugieren avanzar en la agenda tur\u00edstica para aprovechar la situaci\u00f3n de RD","datePublished":"2022-01-31T13:06:03+00:00","mainEntityOfPage":{"@id":"https:\/\/potenciaradiofonicadominicana.com\/portal\/hoteleros-sugieren-avanzar-en-la-agenda-turistica-para-aprovechar-la-situacion-de-rd\/"},"wordCount":404,"commentCount":0,"publisher":{"@id":"https:\/\/potenciaradiofonicadominicana.com\/portal\/#organization"},"image":{"@id":"https:\/\/potenciaradiofonicadominicana.com\/portal\/hoteleros-sugieren-avanzar-en-la-agenda-turistica-para-aprovechar-la-situacion-de-rd\/#primaryimage"},"thumbnailUrl":"https:\/\/potenciaradiofonicadominicana.com\/portal\/wp-content\/uploads\/2022\/01\/republica-dominicana-tu-507821-f9193215-focus-min0.45-0.25-895-573.jpg","articleSection":["Econom\u00eda"],"inLanguage":"es","potentialAction":[{"@type":"CommentAction","name":"Comment","target":["https:\/\/potenciaradiofonicadominicana.com\/portal\/hoteleros-sugieren-avanzar-en-la-agenda-turistica-para-aprovechar-la-situacion-de-rd\/#respond"]}]},{"@type":"WebPage","@id":"https:\/\/potenciaradiofonicadominicana.com\/portal\/hoteleros-sugieren-avanzar-en-la-agenda-turistica-para-aprovechar-la-situacion-de-rd\/","url":"https:\/\/potenciaradiofonicadominicana.com\/portal\/hoteleros-sugieren-avanzar-en-la-agenda-turistica-para-aprovechar-la-situacion-de-rd\/","name":"Hoteleros sugieren avanzar en la agenda tur\u00edstica para aprovechar la situaci\u00f3n de RD - PotenciaRadiofonicaDominicana.com","isPartOf":{"@id":"https:\/\/potenciaradiofonicadominicana.com\/portal\/#website"},"primaryImageOfPage":{"@id":"https:\/\/potenciaradiofonicadominicana.com\/portal\/hoteleros-sugieren-avanzar-en-la-agenda-turistica-para-aprovechar-la-situacion-de-rd\/#primaryimage"},"image":{"@id":"https:\/\/potenciaradiofonicadominicana.com\/portal\/hoteleros-sugieren-avanzar-en-la-agenda-turistica-para-aprovechar-la-situacion-de-rd\/#primaryimage"},"thumbnailUrl":"https:\/\/potenciaradiofonicadominicana.com\/portal\/wp-content\/uploads\/2022\/01\/republica-dominicana-tu-507821-f9193215-focus-min0.45-0.25-895-573.jpg","datePublished":"2022-01-31T13:06:03+00:00","breadcrumb":{"@id":"https:\/\/potenciaradiofonicadominicana.com\/portal\/hoteleros-sugieren-avanzar-en-la-agenda-turistica-para-aprovechar-la-situacion-de-rd\/#breadcrumb"},"inLanguage":"es","potentialAction":[{"@type":"ReadAction","target":["https:\/\/potenciaradiofonicadominicana.com\/portal\/hoteleros-sugieren-avanzar-en-la-agenda-turistica-para-aprovechar-la-situacion-de-rd\/"]}]},{"@type":"ImageObject","inLanguage":"es","@id":"https:\/\/potenciaradiofonicadominicana.com\/portal\/hoteleros-sugieren-avanzar-en-la-agenda-turistica-para-aprovechar-la-situacion-de-rd\/#primaryimage","url":"https:\/\/potenciaradiofonicadominicana.com\/portal\/wp-content\/uploads\/2022\/01\/republica-dominicana-tu-507821-f9193215-focus-min0.45-0.25-895-573.jpg","contentUrl":"https:\/\/potenciaradiofonicadominicana.com\/portal\/wp-content\/uploads\/2022\/01\/republica-dominicana-tu-507821-f9193215-focus-min0.45-0.25-895-573.jpg","width":895,"height":573},{"@type":"BreadcrumbList","@id":"https:\/\/potenciaradiofonicadominicana.com\/portal\/hoteleros-sugieren-avanzar-en-la-agenda-turistica-para-aprovechar-la-situacion-de-rd\/#breadcrumb","itemListElement":[{"@type":"ListItem","position":1,"name":"Portada","item":"https:\/\/potenciaradiofonicadominicana.com\/portal\/"},{"@type":"ListItem","position":2,"name":"Hoteleros sugieren avanzar en la agenda tur\u00edstica para aprovechar la situaci\u00f3n de RD"}]},{"@type":"WebSite","@id":"https:\/\/potenciaradiofonicadominicana.com\/portal\/#website","url":"https:\/\/potenciaradiofonicadominicana.com\/portal\/","name":"PotenciaRadiofonicaDominicana.com","description":"Peri\u00f3dico Digital","publisher":{"@id":"https:\/\/potenciaradiofonicadominicana.com\/portal\/#organization"},"potentialAction":[{"@type":"SearchAction","target":{"@type":"EntryPoint","urlTemplate":"https:\/\/potenciaradiofonicadominicana.com\/portal\/?s={search_term_string}"},"query-input":{"@type":"PropertyValueSpecification","valueRequired":true,"valueName":"search_term_string"}}],"inLanguage":"es"},{"@type":"Organization","@id":"https:\/\/potenciaradiofonicadominicana.com\/portal\/#organization","name":"PotenciaRadiofonicaDominicana.com","url":"https:\/\/potenciaradiofonicadominicana.com\/portal\/","logo":{"@type":"ImageObject","inLanguage":"es","@id":"https:\/\/potenciaradiofonicadominicana.com\/portal\/#\/schema\/logo\/image\/","url":"https:\/\/potenciaradiofonicadominicana.com\/portal\/wp-content\/uploads\/2022\/01\/descarga.png","contentUrl":"https:\/\/potenciaradiofonicadominicana.com\/portal\/wp-content\/uploads\/2022\/01\/descarga.png","width":300,"height":100,"caption":"PotenciaRadiofonicaDominicana.com"},"image":{"@id":"https:\/\/potenciaradiofonicadominicana.com\/portal\/#\/schema\/logo\/image\/"},"sameAs":["https:\/\/web.facebook.com\/PotenciaRadiofonicaD"]},{"@type":"Person","@id":"https:\/\/potenciaradiofonicadominicana.com\/portal\/#\/schema\/person\/a5cf1fea13877803ee0573ac18b03490","name":"Potencia Radiof\u00f3nica Dominicana","image":{"@type":"ImageObject","inLanguage":"es","@id":"https:\/\/potenciaradiofonicadominicana.com\/portal\/#\/schema\/person\/image\/","url":"https:\/\/secure.gravatar.com\/avatar\/42a55ab9e8ccc656ba34cd791990602a?s=96&d=mm&r=g","contentUrl":"https:\/\/secure.gravatar.com\/avatar\/42a55ab9e8ccc656ba34cd791990602a?s=96&d=mm&r=g","caption":"Potencia Radiof\u00f3nica Dominicana"},"url":"https:\/\/potenciaradiofonicadominicana.com\/portal\/author\/johannyalmanzar\/"}]}},"_links":{"self":[{"href":"https:\/\/potenciaradiofonicadominicana.com\/portal\/wp-json\/wp\/v2\/posts\/114536","targetHints":{"allow":["GET"]}}],"collection":[{"href":"https:\/\/potenciaradiofonicadominicana.com\/portal\/wp-json\/wp\/v2\/posts"}],"about":[{"href":"https:\/\/potenciaradiofonicadominicana.com\/portal\/wp-json\/wp\/v2\/types\/post"}],"author":[{"embeddable":true,"href":"https:\/\/potenciaradiofonicadominicana.com\/portal\/wp-json\/wp\/v2\/users\/2"}],"replies":[{"embeddable":true,"href":"https:\/\/potenciaradiofonicadominicana.com\/portal\/wp-json\/wp\/v2\/comments?post=114536"}],"version-history":[{"count":1,"href":"https:\/\/potenciaradiofonicadominicana.com\/portal\/wp-json\/wp\/v2\/posts\/114536\/revisions"}],"predecessor-version":[{"id":114541,"href":"https:\/\/potenciaradiofonicadominicana.com\/portal\/wp-json\/wp\/v2\/posts\/114536\/revisions\/114541"}],"wp:featuredmedia":[{"embeddable":true,"href":"https:\/\/potenciaradiofonicadominicana.com\/portal\/wp-json\/wp\/v2\/media\/114538"}],"wp:attachment":[{"href":"https:\/\/potenciaradiofonicadominicana.com\/portal\/wp-json\/wp\/v2\/media?parent=114536"}],"wp:term":[{"taxonomy":"category","embeddable":true,"href":"https:\/\/potenciaradiofonicadominicana.com\/portal\/wp-json\/wp\/v2\/categories?post=114536"},{"taxonomy":"post_tag","embeddable":true,"href":"https:\/\/potenciaradiofonicadominicana.com\/portal\/wp-json\/wp\/v2\/tags?post=114536"}],"curies":[{"name":"wp","href":"https:\/\/api.w.org\/{rel}","templated":true}]}}